{"id":251138,"date":"2023-02-13T13:01:56","date_gmt":"2023-02-13T12:01:56","guid":{"rendered":"https:\/\/villarrealcf.es\/\/vota-a-tu-grupo-favorito-de-groc-talent\/"},"modified":"2023-02-13T13:15:00","modified_gmt":"2023-02-13T12:15:00","slug":"vota-al-teu-grup-favorit-de-groc-talent","status":"publish","type":"post","link":"https:\/\/villarrealcf.es\/val\/vota-al-teu-grup-favorit-de-groc-talent\/","title":{"rendered":"Vota al teu grup favorit de Groc Talent!"},"content":{"protected":false,"blocks":[{"type":"heading","level":2,"text":"El Villarreal CF ha donat a con\u00e9ixer les deu bandes participants de la tercera edici\u00f3 d\u2019aquest especial concurs musical"},{"type":"paragraph","text":"El Villarreal CF ha seleccionat a les 10 bandes participants en la tercera edici\u00f3 de Groc Talent, el concurs musical del Villarreal CF en col\u00b7laboraci\u00f3 amb el SanSan Festival, i ha obert aquest dilluns el per\u00edode de votacions, que s\u2019estendr\u00e0 fins al dimarts 28 de febrer."},{"type":"paragraph","text":"En la present edici\u00f3, les bandes provincials participants s\u00f3n les seg\u00fcents: Ortopedia T\u00e9cnica, Generaci\u00f3n Z, Sexy Sugar, Black London, La Aldea Rock, Entre Cuatro, Anora Kito, Rebelodic, SAL4 y Pasqual Riera."},{"type":"paragraph","text":"La votaci\u00f3 oberta fins al 28 de febrer"},{"type":"paragraph","text":"A trav\u00e9s de la web oficial del Villarreal CF, l\u2019afici\u00f3 podr\u00e0 puntuar als seus tres grups o artistes favorits, assignant-los una puntuaci\u00f3 d\u2019una, dues i tres estreles (sent tres la m\u00e0xima puntuaci\u00f3). Les tres bandes m\u00e9s votades pel p\u00fablic actuaran en directe en la gran final, que se celebrar\u00e0 en la Fan Zone de l\u2019Estadio de la Cer\u00e1mica el segon cap de setmana del mes de mar\u00e7, corresponent a la jornada 25 de LaLiga Santander (data exacta encara per confirmar)."},{"type":"paragraph","text":"El guanyador d\u2019aqueixa gran final, que ser\u00e0 decidit per un jurat professional, tindr\u00e0 l\u2019oportunitat de formar part del cartell i actuar en la pr\u00f2xima edici\u00f3 del SanSan Festival de Benic\u00e0ssim (6, 7 i 8 d\u2019abril)."},{"type":"link","url":"https:\/\/villarrealcf.es\/\/val\/groc-talent\/","text":"VOTA jA","target":"_blank"}],"structured":{"summary":{"text":"El Villarreal CF ha donat a con\u00e9ixer les deu bandes participants de la tercera edici\u00f3 d\u2019aquest especial concurs musical El Villarreal CF ha seleccionat a les 10 bandes participants en la tercera edici\u00f3 de Groc Talent, el concurs musical del Villarreal CF en col\u00b7laboraci\u00f3 amb el SanSan Festival, i ha obert aquest dilluns el per\u00edode de votacions, que s\u2019estendr\u00e0 fins al dimarts 28 de febrer. En la present edici\u00f3, les bandes provincials participants s\u00f3n les seg\u00fcents: Ortopedia T\u00e9cnica, Generaci\u00f3n Z, Sexy Sugar, Black London, La Aldea Rock, Entre Cuatro, Anora Kito, Rebelodic, SAL4 y Pasqual Riera. La votaci\u00f3 oberta fins al 28 de febrer A trav\u00e9s de la web oficial del Villarreal CF, l\u2019afici\u00f3 podr\u00e0 puntuar als seus tres grups o artistes favorits, assignant-los una puntuaci\u00f3 d\u2019una, dues i tres estreles (sent tres la m\u00e0xima puntuaci\u00f3). Les tres bandes m\u00e9s votades pel p\u00fablic actuaran en directe en la gran final, que se celebrar\u00e0 en la Fan Zone de l\u2019Estadio de la Cer\u00e1mica el segon cap de setmana del mes de mar\u00e7, corresponent a la jornada 25 de LaLiga Santander (data exacta encara per confirmar). El guanyador d\u2019aqueixa gran final, que ser\u00e0 decidit per un jurat professional, tindr\u00e0 l\u2019oportunitat de formar part del cartell i actuar en la pr\u00f2xima edici\u00f3 del SanSan Festival de Benic\u00e0ssim (6, 7 i 8 d\u2019abril). VOTA jA","headings":[{"type":"heading","level":2,"text":"El Villarreal CF ha donat a con\u00e9ixer les deu bandes participants de la tercera edici\u00f3 d\u2019aquest especial concurs musical"}],"buttons":[],"images":[],"counts":{"blocks":7,"headings":1,"texts":5,"buttons":0,"images":0}},"sections":[{"id":"section-1","title":"El Villarreal CF ha donat a con\u00e9ixer les deu bandes participants de la tercera edici\u00f3 d\u2019aquest especial concurs musical","text":"El Villarreal CF ha donat a con\u00e9ixer les deu bandes participants de la tercera edici\u00f3 d\u2019aquest especial concurs musical El Villarreal CF ha seleccionat a les 10 bandes participants en la tercera edici\u00f3 de Groc Talent, el concurs musical del Villarreal CF en col\u00b7laboraci\u00f3 amb el SanSan Festival, i ha obert aquest dilluns el per\u00edode de votacions, que s\u2019estendr\u00e0 fins al dimarts 28 de febrer. En la present edici\u00f3, les bandes provincials participants s\u00f3n les seg\u00fcents: Ortopedia T\u00e9cnica, Generaci\u00f3n Z, Sexy Sugar, Black London, La Aldea Rock, Entre Cuatro, Anora Kito, Rebelodic, SAL4 y Pasqual Riera. La votaci\u00f3 oberta fins al 28 de febrer A trav\u00e9s de la web oficial del Villarreal CF, l\u2019afici\u00f3 podr\u00e0 puntuar als seus tres grups o artistes favorits, assignant-los una puntuaci\u00f3 d\u2019una, dues i tres estreles (sent tres la m\u00e0xima puntuaci\u00f3). Les tres bandes m\u00e9s votades pel p\u00fablic actuaran en directe en la gran final, que se celebrar\u00e0 en la Fan Zone de l\u2019Estadio de la Cer\u00e1mica el segon cap de setmana del mes de mar\u00e7, corresponent a la jornada 25 de LaLiga Santander (data exacta encara per confirmar). El guanyador d\u2019aqueixa gran final, que ser\u00e0 decidit per un jurat professional, tindr\u00e0 l\u2019oportunitat de formar part del cartell i actuar en la pr\u00f2xima edici\u00f3 del SanSan Festival de Benic\u00e0ssim (6, 7 i 8 d\u2019abril).","headings":[{"type":"heading","level":2,"text":"El Villarreal CF ha donat a con\u00e9ixer les deu bandes participants de la tercera edici\u00f3 d\u2019aquest especial concurs musical"}],"texts":[{"type":"paragraph","text":"El Villarreal CF ha seleccionat a les 10 bandes participants en la tercera edici\u00f3 de Groc Talent, el concurs musical del Villarreal CF en col\u00b7laboraci\u00f3 amb el SanSan Festival, i ha obert aquest dilluns el per\u00edode de votacions, que s\u2019estendr\u00e0 fins al dimarts 28 de febrer."},{"type":"paragraph","text":"En la present edici\u00f3, les bandes provincials participants s\u00f3n les seg\u00fcents: Ortopedia T\u00e9cnica, Generaci\u00f3n Z, Sexy Sugar, Black London, La Aldea Rock, Entre Cuatro, Anora Kito, Rebelodic, SAL4 y Pasqual Riera."},{"type":"paragraph","text":"La votaci\u00f3 oberta fins al 28 de febrer"},{"type":"paragraph","text":"A trav\u00e9s de la web oficial del Villarreal CF, l\u2019afici\u00f3 podr\u00e0 puntuar als seus tres grups o artistes favorits, assignant-los una puntuaci\u00f3 d\u2019una, dues i tres estreles (sent tres la m\u00e0xima puntuaci\u00f3). Les tres bandes m\u00e9s votades pel p\u00fablic actuaran en directe en la gran final, que se celebrar\u00e0 en la Fan Zone de l\u2019Estadio de la Cer\u00e1mica el segon cap de setmana del mes de mar\u00e7, corresponent a la jornada 25 de LaLiga Santander (data exacta encara per confirmar)."},{"type":"paragraph","text":"El guanyador d\u2019aqueixa gran final, que ser\u00e0 decidit per un jurat professional, tindr\u00e0 l\u2019oportunitat de formar part del cartell i actuar en la pr\u00f2xima edici\u00f3 del SanSan Festival de Benic\u00e0ssim (6, 7 i 8 d\u2019abril)."}],"buttons":[],"images":[],"widgets":[],"blocks":[{"type":"heading","level":2,"text":"El Villarreal CF ha donat a con\u00e9ixer les deu bandes participants de la tercera edici\u00f3 d\u2019aquest especial concurs musical"},{"type":"paragraph","text":"El Villarreal CF ha seleccionat a les 10 bandes participants en la tercera edici\u00f3 de Groc Talent, el concurs musical del Villarreal CF en col\u00b7laboraci\u00f3 amb el SanSan Festival, i ha obert aquest dilluns el per\u00edode de votacions, que s\u2019estendr\u00e0 fins al dimarts 28 de febrer."},{"type":"paragraph","text":"En la present edici\u00f3, les bandes provincials participants s\u00f3n les seg\u00fcents: Ortopedia T\u00e9cnica, Generaci\u00f3n Z, Sexy Sugar, Black London, La Aldea Rock, Entre Cuatro, Anora Kito, Rebelodic, SAL4 y Pasqual Riera."},{"type":"paragraph","text":"La votaci\u00f3 oberta fins al 28 de febrer"},{"type":"paragraph","text":"A trav\u00e9s de la web oficial del Villarreal CF, l\u2019afici\u00f3 podr\u00e0 puntuar als seus tres grups o artistes favorits, assignant-los una puntuaci\u00f3 d\u2019una, dues i tres estreles (sent tres la m\u00e0xima puntuaci\u00f3). Les tres bandes m\u00e9s votades pel p\u00fablic actuaran en directe en la gran final, que se celebrar\u00e0 en la Fan Zone de l\u2019Estadio de la Cer\u00e1mica el segon cap de setmana del mes de mar\u00e7, corresponent a la jornada 25 de LaLiga Santander (data exacta encara per confirmar)."},{"type":"paragraph","text":"El guanyador d\u2019aqueixa gran final, que ser\u00e0 decidit per un jurat professional, tindr\u00e0 l\u2019oportunitat de formar part del cartell i actuar en la pr\u00f2xima edici\u00f3 del SanSan Festival de Benic\u00e0ssim (6, 7 i 8 d\u2019abril)."},{"type":"link","url":"https:\/\/villarrealcf.es\/\/val\/groc-talent\/","text":"VOTA jA","target":"_blank"}]}],"hero":{"id":"section-1","title":"El Villarreal CF ha donat a con\u00e9ixer les deu bandes participants de la tercera edici\u00f3 d\u2019aquest especial concurs musical","text":"El Villarreal CF ha donat a con\u00e9ixer les deu bandes participants de la tercera edici\u00f3 d\u2019aquest especial concurs musical El Villarreal CF ha seleccionat a les 10 bandes participants en la tercera edici\u00f3 de Groc Talent, el concurs musical del Villarreal CF en col\u00b7laboraci\u00f3 amb el SanSan Festival, i ha obert aquest dilluns el per\u00edode de votacions, que s\u2019estendr\u00e0 fins al dimarts 28 de febrer. En la present edici\u00f3, les bandes provincials participants s\u00f3n les seg\u00fcents: Ortopedia T\u00e9cnica, Generaci\u00f3n Z, Sexy Sugar, Black London, La Aldea Rock, Entre Cuatro, Anora Kito, Rebelodic, SAL4 y Pasqual Riera. La votaci\u00f3 oberta fins al 28 de febrer A trav\u00e9s de la web oficial del Villarreal CF, l\u2019afici\u00f3 podr\u00e0 puntuar als seus tres grups o artistes favorits, assignant-los una puntuaci\u00f3 d\u2019una, dues i tres estreles (sent tres la m\u00e0xima puntuaci\u00f3). Les tres bandes m\u00e9s votades pel p\u00fablic actuaran en directe en la gran final, que se celebrar\u00e0 en la Fan Zone de l\u2019Estadio de la Cer\u00e1mica el segon cap de setmana del mes de mar\u00e7, corresponent a la jornada 25 de LaLiga Santander (data exacta encara per confirmar). El guanyador d\u2019aqueixa gran final, que ser\u00e0 decidit per un jurat professional, tindr\u00e0 l\u2019oportunitat de formar part del cartell i actuar en la pr\u00f2xima edici\u00f3 del SanSan Festival de Benic\u00e0ssim (6, 7 i 8 d\u2019abril).","headings":[{"type":"heading","level":2,"text":"El Villarreal CF ha donat a con\u00e9ixer les deu bandes participants de la tercera edici\u00f3 d\u2019aquest especial concurs musical"}],"texts":[{"type":"paragraph","text":"El Villarreal CF ha seleccionat a les 10 bandes participants en la tercera edici\u00f3 de Groc Talent, el concurs musical del Villarreal CF en col\u00b7laboraci\u00f3 amb el SanSan Festival, i ha obert aquest dilluns el per\u00edode de votacions, que s\u2019estendr\u00e0 fins al dimarts 28 de febrer."},{"type":"paragraph","text":"En la present edici\u00f3, les bandes provincials participants s\u00f3n les seg\u00fcents: Ortopedia T\u00e9cnica, Generaci\u00f3n Z, Sexy Sugar, Black London, La Aldea Rock, Entre Cuatro, Anora Kito, Rebelodic, SAL4 y Pasqual Riera."},{"type":"paragraph","text":"La votaci\u00f3 oberta fins al 28 de febrer"},{"type":"paragraph","text":"A trav\u00e9s de la web oficial del Villarreal CF, l\u2019afici\u00f3 podr\u00e0 puntuar als seus tres grups o artistes favorits, assignant-los una puntuaci\u00f3 d\u2019una, dues i tres estreles (sent tres la m\u00e0xima puntuaci\u00f3). Les tres bandes m\u00e9s votades pel p\u00fablic actuaran en directe en la gran final, que se celebrar\u00e0 en la Fan Zone de l\u2019Estadio de la Cer\u00e1mica el segon cap de setmana del mes de mar\u00e7, corresponent a la jornada 25 de LaLiga Santander (data exacta encara per confirmar)."},{"type":"paragraph","text":"El guanyador d\u2019aqueixa gran final, que ser\u00e0 decidit per un jurat professional, tindr\u00e0 l\u2019oportunitat de formar part del cartell i actuar en la pr\u00f2xima edici\u00f3 del SanSan Festival de Benic\u00e0ssim (6, 7 i 8 d\u2019abril)."}],"buttons":[],"images":[],"widgets":[],"blocks":[{"type":"heading","level":2,"text":"El Villarreal CF ha donat a con\u00e9ixer les deu bandes participants de la tercera edici\u00f3 d\u2019aquest especial concurs musical"},{"type":"paragraph","text":"El Villarreal CF ha seleccionat a les 10 bandes participants en la tercera edici\u00f3 de Groc Talent, el concurs musical del Villarreal CF en col\u00b7laboraci\u00f3 amb el SanSan Festival, i ha obert aquest dilluns el per\u00edode de votacions, que s\u2019estendr\u00e0 fins al dimarts 28 de febrer."},{"type":"paragraph","text":"En la present edici\u00f3, les bandes provincials participants s\u00f3n les seg\u00fcents: Ortopedia T\u00e9cnica, Generaci\u00f3n Z, Sexy Sugar, Black London, La Aldea Rock, Entre Cuatro, Anora Kito, Rebelodic, SAL4 y Pasqual Riera."},{"type":"paragraph","text":"La votaci\u00f3 oberta fins al 28 de febrer"},{"type":"paragraph","text":"A trav\u00e9s de la web oficial del Villarreal CF, l\u2019afici\u00f3 podr\u00e0 puntuar als seus tres grups o artistes favorits, assignant-los una puntuaci\u00f3 d\u2019una, dues i tres estreles (sent tres la m\u00e0xima puntuaci\u00f3). Les tres bandes m\u00e9s votades pel p\u00fablic actuaran en directe en la gran final, que se celebrar\u00e0 en la Fan Zone de l\u2019Estadio de la Cer\u00e1mica el segon cap de setmana del mes de mar\u00e7, corresponent a la jornada 25 de LaLiga Santander (data exacta encara per confirmar)."},{"type":"paragraph","text":"El guanyador d\u2019aqueixa gran final, que ser\u00e0 decidit per un jurat professional, tindr\u00e0 l\u2019oportunitat de formar part del cartell i actuar en la pr\u00f2xima edici\u00f3 del SanSan Festival de Benic\u00e0ssim (6, 7 i 8 d\u2019abril)."},{"type":"link","url":"https:\/\/villarrealcf.es\/\/val\/groc-talent\/","text":"VOTA jA","target":"_blank"}]}},"sections":[{"id":"section-1","title":"El Villarreal CF ha donat a con\u00e9ixer les deu bandes participants de la tercera edici\u00f3 d\u2019aquest especial concurs musical","text":"El Villarreal CF ha donat a con\u00e9ixer les deu bandes participants de la tercera edici\u00f3 d\u2019aquest especial concurs musical El Villarreal CF ha seleccionat a les 10 bandes participants en la tercera edici\u00f3 de Groc Talent, el concurs musical del Villarreal CF en col\u00b7laboraci\u00f3 amb el SanSan Festival, i ha obert aquest dilluns el per\u00edode de votacions, que s\u2019estendr\u00e0 fins al dimarts 28 de febrer. En la present edici\u00f3, les bandes provincials participants s\u00f3n les seg\u00fcents: Ortopedia T\u00e9cnica, Generaci\u00f3n Z, Sexy Sugar, Black London, La Aldea Rock, Entre Cuatro, Anora Kito, Rebelodic, SAL4 y Pasqual Riera. La votaci\u00f3 oberta fins al 28 de febrer A trav\u00e9s de la web oficial del Villarreal CF, l\u2019afici\u00f3 podr\u00e0 puntuar als seus tres grups o artistes favorits, assignant-los una puntuaci\u00f3 d\u2019una, dues i tres estreles (sent tres la m\u00e0xima puntuaci\u00f3). Les tres bandes m\u00e9s votades pel p\u00fablic actuaran en directe en la gran final, que se celebrar\u00e0 en la Fan Zone de l\u2019Estadio de la Cer\u00e1mica el segon cap de setmana del mes de mar\u00e7, corresponent a la jornada 25 de LaLiga Santander (data exacta encara per confirmar). El guanyador d\u2019aqueixa gran final, que ser\u00e0 decidit per un jurat professional, tindr\u00e0 l\u2019oportunitat de formar part del cartell i actuar en la pr\u00f2xima edici\u00f3 del SanSan Festival de Benic\u00e0ssim (6, 7 i 8 d\u2019abril).","url":"https:\/\/villarrealcf.es\/\/val\/groc-talent\/","background_image":"","images":[],"videos":[],"links":[{"type":"link","url":"https:\/\/villarrealcf.es\/\/val\/groc-talent\/","text":"VOTA jA","target":"_blank"}]}]},"excerpt":{"rendered":"El Villarreal CF ha donat a con\u00e9ixer les deu bandes participants de la tercera edici\u00f3 d&#8217;aquest especial concurs musical","protected":false},"author":25,"featured_media":251114,"comment_status":"closed","ping_status":"closed","sticky":false,"template":"","format":"standard","meta":{"_acf_changed":false,"footnotes":""},"categories":[13509],"tags":[9242,11054,717,9270,7334,14145,716,9205,9627,9203],"acf":null,"lang":"val","translations":{"es":251035,"val":251138,"en":251350},"essential_grid":{"has_grid":false},"formatted_date":"February 13, 2023","modified_date":"February 13, 2023","permalink":"https:\/\/villarrealcf.es\/val\/vota-al-teu-grup-favorit-de-groc-talent\/","reading_time":2,"featured_media_data":{"id":251114,"title":"sansan","caption":"Valiente Bosque, \u00faltimo grupo ganador de Groc Talent, durante su actuaci\u00f3n en el SanSan Festival","alt_text":"Valiente Bosque, \u00faltimo grupo ganador de Groc Talent, durante su actuaci\u00f3n en el SanSan Festival","description":"Valiente Bosque, \u00faltimo grupo ganador de Groc Talent, durante su actuaci\u00f3n en el SanSan Festival","mime_type":"image\/jpeg","source_url":"https:\/\/villarrealcf.es\/wp-content\/uploads\/2023\/02\/sansan-2.jpg","sizes":{"thumbnail":{"url":"https:\/\/villarrealcf.es\/wp-content\/uploads\/2023\/02\/sansan-2-1920x1080.jpg","width":1920,"height":1080},"medium":{"url":"https:\/\/villarrealcf.es\/wp-content\/uploads\/2023\/02\/sansan-2-1920x1080.jpg","width":1920,"height":1080},"medium_large":{"url":"https:\/\/villarrealcf.es\/wp-content\/uploads\/2023\/02\/sansan-2-768x432.jpg","width":768,"height":432},"large":{"url":"https:\/\/villarrealcf.es\/wp-content\/uploads\/2023\/02\/sansan-2-1920x1080.jpg","width":788,"height":443},"1536x1536":{"url":"https:\/\/villarrealcf.es\/wp-content\/uploads\/2023\/02\/sansan-2-1536x864.jpg","width":1536,"height":864},"2048x2048":{"url":"https:\/\/villarrealcf.es\/wp-content\/uploads\/2023\/02\/sansan-2.jpg","width":1920,"height":1080},"tp-image-grid":{"url":"https:\/\/villarrealcf.es\/wp-content\/uploads\/2023\/02\/sansan-2-700x700.jpg","width":700,"height":700},"size-bunyad-medium":{"url":"https:\/\/villarrealcf.es\/wp-content\/uploads\/2023\/02\/sansan-2-1920x1080.jpg","width":1920,"height":1080},"sportspress-crop-medium":{"url":"https:\/\/villarrealcf.es\/wp-content\/uploads\/2023\/02\/sansan-2-300x300.jpg","width":300,"height":300},"sportspress-fit-medium":{"url":"https:\/\/villarrealcf.es\/wp-content\/uploads\/2023\/02\/sansan-2-300x169.jpg","width":300,"height":169},"sportspress-fit-icon":{"url":"https:\/\/villarrealcf.es\/wp-content\/uploads\/2023\/02\/sansan-2-128x72.jpg","width":128,"height":72},"sportspress-fit-mini":{"url":"https:\/\/villarrealcf.es\/wp-content\/uploads\/2023\/02\/sansan-2-32x18.jpg","width":32,"height":18},"bunyad-small":{"url":"https:\/\/villarrealcf.es\/wp-content\/uploads\/2023\/02\/sansan-2-150x84.jpg","width":150,"height":84},"bunyad-medium":{"url":"https:\/\/villarrealcf.es\/wp-content\/uploads\/2023\/02\/sansan-2-450x253.jpg","width":450,"height":253},"bunyad-full":{"url":"https:\/\/villarrealcf.es\/wp-content\/uploads\/2023\/02\/sansan-2-1200x675.jpg","width":1200,"height":675},"bunyad-viewport":{"url":"https:\/\/villarrealcf.es\/wp-content\/uploads\/2023\/02\/sansan-2.jpg","width":1920,"height":1080},"bunyad-768":{"url":"https:\/\/villarrealcf.es\/wp-content\/uploads\/2023\/02\/sansan-2-768x432.jpg","width":768,"height":432},"full":{"url":"https:\/\/villarrealcf.es\/wp-content\/uploads\/2023\/02\/sansan-2.jpg","width":1920,"height":1080}}},"author_data":{"id":"25","name":"Javier Ayuso","first_name":"Javier","last_name":"Ayuso","description":"","avatar_url":"https:\/\/secure.gravatar.com\/avatar\/fcf8894be45988fcce5bbff0efe1790d2a7f4ba57e2c7c898f5068154e696495?s=96&d=mm&r=g","acf":null},"taxonomies_data":{"category":[{"id":13509,"name":"Endavant","slug":"endavant-val","acf":null}],"post_tag":[{"id":9242,"name":"Endavant","slug":"endavant-val-2","acf":null},{"id":11054,"name":"Endavant Cultura","slug":"endavant-cultura-val-2","acf":null},{"id":717,"name":"Football","slug":"football-d34","acf":null},{"id":9270,"name":"Futbol","slug":"futbol-val","acf":null},{"id":7334,"name":"Sansan Festival","slug":"sansan-festival","acf":null},{"id":14145,"name":"Sin categorizar","slug":"sin-categorizar-val-5","acf":null},{"id":716,"name":"Soccer","slug":"soccer-d105","acf":null},{"id":9205,"name":"Submarino","slug":"submarino-val","acf":null},{"id":9627,"name":"Submarino Amarillo","slug":"submarino-amarillo-val","acf":null},{"id":9203,"name":"Villarreal CF","slug":"villarreal-cf-val","acf":null}],"translation_priority":[{"id":735,"name":"Optional","slug":"optional-val","acf":null}]},"seo_full":{"native":{"title":"Vota al teu grup favorit de Groc Talent! - Web Oficial del Villarreal CF","description":"El Villarreal CF ha donat a con\u00e9ixer les deu bandes participants de la tercera edici\u00f3 d'aquest especial concurs musical","canonical":"https:\/\/villarrealcf.es\/val\/vota-al-teu-grup-favorit-de-groc-talent\/"}},"_links":{"self":[{"href":"https:\/\/villarrealcf.es\/val\/wp-json\/wp\/v2\/posts\/251138","targetHints":{"allow":["GET"]}}],"collection":[{"href":"https:\/\/villarrealcf.es\/val\/wp-json\/wp\/v2\/posts"}],"about":[{"href":"https:\/\/villarrealcf.es\/val\/wp-json\/wp\/v2\/types\/post"}],"author":[{"embeddable":true,"href":"https:\/\/villarrealcf.es\/val\/wp-json\/wp\/v2\/users\/25"}],"replies":[{"embeddable":true,"href":"https:\/\/villarrealcf.es\/val\/wp-json\/wp\/v2\/comments?post=251138"}],"version-history":[{"count":0,"href":"https:\/\/villarrealcf.es\/val\/wp-json\/wp\/v2\/posts\/251138\/revisions"}],"wp:featuredmedia":[{"embeddable":true,"href":"https:\/\/villarrealcf.es\/val\/wp-json\/wp\/v2\/media\/251114"}],"wp:attachment":[{"href":"https:\/\/villarrealcf.es\/val\/wp-json\/wp\/v2\/media?parent=251138"}],"wp:term":[{"taxonomy":"category","embeddable":true,"href":"https:\/\/villarrealcf.es\/val\/wp-json\/wp\/v2\/categories?post=251138"},{"taxonomy":"post_tag","embeddable":true,"href":"https:\/\/villarrealcf.es\/val\/wp-json\/wp\/v2\/tags?post=251138"}],"curies":[{"name":"wp","href":"https:\/\/api.w.org\/{rel}","templated":true}]}}