{"id":250712,"date":"2023-02-12T23:20:29","date_gmt":"2023-02-12T22:20:29","guid":{"rendered":"https:\/\/villarrealcf.es\/\/el-estadio-de-la-ceramica-estrena-show-de-luces\/"},"modified":"2023-02-12T23:37:12","modified_gmt":"2023-02-12T22:37:12","slug":"el-estadio-de-la-ceramica-estrena-show-de-luces","status":"publish","type":"post","link":"https:\/\/villarrealcf.es\/val\/el-estadio-de-la-ceramica-estrena-show-de-luces\/","title":{"rendered":"L&#8217;Estadi de la Cer\u00e0mica estrena show de llums"},"content":{"protected":false,"blocks":[{"type":"heading","level":2,"text":"Els aficionats van poder gaudir de l\u2019espectacle en la pr\u00e8via del partit davant el Bar\u00e7a"},{"type":"paragraph","text":"L\u2019Estadi de la Cer\u00e0mica va estrenar en la pr\u00e8via del partit davant el FC Barcelona un espectacular show de llums. Amb les graderies plenes d\u2019aficionats, va haver-hi dos moments destacats: el primer quan el speaker local va cantar l\u2019alineaci\u00f3 del Villarreal i el segon quan van saltar els onces dels dos equips m\u00e9s el trio arbitral. En aquest, les llums van ser al comp\u00e0s de l\u2019himne del centenari del club, compost per Nacho Cano. Impressionant."},{"type":"paragraph","text":"Tamb\u00e9 es va estrenar la SkyCam"},{"type":"paragraph","text":"Una altra de les novetats del partit davant el FC Barcelona va ser l\u2019estrena de la SkyCam, que va aportar plans espectaculars a la retransmissi\u00f3 del partit."},{"type":"video","kind":"iframe","url":"https:\/\/www.youtube.com\/embed\/epWolqeMfjc?feature=oembed","poster":""}],"structured":{"summary":{"text":"Els aficionats van poder gaudir de l\u2019espectacle en la pr\u00e8via del partit davant el Bar\u00e7a L\u2019Estadi de la Cer\u00e0mica va estrenar en la pr\u00e8via del partit davant el FC Barcelona un espectacular show de llums. Amb les graderies plenes d\u2019aficionats, va haver-hi dos moments destacats: el primer quan el speaker local va cantar l\u2019alineaci\u00f3 del Villarreal i el segon quan van saltar els onces dels dos equips m\u00e9s el trio arbitral. En aquest, les llums van ser al comp\u00e0s de l\u2019himne del centenari del club, compost per Nacho Cano. Impressionant. Tamb\u00e9 es va estrenar la SkyCam Una altra de les novetats del partit davant el FC Barcelona va ser l\u2019estrena de la SkyCam, que va aportar plans espectaculars a la retransmissi\u00f3 del partit.","headings":[{"type":"heading","level":2,"text":"Els aficionats van poder gaudir de l\u2019espectacle en la pr\u00e8via del partit davant el Bar\u00e7a"}],"buttons":[],"images":[],"counts":{"blocks":5,"headings":1,"texts":3,"buttons":0,"images":0}},"sections":[{"id":"section-1","title":"Els aficionats van poder gaudir de l\u2019espectacle en la pr\u00e8via del partit davant el Bar\u00e7a","text":"Els aficionats van poder gaudir de l\u2019espectacle en la pr\u00e8via del partit davant el Bar\u00e7a L\u2019Estadi de la Cer\u00e0mica va estrenar en la pr\u00e8via del partit davant el FC Barcelona un espectacular show de llums. Amb les graderies plenes d\u2019aficionats, va haver-hi dos moments destacats: el primer quan el speaker local va cantar l\u2019alineaci\u00f3 del Villarreal i el segon quan van saltar els onces dels dos equips m\u00e9s el trio arbitral. En aquest, les llums van ser al comp\u00e0s de l\u2019himne del centenari del club, compost per Nacho Cano. Impressionant. Tamb\u00e9 es va estrenar la SkyCam Una altra de les novetats del partit davant el FC Barcelona va ser l\u2019estrena de la SkyCam, que va aportar plans espectaculars a la retransmissi\u00f3 del partit.","headings":[{"type":"heading","level":2,"text":"Els aficionats van poder gaudir de l\u2019espectacle en la pr\u00e8via del partit davant el Bar\u00e7a"}],"texts":[{"type":"paragraph","text":"L\u2019Estadi de la Cer\u00e0mica va estrenar en la pr\u00e8via del partit davant el FC Barcelona un espectacular show de llums. Amb les graderies plenes d\u2019aficionats, va haver-hi dos moments destacats: el primer quan el speaker local va cantar l\u2019alineaci\u00f3 del Villarreal i el segon quan van saltar els onces dels dos equips m\u00e9s el trio arbitral. En aquest, les llums van ser al comp\u00e0s de l\u2019himne del centenari del club, compost per Nacho Cano. Impressionant."},{"type":"paragraph","text":"Tamb\u00e9 es va estrenar la SkyCam"},{"type":"paragraph","text":"Una altra de les novetats del partit davant el FC Barcelona va ser l\u2019estrena de la SkyCam, que va aportar plans espectaculars a la retransmissi\u00f3 del partit."}],"buttons":[],"images":[],"widgets":[],"blocks":[{"type":"heading","level":2,"text":"Els aficionats van poder gaudir de l\u2019espectacle en la pr\u00e8via del partit davant el Bar\u00e7a"},{"type":"paragraph","text":"L\u2019Estadi de la Cer\u00e0mica va estrenar en la pr\u00e8via del partit davant el FC Barcelona un espectacular show de llums. Amb les graderies plenes d\u2019aficionats, va haver-hi dos moments destacats: el primer quan el speaker local va cantar l\u2019alineaci\u00f3 del Villarreal i el segon quan van saltar els onces dels dos equips m\u00e9s el trio arbitral. En aquest, les llums van ser al comp\u00e0s de l\u2019himne del centenari del club, compost per Nacho Cano. Impressionant."},{"type":"paragraph","text":"Tamb\u00e9 es va estrenar la SkyCam"},{"type":"paragraph","text":"Una altra de les novetats del partit davant el FC Barcelona va ser l\u2019estrena de la SkyCam, que va aportar plans espectaculars a la retransmissi\u00f3 del partit."},{"type":"video","kind":"iframe","url":"https:\/\/www.youtube.com\/embed\/epWolqeMfjc?feature=oembed","poster":""}]}],"hero":{"id":"section-1","title":"Els aficionats van poder gaudir de l\u2019espectacle en la pr\u00e8via del partit davant el Bar\u00e7a","text":"Els aficionats van poder gaudir de l\u2019espectacle en la pr\u00e8via del partit davant el Bar\u00e7a L\u2019Estadi de la Cer\u00e0mica va estrenar en la pr\u00e8via del partit davant el FC Barcelona un espectacular show de llums. Amb les graderies plenes d\u2019aficionats, va haver-hi dos moments destacats: el primer quan el speaker local va cantar l\u2019alineaci\u00f3 del Villarreal i el segon quan van saltar els onces dels dos equips m\u00e9s el trio arbitral. En aquest, les llums van ser al comp\u00e0s de l\u2019himne del centenari del club, compost per Nacho Cano. Impressionant. Tamb\u00e9 es va estrenar la SkyCam Una altra de les novetats del partit davant el FC Barcelona va ser l\u2019estrena de la SkyCam, que va aportar plans espectaculars a la retransmissi\u00f3 del partit.","headings":[{"type":"heading","level":2,"text":"Els aficionats van poder gaudir de l\u2019espectacle en la pr\u00e8via del partit davant el Bar\u00e7a"}],"texts":[{"type":"paragraph","text":"L\u2019Estadi de la Cer\u00e0mica va estrenar en la pr\u00e8via del partit davant el FC Barcelona un espectacular show de llums. Amb les graderies plenes d\u2019aficionats, va haver-hi dos moments destacats: el primer quan el speaker local va cantar l\u2019alineaci\u00f3 del Villarreal i el segon quan van saltar els onces dels dos equips m\u00e9s el trio arbitral. En aquest, les llums van ser al comp\u00e0s de l\u2019himne del centenari del club, compost per Nacho Cano. Impressionant."},{"type":"paragraph","text":"Tamb\u00e9 es va estrenar la SkyCam"},{"type":"paragraph","text":"Una altra de les novetats del partit davant el FC Barcelona va ser l\u2019estrena de la SkyCam, que va aportar plans espectaculars a la retransmissi\u00f3 del partit."}],"buttons":[],"images":[],"widgets":[],"blocks":[{"type":"heading","level":2,"text":"Els aficionats van poder gaudir de l\u2019espectacle en la pr\u00e8via del partit davant el Bar\u00e7a"},{"type":"paragraph","text":"L\u2019Estadi de la Cer\u00e0mica va estrenar en la pr\u00e8via del partit davant el FC Barcelona un espectacular show de llums. Amb les graderies plenes d\u2019aficionats, va haver-hi dos moments destacats: el primer quan el speaker local va cantar l\u2019alineaci\u00f3 del Villarreal i el segon quan van saltar els onces dels dos equips m\u00e9s el trio arbitral. En aquest, les llums van ser al comp\u00e0s de l\u2019himne del centenari del club, compost per Nacho Cano. Impressionant."},{"type":"paragraph","text":"Tamb\u00e9 es va estrenar la SkyCam"},{"type":"paragraph","text":"Una altra de les novetats del partit davant el FC Barcelona va ser l\u2019estrena de la SkyCam, que va aportar plans espectaculars a la retransmissi\u00f3 del partit."},{"type":"video","kind":"iframe","url":"https:\/\/www.youtube.com\/embed\/epWolqeMfjc?feature=oembed","poster":""}]}},"sections":[{"id":"section-1","title":"Els aficionats van poder gaudir de l\u2019espectacle en la pr\u00e8via del partit davant el Bar\u00e7a","text":"Els aficionats van poder gaudir de l\u2019espectacle en la pr\u00e8via del partit davant el Bar\u00e7a L\u2019Estadi de la Cer\u00e0mica va estrenar en la pr\u00e8via del partit davant el FC Barcelona un espectacular show de llums. Amb les graderies plenes d\u2019aficionats, va haver-hi dos moments destacats: el primer quan el speaker local va cantar l\u2019alineaci\u00f3 del Villarreal i el segon quan van saltar els onces dels dos equips m\u00e9s el trio arbitral. En aquest, les llums van ser al comp\u00e0s de l\u2019himne del centenari del club, compost per Nacho Cano. Impressionant. Tamb\u00e9 es va estrenar la SkyCam Una altra de les novetats del partit davant el FC Barcelona va ser l\u2019estrena de la SkyCam, que va aportar plans espectaculars a la retransmissi\u00f3 del partit.","url":"","background_image":"","images":[],"videos":[{"type":"video","kind":"iframe","url":"https:\/\/www.youtube.com\/embed\/epWolqeMfjc?feature=oembed","poster":""}],"links":[]}]},"excerpt":{"rendered":"Els aficionats van poder gaudir de l&#8217;espectacle en la pr\u00e8via del partit davant el Bar\u00e7a","protected":false},"author":33,"featured_media":250708,"comment_status":"closed","ping_status":"closed","sticky":false,"template":"","format":"standard","meta":{"_acf_changed":false,"footnotes":""},"categories":[13484],"tags":[11429,717,9270,716,9627,9203],"acf":null,"lang":"val","translations":{"es":250704,"val":250712,"en":250719},"essential_grid":{"has_grid":false},"formatted_date":"February 12, 2023","modified_date":"February 12, 2023","permalink":"https:\/\/villarrealcf.es\/val\/el-estadio-de-la-ceramica-estrena-show-de-luces\/","reading_time":1,"featured_media_data":{"id":250708,"title":"show","caption":"","alt_text":"","description":"","mime_type":"image\/jpeg","source_url":"https:\/\/villarrealcf.es\/wp-content\/uploads\/2023\/02\/show.jpg","sizes":{"thumbnail":{"url":"https:\/\/villarrealcf.es\/wp-content\/uploads\/2023\/02\/show.jpg","width":1597,"height":898},"medium":{"url":"https:\/\/villarrealcf.es\/wp-content\/uploads\/2023\/02\/show.jpg","width":1597,"height":898},"medium_large":{"url":"https:\/\/villarrealcf.es\/wp-content\/uploads\/2023\/02\/show-768x432.jpg","width":768,"height":432},"large":{"url":"https:\/\/villarrealcf.es\/wp-content\/uploads\/2023\/02\/show.jpg","width":788,"height":443},"1536x1536":{"url":"https:\/\/villarrealcf.es\/wp-content\/uploads\/2023\/02\/show-1536x864.jpg","width":1536,"height":864},"2048x2048":{"url":"https:\/\/villarrealcf.es\/wp-content\/uploads\/2023\/02\/show.jpg","width":1597,"height":898},"tp-image-grid":{"url":"https:\/\/villarrealcf.es\/wp-content\/uploads\/2023\/02\/show-700x700.jpg","width":700,"height":700},"size-bunyad-medium":{"url":"https:\/\/villarrealcf.es\/wp-content\/uploads\/2023\/02\/show.jpg","width":1597,"height":898},"sportspress-crop-medium":{"url":"https:\/\/villarrealcf.es\/wp-content\/uploads\/2023\/02\/show-300x300.jpg","width":300,"height":300},"sportspress-fit-medium":{"url":"https:\/\/villarrealcf.es\/wp-content\/uploads\/2023\/02\/show-300x169.jpg","width":300,"height":169},"sportspress-fit-icon":{"url":"https:\/\/villarrealcf.es\/wp-content\/uploads\/2023\/02\/show-128x72.jpg","width":128,"height":72},"sportspress-fit-mini":{"url":"https:\/\/villarrealcf.es\/wp-content\/uploads\/2023\/02\/show-32x18.jpg","width":32,"height":18},"bunyad-small":{"url":"https:\/\/villarrealcf.es\/wp-content\/uploads\/2023\/02\/show-150x84.jpg","width":150,"height":84},"bunyad-medium":{"url":"https:\/\/villarrealcf.es\/wp-content\/uploads\/2023\/02\/show-450x253.jpg","width":450,"height":253},"bunyad-full":{"url":"https:\/\/villarrealcf.es\/wp-content\/uploads\/2023\/02\/show-1200x675.jpg","width":1200,"height":675},"bunyad-viewport":{"url":"https:\/\/villarrealcf.es\/wp-content\/uploads\/2023\/02\/show.jpg","width":1597,"height":898},"bunyad-768":{"url":"https:\/\/villarrealcf.es\/wp-content\/uploads\/2023\/02\/show-768x432.jpg","width":768,"height":432},"full":{"url":"https:\/\/villarrealcf.es\/wp-content\/uploads\/2023\/02\/show.jpg","width":1597,"height":898}}},"author_data":{"id":"33","name":"Nacho Tejada","first_name":"Nacho","last_name":"Tejada","description":"","avatar_url":"https:\/\/secure.gravatar.com\/avatar\/b1580534b2fcd93e031504756165758941290488df5c88966a26f84344931fd1?s=96&d=mm&r=g","acf":null},"taxonomies_data":{"category":[{"id":13484,"name":"Club","slug":"club","acf":null}],"post_tag":[{"id":11429,"name":"Estadio de la Cer\u00e1mica","slug":"estadio-de-la-ceramica-val","acf":null},{"id":717,"name":"Football","slug":"football-d34","acf":null},{"id":9270,"name":"Futbol","slug":"futbol-val","acf":null},{"id":716,"name":"Soccer","slug":"soccer-d105","acf":null},{"id":9627,"name":"Submarino Amarillo","slug":"submarino-amarillo-val","acf":null},{"id":9203,"name":"Villarreal CF","slug":"villarreal-cf-val","acf":null}],"translation_priority":[{"id":735,"name":"Optional","slug":"optional-val","acf":null}]},"seo_full":{"native":{"title":"L&#8217;Estadi de la Cer\u00e0mica estrena show de llums - Web Oficial del Villarreal CF","description":"Els aficionats van poder gaudir de l'espectacle en la pr\u00e8via del partit davant el Bar\u00e7a","canonical":"https:\/\/villarrealcf.es\/val\/el-estadio-de-la-ceramica-estrena-show-de-luces\/"}},"_links":{"self":[{"href":"https:\/\/villarrealcf.es\/val\/wp-json\/wp\/v2\/posts\/250712","targetHints":{"allow":["GET"]}}],"collection":[{"href":"https:\/\/villarrealcf.es\/val\/wp-json\/wp\/v2\/posts"}],"about":[{"href":"https:\/\/villarrealcf.es\/val\/wp-json\/wp\/v2\/types\/post"}],"author":[{"embeddable":true,"href":"https:\/\/villarrealcf.es\/val\/wp-json\/wp\/v2\/users\/33"}],"replies":[{"embeddable":true,"href":"https:\/\/villarrealcf.es\/val\/wp-json\/wp\/v2\/comments?post=250712"}],"version-history":[{"count":0,"href":"https:\/\/villarrealcf.es\/val\/wp-json\/wp\/v2\/posts\/250712\/revisions"}],"wp:featuredmedia":[{"embeddable":true,"href":"https:\/\/villarrealcf.es\/val\/wp-json\/wp\/v2\/media\/250708"}],"wp:attachment":[{"href":"https:\/\/villarrealcf.es\/val\/wp-json\/wp\/v2\/media?parent=250712"}],"wp:term":[{"taxonomy":"category","embeddable":true,"href":"https:\/\/villarrealcf.es\/val\/wp-json\/wp\/v2\/categories?post=250712"},{"taxonomy":"post_tag","embeddable":true,"href":"https:\/\/villarrealcf.es\/val\/wp-json\/wp\/v2\/tags?post=250712"}],"curies":[{"name":"wp","href":"https:\/\/api.w.org\/{rel}","templated":true}]}}