{"id":250036,"date":"2023-02-08T15:15:30","date_gmt":"2023-02-08T14:15:30","guid":{"rendered":"https:\/\/villarrealcf.es\/\/vive-el-villarreal-c-patacona-en-directo\/"},"modified":"2023-02-08T15:24:19","modified_gmt":"2023-02-08T14:24:19","slug":"viu-el-villarreal-c-patacona-en-directe","status":"publish","type":"post","link":"https:\/\/villarrealcf.es\/val\/viu-el-villarreal-c-patacona-en-directe\/","title":{"rendered":"Viu el Villarreal C-Patacona en directe!"},"content":{"protected":false,"blocks":[{"type":"heading","level":2,"text":"El club emetr\u00e0 el partit de la Cantera Grogueta a trav\u00e9s dels seus perfils oficials en xarxes socials (diumenge, 18.00h)"},{"type":"paragraph","text":"El Villarreal CF oferir\u00e0 aquest diumenge, a partir de les 18.00h, el partit entre el Villarreal C i el Patacona CF, que se celebrar\u00e0 en el Mini Estadi de la Ciutat Esportiva Jos\u00e9 Manuel Llaneza. El club emetr\u00e0 el partit de la Cantera Grogueta a trav\u00e9s dels seus perfils oficials en Twitter, Facebook, Instagram, Twitch i YouTube."},{"type":"paragraph","text":"La retransmissi\u00f3 comen\u00e7ar\u00e0 10 minuts abans de l\u2019inici del partit, a les 17.50 hores, amb la millor pr\u00e8via i comptar\u00e0 amb la narraci\u00f3 i els comentaris dels reporters de Villarreal TV."},{"type":"paragraph","text":"El moment de cr\u00e9ixer"},{"type":"paragraph","text":"El Villarreal C rep al Patacona despr\u00e9s d\u2019aconseguir un bals\u00e0mic triomf a domicili davant el CD Castell\u00f3n B (1-2). El conjunt dirigit per Jandro Castro busca encadenar la seua segona vict\u00f2ria consecutiva i iniciar aix\u00ed una din\u00e0mica positiva de resultats que li permeten mirar cap amunt en la taula classificat\u00f2ria. Davant, tindran al Patacona, un rival que, igual que els groguets, t\u00e9 26 punts i es troba en la zona mitjana de la taula."},{"type":"paragraph","text":"En el comprom\u00eds de la primera volta, celebrat en terres valencianes, el Villarreal C va collir un 1-1 davant el Patacona i va marcar el vila-realenc Marcos S\u00e1nchez."},{"type":"video","kind":"video","url":"https:\/\/villarrealcf.es\/\/wp-content\/uploads\/2023\/02\/Promo-Villarreal-C-vs-Patacona-CF.mp4","poster":""}],"structured":{"summary":{"text":"El club emetr\u00e0 el partit de la Cantera Grogueta a trav\u00e9s dels seus perfils oficials en xarxes socials (diumenge, 18.00h) El Villarreal CF oferir\u00e0 aquest diumenge, a partir de les 18.00h, el partit entre el Villarreal C i el Patacona CF, que se celebrar\u00e0 en el Mini Estadi de la Ciutat Esportiva Jos\u00e9 Manuel Llaneza. El club emetr\u00e0 el partit de la Cantera Grogueta a trav\u00e9s dels seus perfils oficials en Twitter, Facebook, Instagram, Twitch i YouTube. La retransmissi\u00f3 comen\u00e7ar\u00e0 10 minuts abans de l\u2019inici del partit, a les 17.50 hores, amb la millor pr\u00e8via i comptar\u00e0 amb la narraci\u00f3 i els comentaris dels reporters de Villarreal TV. El moment de cr\u00e9ixer El Villarreal C rep al Patacona despr\u00e9s d\u2019aconseguir un bals\u00e0mic triomf a domicili davant el CD Castell\u00f3n B (1-2). El conjunt dirigit per Jandro Castro busca encadenar la seua segona vict\u00f2ria consecutiva i iniciar aix\u00ed una din\u00e0mica positiva de resultats que li permeten mirar cap amunt en la taula classificat\u00f2ria. Davant, tindran al Patacona, un rival que, igual que els groguets, t\u00e9 26 punts i es troba en la zona mitjana de la taula. En el comprom\u00eds de la primera volta, celebrat en terres valencianes, el Villarreal C va collir un 1-1 davant el Patacona i va marcar el vila-realenc Marcos S\u00e1nchez. Promo del Villarreal C-Patacona CF","headings":[{"type":"heading","level":2,"text":"El club emetr\u00e0 el partit de la Cantera Grogueta a trav\u00e9s dels seus perfils oficials en xarxes socials (diumenge, 18.00h)"}],"buttons":[],"images":[],"counts":{"blocks":7,"headings":1,"texts":5,"buttons":0,"images":0}},"sections":[{"id":"section-1","title":"El club emetr\u00e0 el partit de la Cantera Grogueta a trav\u00e9s dels seus perfils oficials en xarxes socials (diumenge, 18.00h)","text":"El club emetr\u00e0 el partit de la Cantera Grogueta a trav\u00e9s dels seus perfils oficials en xarxes socials (diumenge, 18.00h) El Villarreal CF oferir\u00e0 aquest diumenge, a partir de les 18.00h, el partit entre el Villarreal C i el Patacona CF, que se celebrar\u00e0 en el Mini Estadi de la Ciutat Esportiva Jos\u00e9 Manuel Llaneza. El club emetr\u00e0 el partit de la Cantera Grogueta a trav\u00e9s dels seus perfils oficials en Twitter, Facebook, Instagram, Twitch i YouTube. La retransmissi\u00f3 comen\u00e7ar\u00e0 10 minuts abans de l\u2019inici del partit, a les 17.50 hores, amb la millor pr\u00e8via i comptar\u00e0 amb la narraci\u00f3 i els comentaris dels reporters de Villarreal TV. El moment de cr\u00e9ixer El Villarreal C rep al Patacona despr\u00e9s d\u2019aconseguir un bals\u00e0mic triomf a domicili davant el CD Castell\u00f3n B (1-2). El conjunt dirigit per Jandro Castro busca encadenar la seua segona vict\u00f2ria consecutiva i iniciar aix\u00ed una din\u00e0mica positiva de resultats que li permeten mirar cap amunt en la taula classificat\u00f2ria. Davant, tindran al Patacona, un rival que, igual que els groguets, t\u00e9 26 punts i es troba en la zona mitjana de la taula. En el comprom\u00eds de la primera volta, celebrat en terres valencianes, el Villarreal C va collir un 1-1 davant el Patacona i va marcar el vila-realenc Marcos S\u00e1nchez.","headings":[{"type":"heading","level":2,"text":"El club emetr\u00e0 el partit de la Cantera Grogueta a trav\u00e9s dels seus perfils oficials en xarxes socials (diumenge, 18.00h)"}],"texts":[{"type":"paragraph","text":"El Villarreal CF oferir\u00e0 aquest diumenge, a partir de les 18.00h, el partit entre el Villarreal C i el Patacona CF, que se celebrar\u00e0 en el Mini Estadi de la Ciutat Esportiva Jos\u00e9 Manuel Llaneza. El club emetr\u00e0 el partit de la Cantera Grogueta a trav\u00e9s dels seus perfils oficials en Twitter, Facebook, Instagram, Twitch i YouTube."},{"type":"paragraph","text":"La retransmissi\u00f3 comen\u00e7ar\u00e0 10 minuts abans de l\u2019inici del partit, a les 17.50 hores, amb la millor pr\u00e8via i comptar\u00e0 amb la narraci\u00f3 i els comentaris dels reporters de Villarreal TV."},{"type":"paragraph","text":"El moment de cr\u00e9ixer"},{"type":"paragraph","text":"El Villarreal C rep al Patacona despr\u00e9s d\u2019aconseguir un bals\u00e0mic triomf a domicili davant el CD Castell\u00f3n B (1-2). El conjunt dirigit per Jandro Castro busca encadenar la seua segona vict\u00f2ria consecutiva i iniciar aix\u00ed una din\u00e0mica positiva de resultats que li permeten mirar cap amunt en la taula classificat\u00f2ria. Davant, tindran al Patacona, un rival que, igual que els groguets, t\u00e9 26 punts i es troba en la zona mitjana de la taula."},{"type":"paragraph","text":"En el comprom\u00eds de la primera volta, celebrat en terres valencianes, el Villarreal C va collir un 1-1 davant el Patacona i va marcar el vila-realenc Marcos S\u00e1nchez."}],"buttons":[],"images":[],"widgets":[],"blocks":[{"type":"heading","level":2,"text":"El club emetr\u00e0 el partit de la Cantera Grogueta a trav\u00e9s dels seus perfils oficials en xarxes socials (diumenge, 18.00h)"},{"type":"paragraph","text":"El Villarreal CF oferir\u00e0 aquest diumenge, a partir de les 18.00h, el partit entre el Villarreal C i el Patacona CF, que se celebrar\u00e0 en el Mini Estadi de la Ciutat Esportiva Jos\u00e9 Manuel Llaneza. El club emetr\u00e0 el partit de la Cantera Grogueta a trav\u00e9s dels seus perfils oficials en Twitter, Facebook, Instagram, Twitch i YouTube."},{"type":"paragraph","text":"La retransmissi\u00f3 comen\u00e7ar\u00e0 10 minuts abans de l\u2019inici del partit, a les 17.50 hores, amb la millor pr\u00e8via i comptar\u00e0 amb la narraci\u00f3 i els comentaris dels reporters de Villarreal TV."},{"type":"paragraph","text":"El moment de cr\u00e9ixer"},{"type":"paragraph","text":"El Villarreal C rep al Patacona despr\u00e9s d\u2019aconseguir un bals\u00e0mic triomf a domicili davant el CD Castell\u00f3n B (1-2). El conjunt dirigit per Jandro Castro busca encadenar la seua segona vict\u00f2ria consecutiva i iniciar aix\u00ed una din\u00e0mica positiva de resultats que li permeten mirar cap amunt en la taula classificat\u00f2ria. Davant, tindran al Patacona, un rival que, igual que els groguets, t\u00e9 26 punts i es troba en la zona mitjana de la taula."},{"type":"paragraph","text":"En el comprom\u00eds de la primera volta, celebrat en terres valencianes, el Villarreal C va collir un 1-1 davant el Patacona i va marcar el vila-realenc Marcos S\u00e1nchez."},{"type":"video","kind":"video","url":"https:\/\/villarrealcf.es\/\/wp-content\/uploads\/2023\/02\/Promo-Villarreal-C-vs-Patacona-CF.mp4","poster":""}]}],"hero":{"id":"section-1","title":"El club emetr\u00e0 el partit de la Cantera Grogueta a trav\u00e9s dels seus perfils oficials en xarxes socials (diumenge, 18.00h)","text":"El club emetr\u00e0 el partit de la Cantera Grogueta a trav\u00e9s dels seus perfils oficials en xarxes socials (diumenge, 18.00h) El Villarreal CF oferir\u00e0 aquest diumenge, a partir de les 18.00h, el partit entre el Villarreal C i el Patacona CF, que se celebrar\u00e0 en el Mini Estadi de la Ciutat Esportiva Jos\u00e9 Manuel Llaneza. El club emetr\u00e0 el partit de la Cantera Grogueta a trav\u00e9s dels seus perfils oficials en Twitter, Facebook, Instagram, Twitch i YouTube. La retransmissi\u00f3 comen\u00e7ar\u00e0 10 minuts abans de l\u2019inici del partit, a les 17.50 hores, amb la millor pr\u00e8via i comptar\u00e0 amb la narraci\u00f3 i els comentaris dels reporters de Villarreal TV. El moment de cr\u00e9ixer El Villarreal C rep al Patacona despr\u00e9s d\u2019aconseguir un bals\u00e0mic triomf a domicili davant el CD Castell\u00f3n B (1-2). El conjunt dirigit per Jandro Castro busca encadenar la seua segona vict\u00f2ria consecutiva i iniciar aix\u00ed una din\u00e0mica positiva de resultats que li permeten mirar cap amunt en la taula classificat\u00f2ria. Davant, tindran al Patacona, un rival que, igual que els groguets, t\u00e9 26 punts i es troba en la zona mitjana de la taula. En el comprom\u00eds de la primera volta, celebrat en terres valencianes, el Villarreal C va collir un 1-1 davant el Patacona i va marcar el vila-realenc Marcos S\u00e1nchez.","headings":[{"type":"heading","level":2,"text":"El club emetr\u00e0 el partit de la Cantera Grogueta a trav\u00e9s dels seus perfils oficials en xarxes socials (diumenge, 18.00h)"}],"texts":[{"type":"paragraph","text":"El Villarreal CF oferir\u00e0 aquest diumenge, a partir de les 18.00h, el partit entre el Villarreal C i el Patacona CF, que se celebrar\u00e0 en el Mini Estadi de la Ciutat Esportiva Jos\u00e9 Manuel Llaneza. El club emetr\u00e0 el partit de la Cantera Grogueta a trav\u00e9s dels seus perfils oficials en Twitter, Facebook, Instagram, Twitch i YouTube."},{"type":"paragraph","text":"La retransmissi\u00f3 comen\u00e7ar\u00e0 10 minuts abans de l\u2019inici del partit, a les 17.50 hores, amb la millor pr\u00e8via i comptar\u00e0 amb la narraci\u00f3 i els comentaris dels reporters de Villarreal TV."},{"type":"paragraph","text":"El moment de cr\u00e9ixer"},{"type":"paragraph","text":"El Villarreal C rep al Patacona despr\u00e9s d\u2019aconseguir un bals\u00e0mic triomf a domicili davant el CD Castell\u00f3n B (1-2). El conjunt dirigit per Jandro Castro busca encadenar la seua segona vict\u00f2ria consecutiva i iniciar aix\u00ed una din\u00e0mica positiva de resultats que li permeten mirar cap amunt en la taula classificat\u00f2ria. Davant, tindran al Patacona, un rival que, igual que els groguets, t\u00e9 26 punts i es troba en la zona mitjana de la taula."},{"type":"paragraph","text":"En el comprom\u00eds de la primera volta, celebrat en terres valencianes, el Villarreal C va collir un 1-1 davant el Patacona i va marcar el vila-realenc Marcos S\u00e1nchez."}],"buttons":[],"images":[],"widgets":[],"blocks":[{"type":"heading","level":2,"text":"El club emetr\u00e0 el partit de la Cantera Grogueta a trav\u00e9s dels seus perfils oficials en xarxes socials (diumenge, 18.00h)"},{"type":"paragraph","text":"El Villarreal CF oferir\u00e0 aquest diumenge, a partir de les 18.00h, el partit entre el Villarreal C i el Patacona CF, que se celebrar\u00e0 en el Mini Estadi de la Ciutat Esportiva Jos\u00e9 Manuel Llaneza. El club emetr\u00e0 el partit de la Cantera Grogueta a trav\u00e9s dels seus perfils oficials en Twitter, Facebook, Instagram, Twitch i YouTube."},{"type":"paragraph","text":"La retransmissi\u00f3 comen\u00e7ar\u00e0 10 minuts abans de l\u2019inici del partit, a les 17.50 hores, amb la millor pr\u00e8via i comptar\u00e0 amb la narraci\u00f3 i els comentaris dels reporters de Villarreal TV."},{"type":"paragraph","text":"El moment de cr\u00e9ixer"},{"type":"paragraph","text":"El Villarreal C rep al Patacona despr\u00e9s d\u2019aconseguir un bals\u00e0mic triomf a domicili davant el CD Castell\u00f3n B (1-2). El conjunt dirigit per Jandro Castro busca encadenar la seua segona vict\u00f2ria consecutiva i iniciar aix\u00ed una din\u00e0mica positiva de resultats que li permeten mirar cap amunt en la taula classificat\u00f2ria. Davant, tindran al Patacona, un rival que, igual que els groguets, t\u00e9 26 punts i es troba en la zona mitjana de la taula."},{"type":"paragraph","text":"En el comprom\u00eds de la primera volta, celebrat en terres valencianes, el Villarreal C va collir un 1-1 davant el Patacona i va marcar el vila-realenc Marcos S\u00e1nchez."},{"type":"video","kind":"video","url":"https:\/\/villarrealcf.es\/\/wp-content\/uploads\/2023\/02\/Promo-Villarreal-C-vs-Patacona-CF.mp4","poster":""}]}},"sections":[{"id":"section-1","title":"El club emetr\u00e0 el partit de la Cantera Grogueta a trav\u00e9s dels seus perfils oficials en xarxes socials (diumenge, 18.00h)","text":"El club emetr\u00e0 el partit de la Cantera Grogueta a trav\u00e9s dels seus perfils oficials en xarxes socials (diumenge, 18.00h) El Villarreal CF oferir\u00e0 aquest diumenge, a partir de les 18.00h, el partit entre el Villarreal C i el Patacona CF, que se celebrar\u00e0 en el Mini Estadi de la Ciutat Esportiva Jos\u00e9 Manuel Llaneza. El club emetr\u00e0 el partit de la Cantera Grogueta a trav\u00e9s dels seus perfils oficials en Twitter, Facebook, Instagram, Twitch i YouTube. La retransmissi\u00f3 comen\u00e7ar\u00e0 10 minuts abans de l\u2019inici del partit, a les 17.50 hores, amb la millor pr\u00e8via i comptar\u00e0 amb la narraci\u00f3 i els comentaris dels reporters de Villarreal TV. El moment de cr\u00e9ixer El Villarreal C rep al Patacona despr\u00e9s d\u2019aconseguir un bals\u00e0mic triomf a domicili davant el CD Castell\u00f3n B (1-2). El conjunt dirigit per Jandro Castro busca encadenar la seua segona vict\u00f2ria consecutiva i iniciar aix\u00ed una din\u00e0mica positiva de resultats que li permeten mirar cap amunt en la taula classificat\u00f2ria. Davant, tindran al Patacona, un rival que, igual que els groguets, t\u00e9 26 punts i es troba en la zona mitjana de la taula. En el comprom\u00eds de la primera volta, celebrat en terres valencianes, el Villarreal C va collir un 1-1 davant el Patacona i va marcar el vila-realenc Marcos S\u00e1nchez.","url":"","background_image":"","images":[],"videos":[{"type":"video","kind":"video","url":"https:\/\/villarrealcf.es\/\/wp-content\/uploads\/2023\/02\/Promo-Villarreal-C-vs-Patacona-CF.mp4","poster":""}],"links":[]}]},"excerpt":{"rendered":"El club emetr\u00e0 el partit de la Cantera Grogueta a trav\u00e9s dels seus perfils oficials en xarxes socials (diumenge, 18.00h)","protected":false},"author":25,"featured_media":250034,"comment_status":"closed","ping_status":"closed","sticky":false,"template":"","format":"standard","meta":{"_acf_changed":false,"footnotes":""},"categories":[13803],"tags":[9366,10325,717,9227,716,9205,9627,9203],"acf":null,"lang":"val","translations":{"es":250029,"val":250036,"en":250134},"essential_grid":{"has_grid":false},"formatted_date":"February 8, 2023","modified_date":"February 8, 2023","permalink":"https:\/\/villarrealcf.es\/val\/viu-el-villarreal-c-patacona-en-directe\/","reading_time":2,"featured_media_data":{"id":250034,"title":"marcos","caption":"","alt_text":"","description":"","mime_type":"image\/jpeg","source_url":"https:\/\/villarrealcf.es\/wp-content\/uploads\/2023\/02\/marcos.jpg","sizes":{"thumbnail":{"url":"https:\/\/villarrealcf.es\/wp-content\/uploads\/2023\/02\/marcos-1920x1080.jpg","width":1920,"height":1080},"medium":{"url":"https:\/\/villarrealcf.es\/wp-content\/uploads\/2023\/02\/marcos-1920x1080.jpg","width":1920,"height":1080},"medium_large":{"url":"https:\/\/villarrealcf.es\/wp-content\/uploads\/2023\/02\/marcos-768x432.jpg","width":768,"height":432},"large":{"url":"https:\/\/villarrealcf.es\/wp-content\/uploads\/2023\/02\/marcos-1920x1080.jpg","width":788,"height":443},"1536x1536":{"url":"https:\/\/villarrealcf.es\/wp-content\/uploads\/2023\/02\/marcos-1536x864.jpg","width":1536,"height":864},"2048x2048":{"url":"https:\/\/villarrealcf.es\/wp-content\/uploads\/2023\/02\/marcos.jpg","width":1920,"height":1080},"tp-image-grid":{"url":"https:\/\/villarrealcf.es\/wp-content\/uploads\/2023\/02\/marcos-700x700.jpg","width":700,"height":700},"size-bunyad-medium":{"url":"https:\/\/villarrealcf.es\/wp-content\/uploads\/2023\/02\/marcos-1920x1080.jpg","width":1920,"height":1080},"sportspress-crop-medium":{"url":"https:\/\/villarrealcf.es\/wp-content\/uploads\/2023\/02\/marcos-300x300.jpg","width":300,"height":300},"sportspress-fit-medium":{"url":"https:\/\/villarrealcf.es\/wp-content\/uploads\/2023\/02\/marcos-300x169.jpg","width":300,"height":169},"sportspress-fit-icon":{"url":"https:\/\/villarrealcf.es\/wp-content\/uploads\/2023\/02\/marcos-128x72.jpg","width":128,"height":72},"sportspress-fit-mini":{"url":"https:\/\/villarrealcf.es\/wp-content\/uploads\/2023\/02\/marcos-32x18.jpg","width":32,"height":18},"bunyad-small":{"url":"https:\/\/villarrealcf.es\/wp-content\/uploads\/2023\/02\/marcos-150x84.jpg","width":150,"height":84},"bunyad-medium":{"url":"https:\/\/villarrealcf.es\/wp-content\/uploads\/2023\/02\/marcos-450x253.jpg","width":450,"height":253},"bunyad-full":{"url":"https:\/\/villarrealcf.es\/wp-content\/uploads\/2023\/02\/marcos-1200x675.jpg","width":1200,"height":675},"bunyad-viewport":{"url":"https:\/\/villarrealcf.es\/wp-content\/uploads\/2023\/02\/marcos.jpg","width":1920,"height":1080},"bunyad-768":{"url":"https:\/\/villarrealcf.es\/wp-content\/uploads\/2023\/02\/marcos-768x432.jpg","width":768,"height":432},"full":{"url":"https:\/\/villarrealcf.es\/wp-content\/uploads\/2023\/02\/marcos.jpg","width":1920,"height":1080}}},"author_data":{"id":"25","name":"Javier Ayuso","first_name":"Javier","last_name":"Ayuso","description":"","avatar_url":"https:\/\/secure.gravatar.com\/avatar\/fcf8894be45988fcce5bbff0efe1790d2a7f4ba57e2c7c898f5068154e696495?s=96&d=mm&r=g","acf":null},"taxonomies_data":{"category":[{"id":13803,"name":"Futbol base","slug":"futbol-base-val-2","acf":null}],"post_tag":[{"id":9366,"name":"Cantera","slug":"cantera-val","acf":null},{"id":10325,"name":"Cantera Grogueta","slug":"cantera-grogueta-val","acf":null},{"id":717,"name":"Football","slug":"football-d34","acf":null},{"id":9227,"name":"F\u00fatbol Base","slug":"futbol-base-val","acf":null},{"id":716,"name":"Soccer","slug":"soccer-d105","acf":null},{"id":9205,"name":"Submarino","slug":"submarino-val","acf":null},{"id":9627,"name":"Submarino Amarillo","slug":"submarino-amarillo-val","acf":null},{"id":9203,"name":"Villarreal CF","slug":"villarreal-cf-val","acf":null}],"translation_priority":[{"id":735,"name":"Optional","slug":"optional-val","acf":null}]},"seo_full":{"native":{"title":"Viu el Villarreal C-Patacona en directe! - Web Oficial del Villarreal CF","description":"El club emetr\u00e0 el partit de la Cantera Grogueta a trav\u00e9s dels seus perfils oficials en xarxes socials (diumenge, 18.00h)","canonical":"https:\/\/villarrealcf.es\/val\/viu-el-villarreal-c-patacona-en-directe\/"}},"_links":{"self":[{"href":"https:\/\/villarrealcf.es\/val\/wp-json\/wp\/v2\/posts\/250036","targetHints":{"allow":["GET"]}}],"collection":[{"href":"https:\/\/villarrealcf.es\/val\/wp-json\/wp\/v2\/posts"}],"about":[{"href":"https:\/\/villarrealcf.es\/val\/wp-json\/wp\/v2\/types\/post"}],"author":[{"embeddable":true,"href":"https:\/\/villarrealcf.es\/val\/wp-json\/wp\/v2\/users\/25"}],"replies":[{"embeddable":true,"href":"https:\/\/villarrealcf.es\/val\/wp-json\/wp\/v2\/comments?post=250036"}],"version-history":[{"count":0,"href":"https:\/\/villarrealcf.es\/val\/wp-json\/wp\/v2\/posts\/250036\/revisions"}],"wp:featuredmedia":[{"embeddable":true,"href":"https:\/\/villarrealcf.es\/val\/wp-json\/wp\/v2\/media\/250034"}],"wp:attachment":[{"href":"https:\/\/villarrealcf.es\/val\/wp-json\/wp\/v2\/media?parent=250036"}],"wp:term":[{"taxonomy":"category","embeddable":true,"href":"https:\/\/villarrealcf.es\/val\/wp-json\/wp\/v2\/categories?post=250036"},{"taxonomy":"post_tag","embeddable":true,"href":"https:\/\/villarrealcf.es\/val\/wp-json\/wp\/v2\/tags?post=250036"}],"curies":[{"name":"wp","href":"https:\/\/api.w.org\/{rel}","templated":true}]}}