{"id":249638,"date":"2023-02-07T15:26:46","date_gmt":"2023-02-07T14:26:46","guid":{"rendered":"https:\/\/villarrealcf.es\/\/nueva-semana-de-trabajo-para-el-submarino\/"},"modified":"2023-02-07T15:52:35","modified_gmt":"2023-02-07T14:52:35","slug":"nueva-semana-de-trabajo-para-el-submarino","status":"publish","type":"post","link":"https:\/\/villarrealcf.es\/val\/nueva-semana-de-trabajo-para-el-submarino\/","title":{"rendered":"Nova setmana de treball per al Submar\u00ed"},"content":{"protected":false,"blocks":[{"type":"heading","widget":"heading","level":2,"text":"El Villarreal ja prepara el partit d'aquest diumenge davant l'FC Barcelona (21.00 hores, Estadi de la Cer\u00e0mica)"},{"type":"text","widget":"text-editor","text":"El conjunt groguet s\u2019ha exercitat aquest mat\u00ed a la Ciutat Esportiva Jos\u00e9 Manuel Llaneza sota els ordes de Quique Seti\u00e9n. Aix\u00ed, el Villarreal encara una nova setmana amb la vista posada en el partit davant el FC Barcelona, que es disputar\u00e0 aquest diumenge, a partir de les 21.00 hores, en l\u2019Estadi de la Cer\u00e0mica.","paragraphs":["El conjunt groguet s\u2019ha exercitat aquest mat\u00ed a la Ciutat Esportiva Jos\u00e9 Manuel Llaneza sota els ordes de Quique Seti\u00e9n. Aix\u00ed, el Villarreal encara una nova setmana amb la vista posada en el partit davant el FC Barcelona, que es disputar\u00e0 aquest diumenge, a partir de les 21.00 hores, en l\u2019Estadi de la Cer\u00e0mica."]},{"type":"gallery","widget":"gallery","items":[{"url":"https:\/\/villarrealcf.es\/wp-content\/uploads\/2023\/02\/1-1.jpg","title":"","thumbnail":"https:\/\/villarrealcf.es\/wp-content\/uploads\/2023\/02\/1-1.jpg","width":1620,"height":1080},{"url":"https:\/\/villarrealcf.es\/wp-content\/uploads\/2023\/02\/2.jpg","title":"","thumbnail":"https:\/\/villarrealcf.es\/wp-content\/uploads\/2023\/02\/2.jpg","width":1620,"height":1080},{"url":"https:\/\/villarrealcf.es\/wp-content\/uploads\/2023\/02\/3.jpg","title":"","thumbnail":"https:\/\/villarrealcf.es\/wp-content\/uploads\/2023\/02\/3.jpg","width":1620,"height":1080},{"url":"https:\/\/villarrealcf.es\/wp-content\/uploads\/2023\/02\/4.jpg","title":"","thumbnail":"https:\/\/villarrealcf.es\/wp-content\/uploads\/2023\/02\/4.jpg","width":1620,"height":1080},{"url":"https:\/\/villarrealcf.es\/wp-content\/uploads\/2023\/02\/5.jpg","title":"","thumbnail":"https:\/\/villarrealcf.es\/wp-content\/uploads\/2023\/02\/5.jpg","width":1620,"height":1080},{"url":"https:\/\/villarrealcf.es\/wp-content\/uploads\/2023\/02\/6.jpg","title":"","thumbnail":"https:\/\/villarrealcf.es\/wp-content\/uploads\/2023\/02\/6.jpg","width":720,"height":1080},{"url":"https:\/\/villarrealcf.es\/wp-content\/uploads\/2023\/02\/7.jpg","title":"","thumbnail":"https:\/\/villarrealcf.es\/wp-content\/uploads\/2023\/02\/7.jpg","width":1620,"height":1080},{"url":"https:\/\/villarrealcf.es\/wp-content\/uploads\/2023\/02\/8.jpg","title":"","thumbnail":"https:\/\/villarrealcf.es\/wp-content\/uploads\/2023\/02\/8.jpg","width":720,"height":1080},{"url":"https:\/\/villarrealcf.es\/wp-content\/uploads\/2023\/02\/9.jpg","title":"","thumbnail":"https:\/\/villarrealcf.es\/wp-content\/uploads\/2023\/02\/9.jpg","width":1620,"height":1080},{"url":"https:\/\/villarrealcf.es\/wp-content\/uploads\/2023\/02\/10-1.jpg","title":"","thumbnail":"https:\/\/villarrealcf.es\/wp-content\/uploads\/2023\/02\/10-1.jpg","width":1620,"height":1080},{"url":"https:\/\/villarrealcf.es\/wp-content\/uploads\/2023\/02\/11-1.jpg","title":"","thumbnail":"https:\/\/villarrealcf.es\/wp-content\/uploads\/2023\/02\/11-1.jpg","width":1620,"height":1080},{"url":"https:\/\/villarrealcf.es\/wp-content\/uploads\/2023\/02\/12-1.jpg","title":"","thumbnail":"https:\/\/villarrealcf.es\/wp-content\/uploads\/2023\/02\/12-1.jpg","width":1620,"height":1080},{"url":"https:\/\/villarrealcf.es\/wp-content\/uploads\/2023\/02\/13-1.jpg","title":"","thumbnail":"https:\/\/villarrealcf.es\/wp-content\/uploads\/2023\/02\/13-1.jpg","width":1620,"height":1080},{"url":"https:\/\/villarrealcf.es\/wp-content\/uploads\/2023\/02\/14-1.jpg","title":"","thumbnail":"https:\/\/villarrealcf.es\/wp-content\/uploads\/2023\/02\/14-1.jpg","width":1620,"height":1080},{"url":"https:\/\/villarrealcf.es\/wp-content\/uploads\/2023\/02\/15-1.jpg","title":"","thumbnail":"https:\/\/villarrealcf.es\/wp-content\/uploads\/2023\/02\/15-1.jpg","width":1620,"height":1080}]}],"structured":{"summary":{"text":"El Villarreal ja prepara el partit d'aquest diumenge davant l'FC Barcelona (21.00 hores, Estadi de la Cer\u00e0mica) El conjunt groguet s\u2019ha exercitat aquest mat\u00ed a la Ciutat Esportiva Jos\u00e9 Manuel Llaneza sota els ordes de Quique Seti\u00e9n. Aix\u00ed, el Villarreal encara una nova setmana amb la vista posada en el partit davant el FC Barcelona, que es disputar\u00e0 aquest diumenge, a partir de les 21.00 hores, en l\u2019Estadi de la Cer\u00e0mica.","headings":[{"type":"heading","widget":"heading","level":2,"text":"El Villarreal ja prepara el partit d'aquest diumenge davant l'FC Barcelona (21.00 hores, Estadi de la Cer\u00e0mica)"}],"buttons":[],"images":[],"counts":{"blocks":3,"headings":1,"texts":1,"buttons":0,"images":0},"containers":3},"sections":[{"id":"38d37f0","type":"container","classes":["has-el-gap","el-gap-default","elementor-section","elementor-top-section","elementor-element","elementor-element-38d37f0","elementor-section-boxed","elementor-section-height-default"],"title":"El Villarreal ja prepara el partit d'aquest diumenge davant l'FC Barcelona (21.00 hores, Estadi de la Cer\u00e0mica)","text":"El Villarreal ja prepara el partit d'aquest diumenge davant l'FC Barcelona (21.00 hores, Estadi de la Cer\u00e0mica)","headings":[{"type":"heading","widget":"heading","level":2,"text":"El Villarreal ja prepara el partit d'aquest diumenge davant l'FC Barcelona (21.00 hores, Estadi de la Cer\u00e0mica)"}],"texts":[],"buttons":[],"images":[],"widgets":["heading"],"blocks":[{"type":"heading","widget":"heading","level":2,"text":"El Villarreal ja prepara el partit d'aquest diumenge davant l'FC Barcelona (21.00 hores, Estadi de la Cer\u00e0mica)"}],"children":[]},{"id":"89096db","type":"container","classes":["has-el-gap","el-gap-default","elementor-section","elementor-top-section","elementor-element","elementor-element-89096db","elementor-section-boxed","elementor-section-height-default"],"title":"","text":"El conjunt groguet s\u2019ha exercitat aquest mat\u00ed a la Ciutat Esportiva Jos\u00e9 Manuel Llaneza sota els ordes de Quique Seti\u00e9n. Aix\u00ed, el Villarreal encara una nova setmana amb la vista posada en el partit davant el FC Barcelona, que es disputar\u00e0 aquest diumenge, a partir de les 21.00 hores, en l\u2019Estadi de la Cer\u00e0mica.","headings":[],"texts":[{"type":"text","widget":"text-editor","text":"El conjunt groguet s\u2019ha exercitat aquest mat\u00ed a la Ciutat Esportiva Jos\u00e9 Manuel Llaneza sota els ordes de Quique Seti\u00e9n. Aix\u00ed, el Villarreal encara una nova setmana amb la vista posada en el partit davant el FC Barcelona, que es disputar\u00e0 aquest diumenge, a partir de les 21.00 hores, en l\u2019Estadi de la Cer\u00e0mica.","paragraphs":["El conjunt groguet s\u2019ha exercitat aquest mat\u00ed a la Ciutat Esportiva Jos\u00e9 Manuel Llaneza sota els ordes de Quique Seti\u00e9n. Aix\u00ed, el Villarreal encara una nova setmana amb la vista posada en el partit davant el FC Barcelona, que es disputar\u00e0 aquest diumenge, a partir de les 21.00 hores, en l\u2019Estadi de la Cer\u00e0mica."]}],"buttons":[],"images":[],"widgets":["text-editor"],"blocks":[{"type":"text","widget":"text-editor","text":"El conjunt groguet s\u2019ha exercitat aquest mat\u00ed a la Ciutat Esportiva Jos\u00e9 Manuel Llaneza sota els ordes de Quique Seti\u00e9n. Aix\u00ed, el Villarreal encara una nova setmana amb la vista posada en el partit davant el FC Barcelona, que es disputar\u00e0 aquest diumenge, a partir de les 21.00 hores, en l\u2019Estadi de la Cer\u00e0mica.","paragraphs":["El conjunt groguet s\u2019ha exercitat aquest mat\u00ed a la Ciutat Esportiva Jos\u00e9 Manuel Llaneza sota els ordes de Quique Seti\u00e9n. Aix\u00ed, el Villarreal encara una nova setmana amb la vista posada en el partit davant el FC Barcelona, que es disputar\u00e0 aquest diumenge, a partir de les 21.00 hores, en l\u2019Estadi de la Cer\u00e0mica."]}],"children":[]},{"id":"618ca04","type":"container","classes":["has-el-gap","el-gap-default","elementor-section","elementor-top-section","elementor-element","elementor-element-618ca04","elementor-section-boxed","elementor-section-height-default"],"title":"","text":"","headings":[],"texts":[],"buttons":[],"images":[],"widgets":["gallery"],"blocks":[{"type":"gallery","widget":"gallery","items":[{"url":"https:\/\/villarrealcf.es\/wp-content\/uploads\/2023\/02\/1-1.jpg","title":"","thumbnail":"https:\/\/villarrealcf.es\/wp-content\/uploads\/2023\/02\/1-1.jpg","width":1620,"height":1080},{"url":"https:\/\/villarrealcf.es\/wp-content\/uploads\/2023\/02\/2.jpg","title":"","thumbnail":"https:\/\/villarrealcf.es\/wp-content\/uploads\/2023\/02\/2.jpg","width":1620,"height":1080},{"url":"https:\/\/villarrealcf.es\/wp-content\/uploads\/2023\/02\/3.jpg","title":"","thumbnail":"https:\/\/villarrealcf.es\/wp-content\/uploads\/2023\/02\/3.jpg","width":1620,"height":1080},{"url":"https:\/\/villarrealcf.es\/wp-content\/uploads\/2023\/02\/4.jpg","title":"","thumbnail":"https:\/\/villarrealcf.es\/wp-content\/uploads\/2023\/02\/4.jpg","width":1620,"height":1080},{"url":"https:\/\/villarrealcf.es\/wp-content\/uploads\/2023\/02\/5.jpg","title":"","thumbnail":"https:\/\/villarrealcf.es\/wp-content\/uploads\/2023\/02\/5.jpg","width":1620,"height":1080},{"url":"https:\/\/villarrealcf.es\/wp-content\/uploads\/2023\/02\/6.jpg","title":"","thumbnail":"https:\/\/villarrealcf.es\/wp-content\/uploads\/2023\/02\/6.jpg","width":720,"height":1080},{"url":"https:\/\/villarrealcf.es\/wp-content\/uploads\/2023\/02\/7.jpg","title":"","thumbnail":"https:\/\/villarrealcf.es\/wp-content\/uploads\/2023\/02\/7.jpg","width":1620,"height":1080},{"url":"https:\/\/villarrealcf.es\/wp-content\/uploads\/2023\/02\/8.jpg","title":"","thumbnail":"https:\/\/villarrealcf.es\/wp-content\/uploads\/2023\/02\/8.jpg","width":720,"height":1080},{"url":"https:\/\/villarrealcf.es\/wp-content\/uploads\/2023\/02\/9.jpg","title":"","thumbnail":"https:\/\/villarrealcf.es\/wp-content\/uploads\/2023\/02\/9.jpg","width":1620,"height":1080},{"url":"https:\/\/villarrealcf.es\/wp-content\/uploads\/2023\/02\/10-1.jpg","title":"","thumbnail":"https:\/\/villarrealcf.es\/wp-content\/uploads\/2023\/02\/10-1.jpg","width":1620,"height":1080},{"url":"https:\/\/villarrealcf.es\/wp-content\/uploads\/2023\/02\/11-1.jpg","title":"","thumbnail":"https:\/\/villarrealcf.es\/wp-content\/uploads\/2023\/02\/11-1.jpg","width":1620,"height":1080},{"url":"https:\/\/villarrealcf.es\/wp-content\/uploads\/2023\/02\/12-1.jpg","title":"","thumbnail":"https:\/\/villarrealcf.es\/wp-content\/uploads\/2023\/02\/12-1.jpg","width":1620,"height":1080},{"url":"https:\/\/villarrealcf.es\/wp-content\/uploads\/2023\/02\/13-1.jpg","title":"","thumbnail":"https:\/\/villarrealcf.es\/wp-content\/uploads\/2023\/02\/13-1.jpg","width":1620,"height":1080},{"url":"https:\/\/villarrealcf.es\/wp-content\/uploads\/2023\/02\/14-1.jpg","title":"","thumbnail":"https:\/\/villarrealcf.es\/wp-content\/uploads\/2023\/02\/14-1.jpg","width":1620,"height":1080},{"url":"https:\/\/villarrealcf.es\/wp-content\/uploads\/2023\/02\/15-1.jpg","title":"","thumbnail":"https:\/\/villarrealcf.es\/wp-content\/uploads\/2023\/02\/15-1.jpg","width":1620,"height":1080}]}],"children":[]}],"hero":{"id":"38d37f0","type":"container","classes":["has-el-gap","el-gap-default","elementor-section","elementor-top-section","elementor-element","elementor-element-38d37f0","elementor-section-boxed","elementor-section-height-default"],"title":"El Villarreal ja prepara el partit d'aquest diumenge davant l'FC Barcelona (21.00 hores, Estadi de la Cer\u00e0mica)","text":"El Villarreal ja prepara el partit d'aquest diumenge davant l'FC Barcelona (21.00 hores, Estadi de la Cer\u00e0mica)","headings":[{"type":"heading","widget":"heading","level":2,"text":"El Villarreal ja prepara el partit d'aquest diumenge davant l'FC Barcelona (21.00 hores, Estadi de la Cer\u00e0mica)"}],"texts":[],"buttons":[],"images":[],"widgets":["heading"],"blocks":[{"type":"heading","widget":"heading","level":2,"text":"El Villarreal ja prepara el partit d'aquest diumenge davant l'FC Barcelona (21.00 hores, Estadi de la Cer\u00e0mica)"}],"children":[]}},"sections":[{"id":"38d37f0","title":"El Villarreal ja prepara el partit d'aquest diumenge davant l'FC Barcelona (21.00 hores, Estadi de la Cer\u00e0mica)","text":"El Villarreal ja prepara el partit d'aquest diumenge davant l'FC Barcelona (21.00 hores, Estadi de la Cer\u00e0mica)","url":"","background_image":"","images":[],"videos":[],"links":[]},{"id":"89096db","title":"El conjunt groguet s\u2019ha exercitat aquest mat\u00ed a la Ciutat Esportiva Jos\u00e9 Manuel Llaneza sota els ordes de Quique Seti\u00e9n. Aix\u00ed, el Villarreal encara una nova setmana amb la vista posada en el partit davant el FC Barcelona, que es disputar\u00e0 aquest diumenge, a partir de les 21.00 hores, en l\u2019Estadi de la Cer\u00e0mica.","text":"El conjunt groguet s\u2019ha exercitat aquest mat\u00ed a la Ciutat Esportiva Jos\u00e9 Manuel Llaneza sota els ordes de Quique Seti\u00e9n. Aix\u00ed, el Villarreal encara una nova setmana amb la vista posada en el partit davant el FC Barcelona, que es disputar\u00e0 aquest diumenge, a partir de les 21.00 hores, en l\u2019Estadi de la Cer\u00e0mica.","url":"","background_image":"","images":[],"videos":[],"links":[]},{"id":"618ca04","title":"","text":"","url":"https:\/\/villarrealcf.es\/wp-content\/uploads\/2023\/02\/1-1.jpg","background_image":"","images":[],"videos":[],"links":[{"url":"https:\/\/villarrealcf.es\/wp-content\/uploads\/2023\/02\/1-1.jpg","text":"","target":""},{"url":"https:\/\/villarrealcf.es\/wp-content\/uploads\/2023\/02\/2.jpg","text":"","target":""},{"url":"https:\/\/villarrealcf.es\/wp-content\/uploads\/2023\/02\/3.jpg","text":"","target":""},{"url":"https:\/\/villarrealcf.es\/wp-content\/uploads\/2023\/02\/4.jpg","text":"","target":""},{"url":"https:\/\/villarrealcf.es\/wp-content\/uploads\/2023\/02\/5.jpg","text":"","target":""},{"url":"https:\/\/villarrealcf.es\/wp-content\/uploads\/2023\/02\/6.jpg","text":"","target":""},{"url":"https:\/\/villarrealcf.es\/wp-content\/uploads\/2023\/02\/7.jpg","text":"","target":""},{"url":"https:\/\/villarrealcf.es\/wp-content\/uploads\/2023\/02\/8.jpg","text":"","target":""},{"url":"https:\/\/villarrealcf.es\/wp-content\/uploads\/2023\/02\/9.jpg","text":"","target":""},{"url":"https:\/\/villarrealcf.es\/wp-content\/uploads\/2023\/02\/10-1.jpg","text":"","target":""},{"url":"https:\/\/villarrealcf.es\/wp-content\/uploads\/2023\/02\/11-1.jpg","text":"","target":""},{"url":"https:\/\/villarrealcf.es\/wp-content\/uploads\/2023\/02\/12-1.jpg","text":"","target":""},{"url":"https:\/\/villarrealcf.es\/wp-content\/uploads\/2023\/02\/13-1.jpg","text":"","target":""},{"url":"https:\/\/villarrealcf.es\/wp-content\/uploads\/2023\/02\/14-1.jpg","text":"","target":""},{"url":"https:\/\/villarrealcf.es\/wp-content\/uploads\/2023\/02\/15-1.jpg","text":"","target":""}]}]},"excerpt":{"rendered":"El Villarreal ja prepara el partit d&#8217;aquest diumenge davant el FC Barcelona (21.00 hores, Estadi de la Cer\u00e0mica)","protected":false},"author":33,"featured_media":249636,"comment_status":"closed","ping_status":"closed","sticky":false,"template":"","format":"standard","meta":{"_acf_changed":false,"footnotes":""},"categories":[13493],"tags":[11486,717,9270,13474,13411,716,9205,9627,9203],"acf":null,"lang":"val","translations":{"es":249582,"val":249638,"en":249653},"essential_grid":{"has_grid":false},"formatted_date":"February 7, 2023","modified_date":"February 7, 2023","permalink":"https:\/\/villarrealcf.es\/val\/nueva-semana-de-trabajo-para-el-submarino\/","reading_time":1,"featured_media_data":{"id":249636,"title":"14","caption":"","alt_text":"","description":"","mime_type":"image\/jpeg","source_url":"https:\/\/villarrealcf.es\/wp-content\/uploads\/2023\/02\/14-2.jpg","sizes":{"thumbnail":{"url":"https:\/\/villarrealcf.es\/wp-content\/uploads\/2023\/02\/14-2.jpg","width":1920,"height":1080},"medium":{"url":"https:\/\/villarrealcf.es\/wp-content\/uploads\/2023\/02\/14-2.jpg","width":1920,"height":1080},"medium_large":{"url":"https:\/\/villarrealcf.es\/wp-content\/uploads\/2023\/02\/14-2-768x432.jpg","width":768,"height":432},"large":{"url":"https:\/\/villarrealcf.es\/wp-content\/uploads\/2023\/02\/14-2.jpg","width":788,"height":443},"1536x1536":{"url":"https:\/\/villarrealcf.es\/wp-content\/uploads\/2023\/02\/14-2-1536x864.jpg","width":1536,"height":864},"2048x2048":{"url":"https:\/\/villarrealcf.es\/wp-content\/uploads\/2023\/02\/14-2.jpg","width":1920,"height":1080},"tp-image-grid":{"url":"https:\/\/villarrealcf.es\/wp-content\/uploads\/2023\/02\/14-2-700x700.jpg","width":700,"height":700},"size-bunyad-medium":{"url":"https:\/\/villarrealcf.es\/wp-content\/uploads\/2023\/02\/14-2.jpg","width":1920,"height":1080},"sportspress-crop-medium":{"url":"https:\/\/villarrealcf.es\/wp-content\/uploads\/2023\/02\/14-2-300x300.jpg","width":300,"height":300},"sportspress-fit-medium":{"url":"https:\/\/villarrealcf.es\/wp-content\/uploads\/2023\/02\/14-2-300x169.jpg","width":300,"height":169},"sportspress-fit-icon":{"url":"https:\/\/villarrealcf.es\/wp-content\/uploads\/2023\/02\/14-2-128x72.jpg","width":128,"height":72},"sportspress-fit-mini":{"url":"https:\/\/villarrealcf.es\/wp-content\/uploads\/2023\/02\/14-2-32x18.jpg","width":32,"height":18},"bunyad-small":{"url":"https:\/\/villarrealcf.es\/wp-content\/uploads\/2023\/02\/14-2-150x84.jpg","width":150,"height":84},"bunyad-medium":{"url":"https:\/\/villarrealcf.es\/wp-content\/uploads\/2023\/02\/14-2-450x253.jpg","width":450,"height":253},"bunyad-full":{"url":"https:\/\/villarrealcf.es\/wp-content\/uploads\/2023\/02\/14-2-1200x675.jpg","width":1200,"height":675},"bunyad-viewport":{"url":"https:\/\/villarrealcf.es\/wp-content\/uploads\/2023\/02\/14-2.jpg","width":1920,"height":1080},"bunyad-768":{"url":"https:\/\/villarrealcf.es\/wp-content\/uploads\/2023\/02\/14-2-768x432.jpg","width":768,"height":432},"full":{"url":"https:\/\/villarrealcf.es\/wp-content\/uploads\/2023\/02\/14-2.jpg","width":1920,"height":1080}}},"author_data":{"id":"33","name":"Nacho Tejada","first_name":"Nacho","last_name":"Tejada","description":"","avatar_url":"https:\/\/secure.gravatar.com\/avatar\/b1580534b2fcd93e031504756165758941290488df5c88966a26f84344931fd1?s=96&d=mm&r=g","acf":null},"taxonomies_data":{"category":[{"id":13493,"name":"Primer equip","slug":"primer-equip","acf":null}],"post_tag":[{"id":11486,"name":"Entrenamiento","slug":"entrenamiento-val","acf":null},{"id":717,"name":"Football","slug":"football-d34","acf":null},{"id":9270,"name":"Futbol","slug":"futbol-val","acf":null},{"id":13474,"name":"Galer\u00eda","slug":"galeria-val","acf":null},{"id":13411,"name":"Galer\u00eda Primer Equipo","slug":"galeria-primer-equipo-val","acf":null},{"id":716,"name":"Soccer","slug":"soccer-d105","acf":null},{"id":9205,"name":"Submarino","slug":"submarino-val","acf":null},{"id":9627,"name":"Submarino Amarillo","slug":"submarino-amarillo-val","acf":null},{"id":9203,"name":"Villarreal CF","slug":"villarreal-cf-val","acf":null}],"translation_priority":[{"id":735,"name":"Optional","slug":"optional-val","acf":null}]},"seo_full":{"native":{"title":"Nova setmana de treball per al Submar\u00ed - Web Oficial del Villarreal CF","description":"El Villarreal ja prepara el partit d'aquest diumenge davant el FC Barcelona (21.00 hores, Estadi de la Cer\u00e0mica)","canonical":"https:\/\/villarrealcf.es\/val\/nueva-semana-de-trabajo-para-el-submarino\/"}},"_links":{"self":[{"href":"https:\/\/villarrealcf.es\/val\/wp-json\/wp\/v2\/posts\/249638","targetHints":{"allow":["GET"]}}],"collection":[{"href":"https:\/\/villarrealcf.es\/val\/wp-json\/wp\/v2\/posts"}],"about":[{"href":"https:\/\/villarrealcf.es\/val\/wp-json\/wp\/v2\/types\/post"}],"author":[{"embeddable":true,"href":"https:\/\/villarrealcf.es\/val\/wp-json\/wp\/v2\/users\/33"}],"replies":[{"embeddable":true,"href":"https:\/\/villarrealcf.es\/val\/wp-json\/wp\/v2\/comments?post=249638"}],"version-history":[{"count":0,"href":"https:\/\/villarrealcf.es\/val\/wp-json\/wp\/v2\/posts\/249638\/revisions"}],"wp:featuredmedia":[{"embeddable":true,"href":"https:\/\/villarrealcf.es\/val\/wp-json\/wp\/v2\/media\/249636"}],"wp:attachment":[{"href":"https:\/\/villarrealcf.es\/val\/wp-json\/wp\/v2\/media?parent=249638"}],"wp:term":[{"taxonomy":"category","embeddable":true,"href":"https:\/\/villarrealcf.es\/val\/wp-json\/wp\/v2\/categories?post=249638"},{"taxonomy":"post_tag","embeddable":true,"href":"https:\/\/villarrealcf.es\/val\/wp-json\/wp\/v2\/tags?post=249638"}],"curies":[{"name":"wp","href":"https:\/\/api.w.org\/{rel}","templated":true}]}}