{"id":249469,"date":"2023-02-07T10:20:10","date_gmt":"2023-02-07T09:20:10","guid":{"rendered":"https:\/\/villarrealcf.es\/\/pascual-font-de-mora-el-presidente-futbolista\/"},"modified":"2023-02-07T10:26:30","modified_gmt":"2023-02-07T09:26:30","slug":"pascual-font-de-mora-el-president-futbolista","status":"publish","type":"post","link":"https:\/\/villarrealcf.es\/val\/pascual-font-de-mora-el-president-futbolista\/","title":{"rendered":"Pascual Font de Mora, el president futbolista"},"content":{"protected":false,"blocks":[{"type":"heading","level":2,"text":"El sis\u00e9 episodi de \u2018Memorias del Centenario\u2019 repassa la transcendental figura de l\u2019exfutbolista i expresident del Villarreal CF"},{"type":"paragraph","text":"El Villarreal estrena el sis\u00e9 lliurament de \u2018Memorias del Centenari\u2019o, que aprofundeix en la figura de Pascual Font de Mora, exfutbolista del CAF Villarreal i expresident del Villarreal CF. Una figura clau, sense la qual no s\u2019ent\u00e9n la hist\u00f2ria de l\u2019entitat groga."},{"type":"video","kind":"iframe","url":"https:\/\/www.youtube.com\/embed\/RF-HN4sAM98?feature=oembed","poster":""},{"type":"paragraph","text":"Pascual Font de Mora \u00e9s l\u2019\u00fanic president de la hist\u00f2ria del club que ha sigut futbolista del primer equip, en l\u2019etapa dels 50. Els que ho van con\u00e9ixer com a jugador destaquen la seua gran qualitat i bon toc de pilota."},{"type":"paragraph","text":"La seua passi\u00f3 pel Villarreal CF era tal que va penjar les botes i va entrar com a directiu del club, del qual a m\u00e9s acabaria sent president. Va salvar al Villarreal quan va ser necessari i ho va conduir amb il\u00b7lusi\u00f3 fins a la Segona Divisi\u00f3. Quan, per motius de salut, ja no va poder seguir al capdavant, ho va traspassar a Fernando Roig, actual president del club, que aconseguiria donar continu\u00eftat al somni de Font de Mora: portar al Villarreal pel cap alt alt."},{"type":"paragraph","text":"En aquest especial reportatge, participen les veus de Joaqu\u00edn Font de Mora i M\u00aa Jos\u00e9 Font de Mora, fills de Pascual Font de Mora; Juli\u00e1n Garc\u00eda Candau, periodista de Vila-real; Miguel Batalla, fill de Miguel Batalla, directiu del CAF Villarreal i expresident del Villarreal CF; Adriano Garc\u00eda, exjugador i ext\u00e9cnico del Villarreal CF en l\u2019\u00e8poca de Pascual Font de Mora; Luis Moreno, exjugador del Villarreal i excompa\u00f1ero de Pascual Font de Mora; Batiste Gonz\u00e1lez el Lluent, exjugador del Villarreal i company de Pascual Font de Mora; Esteban Linares, exentrenador del Villarreal en l\u2019ascens de la temporada 1991-92; Fernando Peris, fill de l\u2019alcalde Vicente Peris, que va ser jugador del CAF Villarreal; i Jos\u00e9 Manuel Llaneza, exvicepresident del Villarreal CF."}],"structured":{"summary":{"text":"El sis\u00e9 episodi de \u2018Memorias del Centenario\u2019 repassa la transcendental figura de l\u2019exfutbolista i expresident del Villarreal CF El Villarreal estrena el sis\u00e9 lliurament de \u2018Memorias del Centenari\u2019o, que aprofundeix en la figura de Pascual Font de Mora, exfutbolista del CAF Villarreal i expresident del Villarreal CF. Una figura clau, sense la qual no s\u2019ent\u00e9n la hist\u00f2ria de l\u2019entitat groga. Cap\u00edtol 6 de Memorias del Centenario: Pascual Font de Mora Pascual Font de Mora \u00e9s l\u2019\u00fanic president de la hist\u00f2ria del club que ha sigut futbolista del primer equip, en l\u2019etapa dels 50. Els que ho van con\u00e9ixer com a jugador destaquen la seua gran qualitat i bon toc de pilota. La seua passi\u00f3 pel Villarreal CF era tal que va penjar les botes i va entrar com a directiu del club, del qual a m\u00e9s acabaria sent president. Va salvar al Villarreal quan va ser necessari i ho va conduir amb il\u00b7lusi\u00f3 fins a la Segona Divisi\u00f3. Quan, per motius de salut, ja no va poder seguir al capdavant, ho va traspassar a Fernando Roig, actual president del club, que aconseguiria donar continu\u00eftat al somni de Font de Mora: portar al Villarreal pel cap alt alt. En aquest especial reportatge, participen les veus de Joaqu\u00edn Font de Mora i M\u00aa Jos\u00e9 Font de Mora, fills de Pascual Font de Mora; Juli\u00e1n Garc\u00eda Candau, periodista de Vila-real; Miguel Batalla, fill de Miguel Batalla, directiu del CAF Villarreal i expresident del Villarreal CF; Adriano Garc\u00eda, exjugador i ext\u00e9cnico del Villarreal CF en l\u2019\u00e8poca de Pascual Font de Mora; Luis Moreno, exjugador del Villarreal i excompa\u00f1ero de Pascual Font de Mora; Batiste Gonz\u00e1lez el Lluent, exjugador del Villarreal i company de Pascual Font de Mora; Esteban Linares, exentrenador del Villarreal en l\u2019ascens de la temporada 1991-92; Fernando Peris, fill de l\u2019alcalde Vicente Peris, que va ser jugador del CAF Villarreal; i Jos\u00e9 Manuel Llaneza, exvicepresident del Villarreal CF.","headings":[{"type":"heading","level":2,"text":"El sis\u00e9 episodi de \u2018Memorias del Centenario\u2019 repassa la transcendental figura de l\u2019exfutbolista i expresident del Villarreal CF"}],"buttons":[],"images":[],"counts":{"blocks":6,"headings":1,"texts":4,"buttons":0,"images":0}},"sections":[{"id":"section-1","title":"El sis\u00e9 episodi de \u2018Memorias del Centenario\u2019 repassa la transcendental figura de l\u2019exfutbolista i expresident del Villarreal CF","text":"El sis\u00e9 episodi de \u2018Memorias del Centenario\u2019 repassa la transcendental figura de l\u2019exfutbolista i expresident del Villarreal CF El Villarreal estrena el sis\u00e9 lliurament de \u2018Memorias del Centenari\u2019o, que aprofundeix en la figura de Pascual Font de Mora, exfutbolista del CAF Villarreal i expresident del Villarreal CF. Una figura clau, sense la qual no s\u2019ent\u00e9n la hist\u00f2ria de l\u2019entitat groga. Pascual Font de Mora \u00e9s l\u2019\u00fanic president de la hist\u00f2ria del club que ha sigut futbolista del primer equip, en l\u2019etapa dels 50. Els que ho van con\u00e9ixer com a jugador destaquen la seua gran qualitat i bon toc de pilota. La seua passi\u00f3 pel Villarreal CF era tal que va penjar les botes i va entrar com a directiu del club, del qual a m\u00e9s acabaria sent president. Va salvar al Villarreal quan va ser necessari i ho va conduir amb il\u00b7lusi\u00f3 fins a la Segona Divisi\u00f3. Quan, per motius de salut, ja no va poder seguir al capdavant, ho va traspassar a Fernando Roig, actual president del club, que aconseguiria donar continu\u00eftat al somni de Font de Mora: portar al Villarreal pel cap alt alt. En aquest especial reportatge, participen les veus de Joaqu\u00edn Font de Mora i M\u00aa Jos\u00e9 Font de Mora, fills de Pascual Font de Mora; Juli\u00e1n Garc\u00eda Candau, periodista de Vila-real; Miguel Batalla, fill de Miguel Batalla, directiu del CAF Villarreal i expresident del Villarreal CF; Adriano Garc\u00eda, exjugador i ext\u00e9cnico del Villarreal CF en l\u2019\u00e8poca de Pascual Font de Mora; Luis Moreno, exjugador del Villarreal i excompa\u00f1ero de Pascual Font de Mora; Batiste Gonz\u00e1lez el Lluent, exjugador del Villarreal i company de Pascual Font de Mora; Esteban Linares, exentrenador del Villarreal en l\u2019ascens de la temporada 1991-92; Fernando Peris, fill de l\u2019alcalde Vicente Peris, que va ser jugador del CAF Villarreal; i Jos\u00e9 Manuel Llaneza, exvicepresident del Villarreal CF.","headings":[{"type":"heading","level":2,"text":"El sis\u00e9 episodi de \u2018Memorias del Centenario\u2019 repassa la transcendental figura de l\u2019exfutbolista i expresident del Villarreal CF"}],"texts":[{"type":"paragraph","text":"El Villarreal estrena el sis\u00e9 lliurament de \u2018Memorias del Centenari\u2019o, que aprofundeix en la figura de Pascual Font de Mora, exfutbolista del CAF Villarreal i expresident del Villarreal CF. Una figura clau, sense la qual no s\u2019ent\u00e9n la hist\u00f2ria de l\u2019entitat groga."},{"type":"paragraph","text":"Pascual Font de Mora \u00e9s l\u2019\u00fanic president de la hist\u00f2ria del club que ha sigut futbolista del primer equip, en l\u2019etapa dels 50. Els que ho van con\u00e9ixer com a jugador destaquen la seua gran qualitat i bon toc de pilota."},{"type":"paragraph","text":"La seua passi\u00f3 pel Villarreal CF era tal que va penjar les botes i va entrar com a directiu del club, del qual a m\u00e9s acabaria sent president. Va salvar al Villarreal quan va ser necessari i ho va conduir amb il\u00b7lusi\u00f3 fins a la Segona Divisi\u00f3. Quan, per motius de salut, ja no va poder seguir al capdavant, ho va traspassar a Fernando Roig, actual president del club, que aconseguiria donar continu\u00eftat al somni de Font de Mora: portar al Villarreal pel cap alt alt."},{"type":"paragraph","text":"En aquest especial reportatge, participen les veus de Joaqu\u00edn Font de Mora i M\u00aa Jos\u00e9 Font de Mora, fills de Pascual Font de Mora; Juli\u00e1n Garc\u00eda Candau, periodista de Vila-real; Miguel Batalla, fill de Miguel Batalla, directiu del CAF Villarreal i expresident del Villarreal CF; Adriano Garc\u00eda, exjugador i ext\u00e9cnico del Villarreal CF en l\u2019\u00e8poca de Pascual Font de Mora; Luis Moreno, exjugador del Villarreal i excompa\u00f1ero de Pascual Font de Mora; Batiste Gonz\u00e1lez el Lluent, exjugador del Villarreal i company de Pascual Font de Mora; Esteban Linares, exentrenador del Villarreal en l\u2019ascens de la temporada 1991-92; Fernando Peris, fill de l\u2019alcalde Vicente Peris, que va ser jugador del CAF Villarreal; i Jos\u00e9 Manuel Llaneza, exvicepresident del Villarreal CF."}],"buttons":[],"images":[],"widgets":[],"blocks":[{"type":"heading","level":2,"text":"El sis\u00e9 episodi de \u2018Memorias del Centenario\u2019 repassa la transcendental figura de l\u2019exfutbolista i expresident del Villarreal CF"},{"type":"paragraph","text":"El Villarreal estrena el sis\u00e9 lliurament de \u2018Memorias del Centenari\u2019o, que aprofundeix en la figura de Pascual Font de Mora, exfutbolista del CAF Villarreal i expresident del Villarreal CF. Una figura clau, sense la qual no s\u2019ent\u00e9n la hist\u00f2ria de l\u2019entitat groga."},{"type":"video","kind":"iframe","url":"https:\/\/www.youtube.com\/embed\/RF-HN4sAM98?feature=oembed","poster":""},{"type":"paragraph","text":"Pascual Font de Mora \u00e9s l\u2019\u00fanic president de la hist\u00f2ria del club que ha sigut futbolista del primer equip, en l\u2019etapa dels 50. Els que ho van con\u00e9ixer com a jugador destaquen la seua gran qualitat i bon toc de pilota."},{"type":"paragraph","text":"La seua passi\u00f3 pel Villarreal CF era tal que va penjar les botes i va entrar com a directiu del club, del qual a m\u00e9s acabaria sent president. Va salvar al Villarreal quan va ser necessari i ho va conduir amb il\u00b7lusi\u00f3 fins a la Segona Divisi\u00f3. Quan, per motius de salut, ja no va poder seguir al capdavant, ho va traspassar a Fernando Roig, actual president del club, que aconseguiria donar continu\u00eftat al somni de Font de Mora: portar al Villarreal pel cap alt alt."},{"type":"paragraph","text":"En aquest especial reportatge, participen les veus de Joaqu\u00edn Font de Mora i M\u00aa Jos\u00e9 Font de Mora, fills de Pascual Font de Mora; Juli\u00e1n Garc\u00eda Candau, periodista de Vila-real; Miguel Batalla, fill de Miguel Batalla, directiu del CAF Villarreal i expresident del Villarreal CF; Adriano Garc\u00eda, exjugador i ext\u00e9cnico del Villarreal CF en l\u2019\u00e8poca de Pascual Font de Mora; Luis Moreno, exjugador del Villarreal i excompa\u00f1ero de Pascual Font de Mora; Batiste Gonz\u00e1lez el Lluent, exjugador del Villarreal i company de Pascual Font de Mora; Esteban Linares, exentrenador del Villarreal en l\u2019ascens de la temporada 1991-92; Fernando Peris, fill de l\u2019alcalde Vicente Peris, que va ser jugador del CAF Villarreal; i Jos\u00e9 Manuel Llaneza, exvicepresident del Villarreal CF."}]}],"hero":{"id":"section-1","title":"El sis\u00e9 episodi de \u2018Memorias del Centenario\u2019 repassa la transcendental figura de l\u2019exfutbolista i expresident del Villarreal CF","text":"El sis\u00e9 episodi de \u2018Memorias del Centenario\u2019 repassa la transcendental figura de l\u2019exfutbolista i expresident del Villarreal CF El Villarreal estrena el sis\u00e9 lliurament de \u2018Memorias del Centenari\u2019o, que aprofundeix en la figura de Pascual Font de Mora, exfutbolista del CAF Villarreal i expresident del Villarreal CF. Una figura clau, sense la qual no s\u2019ent\u00e9n la hist\u00f2ria de l\u2019entitat groga. Pascual Font de Mora \u00e9s l\u2019\u00fanic president de la hist\u00f2ria del club que ha sigut futbolista del primer equip, en l\u2019etapa dels 50. Els que ho van con\u00e9ixer com a jugador destaquen la seua gran qualitat i bon toc de pilota. La seua passi\u00f3 pel Villarreal CF era tal que va penjar les botes i va entrar com a directiu del club, del qual a m\u00e9s acabaria sent president. Va salvar al Villarreal quan va ser necessari i ho va conduir amb il\u00b7lusi\u00f3 fins a la Segona Divisi\u00f3. Quan, per motius de salut, ja no va poder seguir al capdavant, ho va traspassar a Fernando Roig, actual president del club, que aconseguiria donar continu\u00eftat al somni de Font de Mora: portar al Villarreal pel cap alt alt. En aquest especial reportatge, participen les veus de Joaqu\u00edn Font de Mora i M\u00aa Jos\u00e9 Font de Mora, fills de Pascual Font de Mora; Juli\u00e1n Garc\u00eda Candau, periodista de Vila-real; Miguel Batalla, fill de Miguel Batalla, directiu del CAF Villarreal i expresident del Villarreal CF; Adriano Garc\u00eda, exjugador i ext\u00e9cnico del Villarreal CF en l\u2019\u00e8poca de Pascual Font de Mora; Luis Moreno, exjugador del Villarreal i excompa\u00f1ero de Pascual Font de Mora; Batiste Gonz\u00e1lez el Lluent, exjugador del Villarreal i company de Pascual Font de Mora; Esteban Linares, exentrenador del Villarreal en l\u2019ascens de la temporada 1991-92; Fernando Peris, fill de l\u2019alcalde Vicente Peris, que va ser jugador del CAF Villarreal; i Jos\u00e9 Manuel Llaneza, exvicepresident del Villarreal CF.","headings":[{"type":"heading","level":2,"text":"El sis\u00e9 episodi de \u2018Memorias del Centenario\u2019 repassa la transcendental figura de l\u2019exfutbolista i expresident del Villarreal CF"}],"texts":[{"type":"paragraph","text":"El Villarreal estrena el sis\u00e9 lliurament de \u2018Memorias del Centenari\u2019o, que aprofundeix en la figura de Pascual Font de Mora, exfutbolista del CAF Villarreal i expresident del Villarreal CF. Una figura clau, sense la qual no s\u2019ent\u00e9n la hist\u00f2ria de l\u2019entitat groga."},{"type":"paragraph","text":"Pascual Font de Mora \u00e9s l\u2019\u00fanic president de la hist\u00f2ria del club que ha sigut futbolista del primer equip, en l\u2019etapa dels 50. Els que ho van con\u00e9ixer com a jugador destaquen la seua gran qualitat i bon toc de pilota."},{"type":"paragraph","text":"La seua passi\u00f3 pel Villarreal CF era tal que va penjar les botes i va entrar com a directiu del club, del qual a m\u00e9s acabaria sent president. Va salvar al Villarreal quan va ser necessari i ho va conduir amb il\u00b7lusi\u00f3 fins a la Segona Divisi\u00f3. Quan, per motius de salut, ja no va poder seguir al capdavant, ho va traspassar a Fernando Roig, actual president del club, que aconseguiria donar continu\u00eftat al somni de Font de Mora: portar al Villarreal pel cap alt alt."},{"type":"paragraph","text":"En aquest especial reportatge, participen les veus de Joaqu\u00edn Font de Mora i M\u00aa Jos\u00e9 Font de Mora, fills de Pascual Font de Mora; Juli\u00e1n Garc\u00eda Candau, periodista de Vila-real; Miguel Batalla, fill de Miguel Batalla, directiu del CAF Villarreal i expresident del Villarreal CF; Adriano Garc\u00eda, exjugador i ext\u00e9cnico del Villarreal CF en l\u2019\u00e8poca de Pascual Font de Mora; Luis Moreno, exjugador del Villarreal i excompa\u00f1ero de Pascual Font de Mora; Batiste Gonz\u00e1lez el Lluent, exjugador del Villarreal i company de Pascual Font de Mora; Esteban Linares, exentrenador del Villarreal en l\u2019ascens de la temporada 1991-92; Fernando Peris, fill de l\u2019alcalde Vicente Peris, que va ser jugador del CAF Villarreal; i Jos\u00e9 Manuel Llaneza, exvicepresident del Villarreal CF."}],"buttons":[],"images":[],"widgets":[],"blocks":[{"type":"heading","level":2,"text":"El sis\u00e9 episodi de \u2018Memorias del Centenario\u2019 repassa la transcendental figura de l\u2019exfutbolista i expresident del Villarreal CF"},{"type":"paragraph","text":"El Villarreal estrena el sis\u00e9 lliurament de \u2018Memorias del Centenari\u2019o, que aprofundeix en la figura de Pascual Font de Mora, exfutbolista del CAF Villarreal i expresident del Villarreal CF. Una figura clau, sense la qual no s\u2019ent\u00e9n la hist\u00f2ria de l\u2019entitat groga."},{"type":"video","kind":"iframe","url":"https:\/\/www.youtube.com\/embed\/RF-HN4sAM98?feature=oembed","poster":""},{"type":"paragraph","text":"Pascual Font de Mora \u00e9s l\u2019\u00fanic president de la hist\u00f2ria del club que ha sigut futbolista del primer equip, en l\u2019etapa dels 50. Els que ho van con\u00e9ixer com a jugador destaquen la seua gran qualitat i bon toc de pilota."},{"type":"paragraph","text":"La seua passi\u00f3 pel Villarreal CF era tal que va penjar les botes i va entrar com a directiu del club, del qual a m\u00e9s acabaria sent president. Va salvar al Villarreal quan va ser necessari i ho va conduir amb il\u00b7lusi\u00f3 fins a la Segona Divisi\u00f3. Quan, per motius de salut, ja no va poder seguir al capdavant, ho va traspassar a Fernando Roig, actual president del club, que aconseguiria donar continu\u00eftat al somni de Font de Mora: portar al Villarreal pel cap alt alt."},{"type":"paragraph","text":"En aquest especial reportatge, participen les veus de Joaqu\u00edn Font de Mora i M\u00aa Jos\u00e9 Font de Mora, fills de Pascual Font de Mora; Juli\u00e1n Garc\u00eda Candau, periodista de Vila-real; Miguel Batalla, fill de Miguel Batalla, directiu del CAF Villarreal i expresident del Villarreal CF; Adriano Garc\u00eda, exjugador i ext\u00e9cnico del Villarreal CF en l\u2019\u00e8poca de Pascual Font de Mora; Luis Moreno, exjugador del Villarreal i excompa\u00f1ero de Pascual Font de Mora; Batiste Gonz\u00e1lez el Lluent, exjugador del Villarreal i company de Pascual Font de Mora; Esteban Linares, exentrenador del Villarreal en l\u2019ascens de la temporada 1991-92; Fernando Peris, fill de l\u2019alcalde Vicente Peris, que va ser jugador del CAF Villarreal; i Jos\u00e9 Manuel Llaneza, exvicepresident del Villarreal CF."}]}},"sections":[{"id":"section-1","title":"El sis\u00e9 episodi de \u2018Memorias del Centenario\u2019 repassa la transcendental figura de l\u2019exfutbolista i expresident del Villarreal CF","text":"El sis\u00e9 episodi de \u2018Memorias del Centenario\u2019 repassa la transcendental figura de l\u2019exfutbolista i expresident del Villarreal CF El Villarreal estrena el sis\u00e9 lliurament de \u2018Memorias del Centenari\u2019o, que aprofundeix en la figura de Pascual Font de Mora, exfutbolista del CAF Villarreal i expresident del Villarreal CF. Una figura clau, sense la qual no s\u2019ent\u00e9n la hist\u00f2ria de l\u2019entitat groga. Pascual Font de Mora \u00e9s l\u2019\u00fanic president de la hist\u00f2ria del club que ha sigut futbolista del primer equip, en l\u2019etapa dels 50. Els que ho van con\u00e9ixer com a jugador destaquen la seua gran qualitat i bon toc de pilota. La seua passi\u00f3 pel Villarreal CF era tal que va penjar les botes i va entrar com a directiu del club, del qual a m\u00e9s acabaria sent president. Va salvar al Villarreal quan va ser necessari i ho va conduir amb il\u00b7lusi\u00f3 fins a la Segona Divisi\u00f3. Quan, per motius de salut, ja no va poder seguir al capdavant, ho va traspassar a Fernando Roig, actual president del club, que aconseguiria donar continu\u00eftat al somni de Font de Mora: portar al Villarreal pel cap alt alt. En aquest especial reportatge, participen les veus de Joaqu\u00edn Font de Mora i M\u00aa Jos\u00e9 Font de Mora, fills de Pascual Font de Mora; Juli\u00e1n Garc\u00eda Candau, periodista de Vila-real; Miguel Batalla, fill de Miguel Batalla, directiu del CAF Villarreal i expresident del Villarreal CF; Adriano Garc\u00eda, exjugador i ext\u00e9cnico del Villarreal CF en l\u2019\u00e8poca de Pascual Font de Mora; Luis Moreno, exjugador del Villarreal i excompa\u00f1ero de Pascual Font de Mora; Batiste Gonz\u00e1lez el Lluent, exjugador del Villarreal i company de Pascual Font de Mora; Esteban Linares, exentrenador del Villarreal en l\u2019ascens de la temporada 1991-92; Fernando Peris, fill de l\u2019alcalde Vicente Peris, que va ser jugador del CAF Villarreal; i Jos\u00e9 Manuel Llaneza, exvicepresident del Villarreal CF.","url":"","background_image":"","images":[],"videos":[{"type":"video","kind":"iframe","url":"https:\/\/www.youtube.com\/embed\/RF-HN4sAM98?feature=oembed","poster":""}],"links":[]}]},"excerpt":{"rendered":"El sexto episodio de \u2018Memorias del Centenario\u2019 repasa la trascendental figura del exfutbolista y expresidente del Villarreal CF","protected":false},"author":25,"featured_media":249452,"comment_status":"closed","ping_status":"closed","sticky":false,"template":"","format":"standard","meta":{"_acf_changed":false,"footnotes":""},"categories":[13484],"tags":[9664,717,9270,10771,12403,9278,716,9205,9627,9203],"acf":null,"lang":"val","translations":{"es":249443,"val":249469,"en":249477},"essential_grid":{"has_grid":false},"formatted_date":"February 7, 2023","modified_date":"February 7, 2023","permalink":"https:\/\/villarrealcf.es\/val\/pascual-font-de-mora-el-president-futbolista\/","reading_time":2,"featured_media_data":{"id":249452,"title":"MicrosoftTeams-image","caption":"","alt_text":"","description":"","mime_type":"image\/jpeg","source_url":"https:\/\/villarrealcf.es\/wp-content\/uploads\/2023\/02\/MicrosoftTeams-image.jpg","sizes":{"thumbnail":{"url":"https:\/\/villarrealcf.es\/wp-content\/uploads\/2023\/02\/MicrosoftTeams-image.jpg","width":1920,"height":1080},"medium":{"url":"https:\/\/villarrealcf.es\/wp-content\/uploads\/2023\/02\/MicrosoftTeams-image.jpg","width":1920,"height":1080},"medium_large":{"url":"https:\/\/villarrealcf.es\/wp-content\/uploads\/2023\/02\/MicrosoftTeams-image-768x432.jpg","width":768,"height":432},"large":{"url":"https:\/\/villarrealcf.es\/wp-content\/uploads\/2023\/02\/MicrosoftTeams-image.jpg","width":788,"height":443},"1536x1536":{"url":"https:\/\/villarrealcf.es\/wp-content\/uploads\/2023\/02\/MicrosoftTeams-image-1536x864.jpg","width":1536,"height":864},"2048x2048":{"url":"https:\/\/villarrealcf.es\/wp-content\/uploads\/2023\/02\/MicrosoftTeams-image.jpg","width":1920,"height":1080},"tp-image-grid":{"url":"https:\/\/villarrealcf.es\/wp-content\/uploads\/2023\/02\/MicrosoftTeams-image-700x700.jpg","width":700,"height":700},"size-bunyad-medium":{"url":"https:\/\/villarrealcf.es\/wp-content\/uploads\/2023\/02\/MicrosoftTeams-image.jpg","width":1920,"height":1080},"sportspress-crop-medium":{"url":"https:\/\/villarrealcf.es\/wp-content\/uploads\/2023\/02\/MicrosoftTeams-image-300x300.jpg","width":300,"height":300},"sportspress-fit-medium":{"url":"https:\/\/villarrealcf.es\/wp-content\/uploads\/2023\/02\/MicrosoftTeams-image-300x169.jpg","width":300,"height":169},"sportspress-fit-icon":{"url":"https:\/\/villarrealcf.es\/wp-content\/uploads\/2023\/02\/MicrosoftTeams-image-128x72.jpg","width":128,"height":72},"sportspress-fit-mini":{"url":"https:\/\/villarrealcf.es\/wp-content\/uploads\/2023\/02\/MicrosoftTeams-image-32x18.jpg","width":32,"height":18},"bunyad-small":{"url":"https:\/\/villarrealcf.es\/wp-content\/uploads\/2023\/02\/MicrosoftTeams-image-150x84.jpg","width":150,"height":84},"bunyad-medium":{"url":"https:\/\/villarrealcf.es\/wp-content\/uploads\/2023\/02\/MicrosoftTeams-image-450x253.jpg","width":450,"height":253},"bunyad-full":{"url":"https:\/\/villarrealcf.es\/wp-content\/uploads\/2023\/02\/MicrosoftTeams-image-1200x675.jpg","width":1200,"height":675},"bunyad-viewport":{"url":"https:\/\/villarrealcf.es\/wp-content\/uploads\/2023\/02\/MicrosoftTeams-image.jpg","width":1920,"height":1080},"bunyad-768":{"url":"https:\/\/villarrealcf.es\/wp-content\/uploads\/2023\/02\/MicrosoftTeams-image-768x432.jpg","width":768,"height":432},"full":{"url":"https:\/\/villarrealcf.es\/wp-content\/uploads\/2023\/02\/MicrosoftTeams-image.jpg","width":1920,"height":1080}}},"author_data":{"id":"25","name":"Javier Ayuso","first_name":"Javier","last_name":"Ayuso","description":"","avatar_url":"https:\/\/secure.gravatar.com\/avatar\/fcf8894be45988fcce5bbff0efe1790d2a7f4ba57e2c7c898f5068154e696495?s=96&d=mm&r=g","acf":null},"taxonomies_data":{"category":[{"id":13484,"name":"Club","slug":"club","acf":null}],"post_tag":[{"id":9664,"name":"Centenari Groguet","slug":"centenari-groguet-val","acf":null},{"id":717,"name":"Football","slug":"football-d34","acf":null},{"id":9270,"name":"Futbol","slug":"futbol-val","acf":null},{"id":10771,"name":"Historia","slug":"historia-val","acf":null},{"id":12403,"name":"Historia Grogueta","slug":"historia-grogueta-val","acf":null},{"id":9278,"name":"primera division","slug":"primera-division-val","acf":null},{"id":716,"name":"Soccer","slug":"soccer-d105","acf":null},{"id":9205,"name":"Submarino","slug":"submarino-val","acf":null},{"id":9627,"name":"Submarino Amarillo","slug":"submarino-amarillo-val","acf":null},{"id":9203,"name":"Villarreal CF","slug":"villarreal-cf-val","acf":null}],"translation_priority":[{"id":735,"name":"Optional","slug":"optional-val","acf":null}]},"seo_full":{"native":{"title":"Pascual Font de Mora, el president futbolista - Web Oficial del Villarreal CF","description":"El sexto episodio de \u2018Memorias del Centenario\u2019 repasa la trascendental figura del exfutbolista y expresidente del Villarreal CF","canonical":"https:\/\/villarrealcf.es\/val\/pascual-font-de-mora-el-president-futbolista\/"}},"_links":{"self":[{"href":"https:\/\/villarrealcf.es\/val\/wp-json\/wp\/v2\/posts\/249469","targetHints":{"allow":["GET"]}}],"collection":[{"href":"https:\/\/villarrealcf.es\/val\/wp-json\/wp\/v2\/posts"}],"about":[{"href":"https:\/\/villarrealcf.es\/val\/wp-json\/wp\/v2\/types\/post"}],"author":[{"embeddable":true,"href":"https:\/\/villarrealcf.es\/val\/wp-json\/wp\/v2\/users\/25"}],"replies":[{"embeddable":true,"href":"https:\/\/villarrealcf.es\/val\/wp-json\/wp\/v2\/comments?post=249469"}],"version-history":[{"count":0,"href":"https:\/\/villarrealcf.es\/val\/wp-json\/wp\/v2\/posts\/249469\/revisions"}],"wp:featuredmedia":[{"embeddable":true,"href":"https:\/\/villarrealcf.es\/val\/wp-json\/wp\/v2\/media\/249452"}],"wp:attachment":[{"href":"https:\/\/villarrealcf.es\/val\/wp-json\/wp\/v2\/media?parent=249469"}],"wp:term":[{"taxonomy":"category","embeddable":true,"href":"https:\/\/villarrealcf.es\/val\/wp-json\/wp\/v2\/categories?post=249469"},{"taxonomy":"post_tag","embeddable":true,"href":"https:\/\/villarrealcf.es\/val\/wp-json\/wp\/v2\/tags?post=249469"}],"curies":[{"name":"wp","href":"https:\/\/api.w.org\/{rel}","templated":true}]}}