{"id":249184,"date":"2023-02-05T15:50:53","date_gmt":"2023-02-05T14:50:53","guid":{"rendered":"https:\/\/villarrealcf.es\/\/?p=249184"},"modified":"2023-02-05T16:00:07","modified_gmt":"2023-02-05T15:00:07","slug":"derrota-davant-el-granada-0-2","status":"publish","type":"post","link":"https:\/\/villarrealcf.es\/val\/derrota-davant-el-granada-0-2\/","title":{"rendered":"Derrota davant el Granada (0-2)"},"content":{"protected":false,"blocks":[{"type":"heading","level":2,"text":"El Villarreal B es queda sense premi davant la solidesa i pegada del conjunt andal\u00fas"},{"type":"paragraph","text":"El Villarreal B va caure en la visita del Granada (0-2) a l\u2019Estadi de la Cer\u00e0mica en un partit on el conjunt de Miguel \u00c1lvarez va fer m\u00e8rits per a mer\u00e9ixer millor sort."},{"type":"paragraph","text":"No obstant aix\u00f2, la solidesa i l\u2019enorme pegada del conjunt andal\u00fas van acabar sent decisius en un xoc on el filial va lluitar durant els noranta minuts per\u00f2 al qual la sort va ser esquiva en els moments clau."},{"type":"paragraph","text":"Fitxa t\u00e8cnica:"},{"type":"paragraph","text":"Villarreal CF B: Iker \u00c1lvarez; Carreira, Dela (Pacheco, min. 82), Mbacke, Carlos Romero; Diego Collado (Geralnik, min. 66), Carlo (Mill\u00e1n, min. 66), Terrats, Sergio Lozano; For\u00e9s (Ontiveros, min. 66) i Fer Ni\u00f1o (Haissem, min. 46)."},{"type":"paragraph","text":"Granada CF: Ra\u00fal; Ricard (Quini, min. 74), Miguel Rubio, Miquel, Neva; Melendo (Sergio Ruiz, min. 65), Bodiger (Pol Lozano, min. 54), V\u00edctor D\u00edaz, Callej\u00f3n (Meseguer, min. 54); Weissman (Famara, min. 74) i Uzuni."},{"type":"paragraph","text":"Gols: 0-1. Min. 4: Weissman. 0-2. Min. 28: Uzuni."},{"type":"paragraph","text":"\u00c0rbitre: Gonz\u00e1lez Franc\u00e9s (Comit\u00e9 Canari). Va amonestar a Terrats i a Sergio Lozano per part del Villarreal B."},{"type":"paragraph","text":"Incid\u00e8ncies: Partit corresponent a la jornada 26 de LaLiga SmartBank entre el Villarreal B i el Granada CF disputat en l\u2019Estadi de la Cer\u00e0mica davant 2.255 espectadors."},{"type":"video","kind":"iframe","url":"https:\/\/widgets.besoccerapps.com\/scripts\/widgets?type=match_detail&match=49999&season=2023&flag=escudo&style=villarreal","poster":""}],"structured":{"summary":{"text":"El Villarreal B es queda sense premi davant la solidesa i pegada del conjunt andal\u00fas El Villarreal B va caure en la visita del Granada (0-2) a l\u2019Estadi de la Cer\u00e0mica en un partit on el conjunt de Miguel \u00c1lvarez va fer m\u00e8rits per a mer\u00e9ixer millor sort. No obstant aix\u00f2, la solidesa i l\u2019enorme pegada del conjunt andal\u00fas van acabar sent decisius en un xoc on el filial va lluitar durant els noranta minuts per\u00f2 al qual la sort va ser esquiva en els moments clau. Fitxa t\u00e8cnica: Villarreal CF B: Iker \u00c1lvarez; Carreira, Dela (Pacheco, min. 82), Mbacke, Carlos Romero; Diego Collado (Geralnik, min. 66), Carlo (Mill\u00e1n, min. 66), Terrats, Sergio Lozano; For\u00e9s (Ontiveros, min. 66) i Fer Ni\u00f1o (Haissem, min. 46). Granada CF: Ra\u00fal; Ricard (Quini, min. 74), Miguel Rubio, Miquel, Neva; Melendo (Sergio Ruiz, min. 65), Bodiger (Pol Lozano, min. 54), V\u00edctor D\u00edaz, Callej\u00f3n (Meseguer, min. 54); Weissman (Famara, min. 74) i Uzuni. Gols: 0-1. Min. 4: Weissman. 0-2. Min. 28: Uzuni. \u00c0rbitre: Gonz\u00e1lez Franc\u00e9s (Comit\u00e9 Canari). Va amonestar a Terrats i a Sergio Lozano per part del Villarreal B. Incid\u00e8ncies: Partit corresponent a la jornada 26 de LaLiga SmartBank entre el Villarreal B i el Granada CF disputat en l\u2019Estadi de la Cer\u00e0mica davant 2.255 espectadors.","headings":[{"type":"heading","level":2,"text":"El Villarreal B es queda sense premi davant la solidesa i pegada del conjunt andal\u00fas"}],"buttons":[],"images":[],"counts":{"blocks":10,"headings":1,"texts":8,"buttons":0,"images":0}},"sections":[{"id":"section-1","title":"El Villarreal B es queda sense premi davant la solidesa i pegada del conjunt andal\u00fas","text":"El Villarreal B es queda sense premi davant la solidesa i pegada del conjunt andal\u00fas El Villarreal B va caure en la visita del Granada (0-2) a l\u2019Estadi de la Cer\u00e0mica en un partit on el conjunt de Miguel \u00c1lvarez va fer m\u00e8rits per a mer\u00e9ixer millor sort. No obstant aix\u00f2, la solidesa i l\u2019enorme pegada del conjunt andal\u00fas van acabar sent decisius en un xoc on el filial va lluitar durant els noranta minuts per\u00f2 al qual la sort va ser esquiva en els moments clau. Fitxa t\u00e8cnica: Villarreal CF B: Iker \u00c1lvarez; Carreira, Dela (Pacheco, min. 82), Mbacke, Carlos Romero; Diego Collado (Geralnik, min. 66), Carlo (Mill\u00e1n, min. 66), Terrats, Sergio Lozano; For\u00e9s (Ontiveros, min. 66) i Fer Ni\u00f1o (Haissem, min. 46). Granada CF: Ra\u00fal; Ricard (Quini, min. 74), Miguel Rubio, Miquel, Neva; Melendo (Sergio Ruiz, min. 65), Bodiger (Pol Lozano, min. 54), V\u00edctor D\u00edaz, Callej\u00f3n (Meseguer, min. 54); Weissman (Famara, min. 74) i Uzuni. Gols: 0-1. Min. 4: Weissman. 0-2. Min. 28: Uzuni. \u00c0rbitre: Gonz\u00e1lez Franc\u00e9s (Comit\u00e9 Canari). Va amonestar a Terrats i a Sergio Lozano per part del Villarreal B. Incid\u00e8ncies: Partit corresponent a la jornada 26 de LaLiga SmartBank entre el Villarreal B i el Granada CF disputat en l\u2019Estadi de la Cer\u00e0mica davant 2.255 espectadors.","headings":[{"type":"heading","level":2,"text":"El Villarreal B es queda sense premi davant la solidesa i pegada del conjunt andal\u00fas"}],"texts":[{"type":"paragraph","text":"El Villarreal B va caure en la visita del Granada (0-2) a l\u2019Estadi de la Cer\u00e0mica en un partit on el conjunt de Miguel \u00c1lvarez va fer m\u00e8rits per a mer\u00e9ixer millor sort."},{"type":"paragraph","text":"No obstant aix\u00f2, la solidesa i l\u2019enorme pegada del conjunt andal\u00fas van acabar sent decisius en un xoc on el filial va lluitar durant els noranta minuts per\u00f2 al qual la sort va ser esquiva en els moments clau."},{"type":"paragraph","text":"Fitxa t\u00e8cnica:"},{"type":"paragraph","text":"Villarreal CF B: Iker \u00c1lvarez; Carreira, Dela (Pacheco, min. 82), Mbacke, Carlos Romero; Diego Collado (Geralnik, min. 66), Carlo (Mill\u00e1n, min. 66), Terrats, Sergio Lozano; For\u00e9s (Ontiveros, min. 66) i Fer Ni\u00f1o (Haissem, min. 46)."},{"type":"paragraph","text":"Granada CF: Ra\u00fal; Ricard (Quini, min. 74), Miguel Rubio, Miquel, Neva; Melendo (Sergio Ruiz, min. 65), Bodiger (Pol Lozano, min. 54), V\u00edctor D\u00edaz, Callej\u00f3n (Meseguer, min. 54); Weissman (Famara, min. 74) i Uzuni."},{"type":"paragraph","text":"Gols: 0-1. Min. 4: Weissman. 0-2. Min. 28: Uzuni."},{"type":"paragraph","text":"\u00c0rbitre: Gonz\u00e1lez Franc\u00e9s (Comit\u00e9 Canari). Va amonestar a Terrats i a Sergio Lozano per part del Villarreal B."},{"type":"paragraph","text":"Incid\u00e8ncies: Partit corresponent a la jornada 26 de LaLiga SmartBank entre el Villarreal B i el Granada CF disputat en l\u2019Estadi de la Cer\u00e0mica davant 2.255 espectadors."}],"buttons":[],"images":[],"widgets":[],"blocks":[{"type":"heading","level":2,"text":"El Villarreal B es queda sense premi davant la solidesa i pegada del conjunt andal\u00fas"},{"type":"paragraph","text":"El Villarreal B va caure en la visita del Granada (0-2) a l\u2019Estadi de la Cer\u00e0mica en un partit on el conjunt de Miguel \u00c1lvarez va fer m\u00e8rits per a mer\u00e9ixer millor sort."},{"type":"paragraph","text":"No obstant aix\u00f2, la solidesa i l\u2019enorme pegada del conjunt andal\u00fas van acabar sent decisius en un xoc on el filial va lluitar durant els noranta minuts per\u00f2 al qual la sort va ser esquiva en els moments clau."},{"type":"paragraph","text":"Fitxa t\u00e8cnica:"},{"type":"paragraph","text":"Villarreal CF B: Iker \u00c1lvarez; Carreira, Dela (Pacheco, min. 82), Mbacke, Carlos Romero; Diego Collado (Geralnik, min. 66), Carlo (Mill\u00e1n, min. 66), Terrats, Sergio Lozano; For\u00e9s (Ontiveros, min. 66) i Fer Ni\u00f1o (Haissem, min. 46)."},{"type":"paragraph","text":"Granada CF: Ra\u00fal; Ricard (Quini, min. 74), Miguel Rubio, Miquel, Neva; Melendo (Sergio Ruiz, min. 65), Bodiger (Pol Lozano, min. 54), V\u00edctor D\u00edaz, Callej\u00f3n (Meseguer, min. 54); Weissman (Famara, min. 74) i Uzuni."},{"type":"paragraph","text":"Gols: 0-1. Min. 4: Weissman. 0-2. Min. 28: Uzuni."},{"type":"paragraph","text":"\u00c0rbitre: Gonz\u00e1lez Franc\u00e9s (Comit\u00e9 Canari). Va amonestar a Terrats i a Sergio Lozano per part del Villarreal B."},{"type":"paragraph","text":"Incid\u00e8ncies: Partit corresponent a la jornada 26 de LaLiga SmartBank entre el Villarreal B i el Granada CF disputat en l\u2019Estadi de la Cer\u00e0mica davant 2.255 espectadors."},{"type":"video","kind":"iframe","url":"https:\/\/widgets.besoccerapps.com\/scripts\/widgets?type=match_detail&match=49999&season=2023&flag=escudo&style=villarreal","poster":""}]}],"hero":{"id":"section-1","title":"El Villarreal B es queda sense premi davant la solidesa i pegada del conjunt andal\u00fas","text":"El Villarreal B es queda sense premi davant la solidesa i pegada del conjunt andal\u00fas El Villarreal B va caure en la visita del Granada (0-2) a l\u2019Estadi de la Cer\u00e0mica en un partit on el conjunt de Miguel \u00c1lvarez va fer m\u00e8rits per a mer\u00e9ixer millor sort. No obstant aix\u00f2, la solidesa i l\u2019enorme pegada del conjunt andal\u00fas van acabar sent decisius en un xoc on el filial va lluitar durant els noranta minuts per\u00f2 al qual la sort va ser esquiva en els moments clau. Fitxa t\u00e8cnica: Villarreal CF B: Iker \u00c1lvarez; Carreira, Dela (Pacheco, min. 82), Mbacke, Carlos Romero; Diego Collado (Geralnik, min. 66), Carlo (Mill\u00e1n, min. 66), Terrats, Sergio Lozano; For\u00e9s (Ontiveros, min. 66) i Fer Ni\u00f1o (Haissem, min. 46). Granada CF: Ra\u00fal; Ricard (Quini, min. 74), Miguel Rubio, Miquel, Neva; Melendo (Sergio Ruiz, min. 65), Bodiger (Pol Lozano, min. 54), V\u00edctor D\u00edaz, Callej\u00f3n (Meseguer, min. 54); Weissman (Famara, min. 74) i Uzuni. Gols: 0-1. Min. 4: Weissman. 0-2. Min. 28: Uzuni. \u00c0rbitre: Gonz\u00e1lez Franc\u00e9s (Comit\u00e9 Canari). Va amonestar a Terrats i a Sergio Lozano per part del Villarreal B. Incid\u00e8ncies: Partit corresponent a la jornada 26 de LaLiga SmartBank entre el Villarreal B i el Granada CF disputat en l\u2019Estadi de la Cer\u00e0mica davant 2.255 espectadors.","headings":[{"type":"heading","level":2,"text":"El Villarreal B es queda sense premi davant la solidesa i pegada del conjunt andal\u00fas"}],"texts":[{"type":"paragraph","text":"El Villarreal B va caure en la visita del Granada (0-2) a l\u2019Estadi de la Cer\u00e0mica en un partit on el conjunt de Miguel \u00c1lvarez va fer m\u00e8rits per a mer\u00e9ixer millor sort."},{"type":"paragraph","text":"No obstant aix\u00f2, la solidesa i l\u2019enorme pegada del conjunt andal\u00fas van acabar sent decisius en un xoc on el filial va lluitar durant els noranta minuts per\u00f2 al qual la sort va ser esquiva en els moments clau."},{"type":"paragraph","text":"Fitxa t\u00e8cnica:"},{"type":"paragraph","text":"Villarreal CF B: Iker \u00c1lvarez; Carreira, Dela (Pacheco, min. 82), Mbacke, Carlos Romero; Diego Collado (Geralnik, min. 66), Carlo (Mill\u00e1n, min. 66), Terrats, Sergio Lozano; For\u00e9s (Ontiveros, min. 66) i Fer Ni\u00f1o (Haissem, min. 46)."},{"type":"paragraph","text":"Granada CF: Ra\u00fal; Ricard (Quini, min. 74), Miguel Rubio, Miquel, Neva; Melendo (Sergio Ruiz, min. 65), Bodiger (Pol Lozano, min. 54), V\u00edctor D\u00edaz, Callej\u00f3n (Meseguer, min. 54); Weissman (Famara, min. 74) i Uzuni."},{"type":"paragraph","text":"Gols: 0-1. Min. 4: Weissman. 0-2. Min. 28: Uzuni."},{"type":"paragraph","text":"\u00c0rbitre: Gonz\u00e1lez Franc\u00e9s (Comit\u00e9 Canari). Va amonestar a Terrats i a Sergio Lozano per part del Villarreal B."},{"type":"paragraph","text":"Incid\u00e8ncies: Partit corresponent a la jornada 26 de LaLiga SmartBank entre el Villarreal B i el Granada CF disputat en l\u2019Estadi de la Cer\u00e0mica davant 2.255 espectadors."}],"buttons":[],"images":[],"widgets":[],"blocks":[{"type":"heading","level":2,"text":"El Villarreal B es queda sense premi davant la solidesa i pegada del conjunt andal\u00fas"},{"type":"paragraph","text":"El Villarreal B va caure en la visita del Granada (0-2) a l\u2019Estadi de la Cer\u00e0mica en un partit on el conjunt de Miguel \u00c1lvarez va fer m\u00e8rits per a mer\u00e9ixer millor sort."},{"type":"paragraph","text":"No obstant aix\u00f2, la solidesa i l\u2019enorme pegada del conjunt andal\u00fas van acabar sent decisius en un xoc on el filial va lluitar durant els noranta minuts per\u00f2 al qual la sort va ser esquiva en els moments clau."},{"type":"paragraph","text":"Fitxa t\u00e8cnica:"},{"type":"paragraph","text":"Villarreal CF B: Iker \u00c1lvarez; Carreira, Dela (Pacheco, min. 82), Mbacke, Carlos Romero; Diego Collado (Geralnik, min. 66), Carlo (Mill\u00e1n, min. 66), Terrats, Sergio Lozano; For\u00e9s (Ontiveros, min. 66) i Fer Ni\u00f1o (Haissem, min. 46)."},{"type":"paragraph","text":"Granada CF: Ra\u00fal; Ricard (Quini, min. 74), Miguel Rubio, Miquel, Neva; Melendo (Sergio Ruiz, min. 65), Bodiger (Pol Lozano, min. 54), V\u00edctor D\u00edaz, Callej\u00f3n (Meseguer, min. 54); Weissman (Famara, min. 74) i Uzuni."},{"type":"paragraph","text":"Gols: 0-1. Min. 4: Weissman. 0-2. Min. 28: Uzuni."},{"type":"paragraph","text":"\u00c0rbitre: Gonz\u00e1lez Franc\u00e9s (Comit\u00e9 Canari). Va amonestar a Terrats i a Sergio Lozano per part del Villarreal B."},{"type":"paragraph","text":"Incid\u00e8ncies: Partit corresponent a la jornada 26 de LaLiga SmartBank entre el Villarreal B i el Granada CF disputat en l\u2019Estadi de la Cer\u00e0mica davant 2.255 espectadors."},{"type":"video","kind":"iframe","url":"https:\/\/widgets.besoccerapps.com\/scripts\/widgets?type=match_detail&match=49999&season=2023&flag=escudo&style=villarreal","poster":""}]}},"sections":[{"id":"section-1","title":"El Villarreal B es queda sense premi davant la solidesa i pegada del conjunt andal\u00fas","text":"El Villarreal B es queda sense premi davant la solidesa i pegada del conjunt andal\u00fas El Villarreal B va caure en la visita del Granada (0-2) a l\u2019Estadi de la Cer\u00e0mica en un partit on el conjunt de Miguel \u00c1lvarez va fer m\u00e8rits per a mer\u00e9ixer millor sort. No obstant aix\u00f2, la solidesa i l\u2019enorme pegada del conjunt andal\u00fas van acabar sent decisius en un xoc on el filial va lluitar durant els noranta minuts per\u00f2 al qual la sort va ser esquiva en els moments clau. Fitxa t\u00e8cnica: Villarreal CF B: Iker \u00c1lvarez; Carreira, Dela (Pacheco, min. 82), Mbacke, Carlos Romero; Diego Collado (Geralnik, min. 66), Carlo (Mill\u00e1n, min. 66), Terrats, Sergio Lozano; For\u00e9s (Ontiveros, min. 66) i Fer Ni\u00f1o (Haissem, min. 46). Granada CF: Ra\u00fal; Ricard (Quini, min. 74), Miguel Rubio, Miquel, Neva; Melendo (Sergio Ruiz, min. 65), Bodiger (Pol Lozano, min. 54), V\u00edctor D\u00edaz, Callej\u00f3n (Meseguer, min. 54); Weissman (Famara, min. 74) i Uzuni. Gols: 0-1. Min. 4: Weissman. 0-2. Min. 28: Uzuni. \u00c0rbitre: Gonz\u00e1lez Franc\u00e9s (Comit\u00e9 Canari). Va amonestar a Terrats i a Sergio Lozano per part del Villarreal B. Incid\u00e8ncies: Partit corresponent a la jornada 26 de LaLiga SmartBank entre el Villarreal B i el Granada CF disputat en l\u2019Estadi de la Cer\u00e0mica davant 2.255 espectadors.","url":"","background_image":"","images":[],"videos":[{"type":"video","kind":"iframe","url":"https:\/\/widgets.besoccerapps.com\/scripts\/widgets?type=match_detail&match=49999&season=2023&flag=escudo&style=villarreal","poster":""}],"links":[]}]},"excerpt":{"rendered":"El Villarreal B es queda sense premi davant la solidesa i pegada del conjunt andal\u00fas El Villarreal B va caure en la visita del Granada (0-2) a l&#8217;Estadi de la Cer\u00e0mica en un partit on el conjunt de Miguel \u00c1lvarez va fer m\u00e8rits per a mer\u00e9ixer millor sort. No obstant aix\u00f2, la solidesa i l&#8217;enorme","protected":false},"author":22,"featured_media":249181,"comment_status":"closed","ping_status":"closed","sticky":false,"template":"","format":"standard","meta":{"_acf_changed":false,"footnotes":""},"categories":[13803],"tags":[10325,13819,9270,9227,9229],"acf":null,"lang":"val","translations":{"es":249177,"val":249184,"en":249250},"essential_grid":{"has_grid":false},"formatted_date":"February 5, 2023","modified_date":"February 5, 2023","permalink":"https:\/\/villarrealcf.es\/val\/derrota-davant-el-granada-0-2\/","reading_time":2,"featured_media_data":{"id":249181,"title":"1","caption":"","alt_text":"","description":"","mime_type":"image\/jpeg","source_url":"https:\/\/villarrealcf.es\/wp-content\/uploads\/2023\/02\/1.jpg","sizes":{"thumbnail":{"url":"https:\/\/villarrealcf.es\/wp-content\/uploads\/2023\/02\/1.jpg","width":1920,"height":1080},"medium":{"url":"https:\/\/villarrealcf.es\/wp-content\/uploads\/2023\/02\/1.jpg","width":1920,"height":1080},"medium_large":{"url":"https:\/\/villarrealcf.es\/wp-content\/uploads\/2023\/02\/1-768x432.jpg","width":768,"height":432},"large":{"url":"https:\/\/villarrealcf.es\/wp-content\/uploads\/2023\/02\/1.jpg","width":788,"height":443},"1536x1536":{"url":"https:\/\/villarrealcf.es\/wp-content\/uploads\/2023\/02\/1-1536x864.jpg","width":1536,"height":864},"2048x2048":{"url":"https:\/\/villarrealcf.es\/wp-content\/uploads\/2023\/02\/1.jpg","width":1920,"height":1080},"tp-image-grid":{"url":"https:\/\/villarrealcf.es\/wp-content\/uploads\/2023\/02\/1-700x700.jpg","width":700,"height":700},"size-bunyad-medium":{"url":"https:\/\/villarrealcf.es\/wp-content\/uploads\/2023\/02\/1.jpg","width":1920,"height":1080},"sportspress-crop-medium":{"url":"https:\/\/villarrealcf.es\/wp-content\/uploads\/2023\/02\/1-300x300.jpg","width":300,"height":300},"sportspress-fit-medium":{"url":"https:\/\/villarrealcf.es\/wp-content\/uploads\/2023\/02\/1-300x169.jpg","width":300,"height":169},"sportspress-fit-icon":{"url":"https:\/\/villarrealcf.es\/wp-content\/uploads\/2023\/02\/1-128x72.jpg","width":128,"height":72},"sportspress-fit-mini":{"url":"https:\/\/villarrealcf.es\/wp-content\/uploads\/2023\/02\/1-32x18.jpg","width":32,"height":18},"bunyad-small":{"url":"https:\/\/villarrealcf.es\/wp-content\/uploads\/2023\/02\/1-150x84.jpg","width":150,"height":84},"bunyad-medium":{"url":"https:\/\/villarrealcf.es\/wp-content\/uploads\/2023\/02\/1-450x253.jpg","width":450,"height":253},"bunyad-full":{"url":"https:\/\/villarrealcf.es\/wp-content\/uploads\/2023\/02\/1-1200x675.jpg","width":1200,"height":675},"bunyad-viewport":{"url":"https:\/\/villarrealcf.es\/wp-content\/uploads\/2023\/02\/1.jpg","width":1920,"height":1080},"bunyad-768":{"url":"https:\/\/villarrealcf.es\/wp-content\/uploads\/2023\/02\/1-768x432.jpg","width":768,"height":432},"full":{"url":"https:\/\/villarrealcf.es\/wp-content\/uploads\/2023\/02\/1.jpg","width":1920,"height":1080}}},"author_data":{"id":"22","name":"David Calder\u00f3n","first_name":"David","last_name":"Calder\u00f3n","description":"","avatar_url":"https:\/\/secure.gravatar.com\/avatar\/ca3914b05e6ff912415bb0b95a9fd87c2bbaf349c1fcd08d38cd4e6c56646e58?s=96&d=mm&r=g","acf":null},"taxonomies_data":{"category":[{"id":13803,"name":"Futbol base","slug":"futbol-base-val-2","acf":null}],"post_tag":[{"id":10325,"name":"Cantera Grogueta","slug":"cantera-grogueta-val","acf":null},{"id":13819,"name":"Cr\u00f3nica Villarreal B","slug":"cronica-villarreal-b-val","acf":null},{"id":9270,"name":"Futbol","slug":"futbol-val","acf":null},{"id":9227,"name":"F\u00fatbol Base","slug":"futbol-base-val","acf":null},{"id":9229,"name":"Villarreal CF B","slug":"villarreal-cf-b-val","acf":null}],"translation_priority":[{"id":735,"name":"Optional","slug":"optional-val","acf":null}]},"seo_full":{"native":{"title":"Derrota davant el Granada (0-2) - Web Oficial del Villarreal CF","description":"El Villarreal B es queda sense premi davant la solidesa i pegada del conjunt andal\u00fas El Villarreal B va caure&hellip;","canonical":"https:\/\/villarrealcf.es\/val\/derrota-davant-el-granada-0-2\/"}},"_links":{"self":[{"href":"https:\/\/villarrealcf.es\/val\/wp-json\/wp\/v2\/posts\/249184","targetHints":{"allow":["GET"]}}],"collection":[{"href":"https:\/\/villarrealcf.es\/val\/wp-json\/wp\/v2\/posts"}],"about":[{"href":"https:\/\/villarrealcf.es\/val\/wp-json\/wp\/v2\/types\/post"}],"author":[{"embeddable":true,"href":"https:\/\/villarrealcf.es\/val\/wp-json\/wp\/v2\/users\/22"}],"replies":[{"embeddable":true,"href":"https:\/\/villarrealcf.es\/val\/wp-json\/wp\/v2\/comments?post=249184"}],"version-history":[{"count":0,"href":"https:\/\/villarrealcf.es\/val\/wp-json\/wp\/v2\/posts\/249184\/revisions"}],"wp:featuredmedia":[{"embeddable":true,"href":"https:\/\/villarrealcf.es\/val\/wp-json\/wp\/v2\/media\/249181"}],"wp:attachment":[{"href":"https:\/\/villarrealcf.es\/val\/wp-json\/wp\/v2\/media?parent=249184"}],"wp:term":[{"taxonomy":"category","embeddable":true,"href":"https:\/\/villarrealcf.es\/val\/wp-json\/wp\/v2\/categories?post=249184"},{"taxonomy":"post_tag","embeddable":true,"href":"https:\/\/villarrealcf.es\/val\/wp-json\/wp\/v2\/tags?post=249184"}],"curies":[{"name":"wp","href":"https:\/\/api.w.org\/{rel}","templated":true}]}}