{"id":248530,"date":"2023-02-01T15:29:38","date_gmt":"2023-02-01T14:29:38","guid":{"rendered":"https:\/\/villarrealcf.es\/\/difundir-el-espiritu-del-villarreal-cf-en-la-provincia-es-muy-importante\/"},"modified":"2023-02-01T16:23:41","modified_gmt":"2023-02-01T15:23:41","slug":"difondre-lesperit-del-villarreal-cf-a-la-provincia-es-molt-important","status":"publish","type":"post","link":"https:\/\/villarrealcf.es\/val\/difondre-lesperit-del-villarreal-cf-a-la-provincia-es-molt-important\/","title":{"rendered":"&#8220;Difondre l&#8217;esperit del Villarreal CF a la prov\u00edncia \u00e9s molt important&#8221;"},"content":{"protected":false,"blocks":[{"type":"heading","level":2,"text":"Fernando Roig ha presidit l\u2019acte de presentaci\u00f3 del \u2018Tour Centenari Groguet\u2019"},{"type":"paragraph","text":"El Villarreal ha presentat aquest mat\u00ed el \u2018Tour Centenari Groguet\u2019, una activitat emmarcada dins del programa Endavant Prov\u00edncia que tracta d\u2019un torneig dirigit a xiquets i xiquetes d\u2019entre 6 i 12 anys de la prov\u00edncia de Castell\u00f3 que podran gaudir de la \u2018Copa Endavant 3\u00d73\u2019, una competici\u00f3 de futbol 3 que es disputar\u00e0 a Segorbe, Almassora, Benic\u00e0ssim, Nules, La Vall d\u2019Uix\u00f3, Vinar\u00f2s, Vila-real, l\u2019Alcora, Borriana, Morella, Onda i Benicarl\u00f3. A m\u00e9s, cal destacar que la final del torneig es disputar\u00e0 sobre la gespa de l\u2019Estadi de la Cer\u00e0mica."},{"type":"paragraph","text":"A la cerim\u00f2nia de presentaci\u00f3, a m\u00e9s del president Fernando Roig que ha presidit l\u2019acte, han acudit representants dels pobles esmentats anteriorment. Aquestes han sigut algunes de les declaracions m\u00e9s destacades de l\u2019acte:"},{"type":"paragraph","text":"Fernando Roig"},{"type":"paragraph","text":"\u201cDifondre tot l\u2019esperit del Villarreal als pobles de la prov\u00edncia de Castell\u00f3 a trav\u00e9s d\u2019aquesta mena d\u2019iniciatives \u00e9s molt positiu i important. Vull agrair a tots els alcaldes i oferir-los tot el que \u00e9s el Vilarreal, que \u00e9s un ambaixador all\u00e0 on anem\u201d."},{"type":"paragraph","text":"Jos\u00e9 Benlloch, alcalde de Vila-real"},{"type":"paragraph","text":"\u201cPer a la ciutat de Vila-real, col\u00b7laborar amb el Villarreal CF ha donat fruits espectaculars. El programa \u2018Endavant Prov\u00edncia\u2019, que enguany incorpora el \u2018Tour Centenari Groguet\u2019 ens permet fer activitats extraordin\u00e0ries per als m\u00e9s xicotets\u201d."},{"type":"paragraph","text":"Merche Gal\u00ed Alfonso, alcaldessa d\u2019Almassora"},{"type":"paragraph","text":"\u201cL\u2019esperit del Villarreal ha sigut capa\u00e7 d\u2019unir a tota la prov\u00edncia de Castell\u00f3 una vegada m\u00e9s. En nom de tota la ciutat vull felicitar el Villarreal CF pel seu centenari i agrair l\u2019haver sigut capa\u00e7 de fer somiar a tota la gent d\u2019Almassora, que vibra amb el Villarreal\u201d."},{"type":"paragraph","text":"Mar\u00eda Jos\u00e9 Safont, alcaldesa de Borriana"},{"type":"paragraph","text":"\u201cVull agrair al Villarreal CF per haver incl\u00f2s a Borriana en aquest equip de municipis l\u2019any del centenari. Anar als municipis de la prov\u00edncia de Castell\u00f3 a realitzar activitats amb els m\u00e9s xicotets, a m\u00e9s de mostrar-los el que \u00e9s el Villarreal CF, \u00e9s pensar en el futur\u201d."},{"type":"paragraph","text":"Gaudeix de la roda de premsa al complet de la presentaci\u00f3 del \u2018Tour Centenari Groguet\u2019:"},{"type":"video","kind":"iframe","url":"https:\/\/www.youtube.com\/embed\/q2S78u-2ER0?feature=oembed","poster":""}],"structured":{"summary":{"text":"Fernando Roig ha presidit l\u2019acte de presentaci\u00f3 del \u2018Tour Centenari Groguet\u2019 El Villarreal ha presentat aquest mat\u00ed el \u2018Tour Centenari Groguet\u2019, una activitat emmarcada dins del programa Endavant Prov\u00edncia que tracta d\u2019un torneig dirigit a xiquets i xiquetes d\u2019entre 6 i 12 anys de la prov\u00edncia de Castell\u00f3 que podran gaudir de la \u2018Copa Endavant 3\u00d73\u2019, una competici\u00f3 de futbol 3 que es disputar\u00e0 a Segorbe, Almassora, Benic\u00e0ssim, Nules, La Vall d\u2019Uix\u00f3, Vinar\u00f2s, Vila-real, l\u2019Alcora, Borriana, Morella, Onda i Benicarl\u00f3. A m\u00e9s, cal destacar que la final del torneig es disputar\u00e0 sobre la gespa de l\u2019Estadi de la Cer\u00e0mica. A la cerim\u00f2nia de presentaci\u00f3, a m\u00e9s del president Fernando Roig que ha presidit l\u2019acte, han acudit representants dels pobles esmentats anteriorment. Aquestes han sigut algunes de les declaracions m\u00e9s destacades de l\u2019acte: Fernando Roig \u201cDifondre tot l\u2019esperit del Villarreal als pobles de la prov\u00edncia de Castell\u00f3 a trav\u00e9s d\u2019aquesta mena d\u2019iniciatives \u00e9s molt positiu i important. Vull agrair a tots els alcaldes i oferir-los tot el que \u00e9s el Vilarreal, que \u00e9s un ambaixador all\u00e0 on anem\u201d. Jos\u00e9 Benlloch, alcalde de Vila-real \u201cPer a la ciutat de Vila-real, col\u00b7laborar amb el Villarreal CF ha donat fruits espectaculars. El programa \u2018Endavant Prov\u00edncia\u2019, que enguany incorpora el \u2018Tour Centenari Groguet\u2019 ens permet fer activitats extraordin\u00e0ries per als m\u00e9s xicotets\u201d. Merche Gal\u00ed Alfonso, alcaldessa d\u2019Almassora \u201cL\u2019esperit del Villarreal ha sigut capa\u00e7 d\u2019unir a tota la prov\u00edncia de Castell\u00f3 una vegada m\u00e9s. En nom de tota la ciutat vull felicitar el Villarreal CF pel seu centenari i agrair l\u2019haver sigut capa\u00e7 de fer somiar a tota la gent d\u2019Almassora, que vibra amb el Villarreal\u201d. Mar\u00eda Jos\u00e9 Safont, alcaldesa de Borriana \u201cVull agrair al Villarreal CF per haver incl\u00f2s a Borriana en aquest equip de municipis l\u2019any del centenari. Anar als municipis de la prov\u00edncia de Castell\u00f3 a realitzar activitats amb els m\u00e9s xicotets, a m\u00e9s de mostrar-los el que \u00e9s el Villarreal CF, \u00e9s pensar en el futur\u201d. Gaudeix de la roda de premsa al complet de la presentaci\u00f3 del \u2018Tour Centenari Groguet\u2019:","headings":[{"type":"heading","level":2,"text":"Fernando Roig ha presidit l\u2019acte de presentaci\u00f3 del \u2018Tour Centenari Groguet\u2019"}],"buttons":[],"images":[],"counts":{"blocks":13,"headings":1,"texts":11,"buttons":0,"images":0}},"sections":[{"id":"section-1","title":"Fernando Roig ha presidit l\u2019acte de presentaci\u00f3 del \u2018Tour Centenari Groguet\u2019","text":"Fernando Roig ha presidit l\u2019acte de presentaci\u00f3 del \u2018Tour Centenari Groguet\u2019 El Villarreal ha presentat aquest mat\u00ed el \u2018Tour Centenari Groguet\u2019, una activitat emmarcada dins del programa Endavant Prov\u00edncia que tracta d\u2019un torneig dirigit a xiquets i xiquetes d\u2019entre 6 i 12 anys de la prov\u00edncia de Castell\u00f3 que podran gaudir de la \u2018Copa Endavant 3\u00d73\u2019, una competici\u00f3 de futbol 3 que es disputar\u00e0 a Segorbe, Almassora, Benic\u00e0ssim, Nules, La Vall d\u2019Uix\u00f3, Vinar\u00f2s, Vila-real, l\u2019Alcora, Borriana, Morella, Onda i Benicarl\u00f3. A m\u00e9s, cal destacar que la final del torneig es disputar\u00e0 sobre la gespa de l\u2019Estadi de la Cer\u00e0mica. A la cerim\u00f2nia de presentaci\u00f3, a m\u00e9s del president Fernando Roig que ha presidit l\u2019acte, han acudit representants dels pobles esmentats anteriorment. Aquestes han sigut algunes de les declaracions m\u00e9s destacades de l\u2019acte: Fernando Roig \u201cDifondre tot l\u2019esperit del Villarreal als pobles de la prov\u00edncia de Castell\u00f3 a trav\u00e9s d\u2019aquesta mena d\u2019iniciatives \u00e9s molt positiu i important. Vull agrair a tots els alcaldes i oferir-los tot el que \u00e9s el Vilarreal, que \u00e9s un ambaixador all\u00e0 on anem\u201d. Jos\u00e9 Benlloch, alcalde de Vila-real \u201cPer a la ciutat de Vila-real, col\u00b7laborar amb el Villarreal CF ha donat fruits espectaculars. El programa \u2018Endavant Prov\u00edncia\u2019, que enguany incorpora el \u2018Tour Centenari Groguet\u2019 ens permet fer activitats extraordin\u00e0ries per als m\u00e9s xicotets\u201d. Merche Gal\u00ed Alfonso, alcaldessa d\u2019Almassora \u201cL\u2019esperit del Villarreal ha sigut capa\u00e7 d\u2019unir a tota la prov\u00edncia de Castell\u00f3 una vegada m\u00e9s. En nom de tota la ciutat vull felicitar el Villarreal CF pel seu centenari i agrair l\u2019haver sigut capa\u00e7 de fer somiar a tota la gent d\u2019Almassora, que vibra amb el Villarreal\u201d. Mar\u00eda Jos\u00e9 Safont, alcaldesa de Borriana \u201cVull agrair al Villarreal CF per haver incl\u00f2s a Borriana en aquest equip de municipis l\u2019any del centenari. Anar als municipis de la prov\u00edncia de Castell\u00f3 a realitzar activitats amb els m\u00e9s xicotets, a m\u00e9s de mostrar-los el que \u00e9s el Villarreal CF, \u00e9s pensar en el futur\u201d. Gaudeix de la roda de premsa al complet de la presentaci\u00f3 del \u2018Tour Centenari Groguet\u2019:","headings":[{"type":"heading","level":2,"text":"Fernando Roig ha presidit l\u2019acte de presentaci\u00f3 del \u2018Tour Centenari Groguet\u2019"}],"texts":[{"type":"paragraph","text":"El Villarreal ha presentat aquest mat\u00ed el \u2018Tour Centenari Groguet\u2019, una activitat emmarcada dins del programa Endavant Prov\u00edncia que tracta d\u2019un torneig dirigit a xiquets i xiquetes d\u2019entre 6 i 12 anys de la prov\u00edncia de Castell\u00f3 que podran gaudir de la \u2018Copa Endavant 3\u00d73\u2019, una competici\u00f3 de futbol 3 que es disputar\u00e0 a Segorbe, Almassora, Benic\u00e0ssim, Nules, La Vall d\u2019Uix\u00f3, Vinar\u00f2s, Vila-real, l\u2019Alcora, Borriana, Morella, Onda i Benicarl\u00f3. A m\u00e9s, cal destacar que la final del torneig es disputar\u00e0 sobre la gespa de l\u2019Estadi de la Cer\u00e0mica."},{"type":"paragraph","text":"A la cerim\u00f2nia de presentaci\u00f3, a m\u00e9s del president Fernando Roig que ha presidit l\u2019acte, han acudit representants dels pobles esmentats anteriorment. Aquestes han sigut algunes de les declaracions m\u00e9s destacades de l\u2019acte:"},{"type":"paragraph","text":"Fernando Roig"},{"type":"paragraph","text":"\u201cDifondre tot l\u2019esperit del Villarreal als pobles de la prov\u00edncia de Castell\u00f3 a trav\u00e9s d\u2019aquesta mena d\u2019iniciatives \u00e9s molt positiu i important. Vull agrair a tots els alcaldes i oferir-los tot el que \u00e9s el Vilarreal, que \u00e9s un ambaixador all\u00e0 on anem\u201d."},{"type":"paragraph","text":"Jos\u00e9 Benlloch, alcalde de Vila-real"},{"type":"paragraph","text":"\u201cPer a la ciutat de Vila-real, col\u00b7laborar amb el Villarreal CF ha donat fruits espectaculars. El programa \u2018Endavant Prov\u00edncia\u2019, que enguany incorpora el \u2018Tour Centenari Groguet\u2019 ens permet fer activitats extraordin\u00e0ries per als m\u00e9s xicotets\u201d."},{"type":"paragraph","text":"Merche Gal\u00ed Alfonso, alcaldessa d\u2019Almassora"},{"type":"paragraph","text":"\u201cL\u2019esperit del Villarreal ha sigut capa\u00e7 d\u2019unir a tota la prov\u00edncia de Castell\u00f3 una vegada m\u00e9s. En nom de tota la ciutat vull felicitar el Villarreal CF pel seu centenari i agrair l\u2019haver sigut capa\u00e7 de fer somiar a tota la gent d\u2019Almassora, que vibra amb el Villarreal\u201d."},{"type":"paragraph","text":"Mar\u00eda Jos\u00e9 Safont, alcaldesa de Borriana"},{"type":"paragraph","text":"\u201cVull agrair al Villarreal CF per haver incl\u00f2s a Borriana en aquest equip de municipis l\u2019any del centenari. Anar als municipis de la prov\u00edncia de Castell\u00f3 a realitzar activitats amb els m\u00e9s xicotets, a m\u00e9s de mostrar-los el que \u00e9s el Villarreal CF, \u00e9s pensar en el futur\u201d."},{"type":"paragraph","text":"Gaudeix de la roda de premsa al complet de la presentaci\u00f3 del \u2018Tour Centenari Groguet\u2019:"}],"buttons":[],"images":[],"widgets":[],"blocks":[{"type":"heading","level":2,"text":"Fernando Roig ha presidit l\u2019acte de presentaci\u00f3 del \u2018Tour Centenari Groguet\u2019"},{"type":"paragraph","text":"El Villarreal ha presentat aquest mat\u00ed el \u2018Tour Centenari Groguet\u2019, una activitat emmarcada dins del programa Endavant Prov\u00edncia que tracta d\u2019un torneig dirigit a xiquets i xiquetes d\u2019entre 6 i 12 anys de la prov\u00edncia de Castell\u00f3 que podran gaudir de la \u2018Copa Endavant 3\u00d73\u2019, una competici\u00f3 de futbol 3 que es disputar\u00e0 a Segorbe, Almassora, Benic\u00e0ssim, Nules, La Vall d\u2019Uix\u00f3, Vinar\u00f2s, Vila-real, l\u2019Alcora, Borriana, Morella, Onda i Benicarl\u00f3. A m\u00e9s, cal destacar que la final del torneig es disputar\u00e0 sobre la gespa de l\u2019Estadi de la Cer\u00e0mica."},{"type":"paragraph","text":"A la cerim\u00f2nia de presentaci\u00f3, a m\u00e9s del president Fernando Roig que ha presidit l\u2019acte, han acudit representants dels pobles esmentats anteriorment. Aquestes han sigut algunes de les declaracions m\u00e9s destacades de l\u2019acte:"},{"type":"paragraph","text":"Fernando Roig"},{"type":"paragraph","text":"\u201cDifondre tot l\u2019esperit del Villarreal als pobles de la prov\u00edncia de Castell\u00f3 a trav\u00e9s d\u2019aquesta mena d\u2019iniciatives \u00e9s molt positiu i important. Vull agrair a tots els alcaldes i oferir-los tot el que \u00e9s el Vilarreal, que \u00e9s un ambaixador all\u00e0 on anem\u201d."},{"type":"paragraph","text":"Jos\u00e9 Benlloch, alcalde de Vila-real"},{"type":"paragraph","text":"\u201cPer a la ciutat de Vila-real, col\u00b7laborar amb el Villarreal CF ha donat fruits espectaculars. El programa \u2018Endavant Prov\u00edncia\u2019, que enguany incorpora el \u2018Tour Centenari Groguet\u2019 ens permet fer activitats extraordin\u00e0ries per als m\u00e9s xicotets\u201d."},{"type":"paragraph","text":"Merche Gal\u00ed Alfonso, alcaldessa d\u2019Almassora"},{"type":"paragraph","text":"\u201cL\u2019esperit del Villarreal ha sigut capa\u00e7 d\u2019unir a tota la prov\u00edncia de Castell\u00f3 una vegada m\u00e9s. En nom de tota la ciutat vull felicitar el Villarreal CF pel seu centenari i agrair l\u2019haver sigut capa\u00e7 de fer somiar a tota la gent d\u2019Almassora, que vibra amb el Villarreal\u201d."},{"type":"paragraph","text":"Mar\u00eda Jos\u00e9 Safont, alcaldesa de Borriana"},{"type":"paragraph","text":"\u201cVull agrair al Villarreal CF per haver incl\u00f2s a Borriana en aquest equip de municipis l\u2019any del centenari. Anar als municipis de la prov\u00edncia de Castell\u00f3 a realitzar activitats amb els m\u00e9s xicotets, a m\u00e9s de mostrar-los el que \u00e9s el Villarreal CF, \u00e9s pensar en el futur\u201d."},{"type":"paragraph","text":"Gaudeix de la roda de premsa al complet de la presentaci\u00f3 del \u2018Tour Centenari Groguet\u2019:"},{"type":"video","kind":"iframe","url":"https:\/\/www.youtube.com\/embed\/q2S78u-2ER0?feature=oembed","poster":""}]}],"hero":{"id":"section-1","title":"Fernando Roig ha presidit l\u2019acte de presentaci\u00f3 del \u2018Tour Centenari Groguet\u2019","text":"Fernando Roig ha presidit l\u2019acte de presentaci\u00f3 del \u2018Tour Centenari Groguet\u2019 El Villarreal ha presentat aquest mat\u00ed el \u2018Tour Centenari Groguet\u2019, una activitat emmarcada dins del programa Endavant Prov\u00edncia que tracta d\u2019un torneig dirigit a xiquets i xiquetes d\u2019entre 6 i 12 anys de la prov\u00edncia de Castell\u00f3 que podran gaudir de la \u2018Copa Endavant 3\u00d73\u2019, una competici\u00f3 de futbol 3 que es disputar\u00e0 a Segorbe, Almassora, Benic\u00e0ssim, Nules, La Vall d\u2019Uix\u00f3, Vinar\u00f2s, Vila-real, l\u2019Alcora, Borriana, Morella, Onda i Benicarl\u00f3. A m\u00e9s, cal destacar que la final del torneig es disputar\u00e0 sobre la gespa de l\u2019Estadi de la Cer\u00e0mica. A la cerim\u00f2nia de presentaci\u00f3, a m\u00e9s del president Fernando Roig que ha presidit l\u2019acte, han acudit representants dels pobles esmentats anteriorment. Aquestes han sigut algunes de les declaracions m\u00e9s destacades de l\u2019acte: Fernando Roig \u201cDifondre tot l\u2019esperit del Villarreal als pobles de la prov\u00edncia de Castell\u00f3 a trav\u00e9s d\u2019aquesta mena d\u2019iniciatives \u00e9s molt positiu i important. Vull agrair a tots els alcaldes i oferir-los tot el que \u00e9s el Vilarreal, que \u00e9s un ambaixador all\u00e0 on anem\u201d. Jos\u00e9 Benlloch, alcalde de Vila-real \u201cPer a la ciutat de Vila-real, col\u00b7laborar amb el Villarreal CF ha donat fruits espectaculars. El programa \u2018Endavant Prov\u00edncia\u2019, que enguany incorpora el \u2018Tour Centenari Groguet\u2019 ens permet fer activitats extraordin\u00e0ries per als m\u00e9s xicotets\u201d. Merche Gal\u00ed Alfonso, alcaldessa d\u2019Almassora \u201cL\u2019esperit del Villarreal ha sigut capa\u00e7 d\u2019unir a tota la prov\u00edncia de Castell\u00f3 una vegada m\u00e9s. En nom de tota la ciutat vull felicitar el Villarreal CF pel seu centenari i agrair l\u2019haver sigut capa\u00e7 de fer somiar a tota la gent d\u2019Almassora, que vibra amb el Villarreal\u201d. Mar\u00eda Jos\u00e9 Safont, alcaldesa de Borriana \u201cVull agrair al Villarreal CF per haver incl\u00f2s a Borriana en aquest equip de municipis l\u2019any del centenari. Anar als municipis de la prov\u00edncia de Castell\u00f3 a realitzar activitats amb els m\u00e9s xicotets, a m\u00e9s de mostrar-los el que \u00e9s el Villarreal CF, \u00e9s pensar en el futur\u201d. Gaudeix de la roda de premsa al complet de la presentaci\u00f3 del \u2018Tour Centenari Groguet\u2019:","headings":[{"type":"heading","level":2,"text":"Fernando Roig ha presidit l\u2019acte de presentaci\u00f3 del \u2018Tour Centenari Groguet\u2019"}],"texts":[{"type":"paragraph","text":"El Villarreal ha presentat aquest mat\u00ed el \u2018Tour Centenari Groguet\u2019, una activitat emmarcada dins del programa Endavant Prov\u00edncia que tracta d\u2019un torneig dirigit a xiquets i xiquetes d\u2019entre 6 i 12 anys de la prov\u00edncia de Castell\u00f3 que podran gaudir de la \u2018Copa Endavant 3\u00d73\u2019, una competici\u00f3 de futbol 3 que es disputar\u00e0 a Segorbe, Almassora, Benic\u00e0ssim, Nules, La Vall d\u2019Uix\u00f3, Vinar\u00f2s, Vila-real, l\u2019Alcora, Borriana, Morella, Onda i Benicarl\u00f3. A m\u00e9s, cal destacar que la final del torneig es disputar\u00e0 sobre la gespa de l\u2019Estadi de la Cer\u00e0mica."},{"type":"paragraph","text":"A la cerim\u00f2nia de presentaci\u00f3, a m\u00e9s del president Fernando Roig que ha presidit l\u2019acte, han acudit representants dels pobles esmentats anteriorment. Aquestes han sigut algunes de les declaracions m\u00e9s destacades de l\u2019acte:"},{"type":"paragraph","text":"Fernando Roig"},{"type":"paragraph","text":"\u201cDifondre tot l\u2019esperit del Villarreal als pobles de la prov\u00edncia de Castell\u00f3 a trav\u00e9s d\u2019aquesta mena d\u2019iniciatives \u00e9s molt positiu i important. Vull agrair a tots els alcaldes i oferir-los tot el que \u00e9s el Vilarreal, que \u00e9s un ambaixador all\u00e0 on anem\u201d."},{"type":"paragraph","text":"Jos\u00e9 Benlloch, alcalde de Vila-real"},{"type":"paragraph","text":"\u201cPer a la ciutat de Vila-real, col\u00b7laborar amb el Villarreal CF ha donat fruits espectaculars. El programa \u2018Endavant Prov\u00edncia\u2019, que enguany incorpora el \u2018Tour Centenari Groguet\u2019 ens permet fer activitats extraordin\u00e0ries per als m\u00e9s xicotets\u201d."},{"type":"paragraph","text":"Merche Gal\u00ed Alfonso, alcaldessa d\u2019Almassora"},{"type":"paragraph","text":"\u201cL\u2019esperit del Villarreal ha sigut capa\u00e7 d\u2019unir a tota la prov\u00edncia de Castell\u00f3 una vegada m\u00e9s. En nom de tota la ciutat vull felicitar el Villarreal CF pel seu centenari i agrair l\u2019haver sigut capa\u00e7 de fer somiar a tota la gent d\u2019Almassora, que vibra amb el Villarreal\u201d."},{"type":"paragraph","text":"Mar\u00eda Jos\u00e9 Safont, alcaldesa de Borriana"},{"type":"paragraph","text":"\u201cVull agrair al Villarreal CF per haver incl\u00f2s a Borriana en aquest equip de municipis l\u2019any del centenari. Anar als municipis de la prov\u00edncia de Castell\u00f3 a realitzar activitats amb els m\u00e9s xicotets, a m\u00e9s de mostrar-los el que \u00e9s el Villarreal CF, \u00e9s pensar en el futur\u201d."},{"type":"paragraph","text":"Gaudeix de la roda de premsa al complet de la presentaci\u00f3 del \u2018Tour Centenari Groguet\u2019:"}],"buttons":[],"images":[],"widgets":[],"blocks":[{"type":"heading","level":2,"text":"Fernando Roig ha presidit l\u2019acte de presentaci\u00f3 del \u2018Tour Centenari Groguet\u2019"},{"type":"paragraph","text":"El Villarreal ha presentat aquest mat\u00ed el \u2018Tour Centenari Groguet\u2019, una activitat emmarcada dins del programa Endavant Prov\u00edncia que tracta d\u2019un torneig dirigit a xiquets i xiquetes d\u2019entre 6 i 12 anys de la prov\u00edncia de Castell\u00f3 que podran gaudir de la \u2018Copa Endavant 3\u00d73\u2019, una competici\u00f3 de futbol 3 que es disputar\u00e0 a Segorbe, Almassora, Benic\u00e0ssim, Nules, La Vall d\u2019Uix\u00f3, Vinar\u00f2s, Vila-real, l\u2019Alcora, Borriana, Morella, Onda i Benicarl\u00f3. A m\u00e9s, cal destacar que la final del torneig es disputar\u00e0 sobre la gespa de l\u2019Estadi de la Cer\u00e0mica."},{"type":"paragraph","text":"A la cerim\u00f2nia de presentaci\u00f3, a m\u00e9s del president Fernando Roig que ha presidit l\u2019acte, han acudit representants dels pobles esmentats anteriorment. Aquestes han sigut algunes de les declaracions m\u00e9s destacades de l\u2019acte:"},{"type":"paragraph","text":"Fernando Roig"},{"type":"paragraph","text":"\u201cDifondre tot l\u2019esperit del Villarreal als pobles de la prov\u00edncia de Castell\u00f3 a trav\u00e9s d\u2019aquesta mena d\u2019iniciatives \u00e9s molt positiu i important. Vull agrair a tots els alcaldes i oferir-los tot el que \u00e9s el Vilarreal, que \u00e9s un ambaixador all\u00e0 on anem\u201d."},{"type":"paragraph","text":"Jos\u00e9 Benlloch, alcalde de Vila-real"},{"type":"paragraph","text":"\u201cPer a la ciutat de Vila-real, col\u00b7laborar amb el Villarreal CF ha donat fruits espectaculars. El programa \u2018Endavant Prov\u00edncia\u2019, que enguany incorpora el \u2018Tour Centenari Groguet\u2019 ens permet fer activitats extraordin\u00e0ries per als m\u00e9s xicotets\u201d."},{"type":"paragraph","text":"Merche Gal\u00ed Alfonso, alcaldessa d\u2019Almassora"},{"type":"paragraph","text":"\u201cL\u2019esperit del Villarreal ha sigut capa\u00e7 d\u2019unir a tota la prov\u00edncia de Castell\u00f3 una vegada m\u00e9s. En nom de tota la ciutat vull felicitar el Villarreal CF pel seu centenari i agrair l\u2019haver sigut capa\u00e7 de fer somiar a tota la gent d\u2019Almassora, que vibra amb el Villarreal\u201d."},{"type":"paragraph","text":"Mar\u00eda Jos\u00e9 Safont, alcaldesa de Borriana"},{"type":"paragraph","text":"\u201cVull agrair al Villarreal CF per haver incl\u00f2s a Borriana en aquest equip de municipis l\u2019any del centenari. Anar als municipis de la prov\u00edncia de Castell\u00f3 a realitzar activitats amb els m\u00e9s xicotets, a m\u00e9s de mostrar-los el que \u00e9s el Villarreal CF, \u00e9s pensar en el futur\u201d."},{"type":"paragraph","text":"Gaudeix de la roda de premsa al complet de la presentaci\u00f3 del \u2018Tour Centenari Groguet\u2019:"},{"type":"video","kind":"iframe","url":"https:\/\/www.youtube.com\/embed\/q2S78u-2ER0?feature=oembed","poster":""}]}},"sections":[{"id":"section-1","title":"Fernando Roig ha presidit l\u2019acte de presentaci\u00f3 del \u2018Tour Centenari Groguet\u2019","text":"Fernando Roig ha presidit l\u2019acte de presentaci\u00f3 del \u2018Tour Centenari Groguet\u2019 El Villarreal ha presentat aquest mat\u00ed el \u2018Tour Centenari Groguet\u2019, una activitat emmarcada dins del programa Endavant Prov\u00edncia que tracta d\u2019un torneig dirigit a xiquets i xiquetes d\u2019entre 6 i 12 anys de la prov\u00edncia de Castell\u00f3 que podran gaudir de la \u2018Copa Endavant 3\u00d73\u2019, una competici\u00f3 de futbol 3 que es disputar\u00e0 a Segorbe, Almassora, Benic\u00e0ssim, Nules, La Vall d\u2019Uix\u00f3, Vinar\u00f2s, Vila-real, l\u2019Alcora, Borriana, Morella, Onda i Benicarl\u00f3. A m\u00e9s, cal destacar que la final del torneig es disputar\u00e0 sobre la gespa de l\u2019Estadi de la Cer\u00e0mica. A la cerim\u00f2nia de presentaci\u00f3, a m\u00e9s del president Fernando Roig que ha presidit l\u2019acte, han acudit representants dels pobles esmentats anteriorment. Aquestes han sigut algunes de les declaracions m\u00e9s destacades de l\u2019acte: Fernando Roig \u201cDifondre tot l\u2019esperit del Villarreal als pobles de la prov\u00edncia de Castell\u00f3 a trav\u00e9s d\u2019aquesta mena d\u2019iniciatives \u00e9s molt positiu i important. Vull agrair a tots els alcaldes i oferir-los tot el que \u00e9s el Vilarreal, que \u00e9s un ambaixador all\u00e0 on anem\u201d. Jos\u00e9 Benlloch, alcalde de Vila-real \u201cPer a la ciutat de Vila-real, col\u00b7laborar amb el Villarreal CF ha donat fruits espectaculars. El programa \u2018Endavant Prov\u00edncia\u2019, que enguany incorpora el \u2018Tour Centenari Groguet\u2019 ens permet fer activitats extraordin\u00e0ries per als m\u00e9s xicotets\u201d. Merche Gal\u00ed Alfonso, alcaldessa d\u2019Almassora \u201cL\u2019esperit del Villarreal ha sigut capa\u00e7 d\u2019unir a tota la prov\u00edncia de Castell\u00f3 una vegada m\u00e9s. En nom de tota la ciutat vull felicitar el Villarreal CF pel seu centenari i agrair l\u2019haver sigut capa\u00e7 de fer somiar a tota la gent d\u2019Almassora, que vibra amb el Villarreal\u201d. Mar\u00eda Jos\u00e9 Safont, alcaldesa de Borriana \u201cVull agrair al Villarreal CF per haver incl\u00f2s a Borriana en aquest equip de municipis l\u2019any del centenari. Anar als municipis de la prov\u00edncia de Castell\u00f3 a realitzar activitats amb els m\u00e9s xicotets, a m\u00e9s de mostrar-los el que \u00e9s el Villarreal CF, \u00e9s pensar en el futur\u201d. Gaudeix de la roda de premsa al complet de la presentaci\u00f3 del \u2018Tour Centenari Groguet\u2019:","url":"","background_image":"","images":[],"videos":[{"type":"video","kind":"iframe","url":"https:\/\/www.youtube.com\/embed\/q2S78u-2ER0?feature=oembed","poster":""}],"links":[]}]},"excerpt":{"rendered":"Fernando Roig ha presidit l&#8217;acte de presentaci\u00f3 del &#8216;Tour Centenari Groguet&#8217;","protected":false},"author":33,"featured_media":248550,"comment_status":"closed","ping_status":"closed","sticky":false,"template":"","format":"standard","meta":{"_acf_changed":false,"footnotes":""},"categories":[13484],"tags":[9664,9242,14089,9540,9270,716,9205,9627,14076,9203],"acf":null,"lang":"val","translations":{"es":248432,"val":248530,"en":248575},"essential_grid":{"has_grid":false},"formatted_date":"February 1, 2023","modified_date":"February 1, 2023","permalink":"https:\/\/villarrealcf.es\/val\/difondre-lesperit-del-villarreal-cf-a-la-provincia-es-molt-important\/","reading_time":2,"featured_media_data":{"id":248550,"title":"presi","caption":"","alt_text":"","description":"","mime_type":"image\/jpeg","source_url":"https:\/\/villarrealcf.es\/wp-content\/uploads\/2023\/02\/presi.jpg","sizes":{"thumbnail":{"url":"https:\/\/villarrealcf.es\/wp-content\/uploads\/2023\/02\/presi.jpg","width":1920,"height":1080},"medium":{"url":"https:\/\/villarrealcf.es\/wp-content\/uploads\/2023\/02\/presi.jpg","width":1920,"height":1080},"medium_large":{"url":"https:\/\/villarrealcf.es\/wp-content\/uploads\/2023\/02\/presi-768x432.jpg","width":768,"height":432},"large":{"url":"https:\/\/villarrealcf.es\/wp-content\/uploads\/2023\/02\/presi.jpg","width":788,"height":443},"1536x1536":{"url":"https:\/\/villarrealcf.es\/wp-content\/uploads\/2023\/02\/presi-1536x864.jpg","width":1536,"height":864},"2048x2048":{"url":"https:\/\/villarrealcf.es\/wp-content\/uploads\/2023\/02\/presi.jpg","width":1920,"height":1080},"tp-image-grid":{"url":"https:\/\/villarrealcf.es\/wp-content\/uploads\/2023\/02\/presi-700x700.jpg","width":700,"height":700},"size-bunyad-medium":{"url":"https:\/\/villarrealcf.es\/wp-content\/uploads\/2023\/02\/presi.jpg","width":1920,"height":1080},"sportspress-crop-medium":{"url":"https:\/\/villarrealcf.es\/wp-content\/uploads\/2023\/02\/presi-300x300.jpg","width":300,"height":300},"sportspress-fit-medium":{"url":"https:\/\/villarrealcf.es\/wp-content\/uploads\/2023\/02\/presi-300x169.jpg","width":300,"height":169},"sportspress-fit-icon":{"url":"https:\/\/villarrealcf.es\/wp-content\/uploads\/2023\/02\/presi-128x72.jpg","width":128,"height":72},"sportspress-fit-mini":{"url":"https:\/\/villarrealcf.es\/wp-content\/uploads\/2023\/02\/presi-32x18.jpg","width":32,"height":18},"bunyad-small":{"url":"https:\/\/villarrealcf.es\/wp-content\/uploads\/2023\/02\/presi-150x84.jpg","width":150,"height":84},"bunyad-medium":{"url":"https:\/\/villarrealcf.es\/wp-content\/uploads\/2023\/02\/presi-450x253.jpg","width":450,"height":253},"bunyad-full":{"url":"https:\/\/villarrealcf.es\/wp-content\/uploads\/2023\/02\/presi-1200x675.jpg","width":1200,"height":675},"bunyad-viewport":{"url":"https:\/\/villarrealcf.es\/wp-content\/uploads\/2023\/02\/presi.jpg","width":1920,"height":1080},"bunyad-768":{"url":"https:\/\/villarrealcf.es\/wp-content\/uploads\/2023\/02\/presi-768x432.jpg","width":768,"height":432},"full":{"url":"https:\/\/villarrealcf.es\/wp-content\/uploads\/2023\/02\/presi.jpg","width":1920,"height":1080}}},"author_data":{"id":"33","name":"Nacho Tejada","first_name":"Nacho","last_name":"Tejada","description":"","avatar_url":"https:\/\/secure.gravatar.com\/avatar\/b1580534b2fcd93e031504756165758941290488df5c88966a26f84344931fd1?s=96&d=mm&r=g","acf":null},"taxonomies_data":{"category":[{"id":13484,"name":"Club","slug":"club","acf":null}],"post_tag":[{"id":9664,"name":"Centenari Groguet","slug":"centenari-groguet-val","acf":null},{"id":9242,"name":"Endavant","slug":"endavant-val-2","acf":null},{"id":14089,"name":"Endavant Provincia","slug":"endavant-provincia-2-val","acf":null},{"id":9540,"name":"Fernando Roig","slug":"fernando-roig-val","acf":null},{"id":9270,"name":"Futbol","slug":"futbol-val","acf":null},{"id":716,"name":"Soccer","slug":"soccer-d105","acf":null},{"id":9205,"name":"Submarino","slug":"submarino-val","acf":null},{"id":9627,"name":"Submarino Amarillo","slug":"submarino-amarillo-val","acf":null},{"id":14076,"name":"Tour Centenario Groguet","slug":"tour-centenario-groguet-val","acf":null},{"id":9203,"name":"Villarreal CF","slug":"villarreal-cf-val","acf":null}],"translation_priority":[{"id":735,"name":"Optional","slug":"optional-val","acf":null}]},"seo_full":{"native":{"title":"&#8220;Difondre l&#8217;esperit del Villarreal CF a la prov\u00edncia \u00e9s molt important&#8221; - Web Oficial del Villarreal CF","description":"Fernando Roig ha presidit l'acte de presentaci\u00f3 del 'Tour Centenari Groguet'","canonical":"https:\/\/villarrealcf.es\/val\/difondre-lesperit-del-villarreal-cf-a-la-provincia-es-molt-important\/"}},"_links":{"self":[{"href":"https:\/\/villarrealcf.es\/val\/wp-json\/wp\/v2\/posts\/248530","targetHints":{"allow":["GET"]}}],"collection":[{"href":"https:\/\/villarrealcf.es\/val\/wp-json\/wp\/v2\/posts"}],"about":[{"href":"https:\/\/villarrealcf.es\/val\/wp-json\/wp\/v2\/types\/post"}],"author":[{"embeddable":true,"href":"https:\/\/villarrealcf.es\/val\/wp-json\/wp\/v2\/users\/33"}],"replies":[{"embeddable":true,"href":"https:\/\/villarrealcf.es\/val\/wp-json\/wp\/v2\/comments?post=248530"}],"version-history":[{"count":0,"href":"https:\/\/villarrealcf.es\/val\/wp-json\/wp\/v2\/posts\/248530\/revisions"}],"wp:featuredmedia":[{"embeddable":true,"href":"https:\/\/villarrealcf.es\/val\/wp-json\/wp\/v2\/media\/248550"}],"wp:attachment":[{"href":"https:\/\/villarrealcf.es\/val\/wp-json\/wp\/v2\/media?parent=248530"}],"wp:term":[{"taxonomy":"category","embeddable":true,"href":"https:\/\/villarrealcf.es\/val\/wp-json\/wp\/v2\/categories?post=248530"},{"taxonomy":"post_tag","embeddable":true,"href":"https:\/\/villarrealcf.es\/val\/wp-json\/wp\/v2\/tags?post=248530"}],"curies":[{"name":"wp","href":"https:\/\/api.w.org\/{rel}","templated":true}]}}