{"id":248384,"date":"2023-02-01T13:17:58","date_gmt":"2023-02-01T12:17:58","guid":{"rendered":"https:\/\/villarrealcf.es\/\/laura-rueda-aterriza-en-el-villarreal-femenino\/"},"modified":"2023-02-01T13:30:15","modified_gmt":"2023-02-01T12:30:15","slug":"laura-rueda-aterriza-en-el-villarreal-femenino","status":"publish","type":"post","link":"https:\/\/villarrealcf.es\/val\/laura-rueda-aterriza-en-el-villarreal-femenino\/","title":{"rendered":"Laura\u00a0Rueda aterra al Villarreal Femen\u00ed"},"content":{"protected":false,"blocks":[{"type":"heading","level":2,"text":"La futbolista francesa s\u2019incorpora a les files de les groguetes per a refor\u00e7ar la zona ofensiva"},{"type":"paragraph","text":"El Villarreal CF ha aconseguit un acord amb l\u2019atacant francesa Laura Rueda perqu\u00e8 defense els interessos del Villarreal Femen\u00ed el que resta de la present temporada 2022\/23. Rueda arriba a l\u2019entitat groga amb la carta de llibertat, sent el seu \u00faltim equip Le Havre Athletic Club. D\u2019aquesta manera, la futbolista estar\u00e0 vinculada al Villarreal CF fins al 30 de juny de 2023, amb opci\u00f3 d\u2019ampliar el seu contracte una altra temporada m\u00e9s."},{"type":"paragraph","text":"Pot\u00e8ncia i versatilitat per al Villarreal Femen\u00ed"},{"type":"paragraph","text":"Laura Rueda (09\/07\/1999) \u00e9s una jove jugadora que destaca per la seua pot\u00e8ncia i la gran capacitat de desborde que posseeix. Aix\u00ed mateix, l\u2019extreme francesa posseeix una gran versatilitat, ja que pot jugar en totes les posicions d\u2019atac, dotant aix\u00ed d\u2019una major consist\u00e8ncia a la faceta ofensiva de les groguetes."},{"type":"paragraph","text":"Cal destacar que Laura Rueda ha jugat en totes les categories inferiors de la Selecci\u00f3 Francesa. En la present temporada, la jugadora va disputar un total d\u201911 partits en la D1 Arkema amb Le Havre Athletic Club, sent titular en set d\u2019ells, i marcat 2 gols. Anteriorment, Rueda va jugar en el Rodez AF, La Roche ESOF i el Olympique Marseille."},{"type":"paragraph","text":"Laura Rueda, encara que va n\u00e0ixer a la ciutat francesa de Pau, tamb\u00e9 compta amb la nacionalitat espanyola."}],"structured":{"summary":{"text":"La futbolista francesa s\u2019incorpora a les files de les groguetes per a refor\u00e7ar la zona ofensiva El Villarreal CF ha aconseguit un acord amb l\u2019atacant francesa Laura Rueda perqu\u00e8 defense els interessos del Villarreal Femen\u00ed el que resta de la present temporada 2022\/23. Rueda arriba a l\u2019entitat groga amb la carta de llibertat, sent el seu \u00faltim equip Le Havre Athletic Club. D\u2019aquesta manera, la futbolista estar\u00e0 vinculada al Villarreal CF fins al 30 de juny de 2023, amb opci\u00f3 d\u2019ampliar el seu contracte una altra temporada m\u00e9s. Pot\u00e8ncia i versatilitat per al Villarreal Femen\u00ed Laura Rueda (09\/07\/1999) \u00e9s una jove jugadora que destaca per la seua pot\u00e8ncia i la gran capacitat de desborde que posseeix. Aix\u00ed mateix, l\u2019extreme francesa posseeix una gran versatilitat, ja que pot jugar en totes les posicions d\u2019atac, dotant aix\u00ed d\u2019una major consist\u00e8ncia a la faceta ofensiva de les groguetes. Cal destacar que Laura Rueda ha jugat en totes les categories inferiors de la Selecci\u00f3 Francesa. En la present temporada, la jugadora va disputar un total d\u201911 partits en la D1 Arkema amb Le Havre Athletic Club, sent titular en set d\u2019ells, i marcat 2 gols. Anteriorment, Rueda va jugar en el Rodez AF, La Roche ESOF i el Olympique Marseille. Laura Rueda, encara que va n\u00e0ixer a la ciutat francesa de Pau, tamb\u00e9 compta amb la nacionalitat espanyola.","headings":[{"type":"heading","level":2,"text":"La futbolista francesa s\u2019incorpora a les files de les groguetes per a refor\u00e7ar la zona ofensiva"}],"buttons":[],"images":[],"counts":{"blocks":6,"headings":1,"texts":5,"buttons":0,"images":0}},"sections":[{"id":"section-1","title":"La futbolista francesa s\u2019incorpora a les files de les groguetes per a refor\u00e7ar la zona ofensiva","text":"La futbolista francesa s\u2019incorpora a les files de les groguetes per a refor\u00e7ar la zona ofensiva El Villarreal CF ha aconseguit un acord amb l\u2019atacant francesa Laura Rueda perqu\u00e8 defense els interessos del Villarreal Femen\u00ed el que resta de la present temporada 2022\/23. Rueda arriba a l\u2019entitat groga amb la carta de llibertat, sent el seu \u00faltim equip Le Havre Athletic Club. D\u2019aquesta manera, la futbolista estar\u00e0 vinculada al Villarreal CF fins al 30 de juny de 2023, amb opci\u00f3 d\u2019ampliar el seu contracte una altra temporada m\u00e9s. Pot\u00e8ncia i versatilitat per al Villarreal Femen\u00ed Laura Rueda (09\/07\/1999) \u00e9s una jove jugadora que destaca per la seua pot\u00e8ncia i la gran capacitat de desborde que posseeix. Aix\u00ed mateix, l\u2019extreme francesa posseeix una gran versatilitat, ja que pot jugar en totes les posicions d\u2019atac, dotant aix\u00ed d\u2019una major consist\u00e8ncia a la faceta ofensiva de les groguetes. Cal destacar que Laura Rueda ha jugat en totes les categories inferiors de la Selecci\u00f3 Francesa. En la present temporada, la jugadora va disputar un total d\u201911 partits en la D1 Arkema amb Le Havre Athletic Club, sent titular en set d\u2019ells, i marcat 2 gols. Anteriorment, Rueda va jugar en el Rodez AF, La Roche ESOF i el Olympique Marseille. Laura Rueda, encara que va n\u00e0ixer a la ciutat francesa de Pau, tamb\u00e9 compta amb la nacionalitat espanyola.","headings":[{"type":"heading","level":2,"text":"La futbolista francesa s\u2019incorpora a les files de les groguetes per a refor\u00e7ar la zona ofensiva"}],"texts":[{"type":"paragraph","text":"El Villarreal CF ha aconseguit un acord amb l\u2019atacant francesa Laura Rueda perqu\u00e8 defense els interessos del Villarreal Femen\u00ed el que resta de la present temporada 2022\/23. Rueda arriba a l\u2019entitat groga amb la carta de llibertat, sent el seu \u00faltim equip Le Havre Athletic Club. D\u2019aquesta manera, la futbolista estar\u00e0 vinculada al Villarreal CF fins al 30 de juny de 2023, amb opci\u00f3 d\u2019ampliar el seu contracte una altra temporada m\u00e9s."},{"type":"paragraph","text":"Pot\u00e8ncia i versatilitat per al Villarreal Femen\u00ed"},{"type":"paragraph","text":"Laura Rueda (09\/07\/1999) \u00e9s una jove jugadora que destaca per la seua pot\u00e8ncia i la gran capacitat de desborde que posseeix. Aix\u00ed mateix, l\u2019extreme francesa posseeix una gran versatilitat, ja que pot jugar en totes les posicions d\u2019atac, dotant aix\u00ed d\u2019una major consist\u00e8ncia a la faceta ofensiva de les groguetes."},{"type":"paragraph","text":"Cal destacar que Laura Rueda ha jugat en totes les categories inferiors de la Selecci\u00f3 Francesa. En la present temporada, la jugadora va disputar un total d\u201911 partits en la D1 Arkema amb Le Havre Athletic Club, sent titular en set d\u2019ells, i marcat 2 gols. Anteriorment, Rueda va jugar en el Rodez AF, La Roche ESOF i el Olympique Marseille."},{"type":"paragraph","text":"Laura Rueda, encara que va n\u00e0ixer a la ciutat francesa de Pau, tamb\u00e9 compta amb la nacionalitat espanyola."}],"buttons":[],"images":[],"widgets":[],"blocks":[{"type":"heading","level":2,"text":"La futbolista francesa s\u2019incorpora a les files de les groguetes per a refor\u00e7ar la zona ofensiva"},{"type":"paragraph","text":"El Villarreal CF ha aconseguit un acord amb l\u2019atacant francesa Laura Rueda perqu\u00e8 defense els interessos del Villarreal Femen\u00ed el que resta de la present temporada 2022\/23. Rueda arriba a l\u2019entitat groga amb la carta de llibertat, sent el seu \u00faltim equip Le Havre Athletic Club. D\u2019aquesta manera, la futbolista estar\u00e0 vinculada al Villarreal CF fins al 30 de juny de 2023, amb opci\u00f3 d\u2019ampliar el seu contracte una altra temporada m\u00e9s."},{"type":"paragraph","text":"Pot\u00e8ncia i versatilitat per al Villarreal Femen\u00ed"},{"type":"paragraph","text":"Laura Rueda (09\/07\/1999) \u00e9s una jove jugadora que destaca per la seua pot\u00e8ncia i la gran capacitat de desborde que posseeix. Aix\u00ed mateix, l\u2019extreme francesa posseeix una gran versatilitat, ja que pot jugar en totes les posicions d\u2019atac, dotant aix\u00ed d\u2019una major consist\u00e8ncia a la faceta ofensiva de les groguetes."},{"type":"paragraph","text":"Cal destacar que Laura Rueda ha jugat en totes les categories inferiors de la Selecci\u00f3 Francesa. En la present temporada, la jugadora va disputar un total d\u201911 partits en la D1 Arkema amb Le Havre Athletic Club, sent titular en set d\u2019ells, i marcat 2 gols. Anteriorment, Rueda va jugar en el Rodez AF, La Roche ESOF i el Olympique Marseille."},{"type":"paragraph","text":"Laura Rueda, encara que va n\u00e0ixer a la ciutat francesa de Pau, tamb\u00e9 compta amb la nacionalitat espanyola."}]}],"hero":{"id":"section-1","title":"La futbolista francesa s\u2019incorpora a les files de les groguetes per a refor\u00e7ar la zona ofensiva","text":"La futbolista francesa s\u2019incorpora a les files de les groguetes per a refor\u00e7ar la zona ofensiva El Villarreal CF ha aconseguit un acord amb l\u2019atacant francesa Laura Rueda perqu\u00e8 defense els interessos del Villarreal Femen\u00ed el que resta de la present temporada 2022\/23. Rueda arriba a l\u2019entitat groga amb la carta de llibertat, sent el seu \u00faltim equip Le Havre Athletic Club. D\u2019aquesta manera, la futbolista estar\u00e0 vinculada al Villarreal CF fins al 30 de juny de 2023, amb opci\u00f3 d\u2019ampliar el seu contracte una altra temporada m\u00e9s. Pot\u00e8ncia i versatilitat per al Villarreal Femen\u00ed Laura Rueda (09\/07\/1999) \u00e9s una jove jugadora que destaca per la seua pot\u00e8ncia i la gran capacitat de desborde que posseeix. Aix\u00ed mateix, l\u2019extreme francesa posseeix una gran versatilitat, ja que pot jugar en totes les posicions d\u2019atac, dotant aix\u00ed d\u2019una major consist\u00e8ncia a la faceta ofensiva de les groguetes. Cal destacar que Laura Rueda ha jugat en totes les categories inferiors de la Selecci\u00f3 Francesa. En la present temporada, la jugadora va disputar un total d\u201911 partits en la D1 Arkema amb Le Havre Athletic Club, sent titular en set d\u2019ells, i marcat 2 gols. Anteriorment, Rueda va jugar en el Rodez AF, La Roche ESOF i el Olympique Marseille. Laura Rueda, encara que va n\u00e0ixer a la ciutat francesa de Pau, tamb\u00e9 compta amb la nacionalitat espanyola.","headings":[{"type":"heading","level":2,"text":"La futbolista francesa s\u2019incorpora a les files de les groguetes per a refor\u00e7ar la zona ofensiva"}],"texts":[{"type":"paragraph","text":"El Villarreal CF ha aconseguit un acord amb l\u2019atacant francesa Laura Rueda perqu\u00e8 defense els interessos del Villarreal Femen\u00ed el que resta de la present temporada 2022\/23. Rueda arriba a l\u2019entitat groga amb la carta de llibertat, sent el seu \u00faltim equip Le Havre Athletic Club. D\u2019aquesta manera, la futbolista estar\u00e0 vinculada al Villarreal CF fins al 30 de juny de 2023, amb opci\u00f3 d\u2019ampliar el seu contracte una altra temporada m\u00e9s."},{"type":"paragraph","text":"Pot\u00e8ncia i versatilitat per al Villarreal Femen\u00ed"},{"type":"paragraph","text":"Laura Rueda (09\/07\/1999) \u00e9s una jove jugadora que destaca per la seua pot\u00e8ncia i la gran capacitat de desborde que posseeix. Aix\u00ed mateix, l\u2019extreme francesa posseeix una gran versatilitat, ja que pot jugar en totes les posicions d\u2019atac, dotant aix\u00ed d\u2019una major consist\u00e8ncia a la faceta ofensiva de les groguetes."},{"type":"paragraph","text":"Cal destacar que Laura Rueda ha jugat en totes les categories inferiors de la Selecci\u00f3 Francesa. En la present temporada, la jugadora va disputar un total d\u201911 partits en la D1 Arkema amb Le Havre Athletic Club, sent titular en set d\u2019ells, i marcat 2 gols. Anteriorment, Rueda va jugar en el Rodez AF, La Roche ESOF i el Olympique Marseille."},{"type":"paragraph","text":"Laura Rueda, encara que va n\u00e0ixer a la ciutat francesa de Pau, tamb\u00e9 compta amb la nacionalitat espanyola."}],"buttons":[],"images":[],"widgets":[],"blocks":[{"type":"heading","level":2,"text":"La futbolista francesa s\u2019incorpora a les files de les groguetes per a refor\u00e7ar la zona ofensiva"},{"type":"paragraph","text":"El Villarreal CF ha aconseguit un acord amb l\u2019atacant francesa Laura Rueda perqu\u00e8 defense els interessos del Villarreal Femen\u00ed el que resta de la present temporada 2022\/23. Rueda arriba a l\u2019entitat groga amb la carta de llibertat, sent el seu \u00faltim equip Le Havre Athletic Club. D\u2019aquesta manera, la futbolista estar\u00e0 vinculada al Villarreal CF fins al 30 de juny de 2023, amb opci\u00f3 d\u2019ampliar el seu contracte una altra temporada m\u00e9s."},{"type":"paragraph","text":"Pot\u00e8ncia i versatilitat per al Villarreal Femen\u00ed"},{"type":"paragraph","text":"Laura Rueda (09\/07\/1999) \u00e9s una jove jugadora que destaca per la seua pot\u00e8ncia i la gran capacitat de desborde que posseeix. Aix\u00ed mateix, l\u2019extreme francesa posseeix una gran versatilitat, ja que pot jugar en totes les posicions d\u2019atac, dotant aix\u00ed d\u2019una major consist\u00e8ncia a la faceta ofensiva de les groguetes."},{"type":"paragraph","text":"Cal destacar que Laura Rueda ha jugat en totes les categories inferiors de la Selecci\u00f3 Francesa. En la present temporada, la jugadora va disputar un total d\u201911 partits en la D1 Arkema amb Le Havre Athletic Club, sent titular en set d\u2019ells, i marcat 2 gols. Anteriorment, Rueda va jugar en el Rodez AF, La Roche ESOF i el Olympique Marseille."},{"type":"paragraph","text":"Laura Rueda, encara que va n\u00e0ixer a la ciutat francesa de Pau, tamb\u00e9 compta amb la nacionalitat espanyola."}]}},"sections":[{"id":"section-1","title":"La futbolista francesa s\u2019incorpora a les files de les groguetes per a refor\u00e7ar la zona ofensiva","text":"La futbolista francesa s\u2019incorpora a les files de les groguetes per a refor\u00e7ar la zona ofensiva El Villarreal CF ha aconseguit un acord amb l\u2019atacant francesa Laura Rueda perqu\u00e8 defense els interessos del Villarreal Femen\u00ed el que resta de la present temporada 2022\/23. Rueda arriba a l\u2019entitat groga amb la carta de llibertat, sent el seu \u00faltim equip Le Havre Athletic Club. D\u2019aquesta manera, la futbolista estar\u00e0 vinculada al Villarreal CF fins al 30 de juny de 2023, amb opci\u00f3 d\u2019ampliar el seu contracte una altra temporada m\u00e9s. Pot\u00e8ncia i versatilitat per al Villarreal Femen\u00ed Laura Rueda (09\/07\/1999) \u00e9s una jove jugadora que destaca per la seua pot\u00e8ncia i la gran capacitat de desborde que posseeix. Aix\u00ed mateix, l\u2019extreme francesa posseeix una gran versatilitat, ja que pot jugar en totes les posicions d\u2019atac, dotant aix\u00ed d\u2019una major consist\u00e8ncia a la faceta ofensiva de les groguetes. Cal destacar que Laura Rueda ha jugat en totes les categories inferiors de la Selecci\u00f3 Francesa. En la present temporada, la jugadora va disputar un total d\u201911 partits en la D1 Arkema amb Le Havre Athletic Club, sent titular en set d\u2019ells, i marcat 2 gols. Anteriorment, Rueda va jugar en el Rodez AF, La Roche ESOF i el Olympique Marseille. Laura Rueda, encara que va n\u00e0ixer a la ciutat francesa de Pau, tamb\u00e9 compta amb la nacionalitat espanyola.","url":"","background_image":"","images":[],"videos":[],"links":[]}]},"excerpt":{"rendered":"La futbolista francesa s&#8217;incorpora a les files de les groguetes per a refor\u00e7ar la zona ofensiva","protected":false},"author":29,"featured_media":248373,"comment_status":"closed","ping_status":"closed","sticky":false,"template":"","format":"standard","meta":{"_acf_changed":false,"footnotes":""},"categories":[13785],"tags":[10059,717,9270,9684,14086,716,9205,9203,12685],"acf":null,"lang":"val","translations":{"es":248328,"en":248379,"val":248384},"essential_grid":{"has_grid":false},"formatted_date":"February 1, 2023","modified_date":"February 1, 2023","permalink":"https:\/\/villarrealcf.es\/val\/laura-rueda-aterriza-en-el-villarreal-femenino\/","reading_time":2,"featured_media_data":{"id":248373,"title":"banner 1920x1080 laura rueda copia","caption":"","alt_text":"","description":"","mime_type":"image\/jpeg","source_url":"https:\/\/villarrealcf.es\/wp-content\/uploads\/2023\/02\/banner-1920x1080-laura-rueda-copia-1.jpg","sizes":{"thumbnail":{"url":"https:\/\/villarrealcf.es\/wp-content\/uploads\/2023\/02\/banner-1920x1080-laura-rueda-copia-1.jpg","width":1920,"height":1080},"medium":{"url":"https:\/\/villarrealcf.es\/wp-content\/uploads\/2023\/02\/banner-1920x1080-laura-rueda-copia-1.jpg","width":1920,"height":1080},"medium_large":{"url":"https:\/\/villarrealcf.es\/wp-content\/uploads\/2023\/02\/banner-1920x1080-laura-rueda-copia-1-768x432.jpg","width":768,"height":432},"large":{"url":"https:\/\/villarrealcf.es\/wp-content\/uploads\/2023\/02\/banner-1920x1080-laura-rueda-copia-1.jpg","width":788,"height":443},"1536x1536":{"url":"https:\/\/villarrealcf.es\/wp-content\/uploads\/2023\/02\/banner-1920x1080-laura-rueda-copia-1-1536x864.jpg","width":1536,"height":864},"2048x2048":{"url":"https:\/\/villarrealcf.es\/wp-content\/uploads\/2023\/02\/banner-1920x1080-laura-rueda-copia-1.jpg","width":1920,"height":1080},"tp-image-grid":{"url":"https:\/\/villarrealcf.es\/wp-content\/uploads\/2023\/02\/banner-1920x1080-laura-rueda-copia-1-700x700.jpg","width":700,"height":700},"size-bunyad-medium":{"url":"https:\/\/villarrealcf.es\/wp-content\/uploads\/2023\/02\/banner-1920x1080-laura-rueda-copia-1.jpg","width":1920,"height":1080},"sportspress-crop-medium":{"url":"https:\/\/villarrealcf.es\/wp-content\/uploads\/2023\/02\/banner-1920x1080-laura-rueda-copia-1-300x300.jpg","width":300,"height":300},"sportspress-fit-medium":{"url":"https:\/\/villarrealcf.es\/wp-content\/uploads\/2023\/02\/banner-1920x1080-laura-rueda-copia-1-300x169.jpg","width":300,"height":169},"sportspress-fit-icon":{"url":"https:\/\/villarrealcf.es\/wp-content\/uploads\/2023\/02\/banner-1920x1080-laura-rueda-copia-1-128x72.jpg","width":128,"height":72},"sportspress-fit-mini":{"url":"https:\/\/villarrealcf.es\/wp-content\/uploads\/2023\/02\/banner-1920x1080-laura-rueda-copia-1-32x18.jpg","width":32,"height":18},"bunyad-small":{"url":"https:\/\/villarrealcf.es\/wp-content\/uploads\/2023\/02\/banner-1920x1080-laura-rueda-copia-1-150x84.jpg","width":150,"height":84},"bunyad-medium":{"url":"https:\/\/villarrealcf.es\/wp-content\/uploads\/2023\/02\/banner-1920x1080-laura-rueda-copia-1-450x253.jpg","width":450,"height":253},"bunyad-full":{"url":"https:\/\/villarrealcf.es\/wp-content\/uploads\/2023\/02\/banner-1920x1080-laura-rueda-copia-1-1200x675.jpg","width":1200,"height":675},"bunyad-viewport":{"url":"https:\/\/villarrealcf.es\/wp-content\/uploads\/2023\/02\/banner-1920x1080-laura-rueda-copia-1.jpg","width":1920,"height":1080},"bunyad-768":{"url":"https:\/\/villarrealcf.es\/wp-content\/uploads\/2023\/02\/banner-1920x1080-laura-rueda-copia-1-768x432.jpg","width":768,"height":432},"full":{"url":"https:\/\/villarrealcf.es\/wp-content\/uploads\/2023\/02\/banner-1920x1080-laura-rueda-copia-1.jpg","width":1920,"height":1080}}},"author_data":{"id":"29","name":"Azahara Beroy","first_name":"Azahara","last_name":"Beroy","description":"","avatar_url":"https:\/\/secure.gravatar.com\/avatar\/91b979a91a1925e60814719244bbf7824af58ced5a6e2130c2611bde24439aa7?s=96&d=mm&r=g","acf":null},"taxonomies_data":{"category":[{"id":13785,"name":"Futbol Femen\u00ed","slug":"futbol-femenino-val","acf":null}],"post_tag":[{"id":10059,"name":"Fichaje","slug":"fichaje-val","acf":null},{"id":717,"name":"Football","slug":"football-d34","acf":null},{"id":9270,"name":"Futbol","slug":"futbol-val","acf":null},{"id":9684,"name":"F\u00fatbol Femenino","slug":"futbol-femenino-val-2","acf":null},{"id":14086,"name":"Laura Rueda","slug":"laura-rueda-val","acf":null},{"id":716,"name":"Soccer","slug":"soccer-d105","acf":null},{"id":9205,"name":"Submarino","slug":"submarino-val","acf":null},{"id":9203,"name":"Villarreal CF","slug":"villarreal-cf-val","acf":null},{"id":12685,"name":"Villarreal Femenino","slug":"villarreal-femenino-val","acf":null}],"translation_priority":[{"id":735,"name":"Optional","slug":"optional-val","acf":null}]},"seo_full":{"native":{"title":"Laura\u00a0Rueda aterra al Villarreal Femen\u00ed - Web Oficial del Villarreal CF","description":"La futbolista francesa s'incorpora a les files de les groguetes per a refor\u00e7ar la zona ofensiva","canonical":"https:\/\/villarrealcf.es\/val\/laura-rueda-aterriza-en-el-villarreal-femenino\/"}},"_links":{"self":[{"href":"https:\/\/villarrealcf.es\/val\/wp-json\/wp\/v2\/posts\/248384","targetHints":{"allow":["GET"]}}],"collection":[{"href":"https:\/\/villarrealcf.es\/val\/wp-json\/wp\/v2\/posts"}],"about":[{"href":"https:\/\/villarrealcf.es\/val\/wp-json\/wp\/v2\/types\/post"}],"author":[{"embeddable":true,"href":"https:\/\/villarrealcf.es\/val\/wp-json\/wp\/v2\/users\/29"}],"replies":[{"embeddable":true,"href":"https:\/\/villarrealcf.es\/val\/wp-json\/wp\/v2\/comments?post=248384"}],"version-history":[{"count":0,"href":"https:\/\/villarrealcf.es\/val\/wp-json\/wp\/v2\/posts\/248384\/revisions"}],"wp:featuredmedia":[{"embeddable":true,"href":"https:\/\/villarrealcf.es\/val\/wp-json\/wp\/v2\/media\/248373"}],"wp:attachment":[{"href":"https:\/\/villarrealcf.es\/val\/wp-json\/wp\/v2\/media?parent=248384"}],"wp:term":[{"taxonomy":"category","embeddable":true,"href":"https:\/\/villarrealcf.es\/val\/wp-json\/wp\/v2\/categories?post=248384"},{"taxonomy":"post_tag","embeddable":true,"href":"https:\/\/villarrealcf.es\/val\/wp-json\/wp\/v2\/tags?post=248384"}],"curies":[{"name":"wp","href":"https:\/\/api.w.org\/{rel}","templated":true}]}}