{"id":247827,"date":"2023-01-31T11:59:26","date_gmt":"2023-01-31T10:59:26","guid":{"rendered":"https:\/\/villarrealcf.es\/\/el-tour-centenario-groguet-se-presenta-este-miercoles\/"},"modified":"2023-01-31T12:09:50","modified_gmt":"2023-01-31T11:09:50","slug":"el-tour-centenario-groguet-se-presenta-este-miercoles","status":"publish","type":"post","link":"https:\/\/villarrealcf.es\/val\/el-tour-centenario-groguet-se-presenta-este-miercoles\/","title":{"rendered":"El Tour Centenari Groguet es presenta aquest dimecres"},"content":{"protected":false,"blocks":[{"type":"heading","level":2,"text":"L\u2019acte estar\u00e0 dirigit als mitjans de comunicaci\u00f3 i se celebrar\u00e0 en l\u2019Estadi de la Cer\u00e0mica a les 13.00 hores"},{"type":"paragraph","text":"El Tour Centenari Groguet ja \u00e9s ac\u00ed. La nova iniciativa del Villarreal CF es presentar\u00e0 aquest dimecres a la sala de premsa de l\u2019Estadi de la Cer\u00e0mica (13.00 hores) en un acte dirigit exclusivament als mitjans de comunicaci\u00f3 que consistir\u00e0 en una roda de premsa en la qual compareixer\u00e0 el president Fernando Roig i autoritats de les respectives localitats castellonenques que es visitaran. Ser\u00e0 llavors quan es revelen tots els detalls d\u2019un Tour Centenari Groguet que promet ser espectacular."}],"structured":{"summary":{"text":"L\u2019acte estar\u00e0 dirigit als mitjans de comunicaci\u00f3 i se celebrar\u00e0 en l\u2019Estadi de la Cer\u00e0mica a les 13.00 hores El Tour Centenari Groguet ja \u00e9s ac\u00ed. La nova iniciativa del Villarreal CF es presentar\u00e0 aquest dimecres a la sala de premsa de l\u2019Estadi de la Cer\u00e0mica (13.00 hores) en un acte dirigit exclusivament als mitjans de comunicaci\u00f3 que consistir\u00e0 en una roda de premsa en la qual compareixer\u00e0 el president Fernando Roig i autoritats de les respectives localitats castellonenques que es visitaran. Ser\u00e0 llavors quan es revelen tots els detalls d\u2019un Tour Centenari Groguet que promet ser espectacular.","headings":[{"type":"heading","level":2,"text":"L\u2019acte estar\u00e0 dirigit als mitjans de comunicaci\u00f3 i se celebrar\u00e0 en l\u2019Estadi de la Cer\u00e0mica a les 13.00 hores"}],"buttons":[],"images":[],"counts":{"blocks":2,"headings":1,"texts":1,"buttons":0,"images":0}},"sections":[{"id":"section-1","title":"L\u2019acte estar\u00e0 dirigit als mitjans de comunicaci\u00f3 i se celebrar\u00e0 en l\u2019Estadi de la Cer\u00e0mica a les 13.00 hores","text":"L\u2019acte estar\u00e0 dirigit als mitjans de comunicaci\u00f3 i se celebrar\u00e0 en l\u2019Estadi de la Cer\u00e0mica a les 13.00 hores El Tour Centenari Groguet ja \u00e9s ac\u00ed. La nova iniciativa del Villarreal CF es presentar\u00e0 aquest dimecres a la sala de premsa de l\u2019Estadi de la Cer\u00e0mica (13.00 hores) en un acte dirigit exclusivament als mitjans de comunicaci\u00f3 que consistir\u00e0 en una roda de premsa en la qual compareixer\u00e0 el president Fernando Roig i autoritats de les respectives localitats castellonenques que es visitaran. Ser\u00e0 llavors quan es revelen tots els detalls d\u2019un Tour Centenari Groguet que promet ser espectacular.","headings":[{"type":"heading","level":2,"text":"L\u2019acte estar\u00e0 dirigit als mitjans de comunicaci\u00f3 i se celebrar\u00e0 en l\u2019Estadi de la Cer\u00e0mica a les 13.00 hores"}],"texts":[{"type":"paragraph","text":"El Tour Centenari Groguet ja \u00e9s ac\u00ed. La nova iniciativa del Villarreal CF es presentar\u00e0 aquest dimecres a la sala de premsa de l\u2019Estadi de la Cer\u00e0mica (13.00 hores) en un acte dirigit exclusivament als mitjans de comunicaci\u00f3 que consistir\u00e0 en una roda de premsa en la qual compareixer\u00e0 el president Fernando Roig i autoritats de les respectives localitats castellonenques que es visitaran. Ser\u00e0 llavors quan es revelen tots els detalls d\u2019un Tour Centenari Groguet que promet ser espectacular."}],"buttons":[],"images":[],"widgets":[],"blocks":[{"type":"heading","level":2,"text":"L\u2019acte estar\u00e0 dirigit als mitjans de comunicaci\u00f3 i se celebrar\u00e0 en l\u2019Estadi de la Cer\u00e0mica a les 13.00 hores"},{"type":"paragraph","text":"El Tour Centenari Groguet ja \u00e9s ac\u00ed. La nova iniciativa del Villarreal CF es presentar\u00e0 aquest dimecres a la sala de premsa de l\u2019Estadi de la Cer\u00e0mica (13.00 hores) en un acte dirigit exclusivament als mitjans de comunicaci\u00f3 que consistir\u00e0 en una roda de premsa en la qual compareixer\u00e0 el president Fernando Roig i autoritats de les respectives localitats castellonenques que es visitaran. Ser\u00e0 llavors quan es revelen tots els detalls d\u2019un Tour Centenari Groguet que promet ser espectacular."}]}],"hero":{"id":"section-1","title":"L\u2019acte estar\u00e0 dirigit als mitjans de comunicaci\u00f3 i se celebrar\u00e0 en l\u2019Estadi de la Cer\u00e0mica a les 13.00 hores","text":"L\u2019acte estar\u00e0 dirigit als mitjans de comunicaci\u00f3 i se celebrar\u00e0 en l\u2019Estadi de la Cer\u00e0mica a les 13.00 hores El Tour Centenari Groguet ja \u00e9s ac\u00ed. La nova iniciativa del Villarreal CF es presentar\u00e0 aquest dimecres a la sala de premsa de l\u2019Estadi de la Cer\u00e0mica (13.00 hores) en un acte dirigit exclusivament als mitjans de comunicaci\u00f3 que consistir\u00e0 en una roda de premsa en la qual compareixer\u00e0 el president Fernando Roig i autoritats de les respectives localitats castellonenques que es visitaran. Ser\u00e0 llavors quan es revelen tots els detalls d\u2019un Tour Centenari Groguet que promet ser espectacular.","headings":[{"type":"heading","level":2,"text":"L\u2019acte estar\u00e0 dirigit als mitjans de comunicaci\u00f3 i se celebrar\u00e0 en l\u2019Estadi de la Cer\u00e0mica a les 13.00 hores"}],"texts":[{"type":"paragraph","text":"El Tour Centenari Groguet ja \u00e9s ac\u00ed. La nova iniciativa del Villarreal CF es presentar\u00e0 aquest dimecres a la sala de premsa de l\u2019Estadi de la Cer\u00e0mica (13.00 hores) en un acte dirigit exclusivament als mitjans de comunicaci\u00f3 que consistir\u00e0 en una roda de premsa en la qual compareixer\u00e0 el president Fernando Roig i autoritats de les respectives localitats castellonenques que es visitaran. Ser\u00e0 llavors quan es revelen tots els detalls d\u2019un Tour Centenari Groguet que promet ser espectacular."}],"buttons":[],"images":[],"widgets":[],"blocks":[{"type":"heading","level":2,"text":"L\u2019acte estar\u00e0 dirigit als mitjans de comunicaci\u00f3 i se celebrar\u00e0 en l\u2019Estadi de la Cer\u00e0mica a les 13.00 hores"},{"type":"paragraph","text":"El Tour Centenari Groguet ja \u00e9s ac\u00ed. La nova iniciativa del Villarreal CF es presentar\u00e0 aquest dimecres a la sala de premsa de l\u2019Estadi de la Cer\u00e0mica (13.00 hores) en un acte dirigit exclusivament als mitjans de comunicaci\u00f3 que consistir\u00e0 en una roda de premsa en la qual compareixer\u00e0 el president Fernando Roig i autoritats de les respectives localitats castellonenques que es visitaran. Ser\u00e0 llavors quan es revelen tots els detalls d\u2019un Tour Centenari Groguet que promet ser espectacular."}]}},"sections":[{"id":"section-1","title":"L\u2019acte estar\u00e0 dirigit als mitjans de comunicaci\u00f3 i se celebrar\u00e0 en l\u2019Estadi de la Cer\u00e0mica a les 13.00 hores","text":"L\u2019acte estar\u00e0 dirigit als mitjans de comunicaci\u00f3 i se celebrar\u00e0 en l\u2019Estadi de la Cer\u00e0mica a les 13.00 hores El Tour Centenari Groguet ja \u00e9s ac\u00ed. La nova iniciativa del Villarreal CF es presentar\u00e0 aquest dimecres a la sala de premsa de l\u2019Estadi de la Cer\u00e0mica (13.00 hores) en un acte dirigit exclusivament als mitjans de comunicaci\u00f3 que consistir\u00e0 en una roda de premsa en la qual compareixer\u00e0 el president Fernando Roig i autoritats de les respectives localitats castellonenques que es visitaran. Ser\u00e0 llavors quan es revelen tots els detalls d\u2019un Tour Centenari Groguet que promet ser espectacular.","url":"","background_image":"","images":[],"videos":[],"links":[]}]},"excerpt":{"rendered":"L&#8217;acte estar\u00e0 dirigit als mitjans de comunicaci\u00f3 i se celebrar\u00e0 en l&#8217;Estadi de la Cer\u00e0mica a les 13.00 hores","protected":false},"author":23,"featured_media":247808,"comment_status":"closed","ping_status":"closed","sticky":false,"template":"","format":"standard","meta":{"_acf_changed":false,"footnotes":""},"categories":[13484],"tags":[717,9270,9278,14075,716,9205,9627,14076,9203],"acf":null,"lang":"val","translations":{"es":247803,"val":247827,"en":247853},"essential_grid":{"has_grid":false},"formatted_date":"January 31, 2023","modified_date":"January 31, 2023","permalink":"https:\/\/villarrealcf.es\/val\/el-tour-centenario-groguet-se-presenta-este-miercoles\/","reading_time":1,"featured_media_data":{"id":247808,"title":"roig","caption":"","alt_text":"","description":"","mime_type":"image\/jpeg","source_url":"https:\/\/villarrealcf.es\/wp-content\/uploads\/2023\/01\/roig.jpg","sizes":{"thumbnail":{"url":"https:\/\/villarrealcf.es\/wp-content\/uploads\/2023\/01\/roig.jpg","width":1920,"height":1080},"medium":{"url":"https:\/\/villarrealcf.es\/wp-content\/uploads\/2023\/01\/roig.jpg","width":1920,"height":1080},"medium_large":{"url":"https:\/\/villarrealcf.es\/wp-content\/uploads\/2023\/01\/roig-768x432.jpg","width":768,"height":432},"large":{"url":"https:\/\/villarrealcf.es\/wp-content\/uploads\/2023\/01\/roig.jpg","width":788,"height":443},"1536x1536":{"url":"https:\/\/villarrealcf.es\/wp-content\/uploads\/2023\/01\/roig-1536x864.jpg","width":1536,"height":864},"2048x2048":{"url":"https:\/\/villarrealcf.es\/wp-content\/uploads\/2023\/01\/roig.jpg","width":1920,"height":1080},"tp-image-grid":{"url":"https:\/\/villarrealcf.es\/wp-content\/uploads\/2023\/01\/roig-700x700.jpg","width":700,"height":700},"size-bunyad-medium":{"url":"https:\/\/villarrealcf.es\/wp-content\/uploads\/2023\/01\/roig.jpg","width":1920,"height":1080},"sportspress-crop-medium":{"url":"https:\/\/villarrealcf.es\/wp-content\/uploads\/2023\/01\/roig-300x300.jpg","width":300,"height":300},"sportspress-fit-medium":{"url":"https:\/\/villarrealcf.es\/wp-content\/uploads\/2023\/01\/roig-300x169.jpg","width":300,"height":169},"sportspress-fit-icon":{"url":"https:\/\/villarrealcf.es\/wp-content\/uploads\/2023\/01\/roig-128x72.jpg","width":128,"height":72},"sportspress-fit-mini":{"url":"https:\/\/villarrealcf.es\/wp-content\/uploads\/2023\/01\/roig-32x18.jpg","width":32,"height":18},"bunyad-small":{"url":"https:\/\/villarrealcf.es\/wp-content\/uploads\/2023\/01\/roig-150x84.jpg","width":150,"height":84},"bunyad-medium":{"url":"https:\/\/villarrealcf.es\/wp-content\/uploads\/2023\/01\/roig-450x253.jpg","width":450,"height":253},"bunyad-full":{"url":"https:\/\/villarrealcf.es\/wp-content\/uploads\/2023\/01\/roig-1200x675.jpg","width":1200,"height":675},"bunyad-viewport":{"url":"https:\/\/villarrealcf.es\/wp-content\/uploads\/2023\/01\/roig.jpg","width":1920,"height":1080},"bunyad-768":{"url":"https:\/\/villarrealcf.es\/wp-content\/uploads\/2023\/01\/roig-768x432.jpg","width":768,"height":432},"full":{"url":"https:\/\/villarrealcf.es\/wp-content\/uploads\/2023\/01\/roig.jpg","width":1920,"height":1080}}},"author_data":{"id":"23","name":"Fran Segovia","first_name":"Fran","last_name":"Segovia","description":"","avatar_url":"https:\/\/secure.gravatar.com\/avatar\/9ec849b3b9cb451091f0a96d7943b1c6be26a8d6fd3b94d5b5bfd496b2536c42?s=96&d=mm&r=g","acf":null},"taxonomies_data":{"category":[{"id":13484,"name":"Club","slug":"club","acf":null}],"post_tag":[{"id":717,"name":"Football","slug":"football-d34","acf":null},{"id":9270,"name":"Futbol","slug":"futbol-val","acf":null},{"id":9278,"name":"primera division","slug":"primera-division-val","acf":null},{"id":14075,"name":"Sin categorizar","slug":"sin-categorizar-val-4","acf":null},{"id":716,"name":"Soccer","slug":"soccer-d105","acf":null},{"id":9205,"name":"Submarino","slug":"submarino-val","acf":null},{"id":9627,"name":"Submarino Amarillo","slug":"submarino-amarillo-val","acf":null},{"id":14076,"name":"Tour Centenario Groguet","slug":"tour-centenario-groguet-val","acf":null},{"id":9203,"name":"Villarreal CF","slug":"villarreal-cf-val","acf":null}],"translation_priority":[{"id":735,"name":"Optional","slug":"optional-val","acf":null}]},"seo_full":{"native":{"title":"El Tour Centenari Groguet es presenta aquest dimecres - Web Oficial del Villarreal CF","description":"L'acte estar\u00e0 dirigit als mitjans de comunicaci\u00f3 i se celebrar\u00e0 en l'Estadi de la Cer\u00e0mica a les 13.00 hores","canonical":"https:\/\/villarrealcf.es\/val\/el-tour-centenario-groguet-se-presenta-este-miercoles\/"}},"_links":{"self":[{"href":"https:\/\/villarrealcf.es\/val\/wp-json\/wp\/v2\/posts\/247827","targetHints":{"allow":["GET"]}}],"collection":[{"href":"https:\/\/villarrealcf.es\/val\/wp-json\/wp\/v2\/posts"}],"about":[{"href":"https:\/\/villarrealcf.es\/val\/wp-json\/wp\/v2\/types\/post"}],"author":[{"embeddable":true,"href":"https:\/\/villarrealcf.es\/val\/wp-json\/wp\/v2\/users\/23"}],"replies":[{"embeddable":true,"href":"https:\/\/villarrealcf.es\/val\/wp-json\/wp\/v2\/comments?post=247827"}],"version-history":[{"count":0,"href":"https:\/\/villarrealcf.es\/val\/wp-json\/wp\/v2\/posts\/247827\/revisions"}],"wp:featuredmedia":[{"embeddable":true,"href":"https:\/\/villarrealcf.es\/val\/wp-json\/wp\/v2\/media\/247808"}],"wp:attachment":[{"href":"https:\/\/villarrealcf.es\/val\/wp-json\/wp\/v2\/media?parent=247827"}],"wp:term":[{"taxonomy":"category","embeddable":true,"href":"https:\/\/villarrealcf.es\/val\/wp-json\/wp\/v2\/categories?post=247827"},{"taxonomy":"post_tag","embeddable":true,"href":"https:\/\/villarrealcf.es\/val\/wp-json\/wp\/v2\/tags?post=247827"}],"curies":[{"name":"wp","href":"https:\/\/api.w.org\/{rel}","templated":true}]}}