{"id":247506,"date":"2023-01-29T13:01:47","date_gmt":"2023-01-29T12:01:47","guid":{"rendered":"https:\/\/villarrealcf.es\/\/duelo-de-valentia\/"},"modified":"2023-01-29T13:05:54","modified_gmt":"2023-01-29T12:05:54","slug":"duelo-de-valentia","status":"publish","type":"post","link":"https:\/\/villarrealcf.es\/val\/duelo-de-valentia\/","title":{"rendered":"Duel de valentia"},"content":{"protected":false,"blocks":[{"type":"heading","level":2,"text":"Quique Seti\u00e9n advoca pel bon joc per a doblegar al Rayo Vallecano aquest dilluns (21.00 hores)"},{"type":"paragraph","text":"El Villarreal s\u2019enfronta aquest dilluns al Rayo Vallecano a l\u2019Estadi de la Cer\u00e0mica (21.00 hores) amb la intenci\u00f3 de prolongar el seu bon moment de joc. L\u2019entrenador del Submar\u00ed, Quique Seti\u00e9n, adverteix que ser\u00e0 un partit vist\u00f3s."},{"type":"paragraph","text":"An\u00e0lisi del Rayo"},{"type":"paragraph","text":"\u201cEl Rayo est\u00e0 fent les coses molt b\u00e9 amb Iraola. \u00c9s un equip valent que mira cap avant. El seu joc li permet traure bons resultats i estar en una zona tranquil\u00b7la de la classificaci\u00f3. Porten temps amb el mateix entrenador i continuen millorant. A mi \u00e9s un equip que m\u2019encanta\u201d."},{"type":"paragraph","text":"Recupera efectius"},{"type":"paragraph","text":"\u201cHem tingut dies suficients de descans com per a recuperar a diversos jugadors. Dem\u00e0 farem una sessi\u00f3 d\u2019activaci\u00f3 i valorarem la situaci\u00f3 de cara al partit contra el Rayo\u201d."},{"type":"paragraph","text":"El repte de sumar tres punts m\u00e9s"},{"type":"paragraph","text":"\u201cLa intenci\u00f3 \u00e9s la de fer un bon partit. Estem en una ratxa positiva tant de joc com de resultats i volem mantindre-la. Anem pel bon cam\u00ed. Ho estem fent cada vegada millor en molts aspectes del joc. No hi ha millor motivaci\u00f3 que sumar els tres punts i \u00e9s el que intentarem de nou contra el Rayo."},{"type":"paragraph","text":"La roda de premsa completa de Quique Seti\u00e9n en la pr\u00e8via del duel davant el Rayo Vallecano es pot veure ac\u00ed:"},{"type":"video","kind":"iframe","url":"https:\/\/www.youtube.com\/embed\/_ojAX3RTyQc?feature=oembed","poster":""}],"structured":{"summary":{"text":"Quique Seti\u00e9n advoca pel bon joc per a doblegar al Rayo Vallecano aquest dilluns (21.00 hores) El Villarreal s\u2019enfronta aquest dilluns al Rayo Vallecano a l\u2019Estadi de la Cer\u00e0mica (21.00 hores) amb la intenci\u00f3 de prolongar el seu bon moment de joc. L\u2019entrenador del Submar\u00ed, Quique Seti\u00e9n, adverteix que ser\u00e0 un partit vist\u00f3s. An\u00e0lisi del Rayo \u201cEl Rayo est\u00e0 fent les coses molt b\u00e9 amb Iraola. \u00c9s un equip valent que mira cap avant. El seu joc li permet traure bons resultats i estar en una zona tranquil\u00b7la de la classificaci\u00f3. Porten temps amb el mateix entrenador i continuen millorant. A mi \u00e9s un equip que m\u2019encanta\u201d. Recupera efectius \u201cHem tingut dies suficients de descans com per a recuperar a diversos jugadors. Dem\u00e0 farem una sessi\u00f3 d\u2019activaci\u00f3 i valorarem la situaci\u00f3 de cara al partit contra el Rayo\u201d. El repte de sumar tres punts m\u00e9s \u201cLa intenci\u00f3 \u00e9s la de fer un bon partit. Estem en una ratxa positiva tant de joc com de resultats i volem mantindre-la. Anem pel bon cam\u00ed. Ho estem fent cada vegada millor en molts aspectes del joc. No hi ha millor motivaci\u00f3 que sumar els tres punts i \u00e9s el que intentarem de nou contra el Rayo. La roda de premsa completa de Quique Seti\u00e9n en la pr\u00e8via del duel davant el Rayo Vallecano es pot veure ac\u00ed:","headings":[{"type":"heading","level":2,"text":"Quique Seti\u00e9n advoca pel bon joc per a doblegar al Rayo Vallecano aquest dilluns (21.00 hores)"}],"buttons":[],"images":[],"counts":{"blocks":10,"headings":1,"texts":8,"buttons":0,"images":0}},"sections":[{"id":"section-1","title":"Quique Seti\u00e9n advoca pel bon joc per a doblegar al Rayo Vallecano aquest dilluns (21.00 hores)","text":"Quique Seti\u00e9n advoca pel bon joc per a doblegar al Rayo Vallecano aquest dilluns (21.00 hores) El Villarreal s\u2019enfronta aquest dilluns al Rayo Vallecano a l\u2019Estadi de la Cer\u00e0mica (21.00 hores) amb la intenci\u00f3 de prolongar el seu bon moment de joc. L\u2019entrenador del Submar\u00ed, Quique Seti\u00e9n, adverteix que ser\u00e0 un partit vist\u00f3s. An\u00e0lisi del Rayo \u201cEl Rayo est\u00e0 fent les coses molt b\u00e9 amb Iraola. \u00c9s un equip valent que mira cap avant. El seu joc li permet traure bons resultats i estar en una zona tranquil\u00b7la de la classificaci\u00f3. Porten temps amb el mateix entrenador i continuen millorant. A mi \u00e9s un equip que m\u2019encanta\u201d. Recupera efectius \u201cHem tingut dies suficients de descans com per a recuperar a diversos jugadors. Dem\u00e0 farem una sessi\u00f3 d\u2019activaci\u00f3 i valorarem la situaci\u00f3 de cara al partit contra el Rayo\u201d. El repte de sumar tres punts m\u00e9s \u201cLa intenci\u00f3 \u00e9s la de fer un bon partit. Estem en una ratxa positiva tant de joc com de resultats i volem mantindre-la. Anem pel bon cam\u00ed. Ho estem fent cada vegada millor en molts aspectes del joc. No hi ha millor motivaci\u00f3 que sumar els tres punts i \u00e9s el que intentarem de nou contra el Rayo. La roda de premsa completa de Quique Seti\u00e9n en la pr\u00e8via del duel davant el Rayo Vallecano es pot veure ac\u00ed:","headings":[{"type":"heading","level":2,"text":"Quique Seti\u00e9n advoca pel bon joc per a doblegar al Rayo Vallecano aquest dilluns (21.00 hores)"}],"texts":[{"type":"paragraph","text":"El Villarreal s\u2019enfronta aquest dilluns al Rayo Vallecano a l\u2019Estadi de la Cer\u00e0mica (21.00 hores) amb la intenci\u00f3 de prolongar el seu bon moment de joc. L\u2019entrenador del Submar\u00ed, Quique Seti\u00e9n, adverteix que ser\u00e0 un partit vist\u00f3s."},{"type":"paragraph","text":"An\u00e0lisi del Rayo"},{"type":"paragraph","text":"\u201cEl Rayo est\u00e0 fent les coses molt b\u00e9 amb Iraola. \u00c9s un equip valent que mira cap avant. El seu joc li permet traure bons resultats i estar en una zona tranquil\u00b7la de la classificaci\u00f3. Porten temps amb el mateix entrenador i continuen millorant. A mi \u00e9s un equip que m\u2019encanta\u201d."},{"type":"paragraph","text":"Recupera efectius"},{"type":"paragraph","text":"\u201cHem tingut dies suficients de descans com per a recuperar a diversos jugadors. Dem\u00e0 farem una sessi\u00f3 d\u2019activaci\u00f3 i valorarem la situaci\u00f3 de cara al partit contra el Rayo\u201d."},{"type":"paragraph","text":"El repte de sumar tres punts m\u00e9s"},{"type":"paragraph","text":"\u201cLa intenci\u00f3 \u00e9s la de fer un bon partit. Estem en una ratxa positiva tant de joc com de resultats i volem mantindre-la. Anem pel bon cam\u00ed. Ho estem fent cada vegada millor en molts aspectes del joc. No hi ha millor motivaci\u00f3 que sumar els tres punts i \u00e9s el que intentarem de nou contra el Rayo."},{"type":"paragraph","text":"La roda de premsa completa de Quique Seti\u00e9n en la pr\u00e8via del duel davant el Rayo Vallecano es pot veure ac\u00ed:"}],"buttons":[],"images":[],"widgets":[],"blocks":[{"type":"heading","level":2,"text":"Quique Seti\u00e9n advoca pel bon joc per a doblegar al Rayo Vallecano aquest dilluns (21.00 hores)"},{"type":"paragraph","text":"El Villarreal s\u2019enfronta aquest dilluns al Rayo Vallecano a l\u2019Estadi de la Cer\u00e0mica (21.00 hores) amb la intenci\u00f3 de prolongar el seu bon moment de joc. L\u2019entrenador del Submar\u00ed, Quique Seti\u00e9n, adverteix que ser\u00e0 un partit vist\u00f3s."},{"type":"paragraph","text":"An\u00e0lisi del Rayo"},{"type":"paragraph","text":"\u201cEl Rayo est\u00e0 fent les coses molt b\u00e9 amb Iraola. \u00c9s un equip valent que mira cap avant. El seu joc li permet traure bons resultats i estar en una zona tranquil\u00b7la de la classificaci\u00f3. Porten temps amb el mateix entrenador i continuen millorant. A mi \u00e9s un equip que m\u2019encanta\u201d."},{"type":"paragraph","text":"Recupera efectius"},{"type":"paragraph","text":"\u201cHem tingut dies suficients de descans com per a recuperar a diversos jugadors. Dem\u00e0 farem una sessi\u00f3 d\u2019activaci\u00f3 i valorarem la situaci\u00f3 de cara al partit contra el Rayo\u201d."},{"type":"paragraph","text":"El repte de sumar tres punts m\u00e9s"},{"type":"paragraph","text":"\u201cLa intenci\u00f3 \u00e9s la de fer un bon partit. Estem en una ratxa positiva tant de joc com de resultats i volem mantindre-la. Anem pel bon cam\u00ed. Ho estem fent cada vegada millor en molts aspectes del joc. No hi ha millor motivaci\u00f3 que sumar els tres punts i \u00e9s el que intentarem de nou contra el Rayo."},{"type":"paragraph","text":"La roda de premsa completa de Quique Seti\u00e9n en la pr\u00e8via del duel davant el Rayo Vallecano es pot veure ac\u00ed:"},{"type":"video","kind":"iframe","url":"https:\/\/www.youtube.com\/embed\/_ojAX3RTyQc?feature=oembed","poster":""}]}],"hero":{"id":"section-1","title":"Quique Seti\u00e9n advoca pel bon joc per a doblegar al Rayo Vallecano aquest dilluns (21.00 hores)","text":"Quique Seti\u00e9n advoca pel bon joc per a doblegar al Rayo Vallecano aquest dilluns (21.00 hores) El Villarreal s\u2019enfronta aquest dilluns al Rayo Vallecano a l\u2019Estadi de la Cer\u00e0mica (21.00 hores) amb la intenci\u00f3 de prolongar el seu bon moment de joc. L\u2019entrenador del Submar\u00ed, Quique Seti\u00e9n, adverteix que ser\u00e0 un partit vist\u00f3s. An\u00e0lisi del Rayo \u201cEl Rayo est\u00e0 fent les coses molt b\u00e9 amb Iraola. \u00c9s un equip valent que mira cap avant. El seu joc li permet traure bons resultats i estar en una zona tranquil\u00b7la de la classificaci\u00f3. Porten temps amb el mateix entrenador i continuen millorant. A mi \u00e9s un equip que m\u2019encanta\u201d. Recupera efectius \u201cHem tingut dies suficients de descans com per a recuperar a diversos jugadors. Dem\u00e0 farem una sessi\u00f3 d\u2019activaci\u00f3 i valorarem la situaci\u00f3 de cara al partit contra el Rayo\u201d. El repte de sumar tres punts m\u00e9s \u201cLa intenci\u00f3 \u00e9s la de fer un bon partit. Estem en una ratxa positiva tant de joc com de resultats i volem mantindre-la. Anem pel bon cam\u00ed. Ho estem fent cada vegada millor en molts aspectes del joc. No hi ha millor motivaci\u00f3 que sumar els tres punts i \u00e9s el que intentarem de nou contra el Rayo. La roda de premsa completa de Quique Seti\u00e9n en la pr\u00e8via del duel davant el Rayo Vallecano es pot veure ac\u00ed:","headings":[{"type":"heading","level":2,"text":"Quique Seti\u00e9n advoca pel bon joc per a doblegar al Rayo Vallecano aquest dilluns (21.00 hores)"}],"texts":[{"type":"paragraph","text":"El Villarreal s\u2019enfronta aquest dilluns al Rayo Vallecano a l\u2019Estadi de la Cer\u00e0mica (21.00 hores) amb la intenci\u00f3 de prolongar el seu bon moment de joc. L\u2019entrenador del Submar\u00ed, Quique Seti\u00e9n, adverteix que ser\u00e0 un partit vist\u00f3s."},{"type":"paragraph","text":"An\u00e0lisi del Rayo"},{"type":"paragraph","text":"\u201cEl Rayo est\u00e0 fent les coses molt b\u00e9 amb Iraola. \u00c9s un equip valent que mira cap avant. El seu joc li permet traure bons resultats i estar en una zona tranquil\u00b7la de la classificaci\u00f3. Porten temps amb el mateix entrenador i continuen millorant. A mi \u00e9s un equip que m\u2019encanta\u201d."},{"type":"paragraph","text":"Recupera efectius"},{"type":"paragraph","text":"\u201cHem tingut dies suficients de descans com per a recuperar a diversos jugadors. Dem\u00e0 farem una sessi\u00f3 d\u2019activaci\u00f3 i valorarem la situaci\u00f3 de cara al partit contra el Rayo\u201d."},{"type":"paragraph","text":"El repte de sumar tres punts m\u00e9s"},{"type":"paragraph","text":"\u201cLa intenci\u00f3 \u00e9s la de fer un bon partit. Estem en una ratxa positiva tant de joc com de resultats i volem mantindre-la. Anem pel bon cam\u00ed. Ho estem fent cada vegada millor en molts aspectes del joc. No hi ha millor motivaci\u00f3 que sumar els tres punts i \u00e9s el que intentarem de nou contra el Rayo."},{"type":"paragraph","text":"La roda de premsa completa de Quique Seti\u00e9n en la pr\u00e8via del duel davant el Rayo Vallecano es pot veure ac\u00ed:"}],"buttons":[],"images":[],"widgets":[],"blocks":[{"type":"heading","level":2,"text":"Quique Seti\u00e9n advoca pel bon joc per a doblegar al Rayo Vallecano aquest dilluns (21.00 hores)"},{"type":"paragraph","text":"El Villarreal s\u2019enfronta aquest dilluns al Rayo Vallecano a l\u2019Estadi de la Cer\u00e0mica (21.00 hores) amb la intenci\u00f3 de prolongar el seu bon moment de joc. L\u2019entrenador del Submar\u00ed, Quique Seti\u00e9n, adverteix que ser\u00e0 un partit vist\u00f3s."},{"type":"paragraph","text":"An\u00e0lisi del Rayo"},{"type":"paragraph","text":"\u201cEl Rayo est\u00e0 fent les coses molt b\u00e9 amb Iraola. \u00c9s un equip valent que mira cap avant. El seu joc li permet traure bons resultats i estar en una zona tranquil\u00b7la de la classificaci\u00f3. Porten temps amb el mateix entrenador i continuen millorant. A mi \u00e9s un equip que m\u2019encanta\u201d."},{"type":"paragraph","text":"Recupera efectius"},{"type":"paragraph","text":"\u201cHem tingut dies suficients de descans com per a recuperar a diversos jugadors. Dem\u00e0 farem una sessi\u00f3 d\u2019activaci\u00f3 i valorarem la situaci\u00f3 de cara al partit contra el Rayo\u201d."},{"type":"paragraph","text":"El repte de sumar tres punts m\u00e9s"},{"type":"paragraph","text":"\u201cLa intenci\u00f3 \u00e9s la de fer un bon partit. Estem en una ratxa positiva tant de joc com de resultats i volem mantindre-la. Anem pel bon cam\u00ed. Ho estem fent cada vegada millor en molts aspectes del joc. No hi ha millor motivaci\u00f3 que sumar els tres punts i \u00e9s el que intentarem de nou contra el Rayo."},{"type":"paragraph","text":"La roda de premsa completa de Quique Seti\u00e9n en la pr\u00e8via del duel davant el Rayo Vallecano es pot veure ac\u00ed:"},{"type":"video","kind":"iframe","url":"https:\/\/www.youtube.com\/embed\/_ojAX3RTyQc?feature=oembed","poster":""}]}},"sections":[{"id":"section-1","title":"Quique Seti\u00e9n advoca pel bon joc per a doblegar al Rayo Vallecano aquest dilluns (21.00 hores)","text":"Quique Seti\u00e9n advoca pel bon joc per a doblegar al Rayo Vallecano aquest dilluns (21.00 hores) El Villarreal s\u2019enfronta aquest dilluns al Rayo Vallecano a l\u2019Estadi de la Cer\u00e0mica (21.00 hores) amb la intenci\u00f3 de prolongar el seu bon moment de joc. L\u2019entrenador del Submar\u00ed, Quique Seti\u00e9n, adverteix que ser\u00e0 un partit vist\u00f3s. An\u00e0lisi del Rayo \u201cEl Rayo est\u00e0 fent les coses molt b\u00e9 amb Iraola. \u00c9s un equip valent que mira cap avant. El seu joc li permet traure bons resultats i estar en una zona tranquil\u00b7la de la classificaci\u00f3. Porten temps amb el mateix entrenador i continuen millorant. A mi \u00e9s un equip que m\u2019encanta\u201d. Recupera efectius \u201cHem tingut dies suficients de descans com per a recuperar a diversos jugadors. Dem\u00e0 farem una sessi\u00f3 d\u2019activaci\u00f3 i valorarem la situaci\u00f3 de cara al partit contra el Rayo\u201d. El repte de sumar tres punts m\u00e9s \u201cLa intenci\u00f3 \u00e9s la de fer un bon partit. Estem en una ratxa positiva tant de joc com de resultats i volem mantindre-la. Anem pel bon cam\u00ed. Ho estem fent cada vegada millor en molts aspectes del joc. No hi ha millor motivaci\u00f3 que sumar els tres punts i \u00e9s el que intentarem de nou contra el Rayo. La roda de premsa completa de Quique Seti\u00e9n en la pr\u00e8via del duel davant el Rayo Vallecano es pot veure ac\u00ed:","url":"","background_image":"","images":[],"videos":[{"type":"video","kind":"iframe","url":"https:\/\/www.youtube.com\/embed\/_ojAX3RTyQc?feature=oembed","poster":""}],"links":[]}]},"excerpt":{"rendered":"Quique Seti\u00e9n advoca pel bon joc per a doblegar al Rayo Vallecano aquest dilluns (21.00 hores)","protected":false},"author":23,"featured_media":247503,"comment_status":"closed","ping_status":"closed","sticky":false,"template":"","format":"standard","meta":{"_acf_changed":false,"footnotes":""},"categories":[13493],"tags":[717,9270,11042,9278,13861,9217,716,9205,9627,9203],"acf":null,"lang":"val","translations":{"es":247499,"val":247506,"en":247510},"essential_grid":{"has_grid":false},"formatted_date":"January 29, 2023","modified_date":"January 29, 2023","permalink":"https:\/\/villarrealcf.es\/val\/duelo-de-valentia\/","reading_time":2,"featured_media_data":{"id":247503,"title":"setien rayo","caption":"","alt_text":"","description":"","mime_type":"image\/jpeg","source_url":"https:\/\/villarrealcf.es\/wp-content\/uploads\/2023\/01\/setien-rayo.jpg","sizes":{"thumbnail":{"url":"https:\/\/villarrealcf.es\/wp-content\/uploads\/2023\/01\/setien-rayo.jpg","width":1920,"height":1080},"medium":{"url":"https:\/\/villarrealcf.es\/wp-content\/uploads\/2023\/01\/setien-rayo.jpg","width":1920,"height":1080},"medium_large":{"url":"https:\/\/villarrealcf.es\/wp-content\/uploads\/2023\/01\/setien-rayo-768x432.jpg","width":768,"height":432},"large":{"url":"https:\/\/villarrealcf.es\/wp-content\/uploads\/2023\/01\/setien-rayo.jpg","width":788,"height":443},"1536x1536":{"url":"https:\/\/villarrealcf.es\/wp-content\/uploads\/2023\/01\/setien-rayo-1536x864.jpg","width":1536,"height":864},"2048x2048":{"url":"https:\/\/villarrealcf.es\/wp-content\/uploads\/2023\/01\/setien-rayo.jpg","width":1920,"height":1080},"tp-image-grid":{"url":"https:\/\/villarrealcf.es\/wp-content\/uploads\/2023\/01\/setien-rayo-700x700.jpg","width":700,"height":700},"size-bunyad-medium":{"url":"https:\/\/villarrealcf.es\/wp-content\/uploads\/2023\/01\/setien-rayo.jpg","width":1920,"height":1080},"sportspress-crop-medium":{"url":"https:\/\/villarrealcf.es\/wp-content\/uploads\/2023\/01\/setien-rayo-300x300.jpg","width":300,"height":300},"sportspress-fit-medium":{"url":"https:\/\/villarrealcf.es\/wp-content\/uploads\/2023\/01\/setien-rayo-300x169.jpg","width":300,"height":169},"sportspress-fit-icon":{"url":"https:\/\/villarrealcf.es\/wp-content\/uploads\/2023\/01\/setien-rayo-128x72.jpg","width":128,"height":72},"sportspress-fit-mini":{"url":"https:\/\/villarrealcf.es\/wp-content\/uploads\/2023\/01\/setien-rayo-32x18.jpg","width":32,"height":18},"bunyad-small":{"url":"https:\/\/villarrealcf.es\/wp-content\/uploads\/2023\/01\/setien-rayo-150x84.jpg","width":150,"height":84},"bunyad-medium":{"url":"https:\/\/villarrealcf.es\/wp-content\/uploads\/2023\/01\/setien-rayo-450x253.jpg","width":450,"height":253},"bunyad-full":{"url":"https:\/\/villarrealcf.es\/wp-content\/uploads\/2023\/01\/setien-rayo-1200x675.jpg","width":1200,"height":675},"bunyad-viewport":{"url":"https:\/\/villarrealcf.es\/wp-content\/uploads\/2023\/01\/setien-rayo.jpg","width":1920,"height":1080},"bunyad-768":{"url":"https:\/\/villarrealcf.es\/wp-content\/uploads\/2023\/01\/setien-rayo-768x432.jpg","width":768,"height":432},"full":{"url":"https:\/\/villarrealcf.es\/wp-content\/uploads\/2023\/01\/setien-rayo.jpg","width":1920,"height":1080}}},"author_data":{"id":"23","name":"Fran Segovia","first_name":"Fran","last_name":"Segovia","description":"","avatar_url":"https:\/\/secure.gravatar.com\/avatar\/9ec849b3b9cb451091f0a96d7943b1c6be26a8d6fd3b94d5b5bfd496b2536c42?s=96&d=mm&r=g","acf":null},"taxonomies_data":{"category":[{"id":13493,"name":"Primer equip","slug":"primer-equip","acf":null}],"post_tag":[{"id":717,"name":"Football","slug":"football-d34","acf":null},{"id":9270,"name":"Futbol","slug":"futbol-val","acf":null},{"id":11042,"name":"LaLiga","slug":"laliga-val","acf":null},{"id":9278,"name":"primera division","slug":"primera-division-val","acf":null},{"id":13861,"name":"Quique Seti\u00e9n","slug":"quique-setien-3-val","acf":null},{"id":9217,"name":"Rayo Vallecano","slug":"rayo-vallecano-val","acf":null},{"id":716,"name":"Soccer","slug":"soccer-d105","acf":null},{"id":9205,"name":"Submarino","slug":"submarino-val","acf":null},{"id":9627,"name":"Submarino Amarillo","slug":"submarino-amarillo-val","acf":null},{"id":9203,"name":"Villarreal CF","slug":"villarreal-cf-val","acf":null}],"translation_priority":[{"id":735,"name":"Optional","slug":"optional-val","acf":null}]},"seo_full":{"native":{"title":"Duel de valentia - Web Oficial del Villarreal CF","description":"Quique Seti\u00e9n advoca pel bon joc per a doblegar al Rayo Vallecano aquest dilluns (21.00 hores)","canonical":"https:\/\/villarrealcf.es\/val\/duelo-de-valentia\/"}},"_links":{"self":[{"href":"https:\/\/villarrealcf.es\/val\/wp-json\/wp\/v2\/posts\/247506","targetHints":{"allow":["GET"]}}],"collection":[{"href":"https:\/\/villarrealcf.es\/val\/wp-json\/wp\/v2\/posts"}],"about":[{"href":"https:\/\/villarrealcf.es\/val\/wp-json\/wp\/v2\/types\/post"}],"author":[{"embeddable":true,"href":"https:\/\/villarrealcf.es\/val\/wp-json\/wp\/v2\/users\/23"}],"replies":[{"embeddable":true,"href":"https:\/\/villarrealcf.es\/val\/wp-json\/wp\/v2\/comments?post=247506"}],"version-history":[{"count":0,"href":"https:\/\/villarrealcf.es\/val\/wp-json\/wp\/v2\/posts\/247506\/revisions"}],"wp:featuredmedia":[{"embeddable":true,"href":"https:\/\/villarrealcf.es\/val\/wp-json\/wp\/v2\/media\/247503"}],"wp:attachment":[{"href":"https:\/\/villarrealcf.es\/val\/wp-json\/wp\/v2\/media?parent=247506"}],"wp:term":[{"taxonomy":"category","embeddable":true,"href":"https:\/\/villarrealcf.es\/val\/wp-json\/wp\/v2\/categories?post=247506"},{"taxonomy":"post_tag","embeddable":true,"href":"https:\/\/villarrealcf.es\/val\/wp-json\/wp\/v2\/tags?post=247506"}],"curies":[{"name":"wp","href":"https:\/\/api.w.org\/{rel}","templated":true}]}}