{"id":247491,"date":"2023-01-28T20:20:00","date_gmt":"2023-01-28T19:20:00","guid":{"rendered":"https:\/\/villarrealcf.es\/\/que-tres-puntazos-0-1\/"},"modified":"2023-01-28T21:30:41","modified_gmt":"2023-01-28T20:30:41","slug":"que-tres-puntazos-0-1","status":"publish","type":"post","link":"https:\/\/villarrealcf.es\/val\/que-tres-puntazos-0-1\/","title":{"rendered":"Quins tres punts! (0-1)"},"content":{"protected":false,"blocks":[{"type":"heading","level":2,"text":"El Mini Submar\u00ed guanya a Oviedo gr\u00e0cies al solitari gol de Fer Ni\u00f1o"},{"type":"paragraph","text":"Tres punts molt importants per al Villarreal B! El Mini Submar\u00ed es va imposar al Real Oviedo (0-1) en el Nuevo Carlos Tartiere gr\u00e0cies al gol de Fer Ni\u00f1o en els primers compassos del duel, aconseguint la vict\u00f2ria davant un rival directe amb el qual s\u2019arribava empatats a punts en la taula."},{"type":"paragraph","text":"El partit es va posar de cara r\u00e0pidament per al quadre groc. En el minut 8, Fer Ni\u00f1o va rematar de manera espl\u00e8ndida un centre des de l\u2019esquerra per a batre a Braat i avan\u00e7ar al Mini Submar\u00ed. No obstant aix\u00f2, la primera meitat no va ser pl\u00e0cida per als de Miguel \u00c1lvarez, que dominaven el partit mantenint la possessi\u00f3 de l\u2019esf\u00e8ric, per\u00f2 el Real Oviedo jugava les seues cartes i va tindre un parell de bons acostaments. Iker \u00c1lvarez va estar molt correcte quan se li va necessitar."},{"type":"paragraph","text":"En els primers minuts del segon temps, el Villarreal B va saber temperar el ritme del joc i defensar-se amb pilota per a evitar una arrancada amb ocasions del conjunt asturi\u00e0 mentre els jugadors tornaven a entrar en calor en aquesta freda vesprada a Oviedo. Despr\u00e9s del primer quart d\u2019hora, els locals van comen\u00e7ar a tindre m\u00e9s la possessi\u00f3, per\u00f2 els groguets es defensaven b\u00e9 en bloc baix."},{"type":"paragraph","text":"Tan b\u00e9 va fer la seua labor de minimitzar les virtuts ofensives del Real Oviedo que els tres punts marxen a Vila-real en un partit molt correcte davant un rival directe i en un camp molt complicat."},{"type":"paragraph","text":"El pr\u00f2xim partit del Mini Submar\u00ed tindr\u00e0 lloc en La Cer\u00e0mica el diumenge 5 de febrer a les 14.00 hores davant el Granada CF."},{"type":"paragraph","text":"Fitxa t\u00e8cnica"},{"type":"paragraph","text":"Real Oviedo: Braat; Lucas, Rodri Tar\u00edn, Dani Calvo, Bretones; Viti (m. 86, Manu Vallejo), Mangel, Jimmy, Leo Sequeira (m. 55, Sergi Enrich); Koba Lein (m. 68, Moro) i Borja."},{"type":"paragraph","text":"Villarreal B: Iker \u00c1lvarez; S. Carreira, Mbacke, P. I\u00f1iguez, C. Romero (m. 84, Tasende); Del Moral, R. Terrats, Carlo (m. 72, Dela); D. Collado (m. 61, \u00c1. Mill\u00e1n), Fer Ni\u00f1o (m. 84, For\u00e9s) i S. Lozano (m. 61, Pacheco)."},{"type":"paragraph","text":"Gols: 0-1. Min. 8: Fer Ni\u00f1o."},{"type":"paragraph","text":"\u00c0rbitre: Garc\u00eda Verdura (Comit\u00e9 Catal\u00e0). Va amonestar als locals Mangel i Lucas i als visitants Del Moral, R. Terrats i Dela."},{"type":"paragraph","text":"Incid\u00e8ncies: Partit entre el Real Oviedo i el Villarreal B, corresponent a la jornada 25 de LaLiga SmartBank, celebrat en el Nuevo Carlos Tartiere davant 12.026 espectadores."},{"type":"video","kind":"iframe","url":"https:\/\/widgets.besoccerapps.com\/scripts\/widgets?type=match_detail&match=49929&season=2023&flag=escudo&style=villarreal","poster":""}],"structured":{"summary":{"text":"El Mini Submar\u00ed guanya a Oviedo gr\u00e0cies al solitari gol de Fer Ni\u00f1o Tres punts molt importants per al Villarreal B! El Mini Submar\u00ed es va imposar al Real Oviedo (0-1) en el Nuevo Carlos Tartiere gr\u00e0cies al gol de Fer Ni\u00f1o en els primers compassos del duel, aconseguint la vict\u00f2ria davant un rival directe amb el qual s\u2019arribava empatats a punts en la taula. El partit es va posar de cara r\u00e0pidament per al quadre groc. En el minut 8, Fer Ni\u00f1o va rematar de manera espl\u00e8ndida un centre des de l\u2019esquerra per a batre a Braat i avan\u00e7ar al Mini Submar\u00ed. No obstant aix\u00f2, la primera meitat no va ser pl\u00e0cida per als de Miguel \u00c1lvarez, que dominaven el partit mantenint la possessi\u00f3 de l\u2019esf\u00e8ric, per\u00f2 el Real Oviedo jugava les seues cartes i va tindre un parell de bons acostaments. Iker \u00c1lvarez va estar molt correcte quan se li va necessitar. En els primers minuts del segon temps, el Villarreal B va saber temperar el ritme del joc i defensar-se amb pilota per a evitar una arrancada amb ocasions del conjunt asturi\u00e0 mentre els jugadors tornaven a entrar en calor en aquesta freda vesprada a Oviedo. Despr\u00e9s del primer quart d\u2019hora, els locals van comen\u00e7ar a tindre m\u00e9s la possessi\u00f3, per\u00f2 els groguets es defensaven b\u00e9 en bloc baix. Tan b\u00e9 va fer la seua labor de minimitzar les virtuts ofensives del Real Oviedo que els tres punts marxen a Vila-real en un partit molt correcte davant un rival directe i en un camp molt complicat. El pr\u00f2xim partit del Mini Submar\u00ed tindr\u00e0 lloc en La Cer\u00e0mica el diumenge 5 de febrer a les 14.00 hores davant el Granada CF. Fitxa t\u00e8cnica Real Oviedo: Braat; Lucas, Rodri Tar\u00edn, Dani Calvo, Bretones; Viti (m. 86, Manu Vallejo), Mangel, Jimmy, Leo Sequeira (m. 55, Sergi Enrich); Koba Lein (m. 68, Moro) i Borja. Villarreal B: Iker \u00c1lvarez; S. Carreira, Mbacke, P. I\u00f1iguez, C. Romero (m. 84, Tasende); Del Moral, R. Terrats, Carlo (m. 72, Dela); D. Collado (m. 61, \u00c1. Mill\u00e1n), Fer Ni\u00f1o (m. 84, For\u00e9s) i S. Lozano (m. 61, Pacheco). Gols: 0-1. Min. 8: Fer Ni\u00f1o. \u00c0rbitre: Garc\u00eda Verdura (Comit\u00e9 Catal\u00e0). Va amonestar als locals Mangel i Lucas i als visitants Del Moral, R. Terrats i Dela. Incid\u00e8ncies: Partit entre el Real Oviedo i el Villarreal B, corresponent a la jornada 25 de LaLiga SmartBank, celebrat en el Nuevo Carlos Tartiere davant 12.026 espectadores.","headings":[{"type":"heading","level":2,"text":"El Mini Submar\u00ed guanya a Oviedo gr\u00e0cies al solitari gol de Fer Ni\u00f1o"}],"buttons":[],"images":[],"counts":{"blocks":13,"headings":1,"texts":11,"buttons":0,"images":0}},"sections":[{"id":"section-1","title":"El Mini Submar\u00ed guanya a Oviedo gr\u00e0cies al solitari gol de Fer Ni\u00f1o","text":"El Mini Submar\u00ed guanya a Oviedo gr\u00e0cies al solitari gol de Fer Ni\u00f1o Tres punts molt importants per al Villarreal B! El Mini Submar\u00ed es va imposar al Real Oviedo (0-1) en el Nuevo Carlos Tartiere gr\u00e0cies al gol de Fer Ni\u00f1o en els primers compassos del duel, aconseguint la vict\u00f2ria davant un rival directe amb el qual s\u2019arribava empatats a punts en la taula. El partit es va posar de cara r\u00e0pidament per al quadre groc. En el minut 8, Fer Ni\u00f1o va rematar de manera espl\u00e8ndida un centre des de l\u2019esquerra per a batre a Braat i avan\u00e7ar al Mini Submar\u00ed. No obstant aix\u00f2, la primera meitat no va ser pl\u00e0cida per als de Miguel \u00c1lvarez, que dominaven el partit mantenint la possessi\u00f3 de l\u2019esf\u00e8ric, per\u00f2 el Real Oviedo jugava les seues cartes i va tindre un parell de bons acostaments. Iker \u00c1lvarez va estar molt correcte quan se li va necessitar. En els primers minuts del segon temps, el Villarreal B va saber temperar el ritme del joc i defensar-se amb pilota per a evitar una arrancada amb ocasions del conjunt asturi\u00e0 mentre els jugadors tornaven a entrar en calor en aquesta freda vesprada a Oviedo. Despr\u00e9s del primer quart d\u2019hora, els locals van comen\u00e7ar a tindre m\u00e9s la possessi\u00f3, per\u00f2 els groguets es defensaven b\u00e9 en bloc baix. Tan b\u00e9 va fer la seua labor de minimitzar les virtuts ofensives del Real Oviedo que els tres punts marxen a Vila-real en un partit molt correcte davant un rival directe i en un camp molt complicat. El pr\u00f2xim partit del Mini Submar\u00ed tindr\u00e0 lloc en La Cer\u00e0mica el diumenge 5 de febrer a les 14.00 hores davant el Granada CF. Fitxa t\u00e8cnica Real Oviedo: Braat; Lucas, Rodri Tar\u00edn, Dani Calvo, Bretones; Viti (m. 86, Manu Vallejo), Mangel, Jimmy, Leo Sequeira (m. 55, Sergi Enrich); Koba Lein (m. 68, Moro) i Borja. Villarreal B: Iker \u00c1lvarez; S. Carreira, Mbacke, P. I\u00f1iguez, C. Romero (m. 84, Tasende); Del Moral, R. Terrats, Carlo (m. 72, Dela); D. Collado (m. 61, \u00c1. Mill\u00e1n), Fer Ni\u00f1o (m. 84, For\u00e9s) i S. Lozano (m. 61, Pacheco). Gols: 0-1. Min. 8: Fer Ni\u00f1o. \u00c0rbitre: Garc\u00eda Verdura (Comit\u00e9 Catal\u00e0). Va amonestar als locals Mangel i Lucas i als visitants Del Moral, R. Terrats i Dela. Incid\u00e8ncies: Partit entre el Real Oviedo i el Villarreal B, corresponent a la jornada 25 de LaLiga SmartBank, celebrat en el Nuevo Carlos Tartiere davant 12.026 espectadores.","headings":[{"type":"heading","level":2,"text":"El Mini Submar\u00ed guanya a Oviedo gr\u00e0cies al solitari gol de Fer Ni\u00f1o"}],"texts":[{"type":"paragraph","text":"Tres punts molt importants per al Villarreal B! El Mini Submar\u00ed es va imposar al Real Oviedo (0-1) en el Nuevo Carlos Tartiere gr\u00e0cies al gol de Fer Ni\u00f1o en els primers compassos del duel, aconseguint la vict\u00f2ria davant un rival directe amb el qual s\u2019arribava empatats a punts en la taula."},{"type":"paragraph","text":"El partit es va posar de cara r\u00e0pidament per al quadre groc. En el minut 8, Fer Ni\u00f1o va rematar de manera espl\u00e8ndida un centre des de l\u2019esquerra per a batre a Braat i avan\u00e7ar al Mini Submar\u00ed. No obstant aix\u00f2, la primera meitat no va ser pl\u00e0cida per als de Miguel \u00c1lvarez, que dominaven el partit mantenint la possessi\u00f3 de l\u2019esf\u00e8ric, per\u00f2 el Real Oviedo jugava les seues cartes i va tindre un parell de bons acostaments. Iker \u00c1lvarez va estar molt correcte quan se li va necessitar."},{"type":"paragraph","text":"En els primers minuts del segon temps, el Villarreal B va saber temperar el ritme del joc i defensar-se amb pilota per a evitar una arrancada amb ocasions del conjunt asturi\u00e0 mentre els jugadors tornaven a entrar en calor en aquesta freda vesprada a Oviedo. Despr\u00e9s del primer quart d\u2019hora, els locals van comen\u00e7ar a tindre m\u00e9s la possessi\u00f3, per\u00f2 els groguets es defensaven b\u00e9 en bloc baix."},{"type":"paragraph","text":"Tan b\u00e9 va fer la seua labor de minimitzar les virtuts ofensives del Real Oviedo que els tres punts marxen a Vila-real en un partit molt correcte davant un rival directe i en un camp molt complicat."},{"type":"paragraph","text":"El pr\u00f2xim partit del Mini Submar\u00ed tindr\u00e0 lloc en La Cer\u00e0mica el diumenge 5 de febrer a les 14.00 hores davant el Granada CF."},{"type":"paragraph","text":"Fitxa t\u00e8cnica"},{"type":"paragraph","text":"Real Oviedo: Braat; Lucas, Rodri Tar\u00edn, Dani Calvo, Bretones; Viti (m. 86, Manu Vallejo), Mangel, Jimmy, Leo Sequeira (m. 55, Sergi Enrich); Koba Lein (m. 68, Moro) i Borja."},{"type":"paragraph","text":"Villarreal B: Iker \u00c1lvarez; S. Carreira, Mbacke, P. I\u00f1iguez, C. Romero (m. 84, Tasende); Del Moral, R. Terrats, Carlo (m. 72, Dela); D. Collado (m. 61, \u00c1. Mill\u00e1n), Fer Ni\u00f1o (m. 84, For\u00e9s) i S. Lozano (m. 61, Pacheco)."},{"type":"paragraph","text":"Gols: 0-1. Min. 8: Fer Ni\u00f1o."},{"type":"paragraph","text":"\u00c0rbitre: Garc\u00eda Verdura (Comit\u00e9 Catal\u00e0). Va amonestar als locals Mangel i Lucas i als visitants Del Moral, R. Terrats i Dela."},{"type":"paragraph","text":"Incid\u00e8ncies: Partit entre el Real Oviedo i el Villarreal B, corresponent a la jornada 25 de LaLiga SmartBank, celebrat en el Nuevo Carlos Tartiere davant 12.026 espectadores."}],"buttons":[],"images":[],"widgets":[],"blocks":[{"type":"heading","level":2,"text":"El Mini Submar\u00ed guanya a Oviedo gr\u00e0cies al solitari gol de Fer Ni\u00f1o"},{"type":"paragraph","text":"Tres punts molt importants per al Villarreal B! El Mini Submar\u00ed es va imposar al Real Oviedo (0-1) en el Nuevo Carlos Tartiere gr\u00e0cies al gol de Fer Ni\u00f1o en els primers compassos del duel, aconseguint la vict\u00f2ria davant un rival directe amb el qual s\u2019arribava empatats a punts en la taula."},{"type":"paragraph","text":"El partit es va posar de cara r\u00e0pidament per al quadre groc. En el minut 8, Fer Ni\u00f1o va rematar de manera espl\u00e8ndida un centre des de l\u2019esquerra per a batre a Braat i avan\u00e7ar al Mini Submar\u00ed. No obstant aix\u00f2, la primera meitat no va ser pl\u00e0cida per als de Miguel \u00c1lvarez, que dominaven el partit mantenint la possessi\u00f3 de l\u2019esf\u00e8ric, per\u00f2 el Real Oviedo jugava les seues cartes i va tindre un parell de bons acostaments. Iker \u00c1lvarez va estar molt correcte quan se li va necessitar."},{"type":"paragraph","text":"En els primers minuts del segon temps, el Villarreal B va saber temperar el ritme del joc i defensar-se amb pilota per a evitar una arrancada amb ocasions del conjunt asturi\u00e0 mentre els jugadors tornaven a entrar en calor en aquesta freda vesprada a Oviedo. Despr\u00e9s del primer quart d\u2019hora, els locals van comen\u00e7ar a tindre m\u00e9s la possessi\u00f3, per\u00f2 els groguets es defensaven b\u00e9 en bloc baix."},{"type":"paragraph","text":"Tan b\u00e9 va fer la seua labor de minimitzar les virtuts ofensives del Real Oviedo que els tres punts marxen a Vila-real en un partit molt correcte davant un rival directe i en un camp molt complicat."},{"type":"paragraph","text":"El pr\u00f2xim partit del Mini Submar\u00ed tindr\u00e0 lloc en La Cer\u00e0mica el diumenge 5 de febrer a les 14.00 hores davant el Granada CF."},{"type":"paragraph","text":"Fitxa t\u00e8cnica"},{"type":"paragraph","text":"Real Oviedo: Braat; Lucas, Rodri Tar\u00edn, Dani Calvo, Bretones; Viti (m. 86, Manu Vallejo), Mangel, Jimmy, Leo Sequeira (m. 55, Sergi Enrich); Koba Lein (m. 68, Moro) i Borja."},{"type":"paragraph","text":"Villarreal B: Iker \u00c1lvarez; S. Carreira, Mbacke, P. I\u00f1iguez, C. Romero (m. 84, Tasende); Del Moral, R. Terrats, Carlo (m. 72, Dela); D. Collado (m. 61, \u00c1. Mill\u00e1n), Fer Ni\u00f1o (m. 84, For\u00e9s) i S. Lozano (m. 61, Pacheco)."},{"type":"paragraph","text":"Gols: 0-1. Min. 8: Fer Ni\u00f1o."},{"type":"paragraph","text":"\u00c0rbitre: Garc\u00eda Verdura (Comit\u00e9 Catal\u00e0). Va amonestar als locals Mangel i Lucas i als visitants Del Moral, R. Terrats i Dela."},{"type":"paragraph","text":"Incid\u00e8ncies: Partit entre el Real Oviedo i el Villarreal B, corresponent a la jornada 25 de LaLiga SmartBank, celebrat en el Nuevo Carlos Tartiere davant 12.026 espectadores."},{"type":"video","kind":"iframe","url":"https:\/\/widgets.besoccerapps.com\/scripts\/widgets?type=match_detail&match=49929&season=2023&flag=escudo&style=villarreal","poster":""}]}],"hero":{"id":"section-1","title":"El Mini Submar\u00ed guanya a Oviedo gr\u00e0cies al solitari gol de Fer Ni\u00f1o","text":"El Mini Submar\u00ed guanya a Oviedo gr\u00e0cies al solitari gol de Fer Ni\u00f1o Tres punts molt importants per al Villarreal B! El Mini Submar\u00ed es va imposar al Real Oviedo (0-1) en el Nuevo Carlos Tartiere gr\u00e0cies al gol de Fer Ni\u00f1o en els primers compassos del duel, aconseguint la vict\u00f2ria davant un rival directe amb el qual s\u2019arribava empatats a punts en la taula. El partit es va posar de cara r\u00e0pidament per al quadre groc. En el minut 8, Fer Ni\u00f1o va rematar de manera espl\u00e8ndida un centre des de l\u2019esquerra per a batre a Braat i avan\u00e7ar al Mini Submar\u00ed. No obstant aix\u00f2, la primera meitat no va ser pl\u00e0cida per als de Miguel \u00c1lvarez, que dominaven el partit mantenint la possessi\u00f3 de l\u2019esf\u00e8ric, per\u00f2 el Real Oviedo jugava les seues cartes i va tindre un parell de bons acostaments. Iker \u00c1lvarez va estar molt correcte quan se li va necessitar. En els primers minuts del segon temps, el Villarreal B va saber temperar el ritme del joc i defensar-se amb pilota per a evitar una arrancada amb ocasions del conjunt asturi\u00e0 mentre els jugadors tornaven a entrar en calor en aquesta freda vesprada a Oviedo. Despr\u00e9s del primer quart d\u2019hora, els locals van comen\u00e7ar a tindre m\u00e9s la possessi\u00f3, per\u00f2 els groguets es defensaven b\u00e9 en bloc baix. Tan b\u00e9 va fer la seua labor de minimitzar les virtuts ofensives del Real Oviedo que els tres punts marxen a Vila-real en un partit molt correcte davant un rival directe i en un camp molt complicat. El pr\u00f2xim partit del Mini Submar\u00ed tindr\u00e0 lloc en La Cer\u00e0mica el diumenge 5 de febrer a les 14.00 hores davant el Granada CF. Fitxa t\u00e8cnica Real Oviedo: Braat; Lucas, Rodri Tar\u00edn, Dani Calvo, Bretones; Viti (m. 86, Manu Vallejo), Mangel, Jimmy, Leo Sequeira (m. 55, Sergi Enrich); Koba Lein (m. 68, Moro) i Borja. Villarreal B: Iker \u00c1lvarez; S. Carreira, Mbacke, P. I\u00f1iguez, C. Romero (m. 84, Tasende); Del Moral, R. Terrats, Carlo (m. 72, Dela); D. Collado (m. 61, \u00c1. Mill\u00e1n), Fer Ni\u00f1o (m. 84, For\u00e9s) i S. Lozano (m. 61, Pacheco). Gols: 0-1. Min. 8: Fer Ni\u00f1o. \u00c0rbitre: Garc\u00eda Verdura (Comit\u00e9 Catal\u00e0). Va amonestar als locals Mangel i Lucas i als visitants Del Moral, R. Terrats i Dela. Incid\u00e8ncies: Partit entre el Real Oviedo i el Villarreal B, corresponent a la jornada 25 de LaLiga SmartBank, celebrat en el Nuevo Carlos Tartiere davant 12.026 espectadores.","headings":[{"type":"heading","level":2,"text":"El Mini Submar\u00ed guanya a Oviedo gr\u00e0cies al solitari gol de Fer Ni\u00f1o"}],"texts":[{"type":"paragraph","text":"Tres punts molt importants per al Villarreal B! El Mini Submar\u00ed es va imposar al Real Oviedo (0-1) en el Nuevo Carlos Tartiere gr\u00e0cies al gol de Fer Ni\u00f1o en els primers compassos del duel, aconseguint la vict\u00f2ria davant un rival directe amb el qual s\u2019arribava empatats a punts en la taula."},{"type":"paragraph","text":"El partit es va posar de cara r\u00e0pidament per al quadre groc. En el minut 8, Fer Ni\u00f1o va rematar de manera espl\u00e8ndida un centre des de l\u2019esquerra per a batre a Braat i avan\u00e7ar al Mini Submar\u00ed. No obstant aix\u00f2, la primera meitat no va ser pl\u00e0cida per als de Miguel \u00c1lvarez, que dominaven el partit mantenint la possessi\u00f3 de l\u2019esf\u00e8ric, per\u00f2 el Real Oviedo jugava les seues cartes i va tindre un parell de bons acostaments. Iker \u00c1lvarez va estar molt correcte quan se li va necessitar."},{"type":"paragraph","text":"En els primers minuts del segon temps, el Villarreal B va saber temperar el ritme del joc i defensar-se amb pilota per a evitar una arrancada amb ocasions del conjunt asturi\u00e0 mentre els jugadors tornaven a entrar en calor en aquesta freda vesprada a Oviedo. Despr\u00e9s del primer quart d\u2019hora, els locals van comen\u00e7ar a tindre m\u00e9s la possessi\u00f3, per\u00f2 els groguets es defensaven b\u00e9 en bloc baix."},{"type":"paragraph","text":"Tan b\u00e9 va fer la seua labor de minimitzar les virtuts ofensives del Real Oviedo que els tres punts marxen a Vila-real en un partit molt correcte davant un rival directe i en un camp molt complicat."},{"type":"paragraph","text":"El pr\u00f2xim partit del Mini Submar\u00ed tindr\u00e0 lloc en La Cer\u00e0mica el diumenge 5 de febrer a les 14.00 hores davant el Granada CF."},{"type":"paragraph","text":"Fitxa t\u00e8cnica"},{"type":"paragraph","text":"Real Oviedo: Braat; Lucas, Rodri Tar\u00edn, Dani Calvo, Bretones; Viti (m. 86, Manu Vallejo), Mangel, Jimmy, Leo Sequeira (m. 55, Sergi Enrich); Koba Lein (m. 68, Moro) i Borja."},{"type":"paragraph","text":"Villarreal B: Iker \u00c1lvarez; S. Carreira, Mbacke, P. I\u00f1iguez, C. Romero (m. 84, Tasende); Del Moral, R. Terrats, Carlo (m. 72, Dela); D. Collado (m. 61, \u00c1. Mill\u00e1n), Fer Ni\u00f1o (m. 84, For\u00e9s) i S. Lozano (m. 61, Pacheco)."},{"type":"paragraph","text":"Gols: 0-1. Min. 8: Fer Ni\u00f1o."},{"type":"paragraph","text":"\u00c0rbitre: Garc\u00eda Verdura (Comit\u00e9 Catal\u00e0). Va amonestar als locals Mangel i Lucas i als visitants Del Moral, R. Terrats i Dela."},{"type":"paragraph","text":"Incid\u00e8ncies: Partit entre el Real Oviedo i el Villarreal B, corresponent a la jornada 25 de LaLiga SmartBank, celebrat en el Nuevo Carlos Tartiere davant 12.026 espectadores."}],"buttons":[],"images":[],"widgets":[],"blocks":[{"type":"heading","level":2,"text":"El Mini Submar\u00ed guanya a Oviedo gr\u00e0cies al solitari gol de Fer Ni\u00f1o"},{"type":"paragraph","text":"Tres punts molt importants per al Villarreal B! El Mini Submar\u00ed es va imposar al Real Oviedo (0-1) en el Nuevo Carlos Tartiere gr\u00e0cies al gol de Fer Ni\u00f1o en els primers compassos del duel, aconseguint la vict\u00f2ria davant un rival directe amb el qual s\u2019arribava empatats a punts en la taula."},{"type":"paragraph","text":"El partit es va posar de cara r\u00e0pidament per al quadre groc. En el minut 8, Fer Ni\u00f1o va rematar de manera espl\u00e8ndida un centre des de l\u2019esquerra per a batre a Braat i avan\u00e7ar al Mini Submar\u00ed. No obstant aix\u00f2, la primera meitat no va ser pl\u00e0cida per als de Miguel \u00c1lvarez, que dominaven el partit mantenint la possessi\u00f3 de l\u2019esf\u00e8ric, per\u00f2 el Real Oviedo jugava les seues cartes i va tindre un parell de bons acostaments. Iker \u00c1lvarez va estar molt correcte quan se li va necessitar."},{"type":"paragraph","text":"En els primers minuts del segon temps, el Villarreal B va saber temperar el ritme del joc i defensar-se amb pilota per a evitar una arrancada amb ocasions del conjunt asturi\u00e0 mentre els jugadors tornaven a entrar en calor en aquesta freda vesprada a Oviedo. Despr\u00e9s del primer quart d\u2019hora, els locals van comen\u00e7ar a tindre m\u00e9s la possessi\u00f3, per\u00f2 els groguets es defensaven b\u00e9 en bloc baix."},{"type":"paragraph","text":"Tan b\u00e9 va fer la seua labor de minimitzar les virtuts ofensives del Real Oviedo que els tres punts marxen a Vila-real en un partit molt correcte davant un rival directe i en un camp molt complicat."},{"type":"paragraph","text":"El pr\u00f2xim partit del Mini Submar\u00ed tindr\u00e0 lloc en La Cer\u00e0mica el diumenge 5 de febrer a les 14.00 hores davant el Granada CF."},{"type":"paragraph","text":"Fitxa t\u00e8cnica"},{"type":"paragraph","text":"Real Oviedo: Braat; Lucas, Rodri Tar\u00edn, Dani Calvo, Bretones; Viti (m. 86, Manu Vallejo), Mangel, Jimmy, Leo Sequeira (m. 55, Sergi Enrich); Koba Lein (m. 68, Moro) i Borja."},{"type":"paragraph","text":"Villarreal B: Iker \u00c1lvarez; S. Carreira, Mbacke, P. I\u00f1iguez, C. Romero (m. 84, Tasende); Del Moral, R. Terrats, Carlo (m. 72, Dela); D. Collado (m. 61, \u00c1. Mill\u00e1n), Fer Ni\u00f1o (m. 84, For\u00e9s) i S. Lozano (m. 61, Pacheco)."},{"type":"paragraph","text":"Gols: 0-1. Min. 8: Fer Ni\u00f1o."},{"type":"paragraph","text":"\u00c0rbitre: Garc\u00eda Verdura (Comit\u00e9 Catal\u00e0). Va amonestar als locals Mangel i Lucas i als visitants Del Moral, R. Terrats i Dela."},{"type":"paragraph","text":"Incid\u00e8ncies: Partit entre el Real Oviedo i el Villarreal B, corresponent a la jornada 25 de LaLiga SmartBank, celebrat en el Nuevo Carlos Tartiere davant 12.026 espectadores."},{"type":"video","kind":"iframe","url":"https:\/\/widgets.besoccerapps.com\/scripts\/widgets?type=match_detail&match=49929&season=2023&flag=escudo&style=villarreal","poster":""}]}},"sections":[{"id":"section-1","title":"El Mini Submar\u00ed guanya a Oviedo gr\u00e0cies al solitari gol de Fer Ni\u00f1o","text":"El Mini Submar\u00ed guanya a Oviedo gr\u00e0cies al solitari gol de Fer Ni\u00f1o Tres punts molt importants per al Villarreal B! El Mini Submar\u00ed es va imposar al Real Oviedo (0-1) en el Nuevo Carlos Tartiere gr\u00e0cies al gol de Fer Ni\u00f1o en els primers compassos del duel, aconseguint la vict\u00f2ria davant un rival directe amb el qual s\u2019arribava empatats a punts en la taula. El partit es va posar de cara r\u00e0pidament per al quadre groc. En el minut 8, Fer Ni\u00f1o va rematar de manera espl\u00e8ndida un centre des de l\u2019esquerra per a batre a Braat i avan\u00e7ar al Mini Submar\u00ed. No obstant aix\u00f2, la primera meitat no va ser pl\u00e0cida per als de Miguel \u00c1lvarez, que dominaven el partit mantenint la possessi\u00f3 de l\u2019esf\u00e8ric, per\u00f2 el Real Oviedo jugava les seues cartes i va tindre un parell de bons acostaments. Iker \u00c1lvarez va estar molt correcte quan se li va necessitar. En els primers minuts del segon temps, el Villarreal B va saber temperar el ritme del joc i defensar-se amb pilota per a evitar una arrancada amb ocasions del conjunt asturi\u00e0 mentre els jugadors tornaven a entrar en calor en aquesta freda vesprada a Oviedo. Despr\u00e9s del primer quart d\u2019hora, els locals van comen\u00e7ar a tindre m\u00e9s la possessi\u00f3, per\u00f2 els groguets es defensaven b\u00e9 en bloc baix. Tan b\u00e9 va fer la seua labor de minimitzar les virtuts ofensives del Real Oviedo que els tres punts marxen a Vila-real en un partit molt correcte davant un rival directe i en un camp molt complicat. El pr\u00f2xim partit del Mini Submar\u00ed tindr\u00e0 lloc en La Cer\u00e0mica el diumenge 5 de febrer a les 14.00 hores davant el Granada CF. Fitxa t\u00e8cnica Real Oviedo: Braat; Lucas, Rodri Tar\u00edn, Dani Calvo, Bretones; Viti (m. 86, Manu Vallejo), Mangel, Jimmy, Leo Sequeira (m. 55, Sergi Enrich); Koba Lein (m. 68, Moro) i Borja. Villarreal B: Iker \u00c1lvarez; S. Carreira, Mbacke, P. I\u00f1iguez, C. Romero (m. 84, Tasende); Del Moral, R. Terrats, Carlo (m. 72, Dela); D. Collado (m. 61, \u00c1. Mill\u00e1n), Fer Ni\u00f1o (m. 84, For\u00e9s) i S. Lozano (m. 61, Pacheco). Gols: 0-1. Min. 8: Fer Ni\u00f1o. \u00c0rbitre: Garc\u00eda Verdura (Comit\u00e9 Catal\u00e0). Va amonestar als locals Mangel i Lucas i als visitants Del Moral, R. Terrats i Dela. Incid\u00e8ncies: Partit entre el Real Oviedo i el Villarreal B, corresponent a la jornada 25 de LaLiga SmartBank, celebrat en el Nuevo Carlos Tartiere davant 12.026 espectadores.","url":"","background_image":"","images":[],"videos":[{"type":"video","kind":"iframe","url":"https:\/\/widgets.besoccerapps.com\/scripts\/widgets?type=match_detail&match=49929&season=2023&flag=escudo&style=villarreal","poster":""}],"links":[]}]},"excerpt":{"rendered":"El Mini Submar\u00ed guanya a Oviedo gr\u00e0cies al solitari gol de Fer Ni\u00f1o","protected":false},"author":1,"featured_media":247476,"comment_status":"closed","ping_status":"closed","sticky":false,"template":"","format":"standard","meta":{"_acf_changed":false,"footnotes":""},"categories":[13803],"tags":[10325,14064,13819,717,9270,13241,13975,9205,9627,10634,9203],"acf":null,"lang":"val","translations":{"es":247449,"val":247491,"en":247604},"essential_grid":{"has_grid":false},"formatted_date":"January 28, 2023","modified_date":"January 28, 2023","permalink":"https:\/\/villarrealcf.es\/val\/que-tres-puntazos-0-1\/","reading_time":3,"featured_media_data":{"id":247476,"title":"CRONICA","caption":"","alt_text":"","description":"","mime_type":"image\/jpeg","source_url":"https:\/\/villarrealcf.es\/wp-content\/uploads\/2023\/01\/CRONICA-2.jpg","sizes":{"thumbnail":{"url":"https:\/\/villarrealcf.es\/wp-content\/uploads\/2023\/01\/CRONICA-2.jpg","width":1918,"height":1080},"medium":{"url":"https:\/\/villarrealcf.es\/wp-content\/uploads\/2023\/01\/CRONICA-2.jpg","width":1918,"height":1080},"medium_large":{"url":"https:\/\/villarrealcf.es\/wp-content\/uploads\/2023\/01\/CRONICA-2-768x432.jpg","width":768,"height":432},"large":{"url":"https:\/\/villarrealcf.es\/wp-content\/uploads\/2023\/01\/CRONICA-2.jpg","width":788,"height":444},"1536x1536":{"url":"https:\/\/villarrealcf.es\/wp-content\/uploads\/2023\/01\/CRONICA-2-1536x865.jpg","width":1536,"height":865},"2048x2048":{"url":"https:\/\/villarrealcf.es\/wp-content\/uploads\/2023\/01\/CRONICA-2.jpg","width":1920,"height":1081},"tp-image-grid":{"url":"https:\/\/villarrealcf.es\/wp-content\/uploads\/2023\/01\/CRONICA-2-700x700.jpg","width":700,"height":700},"size-bunyad-medium":{"url":"https:\/\/villarrealcf.es\/wp-content\/uploads\/2023\/01\/CRONICA-2.jpg","width":1918,"height":1080},"sportspress-crop-medium":{"url":"https:\/\/villarrealcf.es\/wp-content\/uploads\/2023\/01\/CRONICA-2-300x300.jpg","width":300,"height":300},"sportspress-fit-medium":{"url":"https:\/\/villarrealcf.es\/wp-content\/uploads\/2023\/01\/CRONICA-2-300x169.jpg","width":300,"height":169},"sportspress-fit-icon":{"url":"https:\/\/villarrealcf.es\/wp-content\/uploads\/2023\/01\/CRONICA-2-128x72.jpg","width":128,"height":72},"sportspress-fit-mini":{"url":"https:\/\/villarrealcf.es\/wp-content\/uploads\/2023\/01\/CRONICA-2-32x18.jpg","width":32,"height":18},"bunyad-small":{"url":"https:\/\/villarrealcf.es\/wp-content\/uploads\/2023\/01\/CRONICA-2-150x84.jpg","width":150,"height":84},"bunyad-medium":{"url":"https:\/\/villarrealcf.es\/wp-content\/uploads\/2023\/01\/CRONICA-2-450x253.jpg","width":450,"height":253},"bunyad-full":{"url":"https:\/\/villarrealcf.es\/wp-content\/uploads\/2023\/01\/CRONICA-2-1200x676.jpg","width":1200,"height":676},"bunyad-viewport":{"url":"https:\/\/villarrealcf.es\/wp-content\/uploads\/2023\/01\/CRONICA-2.jpg","width":1920,"height":1081},"bunyad-768":{"url":"https:\/\/villarrealcf.es\/wp-content\/uploads\/2023\/01\/CRONICA-2-768x432.jpg","width":768,"height":432},"full":{"url":"https:\/\/villarrealcf.es\/wp-content\/uploads\/2023\/01\/CRONICA-2.jpg","width":1920,"height":1081}}},"author_data":{"id":"1","name":"root_envidea","first_name":"Villarreal CF","last_name":"","description":"","avatar_url":"https:\/\/secure.gravatar.com\/avatar\/48f95f42a3ccc324f3a3458e4b9e6fb070b083e99d388e170c1afb061fa99b63?s=96&d=mm&r=g","acf":null},"taxonomies_data":{"category":[{"id":13803,"name":"Futbol base","slug":"futbol-base-val-2","acf":null}],"post_tag":[{"id":10325,"name":"Cantera Grogueta","slug":"cantera-grogueta-val","acf":null},{"id":14064,"name":"Carlos Tartiere","slug":"carlos-tartiere-val","acf":null},{"id":13819,"name":"Cr\u00f3nica Villarreal B","slug":"cronica-villarreal-b-val","acf":null},{"id":717,"name":"Football","slug":"football-d34","acf":null},{"id":9270,"name":"Futbol","slug":"futbol-val","acf":null},{"id":13241,"name":"LaLiga Smartbank","slug":"laliga-smartbank-val","acf":null},{"id":13975,"name":"Real Oviedo","slug":"real-oviedo-2-val","acf":null},{"id":9205,"name":"Submarino","slug":"submarino-val","acf":null},{"id":9627,"name":"Submarino Amarillo","slug":"submarino-amarillo-val","acf":null},{"id":10634,"name":"Villarreal B","slug":"villarreal-b-val","acf":null},{"id":9203,"name":"Villarreal CF","slug":"villarreal-cf-val","acf":null}],"translation_priority":[{"id":735,"name":"Optional","slug":"optional-val","acf":null}]},"seo_full":{"native":{"title":"Quins tres punts! (0-1) - Web Oficial del Villarreal CF","description":"El Mini Submar\u00ed guanya a Oviedo gr\u00e0cies al solitari gol de Fer Ni\u00f1o","canonical":"https:\/\/villarrealcf.es\/val\/que-tres-puntazos-0-1\/"}},"_links":{"self":[{"href":"https:\/\/villarrealcf.es\/val\/wp-json\/wp\/v2\/posts\/247491","targetHints":{"allow":["GET"]}}],"collection":[{"href":"https:\/\/villarrealcf.es\/val\/wp-json\/wp\/v2\/posts"}],"about":[{"href":"https:\/\/villarrealcf.es\/val\/wp-json\/wp\/v2\/types\/post"}],"author":[{"embeddable":true,"href":"https:\/\/villarrealcf.es\/val\/wp-json\/wp\/v2\/users\/1"}],"replies":[{"embeddable":true,"href":"https:\/\/villarrealcf.es\/val\/wp-json\/wp\/v2\/comments?post=247491"}],"version-history":[{"count":0,"href":"https:\/\/villarrealcf.es\/val\/wp-json\/wp\/v2\/posts\/247491\/revisions"}],"wp:featuredmedia":[{"embeddable":true,"href":"https:\/\/villarrealcf.es\/val\/wp-json\/wp\/v2\/media\/247476"}],"wp:attachment":[{"href":"https:\/\/villarrealcf.es\/val\/wp-json\/wp\/v2\/media?parent=247491"}],"wp:term":[{"taxonomy":"category","embeddable":true,"href":"https:\/\/villarrealcf.es\/val\/wp-json\/wp\/v2\/categories?post=247491"},{"taxonomy":"post_tag","embeddable":true,"href":"https:\/\/villarrealcf.es\/val\/wp-json\/wp\/v2\/tags?post=247491"}],"curies":[{"name":"wp","href":"https:\/\/api.w.org\/{rel}","templated":true}]}}