{"id":247300,"date":"2023-01-27T15:34:46","date_gmt":"2023-01-27T14:34:46","guid":{"rendered":"https:\/\/villarrealcf.es\/\/juntos-en-la-marcha-contra-el-cancer\/"},"modified":"2023-01-27T15:42:38","modified_gmt":"2023-01-27T14:42:38","slug":"juntos-en-la-marcha-contra-el-cancer","status":"publish","type":"post","link":"https:\/\/villarrealcf.es\/val\/juntos-en-la-marcha-contra-el-cancer\/","title":{"rendered":"Junts en la Marxa contra el C\u00e0ncer"},"content":{"protected":false,"blocks":[{"type":"heading","level":2,"text":"El Villarreal CF recolza un any m\u00e9s aquesta iniciativa solid\u00e0ria que se celebrar\u00e0 a Castell\u00f3 el 5 de febrer"},{"type":"paragraph","text":"El Villarreal es posa \u2018en marxa\u2019 i anima a tots els seus aficionats a que participen en la VII Marxa Contra el C\u00e0ncer que se celebrar\u00e0 el 5 de febrer i que estar\u00e0 organitzada per AECC Castell\u00f3. Per tan sols 10 euros, els interessats poden col\u00b7laborar adquirint el pack pr\u00e8viament i participant en la carrera que tindr\u00e0 la seua eixida des del passeig Ribalta de Castell\u00f3 a les 11.00 hores."},{"type":"paragraph","text":"El recorregut ser\u00e0 de 3 quil\u00f2metres i la participaci\u00f3 est\u00e0 oberta per a tots els p\u00fablics en tractar-se d\u2019una marxa solid\u00e0ria. Les inscripcions estaran obertes fins al mateix dia, a les 10.30 hores, excepte online que es tanquen el dia 3 a les 24 hores. Tot el recaptat anir\u00e0 destinat \u00edntegrament a l\u2019Associaci\u00f3 Espanyola Contra el C\u00e0ncer per a investigacions del c\u00e0ncer."},{"type":"paragraph","text":"Els interessats poden inscriure\u2019s en el seg\u00fcents punts:"},{"type":"paragraph","text":"La seu provincial de l\u2019Associaci\u00f3 Espanyola Contra el C\u00e0ncer."},{"type":"paragraph","text":"En la Pla\u00e7a Major de Castell\u00f3 (divendres i dissabtes de 10 a 14 hores)."},{"type":"paragraph","text":"El Corte Ingl\u00e9s de Castell\u00f3 (planta esports)."},{"type":"paragraph","text":"Suma Fitness Club."},{"type":"paragraph","text":"Agora Lled\u00f3 International School."},{"type":"paragraph","text":"Sant Crist\u00f2for Centros Educatius."},{"type":"paragraph","text":"UJI majors."},{"type":"paragraph","text":"A trav\u00e9s de la p\u00e0gina web de Runner\u2019s Home (https:\/\/runnershome.es\/)."},{"type":"paragraph","text":"Endavant Solidaritat"}],"structured":{"summary":{"text":"El Villarreal CF recolza un any m\u00e9s aquesta iniciativa solid\u00e0ria que se celebrar\u00e0 a Castell\u00f3 el 5 de febrer El Villarreal es posa \u2018en marxa\u2019 i anima a tots els seus aficionats a que participen en la VII Marxa Contra el C\u00e0ncer que se celebrar\u00e0 el 5 de febrer i que estar\u00e0 organitzada per AECC Castell\u00f3. Per tan sols 10 euros, els interessats poden col\u00b7laborar adquirint el pack pr\u00e8viament i participant en la carrera que tindr\u00e0 la seua eixida des del passeig Ribalta de Castell\u00f3 a les 11.00 hores. El recorregut ser\u00e0 de 3 quil\u00f2metres i la participaci\u00f3 est\u00e0 oberta per a tots els p\u00fablics en tractar-se d\u2019una marxa solid\u00e0ria. Les inscripcions estaran obertes fins al mateix dia, a les 10.30 hores, excepte online que es tanquen el dia 3 a les 24 hores. Tot el recaptat anir\u00e0 destinat \u00edntegrament a l\u2019Associaci\u00f3 Espanyola Contra el C\u00e0ncer per a investigacions del c\u00e0ncer. Els interessats poden inscriure\u2019s en el seg\u00fcents punts: La seu provincial de l\u2019Associaci\u00f3 Espanyola Contra el C\u00e0ncer. En la Pla\u00e7a Major de Castell\u00f3 (divendres i dissabtes de 10 a 14 hores). El Corte Ingl\u00e9s de Castell\u00f3 (planta esports). Suma Fitness Club. Agora Lled\u00f3 International School. Sant Crist\u00f2for Centros Educatius. UJI majors. A trav\u00e9s de la p\u00e0gina web de Runner\u2019s Home (https:\/\/runnershome.es\/). Endavant Solidaritat","headings":[{"type":"heading","level":2,"text":"El Villarreal CF recolza un any m\u00e9s aquesta iniciativa solid\u00e0ria que se celebrar\u00e0 a Castell\u00f3 el 5 de febrer"}],"buttons":[],"images":[],"counts":{"blocks":13,"headings":1,"texts":12,"buttons":0,"images":0}},"sections":[{"id":"section-1","title":"El Villarreal CF recolza un any m\u00e9s aquesta iniciativa solid\u00e0ria que se celebrar\u00e0 a Castell\u00f3 el 5 de febrer","text":"El Villarreal CF recolza un any m\u00e9s aquesta iniciativa solid\u00e0ria que se celebrar\u00e0 a Castell\u00f3 el 5 de febrer El Villarreal es posa \u2018en marxa\u2019 i anima a tots els seus aficionats a que participen en la VII Marxa Contra el C\u00e0ncer que se celebrar\u00e0 el 5 de febrer i que estar\u00e0 organitzada per AECC Castell\u00f3. Per tan sols 10 euros, els interessats poden col\u00b7laborar adquirint el pack pr\u00e8viament i participant en la carrera que tindr\u00e0 la seua eixida des del passeig Ribalta de Castell\u00f3 a les 11.00 hores. El recorregut ser\u00e0 de 3 quil\u00f2metres i la participaci\u00f3 est\u00e0 oberta per a tots els p\u00fablics en tractar-se d\u2019una marxa solid\u00e0ria. Les inscripcions estaran obertes fins al mateix dia, a les 10.30 hores, excepte online que es tanquen el dia 3 a les 24 hores. Tot el recaptat anir\u00e0 destinat \u00edntegrament a l\u2019Associaci\u00f3 Espanyola Contra el C\u00e0ncer per a investigacions del c\u00e0ncer. Els interessats poden inscriure\u2019s en el seg\u00fcents punts: La seu provincial de l\u2019Associaci\u00f3 Espanyola Contra el C\u00e0ncer. En la Pla\u00e7a Major de Castell\u00f3 (divendres i dissabtes de 10 a 14 hores). El Corte Ingl\u00e9s de Castell\u00f3 (planta esports). Suma Fitness Club. Agora Lled\u00f3 International School. Sant Crist\u00f2for Centros Educatius. UJI majors. A trav\u00e9s de la p\u00e0gina web de Runner\u2019s Home (https:\/\/runnershome.es\/). Endavant Solidaritat","headings":[{"type":"heading","level":2,"text":"El Villarreal CF recolza un any m\u00e9s aquesta iniciativa solid\u00e0ria que se celebrar\u00e0 a Castell\u00f3 el 5 de febrer"}],"texts":[{"type":"paragraph","text":"El Villarreal es posa \u2018en marxa\u2019 i anima a tots els seus aficionats a que participen en la VII Marxa Contra el C\u00e0ncer que se celebrar\u00e0 el 5 de febrer i que estar\u00e0 organitzada per AECC Castell\u00f3. Per tan sols 10 euros, els interessats poden col\u00b7laborar adquirint el pack pr\u00e8viament i participant en la carrera que tindr\u00e0 la seua eixida des del passeig Ribalta de Castell\u00f3 a les 11.00 hores."},{"type":"paragraph","text":"El recorregut ser\u00e0 de 3 quil\u00f2metres i la participaci\u00f3 est\u00e0 oberta per a tots els p\u00fablics en tractar-se d\u2019una marxa solid\u00e0ria. Les inscripcions estaran obertes fins al mateix dia, a les 10.30 hores, excepte online que es tanquen el dia 3 a les 24 hores. Tot el recaptat anir\u00e0 destinat \u00edntegrament a l\u2019Associaci\u00f3 Espanyola Contra el C\u00e0ncer per a investigacions del c\u00e0ncer."},{"type":"paragraph","text":"Els interessats poden inscriure\u2019s en el seg\u00fcents punts:"},{"type":"paragraph","text":"La seu provincial de l\u2019Associaci\u00f3 Espanyola Contra el C\u00e0ncer."},{"type":"paragraph","text":"En la Pla\u00e7a Major de Castell\u00f3 (divendres i dissabtes de 10 a 14 hores)."},{"type":"paragraph","text":"El Corte Ingl\u00e9s de Castell\u00f3 (planta esports)."},{"type":"paragraph","text":"Suma Fitness Club."},{"type":"paragraph","text":"Agora Lled\u00f3 International School."},{"type":"paragraph","text":"Sant Crist\u00f2for Centros Educatius."},{"type":"paragraph","text":"UJI majors."},{"type":"paragraph","text":"A trav\u00e9s de la p\u00e0gina web de Runner\u2019s Home (https:\/\/runnershome.es\/)."},{"type":"paragraph","text":"Endavant Solidaritat"}],"buttons":[],"images":[],"widgets":[],"blocks":[{"type":"heading","level":2,"text":"El Villarreal CF recolza un any m\u00e9s aquesta iniciativa solid\u00e0ria que se celebrar\u00e0 a Castell\u00f3 el 5 de febrer"},{"type":"paragraph","text":"El Villarreal es posa \u2018en marxa\u2019 i anima a tots els seus aficionats a que participen en la VII Marxa Contra el C\u00e0ncer que se celebrar\u00e0 el 5 de febrer i que estar\u00e0 organitzada per AECC Castell\u00f3. Per tan sols 10 euros, els interessats poden col\u00b7laborar adquirint el pack pr\u00e8viament i participant en la carrera que tindr\u00e0 la seua eixida des del passeig Ribalta de Castell\u00f3 a les 11.00 hores."},{"type":"paragraph","text":"El recorregut ser\u00e0 de 3 quil\u00f2metres i la participaci\u00f3 est\u00e0 oberta per a tots els p\u00fablics en tractar-se d\u2019una marxa solid\u00e0ria. Les inscripcions estaran obertes fins al mateix dia, a les 10.30 hores, excepte online que es tanquen el dia 3 a les 24 hores. Tot el recaptat anir\u00e0 destinat \u00edntegrament a l\u2019Associaci\u00f3 Espanyola Contra el C\u00e0ncer per a investigacions del c\u00e0ncer."},{"type":"paragraph","text":"Els interessats poden inscriure\u2019s en el seg\u00fcents punts:"},{"type":"paragraph","text":"La seu provincial de l\u2019Associaci\u00f3 Espanyola Contra el C\u00e0ncer."},{"type":"paragraph","text":"En la Pla\u00e7a Major de Castell\u00f3 (divendres i dissabtes de 10 a 14 hores)."},{"type":"paragraph","text":"El Corte Ingl\u00e9s de Castell\u00f3 (planta esports)."},{"type":"paragraph","text":"Suma Fitness Club."},{"type":"paragraph","text":"Agora Lled\u00f3 International School."},{"type":"paragraph","text":"Sant Crist\u00f2for Centros Educatius."},{"type":"paragraph","text":"UJI majors."},{"type":"paragraph","text":"A trav\u00e9s de la p\u00e0gina web de Runner\u2019s Home (https:\/\/runnershome.es\/)."},{"type":"paragraph","text":"Endavant Solidaritat"}]}],"hero":{"id":"section-1","title":"El Villarreal CF recolza un any m\u00e9s aquesta iniciativa solid\u00e0ria que se celebrar\u00e0 a Castell\u00f3 el 5 de febrer","text":"El Villarreal CF recolza un any m\u00e9s aquesta iniciativa solid\u00e0ria que se celebrar\u00e0 a Castell\u00f3 el 5 de febrer El Villarreal es posa \u2018en marxa\u2019 i anima a tots els seus aficionats a que participen en la VII Marxa Contra el C\u00e0ncer que se celebrar\u00e0 el 5 de febrer i que estar\u00e0 organitzada per AECC Castell\u00f3. Per tan sols 10 euros, els interessats poden col\u00b7laborar adquirint el pack pr\u00e8viament i participant en la carrera que tindr\u00e0 la seua eixida des del passeig Ribalta de Castell\u00f3 a les 11.00 hores. El recorregut ser\u00e0 de 3 quil\u00f2metres i la participaci\u00f3 est\u00e0 oberta per a tots els p\u00fablics en tractar-se d\u2019una marxa solid\u00e0ria. Les inscripcions estaran obertes fins al mateix dia, a les 10.30 hores, excepte online que es tanquen el dia 3 a les 24 hores. Tot el recaptat anir\u00e0 destinat \u00edntegrament a l\u2019Associaci\u00f3 Espanyola Contra el C\u00e0ncer per a investigacions del c\u00e0ncer. Els interessats poden inscriure\u2019s en el seg\u00fcents punts: La seu provincial de l\u2019Associaci\u00f3 Espanyola Contra el C\u00e0ncer. En la Pla\u00e7a Major de Castell\u00f3 (divendres i dissabtes de 10 a 14 hores). El Corte Ingl\u00e9s de Castell\u00f3 (planta esports). Suma Fitness Club. Agora Lled\u00f3 International School. Sant Crist\u00f2for Centros Educatius. UJI majors. A trav\u00e9s de la p\u00e0gina web de Runner\u2019s Home (https:\/\/runnershome.es\/). Endavant Solidaritat","headings":[{"type":"heading","level":2,"text":"El Villarreal CF recolza un any m\u00e9s aquesta iniciativa solid\u00e0ria que se celebrar\u00e0 a Castell\u00f3 el 5 de febrer"}],"texts":[{"type":"paragraph","text":"El Villarreal es posa \u2018en marxa\u2019 i anima a tots els seus aficionats a que participen en la VII Marxa Contra el C\u00e0ncer que se celebrar\u00e0 el 5 de febrer i que estar\u00e0 organitzada per AECC Castell\u00f3. Per tan sols 10 euros, els interessats poden col\u00b7laborar adquirint el pack pr\u00e8viament i participant en la carrera que tindr\u00e0 la seua eixida des del passeig Ribalta de Castell\u00f3 a les 11.00 hores."},{"type":"paragraph","text":"El recorregut ser\u00e0 de 3 quil\u00f2metres i la participaci\u00f3 est\u00e0 oberta per a tots els p\u00fablics en tractar-se d\u2019una marxa solid\u00e0ria. Les inscripcions estaran obertes fins al mateix dia, a les 10.30 hores, excepte online que es tanquen el dia 3 a les 24 hores. Tot el recaptat anir\u00e0 destinat \u00edntegrament a l\u2019Associaci\u00f3 Espanyola Contra el C\u00e0ncer per a investigacions del c\u00e0ncer."},{"type":"paragraph","text":"Els interessats poden inscriure\u2019s en el seg\u00fcents punts:"},{"type":"paragraph","text":"La seu provincial de l\u2019Associaci\u00f3 Espanyola Contra el C\u00e0ncer."},{"type":"paragraph","text":"En la Pla\u00e7a Major de Castell\u00f3 (divendres i dissabtes de 10 a 14 hores)."},{"type":"paragraph","text":"El Corte Ingl\u00e9s de Castell\u00f3 (planta esports)."},{"type":"paragraph","text":"Suma Fitness Club."},{"type":"paragraph","text":"Agora Lled\u00f3 International School."},{"type":"paragraph","text":"Sant Crist\u00f2for Centros Educatius."},{"type":"paragraph","text":"UJI majors."},{"type":"paragraph","text":"A trav\u00e9s de la p\u00e0gina web de Runner\u2019s Home (https:\/\/runnershome.es\/)."},{"type":"paragraph","text":"Endavant Solidaritat"}],"buttons":[],"images":[],"widgets":[],"blocks":[{"type":"heading","level":2,"text":"El Villarreal CF recolza un any m\u00e9s aquesta iniciativa solid\u00e0ria que se celebrar\u00e0 a Castell\u00f3 el 5 de febrer"},{"type":"paragraph","text":"El Villarreal es posa \u2018en marxa\u2019 i anima a tots els seus aficionats a que participen en la VII Marxa Contra el C\u00e0ncer que se celebrar\u00e0 el 5 de febrer i que estar\u00e0 organitzada per AECC Castell\u00f3. Per tan sols 10 euros, els interessats poden col\u00b7laborar adquirint el pack pr\u00e8viament i participant en la carrera que tindr\u00e0 la seua eixida des del passeig Ribalta de Castell\u00f3 a les 11.00 hores."},{"type":"paragraph","text":"El recorregut ser\u00e0 de 3 quil\u00f2metres i la participaci\u00f3 est\u00e0 oberta per a tots els p\u00fablics en tractar-se d\u2019una marxa solid\u00e0ria. Les inscripcions estaran obertes fins al mateix dia, a les 10.30 hores, excepte online que es tanquen el dia 3 a les 24 hores. Tot el recaptat anir\u00e0 destinat \u00edntegrament a l\u2019Associaci\u00f3 Espanyola Contra el C\u00e0ncer per a investigacions del c\u00e0ncer."},{"type":"paragraph","text":"Els interessats poden inscriure\u2019s en el seg\u00fcents punts:"},{"type":"paragraph","text":"La seu provincial de l\u2019Associaci\u00f3 Espanyola Contra el C\u00e0ncer."},{"type":"paragraph","text":"En la Pla\u00e7a Major de Castell\u00f3 (divendres i dissabtes de 10 a 14 hores)."},{"type":"paragraph","text":"El Corte Ingl\u00e9s de Castell\u00f3 (planta esports)."},{"type":"paragraph","text":"Suma Fitness Club."},{"type":"paragraph","text":"Agora Lled\u00f3 International School."},{"type":"paragraph","text":"Sant Crist\u00f2for Centros Educatius."},{"type":"paragraph","text":"UJI majors."},{"type":"paragraph","text":"A trav\u00e9s de la p\u00e0gina web de Runner\u2019s Home (https:\/\/runnershome.es\/)."},{"type":"paragraph","text":"Endavant Solidaritat"}]}},"sections":[{"id":"section-1","title":"El Villarreal CF recolza un any m\u00e9s aquesta iniciativa solid\u00e0ria que se celebrar\u00e0 a Castell\u00f3 el 5 de febrer","text":"El Villarreal CF recolza un any m\u00e9s aquesta iniciativa solid\u00e0ria que se celebrar\u00e0 a Castell\u00f3 el 5 de febrer El Villarreal es posa \u2018en marxa\u2019 i anima a tots els seus aficionats a que participen en la VII Marxa Contra el C\u00e0ncer que se celebrar\u00e0 el 5 de febrer i que estar\u00e0 organitzada per AECC Castell\u00f3. Per tan sols 10 euros, els interessats poden col\u00b7laborar adquirint el pack pr\u00e8viament i participant en la carrera que tindr\u00e0 la seua eixida des del passeig Ribalta de Castell\u00f3 a les 11.00 hores. El recorregut ser\u00e0 de 3 quil\u00f2metres i la participaci\u00f3 est\u00e0 oberta per a tots els p\u00fablics en tractar-se d\u2019una marxa solid\u00e0ria. Les inscripcions estaran obertes fins al mateix dia, a les 10.30 hores, excepte online que es tanquen el dia 3 a les 24 hores. Tot el recaptat anir\u00e0 destinat \u00edntegrament a l\u2019Associaci\u00f3 Espanyola Contra el C\u00e0ncer per a investigacions del c\u00e0ncer. Els interessats poden inscriure\u2019s en el seg\u00fcents punts: La seu provincial de l\u2019Associaci\u00f3 Espanyola Contra el C\u00e0ncer. En la Pla\u00e7a Major de Castell\u00f3 (divendres i dissabtes de 10 a 14 hores). El Corte Ingl\u00e9s de Castell\u00f3 (planta esports). Suma Fitness Club. Agora Lled\u00f3 International School. Sant Crist\u00f2for Centros Educatius. UJI majors. A trav\u00e9s de la p\u00e0gina web de Runner\u2019s Home (https:\/\/runnershome.es\/). Endavant Solidaritat","url":"","background_image":"","images":[],"videos":[],"links":[]}]},"excerpt":{"rendered":"El Villarreal CF recolza un any m\u00e9s aquesta iniciativa solid\u00e0ria que se celebrar\u00e0 a Castell\u00f3 el 5 de febrer","protected":false},"author":23,"featured_media":247297,"comment_status":"closed","ping_status":"closed","sticky":false,"template":"","format":"standard","meta":{"_acf_changed":false,"footnotes":""},"categories":[13509],"tags":[9242,9244,717,9270,716,9205,9627,9203],"acf":null,"lang":"val","translations":{"es":247294,"val":247300,"en":247302},"essential_grid":{"has_grid":false},"formatted_date":"January 27, 2023","modified_date":"January 27, 2023","permalink":"https:\/\/villarrealcf.es\/val\/juntos-en-la-marcha-contra-el-cancer\/","reading_time":2,"featured_media_data":{"id":247297,"title":"lucha","caption":"","alt_text":"","description":"","mime_type":"image\/jpeg","source_url":"https:\/\/villarrealcf.es\/wp-content\/uploads\/2023\/01\/lucha.jpg","sizes":{"thumbnail":{"url":"https:\/\/villarrealcf.es\/wp-content\/uploads\/2023\/01\/lucha.jpg","width":1920,"height":1080},"medium":{"url":"https:\/\/villarrealcf.es\/wp-content\/uploads\/2023\/01\/lucha.jpg","width":1920,"height":1080},"medium_large":{"url":"https:\/\/villarrealcf.es\/wp-content\/uploads\/2023\/01\/lucha-768x432.jpg","width":768,"height":432},"large":{"url":"https:\/\/villarrealcf.es\/wp-content\/uploads\/2023\/01\/lucha.jpg","width":788,"height":443},"1536x1536":{"url":"https:\/\/villarrealcf.es\/wp-content\/uploads\/2023\/01\/lucha-1536x864.jpg","width":1536,"height":864},"2048x2048":{"url":"https:\/\/villarrealcf.es\/wp-content\/uploads\/2023\/01\/lucha.jpg","width":1920,"height":1080},"tp-image-grid":{"url":"https:\/\/villarrealcf.es\/wp-content\/uploads\/2023\/01\/lucha-700x700.jpg","width":700,"height":700},"size-bunyad-medium":{"url":"https:\/\/villarrealcf.es\/wp-content\/uploads\/2023\/01\/lucha.jpg","width":1920,"height":1080},"sportspress-crop-medium":{"url":"https:\/\/villarrealcf.es\/wp-content\/uploads\/2023\/01\/lucha-300x300.jpg","width":300,"height":300},"sportspress-fit-medium":{"url":"https:\/\/villarrealcf.es\/wp-content\/uploads\/2023\/01\/lucha-300x169.jpg","width":300,"height":169},"sportspress-fit-icon":{"url":"https:\/\/villarrealcf.es\/wp-content\/uploads\/2023\/01\/lucha-128x72.jpg","width":128,"height":72},"sportspress-fit-mini":{"url":"https:\/\/villarrealcf.es\/wp-content\/uploads\/2023\/01\/lucha-32x18.jpg","width":32,"height":18},"bunyad-small":{"url":"https:\/\/villarrealcf.es\/wp-content\/uploads\/2023\/01\/lucha-150x84.jpg","width":150,"height":84},"bunyad-medium":{"url":"https:\/\/villarrealcf.es\/wp-content\/uploads\/2023\/01\/lucha-450x253.jpg","width":450,"height":253},"bunyad-full":{"url":"https:\/\/villarrealcf.es\/wp-content\/uploads\/2023\/01\/lucha-1200x675.jpg","width":1200,"height":675},"bunyad-viewport":{"url":"https:\/\/villarrealcf.es\/wp-content\/uploads\/2023\/01\/lucha.jpg","width":1920,"height":1080},"bunyad-768":{"url":"https:\/\/villarrealcf.es\/wp-content\/uploads\/2023\/01\/lucha-768x432.jpg","width":768,"height":432},"full":{"url":"https:\/\/villarrealcf.es\/wp-content\/uploads\/2023\/01\/lucha.jpg","width":1920,"height":1080}}},"author_data":{"id":"23","name":"Fran Segovia","first_name":"Fran","last_name":"Segovia","description":"","avatar_url":"https:\/\/secure.gravatar.com\/avatar\/9ec849b3b9cb451091f0a96d7943b1c6be26a8d6fd3b94d5b5bfd496b2536c42?s=96&d=mm&r=g","acf":null},"taxonomies_data":{"category":[{"id":13509,"name":"Endavant","slug":"endavant-val","acf":null}],"post_tag":[{"id":9242,"name":"Endavant","slug":"endavant-val-2","acf":null},{"id":9244,"name":"Endavant Solidaritat","slug":"endavant-solidaritat-val-2","acf":null},{"id":717,"name":"Football","slug":"football-d34","acf":null},{"id":9270,"name":"Futbol","slug":"futbol-val","acf":null},{"id":716,"name":"Soccer","slug":"soccer-d105","acf":null},{"id":9205,"name":"Submarino","slug":"submarino-val","acf":null},{"id":9627,"name":"Submarino Amarillo","slug":"submarino-amarillo-val","acf":null},{"id":9203,"name":"Villarreal CF","slug":"villarreal-cf-val","acf":null}],"translation_priority":[{"id":735,"name":"Optional","slug":"optional-val","acf":null}]},"seo_full":{"native":{"title":"Junts en la Marxa contra el C\u00e0ncer - Web Oficial del Villarreal CF","description":"El Villarreal CF recolza un any m\u00e9s aquesta iniciativa solid\u00e0ria que se celebrar\u00e0 a Castell\u00f3 el 5 de febrer","canonical":"https:\/\/villarrealcf.es\/val\/juntos-en-la-marcha-contra-el-cancer\/"}},"_links":{"self":[{"href":"https:\/\/villarrealcf.es\/val\/wp-json\/wp\/v2\/posts\/247300","targetHints":{"allow":["GET"]}}],"collection":[{"href":"https:\/\/villarrealcf.es\/val\/wp-json\/wp\/v2\/posts"}],"about":[{"href":"https:\/\/villarrealcf.es\/val\/wp-json\/wp\/v2\/types\/post"}],"author":[{"embeddable":true,"href":"https:\/\/villarrealcf.es\/val\/wp-json\/wp\/v2\/users\/23"}],"replies":[{"embeddable":true,"href":"https:\/\/villarrealcf.es\/val\/wp-json\/wp\/v2\/comments?post=247300"}],"version-history":[{"count":0,"href":"https:\/\/villarrealcf.es\/val\/wp-json\/wp\/v2\/posts\/247300\/revisions"}],"wp:featuredmedia":[{"embeddable":true,"href":"https:\/\/villarrealcf.es\/val\/wp-json\/wp\/v2\/media\/247297"}],"wp:attachment":[{"href":"https:\/\/villarrealcf.es\/val\/wp-json\/wp\/v2\/media?parent=247300"}],"wp:term":[{"taxonomy":"category","embeddable":true,"href":"https:\/\/villarrealcf.es\/val\/wp-json\/wp\/v2\/categories?post=247300"},{"taxonomy":"post_tag","embeddable":true,"href":"https:\/\/villarrealcf.es\/val\/wp-json\/wp\/v2\/tags?post=247300"}],"curies":[{"name":"wp","href":"https:\/\/api.w.org\/{rel}","templated":true}]}}