{"id":247177,"date":"2023-01-27T10:06:30","date_gmt":"2023-01-27T09:06:30","guid":{"rendered":"https:\/\/villarrealcf.es\/\/rodri-alonso-cedido-al-albacete-balompie\/"},"modified":"2023-01-27T11:02:51","modified_gmt":"2023-01-27T10:02:51","slug":"rodri-alonso-cedido-al-albacete-balompie","status":"publish","type":"post","link":"https:\/\/villarrealcf.es\/val\/rodri-alonso-cedido-al-albacete-balompie\/","title":{"rendered":"Rodri Alonso, cedit a l\u2019Albacete BP"},"content":{"protected":false,"blocks":[{"type":"heading","level":2,"text":"El migcampista castellonenc jugar\u00e0 mitja temporada a pr\u00e9stec en el conjunt manxec"},{"type":"paragraph","text":"El Villarreal CF i l\u2019Albacete BP han aconseguit un acord per a la cessi\u00f3 de Rodrigo Alonso al conjunt manxec, on jugar\u00e0 el que resta de temporada."},{"type":"paragraph","text":"El migcampista castellonenc ha participat aquesta temporada en nou partits amb el filial groc en LaLiga SmartBank i tamb\u00e9 ha disputat part de la primera volta amb el Villarreal C en Tercera RFEF. A m\u00e9s, cal destacar que va ser un dels jugadors d\u2019edat juvenil que va disputar la UEFA Youth League el curs passat."},{"type":"paragraph","text":"Molta sort i \u00e8xits, Rodri!"}],"structured":{"summary":{"text":"El migcampista castellonenc jugar\u00e0 mitja temporada a pr\u00e9stec en el conjunt manxec El Villarreal CF i l\u2019Albacete BP han aconseguit un acord per a la cessi\u00f3 de Rodrigo Alonso al conjunt manxec, on jugar\u00e0 el que resta de temporada. El migcampista castellonenc ha participat aquesta temporada en nou partits amb el filial groc en LaLiga SmartBank i tamb\u00e9 ha disputat part de la primera volta amb el Villarreal C en Tercera RFEF. A m\u00e9s, cal destacar que va ser un dels jugadors d\u2019edat juvenil que va disputar la UEFA Youth League el curs passat. Molta sort i \u00e8xits, Rodri!","headings":[{"type":"heading","level":2,"text":"El migcampista castellonenc jugar\u00e0 mitja temporada a pr\u00e9stec en el conjunt manxec"}],"buttons":[],"images":[],"counts":{"blocks":4,"headings":1,"texts":3,"buttons":0,"images":0}},"sections":[{"id":"section-1","title":"El migcampista castellonenc jugar\u00e0 mitja temporada a pr\u00e9stec en el conjunt manxec","text":"El migcampista castellonenc jugar\u00e0 mitja temporada a pr\u00e9stec en el conjunt manxec El Villarreal CF i l\u2019Albacete BP han aconseguit un acord per a la cessi\u00f3 de Rodrigo Alonso al conjunt manxec, on jugar\u00e0 el que resta de temporada. El migcampista castellonenc ha participat aquesta temporada en nou partits amb el filial groc en LaLiga SmartBank i tamb\u00e9 ha disputat part de la primera volta amb el Villarreal C en Tercera RFEF. A m\u00e9s, cal destacar que va ser un dels jugadors d\u2019edat juvenil que va disputar la UEFA Youth League el curs passat. Molta sort i \u00e8xits, Rodri!","headings":[{"type":"heading","level":2,"text":"El migcampista castellonenc jugar\u00e0 mitja temporada a pr\u00e9stec en el conjunt manxec"}],"texts":[{"type":"paragraph","text":"El Villarreal CF i l\u2019Albacete BP han aconseguit un acord per a la cessi\u00f3 de Rodrigo Alonso al conjunt manxec, on jugar\u00e0 el que resta de temporada."},{"type":"paragraph","text":"El migcampista castellonenc ha participat aquesta temporada en nou partits amb el filial groc en LaLiga SmartBank i tamb\u00e9 ha disputat part de la primera volta amb el Villarreal C en Tercera RFEF. A m\u00e9s, cal destacar que va ser un dels jugadors d\u2019edat juvenil que va disputar la UEFA Youth League el curs passat."},{"type":"paragraph","text":"Molta sort i \u00e8xits, Rodri!"}],"buttons":[],"images":[],"widgets":[],"blocks":[{"type":"heading","level":2,"text":"El migcampista castellonenc jugar\u00e0 mitja temporada a pr\u00e9stec en el conjunt manxec"},{"type":"paragraph","text":"El Villarreal CF i l\u2019Albacete BP han aconseguit un acord per a la cessi\u00f3 de Rodrigo Alonso al conjunt manxec, on jugar\u00e0 el que resta de temporada."},{"type":"paragraph","text":"El migcampista castellonenc ha participat aquesta temporada en nou partits amb el filial groc en LaLiga SmartBank i tamb\u00e9 ha disputat part de la primera volta amb el Villarreal C en Tercera RFEF. A m\u00e9s, cal destacar que va ser un dels jugadors d\u2019edat juvenil que va disputar la UEFA Youth League el curs passat."},{"type":"paragraph","text":"Molta sort i \u00e8xits, Rodri!"}]}],"hero":{"id":"section-1","title":"El migcampista castellonenc jugar\u00e0 mitja temporada a pr\u00e9stec en el conjunt manxec","text":"El migcampista castellonenc jugar\u00e0 mitja temporada a pr\u00e9stec en el conjunt manxec El Villarreal CF i l\u2019Albacete BP han aconseguit un acord per a la cessi\u00f3 de Rodrigo Alonso al conjunt manxec, on jugar\u00e0 el que resta de temporada. El migcampista castellonenc ha participat aquesta temporada en nou partits amb el filial groc en LaLiga SmartBank i tamb\u00e9 ha disputat part de la primera volta amb el Villarreal C en Tercera RFEF. A m\u00e9s, cal destacar que va ser un dels jugadors d\u2019edat juvenil que va disputar la UEFA Youth League el curs passat. Molta sort i \u00e8xits, Rodri!","headings":[{"type":"heading","level":2,"text":"El migcampista castellonenc jugar\u00e0 mitja temporada a pr\u00e9stec en el conjunt manxec"}],"texts":[{"type":"paragraph","text":"El Villarreal CF i l\u2019Albacete BP han aconseguit un acord per a la cessi\u00f3 de Rodrigo Alonso al conjunt manxec, on jugar\u00e0 el que resta de temporada."},{"type":"paragraph","text":"El migcampista castellonenc ha participat aquesta temporada en nou partits amb el filial groc en LaLiga SmartBank i tamb\u00e9 ha disputat part de la primera volta amb el Villarreal C en Tercera RFEF. A m\u00e9s, cal destacar que va ser un dels jugadors d\u2019edat juvenil que va disputar la UEFA Youth League el curs passat."},{"type":"paragraph","text":"Molta sort i \u00e8xits, Rodri!"}],"buttons":[],"images":[],"widgets":[],"blocks":[{"type":"heading","level":2,"text":"El migcampista castellonenc jugar\u00e0 mitja temporada a pr\u00e9stec en el conjunt manxec"},{"type":"paragraph","text":"El Villarreal CF i l\u2019Albacete BP han aconseguit un acord per a la cessi\u00f3 de Rodrigo Alonso al conjunt manxec, on jugar\u00e0 el que resta de temporada."},{"type":"paragraph","text":"El migcampista castellonenc ha participat aquesta temporada en nou partits amb el filial groc en LaLiga SmartBank i tamb\u00e9 ha disputat part de la primera volta amb el Villarreal C en Tercera RFEF. A m\u00e9s, cal destacar que va ser un dels jugadors d\u2019edat juvenil que va disputar la UEFA Youth League el curs passat."},{"type":"paragraph","text":"Molta sort i \u00e8xits, Rodri!"}]}},"sections":[{"id":"section-1","title":"El migcampista castellonenc jugar\u00e0 mitja temporada a pr\u00e9stec en el conjunt manxec","text":"El migcampista castellonenc jugar\u00e0 mitja temporada a pr\u00e9stec en el conjunt manxec El Villarreal CF i l\u2019Albacete BP han aconseguit un acord per a la cessi\u00f3 de Rodrigo Alonso al conjunt manxec, on jugar\u00e0 el que resta de temporada. El migcampista castellonenc ha participat aquesta temporada en nou partits amb el filial groc en LaLiga SmartBank i tamb\u00e9 ha disputat part de la primera volta amb el Villarreal C en Tercera RFEF. A m\u00e9s, cal destacar que va ser un dels jugadors d\u2019edat juvenil que va disputar la UEFA Youth League el curs passat. Molta sort i \u00e8xits, Rodri!","url":"","background_image":"","images":[],"videos":[],"links":[]}]},"excerpt":{"rendered":"El migcampista castellonenc jugar\u00e0 mitja temporada a pr\u00e9stec en el conjunt manxec\n","protected":false},"author":33,"featured_media":247123,"comment_status":"closed","ping_status":"closed","sticky":false,"template":"","format":"standard","meta":{"_acf_changed":false,"footnotes":""},"categories":[13803],"tags":[14058,10325,5082,717,9270,9227,14059,716,9205,9627,10634,9203],"acf":null,"lang":"val","translations":{"es":247116,"en":247175,"val":247177},"essential_grid":{"has_grid":false},"formatted_date":"January 27, 2023","modified_date":"January 27, 2023","permalink":"https:\/\/villarrealcf.es\/val\/rodri-alonso-cedido-al-albacete-balompie\/","reading_time":1,"featured_media_data":{"id":247123,"title":"rodri 3","caption":"","alt_text":"","description":"","mime_type":"image\/jpeg","source_url":"https:\/\/villarrealcf.es\/wp-content\/uploads\/2023\/01\/rodri-3.jpg","sizes":{"thumbnail":{"url":"https:\/\/villarrealcf.es\/wp-content\/uploads\/2023\/01\/rodri-3-150x150.jpg","width":150,"height":150},"medium":{"url":"https:\/\/villarrealcf.es\/wp-content\/uploads\/2023\/01\/rodri-3-300x169.jpg","width":300,"height":169},"medium_large":{"url":"https:\/\/villarrealcf.es\/wp-content\/uploads\/2023\/01\/rodri-3-768x432.jpg","width":768,"height":432},"large":{"url":"https:\/\/villarrealcf.es\/wp-content\/uploads\/2023\/01\/rodri-3-1024x576.jpg","width":788,"height":443},"1536x1536":{"url":"https:\/\/villarrealcf.es\/wp-content\/uploads\/2023\/01\/rodri-3-1536x864.jpg","width":1536,"height":864},"2048x2048":{"url":"https:\/\/villarrealcf.es\/wp-content\/uploads\/2023\/01\/rodri-3.jpg","width":1920,"height":1080},"tp-image-grid":{"url":"https:\/\/villarrealcf.es\/wp-content\/uploads\/2023\/01\/rodri-3-700x700.jpg","width":700,"height":700},"size-bunyad-medium":{"url":"https:\/\/villarrealcf.es\/wp-content\/uploads\/2023\/01\/rodri-3.jpg","width":1920,"height":1080},"sportspress-crop-medium":{"url":"https:\/\/villarrealcf.es\/wp-content\/uploads\/2023\/01\/rodri-3-300x300.jpg","width":300,"height":300},"sportspress-fit-medium":{"url":"https:\/\/villarrealcf.es\/wp-content\/uploads\/2023\/01\/rodri-3-300x169.jpg","width":300,"height":169},"sportspress-fit-icon":{"url":"https:\/\/villarrealcf.es\/wp-content\/uploads\/2023\/01\/rodri-3-128x72.jpg","width":128,"height":72},"sportspress-fit-mini":{"url":"https:\/\/villarrealcf.es\/wp-content\/uploads\/2023\/01\/rodri-3-32x18.jpg","width":32,"height":18},"bunyad-small":{"url":"https:\/\/villarrealcf.es\/wp-content\/uploads\/2023\/01\/rodri-3-150x84.jpg","width":150,"height":84},"bunyad-medium":{"url":"https:\/\/villarrealcf.es\/wp-content\/uploads\/2023\/01\/rodri-3-450x253.jpg","width":450,"height":253},"bunyad-full":{"url":"https:\/\/villarrealcf.es\/wp-content\/uploads\/2023\/01\/rodri-3-1200x675.jpg","width":1200,"height":675},"bunyad-viewport":{"url":"https:\/\/villarrealcf.es\/wp-content\/uploads\/2023\/01\/rodri-3.jpg","width":1920,"height":1080},"bunyad-768":{"url":"https:\/\/villarrealcf.es\/wp-content\/uploads\/2023\/01\/rodri-3-768x432.jpg","width":768,"height":432},"full":{"url":"https:\/\/villarrealcf.es\/wp-content\/uploads\/2023\/01\/rodri-3.jpg","width":1920,"height":1080}}},"author_data":{"id":"33","name":"Nacho Tejada","first_name":"Nacho","last_name":"Tejada","description":"","avatar_url":"https:\/\/secure.gravatar.com\/avatar\/b1580534b2fcd93e031504756165758941290488df5c88966a26f84344931fd1?s=96&d=mm&r=g","acf":null},"taxonomies_data":{"category":[{"id":13803,"name":"Futbol base","slug":"futbol-base-val-2","acf":null}],"post_tag":[{"id":14058,"name":"Albacete BP","slug":"albacete-bp-val","acf":null},{"id":10325,"name":"Cantera Grogueta","slug":"cantera-grogueta-val","acf":null},{"id":5082,"name":"Cesi\u00f3n","slug":"cesion","acf":null},{"id":717,"name":"Football","slug":"football-d34","acf":null},{"id":9270,"name":"Futbol","slug":"futbol-val","acf":null},{"id":9227,"name":"F\u00fatbol Base","slug":"futbol-base-val","acf":null},{"id":14059,"name":"Rodri Alonso","slug":"rodri-alonso-2-val","acf":null},{"id":716,"name":"Soccer","slug":"soccer-d105","acf":null},{"id":9205,"name":"Submarino","slug":"submarino-val","acf":null},{"id":9627,"name":"Submarino Amarillo","slug":"submarino-amarillo-val","acf":null},{"id":10634,"name":"Villarreal B","slug":"villarreal-b-val","acf":null},{"id":9203,"name":"Villarreal CF","slug":"villarreal-cf-val","acf":null}],"translation_priority":[{"id":735,"name":"Optional","slug":"optional-val","acf":null}]},"seo_full":{"native":{"title":"Rodri Alonso, cedit a l\u2019Albacete BP - Web Oficial del Villarreal CF","description":"El migcampista castellonenc jugar\u00e0 mitja temporada a pr\u00e9stec en el conjunt manxec\n","canonical":"https:\/\/villarrealcf.es\/val\/rodri-alonso-cedido-al-albacete-balompie\/"}},"_links":{"self":[{"href":"https:\/\/villarrealcf.es\/val\/wp-json\/wp\/v2\/posts\/247177","targetHints":{"allow":["GET"]}}],"collection":[{"href":"https:\/\/villarrealcf.es\/val\/wp-json\/wp\/v2\/posts"}],"about":[{"href":"https:\/\/villarrealcf.es\/val\/wp-json\/wp\/v2\/types\/post"}],"author":[{"embeddable":true,"href":"https:\/\/villarrealcf.es\/val\/wp-json\/wp\/v2\/users\/33"}],"replies":[{"embeddable":true,"href":"https:\/\/villarrealcf.es\/val\/wp-json\/wp\/v2\/comments?post=247177"}],"version-history":[{"count":0,"href":"https:\/\/villarrealcf.es\/val\/wp-json\/wp\/v2\/posts\/247177\/revisions"}],"wp:featuredmedia":[{"embeddable":true,"href":"https:\/\/villarrealcf.es\/val\/wp-json\/wp\/v2\/media\/247123"}],"wp:attachment":[{"href":"https:\/\/villarrealcf.es\/val\/wp-json\/wp\/v2\/media?parent=247177"}],"wp:term":[{"taxonomy":"category","embeddable":true,"href":"https:\/\/villarrealcf.es\/val\/wp-json\/wp\/v2\/categories?post=247177"},{"taxonomy":"post_tag","embeddable":true,"href":"https:\/\/villarrealcf.es\/val\/wp-json\/wp\/v2\/tags?post=247177"}],"curies":[{"name":"wp","href":"https:\/\/api.w.org\/{rel}","templated":true}]}}