{"id":247037,"date":"2023-01-26T13:11:54","date_gmt":"2023-01-26T12:11:54","guid":{"rendered":"https:\/\/villarrealcf.es\/\/miguel-alvarez-este-equipo-no-le-tiene-miedo-a-nada\/"},"modified":"2023-01-26T15:31:47","modified_gmt":"2023-01-26T14:31:47","slug":"miguel-alvarez-aquest-equip-no-li-te-por-a-res","status":"publish","type":"post","link":"https:\/\/villarrealcf.es\/val\/miguel-alvarez-aquest-equip-no-li-te-por-a-res\/","title":{"rendered":"Miguel \u00c1lvarez: &#8220;Aquest equip no li t\u00e9 por a res&#8221;"},"content":{"protected":false,"blocks":[{"type":"heading","level":2,"text":"El Villarreal B visita a un s\u00f2lid Real Oviedo aquest dissabte a les 18.30h"},{"type":"paragraph","text":"L\u2019entrenador del Villarreal B, Miguel \u00c1lvarez, va compar\u00e9ixer en la roda de premsa pr\u00e8via al partit contra el Real Oviedo, corresponent a la jornada 25 de LaLiga SmartBank, que tindr\u00e0 lloc aquest dissabte 28 de gener a les 18.30 hores en l\u2019Estadi Carlos Tartiere."},{"type":"paragraph","text":"Aquestes s\u00f3n les declaracions del t\u00e8cnic groguet:"},{"type":"paragraph","text":"El partit a Oviedo"},{"type":"paragraph","text":"\u201cL\u2019equip arriba molt b\u00e9. Ja han complit sanci\u00f3 Alberto i Dela. Amb la il\u00b7lusi\u00f3 de guanyar el partit, per\u00f2 sabent la dificultat que hi ha perqu\u00e8 en els \u00faltims partits ning\u00fa ha sigut capa\u00e7 de guanyar-li a casa\u201d."},{"type":"paragraph","text":"La vict\u00f2ria a Lugo"},{"type":"paragraph","text":"\u201cEra una de les coses que busc\u00e0vem i ho vam fer com nosaltres sabem, que \u00e9s jugant molt b\u00e9 al futbol, encara que tamb\u00e9 concedint, perqu\u00e8 quasi se\u2019ns escapa el partit en el minut 90, per\u00f2 aix\u00f2 forma part del proc\u00e9s. Continuarem creixent, tamb\u00e9 l\u2019entrenador. Aquests tres punts s\u00f3n molt importants. Em centre en el cam\u00ed, en qu\u00e8 els xics vagen millorant i a arribar al final del trajecte complint els objectius\u201d."},{"type":"paragraph","text":"Fidels a l\u2019estil"},{"type":"paragraph","text":"\u201cAquest equip no li t\u00e9 por a res. \u00c9s valent. Hem aconseguit molts objectius aquests anys. El dia del Saragossa l\u2019equip va jugar b\u00e9, igual que a Ponferrada o contra Las Palmas. L\u2019equip sempre juga b\u00e9, per\u00f2 jugar b\u00e9 tamb\u00e9 \u00e9s dominar aspectes del joc que et penalitzen perqu\u00e8 no s\u00f3n xicotets detalls, s\u00f3n grans detalls\u2026 Una falta lateral, una pilota penjada\u2026 Estem molt contents amb els xics i sempre els exigim el m\u00e0xim. Som massa exigents, per\u00f2 no deixarem de ser-ho perqu\u00e8 el B sempre ha funcionat a base de treball i d\u2019una idea molt clara\u201d."},{"type":"paragraph","text":"El Real Oviedo"},{"type":"paragraph","text":"\u201cDestacaria la consist\u00e8ncia que li ha donat el seu entrenador. Estaven quasi en descens i en els \u00faltims set partits a casa no han rebut gol. Ha perdut molt pocs partits i ha rebut pocs gols. L\u2019entrenador demostra d\u2019on ve, de Primera Divisi\u00f3. \u00c9s un equip molt s\u00f2lid i, a casa, recolzat per la seua gent, \u00e9s m\u00e9s fort encara. Per\u00f2 nosaltres anirem amb la mateixa descaradura de sempre. Nosaltres sabem de les seues fortaleses, per\u00f2 ells saben de les nostres\u201d."},{"type":"video","kind":"iframe","url":"https:\/\/www.youtube.com\/embed\/Cv-1RP1Uc8g?feature=oembed","poster":""}],"structured":{"summary":{"text":"El Villarreal B visita a un s\u00f2lid Real Oviedo aquest dissabte a les 18.30h L\u2019entrenador del Villarreal B, Miguel \u00c1lvarez, va compar\u00e9ixer en la roda de premsa pr\u00e8via al partit contra el Real Oviedo, corresponent a la jornada 25 de LaLiga SmartBank, que tindr\u00e0 lloc aquest dissabte 28 de gener a les 18.30 hores en l\u2019Estadi Carlos Tartiere. Aquestes s\u00f3n les declaracions del t\u00e8cnic groguet: El partit a Oviedo \u201cL\u2019equip arriba molt b\u00e9. Ja han complit sanci\u00f3 Alberto i Dela. Amb la il\u00b7lusi\u00f3 de guanyar el partit, per\u00f2 sabent la dificultat que hi ha perqu\u00e8 en els \u00faltims partits ning\u00fa ha sigut capa\u00e7 de guanyar-li a casa\u201d. La vict\u00f2ria a Lugo \u201cEra una de les coses que busc\u00e0vem i ho vam fer com nosaltres sabem, que \u00e9s jugant molt b\u00e9 al futbol, encara que tamb\u00e9 concedint, perqu\u00e8 quasi se\u2019ns escapa el partit en el minut 90, per\u00f2 aix\u00f2 forma part del proc\u00e9s. Continuarem creixent, tamb\u00e9 l\u2019entrenador. Aquests tres punts s\u00f3n molt importants. Em centre en el cam\u00ed, en qu\u00e8 els xics vagen millorant i a arribar al final del trajecte complint els objectius\u201d. Fidels a l\u2019estil \u201cAquest equip no li t\u00e9 por a res. \u00c9s valent. Hem aconseguit molts objectius aquests anys. El dia del Saragossa l\u2019equip va jugar b\u00e9, igual que a Ponferrada o contra Las Palmas. L\u2019equip sempre juga b\u00e9, per\u00f2 jugar b\u00e9 tamb\u00e9 \u00e9s dominar aspectes del joc que et penalitzen perqu\u00e8 no s\u00f3n xicotets detalls, s\u00f3n grans detalls\u2026 Una falta lateral, una pilota penjada\u2026 Estem molt contents amb els xics i sempre els exigim el m\u00e0xim. Som massa exigents, per\u00f2 no deixarem de ser-ho perqu\u00e8 el B sempre ha funcionat a base de treball i d\u2019una idea molt clara\u201d. El Real Oviedo \u201cDestacaria la consist\u00e8ncia que li ha donat el seu entrenador. Estaven quasi en descens i en els \u00faltims set partits a casa no han rebut gol. Ha perdut molt pocs partits i ha rebut pocs gols. L\u2019entrenador demostra d\u2019on ve, de Primera Divisi\u00f3. \u00c9s un equip molt s\u00f2lid i, a casa, recolzat per la seua gent, \u00e9s m\u00e9s fort encara. Per\u00f2 nosaltres anirem amb la mateixa descaradura de sempre. Nosaltres sabem de les seues fortaleses, per\u00f2 ells saben de les nostres\u201d.","headings":[{"type":"heading","level":2,"text":"El Villarreal B visita a un s\u00f2lid Real Oviedo aquest dissabte a les 18.30h"}],"buttons":[],"images":[],"counts":{"blocks":12,"headings":1,"texts":10,"buttons":0,"images":0}},"sections":[{"id":"section-1","title":"El Villarreal B visita a un s\u00f2lid Real Oviedo aquest dissabte a les 18.30h","text":"El Villarreal B visita a un s\u00f2lid Real Oviedo aquest dissabte a les 18.30h L\u2019entrenador del Villarreal B, Miguel \u00c1lvarez, va compar\u00e9ixer en la roda de premsa pr\u00e8via al partit contra el Real Oviedo, corresponent a la jornada 25 de LaLiga SmartBank, que tindr\u00e0 lloc aquest dissabte 28 de gener a les 18.30 hores en l\u2019Estadi Carlos Tartiere. Aquestes s\u00f3n les declaracions del t\u00e8cnic groguet: El partit a Oviedo \u201cL\u2019equip arriba molt b\u00e9. Ja han complit sanci\u00f3 Alberto i Dela. Amb la il\u00b7lusi\u00f3 de guanyar el partit, per\u00f2 sabent la dificultat que hi ha perqu\u00e8 en els \u00faltims partits ning\u00fa ha sigut capa\u00e7 de guanyar-li a casa\u201d. La vict\u00f2ria a Lugo \u201cEra una de les coses que busc\u00e0vem i ho vam fer com nosaltres sabem, que \u00e9s jugant molt b\u00e9 al futbol, encara que tamb\u00e9 concedint, perqu\u00e8 quasi se\u2019ns escapa el partit en el minut 90, per\u00f2 aix\u00f2 forma part del proc\u00e9s. Continuarem creixent, tamb\u00e9 l\u2019entrenador. Aquests tres punts s\u00f3n molt importants. Em centre en el cam\u00ed, en qu\u00e8 els xics vagen millorant i a arribar al final del trajecte complint els objectius\u201d. Fidels a l\u2019estil \u201cAquest equip no li t\u00e9 por a res. \u00c9s valent. Hem aconseguit molts objectius aquests anys. El dia del Saragossa l\u2019equip va jugar b\u00e9, igual que a Ponferrada o contra Las Palmas. L\u2019equip sempre juga b\u00e9, per\u00f2 jugar b\u00e9 tamb\u00e9 \u00e9s dominar aspectes del joc que et penalitzen perqu\u00e8 no s\u00f3n xicotets detalls, s\u00f3n grans detalls\u2026 Una falta lateral, una pilota penjada\u2026 Estem molt contents amb els xics i sempre els exigim el m\u00e0xim. Som massa exigents, per\u00f2 no deixarem de ser-ho perqu\u00e8 el B sempre ha funcionat a base de treball i d\u2019una idea molt clara\u201d. El Real Oviedo \u201cDestacaria la consist\u00e8ncia que li ha donat el seu entrenador. Estaven quasi en descens i en els \u00faltims set partits a casa no han rebut gol. Ha perdut molt pocs partits i ha rebut pocs gols. L\u2019entrenador demostra d\u2019on ve, de Primera Divisi\u00f3. \u00c9s un equip molt s\u00f2lid i, a casa, recolzat per la seua gent, \u00e9s m\u00e9s fort encara. Per\u00f2 nosaltres anirem amb la mateixa descaradura de sempre. Nosaltres sabem de les seues fortaleses, per\u00f2 ells saben de les nostres\u201d.","headings":[{"type":"heading","level":2,"text":"El Villarreal B visita a un s\u00f2lid Real Oviedo aquest dissabte a les 18.30h"}],"texts":[{"type":"paragraph","text":"L\u2019entrenador del Villarreal B, Miguel \u00c1lvarez, va compar\u00e9ixer en la roda de premsa pr\u00e8via al partit contra el Real Oviedo, corresponent a la jornada 25 de LaLiga SmartBank, que tindr\u00e0 lloc aquest dissabte 28 de gener a les 18.30 hores en l\u2019Estadi Carlos Tartiere."},{"type":"paragraph","text":"Aquestes s\u00f3n les declaracions del t\u00e8cnic groguet:"},{"type":"paragraph","text":"El partit a Oviedo"},{"type":"paragraph","text":"\u201cL\u2019equip arriba molt b\u00e9. Ja han complit sanci\u00f3 Alberto i Dela. Amb la il\u00b7lusi\u00f3 de guanyar el partit, per\u00f2 sabent la dificultat que hi ha perqu\u00e8 en els \u00faltims partits ning\u00fa ha sigut capa\u00e7 de guanyar-li a casa\u201d."},{"type":"paragraph","text":"La vict\u00f2ria a Lugo"},{"type":"paragraph","text":"\u201cEra una de les coses que busc\u00e0vem i ho vam fer com nosaltres sabem, que \u00e9s jugant molt b\u00e9 al futbol, encara que tamb\u00e9 concedint, perqu\u00e8 quasi se\u2019ns escapa el partit en el minut 90, per\u00f2 aix\u00f2 forma part del proc\u00e9s. Continuarem creixent, tamb\u00e9 l\u2019entrenador. Aquests tres punts s\u00f3n molt importants. Em centre en el cam\u00ed, en qu\u00e8 els xics vagen millorant i a arribar al final del trajecte complint els objectius\u201d."},{"type":"paragraph","text":"Fidels a l\u2019estil"},{"type":"paragraph","text":"\u201cAquest equip no li t\u00e9 por a res. \u00c9s valent. Hem aconseguit molts objectius aquests anys. El dia del Saragossa l\u2019equip va jugar b\u00e9, igual que a Ponferrada o contra Las Palmas. L\u2019equip sempre juga b\u00e9, per\u00f2 jugar b\u00e9 tamb\u00e9 \u00e9s dominar aspectes del joc que et penalitzen perqu\u00e8 no s\u00f3n xicotets detalls, s\u00f3n grans detalls\u2026 Una falta lateral, una pilota penjada\u2026 Estem molt contents amb els xics i sempre els exigim el m\u00e0xim. Som massa exigents, per\u00f2 no deixarem de ser-ho perqu\u00e8 el B sempre ha funcionat a base de treball i d\u2019una idea molt clara\u201d."},{"type":"paragraph","text":"El Real Oviedo"},{"type":"paragraph","text":"\u201cDestacaria la consist\u00e8ncia que li ha donat el seu entrenador. Estaven quasi en descens i en els \u00faltims set partits a casa no han rebut gol. Ha perdut molt pocs partits i ha rebut pocs gols. L\u2019entrenador demostra d\u2019on ve, de Primera Divisi\u00f3. \u00c9s un equip molt s\u00f2lid i, a casa, recolzat per la seua gent, \u00e9s m\u00e9s fort encara. Per\u00f2 nosaltres anirem amb la mateixa descaradura de sempre. Nosaltres sabem de les seues fortaleses, per\u00f2 ells saben de les nostres\u201d."}],"buttons":[],"images":[],"widgets":[],"blocks":[{"type":"heading","level":2,"text":"El Villarreal B visita a un s\u00f2lid Real Oviedo aquest dissabte a les 18.30h"},{"type":"paragraph","text":"L\u2019entrenador del Villarreal B, Miguel \u00c1lvarez, va compar\u00e9ixer en la roda de premsa pr\u00e8via al partit contra el Real Oviedo, corresponent a la jornada 25 de LaLiga SmartBank, que tindr\u00e0 lloc aquest dissabte 28 de gener a les 18.30 hores en l\u2019Estadi Carlos Tartiere."},{"type":"paragraph","text":"Aquestes s\u00f3n les declaracions del t\u00e8cnic groguet:"},{"type":"paragraph","text":"El partit a Oviedo"},{"type":"paragraph","text":"\u201cL\u2019equip arriba molt b\u00e9. Ja han complit sanci\u00f3 Alberto i Dela. Amb la il\u00b7lusi\u00f3 de guanyar el partit, per\u00f2 sabent la dificultat que hi ha perqu\u00e8 en els \u00faltims partits ning\u00fa ha sigut capa\u00e7 de guanyar-li a casa\u201d."},{"type":"paragraph","text":"La vict\u00f2ria a Lugo"},{"type":"paragraph","text":"\u201cEra una de les coses que busc\u00e0vem i ho vam fer com nosaltres sabem, que \u00e9s jugant molt b\u00e9 al futbol, encara que tamb\u00e9 concedint, perqu\u00e8 quasi se\u2019ns escapa el partit en el minut 90, per\u00f2 aix\u00f2 forma part del proc\u00e9s. Continuarem creixent, tamb\u00e9 l\u2019entrenador. Aquests tres punts s\u00f3n molt importants. Em centre en el cam\u00ed, en qu\u00e8 els xics vagen millorant i a arribar al final del trajecte complint els objectius\u201d."},{"type":"paragraph","text":"Fidels a l\u2019estil"},{"type":"paragraph","text":"\u201cAquest equip no li t\u00e9 por a res. \u00c9s valent. Hem aconseguit molts objectius aquests anys. El dia del Saragossa l\u2019equip va jugar b\u00e9, igual que a Ponferrada o contra Las Palmas. L\u2019equip sempre juga b\u00e9, per\u00f2 jugar b\u00e9 tamb\u00e9 \u00e9s dominar aspectes del joc que et penalitzen perqu\u00e8 no s\u00f3n xicotets detalls, s\u00f3n grans detalls\u2026 Una falta lateral, una pilota penjada\u2026 Estem molt contents amb els xics i sempre els exigim el m\u00e0xim. Som massa exigents, per\u00f2 no deixarem de ser-ho perqu\u00e8 el B sempre ha funcionat a base de treball i d\u2019una idea molt clara\u201d."},{"type":"paragraph","text":"El Real Oviedo"},{"type":"paragraph","text":"\u201cDestacaria la consist\u00e8ncia que li ha donat el seu entrenador. Estaven quasi en descens i en els \u00faltims set partits a casa no han rebut gol. Ha perdut molt pocs partits i ha rebut pocs gols. L\u2019entrenador demostra d\u2019on ve, de Primera Divisi\u00f3. \u00c9s un equip molt s\u00f2lid i, a casa, recolzat per la seua gent, \u00e9s m\u00e9s fort encara. Per\u00f2 nosaltres anirem amb la mateixa descaradura de sempre. Nosaltres sabem de les seues fortaleses, per\u00f2 ells saben de les nostres\u201d."},{"type":"video","kind":"iframe","url":"https:\/\/www.youtube.com\/embed\/Cv-1RP1Uc8g?feature=oembed","poster":""}]}],"hero":{"id":"section-1","title":"El Villarreal B visita a un s\u00f2lid Real Oviedo aquest dissabte a les 18.30h","text":"El Villarreal B visita a un s\u00f2lid Real Oviedo aquest dissabte a les 18.30h L\u2019entrenador del Villarreal B, Miguel \u00c1lvarez, va compar\u00e9ixer en la roda de premsa pr\u00e8via al partit contra el Real Oviedo, corresponent a la jornada 25 de LaLiga SmartBank, que tindr\u00e0 lloc aquest dissabte 28 de gener a les 18.30 hores en l\u2019Estadi Carlos Tartiere. Aquestes s\u00f3n les declaracions del t\u00e8cnic groguet: El partit a Oviedo \u201cL\u2019equip arriba molt b\u00e9. Ja han complit sanci\u00f3 Alberto i Dela. Amb la il\u00b7lusi\u00f3 de guanyar el partit, per\u00f2 sabent la dificultat que hi ha perqu\u00e8 en els \u00faltims partits ning\u00fa ha sigut capa\u00e7 de guanyar-li a casa\u201d. La vict\u00f2ria a Lugo \u201cEra una de les coses que busc\u00e0vem i ho vam fer com nosaltres sabem, que \u00e9s jugant molt b\u00e9 al futbol, encara que tamb\u00e9 concedint, perqu\u00e8 quasi se\u2019ns escapa el partit en el minut 90, per\u00f2 aix\u00f2 forma part del proc\u00e9s. Continuarem creixent, tamb\u00e9 l\u2019entrenador. Aquests tres punts s\u00f3n molt importants. Em centre en el cam\u00ed, en qu\u00e8 els xics vagen millorant i a arribar al final del trajecte complint els objectius\u201d. Fidels a l\u2019estil \u201cAquest equip no li t\u00e9 por a res. \u00c9s valent. Hem aconseguit molts objectius aquests anys. El dia del Saragossa l\u2019equip va jugar b\u00e9, igual que a Ponferrada o contra Las Palmas. L\u2019equip sempre juga b\u00e9, per\u00f2 jugar b\u00e9 tamb\u00e9 \u00e9s dominar aspectes del joc que et penalitzen perqu\u00e8 no s\u00f3n xicotets detalls, s\u00f3n grans detalls\u2026 Una falta lateral, una pilota penjada\u2026 Estem molt contents amb els xics i sempre els exigim el m\u00e0xim. Som massa exigents, per\u00f2 no deixarem de ser-ho perqu\u00e8 el B sempre ha funcionat a base de treball i d\u2019una idea molt clara\u201d. El Real Oviedo \u201cDestacaria la consist\u00e8ncia que li ha donat el seu entrenador. Estaven quasi en descens i en els \u00faltims set partits a casa no han rebut gol. Ha perdut molt pocs partits i ha rebut pocs gols. L\u2019entrenador demostra d\u2019on ve, de Primera Divisi\u00f3. \u00c9s un equip molt s\u00f2lid i, a casa, recolzat per la seua gent, \u00e9s m\u00e9s fort encara. Per\u00f2 nosaltres anirem amb la mateixa descaradura de sempre. Nosaltres sabem de les seues fortaleses, per\u00f2 ells saben de les nostres\u201d.","headings":[{"type":"heading","level":2,"text":"El Villarreal B visita a un s\u00f2lid Real Oviedo aquest dissabte a les 18.30h"}],"texts":[{"type":"paragraph","text":"L\u2019entrenador del Villarreal B, Miguel \u00c1lvarez, va compar\u00e9ixer en la roda de premsa pr\u00e8via al partit contra el Real Oviedo, corresponent a la jornada 25 de LaLiga SmartBank, que tindr\u00e0 lloc aquest dissabte 28 de gener a les 18.30 hores en l\u2019Estadi Carlos Tartiere."},{"type":"paragraph","text":"Aquestes s\u00f3n les declaracions del t\u00e8cnic groguet:"},{"type":"paragraph","text":"El partit a Oviedo"},{"type":"paragraph","text":"\u201cL\u2019equip arriba molt b\u00e9. Ja han complit sanci\u00f3 Alberto i Dela. Amb la il\u00b7lusi\u00f3 de guanyar el partit, per\u00f2 sabent la dificultat que hi ha perqu\u00e8 en els \u00faltims partits ning\u00fa ha sigut capa\u00e7 de guanyar-li a casa\u201d."},{"type":"paragraph","text":"La vict\u00f2ria a Lugo"},{"type":"paragraph","text":"\u201cEra una de les coses que busc\u00e0vem i ho vam fer com nosaltres sabem, que \u00e9s jugant molt b\u00e9 al futbol, encara que tamb\u00e9 concedint, perqu\u00e8 quasi se\u2019ns escapa el partit en el minut 90, per\u00f2 aix\u00f2 forma part del proc\u00e9s. Continuarem creixent, tamb\u00e9 l\u2019entrenador. Aquests tres punts s\u00f3n molt importants. Em centre en el cam\u00ed, en qu\u00e8 els xics vagen millorant i a arribar al final del trajecte complint els objectius\u201d."},{"type":"paragraph","text":"Fidels a l\u2019estil"},{"type":"paragraph","text":"\u201cAquest equip no li t\u00e9 por a res. \u00c9s valent. Hem aconseguit molts objectius aquests anys. El dia del Saragossa l\u2019equip va jugar b\u00e9, igual que a Ponferrada o contra Las Palmas. L\u2019equip sempre juga b\u00e9, per\u00f2 jugar b\u00e9 tamb\u00e9 \u00e9s dominar aspectes del joc que et penalitzen perqu\u00e8 no s\u00f3n xicotets detalls, s\u00f3n grans detalls\u2026 Una falta lateral, una pilota penjada\u2026 Estem molt contents amb els xics i sempre els exigim el m\u00e0xim. Som massa exigents, per\u00f2 no deixarem de ser-ho perqu\u00e8 el B sempre ha funcionat a base de treball i d\u2019una idea molt clara\u201d."},{"type":"paragraph","text":"El Real Oviedo"},{"type":"paragraph","text":"\u201cDestacaria la consist\u00e8ncia que li ha donat el seu entrenador. Estaven quasi en descens i en els \u00faltims set partits a casa no han rebut gol. Ha perdut molt pocs partits i ha rebut pocs gols. L\u2019entrenador demostra d\u2019on ve, de Primera Divisi\u00f3. \u00c9s un equip molt s\u00f2lid i, a casa, recolzat per la seua gent, \u00e9s m\u00e9s fort encara. Per\u00f2 nosaltres anirem amb la mateixa descaradura de sempre. Nosaltres sabem de les seues fortaleses, per\u00f2 ells saben de les nostres\u201d."}],"buttons":[],"images":[],"widgets":[],"blocks":[{"type":"heading","level":2,"text":"El Villarreal B visita a un s\u00f2lid Real Oviedo aquest dissabte a les 18.30h"},{"type":"paragraph","text":"L\u2019entrenador del Villarreal B, Miguel \u00c1lvarez, va compar\u00e9ixer en la roda de premsa pr\u00e8via al partit contra el Real Oviedo, corresponent a la jornada 25 de LaLiga SmartBank, que tindr\u00e0 lloc aquest dissabte 28 de gener a les 18.30 hores en l\u2019Estadi Carlos Tartiere."},{"type":"paragraph","text":"Aquestes s\u00f3n les declaracions del t\u00e8cnic groguet:"},{"type":"paragraph","text":"El partit a Oviedo"},{"type":"paragraph","text":"\u201cL\u2019equip arriba molt b\u00e9. Ja han complit sanci\u00f3 Alberto i Dela. Amb la il\u00b7lusi\u00f3 de guanyar el partit, per\u00f2 sabent la dificultat que hi ha perqu\u00e8 en els \u00faltims partits ning\u00fa ha sigut capa\u00e7 de guanyar-li a casa\u201d."},{"type":"paragraph","text":"La vict\u00f2ria a Lugo"},{"type":"paragraph","text":"\u201cEra una de les coses que busc\u00e0vem i ho vam fer com nosaltres sabem, que \u00e9s jugant molt b\u00e9 al futbol, encara que tamb\u00e9 concedint, perqu\u00e8 quasi se\u2019ns escapa el partit en el minut 90, per\u00f2 aix\u00f2 forma part del proc\u00e9s. Continuarem creixent, tamb\u00e9 l\u2019entrenador. Aquests tres punts s\u00f3n molt importants. Em centre en el cam\u00ed, en qu\u00e8 els xics vagen millorant i a arribar al final del trajecte complint els objectius\u201d."},{"type":"paragraph","text":"Fidels a l\u2019estil"},{"type":"paragraph","text":"\u201cAquest equip no li t\u00e9 por a res. \u00c9s valent. Hem aconseguit molts objectius aquests anys. El dia del Saragossa l\u2019equip va jugar b\u00e9, igual que a Ponferrada o contra Las Palmas. L\u2019equip sempre juga b\u00e9, per\u00f2 jugar b\u00e9 tamb\u00e9 \u00e9s dominar aspectes del joc que et penalitzen perqu\u00e8 no s\u00f3n xicotets detalls, s\u00f3n grans detalls\u2026 Una falta lateral, una pilota penjada\u2026 Estem molt contents amb els xics i sempre els exigim el m\u00e0xim. Som massa exigents, per\u00f2 no deixarem de ser-ho perqu\u00e8 el B sempre ha funcionat a base de treball i d\u2019una idea molt clara\u201d."},{"type":"paragraph","text":"El Real Oviedo"},{"type":"paragraph","text":"\u201cDestacaria la consist\u00e8ncia que li ha donat el seu entrenador. Estaven quasi en descens i en els \u00faltims set partits a casa no han rebut gol. Ha perdut molt pocs partits i ha rebut pocs gols. L\u2019entrenador demostra d\u2019on ve, de Primera Divisi\u00f3. \u00c9s un equip molt s\u00f2lid i, a casa, recolzat per la seua gent, \u00e9s m\u00e9s fort encara. Per\u00f2 nosaltres anirem amb la mateixa descaradura de sempre. Nosaltres sabem de les seues fortaleses, per\u00f2 ells saben de les nostres\u201d."},{"type":"video","kind":"iframe","url":"https:\/\/www.youtube.com\/embed\/Cv-1RP1Uc8g?feature=oembed","poster":""}]}},"sections":[{"id":"section-1","title":"El Villarreal B visita a un s\u00f2lid Real Oviedo aquest dissabte a les 18.30h","text":"El Villarreal B visita a un s\u00f2lid Real Oviedo aquest dissabte a les 18.30h L\u2019entrenador del Villarreal B, Miguel \u00c1lvarez, va compar\u00e9ixer en la roda de premsa pr\u00e8via al partit contra el Real Oviedo, corresponent a la jornada 25 de LaLiga SmartBank, que tindr\u00e0 lloc aquest dissabte 28 de gener a les 18.30 hores en l\u2019Estadi Carlos Tartiere. Aquestes s\u00f3n les declaracions del t\u00e8cnic groguet: El partit a Oviedo \u201cL\u2019equip arriba molt b\u00e9. Ja han complit sanci\u00f3 Alberto i Dela. Amb la il\u00b7lusi\u00f3 de guanyar el partit, per\u00f2 sabent la dificultat que hi ha perqu\u00e8 en els \u00faltims partits ning\u00fa ha sigut capa\u00e7 de guanyar-li a casa\u201d. La vict\u00f2ria a Lugo \u201cEra una de les coses que busc\u00e0vem i ho vam fer com nosaltres sabem, que \u00e9s jugant molt b\u00e9 al futbol, encara que tamb\u00e9 concedint, perqu\u00e8 quasi se\u2019ns escapa el partit en el minut 90, per\u00f2 aix\u00f2 forma part del proc\u00e9s. Continuarem creixent, tamb\u00e9 l\u2019entrenador. Aquests tres punts s\u00f3n molt importants. Em centre en el cam\u00ed, en qu\u00e8 els xics vagen millorant i a arribar al final del trajecte complint els objectius\u201d. Fidels a l\u2019estil \u201cAquest equip no li t\u00e9 por a res. \u00c9s valent. Hem aconseguit molts objectius aquests anys. El dia del Saragossa l\u2019equip va jugar b\u00e9, igual que a Ponferrada o contra Las Palmas. L\u2019equip sempre juga b\u00e9, per\u00f2 jugar b\u00e9 tamb\u00e9 \u00e9s dominar aspectes del joc que et penalitzen perqu\u00e8 no s\u00f3n xicotets detalls, s\u00f3n grans detalls\u2026 Una falta lateral, una pilota penjada\u2026 Estem molt contents amb els xics i sempre els exigim el m\u00e0xim. Som massa exigents, per\u00f2 no deixarem de ser-ho perqu\u00e8 el B sempre ha funcionat a base de treball i d\u2019una idea molt clara\u201d. El Real Oviedo \u201cDestacaria la consist\u00e8ncia que li ha donat el seu entrenador. Estaven quasi en descens i en els \u00faltims set partits a casa no han rebut gol. Ha perdut molt pocs partits i ha rebut pocs gols. L\u2019entrenador demostra d\u2019on ve, de Primera Divisi\u00f3. \u00c9s un equip molt s\u00f2lid i, a casa, recolzat per la seua gent, \u00e9s m\u00e9s fort encara. Per\u00f2 nosaltres anirem amb la mateixa descaradura de sempre. Nosaltres sabem de les seues fortaleses, per\u00f2 ells saben de les nostres\u201d.","url":"","background_image":"","images":[],"videos":[{"type":"video","kind":"iframe","url":"https:\/\/www.youtube.com\/embed\/Cv-1RP1Uc8g?feature=oembed","poster":""}],"links":[]}]},"excerpt":{"rendered":"El Villarreal B visita a un s\u00f3lido Real Oviedo este s\u00e1bado a las 18.30h","protected":false},"author":1,"featured_media":247028,"comment_status":"closed","ping_status":"closed","sticky":false,"template":"","format":"standard","meta":{"_acf_changed":false,"footnotes":""},"categories":[13803],"tags":[9270,9227,13241,11633,13975,9680,9627,9203],"acf":null,"lang":"val","translations":{"es":247015,"val":247037,"en":247048},"essential_grid":{"has_grid":false},"formatted_date":"January 26, 2023","modified_date":"January 26, 2023","permalink":"https:\/\/villarrealcf.es\/val\/miguel-alvarez-aquest-equip-no-li-te-por-a-res\/","reading_time":2,"featured_media_data":{"id":247028,"title":"RDP Miguel","caption":"","alt_text":"","description":"","mime_type":"image\/jpeg","source_url":"https:\/\/villarrealcf.es\/wp-content\/uploads\/2023\/01\/RDP-Miguel.jpg","sizes":{"thumbnail":{"url":"https:\/\/villarrealcf.es\/wp-content\/uploads\/2023\/01\/RDP-Miguel-150x150.jpg","width":150,"height":150},"medium":{"url":"https:\/\/villarrealcf.es\/wp-content\/uploads\/2023\/01\/RDP-Miguel-300x169.jpg","width":300,"height":169},"medium_large":{"url":"https:\/\/villarrealcf.es\/wp-content\/uploads\/2023\/01\/RDP-Miguel-768x432.jpg","width":768,"height":432},"large":{"url":"https:\/\/villarrealcf.es\/wp-content\/uploads\/2023\/01\/RDP-Miguel-1024x576.jpg","width":788,"height":443},"1536x1536":{"url":"https:\/\/villarrealcf.es\/wp-content\/uploads\/2023\/01\/RDP-Miguel-1536x864.jpg","width":1536,"height":864},"2048x2048":{"url":"https:\/\/villarrealcf.es\/wp-content\/uploads\/2023\/01\/RDP-Miguel.jpg","width":1920,"height":1080},"tp-image-grid":{"url":"https:\/\/villarrealcf.es\/wp-content\/uploads\/2023\/01\/RDP-Miguel-700x700.jpg","width":700,"height":700},"size-bunyad-medium":{"url":"https:\/\/villarrealcf.es\/wp-content\/uploads\/2023\/01\/RDP-Miguel.jpg","width":1920,"height":1080},"sportspress-crop-medium":{"url":"https:\/\/villarrealcf.es\/wp-content\/uploads\/2023\/01\/RDP-Miguel-300x300.jpg","width":300,"height":300},"sportspress-fit-medium":{"url":"https:\/\/villarrealcf.es\/wp-content\/uploads\/2023\/01\/RDP-Miguel-300x169.jpg","width":300,"height":169},"sportspress-fit-icon":{"url":"https:\/\/villarrealcf.es\/wp-content\/uploads\/2023\/01\/RDP-Miguel-128x72.jpg","width":128,"height":72},"sportspress-fit-mini":{"url":"https:\/\/villarrealcf.es\/wp-content\/uploads\/2023\/01\/RDP-Miguel-32x18.jpg","width":32,"height":18},"bunyad-small":{"url":"https:\/\/villarrealcf.es\/wp-content\/uploads\/2023\/01\/RDP-Miguel-150x84.jpg","width":150,"height":84},"bunyad-medium":{"url":"https:\/\/villarrealcf.es\/wp-content\/uploads\/2023\/01\/RDP-Miguel-450x253.jpg","width":450,"height":253},"bunyad-full":{"url":"https:\/\/villarrealcf.es\/wp-content\/uploads\/2023\/01\/RDP-Miguel-1200x675.jpg","width":1200,"height":675},"bunyad-viewport":{"url":"https:\/\/villarrealcf.es\/wp-content\/uploads\/2023\/01\/RDP-Miguel.jpg","width":1920,"height":1080},"bunyad-768":{"url":"https:\/\/villarrealcf.es\/wp-content\/uploads\/2023\/01\/RDP-Miguel-768x432.jpg","width":768,"height":432},"full":{"url":"https:\/\/villarrealcf.es\/wp-content\/uploads\/2023\/01\/RDP-Miguel.jpg","width":1920,"height":1080}}},"author_data":{"id":"1","name":"root_envidea","first_name":"Villarreal CF","last_name":"","description":"","avatar_url":"https:\/\/secure.gravatar.com\/avatar\/48f95f42a3ccc324f3a3458e4b9e6fb070b083e99d388e170c1afb061fa99b63?s=96&d=mm&r=g","acf":null},"taxonomies_data":{"category":[{"id":13803,"name":"Futbol base","slug":"futbol-base-val-2","acf":null}],"post_tag":[{"id":9270,"name":"Futbol","slug":"futbol-val","acf":null},{"id":9227,"name":"F\u00fatbol Base","slug":"futbol-base-val","acf":null},{"id":13241,"name":"LaLiga Smartbank","slug":"laliga-smartbank-val","acf":null},{"id":11633,"name":"Miguel \u00c1lvarez","slug":"miguel-alvarez-val","acf":null},{"id":13975,"name":"Real Oviedo","slug":"real-oviedo-2-val","acf":null},{"id":9680,"name":"Rueda de prensa","slug":"rueda-de-prensa-val","acf":null},{"id":9627,"name":"Submarino Amarillo","slug":"submarino-amarillo-val","acf":null},{"id":9203,"name":"Villarreal CF","slug":"villarreal-cf-val","acf":null}],"translation_priority":[{"id":735,"name":"Optional","slug":"optional-val","acf":null}]},"seo_full":{"native":{"title":"Miguel \u00c1lvarez: &#8220;Aquest equip no li t\u00e9 por a res&#8221; - Web Oficial del Villarreal CF","description":"El Villarreal B visita a un s\u00f3lido Real Oviedo este s\u00e1bado a las 18.30h","canonical":"https:\/\/villarrealcf.es\/val\/miguel-alvarez-aquest-equip-no-li-te-por-a-res\/"}},"_links":{"self":[{"href":"https:\/\/villarrealcf.es\/val\/wp-json\/wp\/v2\/posts\/247037","targetHints":{"allow":["GET"]}}],"collection":[{"href":"https:\/\/villarrealcf.es\/val\/wp-json\/wp\/v2\/posts"}],"about":[{"href":"https:\/\/villarrealcf.es\/val\/wp-json\/wp\/v2\/types\/post"}],"author":[{"embeddable":true,"href":"https:\/\/villarrealcf.es\/val\/wp-json\/wp\/v2\/users\/1"}],"replies":[{"embeddable":true,"href":"https:\/\/villarrealcf.es\/val\/wp-json\/wp\/v2\/comments?post=247037"}],"version-history":[{"count":0,"href":"https:\/\/villarrealcf.es\/val\/wp-json\/wp\/v2\/posts\/247037\/revisions"}],"wp:featuredmedia":[{"embeddable":true,"href":"https:\/\/villarrealcf.es\/val\/wp-json\/wp\/v2\/media\/247028"}],"wp:attachment":[{"href":"https:\/\/villarrealcf.es\/val\/wp-json\/wp\/v2\/media?parent=247037"}],"wp:term":[{"taxonomy":"category","embeddable":true,"href":"https:\/\/villarrealcf.es\/val\/wp-json\/wp\/v2\/categories?post=247037"},{"taxonomy":"post_tag","embeddable":true,"href":"https:\/\/villarrealcf.es\/val\/wp-json\/wp\/v2\/tags?post=247037"}],"curies":[{"name":"wp","href":"https:\/\/api.w.org\/{rel}","templated":true}]}}