{"id":246629,"date":"2023-01-25T10:00:26","date_gmt":"2023-01-25T09:00:26","guid":{"rendered":"https:\/\/villarrealcf.es\/\/comunicado-oficial-nerea-sanchez\/"},"modified":"2023-01-25T10:12:52","modified_gmt":"2023-01-25T09:12:52","slug":"comunicado-oficial-nerea-sanchez","status":"publish","type":"post","link":"https:\/\/villarrealcf.es\/val\/comunicado-oficial-nerea-sanchez\/","title":{"rendered":"Comunicat oficial: Nerea S\u00e1nchez"},"content":{"protected":false,"blocks":[{"type":"heading","level":2,"text":"La futbolista de Vila-real no seguir\u00e0 al Villarreal Femen\u00ed en la present temporada"},{"type":"paragraph","text":"La jove futbolista del Villarreal Femen\u00ed Nerea S\u00e1nchez no continuar\u00e0 en la disciplina groga en el que resta de temporada."},{"type":"paragraph","text":"El Villarreal CF li agraeix el seu comprom\u00eds amb l\u2019entitat durant el per\u00edode que ha defensat l\u2019el\u00e0stica grogueta, dividit en tres etapes: des de la temporada 2009\/10 a la 2013\/14, des de la 2015\/16 fins a la 2018\/19 i des de la 2021\/22 fins a l\u2019actualitat."},{"type":"paragraph","text":"En la present campanya, Nerea S\u00e1nchez va debutar amb el primer equip, en la Finetwork Liga F, el 25 de setembre davant el FC Barcelona; arribant a jugar un total de quatre partits. A m\u00e9s, tamb\u00e9 va disputar el partit davant el RCD Espanyol, corresponent als setzens de final de la Copa de S. M. la Reina, marcant un gol i repartint l\u2019assist\u00e8ncia del segon tant."},{"type":"paragraph","text":"Moltes gr\u00e0cies pel teu comprom\u00eds, Nerea! Fins prompte!"}],"structured":{"summary":{"text":"La futbolista de Vila-real no seguir\u00e0 al Villarreal Femen\u00ed en la present temporada La jove futbolista del Villarreal Femen\u00ed Nerea S\u00e1nchez no continuar\u00e0 en la disciplina groga en el que resta de temporada. El Villarreal CF li agraeix el seu comprom\u00eds amb l\u2019entitat durant el per\u00edode que ha defensat l\u2019el\u00e0stica grogueta, dividit en tres etapes: des de la temporada 2009\/10 a la 2013\/14, des de la 2015\/16 fins a la 2018\/19 i des de la 2021\/22 fins a l\u2019actualitat. En la present campanya, Nerea S\u00e1nchez va debutar amb el primer equip, en la Finetwork Liga F, el 25 de setembre davant el FC Barcelona; arribant a jugar un total de quatre partits. A m\u00e9s, tamb\u00e9 va disputar el partit davant el RCD Espanyol, corresponent als setzens de final de la Copa de S. M. la Reina, marcant un gol i repartint l\u2019assist\u00e8ncia del segon tant. Moltes gr\u00e0cies pel teu comprom\u00eds, Nerea! Fins prompte!","headings":[{"type":"heading","level":2,"text":"La futbolista de Vila-real no seguir\u00e0 al Villarreal Femen\u00ed en la present temporada"}],"buttons":[],"images":[],"counts":{"blocks":5,"headings":1,"texts":4,"buttons":0,"images":0}},"sections":[{"id":"section-1","title":"La futbolista de Vila-real no seguir\u00e0 al Villarreal Femen\u00ed en la present temporada","text":"La futbolista de Vila-real no seguir\u00e0 al Villarreal Femen\u00ed en la present temporada La jove futbolista del Villarreal Femen\u00ed Nerea S\u00e1nchez no continuar\u00e0 en la disciplina groga en el que resta de temporada. El Villarreal CF li agraeix el seu comprom\u00eds amb l\u2019entitat durant el per\u00edode que ha defensat l\u2019el\u00e0stica grogueta, dividit en tres etapes: des de la temporada 2009\/10 a la 2013\/14, des de la 2015\/16 fins a la 2018\/19 i des de la 2021\/22 fins a l\u2019actualitat. En la present campanya, Nerea S\u00e1nchez va debutar amb el primer equip, en la Finetwork Liga F, el 25 de setembre davant el FC Barcelona; arribant a jugar un total de quatre partits. A m\u00e9s, tamb\u00e9 va disputar el partit davant el RCD Espanyol, corresponent als setzens de final de la Copa de S. M. la Reina, marcant un gol i repartint l\u2019assist\u00e8ncia del segon tant. Moltes gr\u00e0cies pel teu comprom\u00eds, Nerea! Fins prompte!","headings":[{"type":"heading","level":2,"text":"La futbolista de Vila-real no seguir\u00e0 al Villarreal Femen\u00ed en la present temporada"}],"texts":[{"type":"paragraph","text":"La jove futbolista del Villarreal Femen\u00ed Nerea S\u00e1nchez no continuar\u00e0 en la disciplina groga en el que resta de temporada."},{"type":"paragraph","text":"El Villarreal CF li agraeix el seu comprom\u00eds amb l\u2019entitat durant el per\u00edode que ha defensat l\u2019el\u00e0stica grogueta, dividit en tres etapes: des de la temporada 2009\/10 a la 2013\/14, des de la 2015\/16 fins a la 2018\/19 i des de la 2021\/22 fins a l\u2019actualitat."},{"type":"paragraph","text":"En la present campanya, Nerea S\u00e1nchez va debutar amb el primer equip, en la Finetwork Liga F, el 25 de setembre davant el FC Barcelona; arribant a jugar un total de quatre partits. A m\u00e9s, tamb\u00e9 va disputar el partit davant el RCD Espanyol, corresponent als setzens de final de la Copa de S. M. la Reina, marcant un gol i repartint l\u2019assist\u00e8ncia del segon tant."},{"type":"paragraph","text":"Moltes gr\u00e0cies pel teu comprom\u00eds, Nerea! Fins prompte!"}],"buttons":[],"images":[],"widgets":[],"blocks":[{"type":"heading","level":2,"text":"La futbolista de Vila-real no seguir\u00e0 al Villarreal Femen\u00ed en la present temporada"},{"type":"paragraph","text":"La jove futbolista del Villarreal Femen\u00ed Nerea S\u00e1nchez no continuar\u00e0 en la disciplina groga en el que resta de temporada."},{"type":"paragraph","text":"El Villarreal CF li agraeix el seu comprom\u00eds amb l\u2019entitat durant el per\u00edode que ha defensat l\u2019el\u00e0stica grogueta, dividit en tres etapes: des de la temporada 2009\/10 a la 2013\/14, des de la 2015\/16 fins a la 2018\/19 i des de la 2021\/22 fins a l\u2019actualitat."},{"type":"paragraph","text":"En la present campanya, Nerea S\u00e1nchez va debutar amb el primer equip, en la Finetwork Liga F, el 25 de setembre davant el FC Barcelona; arribant a jugar un total de quatre partits. A m\u00e9s, tamb\u00e9 va disputar el partit davant el RCD Espanyol, corresponent als setzens de final de la Copa de S. M. la Reina, marcant un gol i repartint l\u2019assist\u00e8ncia del segon tant."},{"type":"paragraph","text":"Moltes gr\u00e0cies pel teu comprom\u00eds, Nerea! Fins prompte!"}]}],"hero":{"id":"section-1","title":"La futbolista de Vila-real no seguir\u00e0 al Villarreal Femen\u00ed en la present temporada","text":"La futbolista de Vila-real no seguir\u00e0 al Villarreal Femen\u00ed en la present temporada La jove futbolista del Villarreal Femen\u00ed Nerea S\u00e1nchez no continuar\u00e0 en la disciplina groga en el que resta de temporada. El Villarreal CF li agraeix el seu comprom\u00eds amb l\u2019entitat durant el per\u00edode que ha defensat l\u2019el\u00e0stica grogueta, dividit en tres etapes: des de la temporada 2009\/10 a la 2013\/14, des de la 2015\/16 fins a la 2018\/19 i des de la 2021\/22 fins a l\u2019actualitat. En la present campanya, Nerea S\u00e1nchez va debutar amb el primer equip, en la Finetwork Liga F, el 25 de setembre davant el FC Barcelona; arribant a jugar un total de quatre partits. A m\u00e9s, tamb\u00e9 va disputar el partit davant el RCD Espanyol, corresponent als setzens de final de la Copa de S. M. la Reina, marcant un gol i repartint l\u2019assist\u00e8ncia del segon tant. Moltes gr\u00e0cies pel teu comprom\u00eds, Nerea! Fins prompte!","headings":[{"type":"heading","level":2,"text":"La futbolista de Vila-real no seguir\u00e0 al Villarreal Femen\u00ed en la present temporada"}],"texts":[{"type":"paragraph","text":"La jove futbolista del Villarreal Femen\u00ed Nerea S\u00e1nchez no continuar\u00e0 en la disciplina groga en el que resta de temporada."},{"type":"paragraph","text":"El Villarreal CF li agraeix el seu comprom\u00eds amb l\u2019entitat durant el per\u00edode que ha defensat l\u2019el\u00e0stica grogueta, dividit en tres etapes: des de la temporada 2009\/10 a la 2013\/14, des de la 2015\/16 fins a la 2018\/19 i des de la 2021\/22 fins a l\u2019actualitat."},{"type":"paragraph","text":"En la present campanya, Nerea S\u00e1nchez va debutar amb el primer equip, en la Finetwork Liga F, el 25 de setembre davant el FC Barcelona; arribant a jugar un total de quatre partits. A m\u00e9s, tamb\u00e9 va disputar el partit davant el RCD Espanyol, corresponent als setzens de final de la Copa de S. M. la Reina, marcant un gol i repartint l\u2019assist\u00e8ncia del segon tant."},{"type":"paragraph","text":"Moltes gr\u00e0cies pel teu comprom\u00eds, Nerea! Fins prompte!"}],"buttons":[],"images":[],"widgets":[],"blocks":[{"type":"heading","level":2,"text":"La futbolista de Vila-real no seguir\u00e0 al Villarreal Femen\u00ed en la present temporada"},{"type":"paragraph","text":"La jove futbolista del Villarreal Femen\u00ed Nerea S\u00e1nchez no continuar\u00e0 en la disciplina groga en el que resta de temporada."},{"type":"paragraph","text":"El Villarreal CF li agraeix el seu comprom\u00eds amb l\u2019entitat durant el per\u00edode que ha defensat l\u2019el\u00e0stica grogueta, dividit en tres etapes: des de la temporada 2009\/10 a la 2013\/14, des de la 2015\/16 fins a la 2018\/19 i des de la 2021\/22 fins a l\u2019actualitat."},{"type":"paragraph","text":"En la present campanya, Nerea S\u00e1nchez va debutar amb el primer equip, en la Finetwork Liga F, el 25 de setembre davant el FC Barcelona; arribant a jugar un total de quatre partits. A m\u00e9s, tamb\u00e9 va disputar el partit davant el RCD Espanyol, corresponent als setzens de final de la Copa de S. M. la Reina, marcant un gol i repartint l\u2019assist\u00e8ncia del segon tant."},{"type":"paragraph","text":"Moltes gr\u00e0cies pel teu comprom\u00eds, Nerea! Fins prompte!"}]}},"sections":[{"id":"section-1","title":"La futbolista de Vila-real no seguir\u00e0 al Villarreal Femen\u00ed en la present temporada","text":"La futbolista de Vila-real no seguir\u00e0 al Villarreal Femen\u00ed en la present temporada La jove futbolista del Villarreal Femen\u00ed Nerea S\u00e1nchez no continuar\u00e0 en la disciplina groga en el que resta de temporada. El Villarreal CF li agraeix el seu comprom\u00eds amb l\u2019entitat durant el per\u00edode que ha defensat l\u2019el\u00e0stica grogueta, dividit en tres etapes: des de la temporada 2009\/10 a la 2013\/14, des de la 2015\/16 fins a la 2018\/19 i des de la 2021\/22 fins a l\u2019actualitat. En la present campanya, Nerea S\u00e1nchez va debutar amb el primer equip, en la Finetwork Liga F, el 25 de setembre davant el FC Barcelona; arribant a jugar un total de quatre partits. A m\u00e9s, tamb\u00e9 va disputar el partit davant el RCD Espanyol, corresponent als setzens de final de la Copa de S. M. la Reina, marcant un gol i repartint l\u2019assist\u00e8ncia del segon tant. Moltes gr\u00e0cies pel teu comprom\u00eds, Nerea! Fins prompte!","url":"","background_image":"","images":[],"videos":[],"links":[]}]},"excerpt":{"rendered":"La futbolista de Vila-real no seguir\u00e0 al Villarreal Femen\u00ed en la present temporada","protected":false},"author":29,"featured_media":246611,"comment_status":"closed","ping_status":"closed","sticky":false,"template":"","format":"standard","meta":{"_acf_changed":false,"footnotes":""},"categories":[13785],"tags":[717,9270,9684,14043,716,9205,9203,12685],"acf":null,"lang":"val","translations":{"es":246608,"en":246628,"val":246629},"essential_grid":{"has_grid":false},"formatted_date":"January 25, 2023","modified_date":"January 25, 2023","permalink":"https:\/\/villarrealcf.es\/val\/comunicado-oficial-nerea-sanchez\/","reading_time":1,"featured_media_data":{"id":246611,"title":"20220925-VRFemenino-FCBarcelona-138 web","caption":"","alt_text":"","description":"","mime_type":"image\/jpeg","source_url":"https:\/\/villarrealcf.es\/wp-content\/uploads\/2023\/01\/20220925-VRFemenino-FCBarcelona-138-web.jpg","sizes":{"thumbnail":{"url":"https:\/\/villarrealcf.es\/wp-content\/uploads\/2023\/01\/20220925-VRFemenino-FCBarcelona-138-web-150x150.jpg","width":150,"height":150},"medium":{"url":"https:\/\/villarrealcf.es\/wp-content\/uploads\/2023\/01\/20220925-VRFemenino-FCBarcelona-138-web-300x169.jpg","width":300,"height":169},"medium_large":{"url":"https:\/\/villarrealcf.es\/wp-content\/uploads\/2023\/01\/20220925-VRFemenino-FCBarcelona-138-web-768x432.jpg","width":768,"height":432},"large":{"url":"https:\/\/villarrealcf.es\/wp-content\/uploads\/2023\/01\/20220925-VRFemenino-FCBarcelona-138-web-1024x576.jpg","width":788,"height":443},"1536x1536":{"url":"https:\/\/villarrealcf.es\/wp-content\/uploads\/2023\/01\/20220925-VRFemenino-FCBarcelona-138-web-1536x864.jpg","width":1536,"height":864},"2048x2048":{"url":"https:\/\/villarrealcf.es\/wp-content\/uploads\/2023\/01\/20220925-VRFemenino-FCBarcelona-138-web.jpg","width":1920,"height":1080},"tp-image-grid":{"url":"https:\/\/villarrealcf.es\/wp-content\/uploads\/2023\/01\/20220925-VRFemenino-FCBarcelona-138-web-700x700.jpg","width":700,"height":700},"size-bunyad-medium":{"url":"https:\/\/villarrealcf.es\/wp-content\/uploads\/2023\/01\/20220925-VRFemenino-FCBarcelona-138-web.jpg","width":1920,"height":1080},"sportspress-crop-medium":{"url":"https:\/\/villarrealcf.es\/wp-content\/uploads\/2023\/01\/20220925-VRFemenino-FCBarcelona-138-web-300x300.jpg","width":300,"height":300},"sportspress-fit-medium":{"url":"https:\/\/villarrealcf.es\/wp-content\/uploads\/2023\/01\/20220925-VRFemenino-FCBarcelona-138-web-300x169.jpg","width":300,"height":169},"sportspress-fit-icon":{"url":"https:\/\/villarrealcf.es\/wp-content\/uploads\/2023\/01\/20220925-VRFemenino-FCBarcelona-138-web-128x72.jpg","width":128,"height":72},"sportspress-fit-mini":{"url":"https:\/\/villarrealcf.es\/wp-content\/uploads\/2023\/01\/20220925-VRFemenino-FCBarcelona-138-web-32x18.jpg","width":32,"height":18},"bunyad-small":{"url":"https:\/\/villarrealcf.es\/wp-content\/uploads\/2023\/01\/20220925-VRFemenino-FCBarcelona-138-web-150x84.jpg","width":150,"height":84},"bunyad-medium":{"url":"https:\/\/villarrealcf.es\/wp-content\/uploads\/2023\/01\/20220925-VRFemenino-FCBarcelona-138-web-450x253.jpg","width":450,"height":253},"bunyad-full":{"url":"https:\/\/villarrealcf.es\/wp-content\/uploads\/2023\/01\/20220925-VRFemenino-FCBarcelona-138-web-1200x675.jpg","width":1200,"height":675},"bunyad-viewport":{"url":"https:\/\/villarrealcf.es\/wp-content\/uploads\/2023\/01\/20220925-VRFemenino-FCBarcelona-138-web.jpg","width":1920,"height":1080},"bunyad-768":{"url":"https:\/\/villarrealcf.es\/wp-content\/uploads\/2023\/01\/20220925-VRFemenino-FCBarcelona-138-web-768x432.jpg","width":768,"height":432},"full":{"url":"https:\/\/villarrealcf.es\/wp-content\/uploads\/2023\/01\/20220925-VRFemenino-FCBarcelona-138-web.jpg","width":1920,"height":1080}}},"author_data":{"id":"29","name":"Azahara Beroy","first_name":"Azahara","last_name":"Beroy","description":"","avatar_url":"https:\/\/secure.gravatar.com\/avatar\/91b979a91a1925e60814719244bbf7824af58ced5a6e2130c2611bde24439aa7?s=96&d=mm&r=g","acf":null},"taxonomies_data":{"category":[{"id":13785,"name":"Futbol Femen\u00ed","slug":"futbol-femenino-val","acf":null}],"post_tag":[{"id":717,"name":"Football","slug":"football-d34","acf":null},{"id":9270,"name":"Futbol","slug":"futbol-val","acf":null},{"id":9684,"name":"F\u00fatbol Femenino","slug":"futbol-femenino-val-2","acf":null},{"id":14043,"name":"Nerea S\u00e1nchez","slug":"nerea-sanchez-val","acf":null},{"id":716,"name":"Soccer","slug":"soccer-d105","acf":null},{"id":9205,"name":"Submarino","slug":"submarino-val","acf":null},{"id":9203,"name":"Villarreal CF","slug":"villarreal-cf-val","acf":null},{"id":12685,"name":"Villarreal Femenino","slug":"villarreal-femenino-val","acf":null}],"translation_priority":[{"id":735,"name":"Optional","slug":"optional-val","acf":null}]},"seo_full":{"native":{"title":"Comunicat oficial: Nerea S\u00e1nchez - Web Oficial del Villarreal CF","description":"La futbolista de Vila-real no seguir\u00e0 al Villarreal Femen\u00ed en la present temporada","canonical":"https:\/\/villarrealcf.es\/val\/comunicado-oficial-nerea-sanchez\/"}},"_links":{"self":[{"href":"https:\/\/villarrealcf.es\/val\/wp-json\/wp\/v2\/posts\/246629","targetHints":{"allow":["GET"]}}],"collection":[{"href":"https:\/\/villarrealcf.es\/val\/wp-json\/wp\/v2\/posts"}],"about":[{"href":"https:\/\/villarrealcf.es\/val\/wp-json\/wp\/v2\/types\/post"}],"author":[{"embeddable":true,"href":"https:\/\/villarrealcf.es\/val\/wp-json\/wp\/v2\/users\/29"}],"replies":[{"embeddable":true,"href":"https:\/\/villarrealcf.es\/val\/wp-json\/wp\/v2\/comments?post=246629"}],"version-history":[{"count":0,"href":"https:\/\/villarrealcf.es\/val\/wp-json\/wp\/v2\/posts\/246629\/revisions"}],"wp:featuredmedia":[{"embeddable":true,"href":"https:\/\/villarrealcf.es\/val\/wp-json\/wp\/v2\/media\/246611"}],"wp:attachment":[{"href":"https:\/\/villarrealcf.es\/val\/wp-json\/wp\/v2\/media?parent=246629"}],"wp:term":[{"taxonomy":"category","embeddable":true,"href":"https:\/\/villarrealcf.es\/val\/wp-json\/wp\/v2\/categories?post=246629"},{"taxonomy":"post_tag","embeddable":true,"href":"https:\/\/villarrealcf.es\/val\/wp-json\/wp\/v2\/tags?post=246629"}],"curies":[{"name":"wp","href":"https:\/\/api.w.org\/{rel}","templated":true}]}}