{"id":246201,"date":"2023-01-23T05:38:00","date_gmt":"2023-01-23T04:38:00","guid":{"rendered":"https:\/\/villarrealcf.es\/\/yousef-al-mulla-un-qatari-fiel-al-submarino\/"},"modified":"2023-01-24T10:23:41","modified_gmt":"2023-01-24T09:23:41","slug":"yousef-al-mulla-un-aficionat-de-qatar-fidel-al-submari","status":"publish","type":"post","link":"https:\/\/villarrealcf.es\/val\/yousef-al-mulla-un-aficionat-de-qatar-fidel-al-submari\/","title":{"rendered":"Yousef Al- Mulla, un aficionat de Qatar fidel al Submar\u00ed"},"content":{"protected":false,"blocks":[{"type":"heading","level":2,"text":"Aquest apassionat aficionat \u00e9s un dels seguidors grocs m\u00e9s coneguts de la comunitat internacional"},{"type":"paragraph","text":"Yousef Al- Mulla \u00e9s originari de Qatar, on viu i treballa com a productor en el canal beIN SPORTS. El fan groc porta seguint al conjunt groguet des de 2006, quan tenia tan sols 12 anys. La seua passi\u00f3 pel Villarreal va n\u00e0ixer en un partit entre el Villarreal i Real Madrid (3-3). El gran joc dels grocs i la qualitat d\u2019alguns dels seus jugadors com Riquelme i Forl\u00e1n van fer que per al xicotet Yousef el Vila-real fora el seu \u201c\u00fanic amor de la vida\u201d."},{"type":"paragraph","text":"\u00danicament ha pogut gaudir en directe una vegada del seu equip de l\u2019\u00e0nima, va anar contra la Real Sociedad. Aquell dia molts el recordaran pel gol\u00e0s que va marcar Sansone des del centre del camp. Un gol que Yousef mai oblidar\u00e0. D\u2019altra banda i malgrat la dist\u00e0ncia, no es perd cap partit. Els nervis s\u2019apoderen d\u2019ell cada vegada que el Villarreal juga, per aix\u00f2 afirma que li agrada veure els partits sol i sense soroll per a concentrar-se \u00fanicament en el que passa sobre el terreny de joc."},{"type":"paragraph","text":"Molts records del Submar\u00ed ocupen la ment de l\u2019aficionat de Qatar. Per a ell, un dels moments m\u00e9s feli\u00e7os va ser el gol de l\u2019ascens a Primera Divisi\u00f3 de Jonathan Pereira contra l\u2019Almeria en l\u2019\u00faltima jornada. \u00d2bviament, la final de Gdansk tamb\u00e9 t\u00e9 un buit molt especial en el seu cor, per ser el primer t\u00edtol en la hist\u00f2ria del club i per com va ser."},{"type":"paragraph","text":"Aquest fan no sols segueix al Villarreal, sin\u00f3 que ajuda a donar a con\u00e9ixer el club entre la comunitat \u00e0rab. Ha creat un grup de WhatsApp per a xatejar sobre el club groguet en \u00e0rab. Hi ha m\u00e9s de 30 participants i cada vegada m\u00e9s persones del seu entorn es van interessant pel Submar\u00ed Groc. Un aut\u00e8ntic groguet."},{"type":"paragraph","text":"Amb la s\u00e8rie Yellows Around the World, el Villarreal CF publica reportatges de manera peri\u00f2dica que relaten l\u2019apassionant hist\u00f2ria d\u2019aficionats internacionals del Submar\u00ed."}],"structured":{"summary":{"text":"Aquest apassionat aficionat \u00e9s un dels seguidors grocs m\u00e9s coneguts de la comunitat internacional Yousef Al- Mulla \u00e9s originari de Qatar, on viu i treballa com a productor en el canal beIN SPORTS. El fan groc porta seguint al conjunt groguet des de 2006, quan tenia tan sols 12 anys. La seua passi\u00f3 pel Villarreal va n\u00e0ixer en un partit entre el Villarreal i Real Madrid (3-3). El gran joc dels grocs i la qualitat d\u2019alguns dels seus jugadors com Riquelme i Forl\u00e1n van fer que per al xicotet Yousef el Vila-real fora el seu \u201c\u00fanic amor de la vida\u201d. \u00danicament ha pogut gaudir en directe una vegada del seu equip de l\u2019\u00e0nima, va anar contra la Real Sociedad. Aquell dia molts el recordaran pel gol\u00e0s que va marcar Sansone des del centre del camp. Un gol que Yousef mai oblidar\u00e0. D\u2019altra banda i malgrat la dist\u00e0ncia, no es perd cap partit. Els nervis s\u2019apoderen d\u2019ell cada vegada que el Villarreal juga, per aix\u00f2 afirma que li agrada veure els partits sol i sense soroll per a concentrar-se \u00fanicament en el que passa sobre el terreny de joc. Molts records del Submar\u00ed ocupen la ment de l\u2019aficionat de Qatar. Per a ell, un dels moments m\u00e9s feli\u00e7os va ser el gol de l\u2019ascens a Primera Divisi\u00f3 de Jonathan Pereira contra l\u2019Almeria en l\u2019\u00faltima jornada. \u00d2bviament, la final de Gdansk tamb\u00e9 t\u00e9 un buit molt especial en el seu cor, per ser el primer t\u00edtol en la hist\u00f2ria del club i per com va ser. Aquest fan no sols segueix al Villarreal, sin\u00f3 que ajuda a donar a con\u00e9ixer el club entre la comunitat \u00e0rab. Ha creat un grup de WhatsApp per a xatejar sobre el club groguet en \u00e0rab. Hi ha m\u00e9s de 30 participants i cada vegada m\u00e9s persones del seu entorn es van interessant pel Submar\u00ed Groc. Un aut\u00e8ntic groguet. Amb la s\u00e8rie Yellows Around the World, el Villarreal CF publica reportatges de manera peri\u00f2dica que relaten l\u2019apassionant hist\u00f2ria d\u2019aficionats internacionals del Submar\u00ed.","headings":[{"type":"heading","level":2,"text":"Aquest apassionat aficionat \u00e9s un dels seguidors grocs m\u00e9s coneguts de la comunitat internacional"}],"buttons":[],"images":[],"counts":{"blocks":6,"headings":1,"texts":5,"buttons":0,"images":0}},"sections":[{"id":"section-1","title":"Aquest apassionat aficionat \u00e9s un dels seguidors grocs m\u00e9s coneguts de la comunitat internacional","text":"Aquest apassionat aficionat \u00e9s un dels seguidors grocs m\u00e9s coneguts de la comunitat internacional Yousef Al- Mulla \u00e9s originari de Qatar, on viu i treballa com a productor en el canal beIN SPORTS. El fan groc porta seguint al conjunt groguet des de 2006, quan tenia tan sols 12 anys. La seua passi\u00f3 pel Villarreal va n\u00e0ixer en un partit entre el Villarreal i Real Madrid (3-3). El gran joc dels grocs i la qualitat d\u2019alguns dels seus jugadors com Riquelme i Forl\u00e1n van fer que per al xicotet Yousef el Vila-real fora el seu \u201c\u00fanic amor de la vida\u201d. \u00danicament ha pogut gaudir en directe una vegada del seu equip de l\u2019\u00e0nima, va anar contra la Real Sociedad. Aquell dia molts el recordaran pel gol\u00e0s que va marcar Sansone des del centre del camp. Un gol que Yousef mai oblidar\u00e0. D\u2019altra banda i malgrat la dist\u00e0ncia, no es perd cap partit. Els nervis s\u2019apoderen d\u2019ell cada vegada que el Villarreal juga, per aix\u00f2 afirma que li agrada veure els partits sol i sense soroll per a concentrar-se \u00fanicament en el que passa sobre el terreny de joc. Molts records del Submar\u00ed ocupen la ment de l\u2019aficionat de Qatar. Per a ell, un dels moments m\u00e9s feli\u00e7os va ser el gol de l\u2019ascens a Primera Divisi\u00f3 de Jonathan Pereira contra l\u2019Almeria en l\u2019\u00faltima jornada. \u00d2bviament, la final de Gdansk tamb\u00e9 t\u00e9 un buit molt especial en el seu cor, per ser el primer t\u00edtol en la hist\u00f2ria del club i per com va ser. Aquest fan no sols segueix al Villarreal, sin\u00f3 que ajuda a donar a con\u00e9ixer el club entre la comunitat \u00e0rab. Ha creat un grup de WhatsApp per a xatejar sobre el club groguet en \u00e0rab. Hi ha m\u00e9s de 30 participants i cada vegada m\u00e9s persones del seu entorn es van interessant pel Submar\u00ed Groc. Un aut\u00e8ntic groguet. Amb la s\u00e8rie Yellows Around the World, el Villarreal CF publica reportatges de manera peri\u00f2dica que relaten l\u2019apassionant hist\u00f2ria d\u2019aficionats internacionals del Submar\u00ed.","headings":[{"type":"heading","level":2,"text":"Aquest apassionat aficionat \u00e9s un dels seguidors grocs m\u00e9s coneguts de la comunitat internacional"}],"texts":[{"type":"paragraph","text":"Yousef Al- Mulla \u00e9s originari de Qatar, on viu i treballa com a productor en el canal beIN SPORTS. El fan groc porta seguint al conjunt groguet des de 2006, quan tenia tan sols 12 anys. La seua passi\u00f3 pel Villarreal va n\u00e0ixer en un partit entre el Villarreal i Real Madrid (3-3). El gran joc dels grocs i la qualitat d\u2019alguns dels seus jugadors com Riquelme i Forl\u00e1n van fer que per al xicotet Yousef el Vila-real fora el seu \u201c\u00fanic amor de la vida\u201d."},{"type":"paragraph","text":"\u00danicament ha pogut gaudir en directe una vegada del seu equip de l\u2019\u00e0nima, va anar contra la Real Sociedad. Aquell dia molts el recordaran pel gol\u00e0s que va marcar Sansone des del centre del camp. Un gol que Yousef mai oblidar\u00e0. D\u2019altra banda i malgrat la dist\u00e0ncia, no es perd cap partit. Els nervis s\u2019apoderen d\u2019ell cada vegada que el Villarreal juga, per aix\u00f2 afirma que li agrada veure els partits sol i sense soroll per a concentrar-se \u00fanicament en el que passa sobre el terreny de joc."},{"type":"paragraph","text":"Molts records del Submar\u00ed ocupen la ment de l\u2019aficionat de Qatar. Per a ell, un dels moments m\u00e9s feli\u00e7os va ser el gol de l\u2019ascens a Primera Divisi\u00f3 de Jonathan Pereira contra l\u2019Almeria en l\u2019\u00faltima jornada. \u00d2bviament, la final de Gdansk tamb\u00e9 t\u00e9 un buit molt especial en el seu cor, per ser el primer t\u00edtol en la hist\u00f2ria del club i per com va ser."},{"type":"paragraph","text":"Aquest fan no sols segueix al Villarreal, sin\u00f3 que ajuda a donar a con\u00e9ixer el club entre la comunitat \u00e0rab. Ha creat un grup de WhatsApp per a xatejar sobre el club groguet en \u00e0rab. Hi ha m\u00e9s de 30 participants i cada vegada m\u00e9s persones del seu entorn es van interessant pel Submar\u00ed Groc. Un aut\u00e8ntic groguet."},{"type":"paragraph","text":"Amb la s\u00e8rie Yellows Around the World, el Villarreal CF publica reportatges de manera peri\u00f2dica que relaten l\u2019apassionant hist\u00f2ria d\u2019aficionats internacionals del Submar\u00ed."}],"buttons":[],"images":[],"widgets":[],"blocks":[{"type":"heading","level":2,"text":"Aquest apassionat aficionat \u00e9s un dels seguidors grocs m\u00e9s coneguts de la comunitat internacional"},{"type":"paragraph","text":"Yousef Al- Mulla \u00e9s originari de Qatar, on viu i treballa com a productor en el canal beIN SPORTS. El fan groc porta seguint al conjunt groguet des de 2006, quan tenia tan sols 12 anys. La seua passi\u00f3 pel Villarreal va n\u00e0ixer en un partit entre el Villarreal i Real Madrid (3-3). El gran joc dels grocs i la qualitat d\u2019alguns dels seus jugadors com Riquelme i Forl\u00e1n van fer que per al xicotet Yousef el Vila-real fora el seu \u201c\u00fanic amor de la vida\u201d."},{"type":"paragraph","text":"\u00danicament ha pogut gaudir en directe una vegada del seu equip de l\u2019\u00e0nima, va anar contra la Real Sociedad. Aquell dia molts el recordaran pel gol\u00e0s que va marcar Sansone des del centre del camp. Un gol que Yousef mai oblidar\u00e0. D\u2019altra banda i malgrat la dist\u00e0ncia, no es perd cap partit. Els nervis s\u2019apoderen d\u2019ell cada vegada que el Villarreal juga, per aix\u00f2 afirma que li agrada veure els partits sol i sense soroll per a concentrar-se \u00fanicament en el que passa sobre el terreny de joc."},{"type":"paragraph","text":"Molts records del Submar\u00ed ocupen la ment de l\u2019aficionat de Qatar. Per a ell, un dels moments m\u00e9s feli\u00e7os va ser el gol de l\u2019ascens a Primera Divisi\u00f3 de Jonathan Pereira contra l\u2019Almeria en l\u2019\u00faltima jornada. \u00d2bviament, la final de Gdansk tamb\u00e9 t\u00e9 un buit molt especial en el seu cor, per ser el primer t\u00edtol en la hist\u00f2ria del club i per com va ser."},{"type":"paragraph","text":"Aquest fan no sols segueix al Villarreal, sin\u00f3 que ajuda a donar a con\u00e9ixer el club entre la comunitat \u00e0rab. Ha creat un grup de WhatsApp per a xatejar sobre el club groguet en \u00e0rab. Hi ha m\u00e9s de 30 participants i cada vegada m\u00e9s persones del seu entorn es van interessant pel Submar\u00ed Groc. Un aut\u00e8ntic groguet."},{"type":"paragraph","text":"Amb la s\u00e8rie Yellows Around the World, el Villarreal CF publica reportatges de manera peri\u00f2dica que relaten l\u2019apassionant hist\u00f2ria d\u2019aficionats internacionals del Submar\u00ed."}]}],"hero":{"id":"section-1","title":"Aquest apassionat aficionat \u00e9s un dels seguidors grocs m\u00e9s coneguts de la comunitat internacional","text":"Aquest apassionat aficionat \u00e9s un dels seguidors grocs m\u00e9s coneguts de la comunitat internacional Yousef Al- Mulla \u00e9s originari de Qatar, on viu i treballa com a productor en el canal beIN SPORTS. El fan groc porta seguint al conjunt groguet des de 2006, quan tenia tan sols 12 anys. La seua passi\u00f3 pel Villarreal va n\u00e0ixer en un partit entre el Villarreal i Real Madrid (3-3). El gran joc dels grocs i la qualitat d\u2019alguns dels seus jugadors com Riquelme i Forl\u00e1n van fer que per al xicotet Yousef el Vila-real fora el seu \u201c\u00fanic amor de la vida\u201d. \u00danicament ha pogut gaudir en directe una vegada del seu equip de l\u2019\u00e0nima, va anar contra la Real Sociedad. Aquell dia molts el recordaran pel gol\u00e0s que va marcar Sansone des del centre del camp. Un gol que Yousef mai oblidar\u00e0. D\u2019altra banda i malgrat la dist\u00e0ncia, no es perd cap partit. Els nervis s\u2019apoderen d\u2019ell cada vegada que el Villarreal juga, per aix\u00f2 afirma que li agrada veure els partits sol i sense soroll per a concentrar-se \u00fanicament en el que passa sobre el terreny de joc. Molts records del Submar\u00ed ocupen la ment de l\u2019aficionat de Qatar. Per a ell, un dels moments m\u00e9s feli\u00e7os va ser el gol de l\u2019ascens a Primera Divisi\u00f3 de Jonathan Pereira contra l\u2019Almeria en l\u2019\u00faltima jornada. \u00d2bviament, la final de Gdansk tamb\u00e9 t\u00e9 un buit molt especial en el seu cor, per ser el primer t\u00edtol en la hist\u00f2ria del club i per com va ser. Aquest fan no sols segueix al Villarreal, sin\u00f3 que ajuda a donar a con\u00e9ixer el club entre la comunitat \u00e0rab. Ha creat un grup de WhatsApp per a xatejar sobre el club groguet en \u00e0rab. Hi ha m\u00e9s de 30 participants i cada vegada m\u00e9s persones del seu entorn es van interessant pel Submar\u00ed Groc. Un aut\u00e8ntic groguet. Amb la s\u00e8rie Yellows Around the World, el Villarreal CF publica reportatges de manera peri\u00f2dica que relaten l\u2019apassionant hist\u00f2ria d\u2019aficionats internacionals del Submar\u00ed.","headings":[{"type":"heading","level":2,"text":"Aquest apassionat aficionat \u00e9s un dels seguidors grocs m\u00e9s coneguts de la comunitat internacional"}],"texts":[{"type":"paragraph","text":"Yousef Al- Mulla \u00e9s originari de Qatar, on viu i treballa com a productor en el canal beIN SPORTS. El fan groc porta seguint al conjunt groguet des de 2006, quan tenia tan sols 12 anys. La seua passi\u00f3 pel Villarreal va n\u00e0ixer en un partit entre el Villarreal i Real Madrid (3-3). El gran joc dels grocs i la qualitat d\u2019alguns dels seus jugadors com Riquelme i Forl\u00e1n van fer que per al xicotet Yousef el Vila-real fora el seu \u201c\u00fanic amor de la vida\u201d."},{"type":"paragraph","text":"\u00danicament ha pogut gaudir en directe una vegada del seu equip de l\u2019\u00e0nima, va anar contra la Real Sociedad. Aquell dia molts el recordaran pel gol\u00e0s que va marcar Sansone des del centre del camp. Un gol que Yousef mai oblidar\u00e0. D\u2019altra banda i malgrat la dist\u00e0ncia, no es perd cap partit. Els nervis s\u2019apoderen d\u2019ell cada vegada que el Villarreal juga, per aix\u00f2 afirma que li agrada veure els partits sol i sense soroll per a concentrar-se \u00fanicament en el que passa sobre el terreny de joc."},{"type":"paragraph","text":"Molts records del Submar\u00ed ocupen la ment de l\u2019aficionat de Qatar. Per a ell, un dels moments m\u00e9s feli\u00e7os va ser el gol de l\u2019ascens a Primera Divisi\u00f3 de Jonathan Pereira contra l\u2019Almeria en l\u2019\u00faltima jornada. \u00d2bviament, la final de Gdansk tamb\u00e9 t\u00e9 un buit molt especial en el seu cor, per ser el primer t\u00edtol en la hist\u00f2ria del club i per com va ser."},{"type":"paragraph","text":"Aquest fan no sols segueix al Villarreal, sin\u00f3 que ajuda a donar a con\u00e9ixer el club entre la comunitat \u00e0rab. Ha creat un grup de WhatsApp per a xatejar sobre el club groguet en \u00e0rab. Hi ha m\u00e9s de 30 participants i cada vegada m\u00e9s persones del seu entorn es van interessant pel Submar\u00ed Groc. Un aut\u00e8ntic groguet."},{"type":"paragraph","text":"Amb la s\u00e8rie Yellows Around the World, el Villarreal CF publica reportatges de manera peri\u00f2dica que relaten l\u2019apassionant hist\u00f2ria d\u2019aficionats internacionals del Submar\u00ed."}],"buttons":[],"images":[],"widgets":[],"blocks":[{"type":"heading","level":2,"text":"Aquest apassionat aficionat \u00e9s un dels seguidors grocs m\u00e9s coneguts de la comunitat internacional"},{"type":"paragraph","text":"Yousef Al- Mulla \u00e9s originari de Qatar, on viu i treballa com a productor en el canal beIN SPORTS. El fan groc porta seguint al conjunt groguet des de 2006, quan tenia tan sols 12 anys. La seua passi\u00f3 pel Villarreal va n\u00e0ixer en un partit entre el Villarreal i Real Madrid (3-3). El gran joc dels grocs i la qualitat d\u2019alguns dels seus jugadors com Riquelme i Forl\u00e1n van fer que per al xicotet Yousef el Vila-real fora el seu \u201c\u00fanic amor de la vida\u201d."},{"type":"paragraph","text":"\u00danicament ha pogut gaudir en directe una vegada del seu equip de l\u2019\u00e0nima, va anar contra la Real Sociedad. Aquell dia molts el recordaran pel gol\u00e0s que va marcar Sansone des del centre del camp. Un gol que Yousef mai oblidar\u00e0. D\u2019altra banda i malgrat la dist\u00e0ncia, no es perd cap partit. Els nervis s\u2019apoderen d\u2019ell cada vegada que el Villarreal juga, per aix\u00f2 afirma que li agrada veure els partits sol i sense soroll per a concentrar-se \u00fanicament en el que passa sobre el terreny de joc."},{"type":"paragraph","text":"Molts records del Submar\u00ed ocupen la ment de l\u2019aficionat de Qatar. Per a ell, un dels moments m\u00e9s feli\u00e7os va ser el gol de l\u2019ascens a Primera Divisi\u00f3 de Jonathan Pereira contra l\u2019Almeria en l\u2019\u00faltima jornada. \u00d2bviament, la final de Gdansk tamb\u00e9 t\u00e9 un buit molt especial en el seu cor, per ser el primer t\u00edtol en la hist\u00f2ria del club i per com va ser."},{"type":"paragraph","text":"Aquest fan no sols segueix al Villarreal, sin\u00f3 que ajuda a donar a con\u00e9ixer el club entre la comunitat \u00e0rab. Ha creat un grup de WhatsApp per a xatejar sobre el club groguet en \u00e0rab. Hi ha m\u00e9s de 30 participants i cada vegada m\u00e9s persones del seu entorn es van interessant pel Submar\u00ed Groc. Un aut\u00e8ntic groguet."},{"type":"paragraph","text":"Amb la s\u00e8rie Yellows Around the World, el Villarreal CF publica reportatges de manera peri\u00f2dica que relaten l\u2019apassionant hist\u00f2ria d\u2019aficionats internacionals del Submar\u00ed."}]}},"sections":[{"id":"section-1","title":"Aquest apassionat aficionat \u00e9s un dels seguidors grocs m\u00e9s coneguts de la comunitat internacional","text":"Aquest apassionat aficionat \u00e9s un dels seguidors grocs m\u00e9s coneguts de la comunitat internacional Yousef Al- Mulla \u00e9s originari de Qatar, on viu i treballa com a productor en el canal beIN SPORTS. El fan groc porta seguint al conjunt groguet des de 2006, quan tenia tan sols 12 anys. La seua passi\u00f3 pel Villarreal va n\u00e0ixer en un partit entre el Villarreal i Real Madrid (3-3). El gran joc dels grocs i la qualitat d\u2019alguns dels seus jugadors com Riquelme i Forl\u00e1n van fer que per al xicotet Yousef el Vila-real fora el seu \u201c\u00fanic amor de la vida\u201d. \u00danicament ha pogut gaudir en directe una vegada del seu equip de l\u2019\u00e0nima, va anar contra la Real Sociedad. Aquell dia molts el recordaran pel gol\u00e0s que va marcar Sansone des del centre del camp. Un gol que Yousef mai oblidar\u00e0. D\u2019altra banda i malgrat la dist\u00e0ncia, no es perd cap partit. Els nervis s\u2019apoderen d\u2019ell cada vegada que el Villarreal juga, per aix\u00f2 afirma que li agrada veure els partits sol i sense soroll per a concentrar-se \u00fanicament en el que passa sobre el terreny de joc. Molts records del Submar\u00ed ocupen la ment de l\u2019aficionat de Qatar. Per a ell, un dels moments m\u00e9s feli\u00e7os va ser el gol de l\u2019ascens a Primera Divisi\u00f3 de Jonathan Pereira contra l\u2019Almeria en l\u2019\u00faltima jornada. \u00d2bviament, la final de Gdansk tamb\u00e9 t\u00e9 un buit molt especial en el seu cor, per ser el primer t\u00edtol en la hist\u00f2ria del club i per com va ser. Aquest fan no sols segueix al Villarreal, sin\u00f3 que ajuda a donar a con\u00e9ixer el club entre la comunitat \u00e0rab. Ha creat un grup de WhatsApp per a xatejar sobre el club groguet en \u00e0rab. Hi ha m\u00e9s de 30 participants i cada vegada m\u00e9s persones del seu entorn es van interessant pel Submar\u00ed Groc. Un aut\u00e8ntic groguet. Amb la s\u00e8rie Yellows Around the World, el Villarreal CF publica reportatges de manera peri\u00f2dica que relaten l\u2019apassionant hist\u00f2ria d\u2019aficionats internacionals del Submar\u00ed.","url":"","background_image":"","images":[],"videos":[],"links":[]}]},"excerpt":{"rendered":"Aquest apassionat aficionat \u00e9s un dels seguidors grocs m\u00e9s coneguts de la comunitat internacional","protected":false},"author":1,"featured_media":246149,"comment_status":"closed","ping_status":"closed","sticky":false,"template":"","format":"standard","meta":{"_acf_changed":false,"footnotes":""},"categories":[13507],"tags":[14028,9270,14029,9205,9627,9203,12656],"acf":null,"lang":"val","translations":{"es":246138,"val":246201,"en":246208},"essential_grid":{"has_grid":false},"formatted_date":"January 23, 2023","modified_date":"January 24, 2023","permalink":"https:\/\/villarrealcf.es\/val\/yousef-al-mulla-un-aficionat-de-qatar-fidel-al-submari\/","reading_time":2,"featured_media_data":{"id":246149,"title":"image_6483441-1","caption":"Yousef Al- Mulla (en medio) disfruta de su \u00fanico partido en el Estadio de la Cer\u00e1mica","alt_text":"","description":"","mime_type":"image\/jpeg","source_url":"https:\/\/villarrealcf.es\/wp-content\/uploads\/2023\/01\/image_6483441-1.jpg","sizes":{"thumbnail":{"url":"https:\/\/villarrealcf.es\/wp-content\/uploads\/2023\/01\/image_6483441-1-150x150.jpg","width":150,"height":150},"medium":{"url":"https:\/\/villarrealcf.es\/wp-content\/uploads\/2023\/01\/image_6483441-1-300x169.jpg","width":300,"height":169},"medium_large":{"url":"https:\/\/villarrealcf.es\/wp-content\/uploads\/2023\/01\/image_6483441-1-768x432.jpg","width":768,"height":432},"large":{"url":"https:\/\/villarrealcf.es\/wp-content\/uploads\/2023\/01\/image_6483441-1-1024x576.jpg","width":788,"height":443},"1536x1536":{"url":"https:\/\/villarrealcf.es\/wp-content\/uploads\/2023\/01\/image_6483441-1-1536x864.jpg","width":1536,"height":864},"2048x2048":{"url":"https:\/\/villarrealcf.es\/wp-content\/uploads\/2023\/01\/image_6483441-1.jpg","width":1920,"height":1080},"tp-image-grid":{"url":"https:\/\/villarrealcf.es\/wp-content\/uploads\/2023\/01\/image_6483441-1-700x700.jpg","width":700,"height":700},"size-bunyad-medium":{"url":"https:\/\/villarrealcf.es\/wp-content\/uploads\/2023\/01\/image_6483441-1.jpg","width":1920,"height":1080},"sportspress-crop-medium":{"url":"https:\/\/villarrealcf.es\/wp-content\/uploads\/2023\/01\/image_6483441-1-300x300.jpg","width":300,"height":300},"sportspress-fit-medium":{"url":"https:\/\/villarrealcf.es\/wp-content\/uploads\/2023\/01\/image_6483441-1-300x169.jpg","width":300,"height":169},"sportspress-fit-icon":{"url":"https:\/\/villarrealcf.es\/wp-content\/uploads\/2023\/01\/image_6483441-1-128x72.jpg","width":128,"height":72},"sportspress-fit-mini":{"url":"https:\/\/villarrealcf.es\/wp-content\/uploads\/2023\/01\/image_6483441-1-32x18.jpg","width":32,"height":18},"bunyad-small":{"url":"https:\/\/villarrealcf.es\/wp-content\/uploads\/2023\/01\/image_6483441-1-150x84.jpg","width":150,"height":84},"bunyad-medium":{"url":"https:\/\/villarrealcf.es\/wp-content\/uploads\/2023\/01\/image_6483441-1-450x253.jpg","width":450,"height":253},"bunyad-full":{"url":"https:\/\/villarrealcf.es\/wp-content\/uploads\/2023\/01\/image_6483441-1-1200x675.jpg","width":1200,"height":675},"bunyad-viewport":{"url":"https:\/\/villarrealcf.es\/wp-content\/uploads\/2023\/01\/image_6483441-1.jpg","width":1920,"height":1080},"bunyad-768":{"url":"https:\/\/villarrealcf.es\/wp-content\/uploads\/2023\/01\/image_6483441-1-768x432.jpg","width":768,"height":432},"full":{"url":"https:\/\/villarrealcf.es\/wp-content\/uploads\/2023\/01\/image_6483441-1.jpg","width":1920,"height":1080}}},"author_data":{"id":"1","name":"root_envidea","first_name":"Villarreal CF","last_name":"","description":"","avatar_url":"https:\/\/secure.gravatar.com\/avatar\/48f95f42a3ccc324f3a3458e4b9e6fb070b083e99d388e170c1afb061fa99b63?s=96&d=mm&r=g","acf":null},"taxonomies_data":{"category":[{"id":13507,"name":"Fans","slug":"fans-val","acf":null}],"post_tag":[{"id":14028,"name":"Fan Internacional","slug":"fan-internacional-val","acf":null},{"id":9270,"name":"Futbol","slug":"futbol-val","acf":null},{"id":14029,"name":"Internacional Fan","slug":"internacional-fan-val","acf":null},{"id":9205,"name":"Submarino","slug":"submarino-val","acf":null},{"id":9627,"name":"Submarino Amarillo","slug":"submarino-amarillo-val","acf":null},{"id":9203,"name":"Villarreal CF","slug":"villarreal-cf-val","acf":null},{"id":12656,"name":"Yellows Around the World","slug":"yellows-around-the-world-val","acf":null}],"translation_priority":[{"id":735,"name":"Optional","slug":"optional-val","acf":null}]},"seo_full":{"native":{"title":"Yousef Al- Mulla, un aficionat de Qatar fidel al Submar\u00ed - Web Oficial del Villarreal CF","description":"Aquest apassionat aficionat \u00e9s un dels seguidors grocs m\u00e9s coneguts de la comunitat internacional","canonical":"https:\/\/villarrealcf.es\/val\/yousef-al-mulla-un-aficionat-de-qatar-fidel-al-submari\/"}},"_links":{"self":[{"href":"https:\/\/villarrealcf.es\/val\/wp-json\/wp\/v2\/posts\/246201","targetHints":{"allow":["GET"]}}],"collection":[{"href":"https:\/\/villarrealcf.es\/val\/wp-json\/wp\/v2\/posts"}],"about":[{"href":"https:\/\/villarrealcf.es\/val\/wp-json\/wp\/v2\/types\/post"}],"author":[{"embeddable":true,"href":"https:\/\/villarrealcf.es\/val\/wp-json\/wp\/v2\/users\/1"}],"replies":[{"embeddable":true,"href":"https:\/\/villarrealcf.es\/val\/wp-json\/wp\/v2\/comments?post=246201"}],"version-history":[{"count":0,"href":"https:\/\/villarrealcf.es\/val\/wp-json\/wp\/v2\/posts\/246201\/revisions"}],"wp:featuredmedia":[{"embeddable":true,"href":"https:\/\/villarrealcf.es\/val\/wp-json\/wp\/v2\/media\/246149"}],"wp:attachment":[{"href":"https:\/\/villarrealcf.es\/val\/wp-json\/wp\/v2\/media?parent=246201"}],"wp:term":[{"taxonomy":"category","embeddable":true,"href":"https:\/\/villarrealcf.es\/val\/wp-json\/wp\/v2\/categories?post=246201"},{"taxonomy":"post_tag","embeddable":true,"href":"https:\/\/villarrealcf.es\/val\/wp-json\/wp\/v2\/tags?post=246201"}],"curies":[{"name":"wp","href":"https:\/\/api.w.org\/{rel}","templated":true}]}}