{"id":245731,"date":"2023-01-20T13:22:29","date_gmt":"2023-01-20T12:22:29","guid":{"rendered":"https:\/\/villarrealcf.es\/\/una-renovacion-con-especial-dedicatoria-a-llaneza\/"},"modified":"2023-01-20T13:41:39","modified_gmt":"2023-01-20T12:41:39","slug":"una-renovacio-amb-especial-dedicatoria-a-llaneza","status":"publish","type":"post","link":"https:\/\/villarrealcf.es\/val\/una-renovacio-amb-especial-dedicatoria-a-llaneza\/","title":{"rendered":"Una renovaci\u00f3 amb especial dedicat\u00f2ria a Llaneza"},"content":{"protected":false,"blocks":[{"type":"heading","widget":"heading","level":2,"text":"\u00c1lex Baena continuar\u00e0 de groc fins a 2028"},{"type":"text","widget":"text-editor","text":"\u00c1lex Baena ha renovat amb el Villarreal CF fins a juny de 2028. El club groc ha anunciat l\u2019acord amb un emotiu v\u00eddeo en mem\u00f2ria de l\u2019exvicepresident Jos\u00e9 Manuel Llaneza, gran valedor de la Cantera Grogueta i dels centenars de talents que somien amb convertir-se, igual que Baena, en \u00eddol del primer equip groc.","paragraphs":["\u00c1lex Baena ha renovat amb el Villarreal CF fins a juny de 2028. El club groc ha anunciat l\u2019acord amb un emotiu v\u00eddeo en mem\u00f2ria de l\u2019exvicepresident Jos\u00e9 Manuel Llaneza, gran valedor de la Cantera Grogueta i dels centenars de talents que somien amb convertir-se, igual que Baena, en \u00eddol del primer equip groc."]},{"type":"gallery","widget":"gallery","items":[{"url":"https:\/\/villarrealcf.es\/wp-content\/uploads\/2023\/01\/MEDIOS3.jpg","title":"MEDIOS3","thumbnail":"https:\/\/villarrealcf.es\/wp-content\/uploads\/2023\/01\/MEDIOS3.jpg","width":0,"height":0},{"url":"https:\/\/villarrealcf.es\/wp-content\/uploads\/2023\/01\/20230118-Baena2028-013.jpg","title":"20230118-Baena2028-013","thumbnail":"https:\/\/villarrealcf.es\/wp-content\/uploads\/2023\/01\/20230118-Baena2028-013.jpg","width":0,"height":0},{"url":"https:\/\/villarrealcf.es\/wp-content\/uploads\/2023\/01\/20230118-Baena2028-005.jpg","title":"20230118-Baena2028-005","thumbnail":"https:\/\/villarrealcf.es\/wp-content\/uploads\/2023\/01\/20230118-Baena2028-005.jpg","width":0,"height":0},{"url":"https:\/\/villarrealcf.es\/wp-content\/uploads\/2023\/01\/20230118-Baena2028-002.jpg","title":"20230118-Baena2028-002","thumbnail":"https:\/\/villarrealcf.es\/wp-content\/uploads\/2023\/01\/20230118-Baena2028-002.jpg","width":0,"height":0}]}],"structured":{"summary":{"text":"\u00c1lex Baena continuar\u00e0 de groc fins a 2028 \u00c1lex Baena ha renovat amb el Villarreal CF fins a juny de 2028. El club groc ha anunciat l\u2019acord amb un emotiu v\u00eddeo en mem\u00f2ria de l\u2019exvicepresident Jos\u00e9 Manuel Llaneza, gran valedor de la Cantera Grogueta i dels centenars de talents que somien amb convertir-se, igual que Baena, en \u00eddol del primer equip groc.","headings":[{"type":"heading","widget":"heading","level":2,"text":"\u00c1lex Baena continuar\u00e0 de groc fins a 2028"}],"buttons":[],"images":[],"counts":{"blocks":3,"headings":1,"texts":1,"buttons":0,"images":0},"containers":1},"sections":[{"id":"272362e","type":"container","classes":["has-el-gap","el-gap-default","elementor-section","elementor-top-section","elementor-element","elementor-element-272362e","elementor-section-boxed","elementor-section-height-default"],"title":"\u00c1lex Baena continuar\u00e0 de groc fins a 2028","text":"\u00c1lex Baena continuar\u00e0 de groc fins a 2028 \u00c1lex Baena ha renovat amb el Villarreal CF fins a juny de 2028. El club groc ha anunciat l\u2019acord amb un emotiu v\u00eddeo en mem\u00f2ria de l\u2019exvicepresident Jos\u00e9 Manuel Llaneza, gran valedor de la Cantera Grogueta i dels centenars de talents que somien amb convertir-se, igual que Baena, en \u00eddol del primer equip groc.","headings":[{"type":"heading","widget":"heading","level":2,"text":"\u00c1lex Baena continuar\u00e0 de groc fins a 2028"}],"texts":[{"type":"text","widget":"text-editor","text":"\u00c1lex Baena ha renovat amb el Villarreal CF fins a juny de 2028. El club groc ha anunciat l\u2019acord amb un emotiu v\u00eddeo en mem\u00f2ria de l\u2019exvicepresident Jos\u00e9 Manuel Llaneza, gran valedor de la Cantera Grogueta i dels centenars de talents que somien amb convertir-se, igual que Baena, en \u00eddol del primer equip groc.","paragraphs":["\u00c1lex Baena ha renovat amb el Villarreal CF fins a juny de 2028. El club groc ha anunciat l\u2019acord amb un emotiu v\u00eddeo en mem\u00f2ria de l\u2019exvicepresident Jos\u00e9 Manuel Llaneza, gran valedor de la Cantera Grogueta i dels centenars de talents que somien amb convertir-se, igual que Baena, en \u00eddol del primer equip groc."]}],"buttons":[],"images":[],"widgets":["heading","text-editor","gallery"],"blocks":[{"type":"heading","widget":"heading","level":2,"text":"\u00c1lex Baena continuar\u00e0 de groc fins a 2028"},{"type":"text","widget":"text-editor","text":"\u00c1lex Baena ha renovat amb el Villarreal CF fins a juny de 2028. El club groc ha anunciat l\u2019acord amb un emotiu v\u00eddeo en mem\u00f2ria de l\u2019exvicepresident Jos\u00e9 Manuel Llaneza, gran valedor de la Cantera Grogueta i dels centenars de talents que somien amb convertir-se, igual que Baena, en \u00eddol del primer equip groc.","paragraphs":["\u00c1lex Baena ha renovat amb el Villarreal CF fins a juny de 2028. El club groc ha anunciat l\u2019acord amb un emotiu v\u00eddeo en mem\u00f2ria de l\u2019exvicepresident Jos\u00e9 Manuel Llaneza, gran valedor de la Cantera Grogueta i dels centenars de talents que somien amb convertir-se, igual que Baena, en \u00eddol del primer equip groc."]},{"type":"gallery","widget":"gallery","items":[{"url":"https:\/\/villarrealcf.es\/wp-content\/uploads\/2023\/01\/MEDIOS3.jpg","title":"MEDIOS3","thumbnail":"https:\/\/villarrealcf.es\/wp-content\/uploads\/2023\/01\/MEDIOS3.jpg","width":0,"height":0},{"url":"https:\/\/villarrealcf.es\/wp-content\/uploads\/2023\/01\/20230118-Baena2028-013.jpg","title":"20230118-Baena2028-013","thumbnail":"https:\/\/villarrealcf.es\/wp-content\/uploads\/2023\/01\/20230118-Baena2028-013.jpg","width":0,"height":0},{"url":"https:\/\/villarrealcf.es\/wp-content\/uploads\/2023\/01\/20230118-Baena2028-005.jpg","title":"20230118-Baena2028-005","thumbnail":"https:\/\/villarrealcf.es\/wp-content\/uploads\/2023\/01\/20230118-Baena2028-005.jpg","width":0,"height":0},{"url":"https:\/\/villarrealcf.es\/wp-content\/uploads\/2023\/01\/20230118-Baena2028-002.jpg","title":"20230118-Baena2028-002","thumbnail":"https:\/\/villarrealcf.es\/wp-content\/uploads\/2023\/01\/20230118-Baena2028-002.jpg","width":0,"height":0}]}],"children":[]}],"hero":{"id":"272362e","type":"container","classes":["has-el-gap","el-gap-default","elementor-section","elementor-top-section","elementor-element","elementor-element-272362e","elementor-section-boxed","elementor-section-height-default"],"title":"\u00c1lex Baena continuar\u00e0 de groc fins a 2028","text":"\u00c1lex Baena continuar\u00e0 de groc fins a 2028 \u00c1lex Baena ha renovat amb el Villarreal CF fins a juny de 2028. El club groc ha anunciat l\u2019acord amb un emotiu v\u00eddeo en mem\u00f2ria de l\u2019exvicepresident Jos\u00e9 Manuel Llaneza, gran valedor de la Cantera Grogueta i dels centenars de talents que somien amb convertir-se, igual que Baena, en \u00eddol del primer equip groc.","headings":[{"type":"heading","widget":"heading","level":2,"text":"\u00c1lex Baena continuar\u00e0 de groc fins a 2028"}],"texts":[{"type":"text","widget":"text-editor","text":"\u00c1lex Baena ha renovat amb el Villarreal CF fins a juny de 2028. El club groc ha anunciat l\u2019acord amb un emotiu v\u00eddeo en mem\u00f2ria de l\u2019exvicepresident Jos\u00e9 Manuel Llaneza, gran valedor de la Cantera Grogueta i dels centenars de talents que somien amb convertir-se, igual que Baena, en \u00eddol del primer equip groc.","paragraphs":["\u00c1lex Baena ha renovat amb el Villarreal CF fins a juny de 2028. El club groc ha anunciat l\u2019acord amb un emotiu v\u00eddeo en mem\u00f2ria de l\u2019exvicepresident Jos\u00e9 Manuel Llaneza, gran valedor de la Cantera Grogueta i dels centenars de talents que somien amb convertir-se, igual que Baena, en \u00eddol del primer equip groc."]}],"buttons":[],"images":[],"widgets":["heading","text-editor","gallery"],"blocks":[{"type":"heading","widget":"heading","level":2,"text":"\u00c1lex Baena continuar\u00e0 de groc fins a 2028"},{"type":"text","widget":"text-editor","text":"\u00c1lex Baena ha renovat amb el Villarreal CF fins a juny de 2028. El club groc ha anunciat l\u2019acord amb un emotiu v\u00eddeo en mem\u00f2ria de l\u2019exvicepresident Jos\u00e9 Manuel Llaneza, gran valedor de la Cantera Grogueta i dels centenars de talents que somien amb convertir-se, igual que Baena, en \u00eddol del primer equip groc.","paragraphs":["\u00c1lex Baena ha renovat amb el Villarreal CF fins a juny de 2028. El club groc ha anunciat l\u2019acord amb un emotiu v\u00eddeo en mem\u00f2ria de l\u2019exvicepresident Jos\u00e9 Manuel Llaneza, gran valedor de la Cantera Grogueta i dels centenars de talents que somien amb convertir-se, igual que Baena, en \u00eddol del primer equip groc."]},{"type":"gallery","widget":"gallery","items":[{"url":"https:\/\/villarrealcf.es\/wp-content\/uploads\/2023\/01\/MEDIOS3.jpg","title":"MEDIOS3","thumbnail":"https:\/\/villarrealcf.es\/wp-content\/uploads\/2023\/01\/MEDIOS3.jpg","width":0,"height":0},{"url":"https:\/\/villarrealcf.es\/wp-content\/uploads\/2023\/01\/20230118-Baena2028-013.jpg","title":"20230118-Baena2028-013","thumbnail":"https:\/\/villarrealcf.es\/wp-content\/uploads\/2023\/01\/20230118-Baena2028-013.jpg","width":0,"height":0},{"url":"https:\/\/villarrealcf.es\/wp-content\/uploads\/2023\/01\/20230118-Baena2028-005.jpg","title":"20230118-Baena2028-005","thumbnail":"https:\/\/villarrealcf.es\/wp-content\/uploads\/2023\/01\/20230118-Baena2028-005.jpg","width":0,"height":0},{"url":"https:\/\/villarrealcf.es\/wp-content\/uploads\/2023\/01\/20230118-Baena2028-002.jpg","title":"20230118-Baena2028-002","thumbnail":"https:\/\/villarrealcf.es\/wp-content\/uploads\/2023\/01\/20230118-Baena2028-002.jpg","width":0,"height":0}]}],"children":[]}},"sections":[{"id":"272362e","title":"\u00c1lex Baena continuar\u00e0 de groc fins a 2028","text":"\u00c1lex Baena continuar\u00e0 de groc fins a 2028 \u00c1lex Baena ha renovat amb el Villarreal CF fins a juny de 2028. El club groc ha anunciat l\u2019acord amb un emotiu v\u00eddeo en mem\u00f2ria de l\u2019exvicepresident Jos\u00e9 Manuel Llaneza, gran valedor de la Cantera Grogueta i dels centenars de talents que somien amb convertir-se, igual que Baena, en \u00eddol del primer equip groc.","url":"https:\/\/villarrealcf.es\/wp-content\/uploads\/2023\/01\/MEDIOS3.jpg","background_image":"","images":[],"videos":[],"links":[{"url":"https:\/\/villarrealcf.es\/wp-content\/uploads\/2023\/01\/MEDIOS3.jpg","text":"","target":""},{"url":"https:\/\/villarrealcf.es\/wp-content\/uploads\/2023\/01\/20230118-Baena2028-013.jpg","text":"","target":""},{"url":"https:\/\/villarrealcf.es\/wp-content\/uploads\/2023\/01\/20230118-Baena2028-005.jpg","text":"","target":""},{"url":"https:\/\/villarrealcf.es\/wp-content\/uploads\/2023\/01\/20230118-Baena2028-002.jpg","text":"","target":""}]}]},"excerpt":{"rendered":"\u00c1lex Baena continuar\u00e0 de groc fins a 2028","protected":false},"author":25,"featured_media":245565,"comment_status":"closed","ping_status":"closed","sticky":false,"template":"","format":"standard","meta":{"_acf_changed":false,"footnotes":""},"categories":[13493],"tags":[14014,717,9270,13474,13411,9489,9278,716,9205,9627,9203],"acf":null,"lang":"val","translations":{"es":245708,"val":245731,"en":245760},"essential_grid":{"has_grid":false},"formatted_date":"January 20, 2023","modified_date":"January 20, 2023","permalink":"https:\/\/villarrealcf.es\/val\/una-renovacio-amb-especial-dedicatoria-a-llaneza\/","reading_time":1,"featured_media_data":{"id":245565,"title":"baena2028","caption":"","alt_text":"","description":"","mime_type":"image\/jpeg","source_url":"https:\/\/villarrealcf.es\/wp-content\/uploads\/2023\/01\/baena2028.jpg","sizes":{"thumbnail":{"url":"https:\/\/villarrealcf.es\/wp-content\/uploads\/2023\/01\/baena2028-150x150.jpg","width":150,"height":150},"medium":{"url":"https:\/\/villarrealcf.es\/wp-content\/uploads\/2023\/01\/baena2028-300x169.jpg","width":300,"height":169},"medium_large":{"url":"https:\/\/villarrealcf.es\/wp-content\/uploads\/2023\/01\/baena2028-768x432.jpg","width":768,"height":432},"large":{"url":"https:\/\/villarrealcf.es\/wp-content\/uploads\/2023\/01\/baena2028.jpg","width":788,"height":443},"1536x1536":{"url":"https:\/\/villarrealcf.es\/wp-content\/uploads\/2023\/01\/baena2028-1536x864.jpg","width":1536,"height":864},"2048x2048":{"url":"https:\/\/villarrealcf.es\/wp-content\/uploads\/2023\/01\/baena2028.jpg","width":1920,"height":1080},"tp-image-grid":{"url":"https:\/\/villarrealcf.es\/wp-content\/uploads\/2023\/01\/baena2028-700x700.jpg","width":700,"height":700},"size-bunyad-medium":{"url":"https:\/\/villarrealcf.es\/wp-content\/uploads\/2023\/01\/baena2028.jpg","width":1920,"height":1080},"sportspress-crop-medium":{"url":"https:\/\/villarrealcf.es\/wp-content\/uploads\/2023\/01\/baena2028-300x300.jpg","width":300,"height":300},"sportspress-fit-medium":{"url":"https:\/\/villarrealcf.es\/wp-content\/uploads\/2023\/01\/baena2028-300x169.jpg","width":300,"height":169},"sportspress-fit-icon":{"url":"https:\/\/villarrealcf.es\/wp-content\/uploads\/2023\/01\/baena2028-128x72.jpg","width":128,"height":72},"sportspress-fit-mini":{"url":"https:\/\/villarrealcf.es\/wp-content\/uploads\/2023\/01\/baena2028-32x18.jpg","width":32,"height":18},"bunyad-small":{"url":"https:\/\/villarrealcf.es\/wp-content\/uploads\/2023\/01\/baena2028-150x84.jpg","width":150,"height":84},"bunyad-medium":{"url":"https:\/\/villarrealcf.es\/wp-content\/uploads\/2023\/01\/baena2028-450x253.jpg","width":450,"height":253},"bunyad-full":{"url":"https:\/\/villarrealcf.es\/wp-content\/uploads\/2023\/01\/baena2028-1200x675.jpg","width":1200,"height":675},"bunyad-viewport":{"url":"https:\/\/villarrealcf.es\/wp-content\/uploads\/2023\/01\/baena2028.jpg","width":1920,"height":1080},"bunyad-768":{"url":"https:\/\/villarrealcf.es\/wp-content\/uploads\/2023\/01\/baena2028-768x432.jpg","width":768,"height":432},"full":{"url":"https:\/\/villarrealcf.es\/wp-content\/uploads\/2023\/01\/baena2028.jpg","width":1920,"height":1080}}},"author_data":{"id":"25","name":"Javier Ayuso","first_name":"Javier","last_name":"Ayuso","description":"","avatar_url":"https:\/\/secure.gravatar.com\/avatar\/fcf8894be45988fcce5bbff0efe1790d2a7f4ba57e2c7c898f5068154e696495?s=96&d=mm&r=g","acf":null},"taxonomies_data":{"category":[{"id":13493,"name":"Primer equip","slug":"primer-equip","acf":null}],"post_tag":[{"id":14014,"name":"\u00c1lex Baena","slug":"alex-baena-2-val","acf":null},{"id":717,"name":"Football","slug":"football-d34","acf":null},{"id":9270,"name":"Futbol","slug":"futbol-val","acf":null},{"id":13474,"name":"Galer\u00eda","slug":"galeria-val","acf":null},{"id":13411,"name":"Galer\u00eda Primer Equipo","slug":"galeria-primer-equipo-val","acf":null},{"id":9489,"name":"Jos\u00e9 Manuel Llaneza","slug":"jose-manuel-llaneza-val","acf":null},{"id":9278,"name":"primera division","slug":"primera-division-val","acf":null},{"id":716,"name":"Soccer","slug":"soccer-d105","acf":null},{"id":9205,"name":"Submarino","slug":"submarino-val","acf":null},{"id":9627,"name":"Submarino Amarillo","slug":"submarino-amarillo-val","acf":null},{"id":9203,"name":"Villarreal CF","slug":"villarreal-cf-val","acf":null}],"translation_priority":[{"id":735,"name":"Optional","slug":"optional-val","acf":null}]},"seo_full":{"native":{"title":"Una renovaci\u00f3 amb especial dedicat\u00f2ria a Llaneza - Web Oficial del Villarreal CF","description":"\u00c1lex Baena continuar\u00e0 de groc fins a 2028","canonical":"https:\/\/villarrealcf.es\/val\/una-renovacio-amb-especial-dedicatoria-a-llaneza\/"}},"_links":{"self":[{"href":"https:\/\/villarrealcf.es\/val\/wp-json\/wp\/v2\/posts\/245731","targetHints":{"allow":["GET"]}}],"collection":[{"href":"https:\/\/villarrealcf.es\/val\/wp-json\/wp\/v2\/posts"}],"about":[{"href":"https:\/\/villarrealcf.es\/val\/wp-json\/wp\/v2\/types\/post"}],"author":[{"embeddable":true,"href":"https:\/\/villarrealcf.es\/val\/wp-json\/wp\/v2\/users\/25"}],"replies":[{"embeddable":true,"href":"https:\/\/villarrealcf.es\/val\/wp-json\/wp\/v2\/comments?post=245731"}],"version-history":[{"count":0,"href":"https:\/\/villarrealcf.es\/val\/wp-json\/wp\/v2\/posts\/245731\/revisions"}],"wp:featuredmedia":[{"embeddable":true,"href":"https:\/\/villarrealcf.es\/val\/wp-json\/wp\/v2\/media\/245565"}],"wp:attachment":[{"href":"https:\/\/villarrealcf.es\/val\/wp-json\/wp\/v2\/media?parent=245731"}],"wp:term":[{"taxonomy":"category","embeddable":true,"href":"https:\/\/villarrealcf.es\/val\/wp-json\/wp\/v2\/categories?post=245731"},{"taxonomy":"post_tag","embeddable":true,"href":"https:\/\/villarrealcf.es\/val\/wp-json\/wp\/v2\/tags?post=245731"}],"curies":[{"name":"wp","href":"https:\/\/api.w.org\/{rel}","templated":true}]}}