{"id":245603,"date":"2023-01-20T11:00:37","date_gmt":"2023-01-20T10:00:37","guid":{"rendered":"https:\/\/villarrealcf.es\/\/miguel-alvarez-nos-centramos-en-ir-mejorando\/"},"modified":"2023-01-20T11:16:58","modified_gmt":"2023-01-20T10:16:58","slug":"miguel-alvarez-nos-centramos-en-ir-mejorando","status":"publish","type":"post","link":"https:\/\/villarrealcf.es\/val\/miguel-alvarez-nos-centramos-en-ir-mejorando\/","title":{"rendered":"Miguel \u00c1lvarez: &#8220;Ens centrem en anar millorant&#8221;"},"content":{"protected":false,"blocks":[{"type":"heading","level":2,"text":"El Villarreal B visita al Lugo aquest diumenge a les 21.00h en el Anxo Carro"},{"type":"paragraph","text":"L\u2019entrenador del Villarreal B, Miguel \u00c1lvarez, va compar\u00e9ixer davant els mitjans del club en la pr\u00e8via del vital xoc davant el CD Lugo (diumenge, 21.00 hores, Anxo Carro), corresponent a la jornada 24 de LaLiga SmartBank. El filial groguet buscar\u00e0 retrobar-se amb la vict\u00f2ria despr\u00e9s de la cruel derrota en el debut en l\u2019Estadi de la Cer\u00e0mica. Per part seua, el conjunt gallec arriba en llocs de descens i necessitat de punts. Aquestes s\u00f3n les declaracions de Miguel \u00c1lvarez:"},{"type":"paragraph","text":"Una nova oportunitat despr\u00e9s de la cruel derrota en La Cer\u00e0mica"},{"type":"paragraph","text":"\u201cEl dilluns vam estar tristos, per\u00f2 comencem la setmana de treball sabent que tenim un partit important i la setmana ha anat fenomenal. No tinc cap queixa a nivell de treball, en el dia a dia, s\u00f3n fabulosos perqu\u00e8 ells entenen que un resultat positiu o negatiu no ens ha de traure del nostre pla de treball. Va ser un dia desafortunat en el nostre debut en La Cer\u00e0mica on la gent ens va ajudar molt\u00edssim. Volem que quede aqueix ambient per als pr\u00f2xims partits a casa i, per tant, haurem d\u2019oferir molt\u00edssim m\u00e9s en el camp\u201d."},{"type":"paragraph","text":"Centrar-se en el progr\u00e9s"},{"type":"paragraph","text":"\u201cNo hem parlat de la taula ni quan est\u00e0vem a cinc o sis punts. \u00c9s un cam\u00ed llarg i sabem de la dificultat, no sols per al Villarreal B, sin\u00f3 per a tots els equips. Ens centrem en el treball, a anar millorant i polint cosetes que ens penalitzen. Estem en aqueixa l\u00ednia, per\u00f2 mai hem parlat de la classificaci\u00f3\u201d."},{"type":"paragraph","text":"El rival"},{"type":"paragraph","text":"\u201cEn el centre del camp tenen molt bons jugadors. A dalt tenen un jugador amb molt de gol com \u00e9s C. Ramos i Manu Barreiro, que sale en les segones parts tamb\u00e9. Tenen jugadors de banda amb un bon un contra un. Van guanyar el seu \u00faltim partit a casa al Granada i voldran continuar fent-ho, com hem de fer tots els equips. A casa han de fer-se forts per a aconseguir una s\u00e8rie de punts vitals per a la classificaci\u00f3\u201d."},{"type":"video","kind":"iframe","url":"https:\/\/www.youtube.com\/embed\/52AB-o48_zA?feature=oembed","poster":""}],"structured":{"summary":{"text":"El Villarreal B visita al Lugo aquest diumenge a les 21.00h en el Anxo Carro L\u2019entrenador del Villarreal B, Miguel \u00c1lvarez, va compar\u00e9ixer davant els mitjans del club en la pr\u00e8via del vital xoc davant el CD Lugo (diumenge, 21.00 hores, Anxo Carro), corresponent a la jornada 24 de LaLiga SmartBank. El filial groguet buscar\u00e0 retrobar-se amb la vict\u00f2ria despr\u00e9s de la cruel derrota en el debut en l\u2019Estadi de la Cer\u00e0mica. Per part seua, el conjunt gallec arriba en llocs de descens i necessitat de punts. Aquestes s\u00f3n les declaracions de Miguel \u00c1lvarez: Una nova oportunitat despr\u00e9s de la cruel derrota en La Cer\u00e0mica \u201cEl dilluns vam estar tristos, per\u00f2 comencem la setmana de treball sabent que tenim un partit important i la setmana ha anat fenomenal. No tinc cap queixa a nivell de treball, en el dia a dia, s\u00f3n fabulosos perqu\u00e8 ells entenen que un resultat positiu o negatiu no ens ha de traure del nostre pla de treball. Va ser un dia desafortunat en el nostre debut en La Cer\u00e0mica on la gent ens va ajudar molt\u00edssim. Volem que quede aqueix ambient per als pr\u00f2xims partits a casa i, per tant, haurem d\u2019oferir molt\u00edssim m\u00e9s en el camp\u201d. Centrar-se en el progr\u00e9s \u201cNo hem parlat de la taula ni quan est\u00e0vem a cinc o sis punts. \u00c9s un cam\u00ed llarg i sabem de la dificultat, no sols per al Villarreal B, sin\u00f3 per a tots els equips. Ens centrem en el treball, a anar millorant i polint cosetes que ens penalitzen. Estem en aqueixa l\u00ednia, per\u00f2 mai hem parlat de la classificaci\u00f3\u201d. El rival \u201cEn el centre del camp tenen molt bons jugadors. A dalt tenen un jugador amb molt de gol com \u00e9s C. Ramos i Manu Barreiro, que sale en les segones parts tamb\u00e9. Tenen jugadors de banda amb un bon un contra un. Van guanyar el seu \u00faltim partit a casa al Granada i voldran continuar fent-ho, com hem de fer tots els equips. A casa han de fer-se forts per a aconseguir una s\u00e8rie de punts vitals per a la classificaci\u00f3\u201d.","headings":[{"type":"heading","level":2,"text":"El Villarreal B visita al Lugo aquest diumenge a les 21.00h en el Anxo Carro"}],"buttons":[],"images":[],"counts":{"blocks":9,"headings":1,"texts":7,"buttons":0,"images":0}},"sections":[{"id":"section-1","title":"El Villarreal B visita al Lugo aquest diumenge a les 21.00h en el Anxo Carro","text":"El Villarreal B visita al Lugo aquest diumenge a les 21.00h en el Anxo Carro L\u2019entrenador del Villarreal B, Miguel \u00c1lvarez, va compar\u00e9ixer davant els mitjans del club en la pr\u00e8via del vital xoc davant el CD Lugo (diumenge, 21.00 hores, Anxo Carro), corresponent a la jornada 24 de LaLiga SmartBank. El filial groguet buscar\u00e0 retrobar-se amb la vict\u00f2ria despr\u00e9s de la cruel derrota en el debut en l\u2019Estadi de la Cer\u00e0mica. Per part seua, el conjunt gallec arriba en llocs de descens i necessitat de punts. Aquestes s\u00f3n les declaracions de Miguel \u00c1lvarez: Una nova oportunitat despr\u00e9s de la cruel derrota en La Cer\u00e0mica \u201cEl dilluns vam estar tristos, per\u00f2 comencem la setmana de treball sabent que tenim un partit important i la setmana ha anat fenomenal. No tinc cap queixa a nivell de treball, en el dia a dia, s\u00f3n fabulosos perqu\u00e8 ells entenen que un resultat positiu o negatiu no ens ha de traure del nostre pla de treball. Va ser un dia desafortunat en el nostre debut en La Cer\u00e0mica on la gent ens va ajudar molt\u00edssim. Volem que quede aqueix ambient per als pr\u00f2xims partits a casa i, per tant, haurem d\u2019oferir molt\u00edssim m\u00e9s en el camp\u201d. Centrar-se en el progr\u00e9s \u201cNo hem parlat de la taula ni quan est\u00e0vem a cinc o sis punts. \u00c9s un cam\u00ed llarg i sabem de la dificultat, no sols per al Villarreal B, sin\u00f3 per a tots els equips. Ens centrem en el treball, a anar millorant i polint cosetes que ens penalitzen. Estem en aqueixa l\u00ednia, per\u00f2 mai hem parlat de la classificaci\u00f3\u201d. El rival \u201cEn el centre del camp tenen molt bons jugadors. A dalt tenen un jugador amb molt de gol com \u00e9s C. Ramos i Manu Barreiro, que sale en les segones parts tamb\u00e9. Tenen jugadors de banda amb un bon un contra un. Van guanyar el seu \u00faltim partit a casa al Granada i voldran continuar fent-ho, com hem de fer tots els equips. A casa han de fer-se forts per a aconseguir una s\u00e8rie de punts vitals per a la classificaci\u00f3\u201d.","headings":[{"type":"heading","level":2,"text":"El Villarreal B visita al Lugo aquest diumenge a les 21.00h en el Anxo Carro"}],"texts":[{"type":"paragraph","text":"L\u2019entrenador del Villarreal B, Miguel \u00c1lvarez, va compar\u00e9ixer davant els mitjans del club en la pr\u00e8via del vital xoc davant el CD Lugo (diumenge, 21.00 hores, Anxo Carro), corresponent a la jornada 24 de LaLiga SmartBank. El filial groguet buscar\u00e0 retrobar-se amb la vict\u00f2ria despr\u00e9s de la cruel derrota en el debut en l\u2019Estadi de la Cer\u00e0mica. Per part seua, el conjunt gallec arriba en llocs de descens i necessitat de punts. Aquestes s\u00f3n les declaracions de Miguel \u00c1lvarez:"},{"type":"paragraph","text":"Una nova oportunitat despr\u00e9s de la cruel derrota en La Cer\u00e0mica"},{"type":"paragraph","text":"\u201cEl dilluns vam estar tristos, per\u00f2 comencem la setmana de treball sabent que tenim un partit important i la setmana ha anat fenomenal. No tinc cap queixa a nivell de treball, en el dia a dia, s\u00f3n fabulosos perqu\u00e8 ells entenen que un resultat positiu o negatiu no ens ha de traure del nostre pla de treball. Va ser un dia desafortunat en el nostre debut en La Cer\u00e0mica on la gent ens va ajudar molt\u00edssim. Volem que quede aqueix ambient per als pr\u00f2xims partits a casa i, per tant, haurem d\u2019oferir molt\u00edssim m\u00e9s en el camp\u201d."},{"type":"paragraph","text":"Centrar-se en el progr\u00e9s"},{"type":"paragraph","text":"\u201cNo hem parlat de la taula ni quan est\u00e0vem a cinc o sis punts. \u00c9s un cam\u00ed llarg i sabem de la dificultat, no sols per al Villarreal B, sin\u00f3 per a tots els equips. Ens centrem en el treball, a anar millorant i polint cosetes que ens penalitzen. Estem en aqueixa l\u00ednia, per\u00f2 mai hem parlat de la classificaci\u00f3\u201d."},{"type":"paragraph","text":"El rival"},{"type":"paragraph","text":"\u201cEn el centre del camp tenen molt bons jugadors. A dalt tenen un jugador amb molt de gol com \u00e9s C. Ramos i Manu Barreiro, que sale en les segones parts tamb\u00e9. Tenen jugadors de banda amb un bon un contra un. Van guanyar el seu \u00faltim partit a casa al Granada i voldran continuar fent-ho, com hem de fer tots els equips. A casa han de fer-se forts per a aconseguir una s\u00e8rie de punts vitals per a la classificaci\u00f3\u201d."}],"buttons":[],"images":[],"widgets":[],"blocks":[{"type":"heading","level":2,"text":"El Villarreal B visita al Lugo aquest diumenge a les 21.00h en el Anxo Carro"},{"type":"paragraph","text":"L\u2019entrenador del Villarreal B, Miguel \u00c1lvarez, va compar\u00e9ixer davant els mitjans del club en la pr\u00e8via del vital xoc davant el CD Lugo (diumenge, 21.00 hores, Anxo Carro), corresponent a la jornada 24 de LaLiga SmartBank. El filial groguet buscar\u00e0 retrobar-se amb la vict\u00f2ria despr\u00e9s de la cruel derrota en el debut en l\u2019Estadi de la Cer\u00e0mica. Per part seua, el conjunt gallec arriba en llocs de descens i necessitat de punts. Aquestes s\u00f3n les declaracions de Miguel \u00c1lvarez:"},{"type":"paragraph","text":"Una nova oportunitat despr\u00e9s de la cruel derrota en La Cer\u00e0mica"},{"type":"paragraph","text":"\u201cEl dilluns vam estar tristos, per\u00f2 comencem la setmana de treball sabent que tenim un partit important i la setmana ha anat fenomenal. No tinc cap queixa a nivell de treball, en el dia a dia, s\u00f3n fabulosos perqu\u00e8 ells entenen que un resultat positiu o negatiu no ens ha de traure del nostre pla de treball. Va ser un dia desafortunat en el nostre debut en La Cer\u00e0mica on la gent ens va ajudar molt\u00edssim. Volem que quede aqueix ambient per als pr\u00f2xims partits a casa i, per tant, haurem d\u2019oferir molt\u00edssim m\u00e9s en el camp\u201d."},{"type":"paragraph","text":"Centrar-se en el progr\u00e9s"},{"type":"paragraph","text":"\u201cNo hem parlat de la taula ni quan est\u00e0vem a cinc o sis punts. \u00c9s un cam\u00ed llarg i sabem de la dificultat, no sols per al Villarreal B, sin\u00f3 per a tots els equips. Ens centrem en el treball, a anar millorant i polint cosetes que ens penalitzen. Estem en aqueixa l\u00ednia, per\u00f2 mai hem parlat de la classificaci\u00f3\u201d."},{"type":"paragraph","text":"El rival"},{"type":"paragraph","text":"\u201cEn el centre del camp tenen molt bons jugadors. A dalt tenen un jugador amb molt de gol com \u00e9s C. Ramos i Manu Barreiro, que sale en les segones parts tamb\u00e9. Tenen jugadors de banda amb un bon un contra un. Van guanyar el seu \u00faltim partit a casa al Granada i voldran continuar fent-ho, com hem de fer tots els equips. A casa han de fer-se forts per a aconseguir una s\u00e8rie de punts vitals per a la classificaci\u00f3\u201d."},{"type":"video","kind":"iframe","url":"https:\/\/www.youtube.com\/embed\/52AB-o48_zA?feature=oembed","poster":""}]}],"hero":{"id":"section-1","title":"El Villarreal B visita al Lugo aquest diumenge a les 21.00h en el Anxo Carro","text":"El Villarreal B visita al Lugo aquest diumenge a les 21.00h en el Anxo Carro L\u2019entrenador del Villarreal B, Miguel \u00c1lvarez, va compar\u00e9ixer davant els mitjans del club en la pr\u00e8via del vital xoc davant el CD Lugo (diumenge, 21.00 hores, Anxo Carro), corresponent a la jornada 24 de LaLiga SmartBank. El filial groguet buscar\u00e0 retrobar-se amb la vict\u00f2ria despr\u00e9s de la cruel derrota en el debut en l\u2019Estadi de la Cer\u00e0mica. Per part seua, el conjunt gallec arriba en llocs de descens i necessitat de punts. Aquestes s\u00f3n les declaracions de Miguel \u00c1lvarez: Una nova oportunitat despr\u00e9s de la cruel derrota en La Cer\u00e0mica \u201cEl dilluns vam estar tristos, per\u00f2 comencem la setmana de treball sabent que tenim un partit important i la setmana ha anat fenomenal. No tinc cap queixa a nivell de treball, en el dia a dia, s\u00f3n fabulosos perqu\u00e8 ells entenen que un resultat positiu o negatiu no ens ha de traure del nostre pla de treball. Va ser un dia desafortunat en el nostre debut en La Cer\u00e0mica on la gent ens va ajudar molt\u00edssim. Volem que quede aqueix ambient per als pr\u00f2xims partits a casa i, per tant, haurem d\u2019oferir molt\u00edssim m\u00e9s en el camp\u201d. Centrar-se en el progr\u00e9s \u201cNo hem parlat de la taula ni quan est\u00e0vem a cinc o sis punts. \u00c9s un cam\u00ed llarg i sabem de la dificultat, no sols per al Villarreal B, sin\u00f3 per a tots els equips. Ens centrem en el treball, a anar millorant i polint cosetes que ens penalitzen. Estem en aqueixa l\u00ednia, per\u00f2 mai hem parlat de la classificaci\u00f3\u201d. El rival \u201cEn el centre del camp tenen molt bons jugadors. A dalt tenen un jugador amb molt de gol com \u00e9s C. Ramos i Manu Barreiro, que sale en les segones parts tamb\u00e9. Tenen jugadors de banda amb un bon un contra un. Van guanyar el seu \u00faltim partit a casa al Granada i voldran continuar fent-ho, com hem de fer tots els equips. A casa han de fer-se forts per a aconseguir una s\u00e8rie de punts vitals per a la classificaci\u00f3\u201d.","headings":[{"type":"heading","level":2,"text":"El Villarreal B visita al Lugo aquest diumenge a les 21.00h en el Anxo Carro"}],"texts":[{"type":"paragraph","text":"L\u2019entrenador del Villarreal B, Miguel \u00c1lvarez, va compar\u00e9ixer davant els mitjans del club en la pr\u00e8via del vital xoc davant el CD Lugo (diumenge, 21.00 hores, Anxo Carro), corresponent a la jornada 24 de LaLiga SmartBank. El filial groguet buscar\u00e0 retrobar-se amb la vict\u00f2ria despr\u00e9s de la cruel derrota en el debut en l\u2019Estadi de la Cer\u00e0mica. Per part seua, el conjunt gallec arriba en llocs de descens i necessitat de punts. Aquestes s\u00f3n les declaracions de Miguel \u00c1lvarez:"},{"type":"paragraph","text":"Una nova oportunitat despr\u00e9s de la cruel derrota en La Cer\u00e0mica"},{"type":"paragraph","text":"\u201cEl dilluns vam estar tristos, per\u00f2 comencem la setmana de treball sabent que tenim un partit important i la setmana ha anat fenomenal. No tinc cap queixa a nivell de treball, en el dia a dia, s\u00f3n fabulosos perqu\u00e8 ells entenen que un resultat positiu o negatiu no ens ha de traure del nostre pla de treball. Va ser un dia desafortunat en el nostre debut en La Cer\u00e0mica on la gent ens va ajudar molt\u00edssim. Volem que quede aqueix ambient per als pr\u00f2xims partits a casa i, per tant, haurem d\u2019oferir molt\u00edssim m\u00e9s en el camp\u201d."},{"type":"paragraph","text":"Centrar-se en el progr\u00e9s"},{"type":"paragraph","text":"\u201cNo hem parlat de la taula ni quan est\u00e0vem a cinc o sis punts. \u00c9s un cam\u00ed llarg i sabem de la dificultat, no sols per al Villarreal B, sin\u00f3 per a tots els equips. Ens centrem en el treball, a anar millorant i polint cosetes que ens penalitzen. Estem en aqueixa l\u00ednia, per\u00f2 mai hem parlat de la classificaci\u00f3\u201d."},{"type":"paragraph","text":"El rival"},{"type":"paragraph","text":"\u201cEn el centre del camp tenen molt bons jugadors. A dalt tenen un jugador amb molt de gol com \u00e9s C. Ramos i Manu Barreiro, que sale en les segones parts tamb\u00e9. Tenen jugadors de banda amb un bon un contra un. Van guanyar el seu \u00faltim partit a casa al Granada i voldran continuar fent-ho, com hem de fer tots els equips. A casa han de fer-se forts per a aconseguir una s\u00e8rie de punts vitals per a la classificaci\u00f3\u201d."}],"buttons":[],"images":[],"widgets":[],"blocks":[{"type":"heading","level":2,"text":"El Villarreal B visita al Lugo aquest diumenge a les 21.00h en el Anxo Carro"},{"type":"paragraph","text":"L\u2019entrenador del Villarreal B, Miguel \u00c1lvarez, va compar\u00e9ixer davant els mitjans del club en la pr\u00e8via del vital xoc davant el CD Lugo (diumenge, 21.00 hores, Anxo Carro), corresponent a la jornada 24 de LaLiga SmartBank. El filial groguet buscar\u00e0 retrobar-se amb la vict\u00f2ria despr\u00e9s de la cruel derrota en el debut en l\u2019Estadi de la Cer\u00e0mica. Per part seua, el conjunt gallec arriba en llocs de descens i necessitat de punts. Aquestes s\u00f3n les declaracions de Miguel \u00c1lvarez:"},{"type":"paragraph","text":"Una nova oportunitat despr\u00e9s de la cruel derrota en La Cer\u00e0mica"},{"type":"paragraph","text":"\u201cEl dilluns vam estar tristos, per\u00f2 comencem la setmana de treball sabent que tenim un partit important i la setmana ha anat fenomenal. No tinc cap queixa a nivell de treball, en el dia a dia, s\u00f3n fabulosos perqu\u00e8 ells entenen que un resultat positiu o negatiu no ens ha de traure del nostre pla de treball. Va ser un dia desafortunat en el nostre debut en La Cer\u00e0mica on la gent ens va ajudar molt\u00edssim. Volem que quede aqueix ambient per als pr\u00f2xims partits a casa i, per tant, haurem d\u2019oferir molt\u00edssim m\u00e9s en el camp\u201d."},{"type":"paragraph","text":"Centrar-se en el progr\u00e9s"},{"type":"paragraph","text":"\u201cNo hem parlat de la taula ni quan est\u00e0vem a cinc o sis punts. \u00c9s un cam\u00ed llarg i sabem de la dificultat, no sols per al Villarreal B, sin\u00f3 per a tots els equips. Ens centrem en el treball, a anar millorant i polint cosetes que ens penalitzen. Estem en aqueixa l\u00ednia, per\u00f2 mai hem parlat de la classificaci\u00f3\u201d."},{"type":"paragraph","text":"El rival"},{"type":"paragraph","text":"\u201cEn el centre del camp tenen molt bons jugadors. A dalt tenen un jugador amb molt de gol com \u00e9s C. Ramos i Manu Barreiro, que sale en les segones parts tamb\u00e9. Tenen jugadors de banda amb un bon un contra un. Van guanyar el seu \u00faltim partit a casa al Granada i voldran continuar fent-ho, com hem de fer tots els equips. A casa han de fer-se forts per a aconseguir una s\u00e8rie de punts vitals per a la classificaci\u00f3\u201d."},{"type":"video","kind":"iframe","url":"https:\/\/www.youtube.com\/embed\/52AB-o48_zA?feature=oembed","poster":""}]}},"sections":[{"id":"section-1","title":"El Villarreal B visita al Lugo aquest diumenge a les 21.00h en el Anxo Carro","text":"El Villarreal B visita al Lugo aquest diumenge a les 21.00h en el Anxo Carro L\u2019entrenador del Villarreal B, Miguel \u00c1lvarez, va compar\u00e9ixer davant els mitjans del club en la pr\u00e8via del vital xoc davant el CD Lugo (diumenge, 21.00 hores, Anxo Carro), corresponent a la jornada 24 de LaLiga SmartBank. El filial groguet buscar\u00e0 retrobar-se amb la vict\u00f2ria despr\u00e9s de la cruel derrota en el debut en l\u2019Estadi de la Cer\u00e0mica. Per part seua, el conjunt gallec arriba en llocs de descens i necessitat de punts. Aquestes s\u00f3n les declaracions de Miguel \u00c1lvarez: Una nova oportunitat despr\u00e9s de la cruel derrota en La Cer\u00e0mica \u201cEl dilluns vam estar tristos, per\u00f2 comencem la setmana de treball sabent que tenim un partit important i la setmana ha anat fenomenal. No tinc cap queixa a nivell de treball, en el dia a dia, s\u00f3n fabulosos perqu\u00e8 ells entenen que un resultat positiu o negatiu no ens ha de traure del nostre pla de treball. Va ser un dia desafortunat en el nostre debut en La Cer\u00e0mica on la gent ens va ajudar molt\u00edssim. Volem que quede aqueix ambient per als pr\u00f2xims partits a casa i, per tant, haurem d\u2019oferir molt\u00edssim m\u00e9s en el camp\u201d. Centrar-se en el progr\u00e9s \u201cNo hem parlat de la taula ni quan est\u00e0vem a cinc o sis punts. \u00c9s un cam\u00ed llarg i sabem de la dificultat, no sols per al Villarreal B, sin\u00f3 per a tots els equips. Ens centrem en el treball, a anar millorant i polint cosetes que ens penalitzen. Estem en aqueixa l\u00ednia, per\u00f2 mai hem parlat de la classificaci\u00f3\u201d. El rival \u201cEn el centre del camp tenen molt bons jugadors. A dalt tenen un jugador amb molt de gol com \u00e9s C. Ramos i Manu Barreiro, que sale en les segones parts tamb\u00e9. Tenen jugadors de banda amb un bon un contra un. Van guanyar el seu \u00faltim partit a casa al Granada i voldran continuar fent-ho, com hem de fer tots els equips. A casa han de fer-se forts per a aconseguir una s\u00e8rie de punts vitals per a la classificaci\u00f3\u201d.","url":"","background_image":"","images":[],"videos":[{"type":"video","kind":"iframe","url":"https:\/\/www.youtube.com\/embed\/52AB-o48_zA?feature=oembed","poster":""}],"links":[]}]},"excerpt":{"rendered":"El Villarreal B visita al Lugo aquest diumenge a les 21.00h en el Anxo Carro","protected":false},"author":1,"featured_media":245598,"comment_status":"closed","ping_status":"closed","sticky":false,"template":"","format":"standard","meta":{"_acf_changed":false,"footnotes":""},"categories":[13803],"tags":[10325,717,9270,11633,9680,9205,9627,10634,9203],"acf":null,"lang":"val","translations":{"es":245581,"val":245603,"en":245661},"essential_grid":{"has_grid":false},"formatted_date":"January 20, 2023","modified_date":"January 20, 2023","permalink":"https:\/\/villarrealcf.es\/val\/miguel-alvarez-nos-centramos-en-ir-mejorando\/","reading_time":2,"featured_media_data":{"id":245598,"title":"miguel","caption":"","alt_text":"","description":"","mime_type":"image\/jpeg","source_url":"https:\/\/villarrealcf.es\/wp-content\/uploads\/2023\/01\/miguel-1.jpg","sizes":{"thumbnail":{"url":"https:\/\/villarrealcf.es\/wp-content\/uploads\/2023\/01\/miguel-1-150x150.jpg","width":150,"height":150},"medium":{"url":"https:\/\/villarrealcf.es\/wp-content\/uploads\/2023\/01\/miguel-1-300x169.jpg","width":300,"height":169},"medium_large":{"url":"https:\/\/villarrealcf.es\/wp-content\/uploads\/2023\/01\/miguel-1-768x432.jpg","width":768,"height":432},"large":{"url":"https:\/\/villarrealcf.es\/wp-content\/uploads\/2023\/01\/miguel-1.jpg","width":788,"height":443},"1536x1536":{"url":"https:\/\/villarrealcf.es\/wp-content\/uploads\/2023\/01\/miguel-1-1536x864.jpg","width":1536,"height":864},"2048x2048":{"url":"https:\/\/villarrealcf.es\/wp-content\/uploads\/2023\/01\/miguel-1.jpg","width":1920,"height":1080},"tp-image-grid":{"url":"https:\/\/villarrealcf.es\/wp-content\/uploads\/2023\/01\/miguel-1-700x700.jpg","width":700,"height":700},"size-bunyad-medium":{"url":"https:\/\/villarrealcf.es\/wp-content\/uploads\/2023\/01\/miguel-1.jpg","width":1920,"height":1080},"sportspress-crop-medium":{"url":"https:\/\/villarrealcf.es\/wp-content\/uploads\/2023\/01\/miguel-1-300x300.jpg","width":300,"height":300},"sportspress-fit-medium":{"url":"https:\/\/villarrealcf.es\/wp-content\/uploads\/2023\/01\/miguel-1-300x169.jpg","width":300,"height":169},"sportspress-fit-icon":{"url":"https:\/\/villarrealcf.es\/wp-content\/uploads\/2023\/01\/miguel-1-128x72.jpg","width":128,"height":72},"sportspress-fit-mini":{"url":"https:\/\/villarrealcf.es\/wp-content\/uploads\/2023\/01\/miguel-1-32x18.jpg","width":32,"height":18},"bunyad-small":{"url":"https:\/\/villarrealcf.es\/wp-content\/uploads\/2023\/01\/miguel-1-150x84.jpg","width":150,"height":84},"bunyad-medium":{"url":"https:\/\/villarrealcf.es\/wp-content\/uploads\/2023\/01\/miguel-1-450x253.jpg","width":450,"height":253},"bunyad-full":{"url":"https:\/\/villarrealcf.es\/wp-content\/uploads\/2023\/01\/miguel-1-1200x675.jpg","width":1200,"height":675},"bunyad-viewport":{"url":"https:\/\/villarrealcf.es\/wp-content\/uploads\/2023\/01\/miguel-1.jpg","width":1920,"height":1080},"bunyad-768":{"url":"https:\/\/villarrealcf.es\/wp-content\/uploads\/2023\/01\/miguel-1-768x432.jpg","width":768,"height":432},"full":{"url":"https:\/\/villarrealcf.es\/wp-content\/uploads\/2023\/01\/miguel-1.jpg","width":1920,"height":1080}}},"author_data":{"id":"1","name":"root_envidea","first_name":"Villarreal CF","last_name":"","description":"","avatar_url":"https:\/\/secure.gravatar.com\/avatar\/48f95f42a3ccc324f3a3458e4b9e6fb070b083e99d388e170c1afb061fa99b63?s=96&d=mm&r=g","acf":null},"taxonomies_data":{"category":[{"id":13803,"name":"Futbol base","slug":"futbol-base-val-2","acf":null}],"post_tag":[{"id":10325,"name":"Cantera Grogueta","slug":"cantera-grogueta-val","acf":null},{"id":717,"name":"Football","slug":"football-d34","acf":null},{"id":9270,"name":"Futbol","slug":"futbol-val","acf":null},{"id":11633,"name":"Miguel \u00c1lvarez","slug":"miguel-alvarez-val","acf":null},{"id":9680,"name":"Rueda de prensa","slug":"rueda-de-prensa-val","acf":null},{"id":9205,"name":"Submarino","slug":"submarino-val","acf":null},{"id":9627,"name":"Submarino Amarillo","slug":"submarino-amarillo-val","acf":null},{"id":10634,"name":"Villarreal B","slug":"villarreal-b-val","acf":null},{"id":9203,"name":"Villarreal CF","slug":"villarreal-cf-val","acf":null}],"translation_priority":[{"id":735,"name":"Optional","slug":"optional-val","acf":null}]},"seo_full":{"native":{"title":"Miguel \u00c1lvarez: &#8220;Ens centrem en anar millorant&#8221; - Web Oficial del Villarreal CF","description":"El Villarreal B visita al Lugo aquest diumenge a les 21.00h en el Anxo Carro","canonical":"https:\/\/villarrealcf.es\/val\/miguel-alvarez-nos-centramos-en-ir-mejorando\/"}},"_links":{"self":[{"href":"https:\/\/villarrealcf.es\/val\/wp-json\/wp\/v2\/posts\/245603","targetHints":{"allow":["GET"]}}],"collection":[{"href":"https:\/\/villarrealcf.es\/val\/wp-json\/wp\/v2\/posts"}],"about":[{"href":"https:\/\/villarrealcf.es\/val\/wp-json\/wp\/v2\/types\/post"}],"author":[{"embeddable":true,"href":"https:\/\/villarrealcf.es\/val\/wp-json\/wp\/v2\/users\/1"}],"replies":[{"embeddable":true,"href":"https:\/\/villarrealcf.es\/val\/wp-json\/wp\/v2\/comments?post=245603"}],"version-history":[{"count":0,"href":"https:\/\/villarrealcf.es\/val\/wp-json\/wp\/v2\/posts\/245603\/revisions"}],"wp:featuredmedia":[{"embeddable":true,"href":"https:\/\/villarrealcf.es\/val\/wp-json\/wp\/v2\/media\/245598"}],"wp:attachment":[{"href":"https:\/\/villarrealcf.es\/val\/wp-json\/wp\/v2\/media?parent=245603"}],"wp:term":[{"taxonomy":"category","embeddable":true,"href":"https:\/\/villarrealcf.es\/val\/wp-json\/wp\/v2\/categories?post=245603"},{"taxonomy":"post_tag","embeddable":true,"href":"https:\/\/villarrealcf.es\/val\/wp-json\/wp\/v2\/tags?post=245603"}],"curies":[{"name":"wp","href":"https:\/\/api.w.org\/{rel}","templated":true}]}}