{"id":245126,"date":"2023-01-18T12:35:11","date_gmt":"2023-01-18T11:35:11","guid":{"rendered":"https:\/\/villarrealcf.es\/\/el-villarreal-c-y-aspropace-amigos-de-por-vida\/"},"modified":"2023-01-18T12:51:14","modified_gmt":"2023-01-18T11:51:14","slug":"el-villarreal-c-y-aspropace-amigos-de-por-vida","status":"publish","type":"post","link":"https:\/\/villarrealcf.es\/val\/el-villarreal-c-y-aspropace-amigos-de-por-vida\/","title":{"rendered":"El Villarreal C i Aspropace, amics per sempre"},"content":{"protected":false,"blocks":[{"type":"heading","level":2,"text":"El segon filial groguet i la fundaci\u00f3 comparteixen moments inoblidables gr\u00e0cies al projecte Endavant"},{"type":"paragraph","text":"Els futbolistes del Villarreal C i els membres de la Fundaci\u00f3 Aspropace ja s\u00f3n amics per a tota la vida gr\u00e0cies al projecte Endavant. Aquest treball de responsabilitat social iniciat per Jos\u00e9 Manuel Llaneza fa ja diverses temporades abasta moltes branques i \u00e9s conegut en tota la prov\u00edncia, per\u00f2 pocs coneixen en profunditat Endavant Igualtat, que uneix a diferents associacions de Castell\u00f3 amb els equips de la Cantera Grogueta."},{"type":"paragraph","text":"El Villarreal C comparteix el seu temps amb els membres de la Fundaci\u00f3 Aspropace i futbolistes de la talla de Marcos S\u00e1nchez, Rub\u00e9n G\u00f3mez, \u00c1lex Jim\u00e9nez, Hugo P\u00e9rez, Iv\u00e1n Ramos, Ludovic o Richard Franco acompanyen als xics amb par\u00e0lisi cerebral en diferents activitats durant la temporada."},{"type":"paragraph","text":"De desconeguts a inseparables"},{"type":"paragraph","text":"\u201cVan a diferents llocs per a compartir estones juntes com jugar als bolos, fer una passejada, anar a prendre alguna cosa\u2026 Tamb\u00e9 hi ha un altre grup de periodisme que acabar\u00e0 fent una entrevista a un jugador del primer equip del Villarreal i un altre que juga a un esport anomenat boccia\u201d, explica Cristian Segovia, psic\u00f2leg del Villarreal C, que argumenta que \u201chem decidit treballar per grups, com altres anys, a causa del tipus de persones que formen la Fundaci\u00f3 Aspropace. Hem fet quatre grups en els quals hi ha jugadors i membres de l\u2019associaci\u00f3 i cada grup \u00e9s coordinat per un t\u00e8cnic del C\u201d."},{"type":"paragraph","text":"Les joves promeses del Submar\u00ed estan aprenent a con\u00e9ixer altres realitats gr\u00e0cies a aquesta iniciativa. \u201cLa primera sensaci\u00f3 dels jugadors va ser de nervis per veure com s\u2019anaven a desembolicar i comunicar amb ells, per\u00f2 ens dona molt\u00edssim perqu\u00e8 estem acostumats a un m\u00f3n molt f\u00e0cil en el qual ho tenim tot i amb aix\u00f2 baixem al m\u00f3n real i ens humanitzem\u201d, confessa Iv\u00e1n Puchol, delegat de l\u2019equip i membre del cos t\u00e8cnic responsable del projecte."},{"type":"paragraph","text":"Per\u00f2 ara, jugadors i membres de la fundaci\u00f3 ja s\u00f3n carn i ungla. \u201cVan a diferents llocs per a compartir estones juntes com jugar a les bitles, fer una passejada, anar a prendre alguna cosa\u2026 Tamb\u00e9 hi ha un altre grup de periodisme que acabar\u00e0 fent una entrevista a un jugador del primer equip del Vila-real i un altre que juga a un esport anomenat boccia\u201d, subratlla Seg\u00f2via. A m\u00e9s, \u201cel millor \u00e9s que estem tot l\u2019any amb el mateix grup i aix\u00f2 ens fa crear afinitat. T\u2019adones que cada vegada que els veus t\u2019alegres m\u00e9s que l\u2019anterior i ells tamb\u00e9\u201d, afig Puchol. Aix\u00ed mateix, el gran objectiu, tal com explica el psic\u00f2leg groguet, \u201c\u00e9s compartir aqueixa estona una vegada al mes m\u00e9s o menys per a veure una altra realitat. A la Ciutat Esportiva sempre tenen la mateixa rutina. Venen, entrenen, treballen molt b\u00e9, per\u00f2 despr\u00e9s es van a casa i poder empatitzar amb aquestes persones els fa valorar el que tenen\u201d."},{"type":"paragraph","text":"Aprendre a veure altres realitats"},{"type":"paragraph","text":"Els propis futbolistes s\u00f3n els m\u00e9s agra\u00efts de poder participar en les activitats d\u2019Endavant amb els seus companys d\u2019Aspropace, especialment, el portera Rub\u00e9n G\u00f3mez. \u201cJo ho tinc molt de prop. Al meu millor amic li va succeir amb huit anys. Em toca molt de prop i he pogut explicar als meus companys com anava a ser i com havien de reaccionar, per\u00f2 en el centre Aspropace ens l\u2019han posat tot molt f\u00e0cil\u201d, dona a con\u00e9ixer G\u00f3mez."},{"type":"paragraph","text":"Per part seua, el lateral vila-realenc Marcos S\u00e1nchez confessa que els \u201cajuda a veure una realitat bastant diferent de la nostra i, en particular a mi, m\u2019ajuda a ser feli\u00e7 perqu\u00e8 veig que ells s\u00f3n molt felices. Em fa pensar molt i reflexionar sobre que l\u2019important \u00e9s viure amb el que tens i ser feli\u00e7\u201d."},{"type":"paragraph","text":"I \u00e9s que els futbolistes ja han generat vincles emocionals amb els xics d\u2019Aspropace gr\u00e0cies als moments que comparteixen en clau Villarreal CF. \u201cAquests moments amb ells ens han creat vincles i fan que ens centrem tamb\u00e9 en altres coses i vegem la vida com la veuen ells amb moments m\u00e9s espec\u00edfics que nosaltres no tenim en compte. Ens ajuden a gaudir del simple, de coses que, amb el que nosaltres tenim viscut, ja no valorem. Ens ajuda a millorar tant com persones i com a professionals\u201d, subratlla el jove porter d\u2019Alzira."},{"type":"paragraph","text":"D\u2019altra banda, els joves de la fundaci\u00f3 tamb\u00e9 aprecien aqueixos moments, com demostra aquesta an\u00e8cdota del lateral internacional Sub-19: \u201cEra una cosa nova i que no coneix\u00edem i al principi ens impactava, per\u00f2 va ser un proc\u00e9s molt r\u00e0pid perqu\u00e8 ells ens agafen confian\u00e7a de seguida. L\u2019any passat un xic em va regalar una rosa i t\u2019adones que ells tamb\u00e9 valoren aquests moments\u201d."},{"type":"paragraph","text":"Un proc\u00e9s enriquidor per a Aspropace"},{"type":"paragraph","text":"Humberto Gonz\u00e1lez, monitor d\u2019oci de la Fundaci\u00f3 Aspropace, expressa que aquest projecte \u201c\u00e9s molt enriquidor\u201d ja que els permet \u201cfer activitats que normalment no fem\u201d. I \u00e9s que \u201cs\u2019han donat casos de veure a jugadors pel carrer al cap del temps i que es pareixen a saludar-nos i es recorden de tots els xics i \u00e9s de valorar. Es nota que \u00e9s un treball ben fet\u201d, exposa Gonz\u00e1lez, com va succeir amb el futbolista grauer Jordi Ortega."}],"structured":{"summary":{"text":"El segon filial groguet i la fundaci\u00f3 comparteixen moments inoblidables gr\u00e0cies al projecte Endavant Els futbolistes del Villarreal C i els membres de la Fundaci\u00f3 Aspropace ja s\u00f3n amics per a tota la vida gr\u00e0cies al projecte Endavant. Aquest treball de responsabilitat social iniciat per Jos\u00e9 Manuel Llaneza fa ja diverses temporades abasta moltes branques i \u00e9s conegut en tota la prov\u00edncia, per\u00f2 pocs coneixen en profunditat Endavant Igualtat, que uneix a diferents associacions de Castell\u00f3 amb els equips de la Cantera Grogueta. El Villarreal C comparteix el seu temps amb els membres de la Fundaci\u00f3 Aspropace i futbolistes de la talla de Marcos S\u00e1nchez, Rub\u00e9n G\u00f3mez, \u00c1lex Jim\u00e9nez, Hugo P\u00e9rez, Iv\u00e1n Ramos, Ludovic o Richard Franco acompanyen als xics amb par\u00e0lisi cerebral en diferents activitats durant la temporada. De desconeguts a inseparables \u201cVan a diferents llocs per a compartir estones juntes com jugar als bolos, fer una passejada, anar a prendre alguna cosa\u2026 Tamb\u00e9 hi ha un altre grup de periodisme que acabar\u00e0 fent una entrevista a un jugador del primer equip del Villarreal i un altre que juga a un esport anomenat boccia\u201d, explica Cristian Segovia, psic\u00f2leg del Villarreal C, que argumenta que \u201chem decidit treballar per grups, com altres anys, a causa del tipus de persones que formen la Fundaci\u00f3 Aspropace. Hem fet quatre grups en els quals hi ha jugadors i membres de l\u2019associaci\u00f3 i cada grup \u00e9s coordinat per un t\u00e8cnic del C\u201d. Les joves promeses del Submar\u00ed estan aprenent a con\u00e9ixer altres realitats gr\u00e0cies a aquesta iniciativa. \u201cLa primera sensaci\u00f3 dels jugadors va ser de nervis per veure com s\u2019anaven a desembolicar i comunicar amb ells, per\u00f2 ens dona molt\u00edssim perqu\u00e8 estem acostumats a un m\u00f3n molt f\u00e0cil en el qual ho tenim tot i amb aix\u00f2 baixem al m\u00f3n real i ens humanitzem\u201d, confessa Iv\u00e1n Puchol, delegat de l\u2019equip i membre del cos t\u00e8cnic responsable del projecte. Per\u00f2 ara, jugadors i membres de la fundaci\u00f3 ja s\u00f3n carn i ungla. \u201cVan a diferents llocs per a compartir estones juntes com jugar a les bitles, fer una passejada, anar a prendre alguna cosa\u2026 Tamb\u00e9 hi ha un altre grup de periodisme que acabar\u00e0 fent una entrevista a un jugador del primer equip del Vila-real i un altre que juga a un esport anomenat boccia\u201d, subratlla Seg\u00f2via. A m\u00e9s, \u201cel millor \u00e9s que estem tot l\u2019any amb el mateix grup i aix\u00f2 ens fa crear afinitat. T\u2019adones que cada vegada que els veus t\u2019alegres m\u00e9s que l\u2019anterior i ells tamb\u00e9\u201d, afig Puchol. Aix\u00ed mateix, el gran objectiu, tal com explica el psic\u00f2leg groguet, \u201c\u00e9s compartir aqueixa estona una vegada al mes m\u00e9s o menys per a veure una altra realitat. A la Ciutat Esportiva sempre tenen la mateixa rutina. Venen, entrenen, treballen molt b\u00e9, per\u00f2 despr\u00e9s es van a casa i poder empatitzar amb aquestes persones els fa valorar el que tenen\u201d. Aprendre a veure altres realitats Els propis futbolistes s\u00f3n els m\u00e9s agra\u00efts de poder participar en les activitats d\u2019Endavant amb els seus companys d\u2019Aspropace, especialment, el portera Rub\u00e9n G\u00f3mez. \u201cJo ho tinc molt de prop. Al meu millor amic li va succeir amb huit anys. Em toca molt de prop i he pogut explicar als meus companys com anava a ser i com havien de reaccionar, per\u00f2 en el centre Aspropace ens l\u2019han posat tot molt f\u00e0cil\u201d, dona a con\u00e9ixer G\u00f3mez. Per part seua, el lateral vila-realenc Marcos S\u00e1nchez confessa que els \u201cajuda a veure una realitat bastant diferent de la nostra i, en particular a mi, m\u2019ajuda a ser feli\u00e7 perqu\u00e8 veig que ells s\u00f3n molt felices. Em fa pensar molt i reflexionar sobre que l\u2019important \u00e9s viure amb el que tens i ser feli\u00e7\u201d. I \u00e9s que els futbolistes ja han generat vincles emocionals amb els xics d\u2019Aspropace gr\u00e0cies als moments que comparteixen en clau Villarreal CF. \u201cAquests moments amb ells ens han creat vincles i fan que ens centrem tamb\u00e9 en altres coses i vegem la vida com la veuen ells amb moments m\u00e9s espec\u00edfics que nosaltres no tenim en compte. Ens ajuden a gaudir del simple, de coses que, amb el que nosaltres tenim viscut, ja no valorem. Ens ajuda a millorar tant com persones i com a professionals\u201d, subratlla el jove porter d\u2019Alzira. D\u2019altra banda, els joves de la fundaci\u00f3 tamb\u00e9 aprecien aqueixos moments, com demostra aquesta an\u00e8cdota del lateral internacional Sub-19: \u201cEra una cosa nova i que no coneix\u00edem i al principi ens impactava, per\u00f2 va ser un proc\u00e9s molt r\u00e0pid perqu\u00e8 ells ens agafen confian\u00e7a de seguida. L\u2019any passat un xic em va regalar una rosa i t\u2019adones que ells tamb\u00e9 valoren aquests moments\u201d. Un proc\u00e9s enriquidor per a Aspropace Humberto Gonz\u00e1lez, monitor d\u2019oci de la Fundaci\u00f3 Aspropace, expressa que aquest projecte \u201c\u00e9s molt enriquidor\u201d ja que els permet \u201cfer activitats que normalment no fem\u201d. I \u00e9s que \u201cs\u2019han donat casos de veure a jugadors pel carrer al cap del temps i que es pareixen a saludar-nos i es recorden de tots els xics i \u00e9s de valorar. Es nota que \u00e9s un treball ben fet\u201d, exposa Gonz\u00e1lez, com va succeir amb el futbolista grauer Jordi Ortega.","headings":[{"type":"heading","level":2,"text":"El segon filial groguet i la fundaci\u00f3 comparteixen moments inoblidables gr\u00e0cies al projecte Endavant"}],"buttons":[],"images":[],"counts":{"blocks":14,"headings":1,"texts":13,"buttons":0,"images":0}},"sections":[{"id":"section-1","title":"El segon filial groguet i la fundaci\u00f3 comparteixen moments inoblidables gr\u00e0cies al projecte Endavant","text":"El segon filial groguet i la fundaci\u00f3 comparteixen moments inoblidables gr\u00e0cies al projecte Endavant Els futbolistes del Villarreal C i els membres de la Fundaci\u00f3 Aspropace ja s\u00f3n amics per a tota la vida gr\u00e0cies al projecte Endavant. Aquest treball de responsabilitat social iniciat per Jos\u00e9 Manuel Llaneza fa ja diverses temporades abasta moltes branques i \u00e9s conegut en tota la prov\u00edncia, per\u00f2 pocs coneixen en profunditat Endavant Igualtat, que uneix a diferents associacions de Castell\u00f3 amb els equips de la Cantera Grogueta. El Villarreal C comparteix el seu temps amb els membres de la Fundaci\u00f3 Aspropace i futbolistes de la talla de Marcos S\u00e1nchez, Rub\u00e9n G\u00f3mez, \u00c1lex Jim\u00e9nez, Hugo P\u00e9rez, Iv\u00e1n Ramos, Ludovic o Richard Franco acompanyen als xics amb par\u00e0lisi cerebral en diferents activitats durant la temporada. De desconeguts a inseparables \u201cVan a diferents llocs per a compartir estones juntes com jugar als bolos, fer una passejada, anar a prendre alguna cosa\u2026 Tamb\u00e9 hi ha un altre grup de periodisme que acabar\u00e0 fent una entrevista a un jugador del primer equip del Villarreal i un altre que juga a un esport anomenat boccia\u201d, explica Cristian Segovia, psic\u00f2leg del Villarreal C, que argumenta que \u201chem decidit treballar per grups, com altres anys, a causa del tipus de persones que formen la Fundaci\u00f3 Aspropace. Hem fet quatre grups en els quals hi ha jugadors i membres de l\u2019associaci\u00f3 i cada grup \u00e9s coordinat per un t\u00e8cnic del C\u201d. Les joves promeses del Submar\u00ed estan aprenent a con\u00e9ixer altres realitats gr\u00e0cies a aquesta iniciativa. \u201cLa primera sensaci\u00f3 dels jugadors va ser de nervis per veure com s\u2019anaven a desembolicar i comunicar amb ells, per\u00f2 ens dona molt\u00edssim perqu\u00e8 estem acostumats a un m\u00f3n molt f\u00e0cil en el qual ho tenim tot i amb aix\u00f2 baixem al m\u00f3n real i ens humanitzem\u201d, confessa Iv\u00e1n Puchol, delegat de l\u2019equip i membre del cos t\u00e8cnic responsable del projecte. Per\u00f2 ara, jugadors i membres de la fundaci\u00f3 ja s\u00f3n carn i ungla. \u201cVan a diferents llocs per a compartir estones juntes com jugar a les bitles, fer una passejada, anar a prendre alguna cosa\u2026 Tamb\u00e9 hi ha un altre grup de periodisme que acabar\u00e0 fent una entrevista a un jugador del primer equip del Vila-real i un altre que juga a un esport anomenat boccia\u201d, subratlla Seg\u00f2via. A m\u00e9s, \u201cel millor \u00e9s que estem tot l\u2019any amb el mateix grup i aix\u00f2 ens fa crear afinitat. T\u2019adones que cada vegada que els veus t\u2019alegres m\u00e9s que l\u2019anterior i ells tamb\u00e9\u201d, afig Puchol. Aix\u00ed mateix, el gran objectiu, tal com explica el psic\u00f2leg groguet, \u201c\u00e9s compartir aqueixa estona una vegada al mes m\u00e9s o menys per a veure una altra realitat. A la Ciutat Esportiva sempre tenen la mateixa rutina. Venen, entrenen, treballen molt b\u00e9, per\u00f2 despr\u00e9s es van a casa i poder empatitzar amb aquestes persones els fa valorar el que tenen\u201d. Aprendre a veure altres realitats Els propis futbolistes s\u00f3n els m\u00e9s agra\u00efts de poder participar en les activitats d\u2019Endavant amb els seus companys d\u2019Aspropace, especialment, el portera Rub\u00e9n G\u00f3mez. \u201cJo ho tinc molt de prop. Al meu millor amic li va succeir amb huit anys. Em toca molt de prop i he pogut explicar als meus companys com anava a ser i com havien de reaccionar, per\u00f2 en el centre Aspropace ens l\u2019han posat tot molt f\u00e0cil\u201d, dona a con\u00e9ixer G\u00f3mez. Per part seua, el lateral vila-realenc Marcos S\u00e1nchez confessa que els \u201cajuda a veure una realitat bastant diferent de la nostra i, en particular a mi, m\u2019ajuda a ser feli\u00e7 perqu\u00e8 veig que ells s\u00f3n molt felices. Em fa pensar molt i reflexionar sobre que l\u2019important \u00e9s viure amb el que tens i ser feli\u00e7\u201d. I \u00e9s que els futbolistes ja han generat vincles emocionals amb els xics d\u2019Aspropace gr\u00e0cies als moments que comparteixen en clau Villarreal CF. \u201cAquests moments amb ells ens han creat vincles i fan que ens centrem tamb\u00e9 en altres coses i vegem la vida com la veuen ells amb moments m\u00e9s espec\u00edfics que nosaltres no tenim en compte. Ens ajuden a gaudir del simple, de coses que, amb el que nosaltres tenim viscut, ja no valorem. Ens ajuda a millorar tant com persones i com a professionals\u201d, subratlla el jove porter d\u2019Alzira. D\u2019altra banda, els joves de la fundaci\u00f3 tamb\u00e9 aprecien aqueixos moments, com demostra aquesta an\u00e8cdota del lateral internacional Sub-19: \u201cEra una cosa nova i que no coneix\u00edem i al principi ens impactava, per\u00f2 va ser un proc\u00e9s molt r\u00e0pid perqu\u00e8 ells ens agafen confian\u00e7a de seguida. L\u2019any passat un xic em va regalar una rosa i t\u2019adones que ells tamb\u00e9 valoren aquests moments\u201d. Un proc\u00e9s enriquidor per a Aspropace Humberto Gonz\u00e1lez, monitor d\u2019oci de la Fundaci\u00f3 Aspropace, expressa que aquest projecte \u201c\u00e9s molt enriquidor\u201d ja que els permet \u201cfer activitats que normalment no fem\u201d. I \u00e9s que \u201cs\u2019han donat casos de veure a jugadors pel carrer al cap del temps i que es pareixen a saludar-nos i es recorden de tots els xics i \u00e9s de valorar. Es nota que \u00e9s un treball ben fet\u201d, exposa Gonz\u00e1lez, com va succeir amb el futbolista grauer Jordi Ortega.","headings":[{"type":"heading","level":2,"text":"El segon filial groguet i la fundaci\u00f3 comparteixen moments inoblidables gr\u00e0cies al projecte Endavant"}],"texts":[{"type":"paragraph","text":"Els futbolistes del Villarreal C i els membres de la Fundaci\u00f3 Aspropace ja s\u00f3n amics per a tota la vida gr\u00e0cies al projecte Endavant. Aquest treball de responsabilitat social iniciat per Jos\u00e9 Manuel Llaneza fa ja diverses temporades abasta moltes branques i \u00e9s conegut en tota la prov\u00edncia, per\u00f2 pocs coneixen en profunditat Endavant Igualtat, que uneix a diferents associacions de Castell\u00f3 amb els equips de la Cantera Grogueta."},{"type":"paragraph","text":"El Villarreal C comparteix el seu temps amb els membres de la Fundaci\u00f3 Aspropace i futbolistes de la talla de Marcos S\u00e1nchez, Rub\u00e9n G\u00f3mez, \u00c1lex Jim\u00e9nez, Hugo P\u00e9rez, Iv\u00e1n Ramos, Ludovic o Richard Franco acompanyen als xics amb par\u00e0lisi cerebral en diferents activitats durant la temporada."},{"type":"paragraph","text":"De desconeguts a inseparables"},{"type":"paragraph","text":"\u201cVan a diferents llocs per a compartir estones juntes com jugar als bolos, fer una passejada, anar a prendre alguna cosa\u2026 Tamb\u00e9 hi ha un altre grup de periodisme que acabar\u00e0 fent una entrevista a un jugador del primer equip del Villarreal i un altre que juga a un esport anomenat boccia\u201d, explica Cristian Segovia, psic\u00f2leg del Villarreal C, que argumenta que \u201chem decidit treballar per grups, com altres anys, a causa del tipus de persones que formen la Fundaci\u00f3 Aspropace. Hem fet quatre grups en els quals hi ha jugadors i membres de l\u2019associaci\u00f3 i cada grup \u00e9s coordinat per un t\u00e8cnic del C\u201d."},{"type":"paragraph","text":"Les joves promeses del Submar\u00ed estan aprenent a con\u00e9ixer altres realitats gr\u00e0cies a aquesta iniciativa. \u201cLa primera sensaci\u00f3 dels jugadors va ser de nervis per veure com s\u2019anaven a desembolicar i comunicar amb ells, per\u00f2 ens dona molt\u00edssim perqu\u00e8 estem acostumats a un m\u00f3n molt f\u00e0cil en el qual ho tenim tot i amb aix\u00f2 baixem al m\u00f3n real i ens humanitzem\u201d, confessa Iv\u00e1n Puchol, delegat de l\u2019equip i membre del cos t\u00e8cnic responsable del projecte."},{"type":"paragraph","text":"Per\u00f2 ara, jugadors i membres de la fundaci\u00f3 ja s\u00f3n carn i ungla. \u201cVan a diferents llocs per a compartir estones juntes com jugar a les bitles, fer una passejada, anar a prendre alguna cosa\u2026 Tamb\u00e9 hi ha un altre grup de periodisme que acabar\u00e0 fent una entrevista a un jugador del primer equip del Vila-real i un altre que juga a un esport anomenat boccia\u201d, subratlla Seg\u00f2via. A m\u00e9s, \u201cel millor \u00e9s que estem tot l\u2019any amb el mateix grup i aix\u00f2 ens fa crear afinitat. T\u2019adones que cada vegada que els veus t\u2019alegres m\u00e9s que l\u2019anterior i ells tamb\u00e9\u201d, afig Puchol. Aix\u00ed mateix, el gran objectiu, tal com explica el psic\u00f2leg groguet, \u201c\u00e9s compartir aqueixa estona una vegada al mes m\u00e9s o menys per a veure una altra realitat. A la Ciutat Esportiva sempre tenen la mateixa rutina. Venen, entrenen, treballen molt b\u00e9, per\u00f2 despr\u00e9s es van a casa i poder empatitzar amb aquestes persones els fa valorar el que tenen\u201d."},{"type":"paragraph","text":"Aprendre a veure altres realitats"},{"type":"paragraph","text":"Els propis futbolistes s\u00f3n els m\u00e9s agra\u00efts de poder participar en les activitats d\u2019Endavant amb els seus companys d\u2019Aspropace, especialment, el portera Rub\u00e9n G\u00f3mez. \u201cJo ho tinc molt de prop. Al meu millor amic li va succeir amb huit anys. Em toca molt de prop i he pogut explicar als meus companys com anava a ser i com havien de reaccionar, per\u00f2 en el centre Aspropace ens l\u2019han posat tot molt f\u00e0cil\u201d, dona a con\u00e9ixer G\u00f3mez."},{"type":"paragraph","text":"Per part seua, el lateral vila-realenc Marcos S\u00e1nchez confessa que els \u201cajuda a veure una realitat bastant diferent de la nostra i, en particular a mi, m\u2019ajuda a ser feli\u00e7 perqu\u00e8 veig que ells s\u00f3n molt felices. Em fa pensar molt i reflexionar sobre que l\u2019important \u00e9s viure amb el que tens i ser feli\u00e7\u201d."},{"type":"paragraph","text":"I \u00e9s que els futbolistes ja han generat vincles emocionals amb els xics d\u2019Aspropace gr\u00e0cies als moments que comparteixen en clau Villarreal CF. \u201cAquests moments amb ells ens han creat vincles i fan que ens centrem tamb\u00e9 en altres coses i vegem la vida com la veuen ells amb moments m\u00e9s espec\u00edfics que nosaltres no tenim en compte. Ens ajuden a gaudir del simple, de coses que, amb el que nosaltres tenim viscut, ja no valorem. Ens ajuda a millorar tant com persones i com a professionals\u201d, subratlla el jove porter d\u2019Alzira."},{"type":"paragraph","text":"D\u2019altra banda, els joves de la fundaci\u00f3 tamb\u00e9 aprecien aqueixos moments, com demostra aquesta an\u00e8cdota del lateral internacional Sub-19: \u201cEra una cosa nova i que no coneix\u00edem i al principi ens impactava, per\u00f2 va ser un proc\u00e9s molt r\u00e0pid perqu\u00e8 ells ens agafen confian\u00e7a de seguida. L\u2019any passat un xic em va regalar una rosa i t\u2019adones que ells tamb\u00e9 valoren aquests moments\u201d."},{"type":"paragraph","text":"Un proc\u00e9s enriquidor per a Aspropace"},{"type":"paragraph","text":"Humberto Gonz\u00e1lez, monitor d\u2019oci de la Fundaci\u00f3 Aspropace, expressa que aquest projecte \u201c\u00e9s molt enriquidor\u201d ja que els permet \u201cfer activitats que normalment no fem\u201d. I \u00e9s que \u201cs\u2019han donat casos de veure a jugadors pel carrer al cap del temps i que es pareixen a saludar-nos i es recorden de tots els xics i \u00e9s de valorar. Es nota que \u00e9s un treball ben fet\u201d, exposa Gonz\u00e1lez, com va succeir amb el futbolista grauer Jordi Ortega."}],"buttons":[],"images":[],"widgets":[],"blocks":[{"type":"heading","level":2,"text":"El segon filial groguet i la fundaci\u00f3 comparteixen moments inoblidables gr\u00e0cies al projecte Endavant"},{"type":"paragraph","text":"Els futbolistes del Villarreal C i els membres de la Fundaci\u00f3 Aspropace ja s\u00f3n amics per a tota la vida gr\u00e0cies al projecte Endavant. Aquest treball de responsabilitat social iniciat per Jos\u00e9 Manuel Llaneza fa ja diverses temporades abasta moltes branques i \u00e9s conegut en tota la prov\u00edncia, per\u00f2 pocs coneixen en profunditat Endavant Igualtat, que uneix a diferents associacions de Castell\u00f3 amb els equips de la Cantera Grogueta."},{"type":"paragraph","text":"El Villarreal C comparteix el seu temps amb els membres de la Fundaci\u00f3 Aspropace i futbolistes de la talla de Marcos S\u00e1nchez, Rub\u00e9n G\u00f3mez, \u00c1lex Jim\u00e9nez, Hugo P\u00e9rez, Iv\u00e1n Ramos, Ludovic o Richard Franco acompanyen als xics amb par\u00e0lisi cerebral en diferents activitats durant la temporada."},{"type":"paragraph","text":"De desconeguts a inseparables"},{"type":"paragraph","text":"\u201cVan a diferents llocs per a compartir estones juntes com jugar als bolos, fer una passejada, anar a prendre alguna cosa\u2026 Tamb\u00e9 hi ha un altre grup de periodisme que acabar\u00e0 fent una entrevista a un jugador del primer equip del Villarreal i un altre que juga a un esport anomenat boccia\u201d, explica Cristian Segovia, psic\u00f2leg del Villarreal C, que argumenta que \u201chem decidit treballar per grups, com altres anys, a causa del tipus de persones que formen la Fundaci\u00f3 Aspropace. Hem fet quatre grups en els quals hi ha jugadors i membres de l\u2019associaci\u00f3 i cada grup \u00e9s coordinat per un t\u00e8cnic del C\u201d."},{"type":"paragraph","text":"Les joves promeses del Submar\u00ed estan aprenent a con\u00e9ixer altres realitats gr\u00e0cies a aquesta iniciativa. \u201cLa primera sensaci\u00f3 dels jugadors va ser de nervis per veure com s\u2019anaven a desembolicar i comunicar amb ells, per\u00f2 ens dona molt\u00edssim perqu\u00e8 estem acostumats a un m\u00f3n molt f\u00e0cil en el qual ho tenim tot i amb aix\u00f2 baixem al m\u00f3n real i ens humanitzem\u201d, confessa Iv\u00e1n Puchol, delegat de l\u2019equip i membre del cos t\u00e8cnic responsable del projecte."},{"type":"paragraph","text":"Per\u00f2 ara, jugadors i membres de la fundaci\u00f3 ja s\u00f3n carn i ungla. \u201cVan a diferents llocs per a compartir estones juntes com jugar a les bitles, fer una passejada, anar a prendre alguna cosa\u2026 Tamb\u00e9 hi ha un altre grup de periodisme que acabar\u00e0 fent una entrevista a un jugador del primer equip del Vila-real i un altre que juga a un esport anomenat boccia\u201d, subratlla Seg\u00f2via. A m\u00e9s, \u201cel millor \u00e9s que estem tot l\u2019any amb el mateix grup i aix\u00f2 ens fa crear afinitat. T\u2019adones que cada vegada que els veus t\u2019alegres m\u00e9s que l\u2019anterior i ells tamb\u00e9\u201d, afig Puchol. Aix\u00ed mateix, el gran objectiu, tal com explica el psic\u00f2leg groguet, \u201c\u00e9s compartir aqueixa estona una vegada al mes m\u00e9s o menys per a veure una altra realitat. A la Ciutat Esportiva sempre tenen la mateixa rutina. Venen, entrenen, treballen molt b\u00e9, per\u00f2 despr\u00e9s es van a casa i poder empatitzar amb aquestes persones els fa valorar el que tenen\u201d."},{"type":"paragraph","text":"Aprendre a veure altres realitats"},{"type":"paragraph","text":"Els propis futbolistes s\u00f3n els m\u00e9s agra\u00efts de poder participar en les activitats d\u2019Endavant amb els seus companys d\u2019Aspropace, especialment, el portera Rub\u00e9n G\u00f3mez. \u201cJo ho tinc molt de prop. Al meu millor amic li va succeir amb huit anys. Em toca molt de prop i he pogut explicar als meus companys com anava a ser i com havien de reaccionar, per\u00f2 en el centre Aspropace ens l\u2019han posat tot molt f\u00e0cil\u201d, dona a con\u00e9ixer G\u00f3mez."},{"type":"paragraph","text":"Per part seua, el lateral vila-realenc Marcos S\u00e1nchez confessa que els \u201cajuda a veure una realitat bastant diferent de la nostra i, en particular a mi, m\u2019ajuda a ser feli\u00e7 perqu\u00e8 veig que ells s\u00f3n molt felices. Em fa pensar molt i reflexionar sobre que l\u2019important \u00e9s viure amb el que tens i ser feli\u00e7\u201d."},{"type":"paragraph","text":"I \u00e9s que els futbolistes ja han generat vincles emocionals amb els xics d\u2019Aspropace gr\u00e0cies als moments que comparteixen en clau Villarreal CF. \u201cAquests moments amb ells ens han creat vincles i fan que ens centrem tamb\u00e9 en altres coses i vegem la vida com la veuen ells amb moments m\u00e9s espec\u00edfics que nosaltres no tenim en compte. Ens ajuden a gaudir del simple, de coses que, amb el que nosaltres tenim viscut, ja no valorem. Ens ajuda a millorar tant com persones i com a professionals\u201d, subratlla el jove porter d\u2019Alzira."},{"type":"paragraph","text":"D\u2019altra banda, els joves de la fundaci\u00f3 tamb\u00e9 aprecien aqueixos moments, com demostra aquesta an\u00e8cdota del lateral internacional Sub-19: \u201cEra una cosa nova i que no coneix\u00edem i al principi ens impactava, per\u00f2 va ser un proc\u00e9s molt r\u00e0pid perqu\u00e8 ells ens agafen confian\u00e7a de seguida. L\u2019any passat un xic em va regalar una rosa i t\u2019adones que ells tamb\u00e9 valoren aquests moments\u201d."},{"type":"paragraph","text":"Un proc\u00e9s enriquidor per a Aspropace"},{"type":"paragraph","text":"Humberto Gonz\u00e1lez, monitor d\u2019oci de la Fundaci\u00f3 Aspropace, expressa que aquest projecte \u201c\u00e9s molt enriquidor\u201d ja que els permet \u201cfer activitats que normalment no fem\u201d. I \u00e9s que \u201cs\u2019han donat casos de veure a jugadors pel carrer al cap del temps i que es pareixen a saludar-nos i es recorden de tots els xics i \u00e9s de valorar. Es nota que \u00e9s un treball ben fet\u201d, exposa Gonz\u00e1lez, com va succeir amb el futbolista grauer Jordi Ortega."}]}],"hero":{"id":"section-1","title":"El segon filial groguet i la fundaci\u00f3 comparteixen moments inoblidables gr\u00e0cies al projecte Endavant","text":"El segon filial groguet i la fundaci\u00f3 comparteixen moments inoblidables gr\u00e0cies al projecte Endavant Els futbolistes del Villarreal C i els membres de la Fundaci\u00f3 Aspropace ja s\u00f3n amics per a tota la vida gr\u00e0cies al projecte Endavant. Aquest treball de responsabilitat social iniciat per Jos\u00e9 Manuel Llaneza fa ja diverses temporades abasta moltes branques i \u00e9s conegut en tota la prov\u00edncia, per\u00f2 pocs coneixen en profunditat Endavant Igualtat, que uneix a diferents associacions de Castell\u00f3 amb els equips de la Cantera Grogueta. El Villarreal C comparteix el seu temps amb els membres de la Fundaci\u00f3 Aspropace i futbolistes de la talla de Marcos S\u00e1nchez, Rub\u00e9n G\u00f3mez, \u00c1lex Jim\u00e9nez, Hugo P\u00e9rez, Iv\u00e1n Ramos, Ludovic o Richard Franco acompanyen als xics amb par\u00e0lisi cerebral en diferents activitats durant la temporada. De desconeguts a inseparables \u201cVan a diferents llocs per a compartir estones juntes com jugar als bolos, fer una passejada, anar a prendre alguna cosa\u2026 Tamb\u00e9 hi ha un altre grup de periodisme que acabar\u00e0 fent una entrevista a un jugador del primer equip del Villarreal i un altre que juga a un esport anomenat boccia\u201d, explica Cristian Segovia, psic\u00f2leg del Villarreal C, que argumenta que \u201chem decidit treballar per grups, com altres anys, a causa del tipus de persones que formen la Fundaci\u00f3 Aspropace. Hem fet quatre grups en els quals hi ha jugadors i membres de l\u2019associaci\u00f3 i cada grup \u00e9s coordinat per un t\u00e8cnic del C\u201d. Les joves promeses del Submar\u00ed estan aprenent a con\u00e9ixer altres realitats gr\u00e0cies a aquesta iniciativa. \u201cLa primera sensaci\u00f3 dels jugadors va ser de nervis per veure com s\u2019anaven a desembolicar i comunicar amb ells, per\u00f2 ens dona molt\u00edssim perqu\u00e8 estem acostumats a un m\u00f3n molt f\u00e0cil en el qual ho tenim tot i amb aix\u00f2 baixem al m\u00f3n real i ens humanitzem\u201d, confessa Iv\u00e1n Puchol, delegat de l\u2019equip i membre del cos t\u00e8cnic responsable del projecte. Per\u00f2 ara, jugadors i membres de la fundaci\u00f3 ja s\u00f3n carn i ungla. \u201cVan a diferents llocs per a compartir estones juntes com jugar a les bitles, fer una passejada, anar a prendre alguna cosa\u2026 Tamb\u00e9 hi ha un altre grup de periodisme que acabar\u00e0 fent una entrevista a un jugador del primer equip del Vila-real i un altre que juga a un esport anomenat boccia\u201d, subratlla Seg\u00f2via. A m\u00e9s, \u201cel millor \u00e9s que estem tot l\u2019any amb el mateix grup i aix\u00f2 ens fa crear afinitat. T\u2019adones que cada vegada que els veus t\u2019alegres m\u00e9s que l\u2019anterior i ells tamb\u00e9\u201d, afig Puchol. Aix\u00ed mateix, el gran objectiu, tal com explica el psic\u00f2leg groguet, \u201c\u00e9s compartir aqueixa estona una vegada al mes m\u00e9s o menys per a veure una altra realitat. A la Ciutat Esportiva sempre tenen la mateixa rutina. Venen, entrenen, treballen molt b\u00e9, per\u00f2 despr\u00e9s es van a casa i poder empatitzar amb aquestes persones els fa valorar el que tenen\u201d. Aprendre a veure altres realitats Els propis futbolistes s\u00f3n els m\u00e9s agra\u00efts de poder participar en les activitats d\u2019Endavant amb els seus companys d\u2019Aspropace, especialment, el portera Rub\u00e9n G\u00f3mez. \u201cJo ho tinc molt de prop. Al meu millor amic li va succeir amb huit anys. Em toca molt de prop i he pogut explicar als meus companys com anava a ser i com havien de reaccionar, per\u00f2 en el centre Aspropace ens l\u2019han posat tot molt f\u00e0cil\u201d, dona a con\u00e9ixer G\u00f3mez. Per part seua, el lateral vila-realenc Marcos S\u00e1nchez confessa que els \u201cajuda a veure una realitat bastant diferent de la nostra i, en particular a mi, m\u2019ajuda a ser feli\u00e7 perqu\u00e8 veig que ells s\u00f3n molt felices. Em fa pensar molt i reflexionar sobre que l\u2019important \u00e9s viure amb el que tens i ser feli\u00e7\u201d. I \u00e9s que els futbolistes ja han generat vincles emocionals amb els xics d\u2019Aspropace gr\u00e0cies als moments que comparteixen en clau Villarreal CF. \u201cAquests moments amb ells ens han creat vincles i fan que ens centrem tamb\u00e9 en altres coses i vegem la vida com la veuen ells amb moments m\u00e9s espec\u00edfics que nosaltres no tenim en compte. Ens ajuden a gaudir del simple, de coses que, amb el que nosaltres tenim viscut, ja no valorem. Ens ajuda a millorar tant com persones i com a professionals\u201d, subratlla el jove porter d\u2019Alzira. D\u2019altra banda, els joves de la fundaci\u00f3 tamb\u00e9 aprecien aqueixos moments, com demostra aquesta an\u00e8cdota del lateral internacional Sub-19: \u201cEra una cosa nova i que no coneix\u00edem i al principi ens impactava, per\u00f2 va ser un proc\u00e9s molt r\u00e0pid perqu\u00e8 ells ens agafen confian\u00e7a de seguida. L\u2019any passat un xic em va regalar una rosa i t\u2019adones que ells tamb\u00e9 valoren aquests moments\u201d. Un proc\u00e9s enriquidor per a Aspropace Humberto Gonz\u00e1lez, monitor d\u2019oci de la Fundaci\u00f3 Aspropace, expressa que aquest projecte \u201c\u00e9s molt enriquidor\u201d ja que els permet \u201cfer activitats que normalment no fem\u201d. I \u00e9s que \u201cs\u2019han donat casos de veure a jugadors pel carrer al cap del temps i que es pareixen a saludar-nos i es recorden de tots els xics i \u00e9s de valorar. Es nota que \u00e9s un treball ben fet\u201d, exposa Gonz\u00e1lez, com va succeir amb el futbolista grauer Jordi Ortega.","headings":[{"type":"heading","level":2,"text":"El segon filial groguet i la fundaci\u00f3 comparteixen moments inoblidables gr\u00e0cies al projecte Endavant"}],"texts":[{"type":"paragraph","text":"Els futbolistes del Villarreal C i els membres de la Fundaci\u00f3 Aspropace ja s\u00f3n amics per a tota la vida gr\u00e0cies al projecte Endavant. Aquest treball de responsabilitat social iniciat per Jos\u00e9 Manuel Llaneza fa ja diverses temporades abasta moltes branques i \u00e9s conegut en tota la prov\u00edncia, per\u00f2 pocs coneixen en profunditat Endavant Igualtat, que uneix a diferents associacions de Castell\u00f3 amb els equips de la Cantera Grogueta."},{"type":"paragraph","text":"El Villarreal C comparteix el seu temps amb els membres de la Fundaci\u00f3 Aspropace i futbolistes de la talla de Marcos S\u00e1nchez, Rub\u00e9n G\u00f3mez, \u00c1lex Jim\u00e9nez, Hugo P\u00e9rez, Iv\u00e1n Ramos, Ludovic o Richard Franco acompanyen als xics amb par\u00e0lisi cerebral en diferents activitats durant la temporada."},{"type":"paragraph","text":"De desconeguts a inseparables"},{"type":"paragraph","text":"\u201cVan a diferents llocs per a compartir estones juntes com jugar als bolos, fer una passejada, anar a prendre alguna cosa\u2026 Tamb\u00e9 hi ha un altre grup de periodisme que acabar\u00e0 fent una entrevista a un jugador del primer equip del Villarreal i un altre que juga a un esport anomenat boccia\u201d, explica Cristian Segovia, psic\u00f2leg del Villarreal C, que argumenta que \u201chem decidit treballar per grups, com altres anys, a causa del tipus de persones que formen la Fundaci\u00f3 Aspropace. Hem fet quatre grups en els quals hi ha jugadors i membres de l\u2019associaci\u00f3 i cada grup \u00e9s coordinat per un t\u00e8cnic del C\u201d."},{"type":"paragraph","text":"Les joves promeses del Submar\u00ed estan aprenent a con\u00e9ixer altres realitats gr\u00e0cies a aquesta iniciativa. \u201cLa primera sensaci\u00f3 dels jugadors va ser de nervis per veure com s\u2019anaven a desembolicar i comunicar amb ells, per\u00f2 ens dona molt\u00edssim perqu\u00e8 estem acostumats a un m\u00f3n molt f\u00e0cil en el qual ho tenim tot i amb aix\u00f2 baixem al m\u00f3n real i ens humanitzem\u201d, confessa Iv\u00e1n Puchol, delegat de l\u2019equip i membre del cos t\u00e8cnic responsable del projecte."},{"type":"paragraph","text":"Per\u00f2 ara, jugadors i membres de la fundaci\u00f3 ja s\u00f3n carn i ungla. \u201cVan a diferents llocs per a compartir estones juntes com jugar a les bitles, fer una passejada, anar a prendre alguna cosa\u2026 Tamb\u00e9 hi ha un altre grup de periodisme que acabar\u00e0 fent una entrevista a un jugador del primer equip del Vila-real i un altre que juga a un esport anomenat boccia\u201d, subratlla Seg\u00f2via. A m\u00e9s, \u201cel millor \u00e9s que estem tot l\u2019any amb el mateix grup i aix\u00f2 ens fa crear afinitat. T\u2019adones que cada vegada que els veus t\u2019alegres m\u00e9s que l\u2019anterior i ells tamb\u00e9\u201d, afig Puchol. Aix\u00ed mateix, el gran objectiu, tal com explica el psic\u00f2leg groguet, \u201c\u00e9s compartir aqueixa estona una vegada al mes m\u00e9s o menys per a veure una altra realitat. A la Ciutat Esportiva sempre tenen la mateixa rutina. Venen, entrenen, treballen molt b\u00e9, per\u00f2 despr\u00e9s es van a casa i poder empatitzar amb aquestes persones els fa valorar el que tenen\u201d."},{"type":"paragraph","text":"Aprendre a veure altres realitats"},{"type":"paragraph","text":"Els propis futbolistes s\u00f3n els m\u00e9s agra\u00efts de poder participar en les activitats d\u2019Endavant amb els seus companys d\u2019Aspropace, especialment, el portera Rub\u00e9n G\u00f3mez. \u201cJo ho tinc molt de prop. Al meu millor amic li va succeir amb huit anys. Em toca molt de prop i he pogut explicar als meus companys com anava a ser i com havien de reaccionar, per\u00f2 en el centre Aspropace ens l\u2019han posat tot molt f\u00e0cil\u201d, dona a con\u00e9ixer G\u00f3mez."},{"type":"paragraph","text":"Per part seua, el lateral vila-realenc Marcos S\u00e1nchez confessa que els \u201cajuda a veure una realitat bastant diferent de la nostra i, en particular a mi, m\u2019ajuda a ser feli\u00e7 perqu\u00e8 veig que ells s\u00f3n molt felices. Em fa pensar molt i reflexionar sobre que l\u2019important \u00e9s viure amb el que tens i ser feli\u00e7\u201d."},{"type":"paragraph","text":"I \u00e9s que els futbolistes ja han generat vincles emocionals amb els xics d\u2019Aspropace gr\u00e0cies als moments que comparteixen en clau Villarreal CF. \u201cAquests moments amb ells ens han creat vincles i fan que ens centrem tamb\u00e9 en altres coses i vegem la vida com la veuen ells amb moments m\u00e9s espec\u00edfics que nosaltres no tenim en compte. Ens ajuden a gaudir del simple, de coses que, amb el que nosaltres tenim viscut, ja no valorem. Ens ajuda a millorar tant com persones i com a professionals\u201d, subratlla el jove porter d\u2019Alzira."},{"type":"paragraph","text":"D\u2019altra banda, els joves de la fundaci\u00f3 tamb\u00e9 aprecien aqueixos moments, com demostra aquesta an\u00e8cdota del lateral internacional Sub-19: \u201cEra una cosa nova i que no coneix\u00edem i al principi ens impactava, per\u00f2 va ser un proc\u00e9s molt r\u00e0pid perqu\u00e8 ells ens agafen confian\u00e7a de seguida. L\u2019any passat un xic em va regalar una rosa i t\u2019adones que ells tamb\u00e9 valoren aquests moments\u201d."},{"type":"paragraph","text":"Un proc\u00e9s enriquidor per a Aspropace"},{"type":"paragraph","text":"Humberto Gonz\u00e1lez, monitor d\u2019oci de la Fundaci\u00f3 Aspropace, expressa que aquest projecte \u201c\u00e9s molt enriquidor\u201d ja que els permet \u201cfer activitats que normalment no fem\u201d. I \u00e9s que \u201cs\u2019han donat casos de veure a jugadors pel carrer al cap del temps i que es pareixen a saludar-nos i es recorden de tots els xics i \u00e9s de valorar. Es nota que \u00e9s un treball ben fet\u201d, exposa Gonz\u00e1lez, com va succeir amb el futbolista grauer Jordi Ortega."}],"buttons":[],"images":[],"widgets":[],"blocks":[{"type":"heading","level":2,"text":"El segon filial groguet i la fundaci\u00f3 comparteixen moments inoblidables gr\u00e0cies al projecte Endavant"},{"type":"paragraph","text":"Els futbolistes del Villarreal C i els membres de la Fundaci\u00f3 Aspropace ja s\u00f3n amics per a tota la vida gr\u00e0cies al projecte Endavant. Aquest treball de responsabilitat social iniciat per Jos\u00e9 Manuel Llaneza fa ja diverses temporades abasta moltes branques i \u00e9s conegut en tota la prov\u00edncia, per\u00f2 pocs coneixen en profunditat Endavant Igualtat, que uneix a diferents associacions de Castell\u00f3 amb els equips de la Cantera Grogueta."},{"type":"paragraph","text":"El Villarreal C comparteix el seu temps amb els membres de la Fundaci\u00f3 Aspropace i futbolistes de la talla de Marcos S\u00e1nchez, Rub\u00e9n G\u00f3mez, \u00c1lex Jim\u00e9nez, Hugo P\u00e9rez, Iv\u00e1n Ramos, Ludovic o Richard Franco acompanyen als xics amb par\u00e0lisi cerebral en diferents activitats durant la temporada."},{"type":"paragraph","text":"De desconeguts a inseparables"},{"type":"paragraph","text":"\u201cVan a diferents llocs per a compartir estones juntes com jugar als bolos, fer una passejada, anar a prendre alguna cosa\u2026 Tamb\u00e9 hi ha un altre grup de periodisme que acabar\u00e0 fent una entrevista a un jugador del primer equip del Villarreal i un altre que juga a un esport anomenat boccia\u201d, explica Cristian Segovia, psic\u00f2leg del Villarreal C, que argumenta que \u201chem decidit treballar per grups, com altres anys, a causa del tipus de persones que formen la Fundaci\u00f3 Aspropace. Hem fet quatre grups en els quals hi ha jugadors i membres de l\u2019associaci\u00f3 i cada grup \u00e9s coordinat per un t\u00e8cnic del C\u201d."},{"type":"paragraph","text":"Les joves promeses del Submar\u00ed estan aprenent a con\u00e9ixer altres realitats gr\u00e0cies a aquesta iniciativa. \u201cLa primera sensaci\u00f3 dels jugadors va ser de nervis per veure com s\u2019anaven a desembolicar i comunicar amb ells, per\u00f2 ens dona molt\u00edssim perqu\u00e8 estem acostumats a un m\u00f3n molt f\u00e0cil en el qual ho tenim tot i amb aix\u00f2 baixem al m\u00f3n real i ens humanitzem\u201d, confessa Iv\u00e1n Puchol, delegat de l\u2019equip i membre del cos t\u00e8cnic responsable del projecte."},{"type":"paragraph","text":"Per\u00f2 ara, jugadors i membres de la fundaci\u00f3 ja s\u00f3n carn i ungla. \u201cVan a diferents llocs per a compartir estones juntes com jugar a les bitles, fer una passejada, anar a prendre alguna cosa\u2026 Tamb\u00e9 hi ha un altre grup de periodisme que acabar\u00e0 fent una entrevista a un jugador del primer equip del Vila-real i un altre que juga a un esport anomenat boccia\u201d, subratlla Seg\u00f2via. A m\u00e9s, \u201cel millor \u00e9s que estem tot l\u2019any amb el mateix grup i aix\u00f2 ens fa crear afinitat. T\u2019adones que cada vegada que els veus t\u2019alegres m\u00e9s que l\u2019anterior i ells tamb\u00e9\u201d, afig Puchol. Aix\u00ed mateix, el gran objectiu, tal com explica el psic\u00f2leg groguet, \u201c\u00e9s compartir aqueixa estona una vegada al mes m\u00e9s o menys per a veure una altra realitat. A la Ciutat Esportiva sempre tenen la mateixa rutina. Venen, entrenen, treballen molt b\u00e9, per\u00f2 despr\u00e9s es van a casa i poder empatitzar amb aquestes persones els fa valorar el que tenen\u201d."},{"type":"paragraph","text":"Aprendre a veure altres realitats"},{"type":"paragraph","text":"Els propis futbolistes s\u00f3n els m\u00e9s agra\u00efts de poder participar en les activitats d\u2019Endavant amb els seus companys d\u2019Aspropace, especialment, el portera Rub\u00e9n G\u00f3mez. \u201cJo ho tinc molt de prop. Al meu millor amic li va succeir amb huit anys. Em toca molt de prop i he pogut explicar als meus companys com anava a ser i com havien de reaccionar, per\u00f2 en el centre Aspropace ens l\u2019han posat tot molt f\u00e0cil\u201d, dona a con\u00e9ixer G\u00f3mez."},{"type":"paragraph","text":"Per part seua, el lateral vila-realenc Marcos S\u00e1nchez confessa que els \u201cajuda a veure una realitat bastant diferent de la nostra i, en particular a mi, m\u2019ajuda a ser feli\u00e7 perqu\u00e8 veig que ells s\u00f3n molt felices. Em fa pensar molt i reflexionar sobre que l\u2019important \u00e9s viure amb el que tens i ser feli\u00e7\u201d."},{"type":"paragraph","text":"I \u00e9s que els futbolistes ja han generat vincles emocionals amb els xics d\u2019Aspropace gr\u00e0cies als moments que comparteixen en clau Villarreal CF. \u201cAquests moments amb ells ens han creat vincles i fan que ens centrem tamb\u00e9 en altres coses i vegem la vida com la veuen ells amb moments m\u00e9s espec\u00edfics que nosaltres no tenim en compte. Ens ajuden a gaudir del simple, de coses que, amb el que nosaltres tenim viscut, ja no valorem. Ens ajuda a millorar tant com persones i com a professionals\u201d, subratlla el jove porter d\u2019Alzira."},{"type":"paragraph","text":"D\u2019altra banda, els joves de la fundaci\u00f3 tamb\u00e9 aprecien aqueixos moments, com demostra aquesta an\u00e8cdota del lateral internacional Sub-19: \u201cEra una cosa nova i que no coneix\u00edem i al principi ens impactava, per\u00f2 va ser un proc\u00e9s molt r\u00e0pid perqu\u00e8 ells ens agafen confian\u00e7a de seguida. L\u2019any passat un xic em va regalar una rosa i t\u2019adones que ells tamb\u00e9 valoren aquests moments\u201d."},{"type":"paragraph","text":"Un proc\u00e9s enriquidor per a Aspropace"},{"type":"paragraph","text":"Humberto Gonz\u00e1lez, monitor d\u2019oci de la Fundaci\u00f3 Aspropace, expressa que aquest projecte \u201c\u00e9s molt enriquidor\u201d ja que els permet \u201cfer activitats que normalment no fem\u201d. I \u00e9s que \u201cs\u2019han donat casos de veure a jugadors pel carrer al cap del temps i que es pareixen a saludar-nos i es recorden de tots els xics i \u00e9s de valorar. Es nota que \u00e9s un treball ben fet\u201d, exposa Gonz\u00e1lez, com va succeir amb el futbolista grauer Jordi Ortega."}]}},"sections":[{"id":"section-1","title":"El segon filial groguet i la fundaci\u00f3 comparteixen moments inoblidables gr\u00e0cies al projecte Endavant","text":"El segon filial groguet i la fundaci\u00f3 comparteixen moments inoblidables gr\u00e0cies al projecte Endavant Els futbolistes del Villarreal C i els membres de la Fundaci\u00f3 Aspropace ja s\u00f3n amics per a tota la vida gr\u00e0cies al projecte Endavant. Aquest treball de responsabilitat social iniciat per Jos\u00e9 Manuel Llaneza fa ja diverses temporades abasta moltes branques i \u00e9s conegut en tota la prov\u00edncia, per\u00f2 pocs coneixen en profunditat Endavant Igualtat, que uneix a diferents associacions de Castell\u00f3 amb els equips de la Cantera Grogueta. El Villarreal C comparteix el seu temps amb els membres de la Fundaci\u00f3 Aspropace i futbolistes de la talla de Marcos S\u00e1nchez, Rub\u00e9n G\u00f3mez, \u00c1lex Jim\u00e9nez, Hugo P\u00e9rez, Iv\u00e1n Ramos, Ludovic o Richard Franco acompanyen als xics amb par\u00e0lisi cerebral en diferents activitats durant la temporada. De desconeguts a inseparables \u201cVan a diferents llocs per a compartir estones juntes com jugar als bolos, fer una passejada, anar a prendre alguna cosa\u2026 Tamb\u00e9 hi ha un altre grup de periodisme que acabar\u00e0 fent una entrevista a un jugador del primer equip del Villarreal i un altre que juga a un esport anomenat boccia\u201d, explica Cristian Segovia, psic\u00f2leg del Villarreal C, que argumenta que \u201chem decidit treballar per grups, com altres anys, a causa del tipus de persones que formen la Fundaci\u00f3 Aspropace. Hem fet quatre grups en els quals hi ha jugadors i membres de l\u2019associaci\u00f3 i cada grup \u00e9s coordinat per un t\u00e8cnic del C\u201d. Les joves promeses del Submar\u00ed estan aprenent a con\u00e9ixer altres realitats gr\u00e0cies a aquesta iniciativa. \u201cLa primera sensaci\u00f3 dels jugadors va ser de nervis per veure com s\u2019anaven a desembolicar i comunicar amb ells, per\u00f2 ens dona molt\u00edssim perqu\u00e8 estem acostumats a un m\u00f3n molt f\u00e0cil en el qual ho tenim tot i amb aix\u00f2 baixem al m\u00f3n real i ens humanitzem\u201d, confessa Iv\u00e1n Puchol, delegat de l\u2019equip i membre del cos t\u00e8cnic responsable del projecte. Per\u00f2 ara, jugadors i membres de la fundaci\u00f3 ja s\u00f3n carn i ungla. \u201cVan a diferents llocs per a compartir estones juntes com jugar a les bitles, fer una passejada, anar a prendre alguna cosa\u2026 Tamb\u00e9 hi ha un altre grup de periodisme que acabar\u00e0 fent una entrevista a un jugador del primer equip del Vila-real i un altre que juga a un esport anomenat boccia\u201d, subratlla Seg\u00f2via. A m\u00e9s, \u201cel millor \u00e9s que estem tot l\u2019any amb el mateix grup i aix\u00f2 ens fa crear afinitat. T\u2019adones que cada vegada que els veus t\u2019alegres m\u00e9s que l\u2019anterior i ells tamb\u00e9\u201d, afig Puchol. Aix\u00ed mateix, el gran objectiu, tal com explica el psic\u00f2leg groguet, \u201c\u00e9s compartir aqueixa estona una vegada al mes m\u00e9s o menys per a veure una altra realitat. A la Ciutat Esportiva sempre tenen la mateixa rutina. Venen, entrenen, treballen molt b\u00e9, per\u00f2 despr\u00e9s es van a casa i poder empatitzar amb aquestes persones els fa valorar el que tenen\u201d. Aprendre a veure altres realitats Els propis futbolistes s\u00f3n els m\u00e9s agra\u00efts de poder participar en les activitats d\u2019Endavant amb els seus companys d\u2019Aspropace, especialment, el portera Rub\u00e9n G\u00f3mez. \u201cJo ho tinc molt de prop. Al meu millor amic li va succeir amb huit anys. Em toca molt de prop i he pogut explicar als meus companys com anava a ser i com havien de reaccionar, per\u00f2 en el centre Aspropace ens l\u2019han posat tot molt f\u00e0cil\u201d, dona a con\u00e9ixer G\u00f3mez. Per part seua, el lateral vila-realenc Marcos S\u00e1nchez confessa que els \u201cajuda a veure una realitat bastant diferent de la nostra i, en particular a mi, m\u2019ajuda a ser feli\u00e7 perqu\u00e8 veig que ells s\u00f3n molt felices. Em fa pensar molt i reflexionar sobre que l\u2019important \u00e9s viure amb el que tens i ser feli\u00e7\u201d. I \u00e9s que els futbolistes ja han generat vincles emocionals amb els xics d\u2019Aspropace gr\u00e0cies als moments que comparteixen en clau Villarreal CF. \u201cAquests moments amb ells ens han creat vincles i fan que ens centrem tamb\u00e9 en altres coses i vegem la vida com la veuen ells amb moments m\u00e9s espec\u00edfics que nosaltres no tenim en compte. Ens ajuden a gaudir del simple, de coses que, amb el que nosaltres tenim viscut, ja no valorem. Ens ajuda a millorar tant com persones i com a professionals\u201d, subratlla el jove porter d\u2019Alzira. D\u2019altra banda, els joves de la fundaci\u00f3 tamb\u00e9 aprecien aqueixos moments, com demostra aquesta an\u00e8cdota del lateral internacional Sub-19: \u201cEra una cosa nova i que no coneix\u00edem i al principi ens impactava, per\u00f2 va ser un proc\u00e9s molt r\u00e0pid perqu\u00e8 ells ens agafen confian\u00e7a de seguida. L\u2019any passat un xic em va regalar una rosa i t\u2019adones que ells tamb\u00e9 valoren aquests moments\u201d. Un proc\u00e9s enriquidor per a Aspropace Humberto Gonz\u00e1lez, monitor d\u2019oci de la Fundaci\u00f3 Aspropace, expressa que aquest projecte \u201c\u00e9s molt enriquidor\u201d ja que els permet \u201cfer activitats que normalment no fem\u201d. I \u00e9s que \u201cs\u2019han donat casos de veure a jugadors pel carrer al cap del temps i que es pareixen a saludar-nos i es recorden de tots els xics i \u00e9s de valorar. Es nota que \u00e9s un treball ben fet\u201d, exposa Gonz\u00e1lez, com va succeir amb el futbolista grauer Jordi Ortega.","url":"","background_image":"","images":[],"videos":[],"links":[]}]},"excerpt":{"rendered":"El segon filial groguet i la fundaci\u00f3 comparteixen moments inoblidables gr\u00e0cies al projecte Endavant","protected":false},"author":1,"featured_media":245123,"comment_status":"closed","ping_status":"closed","sticky":false,"template":"","format":"standard","meta":{"_acf_changed":false,"footnotes":""},"categories":[13509],"tags":[10325,10773,9270,9227,9205,14003,10921,9203],"acf":null,"lang":"val","translations":{"es":245120,"val":245126,"en":245348},"essential_grid":{"has_grid":false},"formatted_date":"January 18, 2023","modified_date":"January 18, 2023","permalink":"https:\/\/villarrealcf.es\/val\/el-villarreal-c-y-aspropace-amigos-de-por-vida\/","reading_time":5,"featured_media_data":{"id":245123,"title":"ENDAVANT","caption":"","alt_text":"","description":"","mime_type":"image\/jpeg","source_url":"https:\/\/villarrealcf.es\/wp-content\/uploads\/2023\/01\/ENDAVANT.jpg","sizes":{"thumbnail":{"url":"https:\/\/villarrealcf.es\/wp-content\/uploads\/2023\/01\/ENDAVANT-150x150.jpg","width":150,"height":150},"medium":{"url":"https:\/\/villarrealcf.es\/wp-content\/uploads\/2023\/01\/ENDAVANT-300x169.jpg","width":300,"height":169},"medium_large":{"url":"https:\/\/villarrealcf.es\/wp-content\/uploads\/2023\/01\/ENDAVANT-768x432.jpg","width":768,"height":432},"large":{"url":"https:\/\/villarrealcf.es\/wp-content\/uploads\/2023\/01\/ENDAVANT.jpg","width":788,"height":443},"1536x1536":{"url":"https:\/\/villarrealcf.es\/wp-content\/uploads\/2023\/01\/ENDAVANT-1536x864.jpg","width":1536,"height":864},"2048x2048":{"url":"https:\/\/villarrealcf.es\/wp-content\/uploads\/2023\/01\/ENDAVANT.jpg","width":1920,"height":1080},"tp-image-grid":{"url":"https:\/\/villarrealcf.es\/wp-content\/uploads\/2023\/01\/ENDAVANT-700x700.jpg","width":700,"height":700},"size-bunyad-medium":{"url":"https:\/\/villarrealcf.es\/wp-content\/uploads\/2023\/01\/ENDAVANT.jpg","width":1920,"height":1080},"sportspress-crop-medium":{"url":"https:\/\/villarrealcf.es\/wp-content\/uploads\/2023\/01\/ENDAVANT-300x300.jpg","width":300,"height":300},"sportspress-fit-medium":{"url":"https:\/\/villarrealcf.es\/wp-content\/uploads\/2023\/01\/ENDAVANT-300x169.jpg","width":300,"height":169},"sportspress-fit-icon":{"url":"https:\/\/villarrealcf.es\/wp-content\/uploads\/2023\/01\/ENDAVANT-128x72.jpg","width":128,"height":72},"sportspress-fit-mini":{"url":"https:\/\/villarrealcf.es\/wp-content\/uploads\/2023\/01\/ENDAVANT-32x18.jpg","width":32,"height":18},"bunyad-small":{"url":"https:\/\/villarrealcf.es\/wp-content\/uploads\/2023\/01\/ENDAVANT-150x84.jpg","width":150,"height":84},"bunyad-medium":{"url":"https:\/\/villarrealcf.es\/wp-content\/uploads\/2023\/01\/ENDAVANT-450x253.jpg","width":450,"height":253},"bunyad-full":{"url":"https:\/\/villarrealcf.es\/wp-content\/uploads\/2023\/01\/ENDAVANT-1200x675.jpg","width":1200,"height":675},"bunyad-viewport":{"url":"https:\/\/villarrealcf.es\/wp-content\/uploads\/2023\/01\/ENDAVANT.jpg","width":1920,"height":1080},"bunyad-768":{"url":"https:\/\/villarrealcf.es\/wp-content\/uploads\/2023\/01\/ENDAVANT-768x432.jpg","width":768,"height":432},"full":{"url":"https:\/\/villarrealcf.es\/wp-content\/uploads\/2023\/01\/ENDAVANT.jpg","width":1920,"height":1080}}},"author_data":{"id":"1","name":"root_envidea","first_name":"Villarreal CF","last_name":"","description":"","avatar_url":"https:\/\/secure.gravatar.com\/avatar\/48f95f42a3ccc324f3a3458e4b9e6fb070b083e99d388e170c1afb061fa99b63?s=96&d=mm&r=g","acf":null},"taxonomies_data":{"category":[{"id":13509,"name":"Endavant","slug":"endavant-val","acf":null}],"post_tag":[{"id":10325,"name":"Cantera Grogueta","slug":"cantera-grogueta-val","acf":null},{"id":10773,"name":"Endavant Igualtat","slug":"endavant-igualtat-val-2","acf":null},{"id":9270,"name":"Futbol","slug":"futbol-val","acf":null},{"id":9227,"name":"F\u00fatbol Base","slug":"futbol-base-val","acf":null},{"id":9205,"name":"Submarino","slug":"submarino-val","acf":null},{"id":14003,"name":"Tercera RFEF","slug":"tercera-rfef-2-val","acf":null},{"id":10921,"name":"Villarreal C","slug":"villarreal-c-val","acf":null},{"id":9203,"name":"Villarreal CF","slug":"villarreal-cf-val","acf":null}],"translation_priority":[{"id":735,"name":"Optional","slug":"optional-val","acf":null}]},"seo_full":{"native":{"title":"El Villarreal C i Aspropace, amics per sempre - Web Oficial del Villarreal CF","description":"El segon filial groguet i la fundaci\u00f3 comparteixen moments inoblidables gr\u00e0cies al projecte Endavant","canonical":"https:\/\/villarrealcf.es\/val\/el-villarreal-c-y-aspropace-amigos-de-por-vida\/"}},"_links":{"self":[{"href":"https:\/\/villarrealcf.es\/val\/wp-json\/wp\/v2\/posts\/245126","targetHints":{"allow":["GET"]}}],"collection":[{"href":"https:\/\/villarrealcf.es\/val\/wp-json\/wp\/v2\/posts"}],"about":[{"href":"https:\/\/villarrealcf.es\/val\/wp-json\/wp\/v2\/types\/post"}],"author":[{"embeddable":true,"href":"https:\/\/villarrealcf.es\/val\/wp-json\/wp\/v2\/users\/1"}],"replies":[{"embeddable":true,"href":"https:\/\/villarrealcf.es\/val\/wp-json\/wp\/v2\/comments?post=245126"}],"version-history":[{"count":0,"href":"https:\/\/villarrealcf.es\/val\/wp-json\/wp\/v2\/posts\/245126\/revisions"}],"wp:featuredmedia":[{"embeddable":true,"href":"https:\/\/villarrealcf.es\/val\/wp-json\/wp\/v2\/media\/245123"}],"wp:attachment":[{"href":"https:\/\/villarrealcf.es\/val\/wp-json\/wp\/v2\/media?parent=245126"}],"wp:term":[{"taxonomy":"category","embeddable":true,"href":"https:\/\/villarrealcf.es\/val\/wp-json\/wp\/v2\/categories?post=245126"},{"taxonomy":"post_tag","embeddable":true,"href":"https:\/\/villarrealcf.es\/val\/wp-json\/wp\/v2\/tags?post=245126"}],"curies":[{"name":"wp","href":"https:\/\/api.w.org\/{rel}","templated":true}]}}