{"id":243790,"date":"2023-01-16T11:02:06","date_gmt":"2023-01-16T10:02:06","guid":{"rendered":"https:\/\/villarrealcf.es\/\/lucia-romero-talento-para-el-mediocentro\/"},"modified":"2023-01-16T11:23:30","modified_gmt":"2023-01-16T10:23:30","slug":"lucia-romero-talento-para-el-mediocentro","status":"publish","type":"post","link":"https:\/\/villarrealcf.es\/val\/lucia-romero-talento-para-el-mediocentro\/","title":{"rendered":"Luc\u00eda Romero, talent per al mig del camp"},"content":{"protected":false,"blocks":[{"type":"heading","level":2,"text":"El Villarreal Femen\u00ed aposta per la jove canterana castellonenca fins a 2026"},{"type":"paragraph","text":"El Villarreal CF ha aconseguit un acord amb la jove futbolista Luc\u00eda Romero, que ja vestia l\u2019el\u00e0stica grogueta, perqu\u00e8 continue jugant al Villarreal Femen\u00ed fins a 2026."},{"type":"paragraph","text":"Projecci\u00f3 de futur per al Villarreal Femen\u00ed"},{"type":"paragraph","text":"Luc\u00eda Romero Marco (31\/12\/2006) \u00e9s una jove futbolista amb una enorme projecci\u00f3 de futur. La migcampista esquerrana destaca per ser molt completa malgrat la seua curta edat, ja que \u00e9s molt h\u00e0bil amb l\u2019esf\u00e8ric i posseeix una gran conducci\u00f3 de pilota i un bon regateig. A m\u00e9s, Luc\u00eda es caracteritza per tindre visi\u00f3 de joc i un colpege bastant prec\u00eds."},{"type":"paragraph","text":"La futbolista de les Alqueries (Castell\u00f3) va debutar el 16 d\u2019octubre de 2022 en la Finetwork Liga F (primera divisi\u00f3 femenina) amb tan sols 15 anys, 10 mesos i 16 dies. Hui dia, Romero ja ha gaudit de 85 minuts (dividits entre quatre partit) en la m\u00e0xima categoria del futbol femen\u00ed espanyol i tamb\u00e9 va disputar el partit corresponent als setzens de final de la Copa de S. M. la Reina."},{"type":"paragraph","text":"Cal destacar que la futbolista grogueta ha rebut recentment la crida de la Selecci\u00f3 Espanyola Sub-17."}],"structured":{"summary":{"text":"El Villarreal Femen\u00ed aposta per la jove canterana castellonenca fins a 2026 El Villarreal CF ha aconseguit un acord amb la jove futbolista Luc\u00eda Romero, que ja vestia l\u2019el\u00e0stica grogueta, perqu\u00e8 continue jugant al Villarreal Femen\u00ed fins a 2026. Projecci\u00f3 de futur per al Villarreal Femen\u00ed Luc\u00eda Romero Marco (31\/12\/2006) \u00e9s una jove futbolista amb una enorme projecci\u00f3 de futur. La migcampista esquerrana destaca per ser molt completa malgrat la seua curta edat, ja que \u00e9s molt h\u00e0bil amb l\u2019esf\u00e8ric i posseeix una gran conducci\u00f3 de pilota i un bon regateig. A m\u00e9s, Luc\u00eda es caracteritza per tindre visi\u00f3 de joc i un colpege bastant prec\u00eds. La futbolista de les Alqueries (Castell\u00f3) va debutar el 16 d\u2019octubre de 2022 en la Finetwork Liga F (primera divisi\u00f3 femenina) amb tan sols 15 anys, 10 mesos i 16 dies. Hui dia, Romero ja ha gaudit de 85 minuts (dividits entre quatre partit) en la m\u00e0xima categoria del futbol femen\u00ed espanyol i tamb\u00e9 va disputar el partit corresponent als setzens de final de la Copa de S. M. la Reina. Cal destacar que la futbolista grogueta ha rebut recentment la crida de la Selecci\u00f3 Espanyola Sub-17.","headings":[{"type":"heading","level":2,"text":"El Villarreal Femen\u00ed aposta per la jove canterana castellonenca fins a 2026"}],"buttons":[],"images":[],"counts":{"blocks":6,"headings":1,"texts":5,"buttons":0,"images":0}},"sections":[{"id":"section-1","title":"El Villarreal Femen\u00ed aposta per la jove canterana castellonenca fins a 2026","text":"El Villarreal Femen\u00ed aposta per la jove canterana castellonenca fins a 2026 El Villarreal CF ha aconseguit un acord amb la jove futbolista Luc\u00eda Romero, que ja vestia l\u2019el\u00e0stica grogueta, perqu\u00e8 continue jugant al Villarreal Femen\u00ed fins a 2026. Projecci\u00f3 de futur per al Villarreal Femen\u00ed Luc\u00eda Romero Marco (31\/12\/2006) \u00e9s una jove futbolista amb una enorme projecci\u00f3 de futur. La migcampista esquerrana destaca per ser molt completa malgrat la seua curta edat, ja que \u00e9s molt h\u00e0bil amb l\u2019esf\u00e8ric i posseeix una gran conducci\u00f3 de pilota i un bon regateig. A m\u00e9s, Luc\u00eda es caracteritza per tindre visi\u00f3 de joc i un colpege bastant prec\u00eds. La futbolista de les Alqueries (Castell\u00f3) va debutar el 16 d\u2019octubre de 2022 en la Finetwork Liga F (primera divisi\u00f3 femenina) amb tan sols 15 anys, 10 mesos i 16 dies. Hui dia, Romero ja ha gaudit de 85 minuts (dividits entre quatre partit) en la m\u00e0xima categoria del futbol femen\u00ed espanyol i tamb\u00e9 va disputar el partit corresponent als setzens de final de la Copa de S. M. la Reina. Cal destacar que la futbolista grogueta ha rebut recentment la crida de la Selecci\u00f3 Espanyola Sub-17.","headings":[{"type":"heading","level":2,"text":"El Villarreal Femen\u00ed aposta per la jove canterana castellonenca fins a 2026"}],"texts":[{"type":"paragraph","text":"El Villarreal CF ha aconseguit un acord amb la jove futbolista Luc\u00eda Romero, que ja vestia l\u2019el\u00e0stica grogueta, perqu\u00e8 continue jugant al Villarreal Femen\u00ed fins a 2026."},{"type":"paragraph","text":"Projecci\u00f3 de futur per al Villarreal Femen\u00ed"},{"type":"paragraph","text":"Luc\u00eda Romero Marco (31\/12\/2006) \u00e9s una jove futbolista amb una enorme projecci\u00f3 de futur. La migcampista esquerrana destaca per ser molt completa malgrat la seua curta edat, ja que \u00e9s molt h\u00e0bil amb l\u2019esf\u00e8ric i posseeix una gran conducci\u00f3 de pilota i un bon regateig. A m\u00e9s, Luc\u00eda es caracteritza per tindre visi\u00f3 de joc i un colpege bastant prec\u00eds."},{"type":"paragraph","text":"La futbolista de les Alqueries (Castell\u00f3) va debutar el 16 d\u2019octubre de 2022 en la Finetwork Liga F (primera divisi\u00f3 femenina) amb tan sols 15 anys, 10 mesos i 16 dies. Hui dia, Romero ja ha gaudit de 85 minuts (dividits entre quatre partit) en la m\u00e0xima categoria del futbol femen\u00ed espanyol i tamb\u00e9 va disputar el partit corresponent als setzens de final de la Copa de S. M. la Reina."},{"type":"paragraph","text":"Cal destacar que la futbolista grogueta ha rebut recentment la crida de la Selecci\u00f3 Espanyola Sub-17."}],"buttons":[],"images":[],"widgets":[],"blocks":[{"type":"heading","level":2,"text":"El Villarreal Femen\u00ed aposta per la jove canterana castellonenca fins a 2026"},{"type":"paragraph","text":"El Villarreal CF ha aconseguit un acord amb la jove futbolista Luc\u00eda Romero, que ja vestia l\u2019el\u00e0stica grogueta, perqu\u00e8 continue jugant al Villarreal Femen\u00ed fins a 2026."},{"type":"paragraph","text":"Projecci\u00f3 de futur per al Villarreal Femen\u00ed"},{"type":"paragraph","text":"Luc\u00eda Romero Marco (31\/12\/2006) \u00e9s una jove futbolista amb una enorme projecci\u00f3 de futur. La migcampista esquerrana destaca per ser molt completa malgrat la seua curta edat, ja que \u00e9s molt h\u00e0bil amb l\u2019esf\u00e8ric i posseeix una gran conducci\u00f3 de pilota i un bon regateig. A m\u00e9s, Luc\u00eda es caracteritza per tindre visi\u00f3 de joc i un colpege bastant prec\u00eds."},{"type":"paragraph","text":"La futbolista de les Alqueries (Castell\u00f3) va debutar el 16 d\u2019octubre de 2022 en la Finetwork Liga F (primera divisi\u00f3 femenina) amb tan sols 15 anys, 10 mesos i 16 dies. Hui dia, Romero ja ha gaudit de 85 minuts (dividits entre quatre partit) en la m\u00e0xima categoria del futbol femen\u00ed espanyol i tamb\u00e9 va disputar el partit corresponent als setzens de final de la Copa de S. M. la Reina."},{"type":"paragraph","text":"Cal destacar que la futbolista grogueta ha rebut recentment la crida de la Selecci\u00f3 Espanyola Sub-17."}]}],"hero":{"id":"section-1","title":"El Villarreal Femen\u00ed aposta per la jove canterana castellonenca fins a 2026","text":"El Villarreal Femen\u00ed aposta per la jove canterana castellonenca fins a 2026 El Villarreal CF ha aconseguit un acord amb la jove futbolista Luc\u00eda Romero, que ja vestia l\u2019el\u00e0stica grogueta, perqu\u00e8 continue jugant al Villarreal Femen\u00ed fins a 2026. Projecci\u00f3 de futur per al Villarreal Femen\u00ed Luc\u00eda Romero Marco (31\/12\/2006) \u00e9s una jove futbolista amb una enorme projecci\u00f3 de futur. La migcampista esquerrana destaca per ser molt completa malgrat la seua curta edat, ja que \u00e9s molt h\u00e0bil amb l\u2019esf\u00e8ric i posseeix una gran conducci\u00f3 de pilota i un bon regateig. A m\u00e9s, Luc\u00eda es caracteritza per tindre visi\u00f3 de joc i un colpege bastant prec\u00eds. La futbolista de les Alqueries (Castell\u00f3) va debutar el 16 d\u2019octubre de 2022 en la Finetwork Liga F (primera divisi\u00f3 femenina) amb tan sols 15 anys, 10 mesos i 16 dies. Hui dia, Romero ja ha gaudit de 85 minuts (dividits entre quatre partit) en la m\u00e0xima categoria del futbol femen\u00ed espanyol i tamb\u00e9 va disputar el partit corresponent als setzens de final de la Copa de S. M. la Reina. Cal destacar que la futbolista grogueta ha rebut recentment la crida de la Selecci\u00f3 Espanyola Sub-17.","headings":[{"type":"heading","level":2,"text":"El Villarreal Femen\u00ed aposta per la jove canterana castellonenca fins a 2026"}],"texts":[{"type":"paragraph","text":"El Villarreal CF ha aconseguit un acord amb la jove futbolista Luc\u00eda Romero, que ja vestia l\u2019el\u00e0stica grogueta, perqu\u00e8 continue jugant al Villarreal Femen\u00ed fins a 2026."},{"type":"paragraph","text":"Projecci\u00f3 de futur per al Villarreal Femen\u00ed"},{"type":"paragraph","text":"Luc\u00eda Romero Marco (31\/12\/2006) \u00e9s una jove futbolista amb una enorme projecci\u00f3 de futur. La migcampista esquerrana destaca per ser molt completa malgrat la seua curta edat, ja que \u00e9s molt h\u00e0bil amb l\u2019esf\u00e8ric i posseeix una gran conducci\u00f3 de pilota i un bon regateig. A m\u00e9s, Luc\u00eda es caracteritza per tindre visi\u00f3 de joc i un colpege bastant prec\u00eds."},{"type":"paragraph","text":"La futbolista de les Alqueries (Castell\u00f3) va debutar el 16 d\u2019octubre de 2022 en la Finetwork Liga F (primera divisi\u00f3 femenina) amb tan sols 15 anys, 10 mesos i 16 dies. Hui dia, Romero ja ha gaudit de 85 minuts (dividits entre quatre partit) en la m\u00e0xima categoria del futbol femen\u00ed espanyol i tamb\u00e9 va disputar el partit corresponent als setzens de final de la Copa de S. M. la Reina."},{"type":"paragraph","text":"Cal destacar que la futbolista grogueta ha rebut recentment la crida de la Selecci\u00f3 Espanyola Sub-17."}],"buttons":[],"images":[],"widgets":[],"blocks":[{"type":"heading","level":2,"text":"El Villarreal Femen\u00ed aposta per la jove canterana castellonenca fins a 2026"},{"type":"paragraph","text":"El Villarreal CF ha aconseguit un acord amb la jove futbolista Luc\u00eda Romero, que ja vestia l\u2019el\u00e0stica grogueta, perqu\u00e8 continue jugant al Villarreal Femen\u00ed fins a 2026."},{"type":"paragraph","text":"Projecci\u00f3 de futur per al Villarreal Femen\u00ed"},{"type":"paragraph","text":"Luc\u00eda Romero Marco (31\/12\/2006) \u00e9s una jove futbolista amb una enorme projecci\u00f3 de futur. La migcampista esquerrana destaca per ser molt completa malgrat la seua curta edat, ja que \u00e9s molt h\u00e0bil amb l\u2019esf\u00e8ric i posseeix una gran conducci\u00f3 de pilota i un bon regateig. A m\u00e9s, Luc\u00eda es caracteritza per tindre visi\u00f3 de joc i un colpege bastant prec\u00eds."},{"type":"paragraph","text":"La futbolista de les Alqueries (Castell\u00f3) va debutar el 16 d\u2019octubre de 2022 en la Finetwork Liga F (primera divisi\u00f3 femenina) amb tan sols 15 anys, 10 mesos i 16 dies. Hui dia, Romero ja ha gaudit de 85 minuts (dividits entre quatre partit) en la m\u00e0xima categoria del futbol femen\u00ed espanyol i tamb\u00e9 va disputar el partit corresponent als setzens de final de la Copa de S. M. la Reina."},{"type":"paragraph","text":"Cal destacar que la futbolista grogueta ha rebut recentment la crida de la Selecci\u00f3 Espanyola Sub-17."}]}},"sections":[{"id":"section-1","title":"El Villarreal Femen\u00ed aposta per la jove canterana castellonenca fins a 2026","text":"El Villarreal Femen\u00ed aposta per la jove canterana castellonenca fins a 2026 El Villarreal CF ha aconseguit un acord amb la jove futbolista Luc\u00eda Romero, que ja vestia l\u2019el\u00e0stica grogueta, perqu\u00e8 continue jugant al Villarreal Femen\u00ed fins a 2026. Projecci\u00f3 de futur per al Villarreal Femen\u00ed Luc\u00eda Romero Marco (31\/12\/2006) \u00e9s una jove futbolista amb una enorme projecci\u00f3 de futur. La migcampista esquerrana destaca per ser molt completa malgrat la seua curta edat, ja que \u00e9s molt h\u00e0bil amb l\u2019esf\u00e8ric i posseeix una gran conducci\u00f3 de pilota i un bon regateig. A m\u00e9s, Luc\u00eda es caracteritza per tindre visi\u00f3 de joc i un colpege bastant prec\u00eds. La futbolista de les Alqueries (Castell\u00f3) va debutar el 16 d\u2019octubre de 2022 en la Finetwork Liga F (primera divisi\u00f3 femenina) amb tan sols 15 anys, 10 mesos i 16 dies. Hui dia, Romero ja ha gaudit de 85 minuts (dividits entre quatre partit) en la m\u00e0xima categoria del futbol femen\u00ed espanyol i tamb\u00e9 va disputar el partit corresponent als setzens de final de la Copa de S. M. la Reina. Cal destacar que la futbolista grogueta ha rebut recentment la crida de la Selecci\u00f3 Espanyola Sub-17.","url":"","background_image":"","images":[],"videos":[],"links":[]}]},"excerpt":{"rendered":"El Villarreal Femen\u00ed aposta per la jove canterana castellonenca fins a 2026","protected":false},"author":29,"featured_media":243788,"comment_status":"closed","ping_status":"closed","sticky":false,"template":"","format":"standard","meta":{"_acf_changed":false,"footnotes":""},"categories":[13785],"tags":[717,9270,9684,13976,716,9205,9203,12685],"acf":null,"lang":"val","translations":{"es":243775,"val":243790,"en":243798},"essential_grid":{"has_grid":false},"formatted_date":"January 16, 2023","modified_date":"January 16, 2023","permalink":"https:\/\/villarrealcf.es\/val\/lucia-romero-talento-para-el-mediocentro\/","reading_time":1,"featured_media_data":{"id":243788,"title":"IMG_9344 ok","caption":"","alt_text":"","description":"","mime_type":"image\/jpeg","source_url":"https:\/\/villarrealcf.es\/wp-content\/uploads\/2023\/01\/IMG_9344-ok-1.jpg","sizes":{"thumbnail":{"url":"https:\/\/villarrealcf.es\/wp-content\/uploads\/2023\/01\/IMG_9344-ok-1-150x150.jpg","width":150,"height":150},"medium":{"url":"https:\/\/villarrealcf.es\/wp-content\/uploads\/2023\/01\/IMG_9344-ok-1-300x169.jpg","width":300,"height":169},"medium_large":{"url":"https:\/\/villarrealcf.es\/wp-content\/uploads\/2023\/01\/IMG_9344-ok-1-768x432.jpg","width":768,"height":432},"large":{"url":"https:\/\/villarrealcf.es\/wp-content\/uploads\/2023\/01\/IMG_9344-ok-1.jpg","width":788,"height":443},"1536x1536":{"url":"https:\/\/villarrealcf.es\/wp-content\/uploads\/2023\/01\/IMG_9344-ok-1-1536x864.jpg","width":1536,"height":864},"2048x2048":{"url":"https:\/\/villarrealcf.es\/wp-content\/uploads\/2023\/01\/IMG_9344-ok-1.jpg","width":1920,"height":1080},"tp-image-grid":{"url":"https:\/\/villarrealcf.es\/wp-content\/uploads\/2023\/01\/IMG_9344-ok-1-700x700.jpg","width":700,"height":700},"size-bunyad-medium":{"url":"https:\/\/villarrealcf.es\/wp-content\/uploads\/2023\/01\/IMG_9344-ok-1.jpg","width":1920,"height":1080},"sportspress-crop-medium":{"url":"https:\/\/villarrealcf.es\/wp-content\/uploads\/2023\/01\/IMG_9344-ok-1-300x300.jpg","width":300,"height":300},"sportspress-fit-medium":{"url":"https:\/\/villarrealcf.es\/wp-content\/uploads\/2023\/01\/IMG_9344-ok-1-300x169.jpg","width":300,"height":169},"sportspress-fit-icon":{"url":"https:\/\/villarrealcf.es\/wp-content\/uploads\/2023\/01\/IMG_9344-ok-1-128x72.jpg","width":128,"height":72},"sportspress-fit-mini":{"url":"https:\/\/villarrealcf.es\/wp-content\/uploads\/2023\/01\/IMG_9344-ok-1-32x18.jpg","width":32,"height":18},"bunyad-small":{"url":"https:\/\/villarrealcf.es\/wp-content\/uploads\/2023\/01\/IMG_9344-ok-1-150x84.jpg","width":150,"height":84},"bunyad-medium":{"url":"https:\/\/villarrealcf.es\/wp-content\/uploads\/2023\/01\/IMG_9344-ok-1-450x253.jpg","width":450,"height":253},"bunyad-full":{"url":"https:\/\/villarrealcf.es\/wp-content\/uploads\/2023\/01\/IMG_9344-ok-1-1200x675.jpg","width":1200,"height":675},"bunyad-viewport":{"url":"https:\/\/villarrealcf.es\/wp-content\/uploads\/2023\/01\/IMG_9344-ok-1.jpg","width":1920,"height":1080},"bunyad-768":{"url":"https:\/\/villarrealcf.es\/wp-content\/uploads\/2023\/01\/IMG_9344-ok-1-768x432.jpg","width":768,"height":432},"full":{"url":"https:\/\/villarrealcf.es\/wp-content\/uploads\/2023\/01\/IMG_9344-ok-1.jpg","width":1920,"height":1080}}},"author_data":{"id":"29","name":"Azahara Beroy","first_name":"Azahara","last_name":"Beroy","description":"","avatar_url":"https:\/\/secure.gravatar.com\/avatar\/91b979a91a1925e60814719244bbf7824af58ced5a6e2130c2611bde24439aa7?s=96&d=mm&r=g","acf":null},"taxonomies_data":{"category":[{"id":13785,"name":"Futbol Femen\u00ed","slug":"futbol-femenino-val","acf":null}],"post_tag":[{"id":717,"name":"Football","slug":"football-d34","acf":null},{"id":9270,"name":"Futbol","slug":"futbol-val","acf":null},{"id":9684,"name":"F\u00fatbol Femenino","slug":"futbol-femenino-val-2","acf":null},{"id":13976,"name":"Luc\u00eda Romero","slug":"lucia-romero-val","acf":null},{"id":716,"name":"Soccer","slug":"soccer-d105","acf":null},{"id":9205,"name":"Submarino","slug":"submarino-val","acf":null},{"id":9203,"name":"Villarreal CF","slug":"villarreal-cf-val","acf":null},{"id":12685,"name":"Villarreal Femenino","slug":"villarreal-femenino-val","acf":null}],"translation_priority":[{"id":735,"name":"Optional","slug":"optional-val","acf":null}]},"seo_full":{"native":{"title":"Luc\u00eda Romero, talent per al mig del camp - Web Oficial del Villarreal CF","description":"El Villarreal Femen\u00ed aposta per la jove canterana castellonenca fins a 2026","canonical":"https:\/\/villarrealcf.es\/val\/lucia-romero-talento-para-el-mediocentro\/"}},"_links":{"self":[{"href":"https:\/\/villarrealcf.es\/val\/wp-json\/wp\/v2\/posts\/243790","targetHints":{"allow":["GET"]}}],"collection":[{"href":"https:\/\/villarrealcf.es\/val\/wp-json\/wp\/v2\/posts"}],"about":[{"href":"https:\/\/villarrealcf.es\/val\/wp-json\/wp\/v2\/types\/post"}],"author":[{"embeddable":true,"href":"https:\/\/villarrealcf.es\/val\/wp-json\/wp\/v2\/users\/29"}],"replies":[{"embeddable":true,"href":"https:\/\/villarrealcf.es\/val\/wp-json\/wp\/v2\/comments?post=243790"}],"version-history":[{"count":0,"href":"https:\/\/villarrealcf.es\/val\/wp-json\/wp\/v2\/posts\/243790\/revisions"}],"wp:featuredmedia":[{"embeddable":true,"href":"https:\/\/villarrealcf.es\/val\/wp-json\/wp\/v2\/media\/243788"}],"wp:attachment":[{"href":"https:\/\/villarrealcf.es\/val\/wp-json\/wp\/v2\/media?parent=243790"}],"wp:term":[{"taxonomy":"category","embeddable":true,"href":"https:\/\/villarrealcf.es\/val\/wp-json\/wp\/v2\/categories?post=243790"},{"taxonomy":"post_tag","embeddable":true,"href":"https:\/\/villarrealcf.es\/val\/wp-json\/wp\/v2\/tags?post=243790"}],"curies":[{"name":"wp","href":"https:\/\/api.w.org\/{rel}","templated":true}]}}