{"id":243490,"date":"2023-01-13T18:36:12","date_gmt":"2023-01-13T17:36:12","guid":{"rendered":"https:\/\/villarrealcf.es\/\/el-villarreal-rayo-vallecano-ya-tiene-horario\/"},"modified":"2023-01-13T19:32:13","modified_gmt":"2023-01-13T18:32:13","slug":"el-villarreal-rayo-vallecano-ya-tiene-horario","status":"publish","type":"post","link":"https:\/\/villarrealcf.es\/val\/el-villarreal-rayo-vallecano-ya-tiene-horario\/","title":{"rendered":"El Villarreal-Rayo Vallecano ja t\u00e9 horari"},"content":{"protected":false,"blocks":[{"type":"heading","level":2,"text":"Groguets i franjirrojos s\u2019enfrontaran en l\u2019Estadi de la Cer\u00e0mica el dilluns 30 de gener a partir de les 21.00 hores"},{"type":"paragraph","text":"LaLiga ha donat a con\u00e9ixer els horaris de la jornada 19 de LaLiga Santander 2022\/23. El Villarreal CF rebr\u00e0 al Rayo Vallecano en l\u2019Estadi de la Cer\u00e0mica dilluns que ve 30 de gener a partir de les 21.00 hores."},{"type":"paragraph","text":"El partit es podr\u00e0 seguir en directe a trav\u00e9s de Movistar LaLiga. #VillarrealRayo"}],"structured":{"summary":{"text":"Groguets i franjirrojos s\u2019enfrontaran en l\u2019Estadi de la Cer\u00e0mica el dilluns 30 de gener a partir de les 21.00 hores LaLiga ha donat a con\u00e9ixer els horaris de la jornada 19 de LaLiga Santander 2022\/23. El Villarreal CF rebr\u00e0 al Rayo Vallecano en l\u2019Estadi de la Cer\u00e0mica dilluns que ve 30 de gener a partir de les 21.00 hores. El partit es podr\u00e0 seguir en directe a trav\u00e9s de Movistar LaLiga. #VillarrealRayo","headings":[{"type":"heading","level":2,"text":"Groguets i franjirrojos s\u2019enfrontaran en l\u2019Estadi de la Cer\u00e0mica el dilluns 30 de gener a partir de les 21.00 hores"}],"buttons":[],"images":[],"counts":{"blocks":3,"headings":1,"texts":2,"buttons":0,"images":0}},"sections":[{"id":"section-1","title":"Groguets i franjirrojos s\u2019enfrontaran en l\u2019Estadi de la Cer\u00e0mica el dilluns 30 de gener a partir de les 21.00 hores","text":"Groguets i franjirrojos s\u2019enfrontaran en l\u2019Estadi de la Cer\u00e0mica el dilluns 30 de gener a partir de les 21.00 hores LaLiga ha donat a con\u00e9ixer els horaris de la jornada 19 de LaLiga Santander 2022\/23. El Villarreal CF rebr\u00e0 al Rayo Vallecano en l\u2019Estadi de la Cer\u00e0mica dilluns que ve 30 de gener a partir de les 21.00 hores. El partit es podr\u00e0 seguir en directe a trav\u00e9s de Movistar LaLiga. #VillarrealRayo","headings":[{"type":"heading","level":2,"text":"Groguets i franjirrojos s\u2019enfrontaran en l\u2019Estadi de la Cer\u00e0mica el dilluns 30 de gener a partir de les 21.00 hores"}],"texts":[{"type":"paragraph","text":"LaLiga ha donat a con\u00e9ixer els horaris de la jornada 19 de LaLiga Santander 2022\/23. El Villarreal CF rebr\u00e0 al Rayo Vallecano en l\u2019Estadi de la Cer\u00e0mica dilluns que ve 30 de gener a partir de les 21.00 hores."},{"type":"paragraph","text":"El partit es podr\u00e0 seguir en directe a trav\u00e9s de Movistar LaLiga. #VillarrealRayo"}],"buttons":[],"images":[],"widgets":[],"blocks":[{"type":"heading","level":2,"text":"Groguets i franjirrojos s\u2019enfrontaran en l\u2019Estadi de la Cer\u00e0mica el dilluns 30 de gener a partir de les 21.00 hores"},{"type":"paragraph","text":"LaLiga ha donat a con\u00e9ixer els horaris de la jornada 19 de LaLiga Santander 2022\/23. El Villarreal CF rebr\u00e0 al Rayo Vallecano en l\u2019Estadi de la Cer\u00e0mica dilluns que ve 30 de gener a partir de les 21.00 hores."},{"type":"paragraph","text":"El partit es podr\u00e0 seguir en directe a trav\u00e9s de Movistar LaLiga. #VillarrealRayo"}]}],"hero":{"id":"section-1","title":"Groguets i franjirrojos s\u2019enfrontaran en l\u2019Estadi de la Cer\u00e0mica el dilluns 30 de gener a partir de les 21.00 hores","text":"Groguets i franjirrojos s\u2019enfrontaran en l\u2019Estadi de la Cer\u00e0mica el dilluns 30 de gener a partir de les 21.00 hores LaLiga ha donat a con\u00e9ixer els horaris de la jornada 19 de LaLiga Santander 2022\/23. El Villarreal CF rebr\u00e0 al Rayo Vallecano en l\u2019Estadi de la Cer\u00e0mica dilluns que ve 30 de gener a partir de les 21.00 hores. El partit es podr\u00e0 seguir en directe a trav\u00e9s de Movistar LaLiga. #VillarrealRayo","headings":[{"type":"heading","level":2,"text":"Groguets i franjirrojos s\u2019enfrontaran en l\u2019Estadi de la Cer\u00e0mica el dilluns 30 de gener a partir de les 21.00 hores"}],"texts":[{"type":"paragraph","text":"LaLiga ha donat a con\u00e9ixer els horaris de la jornada 19 de LaLiga Santander 2022\/23. El Villarreal CF rebr\u00e0 al Rayo Vallecano en l\u2019Estadi de la Cer\u00e0mica dilluns que ve 30 de gener a partir de les 21.00 hores."},{"type":"paragraph","text":"El partit es podr\u00e0 seguir en directe a trav\u00e9s de Movistar LaLiga. #VillarrealRayo"}],"buttons":[],"images":[],"widgets":[],"blocks":[{"type":"heading","level":2,"text":"Groguets i franjirrojos s\u2019enfrontaran en l\u2019Estadi de la Cer\u00e0mica el dilluns 30 de gener a partir de les 21.00 hores"},{"type":"paragraph","text":"LaLiga ha donat a con\u00e9ixer els horaris de la jornada 19 de LaLiga Santander 2022\/23. El Villarreal CF rebr\u00e0 al Rayo Vallecano en l\u2019Estadi de la Cer\u00e0mica dilluns que ve 30 de gener a partir de les 21.00 hores."},{"type":"paragraph","text":"El partit es podr\u00e0 seguir en directe a trav\u00e9s de Movistar LaLiga. #VillarrealRayo"}]}},"sections":[{"id":"section-1","title":"Groguets i franjirrojos s\u2019enfrontaran en l\u2019Estadi de la Cer\u00e0mica el dilluns 30 de gener a partir de les 21.00 hores","text":"Groguets i franjirrojos s\u2019enfrontaran en l\u2019Estadi de la Cer\u00e0mica el dilluns 30 de gener a partir de les 21.00 hores LaLiga ha donat a con\u00e9ixer els horaris de la jornada 19 de LaLiga Santander 2022\/23. El Villarreal CF rebr\u00e0 al Rayo Vallecano en l\u2019Estadi de la Cer\u00e0mica dilluns que ve 30 de gener a partir de les 21.00 hores. El partit es podr\u00e0 seguir en directe a trav\u00e9s de Movistar LaLiga. #VillarrealRayo","url":"","background_image":"","images":[],"videos":[],"links":[]}]},"excerpt":{"rendered":"Groguets i franjirrojos s&#8217;enfrontaran en l&#8217;Estadi de la Cer\u00e0mica el dilluns 30 de gener a partir de les 21.00 hores\n","protected":false},"author":33,"featured_media":243489,"comment_status":"closed","ping_status":"closed","sticky":false,"template":"","format":"standard","meta":{"_acf_changed":false,"footnotes":""},"categories":[],"tags":[717,716],"acf":null,"lang":"val","translations":{"val":243490,"en":243506},"essential_grid":{"has_grid":false},"formatted_date":"January 13, 2023","modified_date":"January 13, 2023","permalink":"https:\/\/villarrealcf.es\/val\/el-villarreal-rayo-vallecano-ya-tiene-horario\/","reading_time":1,"featured_media_data":{"id":243489,"title":"rayo","caption":"","alt_text":"","description":"","mime_type":"image\/jpeg","source_url":"https:\/\/villarrealcf.es\/wp-content\/uploads\/2023\/01\/rayo.jpg","sizes":{"thumbnail":{"url":"https:\/\/villarrealcf.es\/wp-content\/uploads\/2023\/01\/rayo-150x150.jpg","width":150,"height":150},"medium":{"url":"https:\/\/villarrealcf.es\/wp-content\/uploads\/2023\/01\/rayo-300x169.jpg","width":300,"height":169},"medium_large":{"url":"https:\/\/villarrealcf.es\/wp-content\/uploads\/2023\/01\/rayo-768x432.jpg","width":768,"height":432},"large":{"url":"https:\/\/villarrealcf.es\/wp-content\/uploads\/2023\/01\/rayo.jpg","width":788,"height":443},"1536x1536":{"url":"https:\/\/villarrealcf.es\/wp-content\/uploads\/2023\/01\/rayo-1536x864.jpg","width":1536,"height":864},"2048x2048":{"url":"https:\/\/villarrealcf.es\/wp-content\/uploads\/2023\/01\/rayo.jpg","width":1920,"height":1080},"tp-image-grid":{"url":"https:\/\/villarrealcf.es\/wp-content\/uploads\/2023\/01\/rayo-700x700.jpg","width":700,"height":700},"size-bunyad-medium":{"url":"https:\/\/villarrealcf.es\/wp-content\/uploads\/2023\/01\/rayo.jpg","width":1920,"height":1080},"sportspress-crop-medium":{"url":"https:\/\/villarrealcf.es\/wp-content\/uploads\/2023\/01\/rayo-300x300.jpg","width":300,"height":300},"sportspress-fit-medium":{"url":"https:\/\/villarrealcf.es\/wp-content\/uploads\/2023\/01\/rayo-300x169.jpg","width":300,"height":169},"sportspress-fit-icon":{"url":"https:\/\/villarrealcf.es\/wp-content\/uploads\/2023\/01\/rayo-128x72.jpg","width":128,"height":72},"sportspress-fit-mini":{"url":"https:\/\/villarrealcf.es\/wp-content\/uploads\/2023\/01\/rayo-32x18.jpg","width":32,"height":18},"bunyad-small":{"url":"https:\/\/villarrealcf.es\/wp-content\/uploads\/2023\/01\/rayo-150x84.jpg","width":150,"height":84},"bunyad-medium":{"url":"https:\/\/villarrealcf.es\/wp-content\/uploads\/2023\/01\/rayo-450x253.jpg","width":450,"height":253},"bunyad-full":{"url":"https:\/\/villarrealcf.es\/wp-content\/uploads\/2023\/01\/rayo-1200x675.jpg","width":1200,"height":675},"bunyad-viewport":{"url":"https:\/\/villarrealcf.es\/wp-content\/uploads\/2023\/01\/rayo.jpg","width":1920,"height":1080},"bunyad-768":{"url":"https:\/\/villarrealcf.es\/wp-content\/uploads\/2023\/01\/rayo-768x432.jpg","width":768,"height":432},"full":{"url":"https:\/\/villarrealcf.es\/wp-content\/uploads\/2023\/01\/rayo.jpg","width":1920,"height":1080}}},"author_data":{"id":"33","name":"Nacho Tejada","first_name":"Nacho","last_name":"Tejada","description":"","avatar_url":"https:\/\/secure.gravatar.com\/avatar\/b1580534b2fcd93e031504756165758941290488df5c88966a26f84344931fd1?s=96&d=mm&r=g","acf":null},"taxonomies_data":{"post_tag":[{"id":717,"name":"Football","slug":"football-d34","acf":null},{"id":716,"name":"Soccer","slug":"soccer-d105","acf":null}]},"seo_full":{"native":{"title":"El Villarreal-Rayo Vallecano ja t\u00e9 horari - Web Oficial del Villarreal CF","description":"Groguets i franjirrojos s'enfrontaran en l'Estadi de la Cer\u00e0mica el dilluns 30 de gener a partir de les 21.00 hores\n","canonical":"https:\/\/villarrealcf.es\/val\/el-villarreal-rayo-vallecano-ya-tiene-horario\/"}},"_links":{"self":[{"href":"https:\/\/villarrealcf.es\/val\/wp-json\/wp\/v2\/posts\/243490","targetHints":{"allow":["GET"]}}],"collection":[{"href":"https:\/\/villarrealcf.es\/val\/wp-json\/wp\/v2\/posts"}],"about":[{"href":"https:\/\/villarrealcf.es\/val\/wp-json\/wp\/v2\/types\/post"}],"author":[{"embeddable":true,"href":"https:\/\/villarrealcf.es\/val\/wp-json\/wp\/v2\/users\/33"}],"replies":[{"embeddable":true,"href":"https:\/\/villarrealcf.es\/val\/wp-json\/wp\/v2\/comments?post=243490"}],"version-history":[{"count":0,"href":"https:\/\/villarrealcf.es\/val\/wp-json\/wp\/v2\/posts\/243490\/revisions"}],"wp:featuredmedia":[{"embeddable":true,"href":"https:\/\/villarrealcf.es\/val\/wp-json\/wp\/v2\/media\/243489"}],"wp:attachment":[{"href":"https:\/\/villarrealcf.es\/val\/wp-json\/wp\/v2\/media?parent=243490"}],"wp:term":[{"taxonomy":"category","embeddable":true,"href":"https:\/\/villarrealcf.es\/val\/wp-json\/wp\/v2\/categories?post=243490"},{"taxonomy":"post_tag","embeddable":true,"href":"https:\/\/villarrealcf.es\/val\/wp-json\/wp\/v2\/tags?post=243490"}],"curies":[{"name":"wp","href":"https:\/\/api.w.org\/{rel}","templated":true}]}}