{"id":243474,"date":"2023-01-13T15:24:17","date_gmt":"2023-01-13T14:24:17","guid":{"rendered":"https:\/\/villarrealcf.es\/\/miguel-alvarez-estamos-muy-ilusionados-por-jugar-en-la-ceramica\/"},"modified":"2023-01-13T15:44:51","modified_gmt":"2023-01-13T14:44:51","slug":"miguel-alvarez-estamos-muy-ilusionados-por-jugar-en-la-ceramica","status":"publish","type":"post","link":"https:\/\/villarrealcf.es\/val\/miguel-alvarez-estamos-muy-ilusionados-por-jugar-en-la-ceramica\/","title":{"rendered":"Miguel \u00c1lvarez: &#8220;Estem molt il\u00b7lusionats per jugar en La Cer\u00e0mica&#8221;"},"content":{"protected":false,"blocks":[{"type":"heading","level":2,"text":"El Villarreal B debuta en el feu groc aquest dissabte a les 16.15h davant el Real Zaragoza"},{"type":"paragraph","text":"Miguel \u00c1lvarez ha comparegut en roda de premsa abans del debut del Villarreal B en l\u2019Estadi de la Cer\u00e0mica. Ser\u00e0 en el duel davant el Real Zaragoza aquest dissabte a les 16.15 hores, corresponent a la jornada 23 de LaLiga SmartBank. Aquestes s\u00f3n les declaracions del t\u00e8cnic groguet:"},{"type":"paragraph","text":"Debut en l\u2019Estadi de la Cer\u00e0mica"},{"type":"paragraph","text":"\u201cNo acaba d\u2019arribar el dia. Normalment, els dies i les setmanes passen que volen, per\u00f2 aquesta vegada el dia no acaba d\u2019arribar. Estem molt il\u00b7lusionats tots per jugar en La Cer\u00e0mica i perqu\u00e8 fem un passet m\u00e9s. Als xics els acosta a un escenari com el del primer equip on pot jugar algun dia si treballen intensament\u201d."},{"type":"paragraph","text":"El rival"},{"type":"paragraph","text":"\u201cAfrontem el partit intentant competir a un gran nivell perqu\u00e8 \u00e9s el que ens exigir\u00e0 el Zaragoza. Des que ha entrat Fran Escrib\u00e1 els n\u00fameros s\u00f3n ac\u00ed, reben menys gols\u2026 \u00c9s un equip al qual els resultats li estan acompanyant m\u00e9s. En aquest pas tan important que donen els xics despr\u00e9s de deixar el Mini, que era un fort\u00ed, volem comen\u00e7ar un altre nou projecte, una altra nova aventura, una altra nova il\u00b7lusi\u00f3 i convertir aquest estadi en l\u2019estadi dels somnis dels xics per a il\u00b7lusionar a la gent i oferir bon futbol\u201d."},{"type":"paragraph","text":"Continuar creixent"},{"type":"paragraph","text":"\u201cNi un positiu resultat ni negatiu em dona m\u00e9s exig\u00e8ncia a l\u2019hora d\u2019afrontar el cam\u00ed. Amb els xics hi ha un proc\u00e9s i ens movem pel seu creixement amb i sense pilota. En els \u00faltims tres partits hem tingut menys premi per\u00f2 estem fent moltes coses b\u00e9 i l\u2019equip cada dia \u00e9s millor\u201d."},{"type":"paragraph","text":"L\u2019afici\u00f3 no fallar\u00e0"},{"type":"paragraph","text":"\u201cEl club est\u00e0 fent passos importants amb el B i tots estem il\u00b7lusionats amb el canvi a la Cer\u00e0mica perqu\u00e8 vinga molta gent perqu\u00e8 \u00e9s evident que el necessitem. Per als xics \u00e9s vital. El p\u00fablic \u00e9s molt important per a donar-nos aqueixa energia que necessitem en moments determinats perqu\u00e8 quan anem fora juguem contra equips amb molt\u00edssima afici\u00f3. El futbol sense ells \u00e9s menys futbol. Som sabedors que la nostra afici\u00f3 no ens fallar\u00e0 perqu\u00e8 l\u2019escenari \u00e9s m\u00e9s apetible. El que ve i li agrada el futbol es diverteix\u201d."},{"type":"paragraph","text":"\u00c1lex Mill\u00e1n"},{"type":"paragraph","text":"\u201cHa estat dos anys sense nosaltres. \u00c9s molt millor jugador. Es va anar sent capit\u00e0 del B. Ve ac\u00ed perqu\u00e8 ha volgut perqu\u00e8 tenia altres ofertes. Sap que \u00e9s un lloc on cuidem al jugador i estem per a ells. Ha de vindre tranquil i retrobar-se amb un munt de companys. Ha eixit fora i ha vist el que tenim ac\u00ed i aix\u00f2 \u00e9s molt important\u201d."},{"type":"video","kind":"iframe","url":"https:\/\/www.youtube.com\/embed\/jsn1tcggPVs?start=2&feature=oembed","poster":""}],"structured":{"summary":{"text":"El Villarreal B debuta en el feu groc aquest dissabte a les 16.15h davant el Real Zaragoza Miguel \u00c1lvarez ha comparegut en roda de premsa abans del debut del Villarreal B en l\u2019Estadi de la Cer\u00e0mica. Ser\u00e0 en el duel davant el Real Zaragoza aquest dissabte a les 16.15 hores, corresponent a la jornada 23 de LaLiga SmartBank. Aquestes s\u00f3n les declaracions del t\u00e8cnic groguet: Debut en l\u2019Estadi de la Cer\u00e0mica \u201cNo acaba d\u2019arribar el dia. Normalment, els dies i les setmanes passen que volen, per\u00f2 aquesta vegada el dia no acaba d\u2019arribar. Estem molt il\u00b7lusionats tots per jugar en La Cer\u00e0mica i perqu\u00e8 fem un passet m\u00e9s. Als xics els acosta a un escenari com el del primer equip on pot jugar algun dia si treballen intensament\u201d. El rival \u201cAfrontem el partit intentant competir a un gran nivell perqu\u00e8 \u00e9s el que ens exigir\u00e0 el Zaragoza. Des que ha entrat Fran Escrib\u00e1 els n\u00fameros s\u00f3n ac\u00ed, reben menys gols\u2026 \u00c9s un equip al qual els resultats li estan acompanyant m\u00e9s. En aquest pas tan important que donen els xics despr\u00e9s de deixar el Mini, que era un fort\u00ed, volem comen\u00e7ar un altre nou projecte, una altra nova aventura, una altra nova il\u00b7lusi\u00f3 i convertir aquest estadi en l\u2019estadi dels somnis dels xics per a il\u00b7lusionar a la gent i oferir bon futbol\u201d. Continuar creixent \u201cNi un positiu resultat ni negatiu em dona m\u00e9s exig\u00e8ncia a l\u2019hora d\u2019afrontar el cam\u00ed. Amb els xics hi ha un proc\u00e9s i ens movem pel seu creixement amb i sense pilota. En els \u00faltims tres partits hem tingut menys premi per\u00f2 estem fent moltes coses b\u00e9 i l\u2019equip cada dia \u00e9s millor\u201d. L\u2019afici\u00f3 no fallar\u00e0 \u201cEl club est\u00e0 fent passos importants amb el B i tots estem il\u00b7lusionats amb el canvi a la Cer\u00e0mica perqu\u00e8 vinga molta gent perqu\u00e8 \u00e9s evident que el necessitem. Per als xics \u00e9s vital. El p\u00fablic \u00e9s molt important per a donar-nos aqueixa energia que necessitem en moments determinats perqu\u00e8 quan anem fora juguem contra equips amb molt\u00edssima afici\u00f3. El futbol sense ells \u00e9s menys futbol. Som sabedors que la nostra afici\u00f3 no ens fallar\u00e0 perqu\u00e8 l\u2019escenari \u00e9s m\u00e9s apetible. El que ve i li agrada el futbol es diverteix\u201d. \u00c1lex Mill\u00e1n \u201cHa estat dos anys sense nosaltres. \u00c9s molt millor jugador. Es va anar sent capit\u00e0 del B. Ve ac\u00ed perqu\u00e8 ha volgut perqu\u00e8 tenia altres ofertes. Sap que \u00e9s un lloc on cuidem al jugador i estem per a ells. Ha de vindre tranquil i retrobar-se amb un munt de companys. Ha eixit fora i ha vist el que tenim ac\u00ed i aix\u00f2 \u00e9s molt important\u201d.","headings":[{"type":"heading","level":2,"text":"El Villarreal B debuta en el feu groc aquest dissabte a les 16.15h davant el Real Zaragoza"}],"buttons":[],"images":[],"counts":{"blocks":13,"headings":1,"texts":11,"buttons":0,"images":0}},"sections":[{"id":"section-1","title":"El Villarreal B debuta en el feu groc aquest dissabte a les 16.15h davant el Real Zaragoza","text":"El Villarreal B debuta en el feu groc aquest dissabte a les 16.15h davant el Real Zaragoza Miguel \u00c1lvarez ha comparegut en roda de premsa abans del debut del Villarreal B en l\u2019Estadi de la Cer\u00e0mica. Ser\u00e0 en el duel davant el Real Zaragoza aquest dissabte a les 16.15 hores, corresponent a la jornada 23 de LaLiga SmartBank. Aquestes s\u00f3n les declaracions del t\u00e8cnic groguet: Debut en l\u2019Estadi de la Cer\u00e0mica \u201cNo acaba d\u2019arribar el dia. Normalment, els dies i les setmanes passen que volen, per\u00f2 aquesta vegada el dia no acaba d\u2019arribar. Estem molt il\u00b7lusionats tots per jugar en La Cer\u00e0mica i perqu\u00e8 fem un passet m\u00e9s. Als xics els acosta a un escenari com el del primer equip on pot jugar algun dia si treballen intensament\u201d. El rival \u201cAfrontem el partit intentant competir a un gran nivell perqu\u00e8 \u00e9s el que ens exigir\u00e0 el Zaragoza. Des que ha entrat Fran Escrib\u00e1 els n\u00fameros s\u00f3n ac\u00ed, reben menys gols\u2026 \u00c9s un equip al qual els resultats li estan acompanyant m\u00e9s. En aquest pas tan important que donen els xics despr\u00e9s de deixar el Mini, que era un fort\u00ed, volem comen\u00e7ar un altre nou projecte, una altra nova aventura, una altra nova il\u00b7lusi\u00f3 i convertir aquest estadi en l\u2019estadi dels somnis dels xics per a il\u00b7lusionar a la gent i oferir bon futbol\u201d. Continuar creixent \u201cNi un positiu resultat ni negatiu em dona m\u00e9s exig\u00e8ncia a l\u2019hora d\u2019afrontar el cam\u00ed. Amb els xics hi ha un proc\u00e9s i ens movem pel seu creixement amb i sense pilota. En els \u00faltims tres partits hem tingut menys premi per\u00f2 estem fent moltes coses b\u00e9 i l\u2019equip cada dia \u00e9s millor\u201d. L\u2019afici\u00f3 no fallar\u00e0 \u201cEl club est\u00e0 fent passos importants amb el B i tots estem il\u00b7lusionats amb el canvi a la Cer\u00e0mica perqu\u00e8 vinga molta gent perqu\u00e8 \u00e9s evident que el necessitem. Per als xics \u00e9s vital. El p\u00fablic \u00e9s molt important per a donar-nos aqueixa energia que necessitem en moments determinats perqu\u00e8 quan anem fora juguem contra equips amb molt\u00edssima afici\u00f3. El futbol sense ells \u00e9s menys futbol. Som sabedors que la nostra afici\u00f3 no ens fallar\u00e0 perqu\u00e8 l\u2019escenari \u00e9s m\u00e9s apetible. El que ve i li agrada el futbol es diverteix\u201d. \u00c1lex Mill\u00e1n \u201cHa estat dos anys sense nosaltres. \u00c9s molt millor jugador. Es va anar sent capit\u00e0 del B. Ve ac\u00ed perqu\u00e8 ha volgut perqu\u00e8 tenia altres ofertes. Sap que \u00e9s un lloc on cuidem al jugador i estem per a ells. Ha de vindre tranquil i retrobar-se amb un munt de companys. Ha eixit fora i ha vist el que tenim ac\u00ed i aix\u00f2 \u00e9s molt important\u201d.","headings":[{"type":"heading","level":2,"text":"El Villarreal B debuta en el feu groc aquest dissabte a les 16.15h davant el Real Zaragoza"}],"texts":[{"type":"paragraph","text":"Miguel \u00c1lvarez ha comparegut en roda de premsa abans del debut del Villarreal B en l\u2019Estadi de la Cer\u00e0mica. Ser\u00e0 en el duel davant el Real Zaragoza aquest dissabte a les 16.15 hores, corresponent a la jornada 23 de LaLiga SmartBank. Aquestes s\u00f3n les declaracions del t\u00e8cnic groguet:"},{"type":"paragraph","text":"Debut en l\u2019Estadi de la Cer\u00e0mica"},{"type":"paragraph","text":"\u201cNo acaba d\u2019arribar el dia. Normalment, els dies i les setmanes passen que volen, per\u00f2 aquesta vegada el dia no acaba d\u2019arribar. Estem molt il\u00b7lusionats tots per jugar en La Cer\u00e0mica i perqu\u00e8 fem un passet m\u00e9s. Als xics els acosta a un escenari com el del primer equip on pot jugar algun dia si treballen intensament\u201d."},{"type":"paragraph","text":"El rival"},{"type":"paragraph","text":"\u201cAfrontem el partit intentant competir a un gran nivell perqu\u00e8 \u00e9s el que ens exigir\u00e0 el Zaragoza. Des que ha entrat Fran Escrib\u00e1 els n\u00fameros s\u00f3n ac\u00ed, reben menys gols\u2026 \u00c9s un equip al qual els resultats li estan acompanyant m\u00e9s. En aquest pas tan important que donen els xics despr\u00e9s de deixar el Mini, que era un fort\u00ed, volem comen\u00e7ar un altre nou projecte, una altra nova aventura, una altra nova il\u00b7lusi\u00f3 i convertir aquest estadi en l\u2019estadi dels somnis dels xics per a il\u00b7lusionar a la gent i oferir bon futbol\u201d."},{"type":"paragraph","text":"Continuar creixent"},{"type":"paragraph","text":"\u201cNi un positiu resultat ni negatiu em dona m\u00e9s exig\u00e8ncia a l\u2019hora d\u2019afrontar el cam\u00ed. Amb els xics hi ha un proc\u00e9s i ens movem pel seu creixement amb i sense pilota. En els \u00faltims tres partits hem tingut menys premi per\u00f2 estem fent moltes coses b\u00e9 i l\u2019equip cada dia \u00e9s millor\u201d."},{"type":"paragraph","text":"L\u2019afici\u00f3 no fallar\u00e0"},{"type":"paragraph","text":"\u201cEl club est\u00e0 fent passos importants amb el B i tots estem il\u00b7lusionats amb el canvi a la Cer\u00e0mica perqu\u00e8 vinga molta gent perqu\u00e8 \u00e9s evident que el necessitem. Per als xics \u00e9s vital. El p\u00fablic \u00e9s molt important per a donar-nos aqueixa energia que necessitem en moments determinats perqu\u00e8 quan anem fora juguem contra equips amb molt\u00edssima afici\u00f3. El futbol sense ells \u00e9s menys futbol. Som sabedors que la nostra afici\u00f3 no ens fallar\u00e0 perqu\u00e8 l\u2019escenari \u00e9s m\u00e9s apetible. El que ve i li agrada el futbol es diverteix\u201d."},{"type":"paragraph","text":"\u00c1lex Mill\u00e1n"},{"type":"paragraph","text":"\u201cHa estat dos anys sense nosaltres. \u00c9s molt millor jugador. Es va anar sent capit\u00e0 del B. Ve ac\u00ed perqu\u00e8 ha volgut perqu\u00e8 tenia altres ofertes. Sap que \u00e9s un lloc on cuidem al jugador i estem per a ells. Ha de vindre tranquil i retrobar-se amb un munt de companys. Ha eixit fora i ha vist el que tenim ac\u00ed i aix\u00f2 \u00e9s molt important\u201d."}],"buttons":[],"images":[],"widgets":[],"blocks":[{"type":"heading","level":2,"text":"El Villarreal B debuta en el feu groc aquest dissabte a les 16.15h davant el Real Zaragoza"},{"type":"paragraph","text":"Miguel \u00c1lvarez ha comparegut en roda de premsa abans del debut del Villarreal B en l\u2019Estadi de la Cer\u00e0mica. Ser\u00e0 en el duel davant el Real Zaragoza aquest dissabte a les 16.15 hores, corresponent a la jornada 23 de LaLiga SmartBank. Aquestes s\u00f3n les declaracions del t\u00e8cnic groguet:"},{"type":"paragraph","text":"Debut en l\u2019Estadi de la Cer\u00e0mica"},{"type":"paragraph","text":"\u201cNo acaba d\u2019arribar el dia. Normalment, els dies i les setmanes passen que volen, per\u00f2 aquesta vegada el dia no acaba d\u2019arribar. Estem molt il\u00b7lusionats tots per jugar en La Cer\u00e0mica i perqu\u00e8 fem un passet m\u00e9s. Als xics els acosta a un escenari com el del primer equip on pot jugar algun dia si treballen intensament\u201d."},{"type":"paragraph","text":"El rival"},{"type":"paragraph","text":"\u201cAfrontem el partit intentant competir a un gran nivell perqu\u00e8 \u00e9s el que ens exigir\u00e0 el Zaragoza. Des que ha entrat Fran Escrib\u00e1 els n\u00fameros s\u00f3n ac\u00ed, reben menys gols\u2026 \u00c9s un equip al qual els resultats li estan acompanyant m\u00e9s. En aquest pas tan important que donen els xics despr\u00e9s de deixar el Mini, que era un fort\u00ed, volem comen\u00e7ar un altre nou projecte, una altra nova aventura, una altra nova il\u00b7lusi\u00f3 i convertir aquest estadi en l\u2019estadi dels somnis dels xics per a il\u00b7lusionar a la gent i oferir bon futbol\u201d."},{"type":"paragraph","text":"Continuar creixent"},{"type":"paragraph","text":"\u201cNi un positiu resultat ni negatiu em dona m\u00e9s exig\u00e8ncia a l\u2019hora d\u2019afrontar el cam\u00ed. Amb els xics hi ha un proc\u00e9s i ens movem pel seu creixement amb i sense pilota. En els \u00faltims tres partits hem tingut menys premi per\u00f2 estem fent moltes coses b\u00e9 i l\u2019equip cada dia \u00e9s millor\u201d."},{"type":"paragraph","text":"L\u2019afici\u00f3 no fallar\u00e0"},{"type":"paragraph","text":"\u201cEl club est\u00e0 fent passos importants amb el B i tots estem il\u00b7lusionats amb el canvi a la Cer\u00e0mica perqu\u00e8 vinga molta gent perqu\u00e8 \u00e9s evident que el necessitem. Per als xics \u00e9s vital. El p\u00fablic \u00e9s molt important per a donar-nos aqueixa energia que necessitem en moments determinats perqu\u00e8 quan anem fora juguem contra equips amb molt\u00edssima afici\u00f3. El futbol sense ells \u00e9s menys futbol. Som sabedors que la nostra afici\u00f3 no ens fallar\u00e0 perqu\u00e8 l\u2019escenari \u00e9s m\u00e9s apetible. El que ve i li agrada el futbol es diverteix\u201d."},{"type":"paragraph","text":"\u00c1lex Mill\u00e1n"},{"type":"paragraph","text":"\u201cHa estat dos anys sense nosaltres. \u00c9s molt millor jugador. Es va anar sent capit\u00e0 del B. Ve ac\u00ed perqu\u00e8 ha volgut perqu\u00e8 tenia altres ofertes. Sap que \u00e9s un lloc on cuidem al jugador i estem per a ells. Ha de vindre tranquil i retrobar-se amb un munt de companys. Ha eixit fora i ha vist el que tenim ac\u00ed i aix\u00f2 \u00e9s molt important\u201d."},{"type":"video","kind":"iframe","url":"https:\/\/www.youtube.com\/embed\/jsn1tcggPVs?start=2&feature=oembed","poster":""}]}],"hero":{"id":"section-1","title":"El Villarreal B debuta en el feu groc aquest dissabte a les 16.15h davant el Real Zaragoza","text":"El Villarreal B debuta en el feu groc aquest dissabte a les 16.15h davant el Real Zaragoza Miguel \u00c1lvarez ha comparegut en roda de premsa abans del debut del Villarreal B en l\u2019Estadi de la Cer\u00e0mica. Ser\u00e0 en el duel davant el Real Zaragoza aquest dissabte a les 16.15 hores, corresponent a la jornada 23 de LaLiga SmartBank. Aquestes s\u00f3n les declaracions del t\u00e8cnic groguet: Debut en l\u2019Estadi de la Cer\u00e0mica \u201cNo acaba d\u2019arribar el dia. Normalment, els dies i les setmanes passen que volen, per\u00f2 aquesta vegada el dia no acaba d\u2019arribar. Estem molt il\u00b7lusionats tots per jugar en La Cer\u00e0mica i perqu\u00e8 fem un passet m\u00e9s. Als xics els acosta a un escenari com el del primer equip on pot jugar algun dia si treballen intensament\u201d. El rival \u201cAfrontem el partit intentant competir a un gran nivell perqu\u00e8 \u00e9s el que ens exigir\u00e0 el Zaragoza. Des que ha entrat Fran Escrib\u00e1 els n\u00fameros s\u00f3n ac\u00ed, reben menys gols\u2026 \u00c9s un equip al qual els resultats li estan acompanyant m\u00e9s. En aquest pas tan important que donen els xics despr\u00e9s de deixar el Mini, que era un fort\u00ed, volem comen\u00e7ar un altre nou projecte, una altra nova aventura, una altra nova il\u00b7lusi\u00f3 i convertir aquest estadi en l\u2019estadi dels somnis dels xics per a il\u00b7lusionar a la gent i oferir bon futbol\u201d. Continuar creixent \u201cNi un positiu resultat ni negatiu em dona m\u00e9s exig\u00e8ncia a l\u2019hora d\u2019afrontar el cam\u00ed. Amb els xics hi ha un proc\u00e9s i ens movem pel seu creixement amb i sense pilota. En els \u00faltims tres partits hem tingut menys premi per\u00f2 estem fent moltes coses b\u00e9 i l\u2019equip cada dia \u00e9s millor\u201d. L\u2019afici\u00f3 no fallar\u00e0 \u201cEl club est\u00e0 fent passos importants amb el B i tots estem il\u00b7lusionats amb el canvi a la Cer\u00e0mica perqu\u00e8 vinga molta gent perqu\u00e8 \u00e9s evident que el necessitem. Per als xics \u00e9s vital. El p\u00fablic \u00e9s molt important per a donar-nos aqueixa energia que necessitem en moments determinats perqu\u00e8 quan anem fora juguem contra equips amb molt\u00edssima afici\u00f3. El futbol sense ells \u00e9s menys futbol. Som sabedors que la nostra afici\u00f3 no ens fallar\u00e0 perqu\u00e8 l\u2019escenari \u00e9s m\u00e9s apetible. El que ve i li agrada el futbol es diverteix\u201d. \u00c1lex Mill\u00e1n \u201cHa estat dos anys sense nosaltres. \u00c9s molt millor jugador. Es va anar sent capit\u00e0 del B. Ve ac\u00ed perqu\u00e8 ha volgut perqu\u00e8 tenia altres ofertes. Sap que \u00e9s un lloc on cuidem al jugador i estem per a ells. Ha de vindre tranquil i retrobar-se amb un munt de companys. Ha eixit fora i ha vist el que tenim ac\u00ed i aix\u00f2 \u00e9s molt important\u201d.","headings":[{"type":"heading","level":2,"text":"El Villarreal B debuta en el feu groc aquest dissabte a les 16.15h davant el Real Zaragoza"}],"texts":[{"type":"paragraph","text":"Miguel \u00c1lvarez ha comparegut en roda de premsa abans del debut del Villarreal B en l\u2019Estadi de la Cer\u00e0mica. Ser\u00e0 en el duel davant el Real Zaragoza aquest dissabte a les 16.15 hores, corresponent a la jornada 23 de LaLiga SmartBank. Aquestes s\u00f3n les declaracions del t\u00e8cnic groguet:"},{"type":"paragraph","text":"Debut en l\u2019Estadi de la Cer\u00e0mica"},{"type":"paragraph","text":"\u201cNo acaba d\u2019arribar el dia. Normalment, els dies i les setmanes passen que volen, per\u00f2 aquesta vegada el dia no acaba d\u2019arribar. Estem molt il\u00b7lusionats tots per jugar en La Cer\u00e0mica i perqu\u00e8 fem un passet m\u00e9s. Als xics els acosta a un escenari com el del primer equip on pot jugar algun dia si treballen intensament\u201d."},{"type":"paragraph","text":"El rival"},{"type":"paragraph","text":"\u201cAfrontem el partit intentant competir a un gran nivell perqu\u00e8 \u00e9s el que ens exigir\u00e0 el Zaragoza. Des que ha entrat Fran Escrib\u00e1 els n\u00fameros s\u00f3n ac\u00ed, reben menys gols\u2026 \u00c9s un equip al qual els resultats li estan acompanyant m\u00e9s. En aquest pas tan important que donen els xics despr\u00e9s de deixar el Mini, que era un fort\u00ed, volem comen\u00e7ar un altre nou projecte, una altra nova aventura, una altra nova il\u00b7lusi\u00f3 i convertir aquest estadi en l\u2019estadi dels somnis dels xics per a il\u00b7lusionar a la gent i oferir bon futbol\u201d."},{"type":"paragraph","text":"Continuar creixent"},{"type":"paragraph","text":"\u201cNi un positiu resultat ni negatiu em dona m\u00e9s exig\u00e8ncia a l\u2019hora d\u2019afrontar el cam\u00ed. Amb els xics hi ha un proc\u00e9s i ens movem pel seu creixement amb i sense pilota. En els \u00faltims tres partits hem tingut menys premi per\u00f2 estem fent moltes coses b\u00e9 i l\u2019equip cada dia \u00e9s millor\u201d."},{"type":"paragraph","text":"L\u2019afici\u00f3 no fallar\u00e0"},{"type":"paragraph","text":"\u201cEl club est\u00e0 fent passos importants amb el B i tots estem il\u00b7lusionats amb el canvi a la Cer\u00e0mica perqu\u00e8 vinga molta gent perqu\u00e8 \u00e9s evident que el necessitem. Per als xics \u00e9s vital. El p\u00fablic \u00e9s molt important per a donar-nos aqueixa energia que necessitem en moments determinats perqu\u00e8 quan anem fora juguem contra equips amb molt\u00edssima afici\u00f3. El futbol sense ells \u00e9s menys futbol. Som sabedors que la nostra afici\u00f3 no ens fallar\u00e0 perqu\u00e8 l\u2019escenari \u00e9s m\u00e9s apetible. El que ve i li agrada el futbol es diverteix\u201d."},{"type":"paragraph","text":"\u00c1lex Mill\u00e1n"},{"type":"paragraph","text":"\u201cHa estat dos anys sense nosaltres. \u00c9s molt millor jugador. Es va anar sent capit\u00e0 del B. Ve ac\u00ed perqu\u00e8 ha volgut perqu\u00e8 tenia altres ofertes. Sap que \u00e9s un lloc on cuidem al jugador i estem per a ells. Ha de vindre tranquil i retrobar-se amb un munt de companys. Ha eixit fora i ha vist el que tenim ac\u00ed i aix\u00f2 \u00e9s molt important\u201d."}],"buttons":[],"images":[],"widgets":[],"blocks":[{"type":"heading","level":2,"text":"El Villarreal B debuta en el feu groc aquest dissabte a les 16.15h davant el Real Zaragoza"},{"type":"paragraph","text":"Miguel \u00c1lvarez ha comparegut en roda de premsa abans del debut del Villarreal B en l\u2019Estadi de la Cer\u00e0mica. Ser\u00e0 en el duel davant el Real Zaragoza aquest dissabte a les 16.15 hores, corresponent a la jornada 23 de LaLiga SmartBank. Aquestes s\u00f3n les declaracions del t\u00e8cnic groguet:"},{"type":"paragraph","text":"Debut en l\u2019Estadi de la Cer\u00e0mica"},{"type":"paragraph","text":"\u201cNo acaba d\u2019arribar el dia. Normalment, els dies i les setmanes passen que volen, per\u00f2 aquesta vegada el dia no acaba d\u2019arribar. Estem molt il\u00b7lusionats tots per jugar en La Cer\u00e0mica i perqu\u00e8 fem un passet m\u00e9s. Als xics els acosta a un escenari com el del primer equip on pot jugar algun dia si treballen intensament\u201d."},{"type":"paragraph","text":"El rival"},{"type":"paragraph","text":"\u201cAfrontem el partit intentant competir a un gran nivell perqu\u00e8 \u00e9s el que ens exigir\u00e0 el Zaragoza. Des que ha entrat Fran Escrib\u00e1 els n\u00fameros s\u00f3n ac\u00ed, reben menys gols\u2026 \u00c9s un equip al qual els resultats li estan acompanyant m\u00e9s. En aquest pas tan important que donen els xics despr\u00e9s de deixar el Mini, que era un fort\u00ed, volem comen\u00e7ar un altre nou projecte, una altra nova aventura, una altra nova il\u00b7lusi\u00f3 i convertir aquest estadi en l\u2019estadi dels somnis dels xics per a il\u00b7lusionar a la gent i oferir bon futbol\u201d."},{"type":"paragraph","text":"Continuar creixent"},{"type":"paragraph","text":"\u201cNi un positiu resultat ni negatiu em dona m\u00e9s exig\u00e8ncia a l\u2019hora d\u2019afrontar el cam\u00ed. Amb els xics hi ha un proc\u00e9s i ens movem pel seu creixement amb i sense pilota. En els \u00faltims tres partits hem tingut menys premi per\u00f2 estem fent moltes coses b\u00e9 i l\u2019equip cada dia \u00e9s millor\u201d."},{"type":"paragraph","text":"L\u2019afici\u00f3 no fallar\u00e0"},{"type":"paragraph","text":"\u201cEl club est\u00e0 fent passos importants amb el B i tots estem il\u00b7lusionats amb el canvi a la Cer\u00e0mica perqu\u00e8 vinga molta gent perqu\u00e8 \u00e9s evident que el necessitem. Per als xics \u00e9s vital. El p\u00fablic \u00e9s molt important per a donar-nos aqueixa energia que necessitem en moments determinats perqu\u00e8 quan anem fora juguem contra equips amb molt\u00edssima afici\u00f3. El futbol sense ells \u00e9s menys futbol. Som sabedors que la nostra afici\u00f3 no ens fallar\u00e0 perqu\u00e8 l\u2019escenari \u00e9s m\u00e9s apetible. El que ve i li agrada el futbol es diverteix\u201d."},{"type":"paragraph","text":"\u00c1lex Mill\u00e1n"},{"type":"paragraph","text":"\u201cHa estat dos anys sense nosaltres. \u00c9s molt millor jugador. Es va anar sent capit\u00e0 del B. Ve ac\u00ed perqu\u00e8 ha volgut perqu\u00e8 tenia altres ofertes. Sap que \u00e9s un lloc on cuidem al jugador i estem per a ells. Ha de vindre tranquil i retrobar-se amb un munt de companys. Ha eixit fora i ha vist el que tenim ac\u00ed i aix\u00f2 \u00e9s molt important\u201d."},{"type":"video","kind":"iframe","url":"https:\/\/www.youtube.com\/embed\/jsn1tcggPVs?start=2&feature=oembed","poster":""}]}},"sections":[{"id":"section-1","title":"El Villarreal B debuta en el feu groc aquest dissabte a les 16.15h davant el Real Zaragoza","text":"El Villarreal B debuta en el feu groc aquest dissabte a les 16.15h davant el Real Zaragoza Miguel \u00c1lvarez ha comparegut en roda de premsa abans del debut del Villarreal B en l\u2019Estadi de la Cer\u00e0mica. Ser\u00e0 en el duel davant el Real Zaragoza aquest dissabte a les 16.15 hores, corresponent a la jornada 23 de LaLiga SmartBank. Aquestes s\u00f3n les declaracions del t\u00e8cnic groguet: Debut en l\u2019Estadi de la Cer\u00e0mica \u201cNo acaba d\u2019arribar el dia. Normalment, els dies i les setmanes passen que volen, per\u00f2 aquesta vegada el dia no acaba d\u2019arribar. Estem molt il\u00b7lusionats tots per jugar en La Cer\u00e0mica i perqu\u00e8 fem un passet m\u00e9s. Als xics els acosta a un escenari com el del primer equip on pot jugar algun dia si treballen intensament\u201d. El rival \u201cAfrontem el partit intentant competir a un gran nivell perqu\u00e8 \u00e9s el que ens exigir\u00e0 el Zaragoza. Des que ha entrat Fran Escrib\u00e1 els n\u00fameros s\u00f3n ac\u00ed, reben menys gols\u2026 \u00c9s un equip al qual els resultats li estan acompanyant m\u00e9s. En aquest pas tan important que donen els xics despr\u00e9s de deixar el Mini, que era un fort\u00ed, volem comen\u00e7ar un altre nou projecte, una altra nova aventura, una altra nova il\u00b7lusi\u00f3 i convertir aquest estadi en l\u2019estadi dels somnis dels xics per a il\u00b7lusionar a la gent i oferir bon futbol\u201d. Continuar creixent \u201cNi un positiu resultat ni negatiu em dona m\u00e9s exig\u00e8ncia a l\u2019hora d\u2019afrontar el cam\u00ed. Amb els xics hi ha un proc\u00e9s i ens movem pel seu creixement amb i sense pilota. En els \u00faltims tres partits hem tingut menys premi per\u00f2 estem fent moltes coses b\u00e9 i l\u2019equip cada dia \u00e9s millor\u201d. L\u2019afici\u00f3 no fallar\u00e0 \u201cEl club est\u00e0 fent passos importants amb el B i tots estem il\u00b7lusionats amb el canvi a la Cer\u00e0mica perqu\u00e8 vinga molta gent perqu\u00e8 \u00e9s evident que el necessitem. Per als xics \u00e9s vital. El p\u00fablic \u00e9s molt important per a donar-nos aqueixa energia que necessitem en moments determinats perqu\u00e8 quan anem fora juguem contra equips amb molt\u00edssima afici\u00f3. El futbol sense ells \u00e9s menys futbol. Som sabedors que la nostra afici\u00f3 no ens fallar\u00e0 perqu\u00e8 l\u2019escenari \u00e9s m\u00e9s apetible. El que ve i li agrada el futbol es diverteix\u201d. \u00c1lex Mill\u00e1n \u201cHa estat dos anys sense nosaltres. \u00c9s molt millor jugador. Es va anar sent capit\u00e0 del B. Ve ac\u00ed perqu\u00e8 ha volgut perqu\u00e8 tenia altres ofertes. Sap que \u00e9s un lloc on cuidem al jugador i estem per a ells. Ha de vindre tranquil i retrobar-se amb un munt de companys. Ha eixit fora i ha vist el que tenim ac\u00ed i aix\u00f2 \u00e9s molt important\u201d.","url":"","background_image":"","images":[],"videos":[{"type":"video","kind":"iframe","url":"https:\/\/www.youtube.com\/embed\/jsn1tcggPVs?start=2&feature=oembed","poster":""}],"links":[]}]},"excerpt":{"rendered":"El Villarreal B debuta en el feudo amarillo este s\u00e1bado a las 16.15h ante el Real Zaragoza","protected":false},"author":1,"featured_media":243471,"comment_status":"closed","ping_status":"closed","sticky":false,"template":"","format":"standard","meta":{"_acf_changed":false,"footnotes":""},"categories":[13803],"tags":[11429,9270,9227,11633,13845,9680,9205,9627,10634,9203],"acf":null,"lang":"val","translations":{"es":243466,"val":243474,"en":243502},"essential_grid":{"has_grid":false},"formatted_date":"January 13, 2023","modified_date":"January 13, 2023","permalink":"https:\/\/villarrealcf.es\/val\/miguel-alvarez-estamos-muy-ilusionados-por-jugar-en-la-ceramica\/","reading_time":3,"featured_media_data":{"id":243471,"title":"miguel","caption":"","alt_text":"","description":"","mime_type":"image\/jpeg","source_url":"https:\/\/villarrealcf.es\/wp-content\/uploads\/2023\/01\/miguel.jpg","sizes":{"thumbnail":{"url":"https:\/\/villarrealcf.es\/wp-content\/uploads\/2023\/01\/miguel-150x150.jpg","width":150,"height":150},"medium":{"url":"https:\/\/villarrealcf.es\/wp-content\/uploads\/2023\/01\/miguel-300x169.jpg","width":300,"height":169},"medium_large":{"url":"https:\/\/villarrealcf.es\/wp-content\/uploads\/2023\/01\/miguel-768x432.jpg","width":768,"height":432},"large":{"url":"https:\/\/villarrealcf.es\/wp-content\/uploads\/2023\/01\/miguel.jpg","width":788,"height":443},"1536x1536":{"url":"https:\/\/villarrealcf.es\/wp-content\/uploads\/2023\/01\/miguel-1536x864.jpg","width":1536,"height":864},"2048x2048":{"url":"https:\/\/villarrealcf.es\/wp-content\/uploads\/2023\/01\/miguel.jpg","width":1920,"height":1080},"tp-image-grid":{"url":"https:\/\/villarrealcf.es\/wp-content\/uploads\/2023\/01\/miguel-700x700.jpg","width":700,"height":700},"size-bunyad-medium":{"url":"https:\/\/villarrealcf.es\/wp-content\/uploads\/2023\/01\/miguel.jpg","width":1920,"height":1080},"sportspress-crop-medium":{"url":"https:\/\/villarrealcf.es\/wp-content\/uploads\/2023\/01\/miguel-300x300.jpg","width":300,"height":300},"sportspress-fit-medium":{"url":"https:\/\/villarrealcf.es\/wp-content\/uploads\/2023\/01\/miguel-300x169.jpg","width":300,"height":169},"sportspress-fit-icon":{"url":"https:\/\/villarrealcf.es\/wp-content\/uploads\/2023\/01\/miguel-128x72.jpg","width":128,"height":72},"sportspress-fit-mini":{"url":"https:\/\/villarrealcf.es\/wp-content\/uploads\/2023\/01\/miguel-32x18.jpg","width":32,"height":18},"bunyad-small":{"url":"https:\/\/villarrealcf.es\/wp-content\/uploads\/2023\/01\/miguel-150x84.jpg","width":150,"height":84},"bunyad-medium":{"url":"https:\/\/villarrealcf.es\/wp-content\/uploads\/2023\/01\/miguel-450x253.jpg","width":450,"height":253},"bunyad-full":{"url":"https:\/\/villarrealcf.es\/wp-content\/uploads\/2023\/01\/miguel-1200x675.jpg","width":1200,"height":675},"bunyad-viewport":{"url":"https:\/\/villarrealcf.es\/wp-content\/uploads\/2023\/01\/miguel.jpg","width":1920,"height":1080},"bunyad-768":{"url":"https:\/\/villarrealcf.es\/wp-content\/uploads\/2023\/01\/miguel-768x432.jpg","width":768,"height":432},"full":{"url":"https:\/\/villarrealcf.es\/wp-content\/uploads\/2023\/01\/miguel.jpg","width":1920,"height":1080}}},"author_data":{"id":"1","name":"root_envidea","first_name":"Villarreal CF","last_name":"","description":"","avatar_url":"https:\/\/secure.gravatar.com\/avatar\/48f95f42a3ccc324f3a3458e4b9e6fb070b083e99d388e170c1afb061fa99b63?s=96&d=mm&r=g","acf":null},"taxonomies_data":{"category":[{"id":13803,"name":"Futbol base","slug":"futbol-base-val-2","acf":null}],"post_tag":[{"id":11429,"name":"Estadio de la Cer\u00e1mica","slug":"estadio-de-la-ceramica-val","acf":null},{"id":9270,"name":"Futbol","slug":"futbol-val","acf":null},{"id":9227,"name":"F\u00fatbol Base","slug":"futbol-base-val","acf":null},{"id":11633,"name":"Miguel \u00c1lvarez","slug":"miguel-alvarez-val","acf":null},{"id":13845,"name":"Real Zaragoza","slug":"real-zaragoza-2-val","acf":null},{"id":9680,"name":"Rueda de prensa","slug":"rueda-de-prensa-val","acf":null},{"id":9205,"name":"Submarino","slug":"submarino-val","acf":null},{"id":9627,"name":"Submarino Amarillo","slug":"submarino-amarillo-val","acf":null},{"id":10634,"name":"Villarreal B","slug":"villarreal-b-val","acf":null},{"id":9203,"name":"Villarreal CF","slug":"villarreal-cf-val","acf":null}],"translation_priority":[{"id":735,"name":"Optional","slug":"optional-val","acf":null}]},"seo_full":{"native":{"title":"Miguel \u00c1lvarez: &#8220;Estem molt il\u00b7lusionats per jugar en La Cer\u00e0mica&#8221; - Web Oficial del Villarreal CF","description":"El Villarreal B debuta en el feudo amarillo este s\u00e1bado a las 16.15h ante el Real Zaragoza","canonical":"https:\/\/villarrealcf.es\/val\/miguel-alvarez-estamos-muy-ilusionados-por-jugar-en-la-ceramica\/"}},"_links":{"self":[{"href":"https:\/\/villarrealcf.es\/val\/wp-json\/wp\/v2\/posts\/243474","targetHints":{"allow":["GET"]}}],"collection":[{"href":"https:\/\/villarrealcf.es\/val\/wp-json\/wp\/v2\/posts"}],"about":[{"href":"https:\/\/villarrealcf.es\/val\/wp-json\/wp\/v2\/types\/post"}],"author":[{"embeddable":true,"href":"https:\/\/villarrealcf.es\/val\/wp-json\/wp\/v2\/users\/1"}],"replies":[{"embeddable":true,"href":"https:\/\/villarrealcf.es\/val\/wp-json\/wp\/v2\/comments?post=243474"}],"version-history":[{"count":0,"href":"https:\/\/villarrealcf.es\/val\/wp-json\/wp\/v2\/posts\/243474\/revisions"}],"wp:featuredmedia":[{"embeddable":true,"href":"https:\/\/villarrealcf.es\/val\/wp-json\/wp\/v2\/media\/243471"}],"wp:attachment":[{"href":"https:\/\/villarrealcf.es\/val\/wp-json\/wp\/v2\/media?parent=243474"}],"wp:term":[{"taxonomy":"category","embeddable":true,"href":"https:\/\/villarrealcf.es\/val\/wp-json\/wp\/v2\/categories?post=243474"},{"taxonomy":"post_tag","embeddable":true,"href":"https:\/\/villarrealcf.es\/val\/wp-json\/wp\/v2\/tags?post=243474"}],"curies":[{"name":"wp","href":"https:\/\/api.w.org\/{rel}","templated":true}]}}