{"id":243305,"date":"2023-01-12T17:09:16","date_gmt":"2023-01-12T16:09:16","guid":{"rendered":"https:\/\/villarrealcf.es\/\/voy-a-hacer-todo-lo-posible-para-que-el-villarreal-femenino-siga-en-primera\/"},"modified":"2023-01-12T19:39:40","modified_gmt":"2023-01-12T18:39:40","slug":"voy-a-hacer-todo-lo-posible-para-que-el-villarreal-femenino-siga-en-primera","status":"publish","type":"post","link":"https:\/\/villarrealcf.es\/val\/voy-a-hacer-todo-lo-posible-para-que-el-villarreal-femenino-siga-en-primera\/","title":{"rendered":"\u201cFar\u00e9 el possible perqu\u00e8 el Villarreal Femen\u00ed seguisca en primera\u201d"},"content":{"protected":false,"blocks":[{"type":"heading","level":2,"text":"Sara Monforte ha analitzat l\u2019actual situaci\u00f3 del conjunt groc i el seu pr\u00f2xim partit davant l\u2019Atl\u00e9tico de Madrid (dissabte, 16.00h)"},{"type":"paragraph","text":"L\u2019entrenadora del Villarreal Femen\u00ed, Sara Monforte, va compar\u00e9ixer davant els mitjans de comunicaci\u00f3 en la roda de premsa pr\u00e8via al partit que enfrontar\u00e0 a les groguetes enfront de l\u2019Atl\u00e9tico de Madrid, corresponent a la jornada 15 de la Finetwork Liga F. El partit tindr\u00e0 lloc dissabte 14 de gener, a partir de les 16.00 hores, en el Centre Esportiu Civitas d\u2019Alcal\u00e1 de Henares. Aquestes s\u00f3n les declaracions de l\u2019entrenadora grogueta:"},{"type":"paragraph","text":"La volta de Tere Morat\u00f3"},{"type":"paragraph","text":"\u201cHa sigut la millor not\u00edcia que podem tindre. Per a nosaltres Tere \u00e9s molt important, ja que \u00e9s una jugadora vital. Estem molt contents a nivell esportiu, perqu\u00e8 ser\u00e0 de gran ajuda, ja que ens aportar\u00e0 molt de poder ofensiu. I a nivell personal s\u2019ho mereix, perqu\u00e8 porta treballant molt temps. Hi ha hagut un canvi f\u00edsic espectacular, gr\u00e0cies al seu treball amb readaptaci\u00f3 i amb fisioterapeutes. \u00c9s el nostre fitxatge d\u2019hivern ideal."},{"type":"paragraph","text":"Serveis m\u00e8dics ens pauta els minuts que pot anar disputant. Contra el Sevilla FC van ser uns 15 i per a l\u2019Atl\u00e9tico de Madrid podrien arribar a ser uns 30. Anirem progressant perqu\u00e8 la c\u00e0rrega de treball no siga tan fort\u201d."},{"type":"paragraph","text":"Estat an\u00edmic de l\u2019equip"},{"type":"paragraph","text":"\u201cHa estat malament. A nivell de resultats no est\u00e0 sent un bon moment i la imatge que hem donat ac\u00ed en el Mini Estadi no ha sigut bona, per\u00f2 les jugadores estan entrenant molt b\u00e9. El cos t\u00e8cnic hem fet autoc\u00edritca i hem mirat a veure quines coses es poden millorar. Crec que en el partit contra el Sevilla FC es va veure un altre Villarreal ja. De fet, crec que va ser molt injust el resultat degut al gol anul\u00b7lat que era totalment legal. Hem fet una mica de \u2018reset\u2019 i s\u00ed que \u00e9s veritat que l\u2019equip va ser una mica m\u00e9s agressiu. A partir d\u2019ara veurem a un altre Villarreal Femen\u00ed\u201d."},{"type":"paragraph","text":"Aspectes per millorar"},{"type":"paragraph","text":"\u201cS\u00f3n les \u00e0rees. Amb molt poc ens creen perill, perqu\u00e8 no estem sent contundents i no estem defensant b\u00e9 eixes situacions, i en la seua \u00e0rea hem de ser m\u00e9s agressives. Moltes vegades juguem o massa vertical o horitzontal, aix\u00ed que hem de saber diferenciar quan hem de jugar cada cosa, ser agressives ofensivament i trepitjar m\u00e9s \u00e0rea i tindre m\u00e9s gol\u201d."},{"type":"paragraph","text":"El rival: Atl\u00e9tico de Madrid"},{"type":"paragraph","text":"\u201c\u00c9s un equip que ha canviat molt amb el canvi d\u2019entrenador. \u00c9s un equip molt seri\u00f3s, que defensa molt en el seu propi canvi, que espera al rival. A m\u00e9s, et deixa molt poques l\u00ednies de passada. Tenen a Marta Cardona en un gran moment. Ser\u00e0 un equip al qual dif\u00edcilment puguem tirar-li m\u00e0 a nivell posicional, per\u00f2 hi haur\u00e0 altres maneres de fer-li mal\u201d."},{"type":"paragraph","text":"Possible alineaci\u00f3 indeguda del Sevilla FC en Copa de la Reina"},{"type":"paragraph","text":"\u201cAra mateix nosaltres ens centrem en la lliga i en el partit de l\u2019Atl\u00e9tico de Madrid. A mi m\u2019hauria agradat m\u00e9s aconseguir la vict\u00f2ria en el camp. De fet, crec que vam fer m\u00e8rits. Ara est\u00e0 en mans de la RFEF i si ens ho concedeixen, anirem a competir l\u2019eliminat\u00f2ria."},{"type":"paragraph","text":"Per exemple, el partit contra el Sevilla FC era un bon moment per a poder canviar la imatge del Villarreal. No permetr\u00e9 m\u00e9s que donem eixa imatge. Tot passa per les mans del cos t\u00e8cnic. L\u2019equip ha d\u2019anar al 200% i potser eixa eliminat\u00f2ria ens vindria molt b\u00e9 per a agafar confian\u00e7a\u201d."},{"type":"paragraph","text":"Continuar lluitant"},{"type":"paragraph","text":"\u201cA nivell personal com a entrenadora, si no fora per aqueix bagatge, \u00e9s dif\u00edcil ser fort i confiar en el treball. Ara mateix \u00e9s dif\u00edcil que des de fora del club et donen suport. Confie molt\u00edssim en el meu equip i confie en el nostre treball. No vol dir que no hi haja res a millorar. El primer que faig \u00e9s fer autocr\u00edtica i s\u00e9 que tot passa per les meues mans. Far\u00e9 tot el possible perqu\u00e8 aquest Villarreal Femen\u00ed torne un any m\u00e9s a mantindre\u2019s en primera divisi\u00f3, perqu\u00e8 s\u2019ho mereix per tot el que fa com a club. Per a la lliga femen\u00ed, crec que el Villarreal Femen\u00ed es mantinga \u00e9s del millor que els pot passar, perqu\u00e8 \u00e9s un dels clubs que realment aposta i un exemple \u00e9s jugar en el Mini Estadi. Farem tot el que siga a les nostres mans per a aconseguir l\u2019objectiu\u201d."},{"type":"video","kind":"iframe","url":"https:\/\/www.youtube.com\/embed\/3pGuqOvaHos?feature=oembed","poster":""}],"structured":{"summary":{"text":"Sara Monforte ha analitzat l\u2019actual situaci\u00f3 del conjunt groc i el seu pr\u00f2xim partit davant l\u2019Atl\u00e9tico de Madrid (dissabte, 16.00h) L\u2019entrenadora del Villarreal Femen\u00ed, Sara Monforte, va compar\u00e9ixer davant els mitjans de comunicaci\u00f3 en la roda de premsa pr\u00e8via al partit que enfrontar\u00e0 a les groguetes enfront de l\u2019Atl\u00e9tico de Madrid, corresponent a la jornada 15 de la Finetwork Liga F. El partit tindr\u00e0 lloc dissabte 14 de gener, a partir de les 16.00 hores, en el Centre Esportiu Civitas d\u2019Alcal\u00e1 de Henares. Aquestes s\u00f3n les declaracions de l\u2019entrenadora grogueta: La volta de Tere Morat\u00f3 \u201cHa sigut la millor not\u00edcia que podem tindre. Per a nosaltres Tere \u00e9s molt important, ja que \u00e9s una jugadora vital. Estem molt contents a nivell esportiu, perqu\u00e8 ser\u00e0 de gran ajuda, ja que ens aportar\u00e0 molt de poder ofensiu. I a nivell personal s\u2019ho mereix, perqu\u00e8 porta treballant molt temps. Hi ha hagut un canvi f\u00edsic espectacular, gr\u00e0cies al seu treball amb readaptaci\u00f3 i amb fisioterapeutes. \u00c9s el nostre fitxatge d\u2019hivern ideal. Serveis m\u00e8dics ens pauta els minuts que pot anar disputant. Contra el Sevilla FC van ser uns 15 i per a l\u2019Atl\u00e9tico de Madrid podrien arribar a ser uns 30. Anirem progressant perqu\u00e8 la c\u00e0rrega de treball no siga tan fort\u201d. Estat an\u00edmic de l\u2019equip \u201cHa estat malament. A nivell de resultats no est\u00e0 sent un bon moment i la imatge que hem donat ac\u00ed en el Mini Estadi no ha sigut bona, per\u00f2 les jugadores estan entrenant molt b\u00e9. El cos t\u00e8cnic hem fet autoc\u00edritca i hem mirat a veure quines coses es poden millorar. Crec que en el partit contra el Sevilla FC es va veure un altre Villarreal ja. De fet, crec que va ser molt injust el resultat degut al gol anul\u00b7lat que era totalment legal. Hem fet una mica de \u2018reset\u2019 i s\u00ed que \u00e9s veritat que l\u2019equip va ser una mica m\u00e9s agressiu. A partir d\u2019ara veurem a un altre Villarreal Femen\u00ed\u201d. Aspectes per millorar \u201cS\u00f3n les \u00e0rees. Amb molt poc ens creen perill, perqu\u00e8 no estem sent contundents i no estem defensant b\u00e9 eixes situacions, i en la seua \u00e0rea hem de ser m\u00e9s agressives. Moltes vegades juguem o massa vertical o horitzontal, aix\u00ed que hem de saber diferenciar quan hem de jugar cada cosa, ser agressives ofensivament i trepitjar m\u00e9s \u00e0rea i tindre m\u00e9s gol\u201d. El rival: Atl\u00e9tico de Madrid \u201c\u00c9s un equip que ha canviat molt amb el canvi d\u2019entrenador. \u00c9s un equip molt seri\u00f3s, que defensa molt en el seu propi canvi, que espera al rival. A m\u00e9s, et deixa molt poques l\u00ednies de passada. Tenen a Marta Cardona en un gran moment. Ser\u00e0 un equip al qual dif\u00edcilment puguem tirar-li m\u00e0 a nivell posicional, per\u00f2 hi haur\u00e0 altres maneres de fer-li mal\u201d. Possible alineaci\u00f3 indeguda del Sevilla FC en Copa de la Reina \u201cAra mateix nosaltres ens centrem en la lliga i en el partit de l\u2019Atl\u00e9tico de Madrid. A mi m\u2019hauria agradat m\u00e9s aconseguir la vict\u00f2ria en el camp. De fet, crec que vam fer m\u00e8rits. Ara est\u00e0 en mans de la RFEF i si ens ho concedeixen, anirem a competir l\u2019eliminat\u00f2ria. Per exemple, el partit contra el Sevilla FC era un bon moment per a poder canviar la imatge del Villarreal. No permetr\u00e9 m\u00e9s que donem eixa imatge. Tot passa per les mans del cos t\u00e8cnic. L\u2019equip ha d\u2019anar al 200% i potser eixa eliminat\u00f2ria ens vindria molt b\u00e9 per a agafar confian\u00e7a\u201d. Continuar lluitant \u201cA nivell personal com a entrenadora, si no fora per aqueix bagatge, \u00e9s dif\u00edcil ser fort i confiar en el treball. Ara mateix \u00e9s dif\u00edcil que des de fora del club et donen suport. Confie molt\u00edssim en el meu equip i confie en el nostre treball. No vol dir que no hi haja res a millorar. El primer que faig \u00e9s fer autocr\u00edtica i s\u00e9 que tot passa per les meues mans. Far\u00e9 tot el possible perqu\u00e8 aquest Villarreal Femen\u00ed torne un any m\u00e9s a mantindre\u2019s en primera divisi\u00f3, perqu\u00e8 s\u2019ho mereix per tot el que fa com a club. Per a la lliga femen\u00ed, crec que el Villarreal Femen\u00ed es mantinga \u00e9s del millor que els pot passar, perqu\u00e8 \u00e9s un dels clubs que realment aposta i un exemple \u00e9s jugar en el Mini Estadi. Farem tot el que siga a les nostres mans per a aconseguir l\u2019objectiu\u201d.","headings":[{"type":"heading","level":2,"text":"Sara Monforte ha analitzat l\u2019actual situaci\u00f3 del conjunt groc i el seu pr\u00f2xim partit davant l\u2019Atl\u00e9tico de Madrid (dissabte, 16.00h)"}],"buttons":[],"images":[],"counts":{"blocks":17,"headings":1,"texts":15,"buttons":0,"images":0}},"sections":[{"id":"section-1","title":"Sara Monforte ha analitzat l\u2019actual situaci\u00f3 del conjunt groc i el seu pr\u00f2xim partit davant l\u2019Atl\u00e9tico de Madrid (dissabte, 16.00h)","text":"Sara Monforte ha analitzat l\u2019actual situaci\u00f3 del conjunt groc i el seu pr\u00f2xim partit davant l\u2019Atl\u00e9tico de Madrid (dissabte, 16.00h) L\u2019entrenadora del Villarreal Femen\u00ed, Sara Monforte, va compar\u00e9ixer davant els mitjans de comunicaci\u00f3 en la roda de premsa pr\u00e8via al partit que enfrontar\u00e0 a les groguetes enfront de l\u2019Atl\u00e9tico de Madrid, corresponent a la jornada 15 de la Finetwork Liga F. El partit tindr\u00e0 lloc dissabte 14 de gener, a partir de les 16.00 hores, en el Centre Esportiu Civitas d\u2019Alcal\u00e1 de Henares. Aquestes s\u00f3n les declaracions de l\u2019entrenadora grogueta: La volta de Tere Morat\u00f3 \u201cHa sigut la millor not\u00edcia que podem tindre. Per a nosaltres Tere \u00e9s molt important, ja que \u00e9s una jugadora vital. Estem molt contents a nivell esportiu, perqu\u00e8 ser\u00e0 de gran ajuda, ja que ens aportar\u00e0 molt de poder ofensiu. I a nivell personal s\u2019ho mereix, perqu\u00e8 porta treballant molt temps. Hi ha hagut un canvi f\u00edsic espectacular, gr\u00e0cies al seu treball amb readaptaci\u00f3 i amb fisioterapeutes. \u00c9s el nostre fitxatge d\u2019hivern ideal. Serveis m\u00e8dics ens pauta els minuts que pot anar disputant. Contra el Sevilla FC van ser uns 15 i per a l\u2019Atl\u00e9tico de Madrid podrien arribar a ser uns 30. Anirem progressant perqu\u00e8 la c\u00e0rrega de treball no siga tan fort\u201d. Estat an\u00edmic de l\u2019equip \u201cHa estat malament. A nivell de resultats no est\u00e0 sent un bon moment i la imatge que hem donat ac\u00ed en el Mini Estadi no ha sigut bona, per\u00f2 les jugadores estan entrenant molt b\u00e9. El cos t\u00e8cnic hem fet autoc\u00edritca i hem mirat a veure quines coses es poden millorar. Crec que en el partit contra el Sevilla FC es va veure un altre Villarreal ja. De fet, crec que va ser molt injust el resultat degut al gol anul\u00b7lat que era totalment legal. Hem fet una mica de \u2018reset\u2019 i s\u00ed que \u00e9s veritat que l\u2019equip va ser una mica m\u00e9s agressiu. A partir d\u2019ara veurem a un altre Villarreal Femen\u00ed\u201d. Aspectes per millorar \u201cS\u00f3n les \u00e0rees. Amb molt poc ens creen perill, perqu\u00e8 no estem sent contundents i no estem defensant b\u00e9 eixes situacions, i en la seua \u00e0rea hem de ser m\u00e9s agressives. Moltes vegades juguem o massa vertical o horitzontal, aix\u00ed que hem de saber diferenciar quan hem de jugar cada cosa, ser agressives ofensivament i trepitjar m\u00e9s \u00e0rea i tindre m\u00e9s gol\u201d. El rival: Atl\u00e9tico de Madrid \u201c\u00c9s un equip que ha canviat molt amb el canvi d\u2019entrenador. \u00c9s un equip molt seri\u00f3s, que defensa molt en el seu propi canvi, que espera al rival. A m\u00e9s, et deixa molt poques l\u00ednies de passada. Tenen a Marta Cardona en un gran moment. Ser\u00e0 un equip al qual dif\u00edcilment puguem tirar-li m\u00e0 a nivell posicional, per\u00f2 hi haur\u00e0 altres maneres de fer-li mal\u201d. Possible alineaci\u00f3 indeguda del Sevilla FC en Copa de la Reina \u201cAra mateix nosaltres ens centrem en la lliga i en el partit de l\u2019Atl\u00e9tico de Madrid. A mi m\u2019hauria agradat m\u00e9s aconseguir la vict\u00f2ria en el camp. De fet, crec que vam fer m\u00e8rits. Ara est\u00e0 en mans de la RFEF i si ens ho concedeixen, anirem a competir l\u2019eliminat\u00f2ria. Per exemple, el partit contra el Sevilla FC era un bon moment per a poder canviar la imatge del Villarreal. No permetr\u00e9 m\u00e9s que donem eixa imatge. Tot passa per les mans del cos t\u00e8cnic. L\u2019equip ha d\u2019anar al 200% i potser eixa eliminat\u00f2ria ens vindria molt b\u00e9 per a agafar confian\u00e7a\u201d. Continuar lluitant \u201cA nivell personal com a entrenadora, si no fora per aqueix bagatge, \u00e9s dif\u00edcil ser fort i confiar en el treball. Ara mateix \u00e9s dif\u00edcil que des de fora del club et donen suport. Confie molt\u00edssim en el meu equip i confie en el nostre treball. No vol dir que no hi haja res a millorar. El primer que faig \u00e9s fer autocr\u00edtica i s\u00e9 que tot passa per les meues mans. Far\u00e9 tot el possible perqu\u00e8 aquest Villarreal Femen\u00ed torne un any m\u00e9s a mantindre\u2019s en primera divisi\u00f3, perqu\u00e8 s\u2019ho mereix per tot el que fa com a club. Per a la lliga femen\u00ed, crec que el Villarreal Femen\u00ed es mantinga \u00e9s del millor que els pot passar, perqu\u00e8 \u00e9s un dels clubs que realment aposta i un exemple \u00e9s jugar en el Mini Estadi. Farem tot el que siga a les nostres mans per a aconseguir l\u2019objectiu\u201d.","headings":[{"type":"heading","level":2,"text":"Sara Monforte ha analitzat l\u2019actual situaci\u00f3 del conjunt groc i el seu pr\u00f2xim partit davant l\u2019Atl\u00e9tico de Madrid (dissabte, 16.00h)"}],"texts":[{"type":"paragraph","text":"L\u2019entrenadora del Villarreal Femen\u00ed, Sara Monforte, va compar\u00e9ixer davant els mitjans de comunicaci\u00f3 en la roda de premsa pr\u00e8via al partit que enfrontar\u00e0 a les groguetes enfront de l\u2019Atl\u00e9tico de Madrid, corresponent a la jornada 15 de la Finetwork Liga F. El partit tindr\u00e0 lloc dissabte 14 de gener, a partir de les 16.00 hores, en el Centre Esportiu Civitas d\u2019Alcal\u00e1 de Henares. Aquestes s\u00f3n les declaracions de l\u2019entrenadora grogueta:"},{"type":"paragraph","text":"La volta de Tere Morat\u00f3"},{"type":"paragraph","text":"\u201cHa sigut la millor not\u00edcia que podem tindre. Per a nosaltres Tere \u00e9s molt important, ja que \u00e9s una jugadora vital. Estem molt contents a nivell esportiu, perqu\u00e8 ser\u00e0 de gran ajuda, ja que ens aportar\u00e0 molt de poder ofensiu. I a nivell personal s\u2019ho mereix, perqu\u00e8 porta treballant molt temps. Hi ha hagut un canvi f\u00edsic espectacular, gr\u00e0cies al seu treball amb readaptaci\u00f3 i amb fisioterapeutes. \u00c9s el nostre fitxatge d\u2019hivern ideal."},{"type":"paragraph","text":"Serveis m\u00e8dics ens pauta els minuts que pot anar disputant. Contra el Sevilla FC van ser uns 15 i per a l\u2019Atl\u00e9tico de Madrid podrien arribar a ser uns 30. Anirem progressant perqu\u00e8 la c\u00e0rrega de treball no siga tan fort\u201d."},{"type":"paragraph","text":"Estat an\u00edmic de l\u2019equip"},{"type":"paragraph","text":"\u201cHa estat malament. A nivell de resultats no est\u00e0 sent un bon moment i la imatge que hem donat ac\u00ed en el Mini Estadi no ha sigut bona, per\u00f2 les jugadores estan entrenant molt b\u00e9. El cos t\u00e8cnic hem fet autoc\u00edritca i hem mirat a veure quines coses es poden millorar. Crec que en el partit contra el Sevilla FC es va veure un altre Villarreal ja. De fet, crec que va ser molt injust el resultat degut al gol anul\u00b7lat que era totalment legal. Hem fet una mica de \u2018reset\u2019 i s\u00ed que \u00e9s veritat que l\u2019equip va ser una mica m\u00e9s agressiu. A partir d\u2019ara veurem a un altre Villarreal Femen\u00ed\u201d."},{"type":"paragraph","text":"Aspectes per millorar"},{"type":"paragraph","text":"\u201cS\u00f3n les \u00e0rees. Amb molt poc ens creen perill, perqu\u00e8 no estem sent contundents i no estem defensant b\u00e9 eixes situacions, i en la seua \u00e0rea hem de ser m\u00e9s agressives. Moltes vegades juguem o massa vertical o horitzontal, aix\u00ed que hem de saber diferenciar quan hem de jugar cada cosa, ser agressives ofensivament i trepitjar m\u00e9s \u00e0rea i tindre m\u00e9s gol\u201d."},{"type":"paragraph","text":"El rival: Atl\u00e9tico de Madrid"},{"type":"paragraph","text":"\u201c\u00c9s un equip que ha canviat molt amb el canvi d\u2019entrenador. \u00c9s un equip molt seri\u00f3s, que defensa molt en el seu propi canvi, que espera al rival. A m\u00e9s, et deixa molt poques l\u00ednies de passada. Tenen a Marta Cardona en un gran moment. Ser\u00e0 un equip al qual dif\u00edcilment puguem tirar-li m\u00e0 a nivell posicional, per\u00f2 hi haur\u00e0 altres maneres de fer-li mal\u201d."},{"type":"paragraph","text":"Possible alineaci\u00f3 indeguda del Sevilla FC en Copa de la Reina"},{"type":"paragraph","text":"\u201cAra mateix nosaltres ens centrem en la lliga i en el partit de l\u2019Atl\u00e9tico de Madrid. A mi m\u2019hauria agradat m\u00e9s aconseguir la vict\u00f2ria en el camp. De fet, crec que vam fer m\u00e8rits. Ara est\u00e0 en mans de la RFEF i si ens ho concedeixen, anirem a competir l\u2019eliminat\u00f2ria."},{"type":"paragraph","text":"Per exemple, el partit contra el Sevilla FC era un bon moment per a poder canviar la imatge del Villarreal. No permetr\u00e9 m\u00e9s que donem eixa imatge. Tot passa per les mans del cos t\u00e8cnic. L\u2019equip ha d\u2019anar al 200% i potser eixa eliminat\u00f2ria ens vindria molt b\u00e9 per a agafar confian\u00e7a\u201d."},{"type":"paragraph","text":"Continuar lluitant"},{"type":"paragraph","text":"\u201cA nivell personal com a entrenadora, si no fora per aqueix bagatge, \u00e9s dif\u00edcil ser fort i confiar en el treball. Ara mateix \u00e9s dif\u00edcil que des de fora del club et donen suport. Confie molt\u00edssim en el meu equip i confie en el nostre treball. No vol dir que no hi haja res a millorar. El primer que faig \u00e9s fer autocr\u00edtica i s\u00e9 que tot passa per les meues mans. Far\u00e9 tot el possible perqu\u00e8 aquest Villarreal Femen\u00ed torne un any m\u00e9s a mantindre\u2019s en primera divisi\u00f3, perqu\u00e8 s\u2019ho mereix per tot el que fa com a club. Per a la lliga femen\u00ed, crec que el Villarreal Femen\u00ed es mantinga \u00e9s del millor que els pot passar, perqu\u00e8 \u00e9s un dels clubs que realment aposta i un exemple \u00e9s jugar en el Mini Estadi. Farem tot el que siga a les nostres mans per a aconseguir l\u2019objectiu\u201d."}],"buttons":[],"images":[],"widgets":[],"blocks":[{"type":"heading","level":2,"text":"Sara Monforte ha analitzat l\u2019actual situaci\u00f3 del conjunt groc i el seu pr\u00f2xim partit davant l\u2019Atl\u00e9tico de Madrid (dissabte, 16.00h)"},{"type":"paragraph","text":"L\u2019entrenadora del Villarreal Femen\u00ed, Sara Monforte, va compar\u00e9ixer davant els mitjans de comunicaci\u00f3 en la roda de premsa pr\u00e8via al partit que enfrontar\u00e0 a les groguetes enfront de l\u2019Atl\u00e9tico de Madrid, corresponent a la jornada 15 de la Finetwork Liga F. El partit tindr\u00e0 lloc dissabte 14 de gener, a partir de les 16.00 hores, en el Centre Esportiu Civitas d\u2019Alcal\u00e1 de Henares. Aquestes s\u00f3n les declaracions de l\u2019entrenadora grogueta:"},{"type":"paragraph","text":"La volta de Tere Morat\u00f3"},{"type":"paragraph","text":"\u201cHa sigut la millor not\u00edcia que podem tindre. Per a nosaltres Tere \u00e9s molt important, ja que \u00e9s una jugadora vital. Estem molt contents a nivell esportiu, perqu\u00e8 ser\u00e0 de gran ajuda, ja que ens aportar\u00e0 molt de poder ofensiu. I a nivell personal s\u2019ho mereix, perqu\u00e8 porta treballant molt temps. Hi ha hagut un canvi f\u00edsic espectacular, gr\u00e0cies al seu treball amb readaptaci\u00f3 i amb fisioterapeutes. \u00c9s el nostre fitxatge d\u2019hivern ideal."},{"type":"paragraph","text":"Serveis m\u00e8dics ens pauta els minuts que pot anar disputant. Contra el Sevilla FC van ser uns 15 i per a l\u2019Atl\u00e9tico de Madrid podrien arribar a ser uns 30. Anirem progressant perqu\u00e8 la c\u00e0rrega de treball no siga tan fort\u201d."},{"type":"paragraph","text":"Estat an\u00edmic de l\u2019equip"},{"type":"paragraph","text":"\u201cHa estat malament. A nivell de resultats no est\u00e0 sent un bon moment i la imatge que hem donat ac\u00ed en el Mini Estadi no ha sigut bona, per\u00f2 les jugadores estan entrenant molt b\u00e9. El cos t\u00e8cnic hem fet autoc\u00edritca i hem mirat a veure quines coses es poden millorar. Crec que en el partit contra el Sevilla FC es va veure un altre Villarreal ja. De fet, crec que va ser molt injust el resultat degut al gol anul\u00b7lat que era totalment legal. Hem fet una mica de \u2018reset\u2019 i s\u00ed que \u00e9s veritat que l\u2019equip va ser una mica m\u00e9s agressiu. A partir d\u2019ara veurem a un altre Villarreal Femen\u00ed\u201d."},{"type":"paragraph","text":"Aspectes per millorar"},{"type":"paragraph","text":"\u201cS\u00f3n les \u00e0rees. Amb molt poc ens creen perill, perqu\u00e8 no estem sent contundents i no estem defensant b\u00e9 eixes situacions, i en la seua \u00e0rea hem de ser m\u00e9s agressives. Moltes vegades juguem o massa vertical o horitzontal, aix\u00ed que hem de saber diferenciar quan hem de jugar cada cosa, ser agressives ofensivament i trepitjar m\u00e9s \u00e0rea i tindre m\u00e9s gol\u201d."},{"type":"paragraph","text":"El rival: Atl\u00e9tico de Madrid"},{"type":"paragraph","text":"\u201c\u00c9s un equip que ha canviat molt amb el canvi d\u2019entrenador. \u00c9s un equip molt seri\u00f3s, que defensa molt en el seu propi canvi, que espera al rival. A m\u00e9s, et deixa molt poques l\u00ednies de passada. Tenen a Marta Cardona en un gran moment. Ser\u00e0 un equip al qual dif\u00edcilment puguem tirar-li m\u00e0 a nivell posicional, per\u00f2 hi haur\u00e0 altres maneres de fer-li mal\u201d."},{"type":"paragraph","text":"Possible alineaci\u00f3 indeguda del Sevilla FC en Copa de la Reina"},{"type":"paragraph","text":"\u201cAra mateix nosaltres ens centrem en la lliga i en el partit de l\u2019Atl\u00e9tico de Madrid. A mi m\u2019hauria agradat m\u00e9s aconseguir la vict\u00f2ria en el camp. De fet, crec que vam fer m\u00e8rits. Ara est\u00e0 en mans de la RFEF i si ens ho concedeixen, anirem a competir l\u2019eliminat\u00f2ria."},{"type":"paragraph","text":"Per exemple, el partit contra el Sevilla FC era un bon moment per a poder canviar la imatge del Villarreal. No permetr\u00e9 m\u00e9s que donem eixa imatge. Tot passa per les mans del cos t\u00e8cnic. L\u2019equip ha d\u2019anar al 200% i potser eixa eliminat\u00f2ria ens vindria molt b\u00e9 per a agafar confian\u00e7a\u201d."},{"type":"paragraph","text":"Continuar lluitant"},{"type":"paragraph","text":"\u201cA nivell personal com a entrenadora, si no fora per aqueix bagatge, \u00e9s dif\u00edcil ser fort i confiar en el treball. Ara mateix \u00e9s dif\u00edcil que des de fora del club et donen suport. Confie molt\u00edssim en el meu equip i confie en el nostre treball. No vol dir que no hi haja res a millorar. El primer que faig \u00e9s fer autocr\u00edtica i s\u00e9 que tot passa per les meues mans. Far\u00e9 tot el possible perqu\u00e8 aquest Villarreal Femen\u00ed torne un any m\u00e9s a mantindre\u2019s en primera divisi\u00f3, perqu\u00e8 s\u2019ho mereix per tot el que fa com a club. Per a la lliga femen\u00ed, crec que el Villarreal Femen\u00ed es mantinga \u00e9s del millor que els pot passar, perqu\u00e8 \u00e9s un dels clubs que realment aposta i un exemple \u00e9s jugar en el Mini Estadi. Farem tot el que siga a les nostres mans per a aconseguir l\u2019objectiu\u201d."},{"type":"video","kind":"iframe","url":"https:\/\/www.youtube.com\/embed\/3pGuqOvaHos?feature=oembed","poster":""}]}],"hero":{"id":"section-1","title":"Sara Monforte ha analitzat l\u2019actual situaci\u00f3 del conjunt groc i el seu pr\u00f2xim partit davant l\u2019Atl\u00e9tico de Madrid (dissabte, 16.00h)","text":"Sara Monforte ha analitzat l\u2019actual situaci\u00f3 del conjunt groc i el seu pr\u00f2xim partit davant l\u2019Atl\u00e9tico de Madrid (dissabte, 16.00h) L\u2019entrenadora del Villarreal Femen\u00ed, Sara Monforte, va compar\u00e9ixer davant els mitjans de comunicaci\u00f3 en la roda de premsa pr\u00e8via al partit que enfrontar\u00e0 a les groguetes enfront de l\u2019Atl\u00e9tico de Madrid, corresponent a la jornada 15 de la Finetwork Liga F. El partit tindr\u00e0 lloc dissabte 14 de gener, a partir de les 16.00 hores, en el Centre Esportiu Civitas d\u2019Alcal\u00e1 de Henares. Aquestes s\u00f3n les declaracions de l\u2019entrenadora grogueta: La volta de Tere Morat\u00f3 \u201cHa sigut la millor not\u00edcia que podem tindre. Per a nosaltres Tere \u00e9s molt important, ja que \u00e9s una jugadora vital. Estem molt contents a nivell esportiu, perqu\u00e8 ser\u00e0 de gran ajuda, ja que ens aportar\u00e0 molt de poder ofensiu. I a nivell personal s\u2019ho mereix, perqu\u00e8 porta treballant molt temps. Hi ha hagut un canvi f\u00edsic espectacular, gr\u00e0cies al seu treball amb readaptaci\u00f3 i amb fisioterapeutes. \u00c9s el nostre fitxatge d\u2019hivern ideal. Serveis m\u00e8dics ens pauta els minuts que pot anar disputant. Contra el Sevilla FC van ser uns 15 i per a l\u2019Atl\u00e9tico de Madrid podrien arribar a ser uns 30. Anirem progressant perqu\u00e8 la c\u00e0rrega de treball no siga tan fort\u201d. Estat an\u00edmic de l\u2019equip \u201cHa estat malament. A nivell de resultats no est\u00e0 sent un bon moment i la imatge que hem donat ac\u00ed en el Mini Estadi no ha sigut bona, per\u00f2 les jugadores estan entrenant molt b\u00e9. El cos t\u00e8cnic hem fet autoc\u00edritca i hem mirat a veure quines coses es poden millorar. Crec que en el partit contra el Sevilla FC es va veure un altre Villarreal ja. De fet, crec que va ser molt injust el resultat degut al gol anul\u00b7lat que era totalment legal. Hem fet una mica de \u2018reset\u2019 i s\u00ed que \u00e9s veritat que l\u2019equip va ser una mica m\u00e9s agressiu. A partir d\u2019ara veurem a un altre Villarreal Femen\u00ed\u201d. Aspectes per millorar \u201cS\u00f3n les \u00e0rees. Amb molt poc ens creen perill, perqu\u00e8 no estem sent contundents i no estem defensant b\u00e9 eixes situacions, i en la seua \u00e0rea hem de ser m\u00e9s agressives. Moltes vegades juguem o massa vertical o horitzontal, aix\u00ed que hem de saber diferenciar quan hem de jugar cada cosa, ser agressives ofensivament i trepitjar m\u00e9s \u00e0rea i tindre m\u00e9s gol\u201d. El rival: Atl\u00e9tico de Madrid \u201c\u00c9s un equip que ha canviat molt amb el canvi d\u2019entrenador. \u00c9s un equip molt seri\u00f3s, que defensa molt en el seu propi canvi, que espera al rival. A m\u00e9s, et deixa molt poques l\u00ednies de passada. Tenen a Marta Cardona en un gran moment. Ser\u00e0 un equip al qual dif\u00edcilment puguem tirar-li m\u00e0 a nivell posicional, per\u00f2 hi haur\u00e0 altres maneres de fer-li mal\u201d. Possible alineaci\u00f3 indeguda del Sevilla FC en Copa de la Reina \u201cAra mateix nosaltres ens centrem en la lliga i en el partit de l\u2019Atl\u00e9tico de Madrid. A mi m\u2019hauria agradat m\u00e9s aconseguir la vict\u00f2ria en el camp. De fet, crec que vam fer m\u00e8rits. Ara est\u00e0 en mans de la RFEF i si ens ho concedeixen, anirem a competir l\u2019eliminat\u00f2ria. Per exemple, el partit contra el Sevilla FC era un bon moment per a poder canviar la imatge del Villarreal. No permetr\u00e9 m\u00e9s que donem eixa imatge. Tot passa per les mans del cos t\u00e8cnic. L\u2019equip ha d\u2019anar al 200% i potser eixa eliminat\u00f2ria ens vindria molt b\u00e9 per a agafar confian\u00e7a\u201d. Continuar lluitant \u201cA nivell personal com a entrenadora, si no fora per aqueix bagatge, \u00e9s dif\u00edcil ser fort i confiar en el treball. Ara mateix \u00e9s dif\u00edcil que des de fora del club et donen suport. Confie molt\u00edssim en el meu equip i confie en el nostre treball. No vol dir que no hi haja res a millorar. El primer que faig \u00e9s fer autocr\u00edtica i s\u00e9 que tot passa per les meues mans. Far\u00e9 tot el possible perqu\u00e8 aquest Villarreal Femen\u00ed torne un any m\u00e9s a mantindre\u2019s en primera divisi\u00f3, perqu\u00e8 s\u2019ho mereix per tot el que fa com a club. Per a la lliga femen\u00ed, crec que el Villarreal Femen\u00ed es mantinga \u00e9s del millor que els pot passar, perqu\u00e8 \u00e9s un dels clubs que realment aposta i un exemple \u00e9s jugar en el Mini Estadi. Farem tot el que siga a les nostres mans per a aconseguir l\u2019objectiu\u201d.","headings":[{"type":"heading","level":2,"text":"Sara Monforte ha analitzat l\u2019actual situaci\u00f3 del conjunt groc i el seu pr\u00f2xim partit davant l\u2019Atl\u00e9tico de Madrid (dissabte, 16.00h)"}],"texts":[{"type":"paragraph","text":"L\u2019entrenadora del Villarreal Femen\u00ed, Sara Monforte, va compar\u00e9ixer davant els mitjans de comunicaci\u00f3 en la roda de premsa pr\u00e8via al partit que enfrontar\u00e0 a les groguetes enfront de l\u2019Atl\u00e9tico de Madrid, corresponent a la jornada 15 de la Finetwork Liga F. El partit tindr\u00e0 lloc dissabte 14 de gener, a partir de les 16.00 hores, en el Centre Esportiu Civitas d\u2019Alcal\u00e1 de Henares. Aquestes s\u00f3n les declaracions de l\u2019entrenadora grogueta:"},{"type":"paragraph","text":"La volta de Tere Morat\u00f3"},{"type":"paragraph","text":"\u201cHa sigut la millor not\u00edcia que podem tindre. Per a nosaltres Tere \u00e9s molt important, ja que \u00e9s una jugadora vital. Estem molt contents a nivell esportiu, perqu\u00e8 ser\u00e0 de gran ajuda, ja que ens aportar\u00e0 molt de poder ofensiu. I a nivell personal s\u2019ho mereix, perqu\u00e8 porta treballant molt temps. Hi ha hagut un canvi f\u00edsic espectacular, gr\u00e0cies al seu treball amb readaptaci\u00f3 i amb fisioterapeutes. \u00c9s el nostre fitxatge d\u2019hivern ideal."},{"type":"paragraph","text":"Serveis m\u00e8dics ens pauta els minuts que pot anar disputant. Contra el Sevilla FC van ser uns 15 i per a l\u2019Atl\u00e9tico de Madrid podrien arribar a ser uns 30. Anirem progressant perqu\u00e8 la c\u00e0rrega de treball no siga tan fort\u201d."},{"type":"paragraph","text":"Estat an\u00edmic de l\u2019equip"},{"type":"paragraph","text":"\u201cHa estat malament. A nivell de resultats no est\u00e0 sent un bon moment i la imatge que hem donat ac\u00ed en el Mini Estadi no ha sigut bona, per\u00f2 les jugadores estan entrenant molt b\u00e9. El cos t\u00e8cnic hem fet autoc\u00edritca i hem mirat a veure quines coses es poden millorar. Crec que en el partit contra el Sevilla FC es va veure un altre Villarreal ja. De fet, crec que va ser molt injust el resultat degut al gol anul\u00b7lat que era totalment legal. Hem fet una mica de \u2018reset\u2019 i s\u00ed que \u00e9s veritat que l\u2019equip va ser una mica m\u00e9s agressiu. A partir d\u2019ara veurem a un altre Villarreal Femen\u00ed\u201d."},{"type":"paragraph","text":"Aspectes per millorar"},{"type":"paragraph","text":"\u201cS\u00f3n les \u00e0rees. Amb molt poc ens creen perill, perqu\u00e8 no estem sent contundents i no estem defensant b\u00e9 eixes situacions, i en la seua \u00e0rea hem de ser m\u00e9s agressives. Moltes vegades juguem o massa vertical o horitzontal, aix\u00ed que hem de saber diferenciar quan hem de jugar cada cosa, ser agressives ofensivament i trepitjar m\u00e9s \u00e0rea i tindre m\u00e9s gol\u201d."},{"type":"paragraph","text":"El rival: Atl\u00e9tico de Madrid"},{"type":"paragraph","text":"\u201c\u00c9s un equip que ha canviat molt amb el canvi d\u2019entrenador. \u00c9s un equip molt seri\u00f3s, que defensa molt en el seu propi canvi, que espera al rival. A m\u00e9s, et deixa molt poques l\u00ednies de passada. Tenen a Marta Cardona en un gran moment. Ser\u00e0 un equip al qual dif\u00edcilment puguem tirar-li m\u00e0 a nivell posicional, per\u00f2 hi haur\u00e0 altres maneres de fer-li mal\u201d."},{"type":"paragraph","text":"Possible alineaci\u00f3 indeguda del Sevilla FC en Copa de la Reina"},{"type":"paragraph","text":"\u201cAra mateix nosaltres ens centrem en la lliga i en el partit de l\u2019Atl\u00e9tico de Madrid. A mi m\u2019hauria agradat m\u00e9s aconseguir la vict\u00f2ria en el camp. De fet, crec que vam fer m\u00e8rits. Ara est\u00e0 en mans de la RFEF i si ens ho concedeixen, anirem a competir l\u2019eliminat\u00f2ria."},{"type":"paragraph","text":"Per exemple, el partit contra el Sevilla FC era un bon moment per a poder canviar la imatge del Villarreal. No permetr\u00e9 m\u00e9s que donem eixa imatge. Tot passa per les mans del cos t\u00e8cnic. L\u2019equip ha d\u2019anar al 200% i potser eixa eliminat\u00f2ria ens vindria molt b\u00e9 per a agafar confian\u00e7a\u201d."},{"type":"paragraph","text":"Continuar lluitant"},{"type":"paragraph","text":"\u201cA nivell personal com a entrenadora, si no fora per aqueix bagatge, \u00e9s dif\u00edcil ser fort i confiar en el treball. Ara mateix \u00e9s dif\u00edcil que des de fora del club et donen suport. Confie molt\u00edssim en el meu equip i confie en el nostre treball. No vol dir que no hi haja res a millorar. El primer que faig \u00e9s fer autocr\u00edtica i s\u00e9 que tot passa per les meues mans. Far\u00e9 tot el possible perqu\u00e8 aquest Villarreal Femen\u00ed torne un any m\u00e9s a mantindre\u2019s en primera divisi\u00f3, perqu\u00e8 s\u2019ho mereix per tot el que fa com a club. Per a la lliga femen\u00ed, crec que el Villarreal Femen\u00ed es mantinga \u00e9s del millor que els pot passar, perqu\u00e8 \u00e9s un dels clubs que realment aposta i un exemple \u00e9s jugar en el Mini Estadi. Farem tot el que siga a les nostres mans per a aconseguir l\u2019objectiu\u201d."}],"buttons":[],"images":[],"widgets":[],"blocks":[{"type":"heading","level":2,"text":"Sara Monforte ha analitzat l\u2019actual situaci\u00f3 del conjunt groc i el seu pr\u00f2xim partit davant l\u2019Atl\u00e9tico de Madrid (dissabte, 16.00h)"},{"type":"paragraph","text":"L\u2019entrenadora del Villarreal Femen\u00ed, Sara Monforte, va compar\u00e9ixer davant els mitjans de comunicaci\u00f3 en la roda de premsa pr\u00e8via al partit que enfrontar\u00e0 a les groguetes enfront de l\u2019Atl\u00e9tico de Madrid, corresponent a la jornada 15 de la Finetwork Liga F. El partit tindr\u00e0 lloc dissabte 14 de gener, a partir de les 16.00 hores, en el Centre Esportiu Civitas d\u2019Alcal\u00e1 de Henares. Aquestes s\u00f3n les declaracions de l\u2019entrenadora grogueta:"},{"type":"paragraph","text":"La volta de Tere Morat\u00f3"},{"type":"paragraph","text":"\u201cHa sigut la millor not\u00edcia que podem tindre. Per a nosaltres Tere \u00e9s molt important, ja que \u00e9s una jugadora vital. Estem molt contents a nivell esportiu, perqu\u00e8 ser\u00e0 de gran ajuda, ja que ens aportar\u00e0 molt de poder ofensiu. I a nivell personal s\u2019ho mereix, perqu\u00e8 porta treballant molt temps. Hi ha hagut un canvi f\u00edsic espectacular, gr\u00e0cies al seu treball amb readaptaci\u00f3 i amb fisioterapeutes. \u00c9s el nostre fitxatge d\u2019hivern ideal."},{"type":"paragraph","text":"Serveis m\u00e8dics ens pauta els minuts que pot anar disputant. Contra el Sevilla FC van ser uns 15 i per a l\u2019Atl\u00e9tico de Madrid podrien arribar a ser uns 30. Anirem progressant perqu\u00e8 la c\u00e0rrega de treball no siga tan fort\u201d."},{"type":"paragraph","text":"Estat an\u00edmic de l\u2019equip"},{"type":"paragraph","text":"\u201cHa estat malament. A nivell de resultats no est\u00e0 sent un bon moment i la imatge que hem donat ac\u00ed en el Mini Estadi no ha sigut bona, per\u00f2 les jugadores estan entrenant molt b\u00e9. El cos t\u00e8cnic hem fet autoc\u00edritca i hem mirat a veure quines coses es poden millorar. Crec que en el partit contra el Sevilla FC es va veure un altre Villarreal ja. De fet, crec que va ser molt injust el resultat degut al gol anul\u00b7lat que era totalment legal. Hem fet una mica de \u2018reset\u2019 i s\u00ed que \u00e9s veritat que l\u2019equip va ser una mica m\u00e9s agressiu. A partir d\u2019ara veurem a un altre Villarreal Femen\u00ed\u201d."},{"type":"paragraph","text":"Aspectes per millorar"},{"type":"paragraph","text":"\u201cS\u00f3n les \u00e0rees. Amb molt poc ens creen perill, perqu\u00e8 no estem sent contundents i no estem defensant b\u00e9 eixes situacions, i en la seua \u00e0rea hem de ser m\u00e9s agressives. Moltes vegades juguem o massa vertical o horitzontal, aix\u00ed que hem de saber diferenciar quan hem de jugar cada cosa, ser agressives ofensivament i trepitjar m\u00e9s \u00e0rea i tindre m\u00e9s gol\u201d."},{"type":"paragraph","text":"El rival: Atl\u00e9tico de Madrid"},{"type":"paragraph","text":"\u201c\u00c9s un equip que ha canviat molt amb el canvi d\u2019entrenador. \u00c9s un equip molt seri\u00f3s, que defensa molt en el seu propi canvi, que espera al rival. A m\u00e9s, et deixa molt poques l\u00ednies de passada. Tenen a Marta Cardona en un gran moment. Ser\u00e0 un equip al qual dif\u00edcilment puguem tirar-li m\u00e0 a nivell posicional, per\u00f2 hi haur\u00e0 altres maneres de fer-li mal\u201d."},{"type":"paragraph","text":"Possible alineaci\u00f3 indeguda del Sevilla FC en Copa de la Reina"},{"type":"paragraph","text":"\u201cAra mateix nosaltres ens centrem en la lliga i en el partit de l\u2019Atl\u00e9tico de Madrid. A mi m\u2019hauria agradat m\u00e9s aconseguir la vict\u00f2ria en el camp. De fet, crec que vam fer m\u00e8rits. Ara est\u00e0 en mans de la RFEF i si ens ho concedeixen, anirem a competir l\u2019eliminat\u00f2ria."},{"type":"paragraph","text":"Per exemple, el partit contra el Sevilla FC era un bon moment per a poder canviar la imatge del Villarreal. No permetr\u00e9 m\u00e9s que donem eixa imatge. Tot passa per les mans del cos t\u00e8cnic. L\u2019equip ha d\u2019anar al 200% i potser eixa eliminat\u00f2ria ens vindria molt b\u00e9 per a agafar confian\u00e7a\u201d."},{"type":"paragraph","text":"Continuar lluitant"},{"type":"paragraph","text":"\u201cA nivell personal com a entrenadora, si no fora per aqueix bagatge, \u00e9s dif\u00edcil ser fort i confiar en el treball. Ara mateix \u00e9s dif\u00edcil que des de fora del club et donen suport. Confie molt\u00edssim en el meu equip i confie en el nostre treball. No vol dir que no hi haja res a millorar. El primer que faig \u00e9s fer autocr\u00edtica i s\u00e9 que tot passa per les meues mans. Far\u00e9 tot el possible perqu\u00e8 aquest Villarreal Femen\u00ed torne un any m\u00e9s a mantindre\u2019s en primera divisi\u00f3, perqu\u00e8 s\u2019ho mereix per tot el que fa com a club. Per a la lliga femen\u00ed, crec que el Villarreal Femen\u00ed es mantinga \u00e9s del millor que els pot passar, perqu\u00e8 \u00e9s un dels clubs que realment aposta i un exemple \u00e9s jugar en el Mini Estadi. Farem tot el que siga a les nostres mans per a aconseguir l\u2019objectiu\u201d."},{"type":"video","kind":"iframe","url":"https:\/\/www.youtube.com\/embed\/3pGuqOvaHos?feature=oembed","poster":""}]}},"sections":[{"id":"section-1","title":"Sara Monforte ha analitzat l\u2019actual situaci\u00f3 del conjunt groc i el seu pr\u00f2xim partit davant l\u2019Atl\u00e9tico de Madrid (dissabte, 16.00h)","text":"Sara Monforte ha analitzat l\u2019actual situaci\u00f3 del conjunt groc i el seu pr\u00f2xim partit davant l\u2019Atl\u00e9tico de Madrid (dissabte, 16.00h) L\u2019entrenadora del Villarreal Femen\u00ed, Sara Monforte, va compar\u00e9ixer davant els mitjans de comunicaci\u00f3 en la roda de premsa pr\u00e8via al partit que enfrontar\u00e0 a les groguetes enfront de l\u2019Atl\u00e9tico de Madrid, corresponent a la jornada 15 de la Finetwork Liga F. El partit tindr\u00e0 lloc dissabte 14 de gener, a partir de les 16.00 hores, en el Centre Esportiu Civitas d\u2019Alcal\u00e1 de Henares. Aquestes s\u00f3n les declaracions de l\u2019entrenadora grogueta: La volta de Tere Morat\u00f3 \u201cHa sigut la millor not\u00edcia que podem tindre. Per a nosaltres Tere \u00e9s molt important, ja que \u00e9s una jugadora vital. Estem molt contents a nivell esportiu, perqu\u00e8 ser\u00e0 de gran ajuda, ja que ens aportar\u00e0 molt de poder ofensiu. I a nivell personal s\u2019ho mereix, perqu\u00e8 porta treballant molt temps. Hi ha hagut un canvi f\u00edsic espectacular, gr\u00e0cies al seu treball amb readaptaci\u00f3 i amb fisioterapeutes. \u00c9s el nostre fitxatge d\u2019hivern ideal. Serveis m\u00e8dics ens pauta els minuts que pot anar disputant. Contra el Sevilla FC van ser uns 15 i per a l\u2019Atl\u00e9tico de Madrid podrien arribar a ser uns 30. Anirem progressant perqu\u00e8 la c\u00e0rrega de treball no siga tan fort\u201d. Estat an\u00edmic de l\u2019equip \u201cHa estat malament. A nivell de resultats no est\u00e0 sent un bon moment i la imatge que hem donat ac\u00ed en el Mini Estadi no ha sigut bona, per\u00f2 les jugadores estan entrenant molt b\u00e9. El cos t\u00e8cnic hem fet autoc\u00edritca i hem mirat a veure quines coses es poden millorar. Crec que en el partit contra el Sevilla FC es va veure un altre Villarreal ja. De fet, crec que va ser molt injust el resultat degut al gol anul\u00b7lat que era totalment legal. Hem fet una mica de \u2018reset\u2019 i s\u00ed que \u00e9s veritat que l\u2019equip va ser una mica m\u00e9s agressiu. A partir d\u2019ara veurem a un altre Villarreal Femen\u00ed\u201d. Aspectes per millorar \u201cS\u00f3n les \u00e0rees. Amb molt poc ens creen perill, perqu\u00e8 no estem sent contundents i no estem defensant b\u00e9 eixes situacions, i en la seua \u00e0rea hem de ser m\u00e9s agressives. Moltes vegades juguem o massa vertical o horitzontal, aix\u00ed que hem de saber diferenciar quan hem de jugar cada cosa, ser agressives ofensivament i trepitjar m\u00e9s \u00e0rea i tindre m\u00e9s gol\u201d. El rival: Atl\u00e9tico de Madrid \u201c\u00c9s un equip que ha canviat molt amb el canvi d\u2019entrenador. \u00c9s un equip molt seri\u00f3s, que defensa molt en el seu propi canvi, que espera al rival. A m\u00e9s, et deixa molt poques l\u00ednies de passada. Tenen a Marta Cardona en un gran moment. Ser\u00e0 un equip al qual dif\u00edcilment puguem tirar-li m\u00e0 a nivell posicional, per\u00f2 hi haur\u00e0 altres maneres de fer-li mal\u201d. Possible alineaci\u00f3 indeguda del Sevilla FC en Copa de la Reina \u201cAra mateix nosaltres ens centrem en la lliga i en el partit de l\u2019Atl\u00e9tico de Madrid. A mi m\u2019hauria agradat m\u00e9s aconseguir la vict\u00f2ria en el camp. De fet, crec que vam fer m\u00e8rits. Ara est\u00e0 en mans de la RFEF i si ens ho concedeixen, anirem a competir l\u2019eliminat\u00f2ria. Per exemple, el partit contra el Sevilla FC era un bon moment per a poder canviar la imatge del Villarreal. No permetr\u00e9 m\u00e9s que donem eixa imatge. Tot passa per les mans del cos t\u00e8cnic. L\u2019equip ha d\u2019anar al 200% i potser eixa eliminat\u00f2ria ens vindria molt b\u00e9 per a agafar confian\u00e7a\u201d. Continuar lluitant \u201cA nivell personal com a entrenadora, si no fora per aqueix bagatge, \u00e9s dif\u00edcil ser fort i confiar en el treball. Ara mateix \u00e9s dif\u00edcil que des de fora del club et donen suport. Confie molt\u00edssim en el meu equip i confie en el nostre treball. No vol dir que no hi haja res a millorar. El primer que faig \u00e9s fer autocr\u00edtica i s\u00e9 que tot passa per les meues mans. Far\u00e9 tot el possible perqu\u00e8 aquest Villarreal Femen\u00ed torne un any m\u00e9s a mantindre\u2019s en primera divisi\u00f3, perqu\u00e8 s\u2019ho mereix per tot el que fa com a club. Per a la lliga femen\u00ed, crec que el Villarreal Femen\u00ed es mantinga \u00e9s del millor que els pot passar, perqu\u00e8 \u00e9s un dels clubs que realment aposta i un exemple \u00e9s jugar en el Mini Estadi. Farem tot el que siga a les nostres mans per a aconseguir l\u2019objectiu\u201d.","url":"","background_image":"","images":[],"videos":[{"type":"video","kind":"iframe","url":"https:\/\/www.youtube.com\/embed\/3pGuqOvaHos?feature=oembed","poster":""}],"links":[]}]},"excerpt":{"rendered":"Sara Monforte ha analitzat l&#8217;actual situaci\u00f3 del conjunt groc i el seu pr\u00f2xim partit davant l&#8217;Atl\u00e9tico de Madrid (dissabte, 16.00h)","protected":false},"author":29,"featured_media":243199,"comment_status":"closed","ping_status":"closed","sticky":false,"template":"","format":"standard","meta":{"_acf_changed":false,"footnotes":""},"categories":[13785],"tags":[717,9270,9684,9680,11768,716,9205,9203,12685],"acf":null,"lang":"val","translations":{"es":243195,"en":243283,"val":243305},"essential_grid":{"has_grid":false},"formatted_date":"January 12, 2023","modified_date":"January 12, 2023","permalink":"https:\/\/villarrealcf.es\/val\/voy-a-hacer-todo-lo-posible-para-que-el-villarreal-femenino-siga-en-primera\/","reading_time":4,"featured_media_data":{"id":243199,"title":"20230112-RDPSaraMonforte-006 web","caption":"","alt_text":"","description":"","mime_type":"image\/jpeg","source_url":"https:\/\/villarrealcf.es\/wp-content\/uploads\/2023\/01\/20230112-RDPSaraMonforte-006-web.jpg","sizes":{"thumbnail":{"url":"https:\/\/villarrealcf.es\/wp-content\/uploads\/2023\/01\/20230112-RDPSaraMonforte-006-web-150x150.jpg","width":150,"height":150},"medium":{"url":"https:\/\/villarrealcf.es\/wp-content\/uploads\/2023\/01\/20230112-RDPSaraMonforte-006-web-300x169.jpg","width":300,"height":169},"medium_large":{"url":"https:\/\/villarrealcf.es\/wp-content\/uploads\/2023\/01\/20230112-RDPSaraMonforte-006-web-768x432.jpg","width":768,"height":432},"large":{"url":"https:\/\/villarrealcf.es\/wp-content\/uploads\/2023\/01\/20230112-RDPSaraMonforte-006-web.jpg","width":788,"height":443},"1536x1536":{"url":"https:\/\/villarrealcf.es\/wp-content\/uploads\/2023\/01\/20230112-RDPSaraMonforte-006-web-1536x864.jpg","width":1536,"height":864},"2048x2048":{"url":"https:\/\/villarrealcf.es\/wp-content\/uploads\/2023\/01\/20230112-RDPSaraMonforte-006-web.jpg","width":1920,"height":1080},"tp-image-grid":{"url":"https:\/\/villarrealcf.es\/wp-content\/uploads\/2023\/01\/20230112-RDPSaraMonforte-006-web-700x700.jpg","width":700,"height":700},"size-bunyad-medium":{"url":"https:\/\/villarrealcf.es\/wp-content\/uploads\/2023\/01\/20230112-RDPSaraMonforte-006-web.jpg","width":1920,"height":1080},"sportspress-crop-medium":{"url":"https:\/\/villarrealcf.es\/wp-content\/uploads\/2023\/01\/20230112-RDPSaraMonforte-006-web-300x300.jpg","width":300,"height":300},"sportspress-fit-medium":{"url":"https:\/\/villarrealcf.es\/wp-content\/uploads\/2023\/01\/20230112-RDPSaraMonforte-006-web-300x169.jpg","width":300,"height":169},"sportspress-fit-icon":{"url":"https:\/\/villarrealcf.es\/wp-content\/uploads\/2023\/01\/20230112-RDPSaraMonforte-006-web-128x72.jpg","width":128,"height":72},"sportspress-fit-mini":{"url":"https:\/\/villarrealcf.es\/wp-content\/uploads\/2023\/01\/20230112-RDPSaraMonforte-006-web-32x18.jpg","width":32,"height":18},"bunyad-small":{"url":"https:\/\/villarrealcf.es\/wp-content\/uploads\/2023\/01\/20230112-RDPSaraMonforte-006-web-150x84.jpg","width":150,"height":84},"bunyad-medium":{"url":"https:\/\/villarrealcf.es\/wp-content\/uploads\/2023\/01\/20230112-RDPSaraMonforte-006-web-450x253.jpg","width":450,"height":253},"bunyad-full":{"url":"https:\/\/villarrealcf.es\/wp-content\/uploads\/2023\/01\/20230112-RDPSaraMonforte-006-web-1200x675.jpg","width":1200,"height":675},"bunyad-viewport":{"url":"https:\/\/villarrealcf.es\/wp-content\/uploads\/2023\/01\/20230112-RDPSaraMonforte-006-web.jpg","width":1920,"height":1080},"bunyad-768":{"url":"https:\/\/villarrealcf.es\/wp-content\/uploads\/2023\/01\/20230112-RDPSaraMonforte-006-web-768x432.jpg","width":768,"height":432},"full":{"url":"https:\/\/villarrealcf.es\/wp-content\/uploads\/2023\/01\/20230112-RDPSaraMonforte-006-web.jpg","width":1920,"height":1080}}},"author_data":{"id":"29","name":"Azahara Beroy","first_name":"Azahara","last_name":"Beroy","description":"","avatar_url":"https:\/\/secure.gravatar.com\/avatar\/91b979a91a1925e60814719244bbf7824af58ced5a6e2130c2611bde24439aa7?s=96&d=mm&r=g","acf":null},"taxonomies_data":{"category":[{"id":13785,"name":"Futbol Femen\u00ed","slug":"futbol-femenino-val","acf":null}],"post_tag":[{"id":717,"name":"Football","slug":"football-d34","acf":null},{"id":9270,"name":"Futbol","slug":"futbol-val","acf":null},{"id":9684,"name":"F\u00fatbol Femenino","slug":"futbol-femenino-val-2","acf":null},{"id":9680,"name":"Rueda de prensa","slug":"rueda-de-prensa-val","acf":null},{"id":11768,"name":"Sara Monforte","slug":"sara-monforte-val","acf":null},{"id":716,"name":"Soccer","slug":"soccer-d105","acf":null},{"id":9205,"name":"Submarino","slug":"submarino-val","acf":null},{"id":9203,"name":"Villarreal CF","slug":"villarreal-cf-val","acf":null},{"id":12685,"name":"Villarreal Femenino","slug":"villarreal-femenino-val","acf":null}],"translation_priority":[{"id":735,"name":"Optional","slug":"optional-val","acf":null}]},"seo_full":{"native":{"title":"\u201cFar\u00e9 el possible perqu\u00e8 el Villarreal Femen\u00ed seguisca en primera\u201d - Web Oficial del Villarreal CF","description":"Sara Monforte ha analitzat l'actual situaci\u00f3 del conjunt groc i el seu pr\u00f2xim partit davant l'Atl\u00e9tico de Madrid (dissabte, 16.00h)","canonical":"https:\/\/villarrealcf.es\/val\/voy-a-hacer-todo-lo-posible-para-que-el-villarreal-femenino-siga-en-primera\/"}},"_links":{"self":[{"href":"https:\/\/villarrealcf.es\/val\/wp-json\/wp\/v2\/posts\/243305","targetHints":{"allow":["GET"]}}],"collection":[{"href":"https:\/\/villarrealcf.es\/val\/wp-json\/wp\/v2\/posts"}],"about":[{"href":"https:\/\/villarrealcf.es\/val\/wp-json\/wp\/v2\/types\/post"}],"author":[{"embeddable":true,"href":"https:\/\/villarrealcf.es\/val\/wp-json\/wp\/v2\/users\/29"}],"replies":[{"embeddable":true,"href":"https:\/\/villarrealcf.es\/val\/wp-json\/wp\/v2\/comments?post=243305"}],"version-history":[{"count":0,"href":"https:\/\/villarrealcf.es\/val\/wp-json\/wp\/v2\/posts\/243305\/revisions"}],"wp:featuredmedia":[{"embeddable":true,"href":"https:\/\/villarrealcf.es\/val\/wp-json\/wp\/v2\/media\/243199"}],"wp:attachment":[{"href":"https:\/\/villarrealcf.es\/val\/wp-json\/wp\/v2\/media?parent=243305"}],"wp:term":[{"taxonomy":"category","embeddable":true,"href":"https:\/\/villarrealcf.es\/val\/wp-json\/wp\/v2\/categories?post=243305"},{"taxonomy":"post_tag","embeddable":true,"href":"https:\/\/villarrealcf.es\/val\/wp-json\/wp\/v2\/tags?post=243305"}],"curies":[{"name":"wp","href":"https:\/\/api.w.org\/{rel}","templated":true}]}}