{"id":242144,"date":"2023-01-10T10:10:00","date_gmt":"2023-01-10T09:10:00","guid":{"rendered":"https:\/\/villarrealcf.es\/\/el-cd-tenerife-rival-del-juvenil-a-para-octavos-de-copa-del-rey\/"},"modified":"2023-01-10T16:44:46","modified_gmt":"2023-01-10T15:44:46","slug":"el-cd-tenerife-rival-del-juvenil-a-para-octavos-de-copa-del-rey","status":"publish","type":"post","link":"https:\/\/villarrealcf.es\/val\/el-cd-tenerife-rival-del-juvenil-a-para-octavos-de-copa-del-rey\/","title":{"rendered":"El CD Tenerife, rival del Juvenil A per a huitens de Copa"},"content":{"protected":false,"blocks":[{"type":"heading","level":2,"text":"El Villarreal s\u2019enfrontar\u00e0 a l\u2019equip de Tenerife el 25 de gener en terres can\u00e0ries"},{"type":"paragraph","text":"El Juvenil A del Villarreal CF ja coneix al seu rival per als huitens de final de la Copa del Rey. L\u2019equip dirigit per David Cifuentes s\u2019enfrontar\u00e0 al CD Tenerife el 25 de gener a la Ciutat Deportiva de Tenerife Javier P\u00e9rez. L\u2019eliminat\u00f2ria es disputar\u00e0 a partit \u00fanic i l\u2019horari del matx encara est\u00e0 per confirmar."}],"structured":{"summary":{"text":"El Villarreal s\u2019enfrontar\u00e0 a l\u2019equip de Tenerife el 25 de gener en terres can\u00e0ries El Juvenil A del Villarreal CF ja coneix al seu rival per als huitens de final de la Copa del Rey. L\u2019equip dirigit per David Cifuentes s\u2019enfrontar\u00e0 al CD Tenerife el 25 de gener a la Ciutat Deportiva de Tenerife Javier P\u00e9rez. L\u2019eliminat\u00f2ria es disputar\u00e0 a partit \u00fanic i l\u2019horari del matx encara est\u00e0 per confirmar.","headings":[{"type":"heading","level":2,"text":"El Villarreal s\u2019enfrontar\u00e0 a l\u2019equip de Tenerife el 25 de gener en terres can\u00e0ries"}],"buttons":[],"images":[],"counts":{"blocks":2,"headings":1,"texts":1,"buttons":0,"images":0}},"sections":[{"id":"section-1","title":"El Villarreal s\u2019enfrontar\u00e0 a l\u2019equip de Tenerife el 25 de gener en terres can\u00e0ries","text":"El Villarreal s\u2019enfrontar\u00e0 a l\u2019equip de Tenerife el 25 de gener en terres can\u00e0ries El Juvenil A del Villarreal CF ja coneix al seu rival per als huitens de final de la Copa del Rey. L\u2019equip dirigit per David Cifuentes s\u2019enfrontar\u00e0 al CD Tenerife el 25 de gener a la Ciutat Deportiva de Tenerife Javier P\u00e9rez. L\u2019eliminat\u00f2ria es disputar\u00e0 a partit \u00fanic i l\u2019horari del matx encara est\u00e0 per confirmar.","headings":[{"type":"heading","level":2,"text":"El Villarreal s\u2019enfrontar\u00e0 a l\u2019equip de Tenerife el 25 de gener en terres can\u00e0ries"}],"texts":[{"type":"paragraph","text":"El Juvenil A del Villarreal CF ja coneix al seu rival per als huitens de final de la Copa del Rey. L\u2019equip dirigit per David Cifuentes s\u2019enfrontar\u00e0 al CD Tenerife el 25 de gener a la Ciutat Deportiva de Tenerife Javier P\u00e9rez. L\u2019eliminat\u00f2ria es disputar\u00e0 a partit \u00fanic i l\u2019horari del matx encara est\u00e0 per confirmar."}],"buttons":[],"images":[],"widgets":[],"blocks":[{"type":"heading","level":2,"text":"El Villarreal s\u2019enfrontar\u00e0 a l\u2019equip de Tenerife el 25 de gener en terres can\u00e0ries"},{"type":"paragraph","text":"El Juvenil A del Villarreal CF ja coneix al seu rival per als huitens de final de la Copa del Rey. L\u2019equip dirigit per David Cifuentes s\u2019enfrontar\u00e0 al CD Tenerife el 25 de gener a la Ciutat Deportiva de Tenerife Javier P\u00e9rez. L\u2019eliminat\u00f2ria es disputar\u00e0 a partit \u00fanic i l\u2019horari del matx encara est\u00e0 per confirmar."}]}],"hero":{"id":"section-1","title":"El Villarreal s\u2019enfrontar\u00e0 a l\u2019equip de Tenerife el 25 de gener en terres can\u00e0ries","text":"El Villarreal s\u2019enfrontar\u00e0 a l\u2019equip de Tenerife el 25 de gener en terres can\u00e0ries El Juvenil A del Villarreal CF ja coneix al seu rival per als huitens de final de la Copa del Rey. L\u2019equip dirigit per David Cifuentes s\u2019enfrontar\u00e0 al CD Tenerife el 25 de gener a la Ciutat Deportiva de Tenerife Javier P\u00e9rez. L\u2019eliminat\u00f2ria es disputar\u00e0 a partit \u00fanic i l\u2019horari del matx encara est\u00e0 per confirmar.","headings":[{"type":"heading","level":2,"text":"El Villarreal s\u2019enfrontar\u00e0 a l\u2019equip de Tenerife el 25 de gener en terres can\u00e0ries"}],"texts":[{"type":"paragraph","text":"El Juvenil A del Villarreal CF ja coneix al seu rival per als huitens de final de la Copa del Rey. L\u2019equip dirigit per David Cifuentes s\u2019enfrontar\u00e0 al CD Tenerife el 25 de gener a la Ciutat Deportiva de Tenerife Javier P\u00e9rez. L\u2019eliminat\u00f2ria es disputar\u00e0 a partit \u00fanic i l\u2019horari del matx encara est\u00e0 per confirmar."}],"buttons":[],"images":[],"widgets":[],"blocks":[{"type":"heading","level":2,"text":"El Villarreal s\u2019enfrontar\u00e0 a l\u2019equip de Tenerife el 25 de gener en terres can\u00e0ries"},{"type":"paragraph","text":"El Juvenil A del Villarreal CF ja coneix al seu rival per als huitens de final de la Copa del Rey. L\u2019equip dirigit per David Cifuentes s\u2019enfrontar\u00e0 al CD Tenerife el 25 de gener a la Ciutat Deportiva de Tenerife Javier P\u00e9rez. L\u2019eliminat\u00f2ria es disputar\u00e0 a partit \u00fanic i l\u2019horari del matx encara est\u00e0 per confirmar."}]}},"sections":[{"id":"section-1","title":"El Villarreal s\u2019enfrontar\u00e0 a l\u2019equip de Tenerife el 25 de gener en terres can\u00e0ries","text":"El Villarreal s\u2019enfrontar\u00e0 a l\u2019equip de Tenerife el 25 de gener en terres can\u00e0ries El Juvenil A del Villarreal CF ja coneix al seu rival per als huitens de final de la Copa del Rey. L\u2019equip dirigit per David Cifuentes s\u2019enfrontar\u00e0 al CD Tenerife el 25 de gener a la Ciutat Deportiva de Tenerife Javier P\u00e9rez. L\u2019eliminat\u00f2ria es disputar\u00e0 a partit \u00fanic i l\u2019horari del matx encara est\u00e0 per confirmar.","url":"","background_image":"","images":[],"videos":[],"links":[]}]},"excerpt":{"rendered":"El Villarreal s&#8217;enfrontar\u00e0 a l&#8217;equip de Tenerife el 25 de gener en terres can\u00e0ries","protected":false},"author":25,"featured_media":242140,"comment_status":"closed","ping_status":"closed","sticky":false,"template":"","format":"standard","meta":{"_acf_changed":false,"footnotes":""},"categories":[13803],"tags":[9366,10325,13836,717,9270,9227,9370,9205,9627,9203],"acf":null,"lang":"val","translations":{"es":242137,"val":242144,"en":242159},"essential_grid":{"has_grid":false},"formatted_date":"January 10, 2023","modified_date":"January 10, 2023","permalink":"https:\/\/villarrealcf.es\/val\/el-cd-tenerife-rival-del-juvenil-a-para-octavos-de-copa-del-rey\/","reading_time":1,"featured_media_data":{"id":242140,"title":"vilarcd","caption":"","alt_text":"","description":"","mime_type":"image\/jpeg","source_url":"https:\/\/villarrealcf.es\/wp-content\/uploads\/2023\/01\/vilarcd.jpg","sizes":{"thumbnail":{"url":"https:\/\/villarrealcf.es\/wp-content\/uploads\/2023\/01\/vilarcd-150x150.jpg","width":150,"height":150},"medium":{"url":"https:\/\/villarrealcf.es\/wp-content\/uploads\/2023\/01\/vilarcd-300x169.jpg","width":300,"height":169},"medium_large":{"url":"https:\/\/villarrealcf.es\/wp-content\/uploads\/2023\/01\/vilarcd-768x432.jpg","width":768,"height":432},"large":{"url":"https:\/\/villarrealcf.es\/wp-content\/uploads\/2023\/01\/vilarcd.jpg","width":788,"height":443},"1536x1536":{"url":"https:\/\/villarrealcf.es\/wp-content\/uploads\/2023\/01\/vilarcd-1536x864.jpg","width":1536,"height":864},"2048x2048":{"url":"https:\/\/villarrealcf.es\/wp-content\/uploads\/2023\/01\/vilarcd.jpg","width":1920,"height":1080},"tp-image-grid":{"url":"https:\/\/villarrealcf.es\/wp-content\/uploads\/2023\/01\/vilarcd-700x700.jpg","width":700,"height":700},"size-bunyad-medium":{"url":"https:\/\/villarrealcf.es\/wp-content\/uploads\/2023\/01\/vilarcd.jpg","width":1920,"height":1080},"sportspress-crop-medium":{"url":"https:\/\/villarrealcf.es\/wp-content\/uploads\/2023\/01\/vilarcd-300x300.jpg","width":300,"height":300},"sportspress-fit-medium":{"url":"https:\/\/villarrealcf.es\/wp-content\/uploads\/2023\/01\/vilarcd-300x169.jpg","width":300,"height":169},"sportspress-fit-icon":{"url":"https:\/\/villarrealcf.es\/wp-content\/uploads\/2023\/01\/vilarcd-128x72.jpg","width":128,"height":72},"sportspress-fit-mini":{"url":"https:\/\/villarrealcf.es\/wp-content\/uploads\/2023\/01\/vilarcd-32x18.jpg","width":32,"height":18},"bunyad-small":{"url":"https:\/\/villarrealcf.es\/wp-content\/uploads\/2023\/01\/vilarcd-150x84.jpg","width":150,"height":84},"bunyad-medium":{"url":"https:\/\/villarrealcf.es\/wp-content\/uploads\/2023\/01\/vilarcd-450x253.jpg","width":450,"height":253},"bunyad-full":{"url":"https:\/\/villarrealcf.es\/wp-content\/uploads\/2023\/01\/vilarcd-1200x675.jpg","width":1200,"height":675},"bunyad-viewport":{"url":"https:\/\/villarrealcf.es\/wp-content\/uploads\/2023\/01\/vilarcd.jpg","width":1920,"height":1080},"bunyad-768":{"url":"https:\/\/villarrealcf.es\/wp-content\/uploads\/2023\/01\/vilarcd-768x432.jpg","width":768,"height":432},"full":{"url":"https:\/\/villarrealcf.es\/wp-content\/uploads\/2023\/01\/vilarcd.jpg","width":1920,"height":1080}}},"author_data":{"id":"25","name":"Javier Ayuso","first_name":"Javier","last_name":"Ayuso","description":"","avatar_url":"https:\/\/secure.gravatar.com\/avatar\/fcf8894be45988fcce5bbff0efe1790d2a7f4ba57e2c7c898f5068154e696495?s=96&d=mm&r=g","acf":null},"taxonomies_data":{"category":[{"id":13803,"name":"Futbol base","slug":"futbol-base-val-2","acf":null}],"post_tag":[{"id":9366,"name":"Cantera","slug":"cantera-val","acf":null},{"id":10325,"name":"Cantera Grogueta","slug":"cantera-grogueta-val","acf":null},{"id":13836,"name":"CD Tenerife","slug":"cd-tenerife-2-val","acf":null},{"id":717,"name":"Football","slug":"football-d34","acf":null},{"id":9270,"name":"Futbol","slug":"futbol-val","acf":null},{"id":9227,"name":"F\u00fatbol Base","slug":"futbol-base-val","acf":null},{"id":9370,"name":"Juvenil A","slug":"juvenil-a-val","acf":null},{"id":9205,"name":"Submarino","slug":"submarino-val","acf":null},{"id":9627,"name":"Submarino Amarillo","slug":"submarino-amarillo-val","acf":null},{"id":9203,"name":"Villarreal CF","slug":"villarreal-cf-val","acf":null}],"translation_priority":[{"id":735,"name":"Optional","slug":"optional-val","acf":null}]},"seo_full":{"native":{"title":"El CD Tenerife, rival del Juvenil A per a huitens de Copa - Web Oficial del Villarreal CF","description":"El Villarreal s'enfrontar\u00e0 a l'equip de Tenerife el 25 de gener en terres can\u00e0ries","canonical":"https:\/\/villarrealcf.es\/val\/el-cd-tenerife-rival-del-juvenil-a-para-octavos-de-copa-del-rey\/"}},"_links":{"self":[{"href":"https:\/\/villarrealcf.es\/val\/wp-json\/wp\/v2\/posts\/242144","targetHints":{"allow":["GET"]}}],"collection":[{"href":"https:\/\/villarrealcf.es\/val\/wp-json\/wp\/v2\/posts"}],"about":[{"href":"https:\/\/villarrealcf.es\/val\/wp-json\/wp\/v2\/types\/post"}],"author":[{"embeddable":true,"href":"https:\/\/villarrealcf.es\/val\/wp-json\/wp\/v2\/users\/25"}],"replies":[{"embeddable":true,"href":"https:\/\/villarrealcf.es\/val\/wp-json\/wp\/v2\/comments?post=242144"}],"version-history":[{"count":0,"href":"https:\/\/villarrealcf.es\/val\/wp-json\/wp\/v2\/posts\/242144\/revisions"}],"wp:featuredmedia":[{"embeddable":true,"href":"https:\/\/villarrealcf.es\/val\/wp-json\/wp\/v2\/media\/242140"}],"wp:attachment":[{"href":"https:\/\/villarrealcf.es\/val\/wp-json\/wp\/v2\/media?parent=242144"}],"wp:term":[{"taxonomy":"category","embeddable":true,"href":"https:\/\/villarrealcf.es\/val\/wp-json\/wp\/v2\/categories?post=242144"},{"taxonomy":"post_tag","embeddable":true,"href":"https:\/\/villarrealcf.es\/val\/wp-json\/wp\/v2\/tags?post=242144"}],"curies":[{"name":"wp","href":"https:\/\/api.w.org\/{rel}","templated":true}]}}