{"id":238480,"date":"2022-12-23T10:30:27","date_gmt":"2022-12-23T09:30:27","guid":{"rendered":"https:\/\/villarrealcf.es\/\/el-estadio-de-la-ceramica-ya-se-prepara-para-el-villarreal-valencia\/"},"modified":"2022-12-23T10:37:21","modified_gmt":"2022-12-23T09:37:21","slug":"el-estadio-de-la-ceramica-ya-se-prepara-para-el-villarreal-valencia","status":"publish","type":"post","link":"https:\/\/villarrealcf.es\/val\/el-estadio-de-la-ceramica-ya-se-prepara-para-el-villarreal-valencia\/","title":{"rendered":"L&#8217;Estadi de la Cer\u00e0mica ja es prepara per al Villarreal-Valencia"},"content":{"protected":false,"blocks":[{"type":"heading","level":2,"text":"Villarreal TV ens mostra els \u00faltims avan\u00e7os abans del derbi, que inaugurar\u00e0 la reforma de l\u2019Estadi de la Cer\u00e1mica el 31 de desembre"},{"type":"paragraph","text":"L\u2019Estadi de la Cer\u00e1mica ultima els preparatius per a la seua gran inauguraci\u00f3. El feu groguet est\u00e0 plantant la gespa i el seu corresponent sistema de drenatge. Al mateix temps, el videomarcador i la megafonia ja estan completament instal\u00b7lats i en per\u00edode de proves perqu\u00e8 res falle el dia 31 de desembre."},{"type":"paragraph","text":"Villarreal TV ha preparat el sis\u00e9 cap\u00edtol del serial que repassa l\u2019avan\u00e7 de les obres en l\u2019Estadi de la Cer\u00e0mica. La gran tornada a casa dels 20.000 groguets ser\u00e0 una espectacular festa."},{"type":"video","kind":"iframe","url":"https:\/\/www.youtube.com\/embed\/91PilkaN9y8?feature=oembed","poster":""}],"structured":{"summary":{"text":"Villarreal TV ens mostra els \u00faltims avan\u00e7os abans del derbi, que inaugurar\u00e0 la reforma de l\u2019Estadi de la Cer\u00e1mica el 31 de desembre L\u2019Estadi de la Cer\u00e1mica ultima els preparatius per a la seua gran inauguraci\u00f3. El feu groguet est\u00e0 plantant la gespa i el seu corresponent sistema de drenatge. Al mateix temps, el videomarcador i la megafonia ja estan completament instal\u00b7lats i en per\u00edode de proves perqu\u00e8 res falle el dia 31 de desembre. Villarreal TV ha preparat el sis\u00e9 cap\u00edtol del serial que repassa l\u2019avan\u00e7 de les obres en l\u2019Estadi de la Cer\u00e0mica. La gran tornada a casa dels 20.000 groguets ser\u00e0 una espectacular festa.","headings":[{"type":"heading","level":2,"text":"Villarreal TV ens mostra els \u00faltims avan\u00e7os abans del derbi, que inaugurar\u00e0 la reforma de l\u2019Estadi de la Cer\u00e1mica el 31 de desembre"}],"buttons":[],"images":[],"counts":{"blocks":4,"headings":1,"texts":2,"buttons":0,"images":0}},"sections":[{"id":"section-1","title":"Villarreal TV ens mostra els \u00faltims avan\u00e7os abans del derbi, que inaugurar\u00e0 la reforma de l\u2019Estadi de la Cer\u00e1mica el 31 de desembre","text":"Villarreal TV ens mostra els \u00faltims avan\u00e7os abans del derbi, que inaugurar\u00e0 la reforma de l\u2019Estadi de la Cer\u00e1mica el 31 de desembre L\u2019Estadi de la Cer\u00e1mica ultima els preparatius per a la seua gran inauguraci\u00f3. El feu groguet est\u00e0 plantant la gespa i el seu corresponent sistema de drenatge. Al mateix temps, el videomarcador i la megafonia ja estan completament instal\u00b7lats i en per\u00edode de proves perqu\u00e8 res falle el dia 31 de desembre. Villarreal TV ha preparat el sis\u00e9 cap\u00edtol del serial que repassa l\u2019avan\u00e7 de les obres en l\u2019Estadi de la Cer\u00e0mica. La gran tornada a casa dels 20.000 groguets ser\u00e0 una espectacular festa.","headings":[{"type":"heading","level":2,"text":"Villarreal TV ens mostra els \u00faltims avan\u00e7os abans del derbi, que inaugurar\u00e0 la reforma de l\u2019Estadi de la Cer\u00e1mica el 31 de desembre"}],"texts":[{"type":"paragraph","text":"L\u2019Estadi de la Cer\u00e1mica ultima els preparatius per a la seua gran inauguraci\u00f3. El feu groguet est\u00e0 plantant la gespa i el seu corresponent sistema de drenatge. Al mateix temps, el videomarcador i la megafonia ja estan completament instal\u00b7lats i en per\u00edode de proves perqu\u00e8 res falle el dia 31 de desembre."},{"type":"paragraph","text":"Villarreal TV ha preparat el sis\u00e9 cap\u00edtol del serial que repassa l\u2019avan\u00e7 de les obres en l\u2019Estadi de la Cer\u00e0mica. La gran tornada a casa dels 20.000 groguets ser\u00e0 una espectacular festa."}],"buttons":[],"images":[],"widgets":[],"blocks":[{"type":"heading","level":2,"text":"Villarreal TV ens mostra els \u00faltims avan\u00e7os abans del derbi, que inaugurar\u00e0 la reforma de l\u2019Estadi de la Cer\u00e1mica el 31 de desembre"},{"type":"paragraph","text":"L\u2019Estadi de la Cer\u00e1mica ultima els preparatius per a la seua gran inauguraci\u00f3. El feu groguet est\u00e0 plantant la gespa i el seu corresponent sistema de drenatge. Al mateix temps, el videomarcador i la megafonia ja estan completament instal\u00b7lats i en per\u00edode de proves perqu\u00e8 res falle el dia 31 de desembre."},{"type":"paragraph","text":"Villarreal TV ha preparat el sis\u00e9 cap\u00edtol del serial que repassa l\u2019avan\u00e7 de les obres en l\u2019Estadi de la Cer\u00e0mica. La gran tornada a casa dels 20.000 groguets ser\u00e0 una espectacular festa."},{"type":"video","kind":"iframe","url":"https:\/\/www.youtube.com\/embed\/91PilkaN9y8?feature=oembed","poster":""}]}],"hero":{"id":"section-1","title":"Villarreal TV ens mostra els \u00faltims avan\u00e7os abans del derbi, que inaugurar\u00e0 la reforma de l\u2019Estadi de la Cer\u00e1mica el 31 de desembre","text":"Villarreal TV ens mostra els \u00faltims avan\u00e7os abans del derbi, que inaugurar\u00e0 la reforma de l\u2019Estadi de la Cer\u00e1mica el 31 de desembre L\u2019Estadi de la Cer\u00e1mica ultima els preparatius per a la seua gran inauguraci\u00f3. El feu groguet est\u00e0 plantant la gespa i el seu corresponent sistema de drenatge. Al mateix temps, el videomarcador i la megafonia ja estan completament instal\u00b7lats i en per\u00edode de proves perqu\u00e8 res falle el dia 31 de desembre. Villarreal TV ha preparat el sis\u00e9 cap\u00edtol del serial que repassa l\u2019avan\u00e7 de les obres en l\u2019Estadi de la Cer\u00e0mica. La gran tornada a casa dels 20.000 groguets ser\u00e0 una espectacular festa.","headings":[{"type":"heading","level":2,"text":"Villarreal TV ens mostra els \u00faltims avan\u00e7os abans del derbi, que inaugurar\u00e0 la reforma de l\u2019Estadi de la Cer\u00e1mica el 31 de desembre"}],"texts":[{"type":"paragraph","text":"L\u2019Estadi de la Cer\u00e1mica ultima els preparatius per a la seua gran inauguraci\u00f3. El feu groguet est\u00e0 plantant la gespa i el seu corresponent sistema de drenatge. Al mateix temps, el videomarcador i la megafonia ja estan completament instal\u00b7lats i en per\u00edode de proves perqu\u00e8 res falle el dia 31 de desembre."},{"type":"paragraph","text":"Villarreal TV ha preparat el sis\u00e9 cap\u00edtol del serial que repassa l\u2019avan\u00e7 de les obres en l\u2019Estadi de la Cer\u00e0mica. La gran tornada a casa dels 20.000 groguets ser\u00e0 una espectacular festa."}],"buttons":[],"images":[],"widgets":[],"blocks":[{"type":"heading","level":2,"text":"Villarreal TV ens mostra els \u00faltims avan\u00e7os abans del derbi, que inaugurar\u00e0 la reforma de l\u2019Estadi de la Cer\u00e1mica el 31 de desembre"},{"type":"paragraph","text":"L\u2019Estadi de la Cer\u00e1mica ultima els preparatius per a la seua gran inauguraci\u00f3. El feu groguet est\u00e0 plantant la gespa i el seu corresponent sistema de drenatge. Al mateix temps, el videomarcador i la megafonia ja estan completament instal\u00b7lats i en per\u00edode de proves perqu\u00e8 res falle el dia 31 de desembre."},{"type":"paragraph","text":"Villarreal TV ha preparat el sis\u00e9 cap\u00edtol del serial que repassa l\u2019avan\u00e7 de les obres en l\u2019Estadi de la Cer\u00e0mica. La gran tornada a casa dels 20.000 groguets ser\u00e0 una espectacular festa."},{"type":"video","kind":"iframe","url":"https:\/\/www.youtube.com\/embed\/91PilkaN9y8?feature=oembed","poster":""}]}},"sections":[{"id":"section-1","title":"Villarreal TV ens mostra els \u00faltims avan\u00e7os abans del derbi, que inaugurar\u00e0 la reforma de l\u2019Estadi de la Cer\u00e1mica el 31 de desembre","text":"Villarreal TV ens mostra els \u00faltims avan\u00e7os abans del derbi, que inaugurar\u00e0 la reforma de l\u2019Estadi de la Cer\u00e1mica el 31 de desembre L\u2019Estadi de la Cer\u00e1mica ultima els preparatius per a la seua gran inauguraci\u00f3. El feu groguet est\u00e0 plantant la gespa i el seu corresponent sistema de drenatge. Al mateix temps, el videomarcador i la megafonia ja estan completament instal\u00b7lats i en per\u00edode de proves perqu\u00e8 res falle el dia 31 de desembre. Villarreal TV ha preparat el sis\u00e9 cap\u00edtol del serial que repassa l\u2019avan\u00e7 de les obres en l\u2019Estadi de la Cer\u00e0mica. La gran tornada a casa dels 20.000 groguets ser\u00e0 una espectacular festa.","url":"","background_image":"","images":[],"videos":[{"type":"video","kind":"iframe","url":"https:\/\/www.youtube.com\/embed\/91PilkaN9y8?feature=oembed","poster":""}],"links":[]}]},"excerpt":{"rendered":"Villarreal TV ens mostra els \u00faltims avan\u00e7os abans del derbi, que inaugurar\u00e0 la reforma de l&#8217;Estadi de la Cer\u00e1mica el 31 de desembre","protected":false},"author":25,"featured_media":238474,"comment_status":"closed","ping_status":"closed","sticky":false,"template":"","format":"standard","meta":{"_acf_changed":false,"footnotes":""},"categories":[13484],"tags":[11429,717,9270,11042,9278,716,9205,9607,9203],"acf":null,"lang":"val","translations":{"es":238470,"val":238480,"en":238542},"essential_grid":{"has_grid":false},"formatted_date":"December 23, 2022","modified_date":"December 23, 2022","permalink":"https:\/\/villarrealcf.es\/val\/el-estadio-de-la-ceramica-ya-se-prepara-para-el-villarreal-valencia\/","reading_time":1,"featured_media_data":{"id":238474,"title":"estadio","caption":"","alt_text":"","description":"","mime_type":"image\/jpeg","source_url":"https:\/\/villarrealcf.es\/wp-content\/uploads\/2022\/12\/estadio-16.jpg","sizes":{"thumbnail":{"url":"https:\/\/villarrealcf.es\/wp-content\/uploads\/2022\/12\/estadio-16-150x150.jpg","width":150,"height":150},"medium":{"url":"https:\/\/villarrealcf.es\/wp-content\/uploads\/2022\/12\/estadio-16-300x169.jpg","width":300,"height":169},"medium_large":{"url":"https:\/\/villarrealcf.es\/wp-content\/uploads\/2022\/12\/estadio-16-768x432.jpg","width":768,"height":432},"large":{"url":"https:\/\/villarrealcf.es\/wp-content\/uploads\/2022\/12\/estadio-16.jpg","width":788,"height":443},"1536x1536":{"url":"https:\/\/villarrealcf.es\/wp-content\/uploads\/2022\/12\/estadio-16-1536x864.jpg","width":1536,"height":864},"2048x2048":{"url":"https:\/\/villarrealcf.es\/wp-content\/uploads\/2022\/12\/estadio-16.jpg","width":1920,"height":1080},"tp-image-grid":{"url":"https:\/\/villarrealcf.es\/wp-content\/uploads\/2022\/12\/estadio-16-700x700.jpg","width":700,"height":700},"size-bunyad-medium":{"url":"https:\/\/villarrealcf.es\/wp-content\/uploads\/2022\/12\/estadio-16.jpg","width":1920,"height":1080},"sportspress-crop-medium":{"url":"https:\/\/villarrealcf.es\/wp-content\/uploads\/2022\/12\/estadio-16-300x300.jpg","width":300,"height":300},"sportspress-fit-medium":{"url":"https:\/\/villarrealcf.es\/wp-content\/uploads\/2022\/12\/estadio-16-300x169.jpg","width":300,"height":169},"sportspress-fit-icon":{"url":"https:\/\/villarrealcf.es\/wp-content\/uploads\/2022\/12\/estadio-16-128x72.jpg","width":128,"height":72},"sportspress-fit-mini":{"url":"https:\/\/villarrealcf.es\/wp-content\/uploads\/2022\/12\/estadio-16-32x18.jpg","width":32,"height":18},"bunyad-small":{"url":"https:\/\/villarrealcf.es\/wp-content\/uploads\/2022\/12\/estadio-16-150x84.jpg","width":150,"height":84},"bunyad-medium":{"url":"https:\/\/villarrealcf.es\/wp-content\/uploads\/2022\/12\/estadio-16-450x253.jpg","width":450,"height":253},"bunyad-full":{"url":"https:\/\/villarrealcf.es\/wp-content\/uploads\/2022\/12\/estadio-16-1200x675.jpg","width":1200,"height":675},"bunyad-viewport":{"url":"https:\/\/villarrealcf.es\/wp-content\/uploads\/2022\/12\/estadio-16.jpg","width":1920,"height":1080},"bunyad-768":{"url":"https:\/\/villarrealcf.es\/wp-content\/uploads\/2022\/12\/estadio-16-768x432.jpg","width":768,"height":432},"full":{"url":"https:\/\/villarrealcf.es\/wp-content\/uploads\/2022\/12\/estadio-16.jpg","width":1920,"height":1080}}},"author_data":{"id":"25","name":"Javier Ayuso","first_name":"Javier","last_name":"Ayuso","description":"","avatar_url":"https:\/\/secure.gravatar.com\/avatar\/fcf8894be45988fcce5bbff0efe1790d2a7f4ba57e2c7c898f5068154e696495?s=96&d=mm&r=g","acf":null},"taxonomies_data":{"category":[{"id":13484,"name":"Club","slug":"club","acf":null}],"post_tag":[{"id":11429,"name":"Estadio de la Cer\u00e1mica","slug":"estadio-de-la-ceramica-val","acf":null},{"id":717,"name":"Football","slug":"football-d34","acf":null},{"id":9270,"name":"Futbol","slug":"futbol-val","acf":null},{"id":11042,"name":"LaLiga","slug":"laliga-val","acf":null},{"id":9278,"name":"primera division","slug":"primera-division-val","acf":null},{"id":716,"name":"Soccer","slug":"soccer-d105","acf":null},{"id":9205,"name":"Submarino","slug":"submarino-val","acf":null},{"id":9607,"name":"Valencia CF","slug":"valencia-cf-val","acf":null},{"id":9203,"name":"Villarreal CF","slug":"villarreal-cf-val","acf":null}],"translation_priority":[{"id":735,"name":"Optional","slug":"optional-val","acf":null}]},"seo_full":{"native":{"title":"L&#8217;Estadi de la Cer\u00e0mica ja es prepara per al Villarreal-Valencia - Web Oficial del Villarreal CF","description":"Villarreal TV ens mostra els \u00faltims avan\u00e7os abans del derbi, que inaugurar\u00e0 la reforma de l'Estadi de la Cer\u00e1mica el 31 de desembre","canonical":"https:\/\/villarrealcf.es\/val\/el-estadio-de-la-ceramica-ya-se-prepara-para-el-villarreal-valencia\/"}},"_links":{"self":[{"href":"https:\/\/villarrealcf.es\/val\/wp-json\/wp\/v2\/posts\/238480","targetHints":{"allow":["GET"]}}],"collection":[{"href":"https:\/\/villarrealcf.es\/val\/wp-json\/wp\/v2\/posts"}],"about":[{"href":"https:\/\/villarrealcf.es\/val\/wp-json\/wp\/v2\/types\/post"}],"author":[{"embeddable":true,"href":"https:\/\/villarrealcf.es\/val\/wp-json\/wp\/v2\/users\/25"}],"replies":[{"embeddable":true,"href":"https:\/\/villarrealcf.es\/val\/wp-json\/wp\/v2\/comments?post=238480"}],"version-history":[{"count":0,"href":"https:\/\/villarrealcf.es\/val\/wp-json\/wp\/v2\/posts\/238480\/revisions"}],"wp:featuredmedia":[{"embeddable":true,"href":"https:\/\/villarrealcf.es\/val\/wp-json\/wp\/v2\/media\/238474"}],"wp:attachment":[{"href":"https:\/\/villarrealcf.es\/val\/wp-json\/wp\/v2\/media?parent=238480"}],"wp:term":[{"taxonomy":"category","embeddable":true,"href":"https:\/\/villarrealcf.es\/val\/wp-json\/wp\/v2\/categories?post=238480"},{"taxonomy":"post_tag","embeddable":true,"href":"https:\/\/villarrealcf.es\/val\/wp-json\/wp\/v2\/tags?post=238480"}],"curies":[{"name":"wp","href":"https:\/\/api.w.org\/{rel}","templated":true}]}}