{"id":238236,"date":"2022-12-21T19:33:25","date_gmt":"2022-12-21T18:33:25","guid":{"rendered":"https:\/\/villarrealcf.es\/\/comunicado-oficial-28\/"},"modified":"2022-12-21T19:57:14","modified_gmt":"2022-12-21T18:57:14","slug":"comunicado-oficial-28","status":"publish","type":"post","link":"https:\/\/villarrealcf.es\/val\/comunicado-oficial-28\/","title":{"rendered":"Comunicat oficial"},"content":{"protected":false,"blocks":[{"type":"heading","level":2,"text":"El Villarreal CF lamenta profundament la defunci\u00f3 accidental d\u2019una persona que col\u00b7laborava en els treballs de la reforma de l\u2019estadi"},{"type":"paragraph","text":"El Villarreal CF lamenta profundament la defunci\u00f3 accidental d\u2019una persona que col\u00b7laborava en els treballs de reforma de l\u2019Estadi de la Cer\u00e0mica i els seus lim\u00edtrofs. El club vol manifestar el seu m\u00e9s sentit condol a la fam\u00edlia i amics davant aquesta p\u00e8rdua irreparable. DEP."}],"structured":{"summary":{"text":"El Villarreal CF lamenta profundament la defunci\u00f3 accidental d\u2019una persona que col\u00b7laborava en els treballs de la reforma de l\u2019estadi El Villarreal CF lamenta profundament la defunci\u00f3 accidental d\u2019una persona que col\u00b7laborava en els treballs de reforma de l\u2019Estadi de la Cer\u00e0mica i els seus lim\u00edtrofs. El club vol manifestar el seu m\u00e9s sentit condol a la fam\u00edlia i amics davant aquesta p\u00e8rdua irreparable. DEP.","headings":[{"type":"heading","level":2,"text":"El Villarreal CF lamenta profundament la defunci\u00f3 accidental d\u2019una persona que col\u00b7laborava en els treballs de la reforma de l\u2019estadi"}],"buttons":[],"images":[],"counts":{"blocks":2,"headings":1,"texts":1,"buttons":0,"images":0}},"sections":[{"id":"section-1","title":"El Villarreal CF lamenta profundament la defunci\u00f3 accidental d\u2019una persona que col\u00b7laborava en els treballs de la reforma de l\u2019estadi","text":"El Villarreal CF lamenta profundament la defunci\u00f3 accidental d\u2019una persona que col\u00b7laborava en els treballs de la reforma de l\u2019estadi El Villarreal CF lamenta profundament la defunci\u00f3 accidental d\u2019una persona que col\u00b7laborava en els treballs de reforma de l\u2019Estadi de la Cer\u00e0mica i els seus lim\u00edtrofs. El club vol manifestar el seu m\u00e9s sentit condol a la fam\u00edlia i amics davant aquesta p\u00e8rdua irreparable. DEP.","headings":[{"type":"heading","level":2,"text":"El Villarreal CF lamenta profundament la defunci\u00f3 accidental d\u2019una persona que col\u00b7laborava en els treballs de la reforma de l\u2019estadi"}],"texts":[{"type":"paragraph","text":"El Villarreal CF lamenta profundament la defunci\u00f3 accidental d\u2019una persona que col\u00b7laborava en els treballs de reforma de l\u2019Estadi de la Cer\u00e0mica i els seus lim\u00edtrofs. El club vol manifestar el seu m\u00e9s sentit condol a la fam\u00edlia i amics davant aquesta p\u00e8rdua irreparable. DEP."}],"buttons":[],"images":[],"widgets":[],"blocks":[{"type":"heading","level":2,"text":"El Villarreal CF lamenta profundament la defunci\u00f3 accidental d\u2019una persona que col\u00b7laborava en els treballs de la reforma de l\u2019estadi"},{"type":"paragraph","text":"El Villarreal CF lamenta profundament la defunci\u00f3 accidental d\u2019una persona que col\u00b7laborava en els treballs de reforma de l\u2019Estadi de la Cer\u00e0mica i els seus lim\u00edtrofs. El club vol manifestar el seu m\u00e9s sentit condol a la fam\u00edlia i amics davant aquesta p\u00e8rdua irreparable. DEP."}]}],"hero":{"id":"section-1","title":"El Villarreal CF lamenta profundament la defunci\u00f3 accidental d\u2019una persona que col\u00b7laborava en els treballs de la reforma de l\u2019estadi","text":"El Villarreal CF lamenta profundament la defunci\u00f3 accidental d\u2019una persona que col\u00b7laborava en els treballs de la reforma de l\u2019estadi El Villarreal CF lamenta profundament la defunci\u00f3 accidental d\u2019una persona que col\u00b7laborava en els treballs de reforma de l\u2019Estadi de la Cer\u00e0mica i els seus lim\u00edtrofs. El club vol manifestar el seu m\u00e9s sentit condol a la fam\u00edlia i amics davant aquesta p\u00e8rdua irreparable. DEP.","headings":[{"type":"heading","level":2,"text":"El Villarreal CF lamenta profundament la defunci\u00f3 accidental d\u2019una persona que col\u00b7laborava en els treballs de la reforma de l\u2019estadi"}],"texts":[{"type":"paragraph","text":"El Villarreal CF lamenta profundament la defunci\u00f3 accidental d\u2019una persona que col\u00b7laborava en els treballs de reforma de l\u2019Estadi de la Cer\u00e0mica i els seus lim\u00edtrofs. El club vol manifestar el seu m\u00e9s sentit condol a la fam\u00edlia i amics davant aquesta p\u00e8rdua irreparable. DEP."}],"buttons":[],"images":[],"widgets":[],"blocks":[{"type":"heading","level":2,"text":"El Villarreal CF lamenta profundament la defunci\u00f3 accidental d\u2019una persona que col\u00b7laborava en els treballs de la reforma de l\u2019estadi"},{"type":"paragraph","text":"El Villarreal CF lamenta profundament la defunci\u00f3 accidental d\u2019una persona que col\u00b7laborava en els treballs de reforma de l\u2019Estadi de la Cer\u00e0mica i els seus lim\u00edtrofs. El club vol manifestar el seu m\u00e9s sentit condol a la fam\u00edlia i amics davant aquesta p\u00e8rdua irreparable. DEP."}]}},"sections":[{"id":"section-1","title":"El Villarreal CF lamenta profundament la defunci\u00f3 accidental d\u2019una persona que col\u00b7laborava en els treballs de la reforma de l\u2019estadi","text":"El Villarreal CF lamenta profundament la defunci\u00f3 accidental d\u2019una persona que col\u00b7laborava en els treballs de la reforma de l\u2019estadi El Villarreal CF lamenta profundament la defunci\u00f3 accidental d\u2019una persona que col\u00b7laborava en els treballs de reforma de l\u2019Estadi de la Cer\u00e0mica i els seus lim\u00edtrofs. El club vol manifestar el seu m\u00e9s sentit condol a la fam\u00edlia i amics davant aquesta p\u00e8rdua irreparable. DEP.","url":"","background_image":"","images":[],"videos":[],"links":[]}]},"excerpt":{"rendered":"El Villarreal CF lamenta profundament la defunci\u00f3 accidental d&#8217;una persona que col\u00b7laborava en els treballs de la reforma de l&#8217;estadi","protected":false},"author":25,"featured_media":238230,"comment_status":"closed","ping_status":"closed","sticky":false,"template":"","format":"standard","meta":{"_acf_changed":false,"footnotes":""},"categories":[13484],"tags":[],"acf":null,"lang":"val","translations":{"es":238227,"en":238232,"val":238236},"essential_grid":{"has_grid":false},"formatted_date":"December 21, 2022","modified_date":"December 21, 2022","permalink":"https:\/\/villarrealcf.es\/val\/comunicado-oficial-28\/","reading_time":1,"featured_media_data":{"id":238230,"title":"LAZO","caption":"","alt_text":"","description":"","mime_type":"image\/jpeg","source_url":"https:\/\/villarrealcf.es\/wp-content\/uploads\/2022\/12\/LAZO-1.jpg","sizes":{"thumbnail":{"url":"https:\/\/villarrealcf.es\/wp-content\/uploads\/2022\/12\/LAZO-1-150x150.jpg","width":150,"height":150},"medium":{"url":"https:\/\/villarrealcf.es\/wp-content\/uploads\/2022\/12\/LAZO-1-300x169.jpg","width":300,"height":169},"medium_large":{"url":"https:\/\/villarrealcf.es\/wp-content\/uploads\/2022\/12\/LAZO-1-768x432.jpg","width":768,"height":432},"large":{"url":"https:\/\/villarrealcf.es\/wp-content\/uploads\/2022\/12\/LAZO-1.jpg","width":788,"height":443},"1536x1536":{"url":"https:\/\/villarrealcf.es\/wp-content\/uploads\/2022\/12\/LAZO-1.jpg","width":1200,"height":675},"2048x2048":{"url":"https:\/\/villarrealcf.es\/wp-content\/uploads\/2022\/12\/LAZO-1.jpg","width":1200,"height":675},"tp-image-grid":{"url":"https:\/\/villarrealcf.es\/wp-content\/uploads\/2022\/12\/LAZO-1-700x675.jpg","width":700,"height":675},"size-bunyad-medium":{"url":"https:\/\/villarrealcf.es\/wp-content\/uploads\/2022\/12\/LAZO-1.jpg","width":1200,"height":675},"sportspress-crop-medium":{"url":"https:\/\/villarrealcf.es\/wp-content\/uploads\/2022\/12\/LAZO-1-300x300.jpg","width":300,"height":300},"sportspress-fit-medium":{"url":"https:\/\/villarrealcf.es\/wp-content\/uploads\/2022\/12\/LAZO-1-300x169.jpg","width":300,"height":169},"sportspress-fit-icon":{"url":"https:\/\/villarrealcf.es\/wp-content\/uploads\/2022\/12\/LAZO-1-128x72.jpg","width":128,"height":72},"sportspress-fit-mini":{"url":"https:\/\/villarrealcf.es\/wp-content\/uploads\/2022\/12\/LAZO-1-32x18.jpg","width":32,"height":18},"bunyad-small":{"url":"https:\/\/villarrealcf.es\/wp-content\/uploads\/2022\/12\/LAZO-1-150x84.jpg","width":150,"height":84},"bunyad-medium":{"url":"https:\/\/villarrealcf.es\/wp-content\/uploads\/2022\/12\/LAZO-1-450x253.jpg","width":450,"height":253},"bunyad-full":{"url":"https:\/\/villarrealcf.es\/wp-content\/uploads\/2022\/12\/LAZO-1.jpg","width":1200,"height":675},"bunyad-viewport":{"url":"https:\/\/villarrealcf.es\/wp-content\/uploads\/2022\/12\/LAZO-1.jpg","width":1200,"height":675},"bunyad-768":{"url":"https:\/\/villarrealcf.es\/wp-content\/uploads\/2022\/12\/LAZO-1-768x432.jpg","width":768,"height":432},"full":{"url":"https:\/\/villarrealcf.es\/wp-content\/uploads\/2022\/12\/LAZO-1.jpg","width":1200,"height":675}}},"author_data":{"id":"25","name":"Javier Ayuso","first_name":"Javier","last_name":"Ayuso","description":"","avatar_url":"https:\/\/secure.gravatar.com\/avatar\/fcf8894be45988fcce5bbff0efe1790d2a7f4ba57e2c7c898f5068154e696495?s=96&d=mm&r=g","acf":null},"taxonomies_data":{"category":[{"id":13484,"name":"Club","slug":"club","acf":null}],"translation_priority":[{"id":735,"name":"Optional","slug":"optional-val","acf":null}]},"seo_full":{"native":{"title":"Comunicat oficial - Web Oficial del Villarreal CF","description":"El Villarreal CF lamenta profundament la defunci\u00f3 accidental d'una persona que col\u00b7laborava en els treballs de la reforma de l'estadi","canonical":"https:\/\/villarrealcf.es\/val\/comunicado-oficial-28\/"}},"_links":{"self":[{"href":"https:\/\/villarrealcf.es\/val\/wp-json\/wp\/v2\/posts\/238236","targetHints":{"allow":["GET"]}}],"collection":[{"href":"https:\/\/villarrealcf.es\/val\/wp-json\/wp\/v2\/posts"}],"about":[{"href":"https:\/\/villarrealcf.es\/val\/wp-json\/wp\/v2\/types\/post"}],"author":[{"embeddable":true,"href":"https:\/\/villarrealcf.es\/val\/wp-json\/wp\/v2\/users\/25"}],"replies":[{"embeddable":true,"href":"https:\/\/villarrealcf.es\/val\/wp-json\/wp\/v2\/comments?post=238236"}],"version-history":[{"count":0,"href":"https:\/\/villarrealcf.es\/val\/wp-json\/wp\/v2\/posts\/238236\/revisions"}],"wp:featuredmedia":[{"embeddable":true,"href":"https:\/\/villarrealcf.es\/val\/wp-json\/wp\/v2\/media\/238230"}],"wp:attachment":[{"href":"https:\/\/villarrealcf.es\/val\/wp-json\/wp\/v2\/media?parent=238236"}],"wp:term":[{"taxonomy":"category","embeddable":true,"href":"https:\/\/villarrealcf.es\/val\/wp-json\/wp\/v2\/categories?post=238236"},{"taxonomy":"post_tag","embeddable":true,"href":"https:\/\/villarrealcf.es\/val\/wp-json\/wp\/v2\/tags?post=238236"}],"curies":[{"name":"wp","href":"https:\/\/api.w.org\/{rel}","templated":true}]}}