{"id":238163,"date":"2022-12-21T10:26:12","date_gmt":"2022-12-21T09:26:12","guid":{"rendered":"https:\/\/villarrealcf.es\/\/el-estadio-de-la-ceramica-empieza-a-plantar-el-cesped\/"},"modified":"2022-12-21T10:55:34","modified_gmt":"2022-12-21T09:55:34","slug":"el-estadio-de-la-ceramica-empieza-a-plantar-el-cesped","status":"publish","type":"post","link":"https:\/\/villarrealcf.es\/val\/el-estadio-de-la-ceramica-empieza-a-plantar-el-cesped\/","title":{"rendered":"L&#8217;Estadi de la Cer\u00e0mica comen\u00e7a a plantar la gespa"},"content":{"protected":false,"blocks":[{"type":"text","widget":"text-editor","text":"Els operaris treballen per a adequar el terreny de joc de cara al partit davant el Valencia CF (diumenge, 31 de desembre) L\u2019Estadi de la Cer\u00e0mica ja encara els \u00faltims dies de reforma abans de la seua estrena davant el Valencia CF (diumenge 31 de desembre, 16.15h). Amb les localitats ja quasi plenament instal\u00b7lades, els operaris estan plantant la gespa perqu\u00e8 estiga en perfectes condicions de cara al retorn de l\u2019afici\u00f3 a la seua llar. Un gran esfor\u00e7 abans del derbi auton\u00f2mic davant el conjunt che.","paragraphs":["L\u2019Estadi de la Cer\u00e0mica ja encara els \u00faltims dies de reforma abans de la seua estrena davant el Valencia CF (diumenge 31 de desembre, 16.15h). Amb les localitats ja quasi plenament instal\u00b7lades, els operaris estan plantant la gespa perqu\u00e8 estiga en perfectes condicions de cara al retorn de l\u2019afici\u00f3 a la seua llar. Un gran esfor\u00e7 abans del derbi auton\u00f2mic davant el conjunt che."]},{"type":"gallery","widget":"gallery","items":[{"url":"https:\/\/villarrealcf.es\/wp-content\/uploads\/2022\/12\/20221220-ObrasEstadioCeramica-013.jpg","title":"ObrasEstadioCeramica","thumbnail":"https:\/\/villarrealcf.es\/wp-content\/uploads\/2022\/12\/20221220-ObrasEstadioCeramica-013.jpg","width":1920,"height":1280},{"url":"https:\/\/villarrealcf.es\/wp-content\/uploads\/2022\/12\/20221220-ObrasEstadioCeramica-004.jpg","title":"ObrasEstadioCeramica","thumbnail":"https:\/\/villarrealcf.es\/wp-content\/uploads\/2022\/12\/20221220-ObrasEstadioCeramica-004.jpg","width":1920,"height":1280},{"url":"https:\/\/villarrealcf.es\/wp-content\/uploads\/2022\/12\/20221220-ObrasEstadioCeramica-003.jpg","title":"ObrasEstadioCeramica","thumbnail":"https:\/\/villarrealcf.es\/wp-content\/uploads\/2022\/12\/20221220-ObrasEstadioCeramica-003.jpg","width":1920,"height":1280},{"url":"https:\/\/villarrealcf.es\/wp-content\/uploads\/2022\/12\/20221220-ObrasEstadioCeramica-023.jpg","title":"ObrasEstadioCeramica","thumbnail":"https:\/\/villarrealcf.es\/wp-content\/uploads\/2022\/12\/20221220-ObrasEstadioCeramica-023.jpg","width":1280,"height":1920},{"url":"https:\/\/villarrealcf.es\/wp-content\/uploads\/2022\/12\/20221220-ObrasEstadioCeramica-024.jpg","title":"ObrasEstadioCeramica","thumbnail":"https:\/\/villarrealcf.es\/wp-content\/uploads\/2022\/12\/20221220-ObrasEstadioCeramica-024.jpg","width":1280,"height":1920},{"url":"https:\/\/villarrealcf.es\/wp-content\/uploads\/2022\/12\/20221220-ObrasEstadioCeramica-018.jpg","title":"ObrasEstadioCeramica","thumbnail":"https:\/\/villarrealcf.es\/wp-content\/uploads\/2022\/12\/20221220-ObrasEstadioCeramica-018.jpg","width":1920,"height":1280},{"url":"https:\/\/villarrealcf.es\/wp-content\/uploads\/2022\/12\/20221220-ObrasEstadioCeramica-010.jpg","title":"ObrasEstadioCeramica","thumbnail":"https:\/\/villarrealcf.es\/wp-content\/uploads\/2022\/12\/20221220-ObrasEstadioCeramica-010.jpg","width":1920,"height":1280},{"url":"https:\/\/villarrealcf.es\/wp-content\/uploads\/2022\/12\/20221220-ObrasEstadioCeramica-012.jpg","title":"ObrasEstadioCeramica","thumbnail":"https:\/\/villarrealcf.es\/wp-content\/uploads\/2022\/12\/20221220-ObrasEstadioCeramica-012.jpg","width":1920,"height":1280},{"url":"https:\/\/villarrealcf.es\/wp-content\/uploads\/2022\/12\/20221220-ObrasEstadioCeramica-028.jpg","title":"ObrasEstadioCeramica","thumbnail":"https:\/\/villarrealcf.es\/wp-content\/uploads\/2022\/12\/20221220-ObrasEstadioCeramica-028.jpg","width":1920,"height":1440},{"url":"https:\/\/villarrealcf.es\/wp-content\/uploads\/2022\/12\/20221220-ObrasEstadioCeramica-030.jpg","title":"ObrasEstadioCeramica","thumbnail":"https:\/\/villarrealcf.es\/wp-content\/uploads\/2022\/12\/20221220-ObrasEstadioCeramica-030.jpg","width":1920,"height":1440},{"url":"https:\/\/villarrealcf.es\/wp-content\/uploads\/2022\/12\/20221220-ObrasEstadioCeramica-055.jpg","title":"ObrasEstadioCeramica","thumbnail":"https:\/\/villarrealcf.es\/wp-content\/uploads\/2022\/12\/20221220-ObrasEstadioCeramica-055.jpg","width":1920,"height":1440},{"url":"https:\/\/villarrealcf.es\/wp-content\/uploads\/2022\/12\/estadioo.jpg","title":"","thumbnail":"https:\/\/villarrealcf.es\/wp-content\/uploads\/2022\/12\/estadioo.jpg","width":1920,"height":1080}]}],"structured":{"summary":{"text":"Els operaris treballen per a adequar el terreny de joc de cara al partit davant el Valencia CF (diumenge, 31 de desembre) L\u2019Estadi de la Cer\u00e0mica ja encara els \u00faltims dies de reforma abans de la seua estrena davant el Valencia CF (diumenge 31 de desembre, 16.15h). Amb les localitats ja quasi plenament instal\u00b7lades, els operaris estan plantant la gespa perqu\u00e8 estiga en perfectes condicions de cara al retorn de l\u2019afici\u00f3 a la seua llar. Un gran esfor\u00e7 abans del derbi auton\u00f2mic davant el conjunt che.","headings":[],"buttons":[],"images":[],"counts":{"blocks":2,"headings":0,"texts":1,"buttons":0,"images":0},"containers":1},"sections":[{"id":"640bf6be","type":"container","classes":["elementor-section","elementor-top-section","elementor-element","elementor-element-640bf6be","elementor-section-boxed","elementor-section-height-default"],"title":"","text":"Els operaris treballen per a adequar el terreny de joc de cara al partit davant el Valencia CF (diumenge, 31 de desembre) L\u2019Estadi de la Cer\u00e0mica ja encara els \u00faltims dies de reforma abans de la seua estrena davant el Valencia CF (diumenge 31 de desembre, 16.15h). Amb les localitats ja quasi plenament instal\u00b7lades, els operaris estan plantant la gespa perqu\u00e8 estiga en perfectes condicions de cara al retorn de l\u2019afici\u00f3 a la seua llar. Un gran esfor\u00e7 abans del derbi auton\u00f2mic davant el conjunt che.","headings":[],"texts":[{"type":"text","widget":"text-editor","text":"Els operaris treballen per a adequar el terreny de joc de cara al partit davant el Valencia CF (diumenge, 31 de desembre) L\u2019Estadi de la Cer\u00e0mica ja encara els \u00faltims dies de reforma abans de la seua estrena davant el Valencia CF (diumenge 31 de desembre, 16.15h). Amb les localitats ja quasi plenament instal\u00b7lades, els operaris estan plantant la gespa perqu\u00e8 estiga en perfectes condicions de cara al retorn de l\u2019afici\u00f3 a la seua llar. Un gran esfor\u00e7 abans del derbi auton\u00f2mic davant el conjunt che.","paragraphs":["L\u2019Estadi de la Cer\u00e0mica ja encara els \u00faltims dies de reforma abans de la seua estrena davant el Valencia CF (diumenge 31 de desembre, 16.15h). Amb les localitats ja quasi plenament instal\u00b7lades, els operaris estan plantant la gespa perqu\u00e8 estiga en perfectes condicions de cara al retorn de l\u2019afici\u00f3 a la seua llar. Un gran esfor\u00e7 abans del derbi auton\u00f2mic davant el conjunt che."]}],"buttons":[],"images":[],"widgets":["text-editor","gallery"],"blocks":[{"type":"text","widget":"text-editor","text":"Els operaris treballen per a adequar el terreny de joc de cara al partit davant el Valencia CF (diumenge, 31 de desembre) L\u2019Estadi de la Cer\u00e0mica ja encara els \u00faltims dies de reforma abans de la seua estrena davant el Valencia CF (diumenge 31 de desembre, 16.15h). Amb les localitats ja quasi plenament instal\u00b7lades, els operaris estan plantant la gespa perqu\u00e8 estiga en perfectes condicions de cara al retorn de l\u2019afici\u00f3 a la seua llar. Un gran esfor\u00e7 abans del derbi auton\u00f2mic davant el conjunt che.","paragraphs":["L\u2019Estadi de la Cer\u00e0mica ja encara els \u00faltims dies de reforma abans de la seua estrena davant el Valencia CF (diumenge 31 de desembre, 16.15h). Amb les localitats ja quasi plenament instal\u00b7lades, els operaris estan plantant la gespa perqu\u00e8 estiga en perfectes condicions de cara al retorn de l\u2019afici\u00f3 a la seua llar. Un gran esfor\u00e7 abans del derbi auton\u00f2mic davant el conjunt che."]},{"type":"gallery","widget":"gallery","items":[{"url":"https:\/\/villarrealcf.es\/wp-content\/uploads\/2022\/12\/20221220-ObrasEstadioCeramica-013.jpg","title":"ObrasEstadioCeramica","thumbnail":"https:\/\/villarrealcf.es\/wp-content\/uploads\/2022\/12\/20221220-ObrasEstadioCeramica-013.jpg","width":1920,"height":1280},{"url":"https:\/\/villarrealcf.es\/wp-content\/uploads\/2022\/12\/20221220-ObrasEstadioCeramica-004.jpg","title":"ObrasEstadioCeramica","thumbnail":"https:\/\/villarrealcf.es\/wp-content\/uploads\/2022\/12\/20221220-ObrasEstadioCeramica-004.jpg","width":1920,"height":1280},{"url":"https:\/\/villarrealcf.es\/wp-content\/uploads\/2022\/12\/20221220-ObrasEstadioCeramica-003.jpg","title":"ObrasEstadioCeramica","thumbnail":"https:\/\/villarrealcf.es\/wp-content\/uploads\/2022\/12\/20221220-ObrasEstadioCeramica-003.jpg","width":1920,"height":1280},{"url":"https:\/\/villarrealcf.es\/wp-content\/uploads\/2022\/12\/20221220-ObrasEstadioCeramica-023.jpg","title":"ObrasEstadioCeramica","thumbnail":"https:\/\/villarrealcf.es\/wp-content\/uploads\/2022\/12\/20221220-ObrasEstadioCeramica-023.jpg","width":1280,"height":1920},{"url":"https:\/\/villarrealcf.es\/wp-content\/uploads\/2022\/12\/20221220-ObrasEstadioCeramica-024.jpg","title":"ObrasEstadioCeramica","thumbnail":"https:\/\/villarrealcf.es\/wp-content\/uploads\/2022\/12\/20221220-ObrasEstadioCeramica-024.jpg","width":1280,"height":1920},{"url":"https:\/\/villarrealcf.es\/wp-content\/uploads\/2022\/12\/20221220-ObrasEstadioCeramica-018.jpg","title":"ObrasEstadioCeramica","thumbnail":"https:\/\/villarrealcf.es\/wp-content\/uploads\/2022\/12\/20221220-ObrasEstadioCeramica-018.jpg","width":1920,"height":1280},{"url":"https:\/\/villarrealcf.es\/wp-content\/uploads\/2022\/12\/20221220-ObrasEstadioCeramica-010.jpg","title":"ObrasEstadioCeramica","thumbnail":"https:\/\/villarrealcf.es\/wp-content\/uploads\/2022\/12\/20221220-ObrasEstadioCeramica-010.jpg","width":1920,"height":1280},{"url":"https:\/\/villarrealcf.es\/wp-content\/uploads\/2022\/12\/20221220-ObrasEstadioCeramica-012.jpg","title":"ObrasEstadioCeramica","thumbnail":"https:\/\/villarrealcf.es\/wp-content\/uploads\/2022\/12\/20221220-ObrasEstadioCeramica-012.jpg","width":1920,"height":1280},{"url":"https:\/\/villarrealcf.es\/wp-content\/uploads\/2022\/12\/20221220-ObrasEstadioCeramica-028.jpg","title":"ObrasEstadioCeramica","thumbnail":"https:\/\/villarrealcf.es\/wp-content\/uploads\/2022\/12\/20221220-ObrasEstadioCeramica-028.jpg","width":1920,"height":1440},{"url":"https:\/\/villarrealcf.es\/wp-content\/uploads\/2022\/12\/20221220-ObrasEstadioCeramica-030.jpg","title":"ObrasEstadioCeramica","thumbnail":"https:\/\/villarrealcf.es\/wp-content\/uploads\/2022\/12\/20221220-ObrasEstadioCeramica-030.jpg","width":1920,"height":1440},{"url":"https:\/\/villarrealcf.es\/wp-content\/uploads\/2022\/12\/20221220-ObrasEstadioCeramica-055.jpg","title":"ObrasEstadioCeramica","thumbnail":"https:\/\/villarrealcf.es\/wp-content\/uploads\/2022\/12\/20221220-ObrasEstadioCeramica-055.jpg","width":1920,"height":1440},{"url":"https:\/\/villarrealcf.es\/wp-content\/uploads\/2022\/12\/estadioo.jpg","title":"","thumbnail":"https:\/\/villarrealcf.es\/wp-content\/uploads\/2022\/12\/estadioo.jpg","width":1920,"height":1080}]}],"children":[]}],"hero":{"id":"640bf6be","type":"container","classes":["elementor-section","elementor-top-section","elementor-element","elementor-element-640bf6be","elementor-section-boxed","elementor-section-height-default"],"title":"","text":"Els operaris treballen per a adequar el terreny de joc de cara al partit davant el Valencia CF (diumenge, 31 de desembre) L\u2019Estadi de la Cer\u00e0mica ja encara els \u00faltims dies de reforma abans de la seua estrena davant el Valencia CF (diumenge 31 de desembre, 16.15h). Amb les localitats ja quasi plenament instal\u00b7lades, els operaris estan plantant la gespa perqu\u00e8 estiga en perfectes condicions de cara al retorn de l\u2019afici\u00f3 a la seua llar. Un gran esfor\u00e7 abans del derbi auton\u00f2mic davant el conjunt che.","headings":[],"texts":[{"type":"text","widget":"text-editor","text":"Els operaris treballen per a adequar el terreny de joc de cara al partit davant el Valencia CF (diumenge, 31 de desembre) L\u2019Estadi de la Cer\u00e0mica ja encara els \u00faltims dies de reforma abans de la seua estrena davant el Valencia CF (diumenge 31 de desembre, 16.15h). Amb les localitats ja quasi plenament instal\u00b7lades, els operaris estan plantant la gespa perqu\u00e8 estiga en perfectes condicions de cara al retorn de l\u2019afici\u00f3 a la seua llar. Un gran esfor\u00e7 abans del derbi auton\u00f2mic davant el conjunt che.","paragraphs":["L\u2019Estadi de la Cer\u00e0mica ja encara els \u00faltims dies de reforma abans de la seua estrena davant el Valencia CF (diumenge 31 de desembre, 16.15h). Amb les localitats ja quasi plenament instal\u00b7lades, els operaris estan plantant la gespa perqu\u00e8 estiga en perfectes condicions de cara al retorn de l\u2019afici\u00f3 a la seua llar. Un gran esfor\u00e7 abans del derbi auton\u00f2mic davant el conjunt che."]}],"buttons":[],"images":[],"widgets":["text-editor","gallery"],"blocks":[{"type":"text","widget":"text-editor","text":"Els operaris treballen per a adequar el terreny de joc de cara al partit davant el Valencia CF (diumenge, 31 de desembre) L\u2019Estadi de la Cer\u00e0mica ja encara els \u00faltims dies de reforma abans de la seua estrena davant el Valencia CF (diumenge 31 de desembre, 16.15h). Amb les localitats ja quasi plenament instal\u00b7lades, els operaris estan plantant la gespa perqu\u00e8 estiga en perfectes condicions de cara al retorn de l\u2019afici\u00f3 a la seua llar. Un gran esfor\u00e7 abans del derbi auton\u00f2mic davant el conjunt che.","paragraphs":["L\u2019Estadi de la Cer\u00e0mica ja encara els \u00faltims dies de reforma abans de la seua estrena davant el Valencia CF (diumenge 31 de desembre, 16.15h). Amb les localitats ja quasi plenament instal\u00b7lades, els operaris estan plantant la gespa perqu\u00e8 estiga en perfectes condicions de cara al retorn de l\u2019afici\u00f3 a la seua llar. Un gran esfor\u00e7 abans del derbi auton\u00f2mic davant el conjunt che."]},{"type":"gallery","widget":"gallery","items":[{"url":"https:\/\/villarrealcf.es\/wp-content\/uploads\/2022\/12\/20221220-ObrasEstadioCeramica-013.jpg","title":"ObrasEstadioCeramica","thumbnail":"https:\/\/villarrealcf.es\/wp-content\/uploads\/2022\/12\/20221220-ObrasEstadioCeramica-013.jpg","width":1920,"height":1280},{"url":"https:\/\/villarrealcf.es\/wp-content\/uploads\/2022\/12\/20221220-ObrasEstadioCeramica-004.jpg","title":"ObrasEstadioCeramica","thumbnail":"https:\/\/villarrealcf.es\/wp-content\/uploads\/2022\/12\/20221220-ObrasEstadioCeramica-004.jpg","width":1920,"height":1280},{"url":"https:\/\/villarrealcf.es\/wp-content\/uploads\/2022\/12\/20221220-ObrasEstadioCeramica-003.jpg","title":"ObrasEstadioCeramica","thumbnail":"https:\/\/villarrealcf.es\/wp-content\/uploads\/2022\/12\/20221220-ObrasEstadioCeramica-003.jpg","width":1920,"height":1280},{"url":"https:\/\/villarrealcf.es\/wp-content\/uploads\/2022\/12\/20221220-ObrasEstadioCeramica-023.jpg","title":"ObrasEstadioCeramica","thumbnail":"https:\/\/villarrealcf.es\/wp-content\/uploads\/2022\/12\/20221220-ObrasEstadioCeramica-023.jpg","width":1280,"height":1920},{"url":"https:\/\/villarrealcf.es\/wp-content\/uploads\/2022\/12\/20221220-ObrasEstadioCeramica-024.jpg","title":"ObrasEstadioCeramica","thumbnail":"https:\/\/villarrealcf.es\/wp-content\/uploads\/2022\/12\/20221220-ObrasEstadioCeramica-024.jpg","width":1280,"height":1920},{"url":"https:\/\/villarrealcf.es\/wp-content\/uploads\/2022\/12\/20221220-ObrasEstadioCeramica-018.jpg","title":"ObrasEstadioCeramica","thumbnail":"https:\/\/villarrealcf.es\/wp-content\/uploads\/2022\/12\/20221220-ObrasEstadioCeramica-018.jpg","width":1920,"height":1280},{"url":"https:\/\/villarrealcf.es\/wp-content\/uploads\/2022\/12\/20221220-ObrasEstadioCeramica-010.jpg","title":"ObrasEstadioCeramica","thumbnail":"https:\/\/villarrealcf.es\/wp-content\/uploads\/2022\/12\/20221220-ObrasEstadioCeramica-010.jpg","width":1920,"height":1280},{"url":"https:\/\/villarrealcf.es\/wp-content\/uploads\/2022\/12\/20221220-ObrasEstadioCeramica-012.jpg","title":"ObrasEstadioCeramica","thumbnail":"https:\/\/villarrealcf.es\/wp-content\/uploads\/2022\/12\/20221220-ObrasEstadioCeramica-012.jpg","width":1920,"height":1280},{"url":"https:\/\/villarrealcf.es\/wp-content\/uploads\/2022\/12\/20221220-ObrasEstadioCeramica-028.jpg","title":"ObrasEstadioCeramica","thumbnail":"https:\/\/villarrealcf.es\/wp-content\/uploads\/2022\/12\/20221220-ObrasEstadioCeramica-028.jpg","width":1920,"height":1440},{"url":"https:\/\/villarrealcf.es\/wp-content\/uploads\/2022\/12\/20221220-ObrasEstadioCeramica-030.jpg","title":"ObrasEstadioCeramica","thumbnail":"https:\/\/villarrealcf.es\/wp-content\/uploads\/2022\/12\/20221220-ObrasEstadioCeramica-030.jpg","width":1920,"height":1440},{"url":"https:\/\/villarrealcf.es\/wp-content\/uploads\/2022\/12\/20221220-ObrasEstadioCeramica-055.jpg","title":"ObrasEstadioCeramica","thumbnail":"https:\/\/villarrealcf.es\/wp-content\/uploads\/2022\/12\/20221220-ObrasEstadioCeramica-055.jpg","width":1920,"height":1440},{"url":"https:\/\/villarrealcf.es\/wp-content\/uploads\/2022\/12\/estadioo.jpg","title":"","thumbnail":"https:\/\/villarrealcf.es\/wp-content\/uploads\/2022\/12\/estadioo.jpg","width":1920,"height":1080}]}],"children":[]}},"sections":[{"id":"640bf6be","title":"Els operaris treballen per a adequar el terreny de joc de cara al partit davant el Valencia CF (diumenge, 31 de desembre) L\u2019Estadi de la Cer\u00e0mica ja encara els \u00faltims dies de reforma abans de la seua estrena davant el Valencia CF (diumenge 31 de desembre, 16.15h). Amb les localitats ja quasi plenament instal\u00b7lades, els operaris estan plantant la gespa perqu\u00e8 estiga en perfectes condicions de cara al retorn de l\u2019afici\u00f3 a la seua llar. Un gran esfor\u00e7 abans del derbi auton\u00f2mic davant el conjunt che.","text":"Els operaris treballen per a adequar el terreny de joc de cara al partit davant el Valencia CF (diumenge, 31 de desembre) L\u2019Estadi de la Cer\u00e0mica ja encara els \u00faltims dies de reforma abans de la seua estrena davant el Valencia CF (diumenge 31 de desembre, 16.15h). Amb les localitats ja quasi plenament instal\u00b7lades, els operaris estan plantant la gespa perqu\u00e8 estiga en perfectes condicions de cara al retorn de l\u2019afici\u00f3 a la seua llar. Un gran esfor\u00e7 abans del derbi auton\u00f2mic davant el conjunt che.","url":"https:\/\/villarrealcf.es\/wp-content\/uploads\/2022\/12\/20221220-ObrasEstadioCeramica-013.jpg","background_image":"","images":[],"videos":[],"links":[{"url":"https:\/\/villarrealcf.es\/wp-content\/uploads\/2022\/12\/20221220-ObrasEstadioCeramica-013.jpg","text":"","target":""},{"url":"https:\/\/villarrealcf.es\/wp-content\/uploads\/2022\/12\/20221220-ObrasEstadioCeramica-004.jpg","text":"","target":""},{"url":"https:\/\/villarrealcf.es\/wp-content\/uploads\/2022\/12\/20221220-ObrasEstadioCeramica-003.jpg","text":"","target":""},{"url":"https:\/\/villarrealcf.es\/wp-content\/uploads\/2022\/12\/20221220-ObrasEstadioCeramica-023.jpg","text":"","target":""},{"url":"https:\/\/villarrealcf.es\/wp-content\/uploads\/2022\/12\/20221220-ObrasEstadioCeramica-024.jpg","text":"","target":""},{"url":"https:\/\/villarrealcf.es\/wp-content\/uploads\/2022\/12\/20221220-ObrasEstadioCeramica-018.jpg","text":"","target":""},{"url":"https:\/\/villarrealcf.es\/wp-content\/uploads\/2022\/12\/20221220-ObrasEstadioCeramica-010.jpg","text":"","target":""},{"url":"https:\/\/villarrealcf.es\/wp-content\/uploads\/2022\/12\/20221220-ObrasEstadioCeramica-012.jpg","text":"","target":""},{"url":"https:\/\/villarrealcf.es\/wp-content\/uploads\/2022\/12\/20221220-ObrasEstadioCeramica-028.jpg","text":"","target":""},{"url":"https:\/\/villarrealcf.es\/wp-content\/uploads\/2022\/12\/20221220-ObrasEstadioCeramica-030.jpg","text":"","target":""},{"url":"https:\/\/villarrealcf.es\/wp-content\/uploads\/2022\/12\/20221220-ObrasEstadioCeramica-055.jpg","text":"","target":""},{"url":"https:\/\/villarrealcf.es\/wp-content\/uploads\/2022\/12\/estadioo.jpg","text":"","target":""}]}]},"excerpt":{"rendered":"Els operaris treballen per a adequar el terreny de joc de cara al partit davant el Valencia CF (diumenge, 31 de desembre)","protected":false},"author":25,"featured_media":238122,"comment_status":"closed","ping_status":"closed","sticky":false,"template":"","format":"standard","meta":{"_acf_changed":false,"footnotes":""},"categories":[13484],"tags":[11429,717,9270,13474,13409,716,9205,9627,9203],"acf":null,"lang":"val","translations":{"es":238119,"val":238163,"en":238447},"essential_grid":{"has_grid":false},"formatted_date":"December 21, 2022","modified_date":"December 21, 2022","permalink":"https:\/\/villarrealcf.es\/val\/el-estadio-de-la-ceramica-empieza-a-plantar-el-cesped\/","reading_time":1,"featured_media_data":{"id":238122,"title":"estadioo","caption":"","alt_text":"","description":"","mime_type":"image\/jpeg","source_url":"https:\/\/villarrealcf.es\/wp-content\/uploads\/2022\/12\/estadioo.jpg","sizes":{"thumbnail":{"url":"https:\/\/villarrealcf.es\/wp-content\/uploads\/2022\/12\/estadioo-150x150.jpg","width":150,"height":150},"medium":{"url":"https:\/\/villarrealcf.es\/wp-content\/uploads\/2022\/12\/estadioo-300x169.jpg","width":300,"height":169},"medium_large":{"url":"https:\/\/villarrealcf.es\/wp-content\/uploads\/2022\/12\/estadioo-768x432.jpg","width":768,"height":432},"large":{"url":"https:\/\/villarrealcf.es\/wp-content\/uploads\/2022\/12\/estadioo.jpg","width":788,"height":443},"1536x1536":{"url":"https:\/\/villarrealcf.es\/wp-content\/uploads\/2022\/12\/estadioo-1536x864.jpg","width":1536,"height":864},"2048x2048":{"url":"https:\/\/villarrealcf.es\/wp-content\/uploads\/2022\/12\/estadioo.jpg","width":1920,"height":1080},"tp-image-grid":{"url":"https:\/\/villarrealcf.es\/wp-content\/uploads\/2022\/12\/estadioo-700x700.jpg","width":700,"height":700},"size-bunyad-medium":{"url":"https:\/\/villarrealcf.es\/wp-content\/uploads\/2022\/12\/estadioo.jpg","width":1920,"height":1080},"sportspress-crop-medium":{"url":"https:\/\/villarrealcf.es\/wp-content\/uploads\/2022\/12\/estadioo-300x300.jpg","width":300,"height":300},"sportspress-fit-medium":{"url":"https:\/\/villarrealcf.es\/wp-content\/uploads\/2022\/12\/estadioo-300x169.jpg","width":300,"height":169},"sportspress-fit-icon":{"url":"https:\/\/villarrealcf.es\/wp-content\/uploads\/2022\/12\/estadioo-128x72.jpg","width":128,"height":72},"sportspress-fit-mini":{"url":"https:\/\/villarrealcf.es\/wp-content\/uploads\/2022\/12\/estadioo-32x18.jpg","width":32,"height":18},"bunyad-small":{"url":"https:\/\/villarrealcf.es\/wp-content\/uploads\/2022\/12\/estadioo-150x84.jpg","width":150,"height":84},"bunyad-medium":{"url":"https:\/\/villarrealcf.es\/wp-content\/uploads\/2022\/12\/estadioo-450x253.jpg","width":450,"height":253},"bunyad-full":{"url":"https:\/\/villarrealcf.es\/wp-content\/uploads\/2022\/12\/estadioo-1200x675.jpg","width":1200,"height":675},"bunyad-viewport":{"url":"https:\/\/villarrealcf.es\/wp-content\/uploads\/2022\/12\/estadioo.jpg","width":1920,"height":1080},"bunyad-768":{"url":"https:\/\/villarrealcf.es\/wp-content\/uploads\/2022\/12\/estadioo-768x432.jpg","width":768,"height":432},"full":{"url":"https:\/\/villarrealcf.es\/wp-content\/uploads\/2022\/12\/estadioo.jpg","width":1920,"height":1080}}},"author_data":{"id":"25","name":"Javier Ayuso","first_name":"Javier","last_name":"Ayuso","description":"","avatar_url":"https:\/\/secure.gravatar.com\/avatar\/fcf8894be45988fcce5bbff0efe1790d2a7f4ba57e2c7c898f5068154e696495?s=96&d=mm&r=g","acf":null},"taxonomies_data":{"category":[{"id":13484,"name":"Club","slug":"club","acf":null}],"post_tag":[{"id":11429,"name":"Estadio de la Cer\u00e1mica","slug":"estadio-de-la-ceramica-val","acf":null},{"id":717,"name":"Football","slug":"football-d34","acf":null},{"id":9270,"name":"Futbol","slug":"futbol-val","acf":null},{"id":13474,"name":"Galer\u00eda","slug":"galeria-val","acf":null},{"id":13409,"name":"Galer\u00eda Club","slug":"galeria-club-val","acf":null},{"id":716,"name":"Soccer","slug":"soccer-d105","acf":null},{"id":9205,"name":"Submarino","slug":"submarino-val","acf":null},{"id":9627,"name":"Submarino Amarillo","slug":"submarino-amarillo-val","acf":null},{"id":9203,"name":"Villarreal CF","slug":"villarreal-cf-val","acf":null}],"translation_priority":[{"id":735,"name":"Optional","slug":"optional-val","acf":null}]},"seo_full":{"native":{"title":"L&#8217;Estadi de la Cer\u00e0mica comen\u00e7a a plantar la gespa - Web Oficial del Villarreal CF","description":"Els operaris treballen per a adequar el terreny de joc de cara al partit davant el Valencia CF (diumenge, 31 de desembre)","canonical":"https:\/\/villarrealcf.es\/val\/el-estadio-de-la-ceramica-empieza-a-plantar-el-cesped\/"}},"_links":{"self":[{"href":"https:\/\/villarrealcf.es\/val\/wp-json\/wp\/v2\/posts\/238163","targetHints":{"allow":["GET"]}}],"collection":[{"href":"https:\/\/villarrealcf.es\/val\/wp-json\/wp\/v2\/posts"}],"about":[{"href":"https:\/\/villarrealcf.es\/val\/wp-json\/wp\/v2\/types\/post"}],"author":[{"embeddable":true,"href":"https:\/\/villarrealcf.es\/val\/wp-json\/wp\/v2\/users\/25"}],"replies":[{"embeddable":true,"href":"https:\/\/villarrealcf.es\/val\/wp-json\/wp\/v2\/comments?post=238163"}],"version-history":[{"count":0,"href":"https:\/\/villarrealcf.es\/val\/wp-json\/wp\/v2\/posts\/238163\/revisions"}],"wp:featuredmedia":[{"embeddable":true,"href":"https:\/\/villarrealcf.es\/val\/wp-json\/wp\/v2\/media\/238122"}],"wp:attachment":[{"href":"https:\/\/villarrealcf.es\/val\/wp-json\/wp\/v2\/media?parent=238163"}],"wp:term":[{"taxonomy":"category","embeddable":true,"href":"https:\/\/villarrealcf.es\/val\/wp-json\/wp\/v2\/categories?post=238163"},{"taxonomy":"post_tag","embeddable":true,"href":"https:\/\/villarrealcf.es\/val\/wp-json\/wp\/v2\/tags?post=238163"}],"curies":[{"name":"wp","href":"https:\/\/api.w.org\/{rel}","templated":true}]}}