{"id":237813,"date":"2022-12-20T12:44:27","date_gmt":"2022-12-20T11:44:27","guid":{"rendered":"https:\/\/villarrealcf.es\/\/quiero-agradecer-a-todos-los-que-han-construido-el-villarreal-durante-estos-100-anos\/"},"modified":"2022-12-20T12:52:45","modified_gmt":"2022-12-20T11:52:45","slug":"quiero-agradecer-a-todos-los-que-han-construido-el-villarreal-durante-estos-100-anos","status":"publish","type":"post","link":"https:\/\/villarrealcf.es\/val\/quiero-agradecer-a-todos-los-que-han-construido-el-villarreal-durante-estos-100-anos\/","title":{"rendered":"\u201cAgra\u00efsc a tots els que han constru\u00eft el Villarreal durant aquests 100 anys\u201d"},"content":{"protected":false,"blocks":[{"type":"heading","level":2,"text":"El president del club ha destacat que espera un any molt il\u00b7lusionant a l\u2019entitat i ha tingut un especial record per a Jos\u00e9 Manuel Llaneza i l\u2019aficionat Juan Garc\u00eda"},{"type":"paragraph","text":"El president del Villarreal Fernando Roig va tindre unes paraules durant l\u2019acte d\u2019inauguraci\u00f3 del centenari. El m\u00e0xim mandatari groc va agrair a tots els que han constru\u00eft la identitat del Submar\u00ed durant els 100 anys d\u2019hist\u00f2ria: \u201c\u00c9s un moment emocionant per a mi. A m\u00e9s de saludar a totes les autoritats, m\u2019agradaria agrair a totes les persones que han contribu\u00eft a construir aquest Villarreal que porta ja 100 anys. Especialment als presidents, com Jos\u00e9 Calduch, fundador de l\u2019entitat, i Pascual Font de Mora i tots els altres. Tamb\u00e9 a t\u00e8cnics i jugadors, presents i passats\u201d."},{"type":"paragraph","text":"A m\u00e9s, el president groguet va voler aprofitar la intervenci\u00f3 per a recordar a dues persones que desgraciadament ens van deixar en les \u00faltimes dates: \u201cM\u2019agradaria tindre un record per a totes les persones que han mort recentment. Especialment amb Jos\u00e9 Manuel Llaneza, que \u00e9s una persona molt important i volguda per a tots en aquest club, per\u00f2 tamb\u00e9 amb Juan Garc\u00eda, que era un gran aficionat groguet que ens ha deixat aquesta setmana\u201d."},{"type":"paragraph","text":"D\u2019altra banda, Fernando Roig ha augurat un any molt il\u00b7lusionant en tots els sentits: \u201cEn un any tan bonic, el del centenari, tenim tres equips en l\u2019elit. El primer equip en Primera Divisi\u00f3, el Villarreal Femen\u00ed tamb\u00e9 en la m\u00e0xima categoria i el Villarreal B, en Segona Divisi\u00f3. No hem d\u2019oblidar-nos d\u2019ells, hem d\u2019anar a veure\u2019ls i animar-los. A m\u00e9s, en un temps r\u00e8cord hem fet una gran remodelaci\u00f3 al nostre camp. Tornem molt prompte a l\u2019Estadi de la Cer\u00e0mica. El club ha fet un gran esfor\u00e7 per a poder gaudir d\u2019ell\u201d."},{"type":"paragraph","text":"Finalment, el dirigent groguet va felicitar Argentina -pa\u00eds molt lligat a la hist\u00f2ria del Submar\u00ed- i als argentins per la consecuci\u00f3 del campionat del m\u00f3n."},{"type":"paragraph","text":"A continuaci\u00f3, pots visualitzar les declaracions completes de Fernando Roig en l\u2019acte d\u2019inauguraci\u00f3 del centenari:"},{"type":"video","kind":"iframe","url":"https:\/\/www.youtube.com\/embed\/jYDoK8e22jU?start=2117&feature=oembed","poster":""}],"structured":{"summary":{"text":"El president del club ha destacat que espera un any molt il\u00b7lusionant a l\u2019entitat i ha tingut un especial record per a Jos\u00e9 Manuel Llaneza i l\u2019aficionat Juan Garc\u00eda El president del Villarreal Fernando Roig va tindre unes paraules durant l\u2019acte d\u2019inauguraci\u00f3 del centenari. El m\u00e0xim mandatari groc va agrair a tots els que han constru\u00eft la identitat del Submar\u00ed durant els 100 anys d\u2019hist\u00f2ria: \u201c\u00c9s un moment emocionant per a mi. A m\u00e9s de saludar a totes les autoritats, m\u2019agradaria agrair a totes les persones que han contribu\u00eft a construir aquest Villarreal que porta ja 100 anys. Especialment als presidents, com Jos\u00e9 Calduch, fundador de l\u2019entitat, i Pascual Font de Mora i tots els altres. Tamb\u00e9 a t\u00e8cnics i jugadors, presents i passats\u201d. A m\u00e9s, el president groguet va voler aprofitar la intervenci\u00f3 per a recordar a dues persones que desgraciadament ens van deixar en les \u00faltimes dates: \u201cM\u2019agradaria tindre un record per a totes les persones que han mort recentment. Especialment amb Jos\u00e9 Manuel Llaneza, que \u00e9s una persona molt important i volguda per a tots en aquest club, per\u00f2 tamb\u00e9 amb Juan Garc\u00eda, que era un gran aficionat groguet que ens ha deixat aquesta setmana\u201d. D\u2019altra banda, Fernando Roig ha augurat un any molt il\u00b7lusionant en tots els sentits: \u201cEn un any tan bonic, el del centenari, tenim tres equips en l\u2019elit. El primer equip en Primera Divisi\u00f3, el Villarreal Femen\u00ed tamb\u00e9 en la m\u00e0xima categoria i el Villarreal B, en Segona Divisi\u00f3. No hem d\u2019oblidar-nos d\u2019ells, hem d\u2019anar a veure\u2019ls i animar-los. A m\u00e9s, en un temps r\u00e8cord hem fet una gran remodelaci\u00f3 al nostre camp. Tornem molt prompte a l\u2019Estadi de la Cer\u00e0mica. El club ha fet un gran esfor\u00e7 per a poder gaudir d\u2019ell\u201d. Finalment, el dirigent groguet va felicitar Argentina -pa\u00eds molt lligat a la hist\u00f2ria del Submar\u00ed- i als argentins per la consecuci\u00f3 del campionat del m\u00f3n. A continuaci\u00f3, pots visualitzar les declaracions completes de Fernando Roig en l\u2019acte d\u2019inauguraci\u00f3 del centenari:","headings":[{"type":"heading","level":2,"text":"El president del club ha destacat que espera un any molt il\u00b7lusionant a l\u2019entitat i ha tingut un especial record per a Jos\u00e9 Manuel Llaneza i l\u2019aficionat Juan Garc\u00eda"}],"buttons":[],"images":[],"counts":{"blocks":7,"headings":1,"texts":5,"buttons":0,"images":0}},"sections":[{"id":"section-1","title":"El president del club ha destacat que espera un any molt il\u00b7lusionant a l\u2019entitat i ha tingut un especial record per a Jos\u00e9 Manuel Llaneza i l\u2019aficionat Juan Garc\u00eda","text":"El president del club ha destacat que espera un any molt il\u00b7lusionant a l\u2019entitat i ha tingut un especial record per a Jos\u00e9 Manuel Llaneza i l\u2019aficionat Juan Garc\u00eda El president del Villarreal Fernando Roig va tindre unes paraules durant l\u2019acte d\u2019inauguraci\u00f3 del centenari. El m\u00e0xim mandatari groc va agrair a tots els que han constru\u00eft la identitat del Submar\u00ed durant els 100 anys d\u2019hist\u00f2ria: \u201c\u00c9s un moment emocionant per a mi. A m\u00e9s de saludar a totes les autoritats, m\u2019agradaria agrair a totes les persones que han contribu\u00eft a construir aquest Villarreal que porta ja 100 anys. Especialment als presidents, com Jos\u00e9 Calduch, fundador de l\u2019entitat, i Pascual Font de Mora i tots els altres. Tamb\u00e9 a t\u00e8cnics i jugadors, presents i passats\u201d. A m\u00e9s, el president groguet va voler aprofitar la intervenci\u00f3 per a recordar a dues persones que desgraciadament ens van deixar en les \u00faltimes dates: \u201cM\u2019agradaria tindre un record per a totes les persones que han mort recentment. Especialment amb Jos\u00e9 Manuel Llaneza, que \u00e9s una persona molt important i volguda per a tots en aquest club, per\u00f2 tamb\u00e9 amb Juan Garc\u00eda, que era un gran aficionat groguet que ens ha deixat aquesta setmana\u201d. D\u2019altra banda, Fernando Roig ha augurat un any molt il\u00b7lusionant en tots els sentits: \u201cEn un any tan bonic, el del centenari, tenim tres equips en l\u2019elit. El primer equip en Primera Divisi\u00f3, el Villarreal Femen\u00ed tamb\u00e9 en la m\u00e0xima categoria i el Villarreal B, en Segona Divisi\u00f3. No hem d\u2019oblidar-nos d\u2019ells, hem d\u2019anar a veure\u2019ls i animar-los. A m\u00e9s, en un temps r\u00e8cord hem fet una gran remodelaci\u00f3 al nostre camp. Tornem molt prompte a l\u2019Estadi de la Cer\u00e0mica. El club ha fet un gran esfor\u00e7 per a poder gaudir d\u2019ell\u201d. Finalment, el dirigent groguet va felicitar Argentina -pa\u00eds molt lligat a la hist\u00f2ria del Submar\u00ed- i als argentins per la consecuci\u00f3 del campionat del m\u00f3n. A continuaci\u00f3, pots visualitzar les declaracions completes de Fernando Roig en l\u2019acte d\u2019inauguraci\u00f3 del centenari:","headings":[{"type":"heading","level":2,"text":"El president del club ha destacat que espera un any molt il\u00b7lusionant a l\u2019entitat i ha tingut un especial record per a Jos\u00e9 Manuel Llaneza i l\u2019aficionat Juan Garc\u00eda"}],"texts":[{"type":"paragraph","text":"El president del Villarreal Fernando Roig va tindre unes paraules durant l\u2019acte d\u2019inauguraci\u00f3 del centenari. El m\u00e0xim mandatari groc va agrair a tots els que han constru\u00eft la identitat del Submar\u00ed durant els 100 anys d\u2019hist\u00f2ria: \u201c\u00c9s un moment emocionant per a mi. A m\u00e9s de saludar a totes les autoritats, m\u2019agradaria agrair a totes les persones que han contribu\u00eft a construir aquest Villarreal que porta ja 100 anys. Especialment als presidents, com Jos\u00e9 Calduch, fundador de l\u2019entitat, i Pascual Font de Mora i tots els altres. Tamb\u00e9 a t\u00e8cnics i jugadors, presents i passats\u201d."},{"type":"paragraph","text":"A m\u00e9s, el president groguet va voler aprofitar la intervenci\u00f3 per a recordar a dues persones que desgraciadament ens van deixar en les \u00faltimes dates: \u201cM\u2019agradaria tindre un record per a totes les persones que han mort recentment. Especialment amb Jos\u00e9 Manuel Llaneza, que \u00e9s una persona molt important i volguda per a tots en aquest club, per\u00f2 tamb\u00e9 amb Juan Garc\u00eda, que era un gran aficionat groguet que ens ha deixat aquesta setmana\u201d."},{"type":"paragraph","text":"D\u2019altra banda, Fernando Roig ha augurat un any molt il\u00b7lusionant en tots els sentits: \u201cEn un any tan bonic, el del centenari, tenim tres equips en l\u2019elit. El primer equip en Primera Divisi\u00f3, el Villarreal Femen\u00ed tamb\u00e9 en la m\u00e0xima categoria i el Villarreal B, en Segona Divisi\u00f3. No hem d\u2019oblidar-nos d\u2019ells, hem d\u2019anar a veure\u2019ls i animar-los. A m\u00e9s, en un temps r\u00e8cord hem fet una gran remodelaci\u00f3 al nostre camp. Tornem molt prompte a l\u2019Estadi de la Cer\u00e0mica. El club ha fet un gran esfor\u00e7 per a poder gaudir d\u2019ell\u201d."},{"type":"paragraph","text":"Finalment, el dirigent groguet va felicitar Argentina -pa\u00eds molt lligat a la hist\u00f2ria del Submar\u00ed- i als argentins per la consecuci\u00f3 del campionat del m\u00f3n."},{"type":"paragraph","text":"A continuaci\u00f3, pots visualitzar les declaracions completes de Fernando Roig en l\u2019acte d\u2019inauguraci\u00f3 del centenari:"}],"buttons":[],"images":[],"widgets":[],"blocks":[{"type":"heading","level":2,"text":"El president del club ha destacat que espera un any molt il\u00b7lusionant a l\u2019entitat i ha tingut un especial record per a Jos\u00e9 Manuel Llaneza i l\u2019aficionat Juan Garc\u00eda"},{"type":"paragraph","text":"El president del Villarreal Fernando Roig va tindre unes paraules durant l\u2019acte d\u2019inauguraci\u00f3 del centenari. El m\u00e0xim mandatari groc va agrair a tots els que han constru\u00eft la identitat del Submar\u00ed durant els 100 anys d\u2019hist\u00f2ria: \u201c\u00c9s un moment emocionant per a mi. A m\u00e9s de saludar a totes les autoritats, m\u2019agradaria agrair a totes les persones que han contribu\u00eft a construir aquest Villarreal que porta ja 100 anys. Especialment als presidents, com Jos\u00e9 Calduch, fundador de l\u2019entitat, i Pascual Font de Mora i tots els altres. Tamb\u00e9 a t\u00e8cnics i jugadors, presents i passats\u201d."},{"type":"paragraph","text":"A m\u00e9s, el president groguet va voler aprofitar la intervenci\u00f3 per a recordar a dues persones que desgraciadament ens van deixar en les \u00faltimes dates: \u201cM\u2019agradaria tindre un record per a totes les persones que han mort recentment. Especialment amb Jos\u00e9 Manuel Llaneza, que \u00e9s una persona molt important i volguda per a tots en aquest club, per\u00f2 tamb\u00e9 amb Juan Garc\u00eda, que era un gran aficionat groguet que ens ha deixat aquesta setmana\u201d."},{"type":"paragraph","text":"D\u2019altra banda, Fernando Roig ha augurat un any molt il\u00b7lusionant en tots els sentits: \u201cEn un any tan bonic, el del centenari, tenim tres equips en l\u2019elit. El primer equip en Primera Divisi\u00f3, el Villarreal Femen\u00ed tamb\u00e9 en la m\u00e0xima categoria i el Villarreal B, en Segona Divisi\u00f3. No hem d\u2019oblidar-nos d\u2019ells, hem d\u2019anar a veure\u2019ls i animar-los. A m\u00e9s, en un temps r\u00e8cord hem fet una gran remodelaci\u00f3 al nostre camp. Tornem molt prompte a l\u2019Estadi de la Cer\u00e0mica. El club ha fet un gran esfor\u00e7 per a poder gaudir d\u2019ell\u201d."},{"type":"paragraph","text":"Finalment, el dirigent groguet va felicitar Argentina -pa\u00eds molt lligat a la hist\u00f2ria del Submar\u00ed- i als argentins per la consecuci\u00f3 del campionat del m\u00f3n."},{"type":"paragraph","text":"A continuaci\u00f3, pots visualitzar les declaracions completes de Fernando Roig en l\u2019acte d\u2019inauguraci\u00f3 del centenari:"},{"type":"video","kind":"iframe","url":"https:\/\/www.youtube.com\/embed\/jYDoK8e22jU?start=2117&feature=oembed","poster":""}]}],"hero":{"id":"section-1","title":"El president del club ha destacat que espera un any molt il\u00b7lusionant a l\u2019entitat i ha tingut un especial record per a Jos\u00e9 Manuel Llaneza i l\u2019aficionat Juan Garc\u00eda","text":"El president del club ha destacat que espera un any molt il\u00b7lusionant a l\u2019entitat i ha tingut un especial record per a Jos\u00e9 Manuel Llaneza i l\u2019aficionat Juan Garc\u00eda El president del Villarreal Fernando Roig va tindre unes paraules durant l\u2019acte d\u2019inauguraci\u00f3 del centenari. El m\u00e0xim mandatari groc va agrair a tots els que han constru\u00eft la identitat del Submar\u00ed durant els 100 anys d\u2019hist\u00f2ria: \u201c\u00c9s un moment emocionant per a mi. A m\u00e9s de saludar a totes les autoritats, m\u2019agradaria agrair a totes les persones que han contribu\u00eft a construir aquest Villarreal que porta ja 100 anys. Especialment als presidents, com Jos\u00e9 Calduch, fundador de l\u2019entitat, i Pascual Font de Mora i tots els altres. Tamb\u00e9 a t\u00e8cnics i jugadors, presents i passats\u201d. A m\u00e9s, el president groguet va voler aprofitar la intervenci\u00f3 per a recordar a dues persones que desgraciadament ens van deixar en les \u00faltimes dates: \u201cM\u2019agradaria tindre un record per a totes les persones que han mort recentment. Especialment amb Jos\u00e9 Manuel Llaneza, que \u00e9s una persona molt important i volguda per a tots en aquest club, per\u00f2 tamb\u00e9 amb Juan Garc\u00eda, que era un gran aficionat groguet que ens ha deixat aquesta setmana\u201d. D\u2019altra banda, Fernando Roig ha augurat un any molt il\u00b7lusionant en tots els sentits: \u201cEn un any tan bonic, el del centenari, tenim tres equips en l\u2019elit. El primer equip en Primera Divisi\u00f3, el Villarreal Femen\u00ed tamb\u00e9 en la m\u00e0xima categoria i el Villarreal B, en Segona Divisi\u00f3. No hem d\u2019oblidar-nos d\u2019ells, hem d\u2019anar a veure\u2019ls i animar-los. A m\u00e9s, en un temps r\u00e8cord hem fet una gran remodelaci\u00f3 al nostre camp. Tornem molt prompte a l\u2019Estadi de la Cer\u00e0mica. El club ha fet un gran esfor\u00e7 per a poder gaudir d\u2019ell\u201d. Finalment, el dirigent groguet va felicitar Argentina -pa\u00eds molt lligat a la hist\u00f2ria del Submar\u00ed- i als argentins per la consecuci\u00f3 del campionat del m\u00f3n. A continuaci\u00f3, pots visualitzar les declaracions completes de Fernando Roig en l\u2019acte d\u2019inauguraci\u00f3 del centenari:","headings":[{"type":"heading","level":2,"text":"El president del club ha destacat que espera un any molt il\u00b7lusionant a l\u2019entitat i ha tingut un especial record per a Jos\u00e9 Manuel Llaneza i l\u2019aficionat Juan Garc\u00eda"}],"texts":[{"type":"paragraph","text":"El president del Villarreal Fernando Roig va tindre unes paraules durant l\u2019acte d\u2019inauguraci\u00f3 del centenari. El m\u00e0xim mandatari groc va agrair a tots els que han constru\u00eft la identitat del Submar\u00ed durant els 100 anys d\u2019hist\u00f2ria: \u201c\u00c9s un moment emocionant per a mi. A m\u00e9s de saludar a totes les autoritats, m\u2019agradaria agrair a totes les persones que han contribu\u00eft a construir aquest Villarreal que porta ja 100 anys. Especialment als presidents, com Jos\u00e9 Calduch, fundador de l\u2019entitat, i Pascual Font de Mora i tots els altres. Tamb\u00e9 a t\u00e8cnics i jugadors, presents i passats\u201d."},{"type":"paragraph","text":"A m\u00e9s, el president groguet va voler aprofitar la intervenci\u00f3 per a recordar a dues persones que desgraciadament ens van deixar en les \u00faltimes dates: \u201cM\u2019agradaria tindre un record per a totes les persones que han mort recentment. Especialment amb Jos\u00e9 Manuel Llaneza, que \u00e9s una persona molt important i volguda per a tots en aquest club, per\u00f2 tamb\u00e9 amb Juan Garc\u00eda, que era un gran aficionat groguet que ens ha deixat aquesta setmana\u201d."},{"type":"paragraph","text":"D\u2019altra banda, Fernando Roig ha augurat un any molt il\u00b7lusionant en tots els sentits: \u201cEn un any tan bonic, el del centenari, tenim tres equips en l\u2019elit. El primer equip en Primera Divisi\u00f3, el Villarreal Femen\u00ed tamb\u00e9 en la m\u00e0xima categoria i el Villarreal B, en Segona Divisi\u00f3. No hem d\u2019oblidar-nos d\u2019ells, hem d\u2019anar a veure\u2019ls i animar-los. A m\u00e9s, en un temps r\u00e8cord hem fet una gran remodelaci\u00f3 al nostre camp. Tornem molt prompte a l\u2019Estadi de la Cer\u00e0mica. El club ha fet un gran esfor\u00e7 per a poder gaudir d\u2019ell\u201d."},{"type":"paragraph","text":"Finalment, el dirigent groguet va felicitar Argentina -pa\u00eds molt lligat a la hist\u00f2ria del Submar\u00ed- i als argentins per la consecuci\u00f3 del campionat del m\u00f3n."},{"type":"paragraph","text":"A continuaci\u00f3, pots visualitzar les declaracions completes de Fernando Roig en l\u2019acte d\u2019inauguraci\u00f3 del centenari:"}],"buttons":[],"images":[],"widgets":[],"blocks":[{"type":"heading","level":2,"text":"El president del club ha destacat que espera un any molt il\u00b7lusionant a l\u2019entitat i ha tingut un especial record per a Jos\u00e9 Manuel Llaneza i l\u2019aficionat Juan Garc\u00eda"},{"type":"paragraph","text":"El president del Villarreal Fernando Roig va tindre unes paraules durant l\u2019acte d\u2019inauguraci\u00f3 del centenari. El m\u00e0xim mandatari groc va agrair a tots els que han constru\u00eft la identitat del Submar\u00ed durant els 100 anys d\u2019hist\u00f2ria: \u201c\u00c9s un moment emocionant per a mi. A m\u00e9s de saludar a totes les autoritats, m\u2019agradaria agrair a totes les persones que han contribu\u00eft a construir aquest Villarreal que porta ja 100 anys. Especialment als presidents, com Jos\u00e9 Calduch, fundador de l\u2019entitat, i Pascual Font de Mora i tots els altres. Tamb\u00e9 a t\u00e8cnics i jugadors, presents i passats\u201d."},{"type":"paragraph","text":"A m\u00e9s, el president groguet va voler aprofitar la intervenci\u00f3 per a recordar a dues persones que desgraciadament ens van deixar en les \u00faltimes dates: \u201cM\u2019agradaria tindre un record per a totes les persones que han mort recentment. Especialment amb Jos\u00e9 Manuel Llaneza, que \u00e9s una persona molt important i volguda per a tots en aquest club, per\u00f2 tamb\u00e9 amb Juan Garc\u00eda, que era un gran aficionat groguet que ens ha deixat aquesta setmana\u201d."},{"type":"paragraph","text":"D\u2019altra banda, Fernando Roig ha augurat un any molt il\u00b7lusionant en tots els sentits: \u201cEn un any tan bonic, el del centenari, tenim tres equips en l\u2019elit. El primer equip en Primera Divisi\u00f3, el Villarreal Femen\u00ed tamb\u00e9 en la m\u00e0xima categoria i el Villarreal B, en Segona Divisi\u00f3. No hem d\u2019oblidar-nos d\u2019ells, hem d\u2019anar a veure\u2019ls i animar-los. A m\u00e9s, en un temps r\u00e8cord hem fet una gran remodelaci\u00f3 al nostre camp. Tornem molt prompte a l\u2019Estadi de la Cer\u00e0mica. El club ha fet un gran esfor\u00e7 per a poder gaudir d\u2019ell\u201d."},{"type":"paragraph","text":"Finalment, el dirigent groguet va felicitar Argentina -pa\u00eds molt lligat a la hist\u00f2ria del Submar\u00ed- i als argentins per la consecuci\u00f3 del campionat del m\u00f3n."},{"type":"paragraph","text":"A continuaci\u00f3, pots visualitzar les declaracions completes de Fernando Roig en l\u2019acte d\u2019inauguraci\u00f3 del centenari:"},{"type":"video","kind":"iframe","url":"https:\/\/www.youtube.com\/embed\/jYDoK8e22jU?start=2117&feature=oembed","poster":""}]}},"sections":[{"id":"section-1","title":"El president del club ha destacat que espera un any molt il\u00b7lusionant a l\u2019entitat i ha tingut un especial record per a Jos\u00e9 Manuel Llaneza i l\u2019aficionat Juan Garc\u00eda","text":"El president del club ha destacat que espera un any molt il\u00b7lusionant a l\u2019entitat i ha tingut un especial record per a Jos\u00e9 Manuel Llaneza i l\u2019aficionat Juan Garc\u00eda El president del Villarreal Fernando Roig va tindre unes paraules durant l\u2019acte d\u2019inauguraci\u00f3 del centenari. El m\u00e0xim mandatari groc va agrair a tots els que han constru\u00eft la identitat del Submar\u00ed durant els 100 anys d\u2019hist\u00f2ria: \u201c\u00c9s un moment emocionant per a mi. A m\u00e9s de saludar a totes les autoritats, m\u2019agradaria agrair a totes les persones que han contribu\u00eft a construir aquest Villarreal que porta ja 100 anys. Especialment als presidents, com Jos\u00e9 Calduch, fundador de l\u2019entitat, i Pascual Font de Mora i tots els altres. Tamb\u00e9 a t\u00e8cnics i jugadors, presents i passats\u201d. A m\u00e9s, el president groguet va voler aprofitar la intervenci\u00f3 per a recordar a dues persones que desgraciadament ens van deixar en les \u00faltimes dates: \u201cM\u2019agradaria tindre un record per a totes les persones que han mort recentment. Especialment amb Jos\u00e9 Manuel Llaneza, que \u00e9s una persona molt important i volguda per a tots en aquest club, per\u00f2 tamb\u00e9 amb Juan Garc\u00eda, que era un gran aficionat groguet que ens ha deixat aquesta setmana\u201d. D\u2019altra banda, Fernando Roig ha augurat un any molt il\u00b7lusionant en tots els sentits: \u201cEn un any tan bonic, el del centenari, tenim tres equips en l\u2019elit. El primer equip en Primera Divisi\u00f3, el Villarreal Femen\u00ed tamb\u00e9 en la m\u00e0xima categoria i el Villarreal B, en Segona Divisi\u00f3. No hem d\u2019oblidar-nos d\u2019ells, hem d\u2019anar a veure\u2019ls i animar-los. A m\u00e9s, en un temps r\u00e8cord hem fet una gran remodelaci\u00f3 al nostre camp. Tornem molt prompte a l\u2019Estadi de la Cer\u00e0mica. El club ha fet un gran esfor\u00e7 per a poder gaudir d\u2019ell\u201d. Finalment, el dirigent groguet va felicitar Argentina -pa\u00eds molt lligat a la hist\u00f2ria del Submar\u00ed- i als argentins per la consecuci\u00f3 del campionat del m\u00f3n. A continuaci\u00f3, pots visualitzar les declaracions completes de Fernando Roig en l\u2019acte d\u2019inauguraci\u00f3 del centenari:","url":"","background_image":"","images":[],"videos":[{"type":"video","kind":"iframe","url":"https:\/\/www.youtube.com\/embed\/jYDoK8e22jU?start=2117&feature=oembed","poster":""}],"links":[]}]},"excerpt":{"rendered":"El president del club ha destacat que espera un any molt il\u00b7lusionant a l&#8217;entitat i ha tingut un especial record per a Jos\u00e9 Manuel Llaneza i l&#8217;aficionat Juan Garc\u00eda","protected":false},"author":25,"featured_media":237807,"comment_status":"closed","ping_status":"closed","sticky":false,"template":"","format":"standard","meta":{"_acf_changed":false,"footnotes":""},"categories":[13484],"tags":[9664,9540,717,9270,10771,716,9205,9627,9203],"acf":null,"lang":"val","translations":{"es":237804,"val":237813},"essential_grid":{"has_grid":false},"formatted_date":"December 20, 2022","modified_date":"December 20, 2022","permalink":"https:\/\/villarrealcf.es\/val\/quiero-agradecer-a-todos-los-que-han-construido-el-villarreal-durante-estos-100-anos\/","reading_time":2,"featured_media_data":{"id":237807,"title":"presi","caption":"","alt_text":"","description":"","mime_type":"image\/jpeg","source_url":"https:\/\/villarrealcf.es\/wp-content\/uploads\/2022\/12\/presi-2.jpg","sizes":{"thumbnail":{"url":"https:\/\/villarrealcf.es\/wp-content\/uploads\/2022\/12\/presi-2-150x150.jpg","width":150,"height":150},"medium":{"url":"https:\/\/villarrealcf.es\/wp-content\/uploads\/2022\/12\/presi-2-300x169.jpg","width":300,"height":169},"medium_large":{"url":"https:\/\/villarrealcf.es\/wp-content\/uploads\/2022\/12\/presi-2-768x432.jpg","width":768,"height":432},"large":{"url":"https:\/\/villarrealcf.es\/wp-content\/uploads\/2022\/12\/presi-2.jpg","width":788,"height":443},"1536x1536":{"url":"https:\/\/villarrealcf.es\/wp-content\/uploads\/2022\/12\/presi-2-1536x864.jpg","width":1536,"height":864},"2048x2048":{"url":"https:\/\/villarrealcf.es\/wp-content\/uploads\/2022\/12\/presi-2.jpg","width":1920,"height":1080},"tp-image-grid":{"url":"https:\/\/villarrealcf.es\/wp-content\/uploads\/2022\/12\/presi-2-700x700.jpg","width":700,"height":700},"size-bunyad-medium":{"url":"https:\/\/villarrealcf.es\/wp-content\/uploads\/2022\/12\/presi-2.jpg","width":1920,"height":1080},"sportspress-crop-medium":{"url":"https:\/\/villarrealcf.es\/wp-content\/uploads\/2022\/12\/presi-2-300x300.jpg","width":300,"height":300},"sportspress-fit-medium":{"url":"https:\/\/villarrealcf.es\/wp-content\/uploads\/2022\/12\/presi-2-300x169.jpg","width":300,"height":169},"sportspress-fit-icon":{"url":"https:\/\/villarrealcf.es\/wp-content\/uploads\/2022\/12\/presi-2-128x72.jpg","width":128,"height":72},"sportspress-fit-mini":{"url":"https:\/\/villarrealcf.es\/wp-content\/uploads\/2022\/12\/presi-2-32x18.jpg","width":32,"height":18},"bunyad-small":{"url":"https:\/\/villarrealcf.es\/wp-content\/uploads\/2022\/12\/presi-2-150x84.jpg","width":150,"height":84},"bunyad-medium":{"url":"https:\/\/villarrealcf.es\/wp-content\/uploads\/2022\/12\/presi-2-450x253.jpg","width":450,"height":253},"bunyad-full":{"url":"https:\/\/villarrealcf.es\/wp-content\/uploads\/2022\/12\/presi-2-1200x675.jpg","width":1200,"height":675},"bunyad-viewport":{"url":"https:\/\/villarrealcf.es\/wp-content\/uploads\/2022\/12\/presi-2.jpg","width":1920,"height":1080},"bunyad-768":{"url":"https:\/\/villarrealcf.es\/wp-content\/uploads\/2022\/12\/presi-2-768x432.jpg","width":768,"height":432},"full":{"url":"https:\/\/villarrealcf.es\/wp-content\/uploads\/2022\/12\/presi-2.jpg","width":1920,"height":1080}}},"author_data":{"id":"25","name":"Javier Ayuso","first_name":"Javier","last_name":"Ayuso","description":"","avatar_url":"https:\/\/secure.gravatar.com\/avatar\/fcf8894be45988fcce5bbff0efe1790d2a7f4ba57e2c7c898f5068154e696495?s=96&d=mm&r=g","acf":null},"taxonomies_data":{"category":[{"id":13484,"name":"Club","slug":"club","acf":null}],"post_tag":[{"id":9664,"name":"Centenari Groguet","slug":"centenari-groguet-val","acf":null},{"id":9540,"name":"Fernando Roig","slug":"fernando-roig-val","acf":null},{"id":717,"name":"Football","slug":"football-d34","acf":null},{"id":9270,"name":"Futbol","slug":"futbol-val","acf":null},{"id":10771,"name":"Historia","slug":"historia-val","acf":null},{"id":716,"name":"Soccer","slug":"soccer-d105","acf":null},{"id":9205,"name":"Submarino","slug":"submarino-val","acf":null},{"id":9627,"name":"Submarino Amarillo","slug":"submarino-amarillo-val","acf":null},{"id":9203,"name":"Villarreal CF","slug":"villarreal-cf-val","acf":null}],"translation_priority":[{"id":735,"name":"Optional","slug":"optional-val","acf":null}]},"seo_full":{"native":{"title":"\u201cAgra\u00efsc a tots els que han constru\u00eft el Villarreal durant aquests 100 anys\u201d - Web Oficial del Villarreal CF","description":"El president del club ha destacat que espera un any molt il\u00b7lusionant a l'entitat i ha tingut un especial record per a Jos\u00e9 Manuel Llaneza i l'aficionat Juan Garc\u00eda","canonical":"https:\/\/villarrealcf.es\/val\/quiero-agradecer-a-todos-los-que-han-construido-el-villarreal-durante-estos-100-anos\/"}},"_links":{"self":[{"href":"https:\/\/villarrealcf.es\/val\/wp-json\/wp\/v2\/posts\/237813","targetHints":{"allow":["GET"]}}],"collection":[{"href":"https:\/\/villarrealcf.es\/val\/wp-json\/wp\/v2\/posts"}],"about":[{"href":"https:\/\/villarrealcf.es\/val\/wp-json\/wp\/v2\/types\/post"}],"author":[{"embeddable":true,"href":"https:\/\/villarrealcf.es\/val\/wp-json\/wp\/v2\/users\/25"}],"replies":[{"embeddable":true,"href":"https:\/\/villarrealcf.es\/val\/wp-json\/wp\/v2\/comments?post=237813"}],"version-history":[{"count":0,"href":"https:\/\/villarrealcf.es\/val\/wp-json\/wp\/v2\/posts\/237813\/revisions"}],"wp:featuredmedia":[{"embeddable":true,"href":"https:\/\/villarrealcf.es\/val\/wp-json\/wp\/v2\/media\/237807"}],"wp:attachment":[{"href":"https:\/\/villarrealcf.es\/val\/wp-json\/wp\/v2\/media?parent=237813"}],"wp:term":[{"taxonomy":"category","embeddable":true,"href":"https:\/\/villarrealcf.es\/val\/wp-json\/wp\/v2\/categories?post=237813"},{"taxonomy":"post_tag","embeddable":true,"href":"https:\/\/villarrealcf.es\/val\/wp-json\/wp\/v2\/tags?post=237813"}],"curies":[{"name":"wp","href":"https:\/\/api.w.org\/{rel}","templated":true}]}}