{"id":237346,"date":"2022-12-15T17:04:00","date_gmt":"2022-12-15T16:04:00","guid":{"rendered":"https:\/\/villarrealcf.es\/\/jose-morales-y-maria-llompart-visitan-el-colegio-cervantes-de-vila-real\/"},"modified":"2022-12-16T13:13:28","modified_gmt":"2022-12-16T12:13:28","slug":"jose-morales-y-maria-llompart-visitan-el-colegio-cervantes-de-vila-real","status":"publish","type":"post","link":"https:\/\/villarrealcf.es\/val\/jose-morales-y-maria-llompart-visitan-el-colegio-cervantes-de-vila-real\/","title":{"rendered":"Morales i Mar\u00eda Llompart visiten el Col\u00b7legi Cervantes de Vila-real"},"content":{"protected":false,"blocks":[{"type":"heading","widget":"heading","level":2,"text":"Els futbolistes van protagonitzar 'Una estrela en el teu col\u00b7le', activitat emmarcada en la iniciativa Endavant Club Groguet"},{"type":"text","widget":"text-editor","text":"El futbolista Jos\u00e9 Morales i la davantera del femen\u00ed Mar\u00eda Llompart van visitar aquest dijous als alumnes del 5\u00e9 curs del Col\u00b7legi Cervantes de Vila-real gr\u00e0cies a l\u2019activitat \u2018Una estrela en el teu col\u00b7le\u2019 que s\u2019emmarca dins de la iniciativa Endavant Club Groguet.En aquesta agradable visita de dos dels nous fitxatges de l\u2019entitat en la present temporada, els joves estudiants han tingut l\u2019oportunitat de plantejar tot tipus de q\u00fcestions als futbolistes, fotografiar-se amb ells i aconseguir els seus aut\u00f2grafs.","paragraphs":["El futbolista Jos\u00e9 Morales i la davantera del femen\u00ed Mar\u00eda Llompart van visitar aquest dijous als alumnes del 5\u00e9 curs del Col\u00b7legi Cervantes de Vila-real gr\u00e0cies a l\u2019activitat \u2018Una estrela en el teu col\u00b7le\u2019 que s\u2019emmarca dins de la iniciativa Endavant Club Groguet.","En aquesta agradable visita de dos dels nous fitxatges de l\u2019entitat en la present temporada, els joves estudiants han tingut l\u2019oportunitat de plantejar tot tipus de q\u00fcestions als futbolistes, fotografiar-se amb ells i aconseguir els seus aut\u00f2grafs."]},{"type":"gallery","widget":"gallery","items":[{"url":"https:\/\/villarrealcf.es\/wp-content\/uploads\/2022\/12\/20221215-VisitaMoralesLlompartColegioCervantes-004.jpg","title":"","thumbnail":"https:\/\/villarrealcf.es\/wp-content\/uploads\/2022\/12\/20221215-VisitaMoralesLlompartColegioCervantes-004.jpg","width":1920,"height":1280},{"url":"https:\/\/villarrealcf.es\/wp-content\/uploads\/2022\/12\/20221215-VisitaMoralesLlompartColegioCervantes-008.jpg","title":"","thumbnail":"https:\/\/villarrealcf.es\/wp-content\/uploads\/2022\/12\/20221215-VisitaMoralesLlompartColegioCervantes-008.jpg","width":1920,"height":1280},{"url":"https:\/\/villarrealcf.es\/wp-content\/uploads\/2022\/12\/20221215-VisitaMoralesLlompartColegioCervantes-012.jpg","title":"","thumbnail":"https:\/\/villarrealcf.es\/wp-content\/uploads\/2022\/12\/20221215-VisitaMoralesLlompartColegioCervantes-012.jpg","width":1920,"height":1280},{"url":"https:\/\/villarrealcf.es\/wp-content\/uploads\/2022\/12\/20221215-VisitaMoralesLlompartColegioCervantes-014.jpg","title":"","thumbnail":"https:\/\/villarrealcf.es\/wp-content\/uploads\/2022\/12\/20221215-VisitaMoralesLlompartColegioCervantes-014.jpg","width":1920,"height":1280},{"url":"https:\/\/villarrealcf.es\/wp-content\/uploads\/2022\/12\/20221215-VisitaMoralesLlompartColegioCervantes-016.jpg","title":"","thumbnail":"https:\/\/villarrealcf.es\/wp-content\/uploads\/2022\/12\/20221215-VisitaMoralesLlompartColegioCervantes-016.jpg","width":1920,"height":1280},{"url":"https:\/\/villarrealcf.es\/wp-content\/uploads\/2022\/12\/20221215-VisitaMoralesLlompartColegioCervantes-017.jpg","title":"","thumbnail":"https:\/\/villarrealcf.es\/wp-content\/uploads\/2022\/12\/20221215-VisitaMoralesLlompartColegioCervantes-017.jpg","width":1920,"height":1280},{"url":"https:\/\/villarrealcf.es\/wp-content\/uploads\/2022\/12\/20221215-VisitaMoralesLlompartColegioCervantes-018.jpg","title":"","thumbnail":"https:\/\/villarrealcf.es\/wp-content\/uploads\/2022\/12\/20221215-VisitaMoralesLlompartColegioCervantes-018.jpg","width":1920,"height":1280},{"url":"https:\/\/villarrealcf.es\/wp-content\/uploads\/2022\/12\/20221215-VisitaMoralesLlompartColegioCervantes-019.jpg","title":"","thumbnail":"https:\/\/villarrealcf.es\/wp-content\/uploads\/2022\/12\/20221215-VisitaMoralesLlompartColegioCervantes-019.jpg","width":1920,"height":1280},{"url":"https:\/\/villarrealcf.es\/wp-content\/uploads\/2022\/12\/20221215-VisitaMoralesLlompartColegioCervantes-026.jpg","title":"","thumbnail":"https:\/\/villarrealcf.es\/wp-content\/uploads\/2022\/12\/20221215-VisitaMoralesLlompartColegioCervantes-026.jpg","width":1280,"height":1920},{"url":"https:\/\/villarrealcf.es\/wp-content\/uploads\/2022\/12\/20221215-VisitaMoralesLlompartColegioCervantes-028.jpg","title":"","thumbnail":"https:\/\/villarrealcf.es\/wp-content\/uploads\/2022\/12\/20221215-VisitaMoralesLlompartColegioCervantes-028.jpg","width":1920,"height":1280}]}],"structured":{"summary":{"text":"Els futbolistes van protagonitzar 'Una estrela en el teu col\u00b7le', activitat emmarcada en la iniciativa Endavant Club Groguet El futbolista Jos\u00e9 Morales i la davantera del femen\u00ed Mar\u00eda Llompart van visitar aquest dijous als alumnes del 5\u00e9 curs del Col\u00b7legi Cervantes de Vila-real gr\u00e0cies a l\u2019activitat \u2018Una estrela en el teu col\u00b7le\u2019 que s\u2019emmarca dins de la iniciativa Endavant Club Groguet.En aquesta agradable visita de dos dels nous fitxatges de l\u2019entitat en la present temporada, els joves estudiants han tingut l\u2019oportunitat de plantejar tot tipus de q\u00fcestions als futbolistes, fotografiar-se amb ells i aconseguir els seus aut\u00f2grafs.","headings":[{"type":"heading","widget":"heading","level":2,"text":"Els futbolistes van protagonitzar 'Una estrela en el teu col\u00b7le', activitat emmarcada en la iniciativa Endavant Club Groguet"}],"buttons":[],"images":[],"counts":{"blocks":3,"headings":1,"texts":1,"buttons":0,"images":0},"containers":2},"sections":[{"id":"acf11c2","type":"container","classes":["has-el-gap","el-gap-default","elementor-section","elementor-top-section","elementor-element","elementor-element-acf11c2","elementor-section-boxed","elementor-section-height-default"],"title":"Els futbolistes van protagonitzar 'Una estrela en el teu col\u00b7le', activitat emmarcada en la iniciativa Endavant Club Groguet","text":"Els futbolistes van protagonitzar 'Una estrela en el teu col\u00b7le', activitat emmarcada en la iniciativa Endavant Club Groguet El futbolista Jos\u00e9 Morales i la davantera del femen\u00ed Mar\u00eda Llompart van visitar aquest dijous als alumnes del 5\u00e9 curs del Col\u00b7legi Cervantes de Vila-real gr\u00e0cies a l\u2019activitat \u2018Una estrela en el teu col\u00b7le\u2019 que s\u2019emmarca dins de la iniciativa Endavant Club Groguet.En aquesta agradable visita de dos dels nous fitxatges de l\u2019entitat en la present temporada, els joves estudiants han tingut l\u2019oportunitat de plantejar tot tipus de q\u00fcestions als futbolistes, fotografiar-se amb ells i aconseguir els seus aut\u00f2grafs.","headings":[{"type":"heading","widget":"heading","level":2,"text":"Els futbolistes van protagonitzar 'Una estrela en el teu col\u00b7le', activitat emmarcada en la iniciativa Endavant Club Groguet"}],"texts":[{"type":"text","widget":"text-editor","text":"El futbolista Jos\u00e9 Morales i la davantera del femen\u00ed Mar\u00eda Llompart van visitar aquest dijous als alumnes del 5\u00e9 curs del Col\u00b7legi Cervantes de Vila-real gr\u00e0cies a l\u2019activitat \u2018Una estrela en el teu col\u00b7le\u2019 que s\u2019emmarca dins de la iniciativa Endavant Club Groguet.En aquesta agradable visita de dos dels nous fitxatges de l\u2019entitat en la present temporada, els joves estudiants han tingut l\u2019oportunitat de plantejar tot tipus de q\u00fcestions als futbolistes, fotografiar-se amb ells i aconseguir els seus aut\u00f2grafs.","paragraphs":["El futbolista Jos\u00e9 Morales i la davantera del femen\u00ed Mar\u00eda Llompart van visitar aquest dijous als alumnes del 5\u00e9 curs del Col\u00b7legi Cervantes de Vila-real gr\u00e0cies a l\u2019activitat \u2018Una estrela en el teu col\u00b7le\u2019 que s\u2019emmarca dins de la iniciativa Endavant Club Groguet.","En aquesta agradable visita de dos dels nous fitxatges de l\u2019entitat en la present temporada, els joves estudiants han tingut l\u2019oportunitat de plantejar tot tipus de q\u00fcestions als futbolistes, fotografiar-se amb ells i aconseguir els seus aut\u00f2grafs."]}],"buttons":[],"images":[],"widgets":["heading","text-editor"],"blocks":[{"type":"heading","widget":"heading","level":2,"text":"Els futbolistes van protagonitzar 'Una estrela en el teu col\u00b7le', activitat emmarcada en la iniciativa Endavant Club Groguet"},{"type":"text","widget":"text-editor","text":"El futbolista Jos\u00e9 Morales i la davantera del femen\u00ed Mar\u00eda Llompart van visitar aquest dijous als alumnes del 5\u00e9 curs del Col\u00b7legi Cervantes de Vila-real gr\u00e0cies a l\u2019activitat \u2018Una estrela en el teu col\u00b7le\u2019 que s\u2019emmarca dins de la iniciativa Endavant Club Groguet.En aquesta agradable visita de dos dels nous fitxatges de l\u2019entitat en la present temporada, els joves estudiants han tingut l\u2019oportunitat de plantejar tot tipus de q\u00fcestions als futbolistes, fotografiar-se amb ells i aconseguir els seus aut\u00f2grafs.","paragraphs":["El futbolista Jos\u00e9 Morales i la davantera del femen\u00ed Mar\u00eda Llompart van visitar aquest dijous als alumnes del 5\u00e9 curs del Col\u00b7legi Cervantes de Vila-real gr\u00e0cies a l\u2019activitat \u2018Una estrela en el teu col\u00b7le\u2019 que s\u2019emmarca dins de la iniciativa Endavant Club Groguet.","En aquesta agradable visita de dos dels nous fitxatges de l\u2019entitat en la present temporada, els joves estudiants han tingut l\u2019oportunitat de plantejar tot tipus de q\u00fcestions als futbolistes, fotografiar-se amb ells i aconseguir els seus aut\u00f2grafs."]}],"children":[]},{"id":"07e8f0a","type":"container","classes":["has-el-gap","el-gap-default","elementor-section","elementor-top-section","elementor-element","elementor-element-07e8f0a","elementor-section-boxed","elementor-section-height-default"],"title":"","text":"","headings":[],"texts":[],"buttons":[],"images":[],"widgets":["gallery"],"blocks":[{"type":"gallery","widget":"gallery","items":[{"url":"https:\/\/villarrealcf.es\/wp-content\/uploads\/2022\/12\/20221215-VisitaMoralesLlompartColegioCervantes-004.jpg","title":"","thumbnail":"https:\/\/villarrealcf.es\/wp-content\/uploads\/2022\/12\/20221215-VisitaMoralesLlompartColegioCervantes-004.jpg","width":1920,"height":1280},{"url":"https:\/\/villarrealcf.es\/wp-content\/uploads\/2022\/12\/20221215-VisitaMoralesLlompartColegioCervantes-008.jpg","title":"","thumbnail":"https:\/\/villarrealcf.es\/wp-content\/uploads\/2022\/12\/20221215-VisitaMoralesLlompartColegioCervantes-008.jpg","width":1920,"height":1280},{"url":"https:\/\/villarrealcf.es\/wp-content\/uploads\/2022\/12\/20221215-VisitaMoralesLlompartColegioCervantes-012.jpg","title":"","thumbnail":"https:\/\/villarrealcf.es\/wp-content\/uploads\/2022\/12\/20221215-VisitaMoralesLlompartColegioCervantes-012.jpg","width":1920,"height":1280},{"url":"https:\/\/villarrealcf.es\/wp-content\/uploads\/2022\/12\/20221215-VisitaMoralesLlompartColegioCervantes-014.jpg","title":"","thumbnail":"https:\/\/villarrealcf.es\/wp-content\/uploads\/2022\/12\/20221215-VisitaMoralesLlompartColegioCervantes-014.jpg","width":1920,"height":1280},{"url":"https:\/\/villarrealcf.es\/wp-content\/uploads\/2022\/12\/20221215-VisitaMoralesLlompartColegioCervantes-016.jpg","title":"","thumbnail":"https:\/\/villarrealcf.es\/wp-content\/uploads\/2022\/12\/20221215-VisitaMoralesLlompartColegioCervantes-016.jpg","width":1920,"height":1280},{"url":"https:\/\/villarrealcf.es\/wp-content\/uploads\/2022\/12\/20221215-VisitaMoralesLlompartColegioCervantes-017.jpg","title":"","thumbnail":"https:\/\/villarrealcf.es\/wp-content\/uploads\/2022\/12\/20221215-VisitaMoralesLlompartColegioCervantes-017.jpg","width":1920,"height":1280},{"url":"https:\/\/villarrealcf.es\/wp-content\/uploads\/2022\/12\/20221215-VisitaMoralesLlompartColegioCervantes-018.jpg","title":"","thumbnail":"https:\/\/villarrealcf.es\/wp-content\/uploads\/2022\/12\/20221215-VisitaMoralesLlompartColegioCervantes-018.jpg","width":1920,"height":1280},{"url":"https:\/\/villarrealcf.es\/wp-content\/uploads\/2022\/12\/20221215-VisitaMoralesLlompartColegioCervantes-019.jpg","title":"","thumbnail":"https:\/\/villarrealcf.es\/wp-content\/uploads\/2022\/12\/20221215-VisitaMoralesLlompartColegioCervantes-019.jpg","width":1920,"height":1280},{"url":"https:\/\/villarrealcf.es\/wp-content\/uploads\/2022\/12\/20221215-VisitaMoralesLlompartColegioCervantes-026.jpg","title":"","thumbnail":"https:\/\/villarrealcf.es\/wp-content\/uploads\/2022\/12\/20221215-VisitaMoralesLlompartColegioCervantes-026.jpg","width":1280,"height":1920},{"url":"https:\/\/villarrealcf.es\/wp-content\/uploads\/2022\/12\/20221215-VisitaMoralesLlompartColegioCervantes-028.jpg","title":"","thumbnail":"https:\/\/villarrealcf.es\/wp-content\/uploads\/2022\/12\/20221215-VisitaMoralesLlompartColegioCervantes-028.jpg","width":1920,"height":1280}]}],"children":[]}],"hero":{"id":"acf11c2","type":"container","classes":["has-el-gap","el-gap-default","elementor-section","elementor-top-section","elementor-element","elementor-element-acf11c2","elementor-section-boxed","elementor-section-height-default"],"title":"Els futbolistes van protagonitzar 'Una estrela en el teu col\u00b7le', activitat emmarcada en la iniciativa Endavant Club Groguet","text":"Els futbolistes van protagonitzar 'Una estrela en el teu col\u00b7le', activitat emmarcada en la iniciativa Endavant Club Groguet El futbolista Jos\u00e9 Morales i la davantera del femen\u00ed Mar\u00eda Llompart van visitar aquest dijous als alumnes del 5\u00e9 curs del Col\u00b7legi Cervantes de Vila-real gr\u00e0cies a l\u2019activitat \u2018Una estrela en el teu col\u00b7le\u2019 que s\u2019emmarca dins de la iniciativa Endavant Club Groguet.En aquesta agradable visita de dos dels nous fitxatges de l\u2019entitat en la present temporada, els joves estudiants han tingut l\u2019oportunitat de plantejar tot tipus de q\u00fcestions als futbolistes, fotografiar-se amb ells i aconseguir els seus aut\u00f2grafs.","headings":[{"type":"heading","widget":"heading","level":2,"text":"Els futbolistes van protagonitzar 'Una estrela en el teu col\u00b7le', activitat emmarcada en la iniciativa Endavant Club Groguet"}],"texts":[{"type":"text","widget":"text-editor","text":"El futbolista Jos\u00e9 Morales i la davantera del femen\u00ed Mar\u00eda Llompart van visitar aquest dijous als alumnes del 5\u00e9 curs del Col\u00b7legi Cervantes de Vila-real gr\u00e0cies a l\u2019activitat \u2018Una estrela en el teu col\u00b7le\u2019 que s\u2019emmarca dins de la iniciativa Endavant Club Groguet.En aquesta agradable visita de dos dels nous fitxatges de l\u2019entitat en la present temporada, els joves estudiants han tingut l\u2019oportunitat de plantejar tot tipus de q\u00fcestions als futbolistes, fotografiar-se amb ells i aconseguir els seus aut\u00f2grafs.","paragraphs":["El futbolista Jos\u00e9 Morales i la davantera del femen\u00ed Mar\u00eda Llompart van visitar aquest dijous als alumnes del 5\u00e9 curs del Col\u00b7legi Cervantes de Vila-real gr\u00e0cies a l\u2019activitat \u2018Una estrela en el teu col\u00b7le\u2019 que s\u2019emmarca dins de la iniciativa Endavant Club Groguet.","En aquesta agradable visita de dos dels nous fitxatges de l\u2019entitat en la present temporada, els joves estudiants han tingut l\u2019oportunitat de plantejar tot tipus de q\u00fcestions als futbolistes, fotografiar-se amb ells i aconseguir els seus aut\u00f2grafs."]}],"buttons":[],"images":[],"widgets":["heading","text-editor"],"blocks":[{"type":"heading","widget":"heading","level":2,"text":"Els futbolistes van protagonitzar 'Una estrela en el teu col\u00b7le', activitat emmarcada en la iniciativa Endavant Club Groguet"},{"type":"text","widget":"text-editor","text":"El futbolista Jos\u00e9 Morales i la davantera del femen\u00ed Mar\u00eda Llompart van visitar aquest dijous als alumnes del 5\u00e9 curs del Col\u00b7legi Cervantes de Vila-real gr\u00e0cies a l\u2019activitat \u2018Una estrela en el teu col\u00b7le\u2019 que s\u2019emmarca dins de la iniciativa Endavant Club Groguet.En aquesta agradable visita de dos dels nous fitxatges de l\u2019entitat en la present temporada, els joves estudiants han tingut l\u2019oportunitat de plantejar tot tipus de q\u00fcestions als futbolistes, fotografiar-se amb ells i aconseguir els seus aut\u00f2grafs.","paragraphs":["El futbolista Jos\u00e9 Morales i la davantera del femen\u00ed Mar\u00eda Llompart van visitar aquest dijous als alumnes del 5\u00e9 curs del Col\u00b7legi Cervantes de Vila-real gr\u00e0cies a l\u2019activitat \u2018Una estrela en el teu col\u00b7le\u2019 que s\u2019emmarca dins de la iniciativa Endavant Club Groguet.","En aquesta agradable visita de dos dels nous fitxatges de l\u2019entitat en la present temporada, els joves estudiants han tingut l\u2019oportunitat de plantejar tot tipus de q\u00fcestions als futbolistes, fotografiar-se amb ells i aconseguir els seus aut\u00f2grafs."]}],"children":[]}},"sections":[{"id":"acf11c2","title":"Els futbolistes van protagonitzar 'Una estrela en el teu col\u00b7le', activitat emmarcada en la iniciativa Endavant Club Groguet","text":"Els futbolistes van protagonitzar 'Una estrela en el teu col\u00b7le', activitat emmarcada en la iniciativa Endavant Club Groguet El futbolista Jos\u00e9 Morales i la davantera del femen\u00ed Mar\u00eda Llompart van visitar aquest dijous als alumnes del 5\u00e9 curs del Col\u00b7legi Cervantes de Vila-real gr\u00e0cies a l\u2019activitat \u2018Una estrela en el teu col\u00b7le\u2019 que s\u2019emmarca dins de la iniciativa Endavant Club Groguet.En aquesta agradable visita de dos dels nous fitxatges de l\u2019entitat en la present temporada, els joves estudiants han tingut l\u2019oportunitat de plantejar tot tipus de q\u00fcestions als futbolistes, fotografiar-se amb ells i aconseguir els seus aut\u00f2grafs.","url":"","background_image":"","images":[],"videos":[],"links":[]},{"id":"07e8f0a","title":"","text":"","url":"https:\/\/villarrealcf.es\/wp-content\/uploads\/2022\/12\/20221215-VisitaMoralesLlompartColegioCervantes-004.jpg","background_image":"","images":[],"videos":[],"links":[{"url":"https:\/\/villarrealcf.es\/wp-content\/uploads\/2022\/12\/20221215-VisitaMoralesLlompartColegioCervantes-004.jpg","text":"","target":""},{"url":"https:\/\/villarrealcf.es\/wp-content\/uploads\/2022\/12\/20221215-VisitaMoralesLlompartColegioCervantes-008.jpg","text":"","target":""},{"url":"https:\/\/villarrealcf.es\/wp-content\/uploads\/2022\/12\/20221215-VisitaMoralesLlompartColegioCervantes-012.jpg","text":"","target":""},{"url":"https:\/\/villarrealcf.es\/wp-content\/uploads\/2022\/12\/20221215-VisitaMoralesLlompartColegioCervantes-014.jpg","text":"","target":""},{"url":"https:\/\/villarrealcf.es\/wp-content\/uploads\/2022\/12\/20221215-VisitaMoralesLlompartColegioCervantes-016.jpg","text":"","target":""},{"url":"https:\/\/villarrealcf.es\/wp-content\/uploads\/2022\/12\/20221215-VisitaMoralesLlompartColegioCervantes-017.jpg","text":"","target":""},{"url":"https:\/\/villarrealcf.es\/wp-content\/uploads\/2022\/12\/20221215-VisitaMoralesLlompartColegioCervantes-018.jpg","text":"","target":""},{"url":"https:\/\/villarrealcf.es\/wp-content\/uploads\/2022\/12\/20221215-VisitaMoralesLlompartColegioCervantes-019.jpg","text":"","target":""},{"url":"https:\/\/villarrealcf.es\/wp-content\/uploads\/2022\/12\/20221215-VisitaMoralesLlompartColegioCervantes-026.jpg","text":"","target":""},{"url":"https:\/\/villarrealcf.es\/wp-content\/uploads\/2022\/12\/20221215-VisitaMoralesLlompartColegioCervantes-028.jpg","text":"","target":""}]}]},"excerpt":{"rendered":"Los futbolistas protagonizaron &#8216;Una estrella en tu cole&#8217;, actividad enmarcada en la iniciativa Endavant Club Groguet\u200b","protected":false},"author":33,"featured_media":237987,"comment_status":"closed","ping_status":"closed","sticky":false,"template":"","format":"standard","meta":{"_acf_changed":false,"footnotes":""},"categories":[13509],"tags":[13873,9242,9287,717,9270,13474,13420,13874,716,9205,9627,9203],"acf":null,"lang":"val","translations":{"es":237308,"val":237346},"essential_grid":{"has_grid":false},"formatted_date":"December 15, 2022","modified_date":"December 16, 2022","permalink":"https:\/\/villarrealcf.es\/val\/jose-morales-y-maria-llompart-visitan-el-colegio-cervantes-de-vila-real\/","reading_time":1,"featured_media_data":{"id":237987,"title":"ceip","caption":"","alt_text":"","description":"","mime_type":"image\/jpeg","source_url":"https:\/\/villarrealcf.es\/wp-content\/uploads\/2022\/12\/ceip.jpg","sizes":{"thumbnail":{"url":"https:\/\/villarrealcf.es\/wp-content\/uploads\/2022\/12\/ceip-150x150.jpg","width":150,"height":150},"medium":{"url":"https:\/\/villarrealcf.es\/wp-content\/uploads\/2022\/12\/ceip-300x169.jpg","width":300,"height":169},"medium_large":{"url":"https:\/\/villarrealcf.es\/wp-content\/uploads\/2022\/12\/ceip-768x432.jpg","width":768,"height":432},"large":{"url":"https:\/\/villarrealcf.es\/wp-content\/uploads\/2022\/12\/ceip.jpg","width":788,"height":443},"1536x1536":{"url":"https:\/\/villarrealcf.es\/wp-content\/uploads\/2022\/12\/ceip-1536x864.jpg","width":1536,"height":864},"2048x2048":{"url":"https:\/\/villarrealcf.es\/wp-content\/uploads\/2022\/12\/ceip.jpg","width":1920,"height":1080},"tp-image-grid":{"url":"https:\/\/villarrealcf.es\/wp-content\/uploads\/2022\/12\/ceip-700x700.jpg","width":700,"height":700},"size-bunyad-medium":{"url":"https:\/\/villarrealcf.es\/wp-content\/uploads\/2022\/12\/ceip.jpg","width":1920,"height":1080},"sportspress-crop-medium":{"url":"https:\/\/villarrealcf.es\/wp-content\/uploads\/2022\/12\/ceip-300x300.jpg","width":300,"height":300},"sportspress-fit-medium":{"url":"https:\/\/villarrealcf.es\/wp-content\/uploads\/2022\/12\/ceip-300x169.jpg","width":300,"height":169},"sportspress-fit-icon":{"url":"https:\/\/villarrealcf.es\/wp-content\/uploads\/2022\/12\/ceip-128x72.jpg","width":128,"height":72},"sportspress-fit-mini":{"url":"https:\/\/villarrealcf.es\/wp-content\/uploads\/2022\/12\/ceip-32x18.jpg","width":32,"height":18},"bunyad-small":{"url":"https:\/\/villarrealcf.es\/wp-content\/uploads\/2022\/12\/ceip-150x84.jpg","width":150,"height":84},"bunyad-medium":{"url":"https:\/\/villarrealcf.es\/wp-content\/uploads\/2022\/12\/ceip-450x253.jpg","width":450,"height":253},"bunyad-full":{"url":"https:\/\/villarrealcf.es\/wp-content\/uploads\/2022\/12\/ceip-1200x675.jpg","width":1200,"height":675},"bunyad-viewport":{"url":"https:\/\/villarrealcf.es\/wp-content\/uploads\/2022\/12\/ceip.jpg","width":1920,"height":1080},"bunyad-768":{"url":"https:\/\/villarrealcf.es\/wp-content\/uploads\/2022\/12\/ceip-768x432.jpg","width":768,"height":432},"full":{"url":"https:\/\/villarrealcf.es\/wp-content\/uploads\/2022\/12\/ceip.jpg","width":1920,"height":1080}}},"author_data":{"id":"33","name":"Nacho Tejada","first_name":"Nacho","last_name":"Tejada","description":"","avatar_url":"https:\/\/secure.gravatar.com\/avatar\/b1580534b2fcd93e031504756165758941290488df5c88966a26f84344931fd1?s=96&d=mm&r=g","acf":null},"taxonomies_data":{"category":[{"id":13509,"name":"Endavant","slug":"endavant-val","acf":null}],"post_tag":[{"id":13873,"name":"A. J. Morales","slug":"a-j-morales-val","acf":null},{"id":9242,"name":"Endavant","slug":"endavant-val-2","acf":null},{"id":9287,"name":"Endavant Club Groguet","slug":"endavant-club-groguet-val-2","acf":null},{"id":717,"name":"Football","slug":"football-d34","acf":null},{"id":9270,"name":"Futbol","slug":"futbol-val","acf":null},{"id":13474,"name":"Galer\u00eda","slug":"galeria-val","acf":null},{"id":13420,"name":"Galer\u00eda Endavant","slug":"galeria-endavant-val","acf":null},{"id":13874,"name":"Mar\u00eda Llompart","slug":"maria-llompart-2-val","acf":null},{"id":716,"name":"Soccer","slug":"soccer-d105","acf":null},{"id":9205,"name":"Submarino","slug":"submarino-val","acf":null},{"id":9627,"name":"Submarino Amarillo","slug":"submarino-amarillo-val","acf":null},{"id":9203,"name":"Villarreal CF","slug":"villarreal-cf-val","acf":null}],"translation_priority":[{"id":735,"name":"Optional","slug":"optional-val","acf":null}]},"seo_full":{"native":{"title":"Morales i Mar\u00eda Llompart visiten el Col\u00b7legi Cervantes de Vila-real - Web Oficial del Villarreal CF","description":"Los futbolistas protagonizaron 'Una estrella en tu cole', actividad enmarcada en la iniciativa Endavant Club Groguet\u200b","canonical":"https:\/\/villarrealcf.es\/val\/jose-morales-y-maria-llompart-visitan-el-colegio-cervantes-de-vila-real\/"}},"_links":{"self":[{"href":"https:\/\/villarrealcf.es\/val\/wp-json\/wp\/v2\/posts\/237346","targetHints":{"allow":["GET"]}}],"collection":[{"href":"https:\/\/villarrealcf.es\/val\/wp-json\/wp\/v2\/posts"}],"about":[{"href":"https:\/\/villarrealcf.es\/val\/wp-json\/wp\/v2\/types\/post"}],"author":[{"embeddable":true,"href":"https:\/\/villarrealcf.es\/val\/wp-json\/wp\/v2\/users\/33"}],"replies":[{"embeddable":true,"href":"https:\/\/villarrealcf.es\/val\/wp-json\/wp\/v2\/comments?post=237346"}],"version-history":[{"count":0,"href":"https:\/\/villarrealcf.es\/val\/wp-json\/wp\/v2\/posts\/237346\/revisions"}],"wp:featuredmedia":[{"embeddable":true,"href":"https:\/\/villarrealcf.es\/val\/wp-json\/wp\/v2\/media\/237987"}],"wp:attachment":[{"href":"https:\/\/villarrealcf.es\/val\/wp-json\/wp\/v2\/media?parent=237346"}],"wp:term":[{"taxonomy":"category","embeddable":true,"href":"https:\/\/villarrealcf.es\/val\/wp-json\/wp\/v2\/categories?post=237346"},{"taxonomy":"post_tag","embeddable":true,"href":"https:\/\/villarrealcf.es\/val\/wp-json\/wp\/v2\/tags?post=237346"}],"curies":[{"name":"wp","href":"https:\/\/api.w.org\/{rel}","templated":true}]}}