{"id":236877,"date":"2022-12-13T17:03:30","date_gmt":"2022-12-13T16:03:30","guid":{"rendered":"https:\/\/villarrealcf.es\/\/236822\/"},"modified":"2022-12-16T13:14:46","modified_gmt":"2022-12-16T12:14:46","slug":"236822","status":"publish","type":"post","link":"https:\/\/villarrealcf.es\/val\/236822\/","title":{"rendered":"Pau i Yeremy tornen amb el grup"},"content":{"protected":false,"blocks":[{"type":"text","widget":"text-editor","text":"El Submar\u00ed continua preparant els amistosos d\u2019aquesta setmana davant Aston Villa i Napoli","paragraphs":[]},{"type":"text","widget":"text-editor","text":"El Villarreal CF ha completat aquest mat\u00ed una nova sessi\u00f3 d\u2019entrenament sota les ordres de Quique Seti\u00e9n i amb la tornada de Pau Torres i Yeremy Pino despr\u00e9s del Mundial de Qatar com a principal novetat. El conjunt groguet s\u2019enfronta aquest dijous a l\u2019Aston Villa a partir de les 21.00 hores i a la SSC Napoli el dissabte a les 20.30 hores.","paragraphs":["El Villarreal CF ha completat aquest mat\u00ed una nova sessi\u00f3 d\u2019entrenament sota les ordres de Quique Seti\u00e9n i amb la tornada de Pau Torres i Yeremy Pino despr\u00e9s del Mundial de Qatar com a principal novetat.","El conjunt groguet s\u2019enfronta aquest dijous a l\u2019Aston Villa a partir de les 21.00 hores i a la SSC Napoli el dissabte a les 20.30 hores."]},{"type":"gallery","widget":"gallery","items":[{"url":"https:\/\/villarrealcf.es\/wp-content\/uploads\/2022\/12\/e-1-1.jpg","title":"","thumbnail":"https:\/\/villarrealcf.es\/wp-content\/uploads\/2022\/12\/e-1-1-300x200.jpg","width":300,"height":200},{"url":"https:\/\/villarrealcf.es\/wp-content\/uploads\/2022\/12\/e2.jpg","title":"","thumbnail":"https:\/\/villarrealcf.es\/wp-content\/uploads\/2022\/12\/e2-300x200.jpg","width":300,"height":200},{"url":"https:\/\/villarrealcf.es\/wp-content\/uploads\/2022\/12\/e3.jpg","title":"","thumbnail":"https:\/\/villarrealcf.es\/wp-content\/uploads\/2022\/12\/e3-300x200.jpg","width":300,"height":200},{"url":"https:\/\/villarrealcf.es\/wp-content\/uploads\/2022\/12\/e4.jpg","title":"","thumbnail":"https:\/\/villarrealcf.es\/wp-content\/uploads\/2022\/12\/e4-300x200.jpg","width":300,"height":200},{"url":"https:\/\/villarrealcf.es\/wp-content\/uploads\/2022\/12\/e5.jpg","title":"","thumbnail":"https:\/\/villarrealcf.es\/wp-content\/uploads\/2022\/12\/e5-300x200.jpg","width":300,"height":200},{"url":"https:\/\/villarrealcf.es\/wp-content\/uploads\/2022\/12\/e6.jpg","title":"","thumbnail":"https:\/\/villarrealcf.es\/wp-content\/uploads\/2022\/12\/e6-300x200.jpg","width":300,"height":200},{"url":"https:\/\/villarrealcf.es\/wp-content\/uploads\/2022\/12\/e7.jpg","title":"","thumbnail":"https:\/\/villarrealcf.es\/wp-content\/uploads\/2022\/12\/e7-300x200.jpg","width":300,"height":200},{"url":"https:\/\/villarrealcf.es\/wp-content\/uploads\/2022\/12\/e8.jpg","title":"","thumbnail":"https:\/\/villarrealcf.es\/wp-content\/uploads\/2022\/12\/e8-300x200.jpg","width":300,"height":200},{"url":"https:\/\/villarrealcf.es\/wp-content\/uploads\/2022\/12\/e9.jpg","title":"","thumbnail":"https:\/\/villarrealcf.es\/wp-content\/uploads\/2022\/12\/e9-300x200.jpg","width":300,"height":200},{"url":"https:\/\/villarrealcf.es\/wp-content\/uploads\/2022\/12\/e10.jpg","title":"","thumbnail":"https:\/\/villarrealcf.es\/wp-content\/uploads\/2022\/12\/e10-300x200.jpg","width":300,"height":200},{"url":"https:\/\/villarrealcf.es\/wp-content\/uploads\/2022\/12\/e11.jpg","title":"","thumbnail":"https:\/\/villarrealcf.es\/wp-content\/uploads\/2022\/12\/e11-300x200.jpg","width":300,"height":200},{"url":"https:\/\/villarrealcf.es\/wp-content\/uploads\/2022\/12\/e12.jpg","title":"","thumbnail":"https:\/\/villarrealcf.es\/wp-content\/uploads\/2022\/12\/e12-200x300.jpg","width":200,"height":300},{"url":"https:\/\/villarrealcf.es\/wp-content\/uploads\/2022\/12\/3-3.jpg","title":"","thumbnail":"https:\/\/villarrealcf.es\/wp-content\/uploads\/2022\/12\/3-3-300x200.jpg","width":300,"height":200},{"url":"https:\/\/villarrealcf.es\/wp-content\/uploads\/2022\/12\/4.jpg","title":"","thumbnail":"https:\/\/villarrealcf.es\/wp-content\/uploads\/2022\/12\/4-300x200.jpg","width":300,"height":200}]}],"structured":{"summary":{"text":"El Submar\u00ed continua preparant els amistosos d\u2019aquesta setmana davant Aston Villa i Napoli El Villarreal CF ha completat aquest mat\u00ed una nova sessi\u00f3 d\u2019entrenament sota les ordres de Quique Seti\u00e9n i amb la tornada de Pau Torres i Yeremy Pino despr\u00e9s del Mundial de Qatar com a principal novetat. El conjunt groguet s\u2019enfronta aquest dijous a l\u2019Aston Villa a partir de les 21.00 hores i a la SSC Napoli el dissabte a les 20.30 hores.","headings":[],"buttons":[],"images":[],"counts":{"blocks":3,"headings":0,"texts":2,"buttons":0,"images":0},"containers":2},"sections":[{"id":"32be77cc","type":"container","classes":["elementor-section","elementor-top-section","elementor-element","elementor-element-32be77cc","elementor-section-boxed","elementor-section-height-default"],"title":"","text":"El Submar\u00ed continua preparant els amistosos d\u2019aquesta setmana davant Aston Villa i Napoli El Villarreal CF ha completat aquest mat\u00ed una nova sessi\u00f3 d\u2019entrenament sota les ordres de Quique Seti\u00e9n i amb la tornada de Pau Torres i Yeremy Pino despr\u00e9s del Mundial de Qatar com a principal novetat. El conjunt groguet s\u2019enfronta aquest dijous a l\u2019Aston Villa a partir de les 21.00 hores i a la SSC Napoli el dissabte a les 20.30 hores.","headings":[],"texts":[{"type":"text","widget":"text-editor","text":"El Submar\u00ed continua preparant els amistosos d\u2019aquesta setmana davant Aston Villa i Napoli","paragraphs":[]},{"type":"text","widget":"text-editor","text":"El Villarreal CF ha completat aquest mat\u00ed una nova sessi\u00f3 d\u2019entrenament sota les ordres de Quique Seti\u00e9n i amb la tornada de Pau Torres i Yeremy Pino despr\u00e9s del Mundial de Qatar com a principal novetat. El conjunt groguet s\u2019enfronta aquest dijous a l\u2019Aston Villa a partir de les 21.00 hores i a la SSC Napoli el dissabte a les 20.30 hores.","paragraphs":["El Villarreal CF ha completat aquest mat\u00ed una nova sessi\u00f3 d\u2019entrenament sota les ordres de Quique Seti\u00e9n i amb la tornada de Pau Torres i Yeremy Pino despr\u00e9s del Mundial de Qatar com a principal novetat.","El conjunt groguet s\u2019enfronta aquest dijous a l\u2019Aston Villa a partir de les 21.00 hores i a la SSC Napoli el dissabte a les 20.30 hores."]}],"buttons":[],"images":[],"widgets":["text-editor"],"blocks":[{"type":"text","widget":"text-editor","text":"El Submar\u00ed continua preparant els amistosos d\u2019aquesta setmana davant Aston Villa i Napoli","paragraphs":[]},{"type":"text","widget":"text-editor","text":"El Villarreal CF ha completat aquest mat\u00ed una nova sessi\u00f3 d\u2019entrenament sota les ordres de Quique Seti\u00e9n i amb la tornada de Pau Torres i Yeremy Pino despr\u00e9s del Mundial de Qatar com a principal novetat. El conjunt groguet s\u2019enfronta aquest dijous a l\u2019Aston Villa a partir de les 21.00 hores i a la SSC Napoli el dissabte a les 20.30 hores.","paragraphs":["El Villarreal CF ha completat aquest mat\u00ed una nova sessi\u00f3 d\u2019entrenament sota les ordres de Quique Seti\u00e9n i amb la tornada de Pau Torres i Yeremy Pino despr\u00e9s del Mundial de Qatar com a principal novetat.","El conjunt groguet s\u2019enfronta aquest dijous a l\u2019Aston Villa a partir de les 21.00 hores i a la SSC Napoli el dissabte a les 20.30 hores."]}],"children":[]},{"id":"9ceb232","type":"container","classes":["has-el-gap","el-gap-default","elementor-section","elementor-top-section","elementor-element","elementor-element-9ceb232","elementor-section-boxed","elementor-section-height-default"],"title":"","text":"","headings":[],"texts":[],"buttons":[],"images":[],"widgets":["gallery"],"blocks":[{"type":"gallery","widget":"gallery","items":[{"url":"https:\/\/villarrealcf.es\/wp-content\/uploads\/2022\/12\/e-1-1.jpg","title":"","thumbnail":"https:\/\/villarrealcf.es\/wp-content\/uploads\/2022\/12\/e-1-1-300x200.jpg","width":300,"height":200},{"url":"https:\/\/villarrealcf.es\/wp-content\/uploads\/2022\/12\/e2.jpg","title":"","thumbnail":"https:\/\/villarrealcf.es\/wp-content\/uploads\/2022\/12\/e2-300x200.jpg","width":300,"height":200},{"url":"https:\/\/villarrealcf.es\/wp-content\/uploads\/2022\/12\/e3.jpg","title":"","thumbnail":"https:\/\/villarrealcf.es\/wp-content\/uploads\/2022\/12\/e3-300x200.jpg","width":300,"height":200},{"url":"https:\/\/villarrealcf.es\/wp-content\/uploads\/2022\/12\/e4.jpg","title":"","thumbnail":"https:\/\/villarrealcf.es\/wp-content\/uploads\/2022\/12\/e4-300x200.jpg","width":300,"height":200},{"url":"https:\/\/villarrealcf.es\/wp-content\/uploads\/2022\/12\/e5.jpg","title":"","thumbnail":"https:\/\/villarrealcf.es\/wp-content\/uploads\/2022\/12\/e5-300x200.jpg","width":300,"height":200},{"url":"https:\/\/villarrealcf.es\/wp-content\/uploads\/2022\/12\/e6.jpg","title":"","thumbnail":"https:\/\/villarrealcf.es\/wp-content\/uploads\/2022\/12\/e6-300x200.jpg","width":300,"height":200},{"url":"https:\/\/villarrealcf.es\/wp-content\/uploads\/2022\/12\/e7.jpg","title":"","thumbnail":"https:\/\/villarrealcf.es\/wp-content\/uploads\/2022\/12\/e7-300x200.jpg","width":300,"height":200},{"url":"https:\/\/villarrealcf.es\/wp-content\/uploads\/2022\/12\/e8.jpg","title":"","thumbnail":"https:\/\/villarrealcf.es\/wp-content\/uploads\/2022\/12\/e8-300x200.jpg","width":300,"height":200},{"url":"https:\/\/villarrealcf.es\/wp-content\/uploads\/2022\/12\/e9.jpg","title":"","thumbnail":"https:\/\/villarrealcf.es\/wp-content\/uploads\/2022\/12\/e9-300x200.jpg","width":300,"height":200},{"url":"https:\/\/villarrealcf.es\/wp-content\/uploads\/2022\/12\/e10.jpg","title":"","thumbnail":"https:\/\/villarrealcf.es\/wp-content\/uploads\/2022\/12\/e10-300x200.jpg","width":300,"height":200},{"url":"https:\/\/villarrealcf.es\/wp-content\/uploads\/2022\/12\/e11.jpg","title":"","thumbnail":"https:\/\/villarrealcf.es\/wp-content\/uploads\/2022\/12\/e11-300x200.jpg","width":300,"height":200},{"url":"https:\/\/villarrealcf.es\/wp-content\/uploads\/2022\/12\/e12.jpg","title":"","thumbnail":"https:\/\/villarrealcf.es\/wp-content\/uploads\/2022\/12\/e12-200x300.jpg","width":200,"height":300},{"url":"https:\/\/villarrealcf.es\/wp-content\/uploads\/2022\/12\/3-3.jpg","title":"","thumbnail":"https:\/\/villarrealcf.es\/wp-content\/uploads\/2022\/12\/3-3-300x200.jpg","width":300,"height":200},{"url":"https:\/\/villarrealcf.es\/wp-content\/uploads\/2022\/12\/4.jpg","title":"","thumbnail":"https:\/\/villarrealcf.es\/wp-content\/uploads\/2022\/12\/4-300x200.jpg","width":300,"height":200}]}],"children":[]}],"hero":{"id":"32be77cc","type":"container","classes":["elementor-section","elementor-top-section","elementor-element","elementor-element-32be77cc","elementor-section-boxed","elementor-section-height-default"],"title":"","text":"El Submar\u00ed continua preparant els amistosos d\u2019aquesta setmana davant Aston Villa i Napoli El Villarreal CF ha completat aquest mat\u00ed una nova sessi\u00f3 d\u2019entrenament sota les ordres de Quique Seti\u00e9n i amb la tornada de Pau Torres i Yeremy Pino despr\u00e9s del Mundial de Qatar com a principal novetat. El conjunt groguet s\u2019enfronta aquest dijous a l\u2019Aston Villa a partir de les 21.00 hores i a la SSC Napoli el dissabte a les 20.30 hores.","headings":[],"texts":[{"type":"text","widget":"text-editor","text":"El Submar\u00ed continua preparant els amistosos d\u2019aquesta setmana davant Aston Villa i Napoli","paragraphs":[]},{"type":"text","widget":"text-editor","text":"El Villarreal CF ha completat aquest mat\u00ed una nova sessi\u00f3 d\u2019entrenament sota les ordres de Quique Seti\u00e9n i amb la tornada de Pau Torres i Yeremy Pino despr\u00e9s del Mundial de Qatar com a principal novetat. El conjunt groguet s\u2019enfronta aquest dijous a l\u2019Aston Villa a partir de les 21.00 hores i a la SSC Napoli el dissabte a les 20.30 hores.","paragraphs":["El Villarreal CF ha completat aquest mat\u00ed una nova sessi\u00f3 d\u2019entrenament sota les ordres de Quique Seti\u00e9n i amb la tornada de Pau Torres i Yeremy Pino despr\u00e9s del Mundial de Qatar com a principal novetat.","El conjunt groguet s\u2019enfronta aquest dijous a l\u2019Aston Villa a partir de les 21.00 hores i a la SSC Napoli el dissabte a les 20.30 hores."]}],"buttons":[],"images":[],"widgets":["text-editor"],"blocks":[{"type":"text","widget":"text-editor","text":"El Submar\u00ed continua preparant els amistosos d\u2019aquesta setmana davant Aston Villa i Napoli","paragraphs":[]},{"type":"text","widget":"text-editor","text":"El Villarreal CF ha completat aquest mat\u00ed una nova sessi\u00f3 d\u2019entrenament sota les ordres de Quique Seti\u00e9n i amb la tornada de Pau Torres i Yeremy Pino despr\u00e9s del Mundial de Qatar com a principal novetat. El conjunt groguet s\u2019enfronta aquest dijous a l\u2019Aston Villa a partir de les 21.00 hores i a la SSC Napoli el dissabte a les 20.30 hores.","paragraphs":["El Villarreal CF ha completat aquest mat\u00ed una nova sessi\u00f3 d\u2019entrenament sota les ordres de Quique Seti\u00e9n i amb la tornada de Pau Torres i Yeremy Pino despr\u00e9s del Mundial de Qatar com a principal novetat.","El conjunt groguet s\u2019enfronta aquest dijous a l\u2019Aston Villa a partir de les 21.00 hores i a la SSC Napoli el dissabte a les 20.30 hores."]}],"children":[]}},"sections":[{"id":"32be77cc","title":"El Submar\u00ed continua preparant els amistosos d\u2019aquesta setmana davant Aston Villa i Napoli","text":"El Submar\u00ed continua preparant els amistosos d\u2019aquesta setmana davant Aston Villa i Napoli El Villarreal CF ha completat aquest mat\u00ed una nova sessi\u00f3 d\u2019entrenament sota les ordres de Quique Seti\u00e9n i amb la tornada de Pau Torres i Yeremy Pino despr\u00e9s del Mundial de Qatar com a principal novetat. El conjunt groguet s\u2019enfronta aquest dijous a l\u2019Aston Villa a partir de les 21.00 hores i a la SSC Napoli el dissabte a les 20.30 hores.","url":"","background_image":"","images":[],"videos":[],"links":[]},{"id":"9ceb232","title":"","text":"","url":"https:\/\/villarrealcf.es\/wp-content\/uploads\/2022\/12\/e-1-1.jpg","background_image":"","images":[],"videos":[],"links":[{"url":"https:\/\/villarrealcf.es\/wp-content\/uploads\/2022\/12\/e-1-1.jpg","text":"","target":""},{"url":"https:\/\/villarrealcf.es\/wp-content\/uploads\/2022\/12\/e2.jpg","text":"","target":""},{"url":"https:\/\/villarrealcf.es\/wp-content\/uploads\/2022\/12\/e3.jpg","text":"","target":""},{"url":"https:\/\/villarrealcf.es\/wp-content\/uploads\/2022\/12\/e4.jpg","text":"","target":""},{"url":"https:\/\/villarrealcf.es\/wp-content\/uploads\/2022\/12\/e5.jpg","text":"","target":""},{"url":"https:\/\/villarrealcf.es\/wp-content\/uploads\/2022\/12\/e6.jpg","text":"","target":""},{"url":"https:\/\/villarrealcf.es\/wp-content\/uploads\/2022\/12\/e7.jpg","text":"","target":""},{"url":"https:\/\/villarrealcf.es\/wp-content\/uploads\/2022\/12\/e8.jpg","text":"","target":""},{"url":"https:\/\/villarrealcf.es\/wp-content\/uploads\/2022\/12\/e9.jpg","text":"","target":""},{"url":"https:\/\/villarrealcf.es\/wp-content\/uploads\/2022\/12\/e10.jpg","text":"","target":""},{"url":"https:\/\/villarrealcf.es\/wp-content\/uploads\/2022\/12\/e11.jpg","text":"","target":""},{"url":"https:\/\/villarrealcf.es\/wp-content\/uploads\/2022\/12\/e12.jpg","text":"","target":""},{"url":"https:\/\/villarrealcf.es\/wp-content\/uploads\/2022\/12\/3-3.jpg","text":"","target":""},{"url":"https:\/\/villarrealcf.es\/wp-content\/uploads\/2022\/12\/4.jpg","text":"","target":""}]}]},"excerpt":{"rendered":"El Submar\u00ed continua preparant els amistosos d&#8217;aquesta setmana davant Aston Villa i Napoli El Villarreal CF ha completat aquest mat\u00ed una nova sessi\u00f3 d&#8217;entrenament sota les ordres de Quique Seti\u00e9n i amb la tornada de Pau Torres i Yeremy Pino despr\u00e9s del Mundial de Qatar com a principal novetat.&nbsp; El conjunt groguet s&#8217;enfronta aquest dijous","protected":false},"author":33,"featured_media":236871,"comment_status":"closed","ping_status":"closed","sticky":false,"template":"","format":"standard","meta":{"_acf_changed":false,"footnotes":""},"categories":[13493],"tags":[717,9270,13474,13411,716,9205,9627,9203],"acf":null,"lang":"val","translations":{"es":236822,"val":236877,"en":236888},"essential_grid":{"has_grid":false},"formatted_date":"December 13, 2022","modified_date":"December 16, 2022","permalink":"https:\/\/villarrealcf.es\/val\/236822\/","reading_time":1,"featured_media_data":{"id":236871,"title":"","caption":"","alt_text":"","description":"","mime_type":"image\/jpeg","source_url":"https:\/\/villarrealcf.es\/wp-content\/uploads\/2022\/12\/pau-torres.jpg","sizes":{"thumbnail":{"url":"https:\/\/villarrealcf.es\/wp-content\/uploads\/2022\/12\/pau-torres-150x150.jpg","width":150,"height":150},"medium":{"url":"https:\/\/villarrealcf.es\/wp-content\/uploads\/2022\/12\/pau-torres-300x169.jpg","width":300,"height":169},"medium_large":{"url":"https:\/\/villarrealcf.es\/wp-content\/uploads\/2022\/12\/pau-torres-768x432.jpg","width":768,"height":432},"large":{"url":"https:\/\/villarrealcf.es\/wp-content\/uploads\/2022\/12\/pau-torres.jpg","width":788,"height":443},"1536x1536":{"url":"https:\/\/villarrealcf.es\/wp-content\/uploads\/2022\/12\/pau-torres-1536x864.jpg","width":1536,"height":864},"2048x2048":{"url":"https:\/\/villarrealcf.es\/wp-content\/uploads\/2022\/12\/pau-torres.jpg","width":1920,"height":1080},"tp-image-grid":{"url":"https:\/\/villarrealcf.es\/wp-content\/uploads\/2022\/12\/pau-torres-700x700.jpg","width":700,"height":700},"size-bunyad-medium":{"url":"https:\/\/villarrealcf.es\/wp-content\/uploads\/2022\/12\/pau-torres.jpg","width":1920,"height":1080},"sportspress-crop-medium":{"url":"https:\/\/villarrealcf.es\/wp-content\/uploads\/2022\/12\/pau-torres-300x300.jpg","width":300,"height":300},"sportspress-fit-medium":{"url":"https:\/\/villarrealcf.es\/wp-content\/uploads\/2022\/12\/pau-torres-300x169.jpg","width":300,"height":169},"sportspress-fit-icon":{"url":"https:\/\/villarrealcf.es\/wp-content\/uploads\/2022\/12\/pau-torres-128x72.jpg","width":128,"height":72},"sportspress-fit-mini":{"url":"https:\/\/villarrealcf.es\/wp-content\/uploads\/2022\/12\/pau-torres-32x18.jpg","width":32,"height":18},"bunyad-small":{"url":"https:\/\/villarrealcf.es\/wp-content\/uploads\/2022\/12\/pau-torres-150x84.jpg","width":150,"height":84},"bunyad-medium":{"url":"https:\/\/villarrealcf.es\/wp-content\/uploads\/2022\/12\/pau-torres-450x253.jpg","width":450,"height":253},"bunyad-full":{"url":"https:\/\/villarrealcf.es\/wp-content\/uploads\/2022\/12\/pau-torres-1200x675.jpg","width":1200,"height":675},"bunyad-viewport":{"url":"https:\/\/villarrealcf.es\/wp-content\/uploads\/2022\/12\/pau-torres.jpg","width":1920,"height":1080},"bunyad-768":{"url":"https:\/\/villarrealcf.es\/wp-content\/uploads\/2022\/12\/pau-torres-768x432.jpg","width":768,"height":432},"full":{"url":"https:\/\/villarrealcf.es\/wp-content\/uploads\/2022\/12\/pau-torres.jpg","width":1920,"height":1080}}},"author_data":{"id":"33","name":"Nacho Tejada","first_name":"Nacho","last_name":"Tejada","description":"","avatar_url":"https:\/\/secure.gravatar.com\/avatar\/b1580534b2fcd93e031504756165758941290488df5c88966a26f84344931fd1?s=96&d=mm&r=g","acf":null},"taxonomies_data":{"category":[{"id":13493,"name":"Primer equip","slug":"primer-equip","acf":null}],"post_tag":[{"id":717,"name":"Football","slug":"football-d34","acf":null},{"id":9270,"name":"Futbol","slug":"futbol-val","acf":null},{"id":13474,"name":"Galer\u00eda","slug":"galeria-val","acf":null},{"id":13411,"name":"Galer\u00eda Primer Equipo","slug":"galeria-primer-equipo-val","acf":null},{"id":716,"name":"Soccer","slug":"soccer-d105","acf":null},{"id":9205,"name":"Submarino","slug":"submarino-val","acf":null},{"id":9627,"name":"Submarino Amarillo","slug":"submarino-amarillo-val","acf":null},{"id":9203,"name":"Villarreal CF","slug":"villarreal-cf-val","acf":null}],"translation_priority":[{"id":735,"name":"Optional","slug":"optional-val","acf":null}]},"seo_full":{"native":{"title":"Pau i Yeremy tornen amb el grup - Web Oficial del Villarreal CF","description":"El Submar\u00ed continua preparant els amistosos d'aquesta setmana davant Aston Villa i Napoli El Villarreal CF ha completat aquest mat\u00ed&hellip;","canonical":"https:\/\/villarrealcf.es\/val\/236822\/"}},"_links":{"self":[{"href":"https:\/\/villarrealcf.es\/val\/wp-json\/wp\/v2\/posts\/236877","targetHints":{"allow":["GET"]}}],"collection":[{"href":"https:\/\/villarrealcf.es\/val\/wp-json\/wp\/v2\/posts"}],"about":[{"href":"https:\/\/villarrealcf.es\/val\/wp-json\/wp\/v2\/types\/post"}],"author":[{"embeddable":true,"href":"https:\/\/villarrealcf.es\/val\/wp-json\/wp\/v2\/users\/33"}],"replies":[{"embeddable":true,"href":"https:\/\/villarrealcf.es\/val\/wp-json\/wp\/v2\/comments?post=236877"}],"version-history":[{"count":0,"href":"https:\/\/villarrealcf.es\/val\/wp-json\/wp\/v2\/posts\/236877\/revisions"}],"wp:featuredmedia":[{"embeddable":true,"href":"https:\/\/villarrealcf.es\/val\/wp-json\/wp\/v2\/media\/236871"}],"wp:attachment":[{"href":"https:\/\/villarrealcf.es\/val\/wp-json\/wp\/v2\/media?parent=236877"}],"wp:term":[{"taxonomy":"category","embeddable":true,"href":"https:\/\/villarrealcf.es\/val\/wp-json\/wp\/v2\/categories?post=236877"},{"taxonomy":"post_tag","embeddable":true,"href":"https:\/\/villarrealcf.es\/val\/wp-json\/wp\/v2\/tags?post=236877"}],"curies":[{"name":"wp","href":"https:\/\/api.w.org\/{rel}","templated":true}]}}