{"id":235591,"date":"2022-12-05T10:19:00","date_gmt":"2022-12-05T09:19:00","guid":{"rendered":"https:\/\/villarrealcf.es\/\/horario-confirmado-para-el-villarreal-real-madrid\/"},"modified":"2022-12-05T17:40:33","modified_gmt":"2022-12-05T16:40:33","slug":"horario-confirmado-para-el-villarreal-real-madrid","status":"publish","type":"post","link":"https:\/\/villarrealcf.es\/val\/horario-confirmado-para-el-villarreal-real-madrid\/","title":{"rendered":"Horari confirmat per al Villarreal-Real Madrid"},"content":{"protected":false,"blocks":[{"type":"heading","level":2,"text":"El Submar\u00ed rebr\u00e0 al conjunt blanc el dissabte 7 de gener a les 16.15 hores"},{"type":"paragraph","text":"LaLiga ha donat a con\u00e9ixer els horaris de la jornada 16 de LaLiga Santander 2023\/23. El Villarreal CF s\u2019enfrontar\u00e0 al Real Madrid el dissabte 7 de gener, a les 16.15 hores, en l\u2019Estadi de la Cer\u00e0mica."},{"type":"paragraph","text":"El partit es podr\u00e0 seguir en directe a trav\u00e9s de Movistar+ LaLiga. #VillarrealRealMadrid"}],"structured":{"summary":{"text":"El Submar\u00ed rebr\u00e0 al conjunt blanc el dissabte 7 de gener a les 16.15 hores LaLiga ha donat a con\u00e9ixer els horaris de la jornada 16 de LaLiga Santander 2023\/23. El Villarreal CF s\u2019enfrontar\u00e0 al Real Madrid el dissabte 7 de gener, a les 16.15 hores, en l\u2019Estadi de la Cer\u00e0mica. El partit es podr\u00e0 seguir en directe a trav\u00e9s de Movistar+ LaLiga. #VillarrealRealMadrid","headings":[{"type":"heading","level":2,"text":"El Submar\u00ed rebr\u00e0 al conjunt blanc el dissabte 7 de gener a les 16.15 hores"}],"buttons":[],"images":[],"counts":{"blocks":3,"headings":1,"texts":2,"buttons":0,"images":0}},"sections":[{"id":"section-1","title":"El Submar\u00ed rebr\u00e0 al conjunt blanc el dissabte 7 de gener a les 16.15 hores","text":"El Submar\u00ed rebr\u00e0 al conjunt blanc el dissabte 7 de gener a les 16.15 hores LaLiga ha donat a con\u00e9ixer els horaris de la jornada 16 de LaLiga Santander 2023\/23. El Villarreal CF s\u2019enfrontar\u00e0 al Real Madrid el dissabte 7 de gener, a les 16.15 hores, en l\u2019Estadi de la Cer\u00e0mica. El partit es podr\u00e0 seguir en directe a trav\u00e9s de Movistar+ LaLiga. #VillarrealRealMadrid","headings":[{"type":"heading","level":2,"text":"El Submar\u00ed rebr\u00e0 al conjunt blanc el dissabte 7 de gener a les 16.15 hores"}],"texts":[{"type":"paragraph","text":"LaLiga ha donat a con\u00e9ixer els horaris de la jornada 16 de LaLiga Santander 2023\/23. El Villarreal CF s\u2019enfrontar\u00e0 al Real Madrid el dissabte 7 de gener, a les 16.15 hores, en l\u2019Estadi de la Cer\u00e0mica."},{"type":"paragraph","text":"El partit es podr\u00e0 seguir en directe a trav\u00e9s de Movistar+ LaLiga. #VillarrealRealMadrid"}],"buttons":[],"images":[],"widgets":[],"blocks":[{"type":"heading","level":2,"text":"El Submar\u00ed rebr\u00e0 al conjunt blanc el dissabte 7 de gener a les 16.15 hores"},{"type":"paragraph","text":"LaLiga ha donat a con\u00e9ixer els horaris de la jornada 16 de LaLiga Santander 2023\/23. El Villarreal CF s\u2019enfrontar\u00e0 al Real Madrid el dissabte 7 de gener, a les 16.15 hores, en l\u2019Estadi de la Cer\u00e0mica."},{"type":"paragraph","text":"El partit es podr\u00e0 seguir en directe a trav\u00e9s de Movistar+ LaLiga. #VillarrealRealMadrid"}]}],"hero":{"id":"section-1","title":"El Submar\u00ed rebr\u00e0 al conjunt blanc el dissabte 7 de gener a les 16.15 hores","text":"El Submar\u00ed rebr\u00e0 al conjunt blanc el dissabte 7 de gener a les 16.15 hores LaLiga ha donat a con\u00e9ixer els horaris de la jornada 16 de LaLiga Santander 2023\/23. El Villarreal CF s\u2019enfrontar\u00e0 al Real Madrid el dissabte 7 de gener, a les 16.15 hores, en l\u2019Estadi de la Cer\u00e0mica. El partit es podr\u00e0 seguir en directe a trav\u00e9s de Movistar+ LaLiga. #VillarrealRealMadrid","headings":[{"type":"heading","level":2,"text":"El Submar\u00ed rebr\u00e0 al conjunt blanc el dissabte 7 de gener a les 16.15 hores"}],"texts":[{"type":"paragraph","text":"LaLiga ha donat a con\u00e9ixer els horaris de la jornada 16 de LaLiga Santander 2023\/23. El Villarreal CF s\u2019enfrontar\u00e0 al Real Madrid el dissabte 7 de gener, a les 16.15 hores, en l\u2019Estadi de la Cer\u00e0mica."},{"type":"paragraph","text":"El partit es podr\u00e0 seguir en directe a trav\u00e9s de Movistar+ LaLiga. #VillarrealRealMadrid"}],"buttons":[],"images":[],"widgets":[],"blocks":[{"type":"heading","level":2,"text":"El Submar\u00ed rebr\u00e0 al conjunt blanc el dissabte 7 de gener a les 16.15 hores"},{"type":"paragraph","text":"LaLiga ha donat a con\u00e9ixer els horaris de la jornada 16 de LaLiga Santander 2023\/23. El Villarreal CF s\u2019enfrontar\u00e0 al Real Madrid el dissabte 7 de gener, a les 16.15 hores, en l\u2019Estadi de la Cer\u00e0mica."},{"type":"paragraph","text":"El partit es podr\u00e0 seguir en directe a trav\u00e9s de Movistar+ LaLiga. #VillarrealRealMadrid"}]}},"sections":[{"id":"section-1","title":"El Submar\u00ed rebr\u00e0 al conjunt blanc el dissabte 7 de gener a les 16.15 hores","text":"El Submar\u00ed rebr\u00e0 al conjunt blanc el dissabte 7 de gener a les 16.15 hores LaLiga ha donat a con\u00e9ixer els horaris de la jornada 16 de LaLiga Santander 2023\/23. El Villarreal CF s\u2019enfrontar\u00e0 al Real Madrid el dissabte 7 de gener, a les 16.15 hores, en l\u2019Estadi de la Cer\u00e0mica. El partit es podr\u00e0 seguir en directe a trav\u00e9s de Movistar+ LaLiga. #VillarrealRealMadrid","url":"","background_image":"","images":[],"videos":[],"links":[]}]},"excerpt":{"rendered":"El Submar\u00ed rebr\u00e0 al conjunt blanc el dissabte 7 de gener a les 16.15 hores","protected":false},"author":33,"featured_media":235587,"comment_status":"closed","ping_status":"closed","sticky":false,"template":"","format":"standard","meta":{"_acf_changed":false,"footnotes":""},"categories":[13493],"tags":[717,9270,11042,11136,716,9205,9627,9203],"acf":null,"lang":"val","translations":{"es":235583,"val":235591,"en":235601},"essential_grid":{"has_grid":false},"formatted_date":"December 5, 2022","modified_date":"December 5, 2022","permalink":"https:\/\/villarrealcf.es\/val\/horario-confirmado-para-el-villarreal-real-madrid\/","reading_time":1,"featured_media_data":{"id":235587,"title":"DANJUMA\r\rVILLARREAL-REAL MADRID","caption":"DANJUMA\r\rVILLARREAL-REAL MADRID","alt_text":"","description":"","mime_type":"image\/jpeg","source_url":"https:\/\/villarrealcf.es\/wp-content\/uploads\/2022\/12\/VillarrealCF-RealMadrid-213.jpg","sizes":{"thumbnail":{"url":"https:\/\/villarrealcf.es\/wp-content\/uploads\/2022\/12\/VillarrealCF-RealMadrid-213-150x150.jpg","width":150,"height":150},"medium":{"url":"https:\/\/villarrealcf.es\/wp-content\/uploads\/2022\/12\/VillarrealCF-RealMadrid-213-300x169.jpg","width":300,"height":169},"medium_large":{"url":"https:\/\/villarrealcf.es\/wp-content\/uploads\/2022\/12\/VillarrealCF-RealMadrid-213-768x432.jpg","width":768,"height":432},"large":{"url":"https:\/\/villarrealcf.es\/wp-content\/uploads\/2022\/12\/VillarrealCF-RealMadrid-213.jpg","width":788,"height":443},"1536x1536":{"url":"https:\/\/villarrealcf.es\/wp-content\/uploads\/2022\/12\/VillarrealCF-RealMadrid-213-1536x864.jpg","width":1536,"height":864},"2048x2048":{"url":"https:\/\/villarrealcf.es\/wp-content\/uploads\/2022\/12\/VillarrealCF-RealMadrid-213.jpg","width":1920,"height":1080},"tp-image-grid":{"url":"https:\/\/villarrealcf.es\/wp-content\/uploads\/2022\/12\/VillarrealCF-RealMadrid-213-700x700.jpg","width":700,"height":700},"size-bunyad-medium":{"url":"https:\/\/villarrealcf.es\/wp-content\/uploads\/2022\/12\/VillarrealCF-RealMadrid-213.jpg","width":1920,"height":1080},"sportspress-crop-medium":{"url":"https:\/\/villarrealcf.es\/wp-content\/uploads\/2022\/12\/VillarrealCF-RealMadrid-213-300x300.jpg","width":300,"height":300},"sportspress-fit-medium":{"url":"https:\/\/villarrealcf.es\/wp-content\/uploads\/2022\/12\/VillarrealCF-RealMadrid-213-300x169.jpg","width":300,"height":169},"sportspress-fit-icon":{"url":"https:\/\/villarrealcf.es\/wp-content\/uploads\/2022\/12\/VillarrealCF-RealMadrid-213-128x72.jpg","width":128,"height":72},"sportspress-fit-mini":{"url":"https:\/\/villarrealcf.es\/wp-content\/uploads\/2022\/12\/VillarrealCF-RealMadrid-213-32x18.jpg","width":32,"height":18},"bunyad-small":{"url":"https:\/\/villarrealcf.es\/wp-content\/uploads\/2022\/12\/VillarrealCF-RealMadrid-213-150x84.jpg","width":150,"height":84},"bunyad-medium":{"url":"https:\/\/villarrealcf.es\/wp-content\/uploads\/2022\/12\/VillarrealCF-RealMadrid-213-450x253.jpg","width":450,"height":253},"bunyad-full":{"url":"https:\/\/villarrealcf.es\/wp-content\/uploads\/2022\/12\/VillarrealCF-RealMadrid-213-1200x675.jpg","width":1200,"height":675},"bunyad-viewport":{"url":"https:\/\/villarrealcf.es\/wp-content\/uploads\/2022\/12\/VillarrealCF-RealMadrid-213.jpg","width":1920,"height":1080},"bunyad-768":{"url":"https:\/\/villarrealcf.es\/wp-content\/uploads\/2022\/12\/VillarrealCF-RealMadrid-213-768x432.jpg","width":768,"height":432},"full":{"url":"https:\/\/villarrealcf.es\/wp-content\/uploads\/2022\/12\/VillarrealCF-RealMadrid-213.jpg","width":1920,"height":1080}}},"author_data":{"id":"33","name":"Nacho Tejada","first_name":"Nacho","last_name":"Tejada","description":"","avatar_url":"https:\/\/secure.gravatar.com\/avatar\/b1580534b2fcd93e031504756165758941290488df5c88966a26f84344931fd1?s=96&d=mm&r=g","acf":null},"taxonomies_data":{"category":[{"id":13493,"name":"Primer equip","slug":"primer-equip","acf":null}],"post_tag":[{"id":717,"name":"Football","slug":"football-d34","acf":null},{"id":9270,"name":"Futbol","slug":"futbol-val","acf":null},{"id":11042,"name":"LaLiga","slug":"laliga-val","acf":null},{"id":11136,"name":"LaLiga Santander","slug":"laliga-santander-val","acf":null},{"id":716,"name":"Soccer","slug":"soccer-d105","acf":null},{"id":9205,"name":"Submarino","slug":"submarino-val","acf":null},{"id":9627,"name":"Submarino Amarillo","slug":"submarino-amarillo-val","acf":null},{"id":9203,"name":"Villarreal CF","slug":"villarreal-cf-val","acf":null}],"translation_priority":[{"id":735,"name":"Optional","slug":"optional-val","acf":null}]},"seo_full":{"native":{"title":"Horari confirmat per al Villarreal-Real Madrid - Web Oficial del Villarreal CF","description":"El Submar\u00ed rebr\u00e0 al conjunt blanc el dissabte 7 de gener a les 16.15 hores","canonical":"https:\/\/villarrealcf.es\/val\/horario-confirmado-para-el-villarreal-real-madrid\/"}},"_links":{"self":[{"href":"https:\/\/villarrealcf.es\/val\/wp-json\/wp\/v2\/posts\/235591","targetHints":{"allow":["GET"]}}],"collection":[{"href":"https:\/\/villarrealcf.es\/val\/wp-json\/wp\/v2\/posts"}],"about":[{"href":"https:\/\/villarrealcf.es\/val\/wp-json\/wp\/v2\/types\/post"}],"author":[{"embeddable":true,"href":"https:\/\/villarrealcf.es\/val\/wp-json\/wp\/v2\/users\/33"}],"replies":[{"embeddable":true,"href":"https:\/\/villarrealcf.es\/val\/wp-json\/wp\/v2\/comments?post=235591"}],"version-history":[{"count":0,"href":"https:\/\/villarrealcf.es\/val\/wp-json\/wp\/v2\/posts\/235591\/revisions"}],"wp:featuredmedia":[{"embeddable":true,"href":"https:\/\/villarrealcf.es\/val\/wp-json\/wp\/v2\/media\/235587"}],"wp:attachment":[{"href":"https:\/\/villarrealcf.es\/val\/wp-json\/wp\/v2\/media?parent=235591"}],"wp:term":[{"taxonomy":"category","embeddable":true,"href":"https:\/\/villarrealcf.es\/val\/wp-json\/wp\/v2\/categories?post=235591"},{"taxonomy":"post_tag","embeddable":true,"href":"https:\/\/villarrealcf.es\/val\/wp-json\/wp\/v2\/tags?post=235591"}],"curies":[{"name":"wp","href":"https:\/\/api.w.org\/{rel}","templated":true}]}}