{"id":235273,"date":"2022-12-02T13:47:20","date_gmt":"2022-12-02T12:47:20","guid":{"rendered":"https:\/\/villarrealcf.es\/\/la-eficacia-contra-el-leganes-sera-vital\/"},"modified":"2022-12-02T15:06:24","modified_gmt":"2022-12-02T14:06:24","slug":"la-eficacia-contra-el-leganes-sera-vital","status":"publish","type":"post","link":"https:\/\/villarrealcf.es\/val\/la-eficacia-contra-el-leganes-sera-vital\/","title":{"rendered":"&#8220;L&#8217;efic\u00e0cia contra el Legan\u00e9s ser\u00e0 vital&#8221;"},"content":{"protected":false,"blocks":[{"type":"heading","level":2,"text":"Miguel \u00c1lvarez destaca el gran nivell del Legan\u00e9s, al qual s\u2019enfrontar\u00e0 aquest dissabte a les 21.00h en el Mini"},{"type":"paragraph","text":"L\u2019entrenador del Villarreal B, Miguel \u00c1lvarez, va compar\u00e9ixer en la roda de premsa pr\u00e8via al partit contra el CD Legan\u00e9s, corresponent a la jornada 18 de LaLiga SmartBank, que tindr\u00e0 lloc aquest dissabte a les 21.00 hores en el Mini Estadi. El t\u00e8cnic groguet va subratllar el gran estat de forma del conjunt pepinero en els \u00faltims xocs, per la qual cosa espera un partit complicat."},{"type":"paragraph","text":"Aquestes s\u00f3n les declaracions de Miguel \u00c1lvarez:"},{"type":"paragraph","text":"Com arriba l\u2019equip"},{"type":"paragraph","text":"\u201cArribem molt b\u00e9, hi ha xics que tenien xicotetes mol\u00e8sties de l\u2019anterior partit, per\u00f2 arriben tots b\u00e9 al Legan\u00e9s\u201d."},{"type":"paragraph","text":"El partit"},{"type":"paragraph","text":"\u201cEn les \u00faltimes setmanes, el Legan\u00e9s \u00e9s el millor equip de la competici\u00f3. Ha fet 14 punts amb quatre vict\u00f2ries i dos empats. \u00c9s un equip que estar\u00e0 a dalt. Esperem un partit molt dif\u00edcil, per\u00f2 a casa som un equip fiable i intentarem continuar sent-ho\u201d."},{"type":"paragraph","text":"El Legan\u00e9s"},{"type":"paragraph","text":"\u201cDestacaria el bloc principalment. \u00c9s un equip que, amb poques ocasions, \u00e9s capa\u00e7 de guanyar partits. \u00c9s un rival que \u00e9s capa\u00e7 de defensar en bloc baix, se senten c\u00f2modes. Tamb\u00e9 \u00e9s capa\u00e7 d\u2019anar a dalt, de jugar un futbol associatiu. Defensivament, els n\u00fameros parlen per si sols, per\u00f2 els seus tres homes de dalt tamb\u00e9 estan en un gran estat de forma\u201d."},{"type":"paragraph","text":"L\u2019efic\u00e0cia ser\u00e0 clau"},{"type":"paragraph","text":"\u201cEn el futbol l\u2019efic\u00e0cia \u00e9s vital i contra un equip com el Legan\u00e9s m\u00e9s. \u00c9s un rival que \u00e9s capa\u00e7 de defensar en bloc baix i no tenen problemes. Encara que juguen amb quatre defenses, ho converteixen en cinc sense pilota. \u00c9s dif\u00edcil, per\u00f2 a casa volem seguir en aquesta bona l\u00ednia\u201d."},{"type":"paragraph","text":"Pau Torres titular en el Mundial"},{"type":"paragraph","text":"\u201cPer a la Cantera Grogueta \u00e9s incre\u00efble. Ha tingut molts entrenadors, ac\u00ed hi ha molta gent que treballa en l\u2019ombra i s\u00f3n els m\u00e9s importants. Per aix\u00f2, els que estem a dalt hem de recon\u00e9ixer i valorar aqueix esfor\u00e7, per\u00f2 no sols amb Pau, tamb\u00e9 amb Yeremy o Baena o que ara vaja Collado amb el primer equip\u201d."},{"type":"paragraph","text":"Per a veure la roda de premsa completa, punxa en el v\u00eddeo."},{"type":"video","kind":"iframe","url":"https:\/\/www.youtube.com\/embed\/JcjHYGPRI9A?feature=oembed","poster":""}],"structured":{"summary":{"text":"Miguel \u00c1lvarez destaca el gran nivell del Legan\u00e9s, al qual s\u2019enfrontar\u00e0 aquest dissabte a les 21.00h en el Mini L\u2019entrenador del Villarreal B, Miguel \u00c1lvarez, va compar\u00e9ixer en la roda de premsa pr\u00e8via al partit contra el CD Legan\u00e9s, corresponent a la jornada 18 de LaLiga SmartBank, que tindr\u00e0 lloc aquest dissabte a les 21.00 hores en el Mini Estadi. El t\u00e8cnic groguet va subratllar el gran estat de forma del conjunt pepinero en els \u00faltims xocs, per la qual cosa espera un partit complicat. Aquestes s\u00f3n les declaracions de Miguel \u00c1lvarez: Com arriba l\u2019equip \u201cArribem molt b\u00e9, hi ha xics que tenien xicotetes mol\u00e8sties de l\u2019anterior partit, per\u00f2 arriben tots b\u00e9 al Legan\u00e9s\u201d. El partit \u201cEn les \u00faltimes setmanes, el Legan\u00e9s \u00e9s el millor equip de la competici\u00f3. Ha fet 14 punts amb quatre vict\u00f2ries i dos empats. \u00c9s un equip que estar\u00e0 a dalt. Esperem un partit molt dif\u00edcil, per\u00f2 a casa som un equip fiable i intentarem continuar sent-ho\u201d. El Legan\u00e9s \u201cDestacaria el bloc principalment. \u00c9s un equip que, amb poques ocasions, \u00e9s capa\u00e7 de guanyar partits. \u00c9s un rival que \u00e9s capa\u00e7 de defensar en bloc baix, se senten c\u00f2modes. Tamb\u00e9 \u00e9s capa\u00e7 d\u2019anar a dalt, de jugar un futbol associatiu. Defensivament, els n\u00fameros parlen per si sols, per\u00f2 els seus tres homes de dalt tamb\u00e9 estan en un gran estat de forma\u201d. L\u2019efic\u00e0cia ser\u00e0 clau \u201cEn el futbol l\u2019efic\u00e0cia \u00e9s vital i contra un equip com el Legan\u00e9s m\u00e9s. \u00c9s un rival que \u00e9s capa\u00e7 de defensar en bloc baix i no tenen problemes. Encara que juguen amb quatre defenses, ho converteixen en cinc sense pilota. \u00c9s dif\u00edcil, per\u00f2 a casa volem seguir en aquesta bona l\u00ednia\u201d. Pau Torres titular en el Mundial \u201cPer a la Cantera Grogueta \u00e9s incre\u00efble. Ha tingut molts entrenadors, ac\u00ed hi ha molta gent que treballa en l\u2019ombra i s\u00f3n els m\u00e9s importants. Per aix\u00f2, els que estem a dalt hem de recon\u00e9ixer i valorar aqueix esfor\u00e7, per\u00f2 no sols amb Pau, tamb\u00e9 amb Yeremy o Baena o que ara vaja Collado amb el primer equip\u201d. Per a veure la roda de premsa completa, punxa en el v\u00eddeo.","headings":[{"type":"heading","level":2,"text":"Miguel \u00c1lvarez destaca el gran nivell del Legan\u00e9s, al qual s\u2019enfrontar\u00e0 aquest dissabte a les 21.00h en el Mini"}],"buttons":[],"images":[],"counts":{"blocks":15,"headings":1,"texts":13,"buttons":0,"images":0}},"sections":[{"id":"section-1","title":"Miguel \u00c1lvarez destaca el gran nivell del Legan\u00e9s, al qual s\u2019enfrontar\u00e0 aquest dissabte a les 21.00h en el Mini","text":"Miguel \u00c1lvarez destaca el gran nivell del Legan\u00e9s, al qual s\u2019enfrontar\u00e0 aquest dissabte a les 21.00h en el Mini L\u2019entrenador del Villarreal B, Miguel \u00c1lvarez, va compar\u00e9ixer en la roda de premsa pr\u00e8via al partit contra el CD Legan\u00e9s, corresponent a la jornada 18 de LaLiga SmartBank, que tindr\u00e0 lloc aquest dissabte a les 21.00 hores en el Mini Estadi. El t\u00e8cnic groguet va subratllar el gran estat de forma del conjunt pepinero en els \u00faltims xocs, per la qual cosa espera un partit complicat. Aquestes s\u00f3n les declaracions de Miguel \u00c1lvarez: Com arriba l\u2019equip \u201cArribem molt b\u00e9, hi ha xics que tenien xicotetes mol\u00e8sties de l\u2019anterior partit, per\u00f2 arriben tots b\u00e9 al Legan\u00e9s\u201d. El partit \u201cEn les \u00faltimes setmanes, el Legan\u00e9s \u00e9s el millor equip de la competici\u00f3. Ha fet 14 punts amb quatre vict\u00f2ries i dos empats. \u00c9s un equip que estar\u00e0 a dalt. Esperem un partit molt dif\u00edcil, per\u00f2 a casa som un equip fiable i intentarem continuar sent-ho\u201d. El Legan\u00e9s \u201cDestacaria el bloc principalment. \u00c9s un equip que, amb poques ocasions, \u00e9s capa\u00e7 de guanyar partits. \u00c9s un rival que \u00e9s capa\u00e7 de defensar en bloc baix, se senten c\u00f2modes. Tamb\u00e9 \u00e9s capa\u00e7 d\u2019anar a dalt, de jugar un futbol associatiu. Defensivament, els n\u00fameros parlen per si sols, per\u00f2 els seus tres homes de dalt tamb\u00e9 estan en un gran estat de forma\u201d. L\u2019efic\u00e0cia ser\u00e0 clau \u201cEn el futbol l\u2019efic\u00e0cia \u00e9s vital i contra un equip com el Legan\u00e9s m\u00e9s. \u00c9s un rival que \u00e9s capa\u00e7 de defensar en bloc baix i no tenen problemes. Encara que juguen amb quatre defenses, ho converteixen en cinc sense pilota. \u00c9s dif\u00edcil, per\u00f2 a casa volem seguir en aquesta bona l\u00ednia\u201d. Pau Torres titular en el Mundial \u201cPer a la Cantera Grogueta \u00e9s incre\u00efble. Ha tingut molts entrenadors, ac\u00ed hi ha molta gent que treballa en l\u2019ombra i s\u00f3n els m\u00e9s importants. Per aix\u00f2, els que estem a dalt hem de recon\u00e9ixer i valorar aqueix esfor\u00e7, per\u00f2 no sols amb Pau, tamb\u00e9 amb Yeremy o Baena o que ara vaja Collado amb el primer equip\u201d. Per a veure la roda de premsa completa, punxa en el v\u00eddeo.","headings":[{"type":"heading","level":2,"text":"Miguel \u00c1lvarez destaca el gran nivell del Legan\u00e9s, al qual s\u2019enfrontar\u00e0 aquest dissabte a les 21.00h en el Mini"}],"texts":[{"type":"paragraph","text":"L\u2019entrenador del Villarreal B, Miguel \u00c1lvarez, va compar\u00e9ixer en la roda de premsa pr\u00e8via al partit contra el CD Legan\u00e9s, corresponent a la jornada 18 de LaLiga SmartBank, que tindr\u00e0 lloc aquest dissabte a les 21.00 hores en el Mini Estadi. El t\u00e8cnic groguet va subratllar el gran estat de forma del conjunt pepinero en els \u00faltims xocs, per la qual cosa espera un partit complicat."},{"type":"paragraph","text":"Aquestes s\u00f3n les declaracions de Miguel \u00c1lvarez:"},{"type":"paragraph","text":"Com arriba l\u2019equip"},{"type":"paragraph","text":"\u201cArribem molt b\u00e9, hi ha xics que tenien xicotetes mol\u00e8sties de l\u2019anterior partit, per\u00f2 arriben tots b\u00e9 al Legan\u00e9s\u201d."},{"type":"paragraph","text":"El partit"},{"type":"paragraph","text":"\u201cEn les \u00faltimes setmanes, el Legan\u00e9s \u00e9s el millor equip de la competici\u00f3. Ha fet 14 punts amb quatre vict\u00f2ries i dos empats. \u00c9s un equip que estar\u00e0 a dalt. Esperem un partit molt dif\u00edcil, per\u00f2 a casa som un equip fiable i intentarem continuar sent-ho\u201d."},{"type":"paragraph","text":"El Legan\u00e9s"},{"type":"paragraph","text":"\u201cDestacaria el bloc principalment. \u00c9s un equip que, amb poques ocasions, \u00e9s capa\u00e7 de guanyar partits. \u00c9s un rival que \u00e9s capa\u00e7 de defensar en bloc baix, se senten c\u00f2modes. Tamb\u00e9 \u00e9s capa\u00e7 d\u2019anar a dalt, de jugar un futbol associatiu. Defensivament, els n\u00fameros parlen per si sols, per\u00f2 els seus tres homes de dalt tamb\u00e9 estan en un gran estat de forma\u201d."},{"type":"paragraph","text":"L\u2019efic\u00e0cia ser\u00e0 clau"},{"type":"paragraph","text":"\u201cEn el futbol l\u2019efic\u00e0cia \u00e9s vital i contra un equip com el Legan\u00e9s m\u00e9s. \u00c9s un rival que \u00e9s capa\u00e7 de defensar en bloc baix i no tenen problemes. Encara que juguen amb quatre defenses, ho converteixen en cinc sense pilota. \u00c9s dif\u00edcil, per\u00f2 a casa volem seguir en aquesta bona l\u00ednia\u201d."},{"type":"paragraph","text":"Pau Torres titular en el Mundial"},{"type":"paragraph","text":"\u201cPer a la Cantera Grogueta \u00e9s incre\u00efble. Ha tingut molts entrenadors, ac\u00ed hi ha molta gent que treballa en l\u2019ombra i s\u00f3n els m\u00e9s importants. Per aix\u00f2, els que estem a dalt hem de recon\u00e9ixer i valorar aqueix esfor\u00e7, per\u00f2 no sols amb Pau, tamb\u00e9 amb Yeremy o Baena o que ara vaja Collado amb el primer equip\u201d."},{"type":"paragraph","text":"Per a veure la roda de premsa completa, punxa en el v\u00eddeo."}],"buttons":[],"images":[],"widgets":[],"blocks":[{"type":"heading","level":2,"text":"Miguel \u00c1lvarez destaca el gran nivell del Legan\u00e9s, al qual s\u2019enfrontar\u00e0 aquest dissabte a les 21.00h en el Mini"},{"type":"paragraph","text":"L\u2019entrenador del Villarreal B, Miguel \u00c1lvarez, va compar\u00e9ixer en la roda de premsa pr\u00e8via al partit contra el CD Legan\u00e9s, corresponent a la jornada 18 de LaLiga SmartBank, que tindr\u00e0 lloc aquest dissabte a les 21.00 hores en el Mini Estadi. El t\u00e8cnic groguet va subratllar el gran estat de forma del conjunt pepinero en els \u00faltims xocs, per la qual cosa espera un partit complicat."},{"type":"paragraph","text":"Aquestes s\u00f3n les declaracions de Miguel \u00c1lvarez:"},{"type":"paragraph","text":"Com arriba l\u2019equip"},{"type":"paragraph","text":"\u201cArribem molt b\u00e9, hi ha xics que tenien xicotetes mol\u00e8sties de l\u2019anterior partit, per\u00f2 arriben tots b\u00e9 al Legan\u00e9s\u201d."},{"type":"paragraph","text":"El partit"},{"type":"paragraph","text":"\u201cEn les \u00faltimes setmanes, el Legan\u00e9s \u00e9s el millor equip de la competici\u00f3. Ha fet 14 punts amb quatre vict\u00f2ries i dos empats. \u00c9s un equip que estar\u00e0 a dalt. Esperem un partit molt dif\u00edcil, per\u00f2 a casa som un equip fiable i intentarem continuar sent-ho\u201d."},{"type":"paragraph","text":"El Legan\u00e9s"},{"type":"paragraph","text":"\u201cDestacaria el bloc principalment. \u00c9s un equip que, amb poques ocasions, \u00e9s capa\u00e7 de guanyar partits. \u00c9s un rival que \u00e9s capa\u00e7 de defensar en bloc baix, se senten c\u00f2modes. Tamb\u00e9 \u00e9s capa\u00e7 d\u2019anar a dalt, de jugar un futbol associatiu. Defensivament, els n\u00fameros parlen per si sols, per\u00f2 els seus tres homes de dalt tamb\u00e9 estan en un gran estat de forma\u201d."},{"type":"paragraph","text":"L\u2019efic\u00e0cia ser\u00e0 clau"},{"type":"paragraph","text":"\u201cEn el futbol l\u2019efic\u00e0cia \u00e9s vital i contra un equip com el Legan\u00e9s m\u00e9s. \u00c9s un rival que \u00e9s capa\u00e7 de defensar en bloc baix i no tenen problemes. Encara que juguen amb quatre defenses, ho converteixen en cinc sense pilota. \u00c9s dif\u00edcil, per\u00f2 a casa volem seguir en aquesta bona l\u00ednia\u201d."},{"type":"paragraph","text":"Pau Torres titular en el Mundial"},{"type":"paragraph","text":"\u201cPer a la Cantera Grogueta \u00e9s incre\u00efble. Ha tingut molts entrenadors, ac\u00ed hi ha molta gent que treballa en l\u2019ombra i s\u00f3n els m\u00e9s importants. Per aix\u00f2, els que estem a dalt hem de recon\u00e9ixer i valorar aqueix esfor\u00e7, per\u00f2 no sols amb Pau, tamb\u00e9 amb Yeremy o Baena o que ara vaja Collado amb el primer equip\u201d."},{"type":"paragraph","text":"Per a veure la roda de premsa completa, punxa en el v\u00eddeo."},{"type":"video","kind":"iframe","url":"https:\/\/www.youtube.com\/embed\/JcjHYGPRI9A?feature=oembed","poster":""}]}],"hero":{"id":"section-1","title":"Miguel \u00c1lvarez destaca el gran nivell del Legan\u00e9s, al qual s\u2019enfrontar\u00e0 aquest dissabte a les 21.00h en el Mini","text":"Miguel \u00c1lvarez destaca el gran nivell del Legan\u00e9s, al qual s\u2019enfrontar\u00e0 aquest dissabte a les 21.00h en el Mini L\u2019entrenador del Villarreal B, Miguel \u00c1lvarez, va compar\u00e9ixer en la roda de premsa pr\u00e8via al partit contra el CD Legan\u00e9s, corresponent a la jornada 18 de LaLiga SmartBank, que tindr\u00e0 lloc aquest dissabte a les 21.00 hores en el Mini Estadi. El t\u00e8cnic groguet va subratllar el gran estat de forma del conjunt pepinero en els \u00faltims xocs, per la qual cosa espera un partit complicat. Aquestes s\u00f3n les declaracions de Miguel \u00c1lvarez: Com arriba l\u2019equip \u201cArribem molt b\u00e9, hi ha xics que tenien xicotetes mol\u00e8sties de l\u2019anterior partit, per\u00f2 arriben tots b\u00e9 al Legan\u00e9s\u201d. El partit \u201cEn les \u00faltimes setmanes, el Legan\u00e9s \u00e9s el millor equip de la competici\u00f3. Ha fet 14 punts amb quatre vict\u00f2ries i dos empats. \u00c9s un equip que estar\u00e0 a dalt. Esperem un partit molt dif\u00edcil, per\u00f2 a casa som un equip fiable i intentarem continuar sent-ho\u201d. El Legan\u00e9s \u201cDestacaria el bloc principalment. \u00c9s un equip que, amb poques ocasions, \u00e9s capa\u00e7 de guanyar partits. \u00c9s un rival que \u00e9s capa\u00e7 de defensar en bloc baix, se senten c\u00f2modes. Tamb\u00e9 \u00e9s capa\u00e7 d\u2019anar a dalt, de jugar un futbol associatiu. Defensivament, els n\u00fameros parlen per si sols, per\u00f2 els seus tres homes de dalt tamb\u00e9 estan en un gran estat de forma\u201d. L\u2019efic\u00e0cia ser\u00e0 clau \u201cEn el futbol l\u2019efic\u00e0cia \u00e9s vital i contra un equip com el Legan\u00e9s m\u00e9s. \u00c9s un rival que \u00e9s capa\u00e7 de defensar en bloc baix i no tenen problemes. Encara que juguen amb quatre defenses, ho converteixen en cinc sense pilota. \u00c9s dif\u00edcil, per\u00f2 a casa volem seguir en aquesta bona l\u00ednia\u201d. Pau Torres titular en el Mundial \u201cPer a la Cantera Grogueta \u00e9s incre\u00efble. Ha tingut molts entrenadors, ac\u00ed hi ha molta gent que treballa en l\u2019ombra i s\u00f3n els m\u00e9s importants. Per aix\u00f2, els que estem a dalt hem de recon\u00e9ixer i valorar aqueix esfor\u00e7, per\u00f2 no sols amb Pau, tamb\u00e9 amb Yeremy o Baena o que ara vaja Collado amb el primer equip\u201d. Per a veure la roda de premsa completa, punxa en el v\u00eddeo.","headings":[{"type":"heading","level":2,"text":"Miguel \u00c1lvarez destaca el gran nivell del Legan\u00e9s, al qual s\u2019enfrontar\u00e0 aquest dissabte a les 21.00h en el Mini"}],"texts":[{"type":"paragraph","text":"L\u2019entrenador del Villarreal B, Miguel \u00c1lvarez, va compar\u00e9ixer en la roda de premsa pr\u00e8via al partit contra el CD Legan\u00e9s, corresponent a la jornada 18 de LaLiga SmartBank, que tindr\u00e0 lloc aquest dissabte a les 21.00 hores en el Mini Estadi. El t\u00e8cnic groguet va subratllar el gran estat de forma del conjunt pepinero en els \u00faltims xocs, per la qual cosa espera un partit complicat."},{"type":"paragraph","text":"Aquestes s\u00f3n les declaracions de Miguel \u00c1lvarez:"},{"type":"paragraph","text":"Com arriba l\u2019equip"},{"type":"paragraph","text":"\u201cArribem molt b\u00e9, hi ha xics que tenien xicotetes mol\u00e8sties de l\u2019anterior partit, per\u00f2 arriben tots b\u00e9 al Legan\u00e9s\u201d."},{"type":"paragraph","text":"El partit"},{"type":"paragraph","text":"\u201cEn les \u00faltimes setmanes, el Legan\u00e9s \u00e9s el millor equip de la competici\u00f3. Ha fet 14 punts amb quatre vict\u00f2ries i dos empats. \u00c9s un equip que estar\u00e0 a dalt. Esperem un partit molt dif\u00edcil, per\u00f2 a casa som un equip fiable i intentarem continuar sent-ho\u201d."},{"type":"paragraph","text":"El Legan\u00e9s"},{"type":"paragraph","text":"\u201cDestacaria el bloc principalment. \u00c9s un equip que, amb poques ocasions, \u00e9s capa\u00e7 de guanyar partits. \u00c9s un rival que \u00e9s capa\u00e7 de defensar en bloc baix, se senten c\u00f2modes. Tamb\u00e9 \u00e9s capa\u00e7 d\u2019anar a dalt, de jugar un futbol associatiu. Defensivament, els n\u00fameros parlen per si sols, per\u00f2 els seus tres homes de dalt tamb\u00e9 estan en un gran estat de forma\u201d."},{"type":"paragraph","text":"L\u2019efic\u00e0cia ser\u00e0 clau"},{"type":"paragraph","text":"\u201cEn el futbol l\u2019efic\u00e0cia \u00e9s vital i contra un equip com el Legan\u00e9s m\u00e9s. \u00c9s un rival que \u00e9s capa\u00e7 de defensar en bloc baix i no tenen problemes. Encara que juguen amb quatre defenses, ho converteixen en cinc sense pilota. \u00c9s dif\u00edcil, per\u00f2 a casa volem seguir en aquesta bona l\u00ednia\u201d."},{"type":"paragraph","text":"Pau Torres titular en el Mundial"},{"type":"paragraph","text":"\u201cPer a la Cantera Grogueta \u00e9s incre\u00efble. Ha tingut molts entrenadors, ac\u00ed hi ha molta gent que treballa en l\u2019ombra i s\u00f3n els m\u00e9s importants. Per aix\u00f2, els que estem a dalt hem de recon\u00e9ixer i valorar aqueix esfor\u00e7, per\u00f2 no sols amb Pau, tamb\u00e9 amb Yeremy o Baena o que ara vaja Collado amb el primer equip\u201d."},{"type":"paragraph","text":"Per a veure la roda de premsa completa, punxa en el v\u00eddeo."}],"buttons":[],"images":[],"widgets":[],"blocks":[{"type":"heading","level":2,"text":"Miguel \u00c1lvarez destaca el gran nivell del Legan\u00e9s, al qual s\u2019enfrontar\u00e0 aquest dissabte a les 21.00h en el Mini"},{"type":"paragraph","text":"L\u2019entrenador del Villarreal B, Miguel \u00c1lvarez, va compar\u00e9ixer en la roda de premsa pr\u00e8via al partit contra el CD Legan\u00e9s, corresponent a la jornada 18 de LaLiga SmartBank, que tindr\u00e0 lloc aquest dissabte a les 21.00 hores en el Mini Estadi. El t\u00e8cnic groguet va subratllar el gran estat de forma del conjunt pepinero en els \u00faltims xocs, per la qual cosa espera un partit complicat."},{"type":"paragraph","text":"Aquestes s\u00f3n les declaracions de Miguel \u00c1lvarez:"},{"type":"paragraph","text":"Com arriba l\u2019equip"},{"type":"paragraph","text":"\u201cArribem molt b\u00e9, hi ha xics que tenien xicotetes mol\u00e8sties de l\u2019anterior partit, per\u00f2 arriben tots b\u00e9 al Legan\u00e9s\u201d."},{"type":"paragraph","text":"El partit"},{"type":"paragraph","text":"\u201cEn les \u00faltimes setmanes, el Legan\u00e9s \u00e9s el millor equip de la competici\u00f3. Ha fet 14 punts amb quatre vict\u00f2ries i dos empats. \u00c9s un equip que estar\u00e0 a dalt. Esperem un partit molt dif\u00edcil, per\u00f2 a casa som un equip fiable i intentarem continuar sent-ho\u201d."},{"type":"paragraph","text":"El Legan\u00e9s"},{"type":"paragraph","text":"\u201cDestacaria el bloc principalment. \u00c9s un equip que, amb poques ocasions, \u00e9s capa\u00e7 de guanyar partits. \u00c9s un rival que \u00e9s capa\u00e7 de defensar en bloc baix, se senten c\u00f2modes. Tamb\u00e9 \u00e9s capa\u00e7 d\u2019anar a dalt, de jugar un futbol associatiu. Defensivament, els n\u00fameros parlen per si sols, per\u00f2 els seus tres homes de dalt tamb\u00e9 estan en un gran estat de forma\u201d."},{"type":"paragraph","text":"L\u2019efic\u00e0cia ser\u00e0 clau"},{"type":"paragraph","text":"\u201cEn el futbol l\u2019efic\u00e0cia \u00e9s vital i contra un equip com el Legan\u00e9s m\u00e9s. \u00c9s un rival que \u00e9s capa\u00e7 de defensar en bloc baix i no tenen problemes. Encara que juguen amb quatre defenses, ho converteixen en cinc sense pilota. \u00c9s dif\u00edcil, per\u00f2 a casa volem seguir en aquesta bona l\u00ednia\u201d."},{"type":"paragraph","text":"Pau Torres titular en el Mundial"},{"type":"paragraph","text":"\u201cPer a la Cantera Grogueta \u00e9s incre\u00efble. Ha tingut molts entrenadors, ac\u00ed hi ha molta gent que treballa en l\u2019ombra i s\u00f3n els m\u00e9s importants. Per aix\u00f2, els que estem a dalt hem de recon\u00e9ixer i valorar aqueix esfor\u00e7, per\u00f2 no sols amb Pau, tamb\u00e9 amb Yeremy o Baena o que ara vaja Collado amb el primer equip\u201d."},{"type":"paragraph","text":"Per a veure la roda de premsa completa, punxa en el v\u00eddeo."},{"type":"video","kind":"iframe","url":"https:\/\/www.youtube.com\/embed\/JcjHYGPRI9A?feature=oembed","poster":""}]}},"sections":[{"id":"section-1","title":"Miguel \u00c1lvarez destaca el gran nivell del Legan\u00e9s, al qual s\u2019enfrontar\u00e0 aquest dissabte a les 21.00h en el Mini","text":"Miguel \u00c1lvarez destaca el gran nivell del Legan\u00e9s, al qual s\u2019enfrontar\u00e0 aquest dissabte a les 21.00h en el Mini L\u2019entrenador del Villarreal B, Miguel \u00c1lvarez, va compar\u00e9ixer en la roda de premsa pr\u00e8via al partit contra el CD Legan\u00e9s, corresponent a la jornada 18 de LaLiga SmartBank, que tindr\u00e0 lloc aquest dissabte a les 21.00 hores en el Mini Estadi. El t\u00e8cnic groguet va subratllar el gran estat de forma del conjunt pepinero en els \u00faltims xocs, per la qual cosa espera un partit complicat. Aquestes s\u00f3n les declaracions de Miguel \u00c1lvarez: Com arriba l\u2019equip \u201cArribem molt b\u00e9, hi ha xics que tenien xicotetes mol\u00e8sties de l\u2019anterior partit, per\u00f2 arriben tots b\u00e9 al Legan\u00e9s\u201d. El partit \u201cEn les \u00faltimes setmanes, el Legan\u00e9s \u00e9s el millor equip de la competici\u00f3. Ha fet 14 punts amb quatre vict\u00f2ries i dos empats. \u00c9s un equip que estar\u00e0 a dalt. Esperem un partit molt dif\u00edcil, per\u00f2 a casa som un equip fiable i intentarem continuar sent-ho\u201d. El Legan\u00e9s \u201cDestacaria el bloc principalment. \u00c9s un equip que, amb poques ocasions, \u00e9s capa\u00e7 de guanyar partits. \u00c9s un rival que \u00e9s capa\u00e7 de defensar en bloc baix, se senten c\u00f2modes. Tamb\u00e9 \u00e9s capa\u00e7 d\u2019anar a dalt, de jugar un futbol associatiu. Defensivament, els n\u00fameros parlen per si sols, per\u00f2 els seus tres homes de dalt tamb\u00e9 estan en un gran estat de forma\u201d. L\u2019efic\u00e0cia ser\u00e0 clau \u201cEn el futbol l\u2019efic\u00e0cia \u00e9s vital i contra un equip com el Legan\u00e9s m\u00e9s. \u00c9s un rival que \u00e9s capa\u00e7 de defensar en bloc baix i no tenen problemes. Encara que juguen amb quatre defenses, ho converteixen en cinc sense pilota. \u00c9s dif\u00edcil, per\u00f2 a casa volem seguir en aquesta bona l\u00ednia\u201d. Pau Torres titular en el Mundial \u201cPer a la Cantera Grogueta \u00e9s incre\u00efble. Ha tingut molts entrenadors, ac\u00ed hi ha molta gent que treballa en l\u2019ombra i s\u00f3n els m\u00e9s importants. Per aix\u00f2, els que estem a dalt hem de recon\u00e9ixer i valorar aqueix esfor\u00e7, per\u00f2 no sols amb Pau, tamb\u00e9 amb Yeremy o Baena o que ara vaja Collado amb el primer equip\u201d. Per a veure la roda de premsa completa, punxa en el v\u00eddeo.","url":"","background_image":"","images":[],"videos":[{"type":"video","kind":"iframe","url":"https:\/\/www.youtube.com\/embed\/JcjHYGPRI9A?feature=oembed","poster":""}],"links":[]}]},"excerpt":{"rendered":"Miguel \u00c1lvarez destaca el gran nivel del Legan\u00e9s, al que se enfrentar\u00e1 este s\u00e1bado a las 21.00h en el Mini","protected":false},"author":1,"featured_media":235263,"comment_status":"closed","ping_status":"closed","sticky":false,"template":"","format":"standard","meta":{"_acf_changed":false,"footnotes":""},"categories":[4858],"tags":[10325,11095,9270,9227,13241,11633,9680,9205,9627,10634,9203],"acf":null,"lang":"val","translations":{"es":235223,"val":235273,"en":235308},"essential_grid":{"has_grid":false},"formatted_date":"December 2, 2022","modified_date":"December 2, 2022","permalink":"https:\/\/villarrealcf.es\/val\/la-eficacia-contra-el-leganes-sera-vital\/","reading_time":2,"featured_media_data":{"id":235263,"title":"miguel c4 2dc","caption":"","alt_text":"","description":"","mime_type":"image\/jpeg","source_url":"https:\/\/villarrealcf.es\/wp-content\/uploads\/2022\/12\/miguel-c4-2dc.jpg","sizes":{"thumbnail":{"url":"https:\/\/villarrealcf.es\/wp-content\/uploads\/2022\/12\/miguel-c4-2dc-150x150.jpg","width":150,"height":150},"medium":{"url":"https:\/\/villarrealcf.es\/wp-content\/uploads\/2022\/12\/miguel-c4-2dc-300x169.jpg","width":300,"height":169},"medium_large":{"url":"https:\/\/villarrealcf.es\/wp-content\/uploads\/2022\/12\/miguel-c4-2dc-768x432.jpg","width":768,"height":432},"large":{"url":"https:\/\/villarrealcf.es\/wp-content\/uploads\/2022\/12\/miguel-c4-2dc.jpg","width":788,"height":443},"1536x1536":{"url":"https:\/\/villarrealcf.es\/wp-content\/uploads\/2022\/12\/miguel-c4-2dc-1536x864.jpg","width":1536,"height":864},"2048x2048":{"url":"https:\/\/villarrealcf.es\/wp-content\/uploads\/2022\/12\/miguel-c4-2dc.jpg","width":1920,"height":1080},"tp-image-grid":{"url":"https:\/\/villarrealcf.es\/wp-content\/uploads\/2022\/12\/miguel-c4-2dc-700x700.jpg","width":700,"height":700},"size-bunyad-medium":{"url":"https:\/\/villarrealcf.es\/wp-content\/uploads\/2022\/12\/miguel-c4-2dc.jpg","width":1920,"height":1080},"sportspress-crop-medium":{"url":"https:\/\/villarrealcf.es\/wp-content\/uploads\/2022\/12\/miguel-c4-2dc-300x300.jpg","width":300,"height":300},"sportspress-fit-medium":{"url":"https:\/\/villarrealcf.es\/wp-content\/uploads\/2022\/12\/miguel-c4-2dc-300x169.jpg","width":300,"height":169},"sportspress-fit-icon":{"url":"https:\/\/villarrealcf.es\/wp-content\/uploads\/2022\/12\/miguel-c4-2dc-128x72.jpg","width":128,"height":72},"sportspress-fit-mini":{"url":"https:\/\/villarrealcf.es\/wp-content\/uploads\/2022\/12\/miguel-c4-2dc-32x18.jpg","width":32,"height":18},"bunyad-small":{"url":"https:\/\/villarrealcf.es\/wp-content\/uploads\/2022\/12\/miguel-c4-2dc-150x84.jpg","width":150,"height":84},"bunyad-medium":{"url":"https:\/\/villarrealcf.es\/wp-content\/uploads\/2022\/12\/miguel-c4-2dc-450x253.jpg","width":450,"height":253},"bunyad-full":{"url":"https:\/\/villarrealcf.es\/wp-content\/uploads\/2022\/12\/miguel-c4-2dc-1200x675.jpg","width":1200,"height":675},"bunyad-viewport":{"url":"https:\/\/villarrealcf.es\/wp-content\/uploads\/2022\/12\/miguel-c4-2dc.jpg","width":1920,"height":1080},"bunyad-768":{"url":"https:\/\/villarrealcf.es\/wp-content\/uploads\/2022\/12\/miguel-c4-2dc-768x432.jpg","width":768,"height":432},"full":{"url":"https:\/\/villarrealcf.es\/wp-content\/uploads\/2022\/12\/miguel-c4-2dc.jpg","width":1920,"height":1080}}},"author_data":{"id":"1","name":"root_envidea","first_name":"Villarreal CF","last_name":"","description":"","avatar_url":"https:\/\/secure.gravatar.com\/avatar\/48f95f42a3ccc324f3a3458e4b9e6fb070b083e99d388e170c1afb061fa99b63?s=96&d=mm&r=g","acf":null},"taxonomies_data":{"category":[{"id":4858,"name":"Futbol Base","slug":"futbol-base-val","acf":null}],"post_tag":[{"id":10325,"name":"Cantera Grogueta","slug":"cantera-grogueta-val","acf":null},{"id":11095,"name":"CD Legan\u00e9s","slug":"cd-leganes-val","acf":null},{"id":9270,"name":"Futbol","slug":"futbol-val","acf":null},{"id":9227,"name":"F\u00fatbol Base","slug":"futbol-base-val","acf":null},{"id":13241,"name":"LaLiga Smartbank","slug":"laliga-smartbank-val","acf":null},{"id":11633,"name":"Miguel \u00c1lvarez","slug":"miguel-alvarez-val","acf":null},{"id":9680,"name":"Rueda de prensa","slug":"rueda-de-prensa-val","acf":null},{"id":9205,"name":"Submarino","slug":"submarino-val","acf":null},{"id":9627,"name":"Submarino Amarillo","slug":"submarino-amarillo-val","acf":null},{"id":10634,"name":"Villarreal B","slug":"villarreal-b-val","acf":null},{"id":9203,"name":"Villarreal CF","slug":"villarreal-cf-val","acf":null}],"translation_priority":[{"id":735,"name":"Optional","slug":"optional-val","acf":null}]},"seo_full":{"native":{"title":"&#8220;L&#8217;efic\u00e0cia contra el Legan\u00e9s ser\u00e0 vital&#8221; - Web Oficial del Villarreal CF","description":"Miguel \u00c1lvarez destaca el gran nivel del Legan\u00e9s, al que se enfrentar\u00e1 este s\u00e1bado a las 21.00h en el Mini","canonical":"https:\/\/villarrealcf.es\/val\/la-eficacia-contra-el-leganes-sera-vital\/"}},"_links":{"self":[{"href":"https:\/\/villarrealcf.es\/val\/wp-json\/wp\/v2\/posts\/235273","targetHints":{"allow":["GET"]}}],"collection":[{"href":"https:\/\/villarrealcf.es\/val\/wp-json\/wp\/v2\/posts"}],"about":[{"href":"https:\/\/villarrealcf.es\/val\/wp-json\/wp\/v2\/types\/post"}],"author":[{"embeddable":true,"href":"https:\/\/villarrealcf.es\/val\/wp-json\/wp\/v2\/users\/1"}],"replies":[{"embeddable":true,"href":"https:\/\/villarrealcf.es\/val\/wp-json\/wp\/v2\/comments?post=235273"}],"version-history":[{"count":0,"href":"https:\/\/villarrealcf.es\/val\/wp-json\/wp\/v2\/posts\/235273\/revisions"}],"wp:featuredmedia":[{"embeddable":true,"href":"https:\/\/villarrealcf.es\/val\/wp-json\/wp\/v2\/media\/235263"}],"wp:attachment":[{"href":"https:\/\/villarrealcf.es\/val\/wp-json\/wp\/v2\/media?parent=235273"}],"wp:term":[{"taxonomy":"category","embeddable":true,"href":"https:\/\/villarrealcf.es\/val\/wp-json\/wp\/v2\/categories?post=235273"},{"taxonomy":"post_tag","embeddable":true,"href":"https:\/\/villarrealcf.es\/val\/wp-json\/wp\/v2\/tags?post=235273"}],"curies":[{"name":"wp","href":"https:\/\/api.w.org\/{rel}","templated":true}]}}