{"id":234646,"date":"2022-11-30T16:16:45","date_gmt":"2022-11-30T15:16:45","guid":{"rendered":"https:\/\/villarrealcf.es\/\/ultimo-entrenamiento-antes-de-viajar-a-turquia\/"},"modified":"2022-11-30T16:31:40","modified_gmt":"2022-11-30T15:31:40","slug":"ultimo-entrenamiento-antes-de-viajar-a-turquia","status":"publish","type":"post","link":"https:\/\/villarrealcf.es\/val\/ultimo-entrenamiento-antes-de-viajar-a-turquia\/","title":{"rendered":"\u00daltim entrenament abans de viatjar a Turquia"},"content":{"protected":false,"blocks":[{"type":"text","widget":"text-editor","text":"El Villarreal disputar\u00e0 dos amistosos davant Fenerbah\u00e7e i Galatasaray respectivamentEl Submar\u00ed ha realitzat aquest mat\u00ed l\u2019\u00faltima sessi\u00f3 d\u2019entrenament abans de viatjar a Turquia, on disputar\u00e0 dos partits amistosos davant Fenerbah\u00e7e (dissabte, 3 de desembre, a les 17.00 hores) i Galatasaray (dimarts, 6 de desembre, a les 18.00 hores) durant l\u2019aturada pel Mundial de Seleccions.","paragraphs":["El Submar\u00ed ha realitzat aquest mat\u00ed l\u2019\u00faltima sessi\u00f3 d\u2019entrenament abans de viatjar a Turquia, on disputar\u00e0 dos partits amistosos davant Fenerbah\u00e7e (dissabte, 3 de desembre, a les 17.00 hores) i Galatasaray (dimarts, 6 de desembre, a les 18.00 hores) durant l\u2019aturada pel Mundial de Seleccions."]},{"type":"gallery","widget":"gallery","items":[{"url":"https:\/\/villarrealcf.es\/wp-content\/uploads\/2022\/11\/entrenamiento-7-1.jpg","title":"GRUPO MANDI","thumbnail":"https:\/\/villarrealcf.es\/wp-content\/uploads\/2022\/11\/entrenamiento-7-1.jpg","width":1920,"height":1280},{"url":"https:\/\/villarrealcf.es\/wp-content\/uploads\/2022\/11\/entrenamiento-6-1.jpg","title":"GRUPO","thumbnail":"https:\/\/villarrealcf.es\/wp-content\/uploads\/2022\/11\/entrenamiento-6-1.jpg","width":1920,"height":1280},{"url":"https:\/\/villarrealcf.es\/wp-content\/uploads\/2022\/11\/entrenamiento-5-1.jpg","title":"DIEGO COLLADO","thumbnail":"https:\/\/villarrealcf.es\/wp-content\/uploads\/2022\/11\/entrenamiento-5-1.jpg","width":1920,"height":1280},{"url":"https:\/\/villarrealcf.es\/wp-content\/uploads\/2022\/11\/entrenamiento-4-1.jpg","title":"GERARD PAREJO CUENCA","thumbnail":"https:\/\/villarrealcf.es\/wp-content\/uploads\/2022\/11\/entrenamiento-4-1.jpg","width":1920,"height":1280},{"url":"https:\/\/villarrealcf.es\/wp-content\/uploads\/2022\/11\/entrenamiento-3-1.jpg","title":"Grupo","thumbnail":"https:\/\/villarrealcf.es\/wp-content\/uploads\/2022\/11\/entrenamiento-3-1.jpg","width":1920,"height":1280},{"url":"https:\/\/villarrealcf.es\/wp-content\/uploads\/2022\/11\/entrenamiento-2-1.jpg","title":"REINA","thumbnail":"https:\/\/villarrealcf.es\/wp-content\/uploads\/2022\/11\/entrenamiento-2-1.jpg","width":1920,"height":1280},{"url":"https:\/\/villarrealcf.es\/wp-content\/uploads\/2022\/11\/entrenamiento-1-1.jpg","title":"SETIEN","thumbnail":"https:\/\/villarrealcf.es\/wp-content\/uploads\/2022\/11\/entrenamiento-1-1.jpg","width":1280,"height":1920},{"url":"https:\/\/villarrealcf.es\/wp-content\/uploads\/2022\/11\/entrenamiento-8-1.jpg","title":"SERGIO CARREIRA","thumbnail":"https:\/\/villarrealcf.es\/wp-content\/uploads\/2022\/11\/entrenamiento-8-1.jpg","width":1920,"height":1280}]}],"structured":{"summary":{"text":"El Villarreal disputar\u00e0 dos amistosos davant Fenerbah\u00e7e i Galatasaray respectivamentEl Submar\u00ed ha realitzat aquest mat\u00ed l\u2019\u00faltima sessi\u00f3 d\u2019entrenament abans de viatjar a Turquia, on disputar\u00e0 dos partits amistosos davant Fenerbah\u00e7e (dissabte, 3 de desembre, a les 17.00 hores) i Galatasaray (dimarts, 6 de desembre, a les 18.00 hores) durant l\u2019aturada pel Mundial de Seleccions.","headings":[],"buttons":[],"images":[],"counts":{"blocks":2,"headings":0,"texts":1,"buttons":0,"images":0},"containers":2},"sections":[{"id":"369c1697","type":"container","classes":["elementor-section","elementor-top-section","elementor-element","elementor-element-369c1697","elementor-section-boxed","elementor-section-height-default"],"title":"","text":"El Villarreal disputar\u00e0 dos amistosos davant Fenerbah\u00e7e i Galatasaray respectivamentEl Submar\u00ed ha realitzat aquest mat\u00ed l\u2019\u00faltima sessi\u00f3 d\u2019entrenament abans de viatjar a Turquia, on disputar\u00e0 dos partits amistosos davant Fenerbah\u00e7e (dissabte, 3 de desembre, a les 17.00 hores) i Galatasaray (dimarts, 6 de desembre, a les 18.00 hores) durant l\u2019aturada pel Mundial de Seleccions.","headings":[],"texts":[{"type":"text","widget":"text-editor","text":"El Villarreal disputar\u00e0 dos amistosos davant Fenerbah\u00e7e i Galatasaray respectivamentEl Submar\u00ed ha realitzat aquest mat\u00ed l\u2019\u00faltima sessi\u00f3 d\u2019entrenament abans de viatjar a Turquia, on disputar\u00e0 dos partits amistosos davant Fenerbah\u00e7e (dissabte, 3 de desembre, a les 17.00 hores) i Galatasaray (dimarts, 6 de desembre, a les 18.00 hores) durant l\u2019aturada pel Mundial de Seleccions.","paragraphs":["El Submar\u00ed ha realitzat aquest mat\u00ed l\u2019\u00faltima sessi\u00f3 d\u2019entrenament abans de viatjar a Turquia, on disputar\u00e0 dos partits amistosos davant Fenerbah\u00e7e (dissabte, 3 de desembre, a les 17.00 hores) i Galatasaray (dimarts, 6 de desembre, a les 18.00 hores) durant l\u2019aturada pel Mundial de Seleccions."]}],"buttons":[],"images":[],"widgets":["text-editor"],"blocks":[{"type":"text","widget":"text-editor","text":"El Villarreal disputar\u00e0 dos amistosos davant Fenerbah\u00e7e i Galatasaray respectivamentEl Submar\u00ed ha realitzat aquest mat\u00ed l\u2019\u00faltima sessi\u00f3 d\u2019entrenament abans de viatjar a Turquia, on disputar\u00e0 dos partits amistosos davant Fenerbah\u00e7e (dissabte, 3 de desembre, a les 17.00 hores) i Galatasaray (dimarts, 6 de desembre, a les 18.00 hores) durant l\u2019aturada pel Mundial de Seleccions.","paragraphs":["El Submar\u00ed ha realitzat aquest mat\u00ed l\u2019\u00faltima sessi\u00f3 d\u2019entrenament abans de viatjar a Turquia, on disputar\u00e0 dos partits amistosos davant Fenerbah\u00e7e (dissabte, 3 de desembre, a les 17.00 hores) i Galatasaray (dimarts, 6 de desembre, a les 18.00 hores) durant l\u2019aturada pel Mundial de Seleccions."]}],"children":[]},{"id":"bc5fc4a","type":"container","classes":["has-el-gap","el-gap-default","elementor-section","elementor-top-section","elementor-element","elementor-element-bc5fc4a","elementor-section-boxed","elementor-section-height-default"],"title":"","text":"","headings":[],"texts":[],"buttons":[],"images":[],"widgets":["gallery"],"blocks":[{"type":"gallery","widget":"gallery","items":[{"url":"https:\/\/villarrealcf.es\/wp-content\/uploads\/2022\/11\/entrenamiento-7-1.jpg","title":"GRUPO MANDI","thumbnail":"https:\/\/villarrealcf.es\/wp-content\/uploads\/2022\/11\/entrenamiento-7-1.jpg","width":1920,"height":1280},{"url":"https:\/\/villarrealcf.es\/wp-content\/uploads\/2022\/11\/entrenamiento-6-1.jpg","title":"GRUPO","thumbnail":"https:\/\/villarrealcf.es\/wp-content\/uploads\/2022\/11\/entrenamiento-6-1.jpg","width":1920,"height":1280},{"url":"https:\/\/villarrealcf.es\/wp-content\/uploads\/2022\/11\/entrenamiento-5-1.jpg","title":"DIEGO COLLADO","thumbnail":"https:\/\/villarrealcf.es\/wp-content\/uploads\/2022\/11\/entrenamiento-5-1.jpg","width":1920,"height":1280},{"url":"https:\/\/villarrealcf.es\/wp-content\/uploads\/2022\/11\/entrenamiento-4-1.jpg","title":"GERARD PAREJO CUENCA","thumbnail":"https:\/\/villarrealcf.es\/wp-content\/uploads\/2022\/11\/entrenamiento-4-1.jpg","width":1920,"height":1280},{"url":"https:\/\/villarrealcf.es\/wp-content\/uploads\/2022\/11\/entrenamiento-3-1.jpg","title":"Grupo","thumbnail":"https:\/\/villarrealcf.es\/wp-content\/uploads\/2022\/11\/entrenamiento-3-1.jpg","width":1920,"height":1280},{"url":"https:\/\/villarrealcf.es\/wp-content\/uploads\/2022\/11\/entrenamiento-2-1.jpg","title":"REINA","thumbnail":"https:\/\/villarrealcf.es\/wp-content\/uploads\/2022\/11\/entrenamiento-2-1.jpg","width":1920,"height":1280},{"url":"https:\/\/villarrealcf.es\/wp-content\/uploads\/2022\/11\/entrenamiento-1-1.jpg","title":"SETIEN","thumbnail":"https:\/\/villarrealcf.es\/wp-content\/uploads\/2022\/11\/entrenamiento-1-1.jpg","width":1280,"height":1920},{"url":"https:\/\/villarrealcf.es\/wp-content\/uploads\/2022\/11\/entrenamiento-8-1.jpg","title":"SERGIO CARREIRA","thumbnail":"https:\/\/villarrealcf.es\/wp-content\/uploads\/2022\/11\/entrenamiento-8-1.jpg","width":1920,"height":1280}]}],"children":[]}],"hero":{"id":"369c1697","type":"container","classes":["elementor-section","elementor-top-section","elementor-element","elementor-element-369c1697","elementor-section-boxed","elementor-section-height-default"],"title":"","text":"El Villarreal disputar\u00e0 dos amistosos davant Fenerbah\u00e7e i Galatasaray respectivamentEl Submar\u00ed ha realitzat aquest mat\u00ed l\u2019\u00faltima sessi\u00f3 d\u2019entrenament abans de viatjar a Turquia, on disputar\u00e0 dos partits amistosos davant Fenerbah\u00e7e (dissabte, 3 de desembre, a les 17.00 hores) i Galatasaray (dimarts, 6 de desembre, a les 18.00 hores) durant l\u2019aturada pel Mundial de Seleccions.","headings":[],"texts":[{"type":"text","widget":"text-editor","text":"El Villarreal disputar\u00e0 dos amistosos davant Fenerbah\u00e7e i Galatasaray respectivamentEl Submar\u00ed ha realitzat aquest mat\u00ed l\u2019\u00faltima sessi\u00f3 d\u2019entrenament abans de viatjar a Turquia, on disputar\u00e0 dos partits amistosos davant Fenerbah\u00e7e (dissabte, 3 de desembre, a les 17.00 hores) i Galatasaray (dimarts, 6 de desembre, a les 18.00 hores) durant l\u2019aturada pel Mundial de Seleccions.","paragraphs":["El Submar\u00ed ha realitzat aquest mat\u00ed l\u2019\u00faltima sessi\u00f3 d\u2019entrenament abans de viatjar a Turquia, on disputar\u00e0 dos partits amistosos davant Fenerbah\u00e7e (dissabte, 3 de desembre, a les 17.00 hores) i Galatasaray (dimarts, 6 de desembre, a les 18.00 hores) durant l\u2019aturada pel Mundial de Seleccions."]}],"buttons":[],"images":[],"widgets":["text-editor"],"blocks":[{"type":"text","widget":"text-editor","text":"El Villarreal disputar\u00e0 dos amistosos davant Fenerbah\u00e7e i Galatasaray respectivamentEl Submar\u00ed ha realitzat aquest mat\u00ed l\u2019\u00faltima sessi\u00f3 d\u2019entrenament abans de viatjar a Turquia, on disputar\u00e0 dos partits amistosos davant Fenerbah\u00e7e (dissabte, 3 de desembre, a les 17.00 hores) i Galatasaray (dimarts, 6 de desembre, a les 18.00 hores) durant l\u2019aturada pel Mundial de Seleccions.","paragraphs":["El Submar\u00ed ha realitzat aquest mat\u00ed l\u2019\u00faltima sessi\u00f3 d\u2019entrenament abans de viatjar a Turquia, on disputar\u00e0 dos partits amistosos davant Fenerbah\u00e7e (dissabte, 3 de desembre, a les 17.00 hores) i Galatasaray (dimarts, 6 de desembre, a les 18.00 hores) durant l\u2019aturada pel Mundial de Seleccions."]}],"children":[]}},"sections":[{"id":"369c1697","title":"El Villarreal disputar\u00e0 dos amistosos davant Fenerbah\u00e7e i Galatasaray respectivamentEl Submar\u00ed ha realitzat aquest mat\u00ed l\u2019\u00faltima sessi\u00f3 d\u2019entrenament abans de viatjar a Turquia, on disputar\u00e0 dos partits amistosos davant Fenerbah\u00e7e (dissabte, 3 de desembre, a les 17.00 hores) i Galatasaray (dimarts, 6 de desembre, a les 18.00 hores) durant l\u2019aturada pel Mundial de Seleccions.","text":"El Villarreal disputar\u00e0 dos amistosos davant Fenerbah\u00e7e i Galatasaray respectivamentEl Submar\u00ed ha realitzat aquest mat\u00ed l\u2019\u00faltima sessi\u00f3 d\u2019entrenament abans de viatjar a Turquia, on disputar\u00e0 dos partits amistosos davant Fenerbah\u00e7e (dissabte, 3 de desembre, a les 17.00 hores) i Galatasaray (dimarts, 6 de desembre, a les 18.00 hores) durant l\u2019aturada pel Mundial de Seleccions.","url":"","background_image":"","images":[],"videos":[],"links":[]},{"id":"bc5fc4a","title":"","text":"","url":"https:\/\/villarrealcf.es\/wp-content\/uploads\/2022\/11\/entrenamiento-7-1.jpg","background_image":"","images":[],"videos":[],"links":[{"url":"https:\/\/villarrealcf.es\/wp-content\/uploads\/2022\/11\/entrenamiento-7-1.jpg","text":"","target":""},{"url":"https:\/\/villarrealcf.es\/wp-content\/uploads\/2022\/11\/entrenamiento-6-1.jpg","text":"","target":""},{"url":"https:\/\/villarrealcf.es\/wp-content\/uploads\/2022\/11\/entrenamiento-5-1.jpg","text":"","target":""},{"url":"https:\/\/villarrealcf.es\/wp-content\/uploads\/2022\/11\/entrenamiento-4-1.jpg","text":"","target":""},{"url":"https:\/\/villarrealcf.es\/wp-content\/uploads\/2022\/11\/entrenamiento-3-1.jpg","text":"","target":""},{"url":"https:\/\/villarrealcf.es\/wp-content\/uploads\/2022\/11\/entrenamiento-2-1.jpg","text":"","target":""},{"url":"https:\/\/villarrealcf.es\/wp-content\/uploads\/2022\/11\/entrenamiento-1-1.jpg","text":"","target":""},{"url":"https:\/\/villarrealcf.es\/wp-content\/uploads\/2022\/11\/entrenamiento-8-1.jpg","text":"","target":""}]}]},"excerpt":{"rendered":"El Villarreal disputar\u00e0 dos amistosos davant Fenerbah\u00e7e i Galatasaray respectivament\n","protected":false},"author":33,"featured_media":234645,"comment_status":"closed","ping_status":"closed","sticky":false,"template":"","format":"standard","meta":{"_acf_changed":false,"footnotes":""},"categories":[13493],"tags":[717,9270,13474,13411,9278,716,9205,9627,9203],"acf":null,"lang":"val","translations":{"es":234632,"val":234646,"en":234749},"essential_grid":{"has_grid":false},"formatted_date":"November 30, 2022","modified_date":"November 30, 2022","permalink":"https:\/\/villarrealcf.es\/val\/ultimo-entrenamiento-antes-de-viajar-a-turquia\/","reading_time":1,"featured_media_data":{"id":234645,"title":"","caption":"","alt_text":"","description":"","mime_type":"image\/jpeg","source_url":"https:\/\/villarrealcf.es\/wp-content\/uploads\/2022\/11\/entrenamiento-portada.jpg","sizes":{"thumbnail":{"url":"https:\/\/villarrealcf.es\/wp-content\/uploads\/2022\/11\/entrenamiento-portada-150x150.jpg","width":150,"height":150},"medium":{"url":"https:\/\/villarrealcf.es\/wp-content\/uploads\/2022\/11\/entrenamiento-portada-300x169.jpg","width":300,"height":169},"medium_large":{"url":"https:\/\/villarrealcf.es\/wp-content\/uploads\/2022\/11\/entrenamiento-portada-768x432.jpg","width":768,"height":432},"large":{"url":"https:\/\/villarrealcf.es\/wp-content\/uploads\/2022\/11\/entrenamiento-portada.jpg","width":788,"height":443},"1536x1536":{"url":"https:\/\/villarrealcf.es\/wp-content\/uploads\/2022\/11\/entrenamiento-portada-1536x864.jpg","width":1536,"height":864},"2048x2048":{"url":"https:\/\/villarrealcf.es\/wp-content\/uploads\/2022\/11\/entrenamiento-portada.jpg","width":1920,"height":1080},"tp-image-grid":{"url":"https:\/\/villarrealcf.es\/wp-content\/uploads\/2022\/11\/entrenamiento-portada-700x700.jpg","width":700,"height":700},"size-bunyad-medium":{"url":"https:\/\/villarrealcf.es\/wp-content\/uploads\/2022\/11\/entrenamiento-portada.jpg","width":1920,"height":1080},"sportspress-crop-medium":{"url":"https:\/\/villarrealcf.es\/wp-content\/uploads\/2022\/11\/entrenamiento-portada-300x300.jpg","width":300,"height":300},"sportspress-fit-medium":{"url":"https:\/\/villarrealcf.es\/wp-content\/uploads\/2022\/11\/entrenamiento-portada-300x169.jpg","width":300,"height":169},"sportspress-fit-icon":{"url":"https:\/\/villarrealcf.es\/wp-content\/uploads\/2022\/11\/entrenamiento-portada-128x72.jpg","width":128,"height":72},"sportspress-fit-mini":{"url":"https:\/\/villarrealcf.es\/wp-content\/uploads\/2022\/11\/entrenamiento-portada-32x18.jpg","width":32,"height":18},"bunyad-small":{"url":"https:\/\/villarrealcf.es\/wp-content\/uploads\/2022\/11\/entrenamiento-portada-150x84.jpg","width":150,"height":84},"bunyad-medium":{"url":"https:\/\/villarrealcf.es\/wp-content\/uploads\/2022\/11\/entrenamiento-portada-450x253.jpg","width":450,"height":253},"bunyad-full":{"url":"https:\/\/villarrealcf.es\/wp-content\/uploads\/2022\/11\/entrenamiento-portada-1200x675.jpg","width":1200,"height":675},"bunyad-viewport":{"url":"https:\/\/villarrealcf.es\/wp-content\/uploads\/2022\/11\/entrenamiento-portada.jpg","width":1920,"height":1080},"bunyad-768":{"url":"https:\/\/villarrealcf.es\/wp-content\/uploads\/2022\/11\/entrenamiento-portada-768x432.jpg","width":768,"height":432},"full":{"url":"https:\/\/villarrealcf.es\/wp-content\/uploads\/2022\/11\/entrenamiento-portada.jpg","width":1920,"height":1080}}},"author_data":{"id":"33","name":"Nacho Tejada","first_name":"Nacho","last_name":"Tejada","description":"","avatar_url":"https:\/\/secure.gravatar.com\/avatar\/b1580534b2fcd93e031504756165758941290488df5c88966a26f84344931fd1?s=96&d=mm&r=g","acf":null},"taxonomies_data":{"category":[{"id":13493,"name":"Primer equip","slug":"primer-equip","acf":null}],"post_tag":[{"id":717,"name":"Football","slug":"football-d34","acf":null},{"id":9270,"name":"Futbol","slug":"futbol-val","acf":null},{"id":13474,"name":"Galer\u00eda","slug":"galeria-val","acf":null},{"id":13411,"name":"Galer\u00eda Primer Equipo","slug":"galeria-primer-equipo-val","acf":null},{"id":9278,"name":"primera division","slug":"primera-division-val","acf":null},{"id":716,"name":"Soccer","slug":"soccer-d105","acf":null},{"id":9205,"name":"Submarino","slug":"submarino-val","acf":null},{"id":9627,"name":"Submarino Amarillo","slug":"submarino-amarillo-val","acf":null},{"id":9203,"name":"Villarreal CF","slug":"villarreal-cf-val","acf":null}],"translation_priority":[{"id":735,"name":"Optional","slug":"optional-val","acf":null}]},"seo_full":{"native":{"title":"\u00daltim entrenament abans de viatjar a Turquia - Web Oficial del Villarreal CF","description":"El Villarreal disputar\u00e0 dos amistosos davant Fenerbah\u00e7e i Galatasaray respectivament\n","canonical":"https:\/\/villarrealcf.es\/val\/ultimo-entrenamiento-antes-de-viajar-a-turquia\/"}},"_links":{"self":[{"href":"https:\/\/villarrealcf.es\/val\/wp-json\/wp\/v2\/posts\/234646","targetHints":{"allow":["GET"]}}],"collection":[{"href":"https:\/\/villarrealcf.es\/val\/wp-json\/wp\/v2\/posts"}],"about":[{"href":"https:\/\/villarrealcf.es\/val\/wp-json\/wp\/v2\/types\/post"}],"author":[{"embeddable":true,"href":"https:\/\/villarrealcf.es\/val\/wp-json\/wp\/v2\/users\/33"}],"replies":[{"embeddable":true,"href":"https:\/\/villarrealcf.es\/val\/wp-json\/wp\/v2\/comments?post=234646"}],"version-history":[{"count":0,"href":"https:\/\/villarrealcf.es\/val\/wp-json\/wp\/v2\/posts\/234646\/revisions"}],"wp:featuredmedia":[{"embeddable":true,"href":"https:\/\/villarrealcf.es\/val\/wp-json\/wp\/v2\/media\/234645"}],"wp:attachment":[{"href":"https:\/\/villarrealcf.es\/val\/wp-json\/wp\/v2\/media?parent=234646"}],"wp:term":[{"taxonomy":"category","embeddable":true,"href":"https:\/\/villarrealcf.es\/val\/wp-json\/wp\/v2\/categories?post=234646"},{"taxonomy":"post_tag","embeddable":true,"href":"https:\/\/villarrealcf.es\/val\/wp-json\/wp\/v2\/tags?post=234646"}],"curies":[{"name":"wp","href":"https:\/\/api.w.org\/{rel}","templated":true}]}}