{"id":232427,"date":"2022-11-25T12:58:08","date_gmt":"2022-11-25T11:58:08","guid":{"rendered":"https:\/\/villarrealcf.es\/\/llega-el-groc-friday-al-villarreal-2\/"},"modified":"2022-11-25T13:11:13","modified_gmt":"2022-11-25T12:11:13","slug":"llega-el-groc-friday-al-villarreal-2","status":"publish","type":"post","link":"https:\/\/villarrealcf.es\/val\/llega-el-groc-friday-al-villarreal-2\/","title":{"rendered":"Arriba el Groc Friday al Villarreal!"},"content":{"protected":false,"blocks":[{"type":"paragraph","text":"Els aficionats gaudiran d\u2019un 20% de descompte en 11 productes de la Tenda Oficial"},{"type":"paragraph","text":"El Groc Friday ja \u00e9s ac\u00ed! La Tenda Oficial del Villarreal CF ha format un equip de garanties per a sorprendre als groguets de cara a aquesta important cita. Fins a 11 productes oficials comptaran amb un 20% de descompte a la Tenda Online i la Tenda Oficial des del divendres 25 al dilluns 28 de novembre."},{"type":"paragraph","text":"Els aficionats ho tindran dif\u00edcil per a quedar-se amb un sol producte del nostre equip. Samarretes oficials, indument\u00e0ria Joma i diferents productes de marxandatge formen aquesta espectacular alineaci\u00f3. La varietat d\u2019opcions \u00e9s una altra de les bases d\u2019aquest conjunt. A continuaci\u00f3, us presentarem els 11 guerrers que defensaran els nostres colors en una cita tan important com el Groc Friday:"},{"type":"list","style":"ol","items":["Jaqueta de precalfament 22\/23","Tassa Villarreal 1923","Dessuadora de jugador 22\/23","Segon equipament 22\/23","Tassa Endavant Villarreal","Pilota 1923 Villarreal","Pe\u00fccs","Xancletes grogues CVF","Pilota de la UEFA Europa League","Anuari de la temporada 2021\/22","Silla gamer Villarreal CF"]}],"structured":{"summary":{"text":"Els aficionats gaudiran d\u2019un 20% de descompte en 11 productes de la Tenda Oficial El Groc Friday ja \u00e9s ac\u00ed! La Tenda Oficial del Villarreal CF ha format un equip de garanties per a sorprendre als groguets de cara a aquesta important cita. Fins a 11 productes oficials comptaran amb un 20% de descompte a la Tenda Online i la Tenda Oficial des del divendres 25 al dilluns 28 de novembre. Els aficionats ho tindran dif\u00edcil per a quedar-se amb un sol producte del nostre equip. Samarretes oficials, indument\u00e0ria Joma i diferents productes de marxandatge formen aquesta espectacular alineaci\u00f3. La varietat d\u2019opcions \u00e9s una altra de les bases d\u2019aquest conjunt. A continuaci\u00f3, us presentarem els 11 guerrers que defensaran els nostres colors en una cita tan important com el Groc Friday: Jaqueta de precalfament 22\/23 Tassa Villarreal 1923 Dessuadora de jugador 22\/23 Segon equipament 22\/23 Tassa Endavant Villarreal Pilota 1923 Villarreal Pe\u00fccs Xancletes grogues CVF Pilota de la UEFA Europa League Anuari de la temporada 2021\/22 Silla gamer Villarreal CF","headings":[],"buttons":[],"images":[],"counts":{"blocks":4,"headings":0,"texts":3,"buttons":0,"images":0}},"sections":[{"id":"section-1","title":"","text":"Els aficionats gaudiran d\u2019un 20% de descompte en 11 productes de la Tenda Oficial El Groc Friday ja \u00e9s ac\u00ed! La Tenda Oficial del Villarreal CF ha format un equip de garanties per a sorprendre als groguets de cara a aquesta important cita. Fins a 11 productes oficials comptaran amb un 20% de descompte a la Tenda Online i la Tenda Oficial des del divendres 25 al dilluns 28 de novembre. Els aficionats ho tindran dif\u00edcil per a quedar-se amb un sol producte del nostre equip. Samarretes oficials, indument\u00e0ria Joma i diferents productes de marxandatge formen aquesta espectacular alineaci\u00f3. La varietat d\u2019opcions \u00e9s una altra de les bases d\u2019aquest conjunt. A continuaci\u00f3, us presentarem els 11 guerrers que defensaran els nostres colors en una cita tan important com el Groc Friday:","headings":[],"texts":[{"type":"paragraph","text":"Els aficionats gaudiran d\u2019un 20% de descompte en 11 productes de la Tenda Oficial"},{"type":"paragraph","text":"El Groc Friday ja \u00e9s ac\u00ed! La Tenda Oficial del Villarreal CF ha format un equip de garanties per a sorprendre als groguets de cara a aquesta important cita. Fins a 11 productes oficials comptaran amb un 20% de descompte a la Tenda Online i la Tenda Oficial des del divendres 25 al dilluns 28 de novembre."},{"type":"paragraph","text":"Els aficionats ho tindran dif\u00edcil per a quedar-se amb un sol producte del nostre equip. Samarretes oficials, indument\u00e0ria Joma i diferents productes de marxandatge formen aquesta espectacular alineaci\u00f3. La varietat d\u2019opcions \u00e9s una altra de les bases d\u2019aquest conjunt. A continuaci\u00f3, us presentarem els 11 guerrers que defensaran els nostres colors en una cita tan important com el Groc Friday:"}],"buttons":[],"images":[],"widgets":[],"blocks":[{"type":"paragraph","text":"Els aficionats gaudiran d\u2019un 20% de descompte en 11 productes de la Tenda Oficial"},{"type":"paragraph","text":"El Groc Friday ja \u00e9s ac\u00ed! La Tenda Oficial del Villarreal CF ha format un equip de garanties per a sorprendre als groguets de cara a aquesta important cita. Fins a 11 productes oficials comptaran amb un 20% de descompte a la Tenda Online i la Tenda Oficial des del divendres 25 al dilluns 28 de novembre."},{"type":"paragraph","text":"Els aficionats ho tindran dif\u00edcil per a quedar-se amb un sol producte del nostre equip. Samarretes oficials, indument\u00e0ria Joma i diferents productes de marxandatge formen aquesta espectacular alineaci\u00f3. La varietat d\u2019opcions \u00e9s una altra de les bases d\u2019aquest conjunt. A continuaci\u00f3, us presentarem els 11 guerrers que defensaran els nostres colors en una cita tan important com el Groc Friday:"},{"type":"list","style":"ol","items":["Jaqueta de precalfament 22\/23","Tassa Villarreal 1923","Dessuadora de jugador 22\/23","Segon equipament 22\/23","Tassa Endavant Villarreal","Pilota 1923 Villarreal","Pe\u00fccs","Xancletes grogues CVF","Pilota de la UEFA Europa League","Anuari de la temporada 2021\/22","Silla gamer Villarreal CF"]}]}],"hero":{"id":"section-1","title":"","text":"Els aficionats gaudiran d\u2019un 20% de descompte en 11 productes de la Tenda Oficial El Groc Friday ja \u00e9s ac\u00ed! La Tenda Oficial del Villarreal CF ha format un equip de garanties per a sorprendre als groguets de cara a aquesta important cita. Fins a 11 productes oficials comptaran amb un 20% de descompte a la Tenda Online i la Tenda Oficial des del divendres 25 al dilluns 28 de novembre. Els aficionats ho tindran dif\u00edcil per a quedar-se amb un sol producte del nostre equip. Samarretes oficials, indument\u00e0ria Joma i diferents productes de marxandatge formen aquesta espectacular alineaci\u00f3. La varietat d\u2019opcions \u00e9s una altra de les bases d\u2019aquest conjunt. A continuaci\u00f3, us presentarem els 11 guerrers que defensaran els nostres colors en una cita tan important com el Groc Friday:","headings":[],"texts":[{"type":"paragraph","text":"Els aficionats gaudiran d\u2019un 20% de descompte en 11 productes de la Tenda Oficial"},{"type":"paragraph","text":"El Groc Friday ja \u00e9s ac\u00ed! La Tenda Oficial del Villarreal CF ha format un equip de garanties per a sorprendre als groguets de cara a aquesta important cita. Fins a 11 productes oficials comptaran amb un 20% de descompte a la Tenda Online i la Tenda Oficial des del divendres 25 al dilluns 28 de novembre."},{"type":"paragraph","text":"Els aficionats ho tindran dif\u00edcil per a quedar-se amb un sol producte del nostre equip. Samarretes oficials, indument\u00e0ria Joma i diferents productes de marxandatge formen aquesta espectacular alineaci\u00f3. La varietat d\u2019opcions \u00e9s una altra de les bases d\u2019aquest conjunt. A continuaci\u00f3, us presentarem els 11 guerrers que defensaran els nostres colors en una cita tan important com el Groc Friday:"}],"buttons":[],"images":[],"widgets":[],"blocks":[{"type":"paragraph","text":"Els aficionats gaudiran d\u2019un 20% de descompte en 11 productes de la Tenda Oficial"},{"type":"paragraph","text":"El Groc Friday ja \u00e9s ac\u00ed! La Tenda Oficial del Villarreal CF ha format un equip de garanties per a sorprendre als groguets de cara a aquesta important cita. Fins a 11 productes oficials comptaran amb un 20% de descompte a la Tenda Online i la Tenda Oficial des del divendres 25 al dilluns 28 de novembre."},{"type":"paragraph","text":"Els aficionats ho tindran dif\u00edcil per a quedar-se amb un sol producte del nostre equip. Samarretes oficials, indument\u00e0ria Joma i diferents productes de marxandatge formen aquesta espectacular alineaci\u00f3. La varietat d\u2019opcions \u00e9s una altra de les bases d\u2019aquest conjunt. A continuaci\u00f3, us presentarem els 11 guerrers que defensaran els nostres colors en una cita tan important com el Groc Friday:"},{"type":"list","style":"ol","items":["Jaqueta de precalfament 22\/23","Tassa Villarreal 1923","Dessuadora de jugador 22\/23","Segon equipament 22\/23","Tassa Endavant Villarreal","Pilota 1923 Villarreal","Pe\u00fccs","Xancletes grogues CVF","Pilota de la UEFA Europa League","Anuari de la temporada 2021\/22","Silla gamer Villarreal CF"]}]}},"sections":[{"id":"section-1","title":"","text":"Els aficionats gaudiran d\u2019un 20% de descompte en 11 productes de la Tenda Oficial El Groc Friday ja \u00e9s ac\u00ed! La Tenda Oficial del Villarreal CF ha format un equip de garanties per a sorprendre als groguets de cara a aquesta important cita. Fins a 11 productes oficials comptaran amb un 20% de descompte a la Tenda Online i la Tenda Oficial des del divendres 25 al dilluns 28 de novembre. Els aficionats ho tindran dif\u00edcil per a quedar-se amb un sol producte del nostre equip. Samarretes oficials, indument\u00e0ria Joma i diferents productes de marxandatge formen aquesta espectacular alineaci\u00f3. La varietat d\u2019opcions \u00e9s una altra de les bases d\u2019aquest conjunt. A continuaci\u00f3, us presentarem els 11 guerrers que defensaran els nostres colors en una cita tan important com el Groc Friday:","url":"","background_image":"","images":[],"videos":[],"links":[]}]},"excerpt":{"rendered":"Els aficionats gaudiran d&#8217;un 20% de descompte en 11 productes de la Tenda Oficial El Groc Friday ja \u00e9s ac\u00ed! La Tenda Oficial del Villarreal CF ha format un equip de garanties per a sorprendre als groguets de cara a aquesta important cita. Fins a 11 productes oficials comptaran amb un 20% de descompte a","protected":false},"author":25,"featured_media":232424,"comment_status":"closed","ping_status":"closed","sticky":false,"template":"","format":"standard","meta":{"_acf_changed":false,"footnotes":""},"categories":[13484],"tags":[],"acf":null,"lang":"val","translations":{"es":232090,"val":232427,"en":232436},"essential_grid":{"has_grid":false},"formatted_date":"November 25, 2022","modified_date":"November 25, 2022","permalink":"https:\/\/villarrealcf.es\/val\/llega-el-groc-friday-al-villarreal-2\/","reading_time":1,"featured_media_data":{"id":232424,"title":"Black Friday Web","caption":"","alt_text":"","description":"","mime_type":"image\/jpeg","source_url":"https:\/\/villarrealcf.es\/wp-content\/uploads\/2022\/11\/Black-Friday-Web.jpg","sizes":{"thumbnail":{"url":"https:\/\/villarrealcf.es\/wp-content\/uploads\/2022\/11\/Black-Friday-Web-150x150.jpg","width":150,"height":150},"medium":{"url":"https:\/\/villarrealcf.es\/wp-content\/uploads\/2022\/11\/Black-Friday-Web-300x169.jpg","width":300,"height":169},"medium_large":{"url":"https:\/\/villarrealcf.es\/wp-content\/uploads\/2022\/11\/Black-Friday-Web-768x432.jpg","width":768,"height":432},"large":{"url":"https:\/\/villarrealcf.es\/wp-content\/uploads\/2022\/11\/Black-Friday-Web-1024x576.jpg","width":788,"height":443},"1536x1536":{"url":"https:\/\/villarrealcf.es\/wp-content\/uploads\/2022\/11\/Black-Friday-Web-1536x864.jpg","width":1536,"height":864},"2048x2048":{"url":"https:\/\/villarrealcf.es\/wp-content\/uploads\/2022\/11\/Black-Friday-Web.jpg","width":1920,"height":1080},"tp-image-grid":{"url":"https:\/\/villarrealcf.es\/wp-content\/uploads\/2022\/11\/Black-Friday-Web-700x700.jpg","width":700,"height":700},"size-bunyad-medium":{"url":"https:\/\/villarrealcf.es\/wp-content\/uploads\/2022\/11\/Black-Friday-Web.jpg","width":1920,"height":1080},"sportspress-crop-medium":{"url":"https:\/\/villarrealcf.es\/wp-content\/uploads\/2022\/11\/Black-Friday-Web-300x300.jpg","width":300,"height":300},"sportspress-fit-medium":{"url":"https:\/\/villarrealcf.es\/wp-content\/uploads\/2022\/11\/Black-Friday-Web-300x169.jpg","width":300,"height":169},"sportspress-fit-icon":{"url":"https:\/\/villarrealcf.es\/wp-content\/uploads\/2022\/11\/Black-Friday-Web-128x72.jpg","width":128,"height":72},"sportspress-fit-mini":{"url":"https:\/\/villarrealcf.es\/wp-content\/uploads\/2022\/11\/Black-Friday-Web-32x18.jpg","width":32,"height":18},"bunyad-small":{"url":"https:\/\/villarrealcf.es\/wp-content\/uploads\/2022\/11\/Black-Friday-Web-150x84.jpg","width":150,"height":84},"bunyad-medium":{"url":"https:\/\/villarrealcf.es\/wp-content\/uploads\/2022\/11\/Black-Friday-Web-450x253.jpg","width":450,"height":253},"bunyad-full":{"url":"https:\/\/villarrealcf.es\/wp-content\/uploads\/2022\/11\/Black-Friday-Web-1200x675.jpg","width":1200,"height":675},"bunyad-viewport":{"url":"https:\/\/villarrealcf.es\/wp-content\/uploads\/2022\/11\/Black-Friday-Web.jpg","width":1920,"height":1080},"bunyad-768":{"url":"https:\/\/villarrealcf.es\/wp-content\/uploads\/2022\/11\/Black-Friday-Web-768x432.jpg","width":768,"height":432},"full":{"url":"https:\/\/villarrealcf.es\/wp-content\/uploads\/2022\/11\/Black-Friday-Web.jpg","width":1920,"height":1080}}},"author_data":{"id":"25","name":"Javier Ayuso","first_name":"Javier","last_name":"Ayuso","description":"","avatar_url":"https:\/\/secure.gravatar.com\/avatar\/fcf8894be45988fcce5bbff0efe1790d2a7f4ba57e2c7c898f5068154e696495?s=96&d=mm&r=g","acf":null},"taxonomies_data":{"category":[{"id":13484,"name":"Club","slug":"club","acf":null}],"translation_priority":[{"id":735,"name":"Optional","slug":"optional-val","acf":null}]},"seo_full":{"native":{"title":"Arriba el Groc Friday al Villarreal! - Web Oficial del Villarreal CF","description":"Els aficionats gaudiran d'un 20% de descompte en 11 productes de la Tenda Oficial El Groc Friday ja \u00e9s ac\u00ed!&hellip;","canonical":"https:\/\/villarrealcf.es\/val\/llega-el-groc-friday-al-villarreal-2\/"}},"_links":{"self":[{"href":"https:\/\/villarrealcf.es\/val\/wp-json\/wp\/v2\/posts\/232427","targetHints":{"allow":["GET"]}}],"collection":[{"href":"https:\/\/villarrealcf.es\/val\/wp-json\/wp\/v2\/posts"}],"about":[{"href":"https:\/\/villarrealcf.es\/val\/wp-json\/wp\/v2\/types\/post"}],"author":[{"embeddable":true,"href":"https:\/\/villarrealcf.es\/val\/wp-json\/wp\/v2\/users\/25"}],"replies":[{"embeddable":true,"href":"https:\/\/villarrealcf.es\/val\/wp-json\/wp\/v2\/comments?post=232427"}],"version-history":[{"count":0,"href":"https:\/\/villarrealcf.es\/val\/wp-json\/wp\/v2\/posts\/232427\/revisions"}],"wp:featuredmedia":[{"embeddable":true,"href":"https:\/\/villarrealcf.es\/val\/wp-json\/wp\/v2\/media\/232424"}],"wp:attachment":[{"href":"https:\/\/villarrealcf.es\/val\/wp-json\/wp\/v2\/media?parent=232427"}],"wp:term":[{"taxonomy":"category","embeddable":true,"href":"https:\/\/villarrealcf.es\/val\/wp-json\/wp\/v2\/categories?post=232427"},{"taxonomy":"post_tag","embeddable":true,"href":"https:\/\/villarrealcf.es\/val\/wp-json\/wp\/v2\/tags?post=232427"}],"curies":[{"name":"wp","href":"https:\/\/api.w.org\/{rel}","templated":true}]}}