{"id":230818,"date":"2022-11-17T15:11:49","date_gmt":"2022-11-17T14:11:49","guid":{"rendered":"https:\/\/villarrealcf.es\/\/els-mundialistes-grocs\/"},"modified":"2022-11-23T10:53:12","modified_gmt":"2022-11-23T09:53:12","slug":"els-mundialistes-grocs","status":"publish","type":"post","link":"https:\/\/villarrealcf.es\/val\/els-mundialistes-grocs\/","title":{"rendered":"Els mundialistes grocs"},"content":{"protected":false,"blocks":[{"type":"image","url":"https:\/\/villarrealcf.es\/\/wp-content\/uploads\/2022\/11\/6197e6dd6d78884845b30e45fa120eb7.jpg","alt":"||||||","width":1170,"height":658,"srcset":"https:\/\/villarrealcf.es\/wp-content\/uploads\/2022\/11\/6197e6dd6d78884845b30e45fa120eb7.jpg 1170w, https:\/\/villarrealcf.es\/\/wp-content\/uploads\/2022\/11\/6197e6dd6d78884845b30e45fa120eb7.jpg 1920w, https:\/\/villarrealcf.es\/wp-content\/uploads\/2022\/11\/6197e6dd6d78884845b30e45fa120eb7-1024x576.jpg 1024w, https:\/\/villarrealcf.es\/\/wp-content\/uploads\/2022\/11\/6197e6dd6d78884845b30e45fa120eb7.jpg 1920w, https:\/\/villarrealcf.es\/\/wp-content\/uploads\/2022\/11\/6197e6dd6d78884845b30e45fa120eb7.jpg 1920w, https:\/\/villarrealcf.es\/wp-content\/uploads\/2022\/11\/6197e6dd6d78884845b30e45fa120eb7-32x18.jpg 32w, https:\/\/villarrealcf.es\/wp-content\/uploads\/2022\/11\/6197e6dd6d78884845b30e45fa120eb7-150x84.jpg 150w, https:\/\/villarrealcf.es\/\/wp-content\/uploads\/2022\/11\/6197e6dd6d78884845b30e45fa120eb7.jpg 1920w","sizes":"auto, (max-width: 1170px) 100vw, 1170px"},{"type":"list","style":"ul","items":["Mundial d\u2019Alemanya 2006: Marcos Senna (Espanya), Antonio Val\u00e8ncia (l\u2019Equador), Guille Franco (M\u00e8xic), Juan Pablo Sor\u00edn (l\u2019Argentina) i Juan Rom\u00e1n Riquelme (l\u2019Argentina).","Mundial de Sud-\u00e0frica 2010: Joan Capdevila (Espanya), Nilmar da Silva (el Brasil), Giuseppe Rossi (It\u00e0lia), Diego God\u00edn (l\u2019Uruguai) i Jozy Altidore (els Estats Units).","Mundial del Brasil 2014: Giovani Dos Santos (M\u00e8xic) i Javier Aquino (M\u00e8xic).","Mundial de R\u00fassia 2018: Denis Cheryshev (R\u00fassia), Antonio Rukavina (S\u00e8rbia), Carlos Bacca (Col\u00f2mbia), Salem Al Dawsari (l\u2019Ar\u00e0bia Saudita) i Alfred N\u2019Diaye (el Senegal).","Mundial de Qatar 2022: Pau Torres (Espanya), Yeremy Pino (Espanya), Juan Foyth (l\u2019Argentina), Gero Rulli (l\u2019Argentina) i Nicolas Jackson (el Senegal)."]},{"type":"video","kind":"iframe","url":"https:\/\/www.youtube.com\/embed\/jy8CHf_bhtI?feature=oembed","poster":""}],"structured":{"summary":{"text":"Un total de 22 futbolistes del Villarreal han disputat el torneig de seleccions m\u00e9s prestigi\u00f3s del m\u00f3n El Villarreal CF tornar\u00e0 a comptar amb representaci\u00f3 en una cita mundialista. A Qatar 2022, fins a cinc futbolistes groguets defensaran els interessos de les seues respectives seleccions. Pau Torres i Yeremy Pino, amb Espanya; Juan Foyth i Gero Rulli, amb l\u2019Argentina; i Nicolas Jackson, amb el Senegal, lluitaran per convertir-se en campions del m\u00f3n. Amb anterioritat, altres llegendes del club com Marcos Senna, Juan Rom\u00e1n Riquelme, Giuseppe Rossi o Juanpi Sor\u00edn van participar en la Copa del M\u00f3n sent futbolistes del Villarreal. Aquest \u00e9s el llistat de 22 futbolistes que han disputat una Copa del M\u00f3n com a jugadors groguets: Mundial d\u2019Alemanya 2006: Marcos Senna (Espanya), Antonio Val\u00e8ncia (l\u2019Equador), Guille Franco (M\u00e8xic), Juan Pablo Sor\u00edn (l\u2019Argentina) i Juan Rom\u00e1n Riquelme (l\u2019Argentina). Mundial de Sud-\u00e0frica 2010: Joan Capdevila (Espanya), Nilmar da Silva (el Brasil), Giuseppe Rossi (It\u00e0lia), Diego God\u00edn (l\u2019Uruguai) i Jozy Altidore (els Estats Units). Mundial del Brasil 2014: Giovani Dos Santos (M\u00e8xic) i Javier Aquino (M\u00e8xic). Mundial de R\u00fassia 2018: Denis Cheryshev (R\u00fassia), Antonio Rukavina (S\u00e8rbia), Carlos Bacca (Col\u00f2mbia), Salem Al Dawsari (l\u2019Ar\u00e0bia Saudita) i Alfred N\u2019Diaye (el Senegal). Mundial de Qatar 2022: Pau Torres (Espanya), Yeremy Pino (Espanya), Juan Foyth (l\u2019Argentina), Gero Rulli (l\u2019Argentina) i Nicolas Jackson (el Senegal).","headings":[],"buttons":[],"images":[{"type":"image","url":"https:\/\/villarrealcf.es\/\/wp-content\/uploads\/2022\/11\/6197e6dd6d78884845b30e45fa120eb7.jpg","alt":"||||||","width":1170,"height":658,"srcset":"https:\/\/villarrealcf.es\/wp-content\/uploads\/2022\/11\/6197e6dd6d78884845b30e45fa120eb7.jpg 1170w, https:\/\/villarrealcf.es\/\/wp-content\/uploads\/2022\/11\/6197e6dd6d78884845b30e45fa120eb7.jpg 1920w, https:\/\/villarrealcf.es\/wp-content\/uploads\/2022\/11\/6197e6dd6d78884845b30e45fa120eb7-1024x576.jpg 1024w, https:\/\/villarrealcf.es\/\/wp-content\/uploads\/2022\/11\/6197e6dd6d78884845b30e45fa120eb7.jpg 1920w, https:\/\/villarrealcf.es\/\/wp-content\/uploads\/2022\/11\/6197e6dd6d78884845b30e45fa120eb7.jpg 1920w, https:\/\/villarrealcf.es\/wp-content\/uploads\/2022\/11\/6197e6dd6d78884845b30e45fa120eb7-32x18.jpg 32w, https:\/\/villarrealcf.es\/wp-content\/uploads\/2022\/11\/6197e6dd6d78884845b30e45fa120eb7-150x84.jpg 150w, https:\/\/villarrealcf.es\/\/wp-content\/uploads\/2022\/11\/6197e6dd6d78884845b30e45fa120eb7.jpg 1920w","sizes":"auto, (max-width: 1170px) 100vw, 1170px"}],"counts":{"blocks":3,"headings":0,"texts":0,"buttons":0,"images":1}},"sections":[{"id":"section-1","title":"","text":"","headings":[],"texts":[],"buttons":[],"images":[{"type":"image","url":"https:\/\/villarrealcf.es\/\/wp-content\/uploads\/2022\/11\/6197e6dd6d78884845b30e45fa120eb7.jpg","alt":"||||||","width":1170,"height":658,"srcset":"https:\/\/villarrealcf.es\/wp-content\/uploads\/2022\/11\/6197e6dd6d78884845b30e45fa120eb7.jpg 1170w, https:\/\/villarrealcf.es\/\/wp-content\/uploads\/2022\/11\/6197e6dd6d78884845b30e45fa120eb7.jpg 1920w, https:\/\/villarrealcf.es\/wp-content\/uploads\/2022\/11\/6197e6dd6d78884845b30e45fa120eb7-1024x576.jpg 1024w, https:\/\/villarrealcf.es\/\/wp-content\/uploads\/2022\/11\/6197e6dd6d78884845b30e45fa120eb7.jpg 1920w, https:\/\/villarrealcf.es\/\/wp-content\/uploads\/2022\/11\/6197e6dd6d78884845b30e45fa120eb7.jpg 1920w, https:\/\/villarrealcf.es\/wp-content\/uploads\/2022\/11\/6197e6dd6d78884845b30e45fa120eb7-32x18.jpg 32w, https:\/\/villarrealcf.es\/wp-content\/uploads\/2022\/11\/6197e6dd6d78884845b30e45fa120eb7-150x84.jpg 150w, https:\/\/villarrealcf.es\/\/wp-content\/uploads\/2022\/11\/6197e6dd6d78884845b30e45fa120eb7.jpg 1920w","sizes":"auto, (max-width: 1170px) 100vw, 1170px"}],"widgets":[],"blocks":[{"type":"image","url":"https:\/\/villarrealcf.es\/\/wp-content\/uploads\/2022\/11\/6197e6dd6d78884845b30e45fa120eb7.jpg","alt":"||||||","width":1170,"height":658,"srcset":"https:\/\/villarrealcf.es\/wp-content\/uploads\/2022\/11\/6197e6dd6d78884845b30e45fa120eb7.jpg 1170w, https:\/\/villarrealcf.es\/\/wp-content\/uploads\/2022\/11\/6197e6dd6d78884845b30e45fa120eb7.jpg 1920w, https:\/\/villarrealcf.es\/wp-content\/uploads\/2022\/11\/6197e6dd6d78884845b30e45fa120eb7-1024x576.jpg 1024w, https:\/\/villarrealcf.es\/\/wp-content\/uploads\/2022\/11\/6197e6dd6d78884845b30e45fa120eb7.jpg 1920w, https:\/\/villarrealcf.es\/\/wp-content\/uploads\/2022\/11\/6197e6dd6d78884845b30e45fa120eb7.jpg 1920w, https:\/\/villarrealcf.es\/wp-content\/uploads\/2022\/11\/6197e6dd6d78884845b30e45fa120eb7-32x18.jpg 32w, https:\/\/villarrealcf.es\/wp-content\/uploads\/2022\/11\/6197e6dd6d78884845b30e45fa120eb7-150x84.jpg 150w, https:\/\/villarrealcf.es\/\/wp-content\/uploads\/2022\/11\/6197e6dd6d78884845b30e45fa120eb7.jpg 1920w","sizes":"auto, (max-width: 1170px) 100vw, 1170px"},{"type":"list","style":"ul","items":["Mundial d\u2019Alemanya 2006: Marcos Senna (Espanya), Antonio Val\u00e8ncia (l\u2019Equador), Guille Franco (M\u00e8xic), Juan Pablo Sor\u00edn (l\u2019Argentina) i Juan Rom\u00e1n Riquelme (l\u2019Argentina).","Mundial de Sud-\u00e0frica 2010: Joan Capdevila (Espanya), Nilmar da Silva (el Brasil), Giuseppe Rossi (It\u00e0lia), Diego God\u00edn (l\u2019Uruguai) i Jozy Altidore (els Estats Units).","Mundial del Brasil 2014: Giovani Dos Santos (M\u00e8xic) i Javier Aquino (M\u00e8xic).","Mundial de R\u00fassia 2018: Denis Cheryshev (R\u00fassia), Antonio Rukavina (S\u00e8rbia), Carlos Bacca (Col\u00f2mbia), Salem Al Dawsari (l\u2019Ar\u00e0bia Saudita) i Alfred N\u2019Diaye (el Senegal).","Mundial de Qatar 2022: Pau Torres (Espanya), Yeremy Pino (Espanya), Juan Foyth (l\u2019Argentina), Gero Rulli (l\u2019Argentina) i Nicolas Jackson (el Senegal)."]},{"type":"video","kind":"iframe","url":"https:\/\/www.youtube.com\/embed\/jy8CHf_bhtI?feature=oembed","poster":""}]}],"hero":{"id":"section-1","title":"","text":"","headings":[],"texts":[],"buttons":[],"images":[{"type":"image","url":"https:\/\/villarrealcf.es\/\/wp-content\/uploads\/2022\/11\/6197e6dd6d78884845b30e45fa120eb7.jpg","alt":"||||||","width":1170,"height":658,"srcset":"https:\/\/villarrealcf.es\/wp-content\/uploads\/2022\/11\/6197e6dd6d78884845b30e45fa120eb7.jpg 1170w, https:\/\/villarrealcf.es\/\/wp-content\/uploads\/2022\/11\/6197e6dd6d78884845b30e45fa120eb7.jpg 1920w, https:\/\/villarrealcf.es\/wp-content\/uploads\/2022\/11\/6197e6dd6d78884845b30e45fa120eb7-1024x576.jpg 1024w, https:\/\/villarrealcf.es\/\/wp-content\/uploads\/2022\/11\/6197e6dd6d78884845b30e45fa120eb7.jpg 1920w, https:\/\/villarrealcf.es\/\/wp-content\/uploads\/2022\/11\/6197e6dd6d78884845b30e45fa120eb7.jpg 1920w, https:\/\/villarrealcf.es\/wp-content\/uploads\/2022\/11\/6197e6dd6d78884845b30e45fa120eb7-32x18.jpg 32w, https:\/\/villarrealcf.es\/wp-content\/uploads\/2022\/11\/6197e6dd6d78884845b30e45fa120eb7-150x84.jpg 150w, https:\/\/villarrealcf.es\/\/wp-content\/uploads\/2022\/11\/6197e6dd6d78884845b30e45fa120eb7.jpg 1920w","sizes":"auto, (max-width: 1170px) 100vw, 1170px"}],"widgets":[],"blocks":[{"type":"image","url":"https:\/\/villarrealcf.es\/\/wp-content\/uploads\/2022\/11\/6197e6dd6d78884845b30e45fa120eb7.jpg","alt":"||||||","width":1170,"height":658,"srcset":"https:\/\/villarrealcf.es\/wp-content\/uploads\/2022\/11\/6197e6dd6d78884845b30e45fa120eb7.jpg 1170w, https:\/\/villarrealcf.es\/\/wp-content\/uploads\/2022\/11\/6197e6dd6d78884845b30e45fa120eb7.jpg 1920w, https:\/\/villarrealcf.es\/wp-content\/uploads\/2022\/11\/6197e6dd6d78884845b30e45fa120eb7-1024x576.jpg 1024w, https:\/\/villarrealcf.es\/\/wp-content\/uploads\/2022\/11\/6197e6dd6d78884845b30e45fa120eb7.jpg 1920w, https:\/\/villarrealcf.es\/\/wp-content\/uploads\/2022\/11\/6197e6dd6d78884845b30e45fa120eb7.jpg 1920w, https:\/\/villarrealcf.es\/wp-content\/uploads\/2022\/11\/6197e6dd6d78884845b30e45fa120eb7-32x18.jpg 32w, https:\/\/villarrealcf.es\/wp-content\/uploads\/2022\/11\/6197e6dd6d78884845b30e45fa120eb7-150x84.jpg 150w, https:\/\/villarrealcf.es\/\/wp-content\/uploads\/2022\/11\/6197e6dd6d78884845b30e45fa120eb7.jpg 1920w","sizes":"auto, (max-width: 1170px) 100vw, 1170px"},{"type":"list","style":"ul","items":["Mundial d\u2019Alemanya 2006: Marcos Senna (Espanya), Antonio Val\u00e8ncia (l\u2019Equador), Guille Franco (M\u00e8xic), Juan Pablo Sor\u00edn (l\u2019Argentina) i Juan Rom\u00e1n Riquelme (l\u2019Argentina).","Mundial de Sud-\u00e0frica 2010: Joan Capdevila (Espanya), Nilmar da Silva (el Brasil), Giuseppe Rossi (It\u00e0lia), Diego God\u00edn (l\u2019Uruguai) i Jozy Altidore (els Estats Units).","Mundial del Brasil 2014: Giovani Dos Santos (M\u00e8xic) i Javier Aquino (M\u00e8xic).","Mundial de R\u00fassia 2018: Denis Cheryshev (R\u00fassia), Antonio Rukavina (S\u00e8rbia), Carlos Bacca (Col\u00f2mbia), Salem Al Dawsari (l\u2019Ar\u00e0bia Saudita) i Alfred N\u2019Diaye (el Senegal).","Mundial de Qatar 2022: Pau Torres (Espanya), Yeremy Pino (Espanya), Juan Foyth (l\u2019Argentina), Gero Rulli (l\u2019Argentina) i Nicolas Jackson (el Senegal)."]},{"type":"video","kind":"iframe","url":"https:\/\/www.youtube.com\/embed\/jy8CHf_bhtI?feature=oembed","poster":""}]}},"sections":[{"id":"section-1","title":"","text":"","url":"","background_image":"","images":[{"type":"image","url":"https:\/\/villarrealcf.es\/\/wp-content\/uploads\/2022\/11\/6197e6dd6d78884845b30e45fa120eb7.jpg","alt":"||||||","width":1170,"height":658,"srcset":"https:\/\/villarrealcf.es\/wp-content\/uploads\/2022\/11\/6197e6dd6d78884845b30e45fa120eb7.jpg 1170w, https:\/\/villarrealcf.es\/\/wp-content\/uploads\/2022\/11\/6197e6dd6d78884845b30e45fa120eb7.jpg 1920w, https:\/\/villarrealcf.es\/wp-content\/uploads\/2022\/11\/6197e6dd6d78884845b30e45fa120eb7-1024x576.jpg 1024w, https:\/\/villarrealcf.es\/\/wp-content\/uploads\/2022\/11\/6197e6dd6d78884845b30e45fa120eb7.jpg 1920w, https:\/\/villarrealcf.es\/\/wp-content\/uploads\/2022\/11\/6197e6dd6d78884845b30e45fa120eb7.jpg 1920w, https:\/\/villarrealcf.es\/wp-content\/uploads\/2022\/11\/6197e6dd6d78884845b30e45fa120eb7-32x18.jpg 32w, https:\/\/villarrealcf.es\/wp-content\/uploads\/2022\/11\/6197e6dd6d78884845b30e45fa120eb7-150x84.jpg 150w, https:\/\/villarrealcf.es\/\/wp-content\/uploads\/2022\/11\/6197e6dd6d78884845b30e45fa120eb7.jpg 1920w","sizes":"auto, (max-width: 1170px) 100vw, 1170px"}],"videos":[{"type":"video","kind":"iframe","url":"https:\/\/www.youtube.com\/embed\/jy8CHf_bhtI?feature=oembed","poster":""}],"links":[]},{"id":"shortcode-caption-69eefb0066b23","type":"shortcode","shortcode":"caption","attributes":{"id":"attachment_230815","align":"alignnone","width":""},"title":"Caption","rendered":"","data":[],"text":"","url":"","background_image":"","images":[],"videos":[],"links":[],"blocks":[]}]},"excerpt":{"rendered":"Un total de 22 futbolistes del Villarreal han disputat el torneig de seleccions m\u00e9s prestigi\u00f3s del m\u00f3n","protected":false},"author":25,"featured_media":230815,"comment_status":"closed","ping_status":"closed","sticky":false,"template":"","format":"standard","meta":{"_acf_changed":false,"footnotes":""},"categories":[4854],"tags":[],"acf":null,"lang":"val","translations":{"val":230818},"essential_grid":{"has_grid":false},"formatted_date":"November 17, 2022","modified_date":"November 23, 2022","permalink":"https:\/\/villarrealcf.es\/val\/els-mundialistes-grocs\/","reading_time":2,"featured_media_data":{"id":230815,"title":"||||||","caption":"||||||","alt_text":"||||||","description":"","mime_type":"image\/jpeg","source_url":"https:\/\/villarrealcf.es\/wp-content\/uploads\/2022\/11\/6197e6dd6d78884845b30e45fa120eb7.jpg","sizes":{"thumbnail":{"url":"https:\/\/villarrealcf.es\/wp-content\/uploads\/2022\/11\/6197e6dd6d78884845b30e45fa120eb7-150x150.jpg","width":150,"height":150},"medium":{"url":"https:\/\/villarrealcf.es\/wp-content\/uploads\/2022\/11\/6197e6dd6d78884845b30e45fa120eb7-300x169.jpg","width":300,"height":169},"medium_large":{"url":"https:\/\/villarrealcf.es\/wp-content\/uploads\/2022\/11\/6197e6dd6d78884845b30e45fa120eb7-768x432.jpg","width":768,"height":432},"large":{"url":"https:\/\/villarrealcf.es\/wp-content\/uploads\/2022\/11\/6197e6dd6d78884845b30e45fa120eb7-1024x576.jpg","width":788,"height":443},"1536x1536":{"url":"https:\/\/villarrealcf.es\/wp-content\/uploads\/2022\/11\/6197e6dd6d78884845b30e45fa120eb7.jpg","width":1170,"height":658},"2048x2048":{"url":"https:\/\/villarrealcf.es\/wp-content\/uploads\/2022\/11\/6197e6dd6d78884845b30e45fa120eb7.jpg","width":1170,"height":658},"tp-image-grid":{"url":"https:\/\/villarrealcf.es\/wp-content\/uploads\/2022\/11\/6197e6dd6d78884845b30e45fa120eb7-700x658.jpg","width":700,"height":658},"size-bunyad-medium":{"url":"https:\/\/villarrealcf.es\/wp-content\/uploads\/2022\/11\/6197e6dd6d78884845b30e45fa120eb7.jpg","width":1170,"height":658},"sportspress-crop-medium":{"url":"https:\/\/villarrealcf.es\/wp-content\/uploads\/2022\/11\/6197e6dd6d78884845b30e45fa120eb7-300x300.jpg","width":300,"height":300},"sportspress-fit-medium":{"url":"https:\/\/villarrealcf.es\/wp-content\/uploads\/2022\/11\/6197e6dd6d78884845b30e45fa120eb7-300x169.jpg","width":300,"height":169},"sportspress-fit-icon":{"url":"https:\/\/villarrealcf.es\/wp-content\/uploads\/2022\/11\/6197e6dd6d78884845b30e45fa120eb7-128x72.jpg","width":128,"height":72},"sportspress-fit-mini":{"url":"https:\/\/villarrealcf.es\/wp-content\/uploads\/2022\/11\/6197e6dd6d78884845b30e45fa120eb7-32x18.jpg","width":32,"height":18},"bunyad-small":{"url":"https:\/\/villarrealcf.es\/wp-content\/uploads\/2022\/11\/6197e6dd6d78884845b30e45fa120eb7-150x84.jpg","width":150,"height":84},"bunyad-medium":{"url":"https:\/\/villarrealcf.es\/wp-content\/uploads\/2022\/11\/6197e6dd6d78884845b30e45fa120eb7-450x253.jpg","width":450,"height":253},"bunyad-full":{"url":"https:\/\/villarrealcf.es\/wp-content\/uploads\/2022\/11\/6197e6dd6d78884845b30e45fa120eb7.jpg","width":1170,"height":658},"bunyad-viewport":{"url":"https:\/\/villarrealcf.es\/wp-content\/uploads\/2022\/11\/6197e6dd6d78884845b30e45fa120eb7.jpg","width":1170,"height":658},"bunyad-768":{"url":"https:\/\/villarrealcf.es\/wp-content\/uploads\/2022\/11\/6197e6dd6d78884845b30e45fa120eb7-768x432.jpg","width":768,"height":432},"full":{"url":"https:\/\/villarrealcf.es\/wp-content\/uploads\/2022\/11\/6197e6dd6d78884845b30e45fa120eb7.jpg","width":1170,"height":658}}},"author_data":{"id":"25","name":"Javier Ayuso","first_name":"Javier","last_name":"Ayuso","description":"","avatar_url":"https:\/\/secure.gravatar.com\/avatar\/fcf8894be45988fcce5bbff0efe1790d2a7f4ba57e2c7c898f5068154e696495?s=96&d=mm&r=g","acf":null},"taxonomies_data":{"category":[{"id":4854,"name":"Noticies Generals","slug":"noticies-generals","acf":null}]},"seo_full":{"native":{"title":"Els mundialistes grocs - Web Oficial del Villarreal CF","description":"[caption id=\"attachment_230815\" align=\"alignnone\" width=\"\"]||||||[\/caption] Un total de 22 futbolistes del Villarreal han disputat el torneig de seleccions m\u00e9s prestigi\u00f3s del&hellip;","canonical":"https:\/\/villarrealcf.es\/val\/els-mundialistes-grocs\/"}},"_links":{"self":[{"href":"https:\/\/villarrealcf.es\/val\/wp-json\/wp\/v2\/posts\/230818","targetHints":{"allow":["GET"]}}],"collection":[{"href":"https:\/\/villarrealcf.es\/val\/wp-json\/wp\/v2\/posts"}],"about":[{"href":"https:\/\/villarrealcf.es\/val\/wp-json\/wp\/v2\/types\/post"}],"author":[{"embeddable":true,"href":"https:\/\/villarrealcf.es\/val\/wp-json\/wp\/v2\/users\/25"}],"replies":[{"embeddable":true,"href":"https:\/\/villarrealcf.es\/val\/wp-json\/wp\/v2\/comments?post=230818"}],"version-history":[{"count":0,"href":"https:\/\/villarrealcf.es\/val\/wp-json\/wp\/v2\/posts\/230818\/revisions"}],"wp:featuredmedia":[{"embeddable":true,"href":"https:\/\/villarrealcf.es\/val\/wp-json\/wp\/v2\/media\/230815"}],"wp:attachment":[{"href":"https:\/\/villarrealcf.es\/val\/wp-json\/wp\/v2\/media?parent=230818"}],"wp:term":[{"taxonomy":"category","embeddable":true,"href":"https:\/\/villarrealcf.es\/val\/wp-json\/wp\/v2\/categories?post=230818"},{"taxonomy":"post_tag","embeddable":true,"href":"https:\/\/villarrealcf.es\/val\/wp-json\/wp\/v2\/tags?post=230818"}],"curies":[{"name":"wp","href":"https:\/\/api.w.org\/{rel}","templated":true}]}}