{"id":230001,"date":"2022-11-11T14:54:03","date_gmt":"2022-11-11T13:54:03","guid":{"rendered":"https:\/\/villarrealcf.es\/\/pau-yeremy-i-jackson-jugaran-el-mundial\/"},"modified":"2022-12-02T12:08:38","modified_gmt":"2022-12-02T11:08:38","slug":"pau-yeremy-i-jackson-jugaran-el-mundial","status":"publish","type":"post","link":"https:\/\/villarrealcf.es\/val\/pau-yeremy-i-jackson-jugaran-el-mundial\/","title":{"rendered":"Pau, Yeremy i Jackson jugaran el Mundial!"},"content":{"protected":false,"blocks":[{"type":"image","url":"https:\/\/villarrealcf.es\/\/wp-content\/uploads\/2022\/11\/ea37b5ba2c19f3e8eb8570477b3e6229.jpg","alt":"||||||","width":1170,"height":658,"srcset":"https:\/\/villarrealcf.es\/wp-content\/uploads\/2022\/11\/ea37b5ba2c19f3e8eb8570477b3e6229.jpg 1170w, https:\/\/villarrealcf.es\/\/wp-content\/uploads\/2022\/11\/ea37b5ba2c19f3e8eb8570477b3e6229.jpg 1920w, https:\/\/villarrealcf.es\/wp-content\/uploads\/2022\/11\/ea37b5ba2c19f3e8eb8570477b3e6229-1024x576.jpg 1024w, https:\/\/villarrealcf.es\/\/wp-content\/uploads\/2022\/11\/ea37b5ba2c19f3e8eb8570477b3e6229.jpg 1920w, https:\/\/villarrealcf.es\/\/wp-content\/uploads\/2022\/11\/ea37b5ba2c19f3e8eb8570477b3e6229.jpg 1920w, https:\/\/villarrealcf.es\/wp-content\/uploads\/2022\/11\/ea37b5ba2c19f3e8eb8570477b3e6229-32x18.jpg 32w, https:\/\/villarrealcf.es\/wp-content\/uploads\/2022\/11\/ea37b5ba2c19f3e8eb8570477b3e6229-150x84.jpg 150w, https:\/\/villarrealcf.es\/\/wp-content\/uploads\/2022\/11\/ea37b5ba2c19f3e8eb8570477b3e6229.jpg 1920w","sizes":"auto, (max-width: 1170px) 100vw, 1170px"},{"type":"list","style":"ul","items":["Espanya-Costa Rica: dimecres 23 de novembre, a les 17.00h, en l\u2019Estadi Al Thumama.","Espanya-Alemanya: diumenge 27 de novembre, a les 20.00 hores, en l\u2019Estadi Al Khor.","Jap\u00f3-Espanya: dijous 1 de desembre, a les 20.00 hores, en l\u2019Estadi Internacional Jalifa."]},{"type":"list","style":"ul","items":["Argentina-Ar\u00e0bia Saudita: dimarts 22 de novembre, a les 11.00 hores, en l\u2019Estadi Lusail.","Argentina-M\u00e8xic: dissabte 26 de novembre, a les 20.00 hores, en l\u2019Estadi Lusail.","Pol\u00f2nia-Argentina: dimecres 30 de novembre, a les 20.00 hores, en l\u2019Estadi 974."]},{"type":"list","style":"ul","items":["Senegal-Pa\u00efsos Baixos: dilluns 21 de novembre, a les 17.00 hores, en l\u2019Estadi Al Thumama.","Catar-el Senegal: divendres 25 de novembre, a les 14.00 hores, en l\u2019Estadi Al Thumama.","l\u2019Equador-Senegal: dimarts 29 de novembre, a les 16.00 hores, en l\u2019Estadi Internacional Jalifa."]}],"structured":{"summary":{"text":"Els tres jugadors del Villarreal participaran en la Copa del M\u00f3n de Qatar 2022 Tindrem representaci\u00f3 grogueta en el Mundial de Qatar 2022! Pau Torres i Yeremy Pino, amb Espanya, i Nico Jackson amb el Senegal; Rulli i Foyth, amb Argentina; disputaran el la Copa del M\u00f3n, que se celebrar\u00e0 entre el 20 de novembre i el 18 de desembre. Aix\u00ed, els cinc futbolistes jugaran per primera vegada el prestigi\u00f3s campionat internacional amb el somni d\u2019al\u00e7ar el trofeu m\u00e9s prestigi\u00f3s a nivell de seleccions. Cal destacar que encara no es coneixen els seleccionats argentins per al Mundial de Qatar, per la qual cosa el Submar\u00ed podr\u00e0 sumar m\u00e9s mundialistes en les pr\u00f2ximes hores. Selecci\u00f3 Espanyola (Pau Torres i Yeremy Pino) El combinat espanyol competir\u00e0 en el Grup E al costat de Costa Rica, Alemanya i el Jap\u00f3. Pau Torres, que ja va formar part de la Roja en l\u2019Eurocopa 2020, suma 21 internacionalitats i un gol amb la selecci\u00f3. Per part seua, Yeremy Pino acumula sis partits com a internacional i suma una gol. Abans de les cites oficials, el conjunt nacional disputar\u00e0 dos compromisos amistosos davant Jord\u00e0nia (17 de novembre) i Costa Rica (23 de novembre). Els horaris dels partits que disputar\u00e0 la Selecci\u00f3 Espanyola en el Mundial de Qatar 2022 s\u00f3n els seg\u00fcents: Espanya-Costa Rica: dimecres 23 de novembre, a les 17.00h, en l\u2019Estadi Al Thumama. Espanya-Alemanya: diumenge 27 de novembre, a les 20.00 hores, en l\u2019Estadi Al Khor. Jap\u00f3-Espanya: dijous 1 de desembre, a les 20.00 hores, en l\u2019Estadi Internacional Jalifa. Selecci\u00f3 Argentina (Juan Foyth i Gero Rulli) La Selecci\u00f3 Argentina, enquadrada en el Grup C, es veur\u00e0 les cares davant Ar\u00e0bia Saud\u00eda, M\u00e8xic i Pol\u00f2nia. Gero Rulli ha disputat un total set partits amb l\u2019Albiceleste, mentre que Juan Foyth ha defensat l\u2019el\u00e0stica argentina en 15 ocasions. Abans de la cita mundialista, el combinat dirigit per Scaloni s\u2019enfrontar\u00e0 en un matx amist\u00f3s a Uni\u00f3 dels Emirats \u00c0rabs (16 de novembre). Els horaris dels partits que disputar\u00e0 la Selecci\u00f3 Argentina en el Mundial de Qatar 2022 s\u00f3n els seg\u00fcents (horari peninsular espanyol): Argentina-Ar\u00e0bia Saudita: dimarts 22 de novembre, a les 11.00 hores, en l\u2019Estadi Lusail. Argentina-M\u00e8xic: dissabte 26 de novembre, a les 20.00 hores, en l\u2019Estadi Lusail. Pol\u00f2nia-Argentina: dimecres 30 de novembre, a les 20.00 hores, en l\u2019Estadi 974. Selecci\u00f3 Senegalesa (Nico Jackson) Nico Jackson, qui fora anomenat per primera vegada amb la seua selecci\u00f3 el setembre del present any, forma part del combinat senegal\u00e9s s\u2019enfrontar\u00e0 a l\u2019amfitriona Catar, l\u2019Equador i Pa\u00efsos Baixos. Els horaris dels partits que disputar\u00e0 la Selecci\u00f3 del Senegal en el Mundial de Qatar 2022 s\u00f3n els seg\u00fcents: Senegal-Pa\u00efsos Baixos: dilluns 21 de novembre, a les 17.00 hores, en l\u2019Estadi Al Thumama. Catar-el Senegal: divendres 25 de novembre, a les 14.00 hores, en l\u2019Estadi Al Thumama. l\u2019Equador-Senegal: dimarts 29 de novembre, a les 16.00 hores, en l\u2019Estadi Internacional Jalifa.","headings":[],"buttons":[],"images":[{"type":"image","url":"https:\/\/villarrealcf.es\/\/wp-content\/uploads\/2022\/11\/ea37b5ba2c19f3e8eb8570477b3e6229.jpg","alt":"||||||","width":1170,"height":658,"srcset":"https:\/\/villarrealcf.es\/wp-content\/uploads\/2022\/11\/ea37b5ba2c19f3e8eb8570477b3e6229.jpg 1170w, https:\/\/villarrealcf.es\/\/wp-content\/uploads\/2022\/11\/ea37b5ba2c19f3e8eb8570477b3e6229.jpg 1920w, https:\/\/villarrealcf.es\/wp-content\/uploads\/2022\/11\/ea37b5ba2c19f3e8eb8570477b3e6229-1024x576.jpg 1024w, https:\/\/villarrealcf.es\/\/wp-content\/uploads\/2022\/11\/ea37b5ba2c19f3e8eb8570477b3e6229.jpg 1920w, https:\/\/villarrealcf.es\/\/wp-content\/uploads\/2022\/11\/ea37b5ba2c19f3e8eb8570477b3e6229.jpg 1920w, https:\/\/villarrealcf.es\/wp-content\/uploads\/2022\/11\/ea37b5ba2c19f3e8eb8570477b3e6229-32x18.jpg 32w, https:\/\/villarrealcf.es\/wp-content\/uploads\/2022\/11\/ea37b5ba2c19f3e8eb8570477b3e6229-150x84.jpg 150w, https:\/\/villarrealcf.es\/\/wp-content\/uploads\/2022\/11\/ea37b5ba2c19f3e8eb8570477b3e6229.jpg 1920w","sizes":"auto, (max-width: 1170px) 100vw, 1170px"}],"counts":{"blocks":4,"headings":0,"texts":0,"buttons":0,"images":1}},"sections":[{"id":"section-1","title":"","text":"","headings":[],"texts":[],"buttons":[],"images":[{"type":"image","url":"https:\/\/villarrealcf.es\/\/wp-content\/uploads\/2022\/11\/ea37b5ba2c19f3e8eb8570477b3e6229.jpg","alt":"||||||","width":1170,"height":658,"srcset":"https:\/\/villarrealcf.es\/wp-content\/uploads\/2022\/11\/ea37b5ba2c19f3e8eb8570477b3e6229.jpg 1170w, https:\/\/villarrealcf.es\/\/wp-content\/uploads\/2022\/11\/ea37b5ba2c19f3e8eb8570477b3e6229.jpg 1920w, https:\/\/villarrealcf.es\/wp-content\/uploads\/2022\/11\/ea37b5ba2c19f3e8eb8570477b3e6229-1024x576.jpg 1024w, https:\/\/villarrealcf.es\/\/wp-content\/uploads\/2022\/11\/ea37b5ba2c19f3e8eb8570477b3e6229.jpg 1920w, https:\/\/villarrealcf.es\/\/wp-content\/uploads\/2022\/11\/ea37b5ba2c19f3e8eb8570477b3e6229.jpg 1920w, https:\/\/villarrealcf.es\/wp-content\/uploads\/2022\/11\/ea37b5ba2c19f3e8eb8570477b3e6229-32x18.jpg 32w, https:\/\/villarrealcf.es\/wp-content\/uploads\/2022\/11\/ea37b5ba2c19f3e8eb8570477b3e6229-150x84.jpg 150w, https:\/\/villarrealcf.es\/\/wp-content\/uploads\/2022\/11\/ea37b5ba2c19f3e8eb8570477b3e6229.jpg 1920w","sizes":"auto, (max-width: 1170px) 100vw, 1170px"}],"widgets":[],"blocks":[{"type":"image","url":"https:\/\/villarrealcf.es\/\/wp-content\/uploads\/2022\/11\/ea37b5ba2c19f3e8eb8570477b3e6229.jpg","alt":"||||||","width":1170,"height":658,"srcset":"https:\/\/villarrealcf.es\/wp-content\/uploads\/2022\/11\/ea37b5ba2c19f3e8eb8570477b3e6229.jpg 1170w, https:\/\/villarrealcf.es\/\/wp-content\/uploads\/2022\/11\/ea37b5ba2c19f3e8eb8570477b3e6229.jpg 1920w, https:\/\/villarrealcf.es\/wp-content\/uploads\/2022\/11\/ea37b5ba2c19f3e8eb8570477b3e6229-1024x576.jpg 1024w, https:\/\/villarrealcf.es\/\/wp-content\/uploads\/2022\/11\/ea37b5ba2c19f3e8eb8570477b3e6229.jpg 1920w, https:\/\/villarrealcf.es\/\/wp-content\/uploads\/2022\/11\/ea37b5ba2c19f3e8eb8570477b3e6229.jpg 1920w, https:\/\/villarrealcf.es\/wp-content\/uploads\/2022\/11\/ea37b5ba2c19f3e8eb8570477b3e6229-32x18.jpg 32w, https:\/\/villarrealcf.es\/wp-content\/uploads\/2022\/11\/ea37b5ba2c19f3e8eb8570477b3e6229-150x84.jpg 150w, https:\/\/villarrealcf.es\/\/wp-content\/uploads\/2022\/11\/ea37b5ba2c19f3e8eb8570477b3e6229.jpg 1920w","sizes":"auto, (max-width: 1170px) 100vw, 1170px"},{"type":"list","style":"ul","items":["Espanya-Costa Rica: dimecres 23 de novembre, a les 17.00h, en l\u2019Estadi Al Thumama.","Espanya-Alemanya: diumenge 27 de novembre, a les 20.00 hores, en l\u2019Estadi Al Khor.","Jap\u00f3-Espanya: dijous 1 de desembre, a les 20.00 hores, en l\u2019Estadi Internacional Jalifa."]},{"type":"list","style":"ul","items":["Argentina-Ar\u00e0bia Saudita: dimarts 22 de novembre, a les 11.00 hores, en l\u2019Estadi Lusail.","Argentina-M\u00e8xic: dissabte 26 de novembre, a les 20.00 hores, en l\u2019Estadi Lusail.","Pol\u00f2nia-Argentina: dimecres 30 de novembre, a les 20.00 hores, en l\u2019Estadi 974."]},{"type":"list","style":"ul","items":["Senegal-Pa\u00efsos Baixos: dilluns 21 de novembre, a les 17.00 hores, en l\u2019Estadi Al Thumama.","Catar-el Senegal: divendres 25 de novembre, a les 14.00 hores, en l\u2019Estadi Al Thumama.","l\u2019Equador-Senegal: dimarts 29 de novembre, a les 16.00 hores, en l\u2019Estadi Internacional Jalifa."]}]}],"hero":{"id":"section-1","title":"","text":"","headings":[],"texts":[],"buttons":[],"images":[{"type":"image","url":"https:\/\/villarrealcf.es\/\/wp-content\/uploads\/2022\/11\/ea37b5ba2c19f3e8eb8570477b3e6229.jpg","alt":"||||||","width":1170,"height":658,"srcset":"https:\/\/villarrealcf.es\/wp-content\/uploads\/2022\/11\/ea37b5ba2c19f3e8eb8570477b3e6229.jpg 1170w, https:\/\/villarrealcf.es\/\/wp-content\/uploads\/2022\/11\/ea37b5ba2c19f3e8eb8570477b3e6229.jpg 1920w, https:\/\/villarrealcf.es\/wp-content\/uploads\/2022\/11\/ea37b5ba2c19f3e8eb8570477b3e6229-1024x576.jpg 1024w, https:\/\/villarrealcf.es\/\/wp-content\/uploads\/2022\/11\/ea37b5ba2c19f3e8eb8570477b3e6229.jpg 1920w, https:\/\/villarrealcf.es\/\/wp-content\/uploads\/2022\/11\/ea37b5ba2c19f3e8eb8570477b3e6229.jpg 1920w, https:\/\/villarrealcf.es\/wp-content\/uploads\/2022\/11\/ea37b5ba2c19f3e8eb8570477b3e6229-32x18.jpg 32w, https:\/\/villarrealcf.es\/wp-content\/uploads\/2022\/11\/ea37b5ba2c19f3e8eb8570477b3e6229-150x84.jpg 150w, https:\/\/villarrealcf.es\/\/wp-content\/uploads\/2022\/11\/ea37b5ba2c19f3e8eb8570477b3e6229.jpg 1920w","sizes":"auto, (max-width: 1170px) 100vw, 1170px"}],"widgets":[],"blocks":[{"type":"image","url":"https:\/\/villarrealcf.es\/\/wp-content\/uploads\/2022\/11\/ea37b5ba2c19f3e8eb8570477b3e6229.jpg","alt":"||||||","width":1170,"height":658,"srcset":"https:\/\/villarrealcf.es\/wp-content\/uploads\/2022\/11\/ea37b5ba2c19f3e8eb8570477b3e6229.jpg 1170w, https:\/\/villarrealcf.es\/\/wp-content\/uploads\/2022\/11\/ea37b5ba2c19f3e8eb8570477b3e6229.jpg 1920w, https:\/\/villarrealcf.es\/wp-content\/uploads\/2022\/11\/ea37b5ba2c19f3e8eb8570477b3e6229-1024x576.jpg 1024w, https:\/\/villarrealcf.es\/\/wp-content\/uploads\/2022\/11\/ea37b5ba2c19f3e8eb8570477b3e6229.jpg 1920w, https:\/\/villarrealcf.es\/\/wp-content\/uploads\/2022\/11\/ea37b5ba2c19f3e8eb8570477b3e6229.jpg 1920w, https:\/\/villarrealcf.es\/wp-content\/uploads\/2022\/11\/ea37b5ba2c19f3e8eb8570477b3e6229-32x18.jpg 32w, https:\/\/villarrealcf.es\/wp-content\/uploads\/2022\/11\/ea37b5ba2c19f3e8eb8570477b3e6229-150x84.jpg 150w, https:\/\/villarrealcf.es\/\/wp-content\/uploads\/2022\/11\/ea37b5ba2c19f3e8eb8570477b3e6229.jpg 1920w","sizes":"auto, (max-width: 1170px) 100vw, 1170px"},{"type":"list","style":"ul","items":["Espanya-Costa Rica: dimecres 23 de novembre, a les 17.00h, en l\u2019Estadi Al Thumama.","Espanya-Alemanya: diumenge 27 de novembre, a les 20.00 hores, en l\u2019Estadi Al Khor.","Jap\u00f3-Espanya: dijous 1 de desembre, a les 20.00 hores, en l\u2019Estadi Internacional Jalifa."]},{"type":"list","style":"ul","items":["Argentina-Ar\u00e0bia Saudita: dimarts 22 de novembre, a les 11.00 hores, en l\u2019Estadi Lusail.","Argentina-M\u00e8xic: dissabte 26 de novembre, a les 20.00 hores, en l\u2019Estadi Lusail.","Pol\u00f2nia-Argentina: dimecres 30 de novembre, a les 20.00 hores, en l\u2019Estadi 974."]},{"type":"list","style":"ul","items":["Senegal-Pa\u00efsos Baixos: dilluns 21 de novembre, a les 17.00 hores, en l\u2019Estadi Al Thumama.","Catar-el Senegal: divendres 25 de novembre, a les 14.00 hores, en l\u2019Estadi Al Thumama.","l\u2019Equador-Senegal: dimarts 29 de novembre, a les 16.00 hores, en l\u2019Estadi Internacional Jalifa."]}]}},"sections":[{"id":"section-1","title":"","text":"","url":"","background_image":"","images":[{"type":"image","url":"https:\/\/villarrealcf.es\/\/wp-content\/uploads\/2022\/11\/ea37b5ba2c19f3e8eb8570477b3e6229.jpg","alt":"||||||","width":1170,"height":658,"srcset":"https:\/\/villarrealcf.es\/wp-content\/uploads\/2022\/11\/ea37b5ba2c19f3e8eb8570477b3e6229.jpg 1170w, https:\/\/villarrealcf.es\/\/wp-content\/uploads\/2022\/11\/ea37b5ba2c19f3e8eb8570477b3e6229.jpg 1920w, https:\/\/villarrealcf.es\/wp-content\/uploads\/2022\/11\/ea37b5ba2c19f3e8eb8570477b3e6229-1024x576.jpg 1024w, https:\/\/villarrealcf.es\/\/wp-content\/uploads\/2022\/11\/ea37b5ba2c19f3e8eb8570477b3e6229.jpg 1920w, https:\/\/villarrealcf.es\/\/wp-content\/uploads\/2022\/11\/ea37b5ba2c19f3e8eb8570477b3e6229.jpg 1920w, https:\/\/villarrealcf.es\/wp-content\/uploads\/2022\/11\/ea37b5ba2c19f3e8eb8570477b3e6229-32x18.jpg 32w, https:\/\/villarrealcf.es\/wp-content\/uploads\/2022\/11\/ea37b5ba2c19f3e8eb8570477b3e6229-150x84.jpg 150w, https:\/\/villarrealcf.es\/\/wp-content\/uploads\/2022\/11\/ea37b5ba2c19f3e8eb8570477b3e6229.jpg 1920w","sizes":"auto, (max-width: 1170px) 100vw, 1170px"}],"videos":[],"links":[]},{"id":"shortcode-caption-69eead5476d21","type":"shortcode","shortcode":"caption","attributes":{"id":"attachment_229998","align":"alignnone","width":""},"title":"Caption","rendered":"","data":[],"text":"","url":"","background_image":"","images":[],"videos":[],"links":[],"blocks":[]}]},"excerpt":{"rendered":"Els tres jugadors del Villarreal participaran en la Copa del M\u00f3n de Qatar 2022","protected":false},"author":33,"featured_media":229998,"comment_status":"closed","ping_status":"closed","sticky":false,"template":"","format":"standard","meta":{"_acf_changed":false,"footnotes":""},"categories":[4854],"tags":[5106],"acf":null,"lang":"val","translations":{"val":230001},"essential_grid":{"has_grid":false},"formatted_date":"November 11, 2022","modified_date":"December 2, 2022","permalink":"https:\/\/villarrealcf.es\/val\/pau-yeremy-i-jackson-jugaran-el-mundial\/","reading_time":3,"featured_media_data":{"id":229998,"title":"||||||","caption":"||||||","alt_text":"||||||","description":"","mime_type":"image\/jpeg","source_url":"https:\/\/villarrealcf.es\/wp-content\/uploads\/2022\/11\/ea37b5ba2c19f3e8eb8570477b3e6229.jpg","sizes":{"thumbnail":{"url":"https:\/\/villarrealcf.es\/wp-content\/uploads\/2022\/11\/ea37b5ba2c19f3e8eb8570477b3e6229-150x150.jpg","width":150,"height":150},"medium":{"url":"https:\/\/villarrealcf.es\/wp-content\/uploads\/2022\/11\/ea37b5ba2c19f3e8eb8570477b3e6229-300x169.jpg","width":300,"height":169},"medium_large":{"url":"https:\/\/villarrealcf.es\/wp-content\/uploads\/2022\/11\/ea37b5ba2c19f3e8eb8570477b3e6229-768x432.jpg","width":768,"height":432},"large":{"url":"https:\/\/villarrealcf.es\/wp-content\/uploads\/2022\/11\/ea37b5ba2c19f3e8eb8570477b3e6229-1024x576.jpg","width":788,"height":443},"1536x1536":{"url":"https:\/\/villarrealcf.es\/wp-content\/uploads\/2022\/11\/ea37b5ba2c19f3e8eb8570477b3e6229.jpg","width":1170,"height":658},"2048x2048":{"url":"https:\/\/villarrealcf.es\/wp-content\/uploads\/2022\/11\/ea37b5ba2c19f3e8eb8570477b3e6229.jpg","width":1170,"height":658},"tp-image-grid":{"url":"https:\/\/villarrealcf.es\/wp-content\/uploads\/2022\/11\/ea37b5ba2c19f3e8eb8570477b3e6229-700x658.jpg","width":700,"height":658},"size-bunyad-medium":{"url":"https:\/\/villarrealcf.es\/wp-content\/uploads\/2022\/11\/ea37b5ba2c19f3e8eb8570477b3e6229.jpg","width":1170,"height":658},"sportspress-crop-medium":{"url":"https:\/\/villarrealcf.es\/wp-content\/uploads\/2022\/11\/ea37b5ba2c19f3e8eb8570477b3e6229-300x300.jpg","width":300,"height":300},"sportspress-fit-medium":{"url":"https:\/\/villarrealcf.es\/wp-content\/uploads\/2022\/11\/ea37b5ba2c19f3e8eb8570477b3e6229-300x169.jpg","width":300,"height":169},"sportspress-fit-icon":{"url":"https:\/\/villarrealcf.es\/wp-content\/uploads\/2022\/11\/ea37b5ba2c19f3e8eb8570477b3e6229-128x72.jpg","width":128,"height":72},"sportspress-fit-mini":{"url":"https:\/\/villarrealcf.es\/wp-content\/uploads\/2022\/11\/ea37b5ba2c19f3e8eb8570477b3e6229-32x18.jpg","width":32,"height":18},"bunyad-small":{"url":"https:\/\/villarrealcf.es\/wp-content\/uploads\/2022\/11\/ea37b5ba2c19f3e8eb8570477b3e6229-150x84.jpg","width":150,"height":84},"bunyad-medium":{"url":"https:\/\/villarrealcf.es\/wp-content\/uploads\/2022\/11\/ea37b5ba2c19f3e8eb8570477b3e6229-450x253.jpg","width":450,"height":253},"bunyad-full":{"url":"https:\/\/villarrealcf.es\/wp-content\/uploads\/2022\/11\/ea37b5ba2c19f3e8eb8570477b3e6229.jpg","width":1170,"height":658},"bunyad-viewport":{"url":"https:\/\/villarrealcf.es\/wp-content\/uploads\/2022\/11\/ea37b5ba2c19f3e8eb8570477b3e6229.jpg","width":1170,"height":658},"bunyad-768":{"url":"https:\/\/villarrealcf.es\/wp-content\/uploads\/2022\/11\/ea37b5ba2c19f3e8eb8570477b3e6229-768x432.jpg","width":768,"height":432},"full":{"url":"https:\/\/villarrealcf.es\/wp-content\/uploads\/2022\/11\/ea37b5ba2c19f3e8eb8570477b3e6229.jpg","width":1170,"height":658}}},"author_data":{"id":"33","name":"Nacho Tejada","first_name":"Nacho","last_name":"Tejada","description":"","avatar_url":"https:\/\/secure.gravatar.com\/avatar\/b1580534b2fcd93e031504756165758941290488df5c88966a26f84344931fd1?s=96&d=mm&r=g","acf":null},"taxonomies_data":{"category":[{"id":4854,"name":"Noticies Generals","slug":"noticies-generals","acf":null}],"post_tag":[{"id":5106,"name":"Selecciones","slug":"selecciones","acf":null}],"translation_priority":[{"id":735,"name":"Optional","slug":"optional-val","acf":null}]},"seo_full":{"native":{"title":"Pau, Yeremy i Jackson jugaran el Mundial! - Web Oficial del Villarreal CF","description":"[caption id=\"attachment_229998\" align=\"alignnone\" width=\"\"]||||||[\/caption] Els tres jugadors del Villarreal participaran en la Copa del M\u00f3n de Qatar 2022 Tindrem representaci\u00f3&hellip;","canonical":"https:\/\/villarrealcf.es\/val\/pau-yeremy-i-jackson-jugaran-el-mundial\/"}},"_links":{"self":[{"href":"https:\/\/villarrealcf.es\/val\/wp-json\/wp\/v2\/posts\/230001","targetHints":{"allow":["GET"]}}],"collection":[{"href":"https:\/\/villarrealcf.es\/val\/wp-json\/wp\/v2\/posts"}],"about":[{"href":"https:\/\/villarrealcf.es\/val\/wp-json\/wp\/v2\/types\/post"}],"author":[{"embeddable":true,"href":"https:\/\/villarrealcf.es\/val\/wp-json\/wp\/v2\/users\/33"}],"replies":[{"embeddable":true,"href":"https:\/\/villarrealcf.es\/val\/wp-json\/wp\/v2\/comments?post=230001"}],"version-history":[{"count":0,"href":"https:\/\/villarrealcf.es\/val\/wp-json\/wp\/v2\/posts\/230001\/revisions"}],"wp:featuredmedia":[{"embeddable":true,"href":"https:\/\/villarrealcf.es\/val\/wp-json\/wp\/v2\/media\/229998"}],"wp:attachment":[{"href":"https:\/\/villarrealcf.es\/val\/wp-json\/wp\/v2\/media?parent=230001"}],"wp:term":[{"taxonomy":"category","embeddable":true,"href":"https:\/\/villarrealcf.es\/val\/wp-json\/wp\/v2\/categories?post=230001"},{"taxonomy":"post_tag","embeddable":true,"href":"https:\/\/villarrealcf.es\/val\/wp-json\/wp\/v2\/tags?post=230001"}],"curies":[{"name":"wp","href":"https:\/\/api.w.org\/{rel}","templated":true}]}}