{"id":229601,"date":"2022-11-04T14:14:41","date_gmt":"2022-11-04T13:14:41","guid":{"rendered":"https:\/\/villarrealcf.es\/\/miguel-alvarez-el-huesca-es-molt-fort-com-a-local\/"},"modified":"2022-11-04T14:14:41","modified_gmt":"2022-11-04T13:14:41","slug":"miguel-alvarez-el-huesca-es-molt-fort-com-a-local","status":"publish","type":"post","link":"https:\/\/villarrealcf.es\/val\/miguel-alvarez-el-huesca-es-molt-fort-com-a-local\/","title":{"rendered":"Miguel \u00c1lvarez: &#8220;El Huesca \u00e9s molt fort com a local&#8221;"},"content":{"protected":false,"blocks":[{"type":"image","url":"https:\/\/villarrealcf.es\/\/wp-content\/uploads\/2022\/11\/07564ebab9a9dcb52068d2ff482c304a.jpg","alt":"||||","width":1920,"height":1080,"srcset":"https:\/\/villarrealcf.es\/wp-content\/uploads\/2022\/11\/07564ebab9a9dcb52068d2ff482c304a.jpg 1920w, https:\/\/villarrealcf.es\/\/wp-content\/uploads\/2022\/11\/07564ebab9a9dcb52068d2ff482c304a.jpg 1920w, https:\/\/villarrealcf.es\/wp-content\/uploads\/2022\/11\/07564ebab9a9dcb52068d2ff482c304a-1024x576.jpg 1024w, https:\/\/villarrealcf.es\/\/wp-content\/uploads\/2022\/11\/07564ebab9a9dcb52068d2ff482c304a.jpg 1920w, https:\/\/villarrealcf.es\/wp-content\/uploads\/2022\/11\/07564ebab9a9dcb52068d2ff482c304a-1536x864.jpg 1536w, https:\/\/villarrealcf.es\/\/wp-content\/uploads\/2022\/11\/07564ebab9a9dcb52068d2ff482c304a.jpg 1920w, https:\/\/villarrealcf.es\/wp-content\/uploads\/2022\/11\/07564ebab9a9dcb52068d2ff482c304a-32x18.jpg 32w, https:\/\/villarrealcf.es\/wp-content\/uploads\/2022\/11\/07564ebab9a9dcb52068d2ff482c304a-150x84.jpg 150w, https:\/\/villarrealcf.es\/\/wp-content\/uploads\/2022\/11\/07564ebab9a9dcb52068d2ff482c304a.jpg 1920w, https:\/\/villarrealcf.es\/wp-content\/uploads\/2022\/11\/07564ebab9a9dcb52068d2ff482c304a-1200x675.jpg 1200w, https:\/\/villarrealcf.es\/wp-content\/uploads\/2022\/11\/07564ebab9a9dcb52068d2ff482c304a-2048x1152.jpg 2048w","sizes":"auto, (max-width: 1920px) 100vw, 1920px"},{"type":"paragraph","text":"El Villarreal B visita una pla\u00e7a complicada com \u00e9s El Alcoraz aquest dissabte a les 18.30 hores"},{"type":"paragraph","text":"El t\u00e8cnic del Villarreal B, Miguel \u00c1lvarez, va compar\u00e9ixer en la roda de premsa pr\u00e8via al partit contra l\u2019SD Huesca, corresponent a la jornada 15 de LaLiga SmartBank, que tindr\u00e0 lloc dem\u00e0 a les 18.15 hores en El Alcoraz. L\u2019entrenador groguet va destacar la dificultat de v\u00e9ncer en el feu del Huesca, on el pr\u00f2xim rival del Mini Submar\u00ed ha aconseguit la majoria dels seus 20 punts, els mateixos que el filial groc."},{"type":"paragraph","text":"Aquestes s\u00f3n les declaracions del preparador de Ja\u00e9n:"},{"type":"paragraph","text":"Com arriba l\u2019equip"},{"type":"paragraph","text":"\u201cArriba b\u00e9, encara que, com tots els equips, cansats. Pot haver-hi canvis. La plantilla t\u00e9 una import\u00e0ncia vital en aquests partits tan comprimits. Tots s\u00f3n importants i ning\u00fa imprescindible. Tots estan disponibles\u201d."},{"type":"paragraph","text":"El partit en El Alcoraz"},{"type":"paragraph","text":"\u201cEsperem un partit molt dif\u00edcil, de molta intensitat i molt ritme, com fan ells. \u00c9s un equip dels forts com a local. Dels seus 20 punts, t\u00e9 14 a casa. Tenen moltes variants en el seu joc, important en aquesta categoria. Del meu equip espere que entenguem com s\u2019ha d\u2019anar competint fora. Estem millorant en aquests \u00faltims partits. A Albacete competim molt b\u00e9, per\u00f2 tenim molt de marge de millora i aix\u00f2 em fa estar molt tranquil. Ells s\u00f3n creients en el que fem. La dificultat a Osca ser\u00e0 important\u201d."},{"type":"paragraph","text":"Les claus del partit"},{"type":"paragraph","text":"\u201cSaber el rol que li toca a cadascun en el seu moment i pensar m\u00e9s en el \u2018nosaltres\u2019 que en el \u2018jo\u2019. El que vull \u00e9s que s\u00e0pien que per a anar fora t\u2019has de manejar en contextos que no s\u00f3n agradables, que no t\u2019agraden i s\u00f3n dif\u00edcils de gestionar. El futbol \u00e9s aix\u00f2. En molts moments, el rival et portar\u00e0 a un bloc baix o mitj\u00e0, per\u00f2 si el contrari veu que et sents c\u00f2mode en aqueixos contextos, se li posa molt dif\u00edcil\u201d."},{"type":"paragraph","text":"Solidesa defensiva"},{"type":"paragraph","text":"\u201c\u00c9s vital. Quan vas fora has de saber que els rivals tindran moltes vegades la iniciativa, que et sotmetran pel seu joc, el seu treball, els seus jugadors i el p\u00fablic. Tot aqueix context porta al fet que l\u2019equip contrari t\u2019afone moltes vegades i tot dep\u00e9n del fet que s\u00e0pien quin paper els toca. Has de fer-li saber al rival que per m\u00e9s centrades que fiquen no remataran. \u00c9s un treball d\u2019equip\u201d."},{"type":"paragraph","text":"Mbacke"},{"type":"paragraph","text":"\u201cTothom li veu amb ulls d\u2019espectador, per\u00f2 jo ho faig amb ulls d\u2019entrenador. \u00c9s un jugador amb unes condicions impressionants i moltes projecci\u00f3. Amb el que t\u00e9 ja li dona per a jugar, per\u00f2 volem millorar-li perqu\u00e8 s\u00f3n coses senzilles i ell vol millorar. Ha d\u2019estar m\u00e9s pendent en les vigil\u00e0ncies i a orientar les marques. Moltes vegades no ho fa perqu\u00e8 es veu superior i t\u00e9 solucions. T\u00e9 un despla\u00e7ament de pilota brutal, per\u00f2 en defensa cal jugar senzill. Estem molt contents amb ell\u201d."},{"type":"paragraph","text":"Els lesionats"},{"type":"paragraph","text":"\u201cIker (Gouj\u00f3n) est\u00e0 sense mol\u00e8sties, Pablo (I\u00f1iguez) ja est\u00e0 fent treballs amb nosaltres i Sergio (Lozano) ja est\u00e0 fent treballs importants. Amb Pablo ens beneficiar\u00e0 l\u2019aturada de la setmana que ve perqu\u00e8 est\u00e0 molt prop de tornar si no passa res i augmentar\u00e0 la compet\u00e8ncia en defensa, que \u00e9s molt bona perqu\u00e8 els fa millorar\u201d."},{"type":"paragraph","text":"Per a veure la roda de premsa completa, punxa en la imatge."},{"type":"video","kind":"iframe","url":"https:\/\/www.youtube.com\/embed\/pE7CtnBSjb0?start=310&feature=oembed","poster":""}],"structured":{"summary":{"text":"El Villarreal B visita una pla\u00e7a complicada com \u00e9s El Alcoraz aquest dissabte a les 18.30 hores El t\u00e8cnic del Villarreal B, Miguel \u00c1lvarez, va compar\u00e9ixer en la roda de premsa pr\u00e8via al partit contra l\u2019SD Huesca, corresponent a la jornada 15 de LaLiga SmartBank, que tindr\u00e0 lloc dem\u00e0 a les 18.15 hores en El Alcoraz. L\u2019entrenador groguet va destacar la dificultat de v\u00e9ncer en el feu del Huesca, on el pr\u00f2xim rival del Mini Submar\u00ed ha aconseguit la majoria dels seus 20 punts, els mateixos que el filial groc. Aquestes s\u00f3n les declaracions del preparador de Ja\u00e9n: Com arriba l\u2019equip \u201cArriba b\u00e9, encara que, com tots els equips, cansats. Pot haver-hi canvis. La plantilla t\u00e9 una import\u00e0ncia vital en aquests partits tan comprimits. Tots s\u00f3n importants i ning\u00fa imprescindible. Tots estan disponibles\u201d. El partit en El Alcoraz \u201cEsperem un partit molt dif\u00edcil, de molta intensitat i molt ritme, com fan ells. \u00c9s un equip dels forts com a local. Dels seus 20 punts, t\u00e9 14 a casa. Tenen moltes variants en el seu joc, important en aquesta categoria. Del meu equip espere que entenguem com s\u2019ha d\u2019anar competint fora. Estem millorant en aquests \u00faltims partits. A Albacete competim molt b\u00e9, per\u00f2 tenim molt de marge de millora i aix\u00f2 em fa estar molt tranquil. Ells s\u00f3n creients en el que fem. La dificultat a Osca ser\u00e0 important\u201d. Les claus del partit \u201cSaber el rol que li toca a cadascun en el seu moment i pensar m\u00e9s en el \u2018nosaltres\u2019 que en el \u2018jo\u2019. El que vull \u00e9s que s\u00e0pien que per a anar fora t\u2019has de manejar en contextos que no s\u00f3n agradables, que no t\u2019agraden i s\u00f3n dif\u00edcils de gestionar. El futbol \u00e9s aix\u00f2. En molts moments, el rival et portar\u00e0 a un bloc baix o mitj\u00e0, per\u00f2 si el contrari veu que et sents c\u00f2mode en aqueixos contextos, se li posa molt dif\u00edcil\u201d. Solidesa defensiva \u201c\u00c9s vital. Quan vas fora has de saber que els rivals tindran moltes vegades la iniciativa, que et sotmetran pel seu joc, el seu treball, els seus jugadors i el p\u00fablic. Tot aqueix context porta al fet que l\u2019equip contrari t\u2019afone moltes vegades i tot dep\u00e9n del fet que s\u00e0pien quin paper els toca. Has de fer-li saber al rival que per m\u00e9s centrades que fiquen no remataran. \u00c9s un treball d\u2019equip\u201d. Mbacke \u201cTothom li veu amb ulls d\u2019espectador, per\u00f2 jo ho faig amb ulls d\u2019entrenador. \u00c9s un jugador amb unes condicions impressionants i moltes projecci\u00f3. Amb el que t\u00e9 ja li dona per a jugar, per\u00f2 volem millorar-li perqu\u00e8 s\u00f3n coses senzilles i ell vol millorar. Ha d\u2019estar m\u00e9s pendent en les vigil\u00e0ncies i a orientar les marques. Moltes vegades no ho fa perqu\u00e8 es veu superior i t\u00e9 solucions. T\u00e9 un despla\u00e7ament de pilota brutal, per\u00f2 en defensa cal jugar senzill. Estem molt contents amb ell\u201d. Els lesionats \u201cIker (Gouj\u00f3n) est\u00e0 sense mol\u00e8sties, Pablo (I\u00f1iguez) ja est\u00e0 fent treballs amb nosaltres i Sergio (Lozano) ja est\u00e0 fent treballs importants. Amb Pablo ens beneficiar\u00e0 l\u2019aturada de la setmana que ve perqu\u00e8 est\u00e0 molt prop de tornar si no passa res i augmentar\u00e0 la compet\u00e8ncia en defensa, que \u00e9s molt bona perqu\u00e8 els fa millorar\u201d. Per a veure la roda de premsa completa, punxa en la imatge.","headings":[],"buttons":[],"images":[{"type":"image","url":"https:\/\/villarrealcf.es\/\/wp-content\/uploads\/2022\/11\/07564ebab9a9dcb52068d2ff482c304a.jpg","alt":"||||","width":1920,"height":1080,"srcset":"https:\/\/villarrealcf.es\/wp-content\/uploads\/2022\/11\/07564ebab9a9dcb52068d2ff482c304a.jpg 1920w, https:\/\/villarrealcf.es\/\/wp-content\/uploads\/2022\/11\/07564ebab9a9dcb52068d2ff482c304a.jpg 1920w, https:\/\/villarrealcf.es\/wp-content\/uploads\/2022\/11\/07564ebab9a9dcb52068d2ff482c304a-1024x576.jpg 1024w, https:\/\/villarrealcf.es\/\/wp-content\/uploads\/2022\/11\/07564ebab9a9dcb52068d2ff482c304a.jpg 1920w, https:\/\/villarrealcf.es\/wp-content\/uploads\/2022\/11\/07564ebab9a9dcb52068d2ff482c304a-1536x864.jpg 1536w, https:\/\/villarrealcf.es\/\/wp-content\/uploads\/2022\/11\/07564ebab9a9dcb52068d2ff482c304a.jpg 1920w, https:\/\/villarrealcf.es\/wp-content\/uploads\/2022\/11\/07564ebab9a9dcb52068d2ff482c304a-32x18.jpg 32w, https:\/\/villarrealcf.es\/wp-content\/uploads\/2022\/11\/07564ebab9a9dcb52068d2ff482c304a-150x84.jpg 150w, https:\/\/villarrealcf.es\/\/wp-content\/uploads\/2022\/11\/07564ebab9a9dcb52068d2ff482c304a.jpg 1920w, https:\/\/villarrealcf.es\/wp-content\/uploads\/2022\/11\/07564ebab9a9dcb52068d2ff482c304a-1200x675.jpg 1200w, https:\/\/villarrealcf.es\/wp-content\/uploads\/2022\/11\/07564ebab9a9dcb52068d2ff482c304a-2048x1152.jpg 2048w","sizes":"auto, (max-width: 1920px) 100vw, 1920px"}],"counts":{"blocks":18,"headings":0,"texts":16,"buttons":0,"images":1}},"sections":[{"id":"section-1","title":"","text":"El Villarreal B visita una pla\u00e7a complicada com \u00e9s El Alcoraz aquest dissabte a les 18.30 hores El t\u00e8cnic del Villarreal B, Miguel \u00c1lvarez, va compar\u00e9ixer en la roda de premsa pr\u00e8via al partit contra l\u2019SD Huesca, corresponent a la jornada 15 de LaLiga SmartBank, que tindr\u00e0 lloc dem\u00e0 a les 18.15 hores en El Alcoraz. L\u2019entrenador groguet va destacar la dificultat de v\u00e9ncer en el feu del Huesca, on el pr\u00f2xim rival del Mini Submar\u00ed ha aconseguit la majoria dels seus 20 punts, els mateixos que el filial groc. Aquestes s\u00f3n les declaracions del preparador de Ja\u00e9n: Com arriba l\u2019equip \u201cArriba b\u00e9, encara que, com tots els equips, cansats. Pot haver-hi canvis. La plantilla t\u00e9 una import\u00e0ncia vital en aquests partits tan comprimits. Tots s\u00f3n importants i ning\u00fa imprescindible. Tots estan disponibles\u201d. El partit en El Alcoraz \u201cEsperem un partit molt dif\u00edcil, de molta intensitat i molt ritme, com fan ells. \u00c9s un equip dels forts com a local. Dels seus 20 punts, t\u00e9 14 a casa. Tenen moltes variants en el seu joc, important en aquesta categoria. Del meu equip espere que entenguem com s\u2019ha d\u2019anar competint fora. Estem millorant en aquests \u00faltims partits. A Albacete competim molt b\u00e9, per\u00f2 tenim molt de marge de millora i aix\u00f2 em fa estar molt tranquil. Ells s\u00f3n creients en el que fem. La dificultat a Osca ser\u00e0 important\u201d. Les claus del partit \u201cSaber el rol que li toca a cadascun en el seu moment i pensar m\u00e9s en el \u2018nosaltres\u2019 que en el \u2018jo\u2019. El que vull \u00e9s que s\u00e0pien que per a anar fora t\u2019has de manejar en contextos que no s\u00f3n agradables, que no t\u2019agraden i s\u00f3n dif\u00edcils de gestionar. El futbol \u00e9s aix\u00f2. En molts moments, el rival et portar\u00e0 a un bloc baix o mitj\u00e0, per\u00f2 si el contrari veu que et sents c\u00f2mode en aqueixos contextos, se li posa molt dif\u00edcil\u201d. Solidesa defensiva \u201c\u00c9s vital. Quan vas fora has de saber que els rivals tindran moltes vegades la iniciativa, que et sotmetran pel seu joc, el seu treball, els seus jugadors i el p\u00fablic. Tot aqueix context porta al fet que l\u2019equip contrari t\u2019afone moltes vegades i tot dep\u00e9n del fet que s\u00e0pien quin paper els toca. Has de fer-li saber al rival que per m\u00e9s centrades que fiquen no remataran. \u00c9s un treball d\u2019equip\u201d. Mbacke \u201cTothom li veu amb ulls d\u2019espectador, per\u00f2 jo ho faig amb ulls d\u2019entrenador. \u00c9s un jugador amb unes condicions impressionants i moltes projecci\u00f3. Amb el que t\u00e9 ja li dona per a jugar, per\u00f2 volem millorar-li perqu\u00e8 s\u00f3n coses senzilles i ell vol millorar. Ha d\u2019estar m\u00e9s pendent en les vigil\u00e0ncies i a orientar les marques. Moltes vegades no ho fa perqu\u00e8 es veu superior i t\u00e9 solucions. T\u00e9 un despla\u00e7ament de pilota brutal, per\u00f2 en defensa cal jugar senzill. Estem molt contents amb ell\u201d. Els lesionats \u201cIker (Gouj\u00f3n) est\u00e0 sense mol\u00e8sties, Pablo (I\u00f1iguez) ja est\u00e0 fent treballs amb nosaltres i Sergio (Lozano) ja est\u00e0 fent treballs importants. Amb Pablo ens beneficiar\u00e0 l\u2019aturada de la setmana que ve perqu\u00e8 est\u00e0 molt prop de tornar si no passa res i augmentar\u00e0 la compet\u00e8ncia en defensa, que \u00e9s molt bona perqu\u00e8 els fa millorar\u201d. Per a veure la roda de premsa completa, punxa en la imatge.","headings":[],"texts":[{"type":"paragraph","text":"El Villarreal B visita una pla\u00e7a complicada com \u00e9s El Alcoraz aquest dissabte a les 18.30 hores"},{"type":"paragraph","text":"El t\u00e8cnic del Villarreal B, Miguel \u00c1lvarez, va compar\u00e9ixer en la roda de premsa pr\u00e8via al partit contra l\u2019SD Huesca, corresponent a la jornada 15 de LaLiga SmartBank, que tindr\u00e0 lloc dem\u00e0 a les 18.15 hores en El Alcoraz. L\u2019entrenador groguet va destacar la dificultat de v\u00e9ncer en el feu del Huesca, on el pr\u00f2xim rival del Mini Submar\u00ed ha aconseguit la majoria dels seus 20 punts, els mateixos que el filial groc."},{"type":"paragraph","text":"Aquestes s\u00f3n les declaracions del preparador de Ja\u00e9n:"},{"type":"paragraph","text":"Com arriba l\u2019equip"},{"type":"paragraph","text":"\u201cArriba b\u00e9, encara que, com tots els equips, cansats. Pot haver-hi canvis. La plantilla t\u00e9 una import\u00e0ncia vital en aquests partits tan comprimits. Tots s\u00f3n importants i ning\u00fa imprescindible. Tots estan disponibles\u201d."},{"type":"paragraph","text":"El partit en El Alcoraz"},{"type":"paragraph","text":"\u201cEsperem un partit molt dif\u00edcil, de molta intensitat i molt ritme, com fan ells. \u00c9s un equip dels forts com a local. Dels seus 20 punts, t\u00e9 14 a casa. Tenen moltes variants en el seu joc, important en aquesta categoria. Del meu equip espere que entenguem com s\u2019ha d\u2019anar competint fora. Estem millorant en aquests \u00faltims partits. A Albacete competim molt b\u00e9, per\u00f2 tenim molt de marge de millora i aix\u00f2 em fa estar molt tranquil. Ells s\u00f3n creients en el que fem. La dificultat a Osca ser\u00e0 important\u201d."},{"type":"paragraph","text":"Les claus del partit"},{"type":"paragraph","text":"\u201cSaber el rol que li toca a cadascun en el seu moment i pensar m\u00e9s en el \u2018nosaltres\u2019 que en el \u2018jo\u2019. El que vull \u00e9s que s\u00e0pien que per a anar fora t\u2019has de manejar en contextos que no s\u00f3n agradables, que no t\u2019agraden i s\u00f3n dif\u00edcils de gestionar. El futbol \u00e9s aix\u00f2. En molts moments, el rival et portar\u00e0 a un bloc baix o mitj\u00e0, per\u00f2 si el contrari veu que et sents c\u00f2mode en aqueixos contextos, se li posa molt dif\u00edcil\u201d."},{"type":"paragraph","text":"Solidesa defensiva"},{"type":"paragraph","text":"\u201c\u00c9s vital. Quan vas fora has de saber que els rivals tindran moltes vegades la iniciativa, que et sotmetran pel seu joc, el seu treball, els seus jugadors i el p\u00fablic. Tot aqueix context porta al fet que l\u2019equip contrari t\u2019afone moltes vegades i tot dep\u00e9n del fet que s\u00e0pien quin paper els toca. Has de fer-li saber al rival que per m\u00e9s centrades que fiquen no remataran. \u00c9s un treball d\u2019equip\u201d."},{"type":"paragraph","text":"Mbacke"},{"type":"paragraph","text":"\u201cTothom li veu amb ulls d\u2019espectador, per\u00f2 jo ho faig amb ulls d\u2019entrenador. \u00c9s un jugador amb unes condicions impressionants i moltes projecci\u00f3. Amb el que t\u00e9 ja li dona per a jugar, per\u00f2 volem millorar-li perqu\u00e8 s\u00f3n coses senzilles i ell vol millorar. Ha d\u2019estar m\u00e9s pendent en les vigil\u00e0ncies i a orientar les marques. Moltes vegades no ho fa perqu\u00e8 es veu superior i t\u00e9 solucions. T\u00e9 un despla\u00e7ament de pilota brutal, per\u00f2 en defensa cal jugar senzill. Estem molt contents amb ell\u201d."},{"type":"paragraph","text":"Els lesionats"},{"type":"paragraph","text":"\u201cIker (Gouj\u00f3n) est\u00e0 sense mol\u00e8sties, Pablo (I\u00f1iguez) ja est\u00e0 fent treballs amb nosaltres i Sergio (Lozano) ja est\u00e0 fent treballs importants. Amb Pablo ens beneficiar\u00e0 l\u2019aturada de la setmana que ve perqu\u00e8 est\u00e0 molt prop de tornar si no passa res i augmentar\u00e0 la compet\u00e8ncia en defensa, que \u00e9s molt bona perqu\u00e8 els fa millorar\u201d."},{"type":"paragraph","text":"Per a veure la roda de premsa completa, punxa en la imatge."}],"buttons":[],"images":[{"type":"image","url":"https:\/\/villarrealcf.es\/\/wp-content\/uploads\/2022\/11\/07564ebab9a9dcb52068d2ff482c304a.jpg","alt":"||||","width":1920,"height":1080,"srcset":"https:\/\/villarrealcf.es\/wp-content\/uploads\/2022\/11\/07564ebab9a9dcb52068d2ff482c304a.jpg 1920w, https:\/\/villarrealcf.es\/\/wp-content\/uploads\/2022\/11\/07564ebab9a9dcb52068d2ff482c304a.jpg 1920w, https:\/\/villarrealcf.es\/wp-content\/uploads\/2022\/11\/07564ebab9a9dcb52068d2ff482c304a-1024x576.jpg 1024w, https:\/\/villarrealcf.es\/\/wp-content\/uploads\/2022\/11\/07564ebab9a9dcb52068d2ff482c304a.jpg 1920w, https:\/\/villarrealcf.es\/wp-content\/uploads\/2022\/11\/07564ebab9a9dcb52068d2ff482c304a-1536x864.jpg 1536w, https:\/\/villarrealcf.es\/\/wp-content\/uploads\/2022\/11\/07564ebab9a9dcb52068d2ff482c304a.jpg 1920w, https:\/\/villarrealcf.es\/wp-content\/uploads\/2022\/11\/07564ebab9a9dcb52068d2ff482c304a-32x18.jpg 32w, https:\/\/villarrealcf.es\/wp-content\/uploads\/2022\/11\/07564ebab9a9dcb52068d2ff482c304a-150x84.jpg 150w, https:\/\/villarrealcf.es\/\/wp-content\/uploads\/2022\/11\/07564ebab9a9dcb52068d2ff482c304a.jpg 1920w, https:\/\/villarrealcf.es\/wp-content\/uploads\/2022\/11\/07564ebab9a9dcb52068d2ff482c304a-1200x675.jpg 1200w, https:\/\/villarrealcf.es\/wp-content\/uploads\/2022\/11\/07564ebab9a9dcb52068d2ff482c304a-2048x1152.jpg 2048w","sizes":"auto, (max-width: 1920px) 100vw, 1920px"}],"widgets":[],"blocks":[{"type":"image","url":"https:\/\/villarrealcf.es\/\/wp-content\/uploads\/2022\/11\/07564ebab9a9dcb52068d2ff482c304a.jpg","alt":"||||","width":1920,"height":1080,"srcset":"https:\/\/villarrealcf.es\/wp-content\/uploads\/2022\/11\/07564ebab9a9dcb52068d2ff482c304a.jpg 1920w, https:\/\/villarrealcf.es\/\/wp-content\/uploads\/2022\/11\/07564ebab9a9dcb52068d2ff482c304a.jpg 1920w, https:\/\/villarrealcf.es\/wp-content\/uploads\/2022\/11\/07564ebab9a9dcb52068d2ff482c304a-1024x576.jpg 1024w, https:\/\/villarrealcf.es\/\/wp-content\/uploads\/2022\/11\/07564ebab9a9dcb52068d2ff482c304a.jpg 1920w, https:\/\/villarrealcf.es\/wp-content\/uploads\/2022\/11\/07564ebab9a9dcb52068d2ff482c304a-1536x864.jpg 1536w, https:\/\/villarrealcf.es\/\/wp-content\/uploads\/2022\/11\/07564ebab9a9dcb52068d2ff482c304a.jpg 1920w, https:\/\/villarrealcf.es\/wp-content\/uploads\/2022\/11\/07564ebab9a9dcb52068d2ff482c304a-32x18.jpg 32w, https:\/\/villarrealcf.es\/wp-content\/uploads\/2022\/11\/07564ebab9a9dcb52068d2ff482c304a-150x84.jpg 150w, https:\/\/villarrealcf.es\/\/wp-content\/uploads\/2022\/11\/07564ebab9a9dcb52068d2ff482c304a.jpg 1920w, https:\/\/villarrealcf.es\/wp-content\/uploads\/2022\/11\/07564ebab9a9dcb52068d2ff482c304a-1200x675.jpg 1200w, https:\/\/villarrealcf.es\/wp-content\/uploads\/2022\/11\/07564ebab9a9dcb52068d2ff482c304a-2048x1152.jpg 2048w","sizes":"auto, (max-width: 1920px) 100vw, 1920px"},{"type":"paragraph","text":"El Villarreal B visita una pla\u00e7a complicada com \u00e9s El Alcoraz aquest dissabte a les 18.30 hores"},{"type":"paragraph","text":"El t\u00e8cnic del Villarreal B, Miguel \u00c1lvarez, va compar\u00e9ixer en la roda de premsa pr\u00e8via al partit contra l\u2019SD Huesca, corresponent a la jornada 15 de LaLiga SmartBank, que tindr\u00e0 lloc dem\u00e0 a les 18.15 hores en El Alcoraz. L\u2019entrenador groguet va destacar la dificultat de v\u00e9ncer en el feu del Huesca, on el pr\u00f2xim rival del Mini Submar\u00ed ha aconseguit la majoria dels seus 20 punts, els mateixos que el filial groc."},{"type":"paragraph","text":"Aquestes s\u00f3n les declaracions del preparador de Ja\u00e9n:"},{"type":"paragraph","text":"Com arriba l\u2019equip"},{"type":"paragraph","text":"\u201cArriba b\u00e9, encara que, com tots els equips, cansats. Pot haver-hi canvis. La plantilla t\u00e9 una import\u00e0ncia vital en aquests partits tan comprimits. Tots s\u00f3n importants i ning\u00fa imprescindible. Tots estan disponibles\u201d."},{"type":"paragraph","text":"El partit en El Alcoraz"},{"type":"paragraph","text":"\u201cEsperem un partit molt dif\u00edcil, de molta intensitat i molt ritme, com fan ells. \u00c9s un equip dels forts com a local. Dels seus 20 punts, t\u00e9 14 a casa. Tenen moltes variants en el seu joc, important en aquesta categoria. Del meu equip espere que entenguem com s\u2019ha d\u2019anar competint fora. Estem millorant en aquests \u00faltims partits. A Albacete competim molt b\u00e9, per\u00f2 tenim molt de marge de millora i aix\u00f2 em fa estar molt tranquil. Ells s\u00f3n creients en el que fem. La dificultat a Osca ser\u00e0 important\u201d."},{"type":"paragraph","text":"Les claus del partit"},{"type":"paragraph","text":"\u201cSaber el rol que li toca a cadascun en el seu moment i pensar m\u00e9s en el \u2018nosaltres\u2019 que en el \u2018jo\u2019. El que vull \u00e9s que s\u00e0pien que per a anar fora t\u2019has de manejar en contextos que no s\u00f3n agradables, que no t\u2019agraden i s\u00f3n dif\u00edcils de gestionar. El futbol \u00e9s aix\u00f2. En molts moments, el rival et portar\u00e0 a un bloc baix o mitj\u00e0, per\u00f2 si el contrari veu que et sents c\u00f2mode en aqueixos contextos, se li posa molt dif\u00edcil\u201d."},{"type":"paragraph","text":"Solidesa defensiva"},{"type":"paragraph","text":"\u201c\u00c9s vital. Quan vas fora has de saber que els rivals tindran moltes vegades la iniciativa, que et sotmetran pel seu joc, el seu treball, els seus jugadors i el p\u00fablic. Tot aqueix context porta al fet que l\u2019equip contrari t\u2019afone moltes vegades i tot dep\u00e9n del fet que s\u00e0pien quin paper els toca. Has de fer-li saber al rival que per m\u00e9s centrades que fiquen no remataran. \u00c9s un treball d\u2019equip\u201d."},{"type":"paragraph","text":"Mbacke"},{"type":"paragraph","text":"\u201cTothom li veu amb ulls d\u2019espectador, per\u00f2 jo ho faig amb ulls d\u2019entrenador. \u00c9s un jugador amb unes condicions impressionants i moltes projecci\u00f3. Amb el que t\u00e9 ja li dona per a jugar, per\u00f2 volem millorar-li perqu\u00e8 s\u00f3n coses senzilles i ell vol millorar. Ha d\u2019estar m\u00e9s pendent en les vigil\u00e0ncies i a orientar les marques. Moltes vegades no ho fa perqu\u00e8 es veu superior i t\u00e9 solucions. T\u00e9 un despla\u00e7ament de pilota brutal, per\u00f2 en defensa cal jugar senzill. Estem molt contents amb ell\u201d."},{"type":"paragraph","text":"Els lesionats"},{"type":"paragraph","text":"\u201cIker (Gouj\u00f3n) est\u00e0 sense mol\u00e8sties, Pablo (I\u00f1iguez) ja est\u00e0 fent treballs amb nosaltres i Sergio (Lozano) ja est\u00e0 fent treballs importants. Amb Pablo ens beneficiar\u00e0 l\u2019aturada de la setmana que ve perqu\u00e8 est\u00e0 molt prop de tornar si no passa res i augmentar\u00e0 la compet\u00e8ncia en defensa, que \u00e9s molt bona perqu\u00e8 els fa millorar\u201d."},{"type":"paragraph","text":"Per a veure la roda de premsa completa, punxa en la imatge."},{"type":"video","kind":"iframe","url":"https:\/\/www.youtube.com\/embed\/pE7CtnBSjb0?start=310&feature=oembed","poster":""}]}],"hero":{"id":"section-1","title":"","text":"El Villarreal B visita una pla\u00e7a complicada com \u00e9s El Alcoraz aquest dissabte a les 18.30 hores El t\u00e8cnic del Villarreal B, Miguel \u00c1lvarez, va compar\u00e9ixer en la roda de premsa pr\u00e8via al partit contra l\u2019SD Huesca, corresponent a la jornada 15 de LaLiga SmartBank, que tindr\u00e0 lloc dem\u00e0 a les 18.15 hores en El Alcoraz. L\u2019entrenador groguet va destacar la dificultat de v\u00e9ncer en el feu del Huesca, on el pr\u00f2xim rival del Mini Submar\u00ed ha aconseguit la majoria dels seus 20 punts, els mateixos que el filial groc. Aquestes s\u00f3n les declaracions del preparador de Ja\u00e9n: Com arriba l\u2019equip \u201cArriba b\u00e9, encara que, com tots els equips, cansats. Pot haver-hi canvis. La plantilla t\u00e9 una import\u00e0ncia vital en aquests partits tan comprimits. Tots s\u00f3n importants i ning\u00fa imprescindible. Tots estan disponibles\u201d. El partit en El Alcoraz \u201cEsperem un partit molt dif\u00edcil, de molta intensitat i molt ritme, com fan ells. \u00c9s un equip dels forts com a local. Dels seus 20 punts, t\u00e9 14 a casa. Tenen moltes variants en el seu joc, important en aquesta categoria. Del meu equip espere que entenguem com s\u2019ha d\u2019anar competint fora. Estem millorant en aquests \u00faltims partits. A Albacete competim molt b\u00e9, per\u00f2 tenim molt de marge de millora i aix\u00f2 em fa estar molt tranquil. Ells s\u00f3n creients en el que fem. La dificultat a Osca ser\u00e0 important\u201d. Les claus del partit \u201cSaber el rol que li toca a cadascun en el seu moment i pensar m\u00e9s en el \u2018nosaltres\u2019 que en el \u2018jo\u2019. El que vull \u00e9s que s\u00e0pien que per a anar fora t\u2019has de manejar en contextos que no s\u00f3n agradables, que no t\u2019agraden i s\u00f3n dif\u00edcils de gestionar. El futbol \u00e9s aix\u00f2. En molts moments, el rival et portar\u00e0 a un bloc baix o mitj\u00e0, per\u00f2 si el contrari veu que et sents c\u00f2mode en aqueixos contextos, se li posa molt dif\u00edcil\u201d. Solidesa defensiva \u201c\u00c9s vital. Quan vas fora has de saber que els rivals tindran moltes vegades la iniciativa, que et sotmetran pel seu joc, el seu treball, els seus jugadors i el p\u00fablic. Tot aqueix context porta al fet que l\u2019equip contrari t\u2019afone moltes vegades i tot dep\u00e9n del fet que s\u00e0pien quin paper els toca. Has de fer-li saber al rival que per m\u00e9s centrades que fiquen no remataran. \u00c9s un treball d\u2019equip\u201d. Mbacke \u201cTothom li veu amb ulls d\u2019espectador, per\u00f2 jo ho faig amb ulls d\u2019entrenador. \u00c9s un jugador amb unes condicions impressionants i moltes projecci\u00f3. Amb el que t\u00e9 ja li dona per a jugar, per\u00f2 volem millorar-li perqu\u00e8 s\u00f3n coses senzilles i ell vol millorar. Ha d\u2019estar m\u00e9s pendent en les vigil\u00e0ncies i a orientar les marques. Moltes vegades no ho fa perqu\u00e8 es veu superior i t\u00e9 solucions. T\u00e9 un despla\u00e7ament de pilota brutal, per\u00f2 en defensa cal jugar senzill. Estem molt contents amb ell\u201d. Els lesionats \u201cIker (Gouj\u00f3n) est\u00e0 sense mol\u00e8sties, Pablo (I\u00f1iguez) ja est\u00e0 fent treballs amb nosaltres i Sergio (Lozano) ja est\u00e0 fent treballs importants. Amb Pablo ens beneficiar\u00e0 l\u2019aturada de la setmana que ve perqu\u00e8 est\u00e0 molt prop de tornar si no passa res i augmentar\u00e0 la compet\u00e8ncia en defensa, que \u00e9s molt bona perqu\u00e8 els fa millorar\u201d. Per a veure la roda de premsa completa, punxa en la imatge.","headings":[],"texts":[{"type":"paragraph","text":"El Villarreal B visita una pla\u00e7a complicada com \u00e9s El Alcoraz aquest dissabte a les 18.30 hores"},{"type":"paragraph","text":"El t\u00e8cnic del Villarreal B, Miguel \u00c1lvarez, va compar\u00e9ixer en la roda de premsa pr\u00e8via al partit contra l\u2019SD Huesca, corresponent a la jornada 15 de LaLiga SmartBank, que tindr\u00e0 lloc dem\u00e0 a les 18.15 hores en El Alcoraz. L\u2019entrenador groguet va destacar la dificultat de v\u00e9ncer en el feu del Huesca, on el pr\u00f2xim rival del Mini Submar\u00ed ha aconseguit la majoria dels seus 20 punts, els mateixos que el filial groc."},{"type":"paragraph","text":"Aquestes s\u00f3n les declaracions del preparador de Ja\u00e9n:"},{"type":"paragraph","text":"Com arriba l\u2019equip"},{"type":"paragraph","text":"\u201cArriba b\u00e9, encara que, com tots els equips, cansats. Pot haver-hi canvis. La plantilla t\u00e9 una import\u00e0ncia vital en aquests partits tan comprimits. Tots s\u00f3n importants i ning\u00fa imprescindible. Tots estan disponibles\u201d."},{"type":"paragraph","text":"El partit en El Alcoraz"},{"type":"paragraph","text":"\u201cEsperem un partit molt dif\u00edcil, de molta intensitat i molt ritme, com fan ells. \u00c9s un equip dels forts com a local. Dels seus 20 punts, t\u00e9 14 a casa. Tenen moltes variants en el seu joc, important en aquesta categoria. Del meu equip espere que entenguem com s\u2019ha d\u2019anar competint fora. Estem millorant en aquests \u00faltims partits. A Albacete competim molt b\u00e9, per\u00f2 tenim molt de marge de millora i aix\u00f2 em fa estar molt tranquil. Ells s\u00f3n creients en el que fem. La dificultat a Osca ser\u00e0 important\u201d."},{"type":"paragraph","text":"Les claus del partit"},{"type":"paragraph","text":"\u201cSaber el rol que li toca a cadascun en el seu moment i pensar m\u00e9s en el \u2018nosaltres\u2019 que en el \u2018jo\u2019. El que vull \u00e9s que s\u00e0pien que per a anar fora t\u2019has de manejar en contextos que no s\u00f3n agradables, que no t\u2019agraden i s\u00f3n dif\u00edcils de gestionar. El futbol \u00e9s aix\u00f2. En molts moments, el rival et portar\u00e0 a un bloc baix o mitj\u00e0, per\u00f2 si el contrari veu que et sents c\u00f2mode en aqueixos contextos, se li posa molt dif\u00edcil\u201d."},{"type":"paragraph","text":"Solidesa defensiva"},{"type":"paragraph","text":"\u201c\u00c9s vital. Quan vas fora has de saber que els rivals tindran moltes vegades la iniciativa, que et sotmetran pel seu joc, el seu treball, els seus jugadors i el p\u00fablic. Tot aqueix context porta al fet que l\u2019equip contrari t\u2019afone moltes vegades i tot dep\u00e9n del fet que s\u00e0pien quin paper els toca. Has de fer-li saber al rival que per m\u00e9s centrades que fiquen no remataran. \u00c9s un treball d\u2019equip\u201d."},{"type":"paragraph","text":"Mbacke"},{"type":"paragraph","text":"\u201cTothom li veu amb ulls d\u2019espectador, per\u00f2 jo ho faig amb ulls d\u2019entrenador. \u00c9s un jugador amb unes condicions impressionants i moltes projecci\u00f3. Amb el que t\u00e9 ja li dona per a jugar, per\u00f2 volem millorar-li perqu\u00e8 s\u00f3n coses senzilles i ell vol millorar. Ha d\u2019estar m\u00e9s pendent en les vigil\u00e0ncies i a orientar les marques. Moltes vegades no ho fa perqu\u00e8 es veu superior i t\u00e9 solucions. T\u00e9 un despla\u00e7ament de pilota brutal, per\u00f2 en defensa cal jugar senzill. Estem molt contents amb ell\u201d."},{"type":"paragraph","text":"Els lesionats"},{"type":"paragraph","text":"\u201cIker (Gouj\u00f3n) est\u00e0 sense mol\u00e8sties, Pablo (I\u00f1iguez) ja est\u00e0 fent treballs amb nosaltres i Sergio (Lozano) ja est\u00e0 fent treballs importants. Amb Pablo ens beneficiar\u00e0 l\u2019aturada de la setmana que ve perqu\u00e8 est\u00e0 molt prop de tornar si no passa res i augmentar\u00e0 la compet\u00e8ncia en defensa, que \u00e9s molt bona perqu\u00e8 els fa millorar\u201d."},{"type":"paragraph","text":"Per a veure la roda de premsa completa, punxa en la imatge."}],"buttons":[],"images":[{"type":"image","url":"https:\/\/villarrealcf.es\/\/wp-content\/uploads\/2022\/11\/07564ebab9a9dcb52068d2ff482c304a.jpg","alt":"||||","width":1920,"height":1080,"srcset":"https:\/\/villarrealcf.es\/wp-content\/uploads\/2022\/11\/07564ebab9a9dcb52068d2ff482c304a.jpg 1920w, https:\/\/villarrealcf.es\/\/wp-content\/uploads\/2022\/11\/07564ebab9a9dcb52068d2ff482c304a.jpg 1920w, https:\/\/villarrealcf.es\/wp-content\/uploads\/2022\/11\/07564ebab9a9dcb52068d2ff482c304a-1024x576.jpg 1024w, https:\/\/villarrealcf.es\/\/wp-content\/uploads\/2022\/11\/07564ebab9a9dcb52068d2ff482c304a.jpg 1920w, https:\/\/villarrealcf.es\/wp-content\/uploads\/2022\/11\/07564ebab9a9dcb52068d2ff482c304a-1536x864.jpg 1536w, https:\/\/villarrealcf.es\/\/wp-content\/uploads\/2022\/11\/07564ebab9a9dcb52068d2ff482c304a.jpg 1920w, https:\/\/villarrealcf.es\/wp-content\/uploads\/2022\/11\/07564ebab9a9dcb52068d2ff482c304a-32x18.jpg 32w, https:\/\/villarrealcf.es\/wp-content\/uploads\/2022\/11\/07564ebab9a9dcb52068d2ff482c304a-150x84.jpg 150w, https:\/\/villarrealcf.es\/\/wp-content\/uploads\/2022\/11\/07564ebab9a9dcb52068d2ff482c304a.jpg 1920w, https:\/\/villarrealcf.es\/wp-content\/uploads\/2022\/11\/07564ebab9a9dcb52068d2ff482c304a-1200x675.jpg 1200w, https:\/\/villarrealcf.es\/wp-content\/uploads\/2022\/11\/07564ebab9a9dcb52068d2ff482c304a-2048x1152.jpg 2048w","sizes":"auto, (max-width: 1920px) 100vw, 1920px"}],"widgets":[],"blocks":[{"type":"image","url":"https:\/\/villarrealcf.es\/\/wp-content\/uploads\/2022\/11\/07564ebab9a9dcb52068d2ff482c304a.jpg","alt":"||||","width":1920,"height":1080,"srcset":"https:\/\/villarrealcf.es\/wp-content\/uploads\/2022\/11\/07564ebab9a9dcb52068d2ff482c304a.jpg 1920w, https:\/\/villarrealcf.es\/\/wp-content\/uploads\/2022\/11\/07564ebab9a9dcb52068d2ff482c304a.jpg 1920w, https:\/\/villarrealcf.es\/wp-content\/uploads\/2022\/11\/07564ebab9a9dcb52068d2ff482c304a-1024x576.jpg 1024w, https:\/\/villarrealcf.es\/\/wp-content\/uploads\/2022\/11\/07564ebab9a9dcb52068d2ff482c304a.jpg 1920w, https:\/\/villarrealcf.es\/wp-content\/uploads\/2022\/11\/07564ebab9a9dcb52068d2ff482c304a-1536x864.jpg 1536w, https:\/\/villarrealcf.es\/\/wp-content\/uploads\/2022\/11\/07564ebab9a9dcb52068d2ff482c304a.jpg 1920w, https:\/\/villarrealcf.es\/wp-content\/uploads\/2022\/11\/07564ebab9a9dcb52068d2ff482c304a-32x18.jpg 32w, https:\/\/villarrealcf.es\/wp-content\/uploads\/2022\/11\/07564ebab9a9dcb52068d2ff482c304a-150x84.jpg 150w, https:\/\/villarrealcf.es\/\/wp-content\/uploads\/2022\/11\/07564ebab9a9dcb52068d2ff482c304a.jpg 1920w, https:\/\/villarrealcf.es\/wp-content\/uploads\/2022\/11\/07564ebab9a9dcb52068d2ff482c304a-1200x675.jpg 1200w, https:\/\/villarrealcf.es\/wp-content\/uploads\/2022\/11\/07564ebab9a9dcb52068d2ff482c304a-2048x1152.jpg 2048w","sizes":"auto, (max-width: 1920px) 100vw, 1920px"},{"type":"paragraph","text":"El Villarreal B visita una pla\u00e7a complicada com \u00e9s El Alcoraz aquest dissabte a les 18.30 hores"},{"type":"paragraph","text":"El t\u00e8cnic del Villarreal B, Miguel \u00c1lvarez, va compar\u00e9ixer en la roda de premsa pr\u00e8via al partit contra l\u2019SD Huesca, corresponent a la jornada 15 de LaLiga SmartBank, que tindr\u00e0 lloc dem\u00e0 a les 18.15 hores en El Alcoraz. L\u2019entrenador groguet va destacar la dificultat de v\u00e9ncer en el feu del Huesca, on el pr\u00f2xim rival del Mini Submar\u00ed ha aconseguit la majoria dels seus 20 punts, els mateixos que el filial groc."},{"type":"paragraph","text":"Aquestes s\u00f3n les declaracions del preparador de Ja\u00e9n:"},{"type":"paragraph","text":"Com arriba l\u2019equip"},{"type":"paragraph","text":"\u201cArriba b\u00e9, encara que, com tots els equips, cansats. Pot haver-hi canvis. La plantilla t\u00e9 una import\u00e0ncia vital en aquests partits tan comprimits. Tots s\u00f3n importants i ning\u00fa imprescindible. Tots estan disponibles\u201d."},{"type":"paragraph","text":"El partit en El Alcoraz"},{"type":"paragraph","text":"\u201cEsperem un partit molt dif\u00edcil, de molta intensitat i molt ritme, com fan ells. \u00c9s un equip dels forts com a local. Dels seus 20 punts, t\u00e9 14 a casa. Tenen moltes variants en el seu joc, important en aquesta categoria. Del meu equip espere que entenguem com s\u2019ha d\u2019anar competint fora. Estem millorant en aquests \u00faltims partits. A Albacete competim molt b\u00e9, per\u00f2 tenim molt de marge de millora i aix\u00f2 em fa estar molt tranquil. Ells s\u00f3n creients en el que fem. La dificultat a Osca ser\u00e0 important\u201d."},{"type":"paragraph","text":"Les claus del partit"},{"type":"paragraph","text":"\u201cSaber el rol que li toca a cadascun en el seu moment i pensar m\u00e9s en el \u2018nosaltres\u2019 que en el \u2018jo\u2019. El que vull \u00e9s que s\u00e0pien que per a anar fora t\u2019has de manejar en contextos que no s\u00f3n agradables, que no t\u2019agraden i s\u00f3n dif\u00edcils de gestionar. El futbol \u00e9s aix\u00f2. En molts moments, el rival et portar\u00e0 a un bloc baix o mitj\u00e0, per\u00f2 si el contrari veu que et sents c\u00f2mode en aqueixos contextos, se li posa molt dif\u00edcil\u201d."},{"type":"paragraph","text":"Solidesa defensiva"},{"type":"paragraph","text":"\u201c\u00c9s vital. Quan vas fora has de saber que els rivals tindran moltes vegades la iniciativa, que et sotmetran pel seu joc, el seu treball, els seus jugadors i el p\u00fablic. Tot aqueix context porta al fet que l\u2019equip contrari t\u2019afone moltes vegades i tot dep\u00e9n del fet que s\u00e0pien quin paper els toca. Has de fer-li saber al rival que per m\u00e9s centrades que fiquen no remataran. \u00c9s un treball d\u2019equip\u201d."},{"type":"paragraph","text":"Mbacke"},{"type":"paragraph","text":"\u201cTothom li veu amb ulls d\u2019espectador, per\u00f2 jo ho faig amb ulls d\u2019entrenador. \u00c9s un jugador amb unes condicions impressionants i moltes projecci\u00f3. Amb el que t\u00e9 ja li dona per a jugar, per\u00f2 volem millorar-li perqu\u00e8 s\u00f3n coses senzilles i ell vol millorar. Ha d\u2019estar m\u00e9s pendent en les vigil\u00e0ncies i a orientar les marques. Moltes vegades no ho fa perqu\u00e8 es veu superior i t\u00e9 solucions. T\u00e9 un despla\u00e7ament de pilota brutal, per\u00f2 en defensa cal jugar senzill. Estem molt contents amb ell\u201d."},{"type":"paragraph","text":"Els lesionats"},{"type":"paragraph","text":"\u201cIker (Gouj\u00f3n) est\u00e0 sense mol\u00e8sties, Pablo (I\u00f1iguez) ja est\u00e0 fent treballs amb nosaltres i Sergio (Lozano) ja est\u00e0 fent treballs importants. Amb Pablo ens beneficiar\u00e0 l\u2019aturada de la setmana que ve perqu\u00e8 est\u00e0 molt prop de tornar si no passa res i augmentar\u00e0 la compet\u00e8ncia en defensa, que \u00e9s molt bona perqu\u00e8 els fa millorar\u201d."},{"type":"paragraph","text":"Per a veure la roda de premsa completa, punxa en la imatge."},{"type":"video","kind":"iframe","url":"https:\/\/www.youtube.com\/embed\/pE7CtnBSjb0?start=310&feature=oembed","poster":""}]}},"sections":[{"id":"section-1","title":"","text":"El Villarreal B visita una pla\u00e7a complicada com \u00e9s El Alcoraz aquest dissabte a les 18.30 hores El t\u00e8cnic del Villarreal B, Miguel \u00c1lvarez, va compar\u00e9ixer en la roda de premsa pr\u00e8via al partit contra l\u2019SD Huesca, corresponent a la jornada 15 de LaLiga SmartBank, que tindr\u00e0 lloc dem\u00e0 a les 18.15 hores en El Alcoraz. L\u2019entrenador groguet va destacar la dificultat de v\u00e9ncer en el feu del Huesca, on el pr\u00f2xim rival del Mini Submar\u00ed ha aconseguit la majoria dels seus 20 punts, els mateixos que el filial groc. Aquestes s\u00f3n les declaracions del preparador de Ja\u00e9n: Com arriba l\u2019equip \u201cArriba b\u00e9, encara que, com tots els equips, cansats. Pot haver-hi canvis. La plantilla t\u00e9 una import\u00e0ncia vital en aquests partits tan comprimits. Tots s\u00f3n importants i ning\u00fa imprescindible. Tots estan disponibles\u201d. El partit en El Alcoraz \u201cEsperem un partit molt dif\u00edcil, de molta intensitat i molt ritme, com fan ells. \u00c9s un equip dels forts com a local. Dels seus 20 punts, t\u00e9 14 a casa. Tenen moltes variants en el seu joc, important en aquesta categoria. Del meu equip espere que entenguem com s\u2019ha d\u2019anar competint fora. Estem millorant en aquests \u00faltims partits. A Albacete competim molt b\u00e9, per\u00f2 tenim molt de marge de millora i aix\u00f2 em fa estar molt tranquil. Ells s\u00f3n creients en el que fem. La dificultat a Osca ser\u00e0 important\u201d. Les claus del partit \u201cSaber el rol que li toca a cadascun en el seu moment i pensar m\u00e9s en el \u2018nosaltres\u2019 que en el \u2018jo\u2019. El que vull \u00e9s que s\u00e0pien que per a anar fora t\u2019has de manejar en contextos que no s\u00f3n agradables, que no t\u2019agraden i s\u00f3n dif\u00edcils de gestionar. El futbol \u00e9s aix\u00f2. En molts moments, el rival et portar\u00e0 a un bloc baix o mitj\u00e0, per\u00f2 si el contrari veu que et sents c\u00f2mode en aqueixos contextos, se li posa molt dif\u00edcil\u201d. Solidesa defensiva \u201c\u00c9s vital. Quan vas fora has de saber que els rivals tindran moltes vegades la iniciativa, que et sotmetran pel seu joc, el seu treball, els seus jugadors i el p\u00fablic. Tot aqueix context porta al fet que l\u2019equip contrari t\u2019afone moltes vegades i tot dep\u00e9n del fet que s\u00e0pien quin paper els toca. Has de fer-li saber al rival que per m\u00e9s centrades que fiquen no remataran. \u00c9s un treball d\u2019equip\u201d. Mbacke \u201cTothom li veu amb ulls d\u2019espectador, per\u00f2 jo ho faig amb ulls d\u2019entrenador. \u00c9s un jugador amb unes condicions impressionants i moltes projecci\u00f3. Amb el que t\u00e9 ja li dona per a jugar, per\u00f2 volem millorar-li perqu\u00e8 s\u00f3n coses senzilles i ell vol millorar. Ha d\u2019estar m\u00e9s pendent en les vigil\u00e0ncies i a orientar les marques. Moltes vegades no ho fa perqu\u00e8 es veu superior i t\u00e9 solucions. T\u00e9 un despla\u00e7ament de pilota brutal, per\u00f2 en defensa cal jugar senzill. Estem molt contents amb ell\u201d. Els lesionats \u201cIker (Gouj\u00f3n) est\u00e0 sense mol\u00e8sties, Pablo (I\u00f1iguez) ja est\u00e0 fent treballs amb nosaltres i Sergio (Lozano) ja est\u00e0 fent treballs importants. Amb Pablo ens beneficiar\u00e0 l\u2019aturada de la setmana que ve perqu\u00e8 est\u00e0 molt prop de tornar si no passa res i augmentar\u00e0 la compet\u00e8ncia en defensa, que \u00e9s molt bona perqu\u00e8 els fa millorar\u201d. Per a veure la roda de premsa completa, punxa en la imatge.","url":"","background_image":"","images":[{"type":"image","url":"https:\/\/villarrealcf.es\/\/wp-content\/uploads\/2022\/11\/07564ebab9a9dcb52068d2ff482c304a.jpg","alt":"||||","width":1920,"height":1080,"srcset":"https:\/\/villarrealcf.es\/wp-content\/uploads\/2022\/11\/07564ebab9a9dcb52068d2ff482c304a.jpg 1920w, https:\/\/villarrealcf.es\/\/wp-content\/uploads\/2022\/11\/07564ebab9a9dcb52068d2ff482c304a.jpg 1920w, https:\/\/villarrealcf.es\/wp-content\/uploads\/2022\/11\/07564ebab9a9dcb52068d2ff482c304a-1024x576.jpg 1024w, https:\/\/villarrealcf.es\/\/wp-content\/uploads\/2022\/11\/07564ebab9a9dcb52068d2ff482c304a.jpg 1920w, https:\/\/villarrealcf.es\/wp-content\/uploads\/2022\/11\/07564ebab9a9dcb52068d2ff482c304a-1536x864.jpg 1536w, https:\/\/villarrealcf.es\/\/wp-content\/uploads\/2022\/11\/07564ebab9a9dcb52068d2ff482c304a.jpg 1920w, https:\/\/villarrealcf.es\/wp-content\/uploads\/2022\/11\/07564ebab9a9dcb52068d2ff482c304a-32x18.jpg 32w, https:\/\/villarrealcf.es\/wp-content\/uploads\/2022\/11\/07564ebab9a9dcb52068d2ff482c304a-150x84.jpg 150w, https:\/\/villarrealcf.es\/\/wp-content\/uploads\/2022\/11\/07564ebab9a9dcb52068d2ff482c304a.jpg 1920w, https:\/\/villarrealcf.es\/wp-content\/uploads\/2022\/11\/07564ebab9a9dcb52068d2ff482c304a-1200x675.jpg 1200w, https:\/\/villarrealcf.es\/wp-content\/uploads\/2022\/11\/07564ebab9a9dcb52068d2ff482c304a-2048x1152.jpg 2048w","sizes":"auto, (max-width: 1920px) 100vw, 1920px"}],"videos":[{"type":"video","kind":"iframe","url":"https:\/\/www.youtube.com\/embed\/pE7CtnBSjb0?start=310&feature=oembed","poster":""}],"links":[]},{"id":"shortcode-caption-69eec492a5d0a","type":"shortcode","shortcode":"caption","attributes":{"id":"attachment_229598","align":"alignnone","width":""},"title":"Caption","rendered":"","data":[],"text":"","url":"","background_image":"","images":[],"videos":[],"links":[],"blocks":[]}]},"excerpt":{"rendered":"El Villarreal B visita una pla\u00e7a complicada com \u00e9s El Alcoraz aquest dissabte a les 18.30 hores","protected":false},"author":1,"featured_media":229598,"comment_status":"","ping_status":"","sticky":false,"template":"","format":"standard","meta":{"_acf_changed":false,"footnotes":""},"categories":[4858],"tags":[13555,9094,7566,5192,6411,13556,6204,13557],"acf":null,"lang":"val","translations":{"val":229601},"essential_grid":{"has_grid":false},"formatted_date":"November 4, 2022","modified_date":"November 4, 2022","permalink":"https:\/\/villarrealcf.es\/val\/miguel-alvarez-el-huesca-es-molt-fort-com-a-local\/","reading_time":3,"featured_media_data":{"id":229598,"title":"||||","caption":"||||","alt_text":"||||","description":"","mime_type":"image\/jpeg","source_url":"https:\/\/villarrealcf.es\/wp-content\/uploads\/2022\/11\/07564ebab9a9dcb52068d2ff482c304a.jpg","sizes":{"thumbnail":{"url":"https:\/\/villarrealcf.es\/wp-content\/uploads\/2022\/11\/07564ebab9a9dcb52068d2ff482c304a-150x150.jpg","width":150,"height":150},"medium":{"url":"https:\/\/villarrealcf.es\/wp-content\/uploads\/2022\/11\/07564ebab9a9dcb52068d2ff482c304a-300x169.jpg","width":300,"height":169},"medium_large":{"url":"https:\/\/villarrealcf.es\/wp-content\/uploads\/2022\/11\/07564ebab9a9dcb52068d2ff482c304a-768x432.jpg","width":768,"height":432},"large":{"url":"https:\/\/villarrealcf.es\/wp-content\/uploads\/2022\/11\/07564ebab9a9dcb52068d2ff482c304a-1024x576.jpg","width":788,"height":443},"1536x1536":{"url":"https:\/\/villarrealcf.es\/wp-content\/uploads\/2022\/11\/07564ebab9a9dcb52068d2ff482c304a-1536x864.jpg","width":1536,"height":864},"2048x2048":{"url":"https:\/\/villarrealcf.es\/wp-content\/uploads\/2022\/11\/07564ebab9a9dcb52068d2ff482c304a-2048x1152.jpg","width":2048,"height":1152},"tp-image-grid":{"url":"https:\/\/villarrealcf.es\/wp-content\/uploads\/2022\/11\/07564ebab9a9dcb52068d2ff482c304a-700x700.jpg","width":700,"height":700},"size-bunyad-medium":{"url":"https:\/\/villarrealcf.es\/wp-content\/uploads\/2022\/11\/07564ebab9a9dcb52068d2ff482c304a.jpg","width":1920,"height":1080},"sportspress-crop-medium":{"url":"https:\/\/villarrealcf.es\/wp-content\/uploads\/2022\/11\/07564ebab9a9dcb52068d2ff482c304a-300x300.jpg","width":300,"height":300},"sportspress-fit-medium":{"url":"https:\/\/villarrealcf.es\/wp-content\/uploads\/2022\/11\/07564ebab9a9dcb52068d2ff482c304a-300x169.jpg","width":300,"height":169},"sportspress-fit-icon":{"url":"https:\/\/villarrealcf.es\/wp-content\/uploads\/2022\/11\/07564ebab9a9dcb52068d2ff482c304a-128x72.jpg","width":128,"height":72},"sportspress-fit-mini":{"url":"https:\/\/villarrealcf.es\/wp-content\/uploads\/2022\/11\/07564ebab9a9dcb52068d2ff482c304a-32x18.jpg","width":32,"height":18},"bunyad-small":{"url":"https:\/\/villarrealcf.es\/wp-content\/uploads\/2022\/11\/07564ebab9a9dcb52068d2ff482c304a-150x84.jpg","width":150,"height":84},"bunyad-medium":{"url":"https:\/\/villarrealcf.es\/wp-content\/uploads\/2022\/11\/07564ebab9a9dcb52068d2ff482c304a-450x253.jpg","width":450,"height":253},"bunyad-full":{"url":"https:\/\/villarrealcf.es\/wp-content\/uploads\/2022\/11\/07564ebab9a9dcb52068d2ff482c304a-1200x675.jpg","width":1200,"height":675},"bunyad-viewport":{"url":"https:\/\/villarrealcf.es\/wp-content\/uploads\/2022\/11\/07564ebab9a9dcb52068d2ff482c304a-2048x1152.jpg","width":2048,"height":1152},"bunyad-768":{"url":"https:\/\/villarrealcf.es\/wp-content\/uploads\/2022\/11\/07564ebab9a9dcb52068d2ff482c304a-768x432.jpg","width":768,"height":432},"full":{"url":"https:\/\/villarrealcf.es\/wp-content\/uploads\/2022\/11\/07564ebab9a9dcb52068d2ff482c304a.jpg","width":1920,"height":1080}}},"author_data":{"id":"1","name":"root_envidea","first_name":"Villarreal CF","last_name":"","description":"","avatar_url":"https:\/\/secure.gravatar.com\/avatar\/48f95f42a3ccc324f3a3458e4b9e6fb070b083e99d388e170c1afb061fa99b63?s=96&d=mm&r=g","acf":null},"taxonomies_data":{"category":[{"id":4858,"name":"Futbol Base","slug":"futbol-base-val","acf":null}],"post_tag":[{"id":13555,"name":"Futbol","slug":"futbol-val-2","acf":null},{"id":9094,"name":"LaLiga Smartbank","slug":"laliga-smartbank","acf":null},{"id":7566,"name":"Miguel \u00c1lvarez","slug":"miguel-alvarez","acf":null},{"id":5192,"name":"Rueda de prensa","slug":"rueda-de-prensa","acf":null},{"id":6411,"name":"SD Huesca","slug":"sd-huesca","acf":null},{"id":13556,"name":"Submarino Amarillo","slug":"submarino-amarillo-val-2","acf":null},{"id":6204,"name":"Villarreal B","slug":"villarreal-b","acf":null},{"id":13557,"name":"Villarreal CF","slug":"villarreal-cf-val-2","acf":null}],"translation_priority":[{"id":735,"name":"Optional","slug":"optional-val","acf":null}]},"seo_full":{"native":{"title":"Miguel \u00c1lvarez: &#8220;El Huesca \u00e9s molt fort com a local&#8221; - Web Oficial del Villarreal CF","description":"[caption id=\"attachment_229598\" align=\"alignnone\" width=\"\"]||||[\/caption]El Villarreal B visita una pla\u00e7a complicada com \u00e9s El Alcoraz aquest dissabte a les 18.30 hores&hellip;","canonical":"https:\/\/villarrealcf.es\/val\/miguel-alvarez-el-huesca-es-molt-fort-com-a-local\/"}},"_links":{"self":[{"href":"https:\/\/villarrealcf.es\/val\/wp-json\/wp\/v2\/posts\/229601","targetHints":{"allow":["GET"]}}],"collection":[{"href":"https:\/\/villarrealcf.es\/val\/wp-json\/wp\/v2\/posts"}],"about":[{"href":"https:\/\/villarrealcf.es\/val\/wp-json\/wp\/v2\/types\/post"}],"author":[{"embeddable":true,"href":"https:\/\/villarrealcf.es\/val\/wp-json\/wp\/v2\/users\/1"}],"replies":[{"embeddable":true,"href":"https:\/\/villarrealcf.es\/val\/wp-json\/wp\/v2\/comments?post=229601"}],"version-history":[{"count":0,"href":"https:\/\/villarrealcf.es\/val\/wp-json\/wp\/v2\/posts\/229601\/revisions"}],"wp:featuredmedia":[{"embeddable":true,"href":"https:\/\/villarrealcf.es\/val\/wp-json\/wp\/v2\/media\/229598"}],"wp:attachment":[{"href":"https:\/\/villarrealcf.es\/val\/wp-json\/wp\/v2\/media?parent=229601"}],"wp:term":[{"taxonomy":"category","embeddable":true,"href":"https:\/\/villarrealcf.es\/val\/wp-json\/wp\/v2\/categories?post=229601"},{"taxonomy":"post_tag","embeddable":true,"href":"https:\/\/villarrealcf.es\/val\/wp-json\/wp\/v2\/tags?post=229601"}],"curies":[{"name":"wp","href":"https:\/\/api.w.org\/{rel}","templated":true}]}}