{"id":229525,"date":"2022-11-03T12:57:17","date_gmt":"2022-11-03T11:57:17","guid":{"rendered":"https:\/\/villarrealcf.es\/\/vila-real-acollira-l-ultima-fase-de-laliga-genuine\/"},"modified":"2022-11-03T12:57:17","modified_gmt":"2022-11-03T11:57:17","slug":"vila-real-acollira-l-ultima-fase-de-laliga-genuine","status":"publish","type":"post","link":"https:\/\/villarrealcf.es\/val\/vila-real-acollira-l-ultima-fase-de-laliga-genuine\/","title":{"rendered":"Vila-real acollir\u00e0 l&#8217;\u00faltima fase de LaLiga Genuine"},"content":{"protected":false,"blocks":[{"type":"image","url":"https:\/\/villarrealcf.es\/\/wp-content\/uploads\/2022\/11\/ff8e7d666c3133a1262c1a323229cc37.jpg","alt":"||||","width":1024,"height":575,"srcset":"https:\/\/villarrealcf.es\/wp-content\/uploads\/2022\/11\/ff8e7d666c3133a1262c1a323229cc37.jpg 1024w, https:\/\/villarrealcf.es\/\/wp-content\/uploads\/2022\/11\/ff8e7d666c3133a1262c1a323229cc37.jpg 1920w, https:\/\/villarrealcf.es\/\/wp-content\/uploads\/2022\/11\/ff8e7d666c3133a1262c1a323229cc37.jpg 1920w, https:\/\/villarrealcf.es\/\/wp-content\/uploads\/2022\/11\/ff8e7d666c3133a1262c1a323229cc37.jpg 1920w, https:\/\/villarrealcf.es\/wp-content\/uploads\/2022\/11\/ff8e7d666c3133a1262c1a323229cc37-32x18.jpg 32w, https:\/\/villarrealcf.es\/wp-content\/uploads\/2022\/11\/ff8e7d666c3133a1262c1a323229cc37-150x84.jpg 150w, https:\/\/villarrealcf.es\/\/wp-content\/uploads\/2022\/11\/ff8e7d666c3133a1262c1a323229cc37.jpg 1920w","sizes":"auto, (max-width: 1024px) 100vw, 1024px"},{"type":"paragraph","text":"La Ciutat Esportiva Pamesa albergar\u00e0 la sisena i \u00faltima jornada del prestigi\u00f3s torneig nacional de futbol inclusiu el mes vinent de juny"},{"type":"paragraph","text":"El Villarreal CF ser\u00e0 el club amfitri\u00f3 de l\u2019\u00faltima fase de LaLiga Genuine Santander 22\/23, que es viur\u00e0 en la Ciutat Esportiva Pamesa Cer\u00e1mica els dies 9, 10 i 11 de juny de 2023. Aix\u00ed doncs, un any m\u00e9s les instal\u00b7lacions del Submar\u00ed albergaran el prestigi\u00f3s torneig que combina futbol, aprenentatge i diversi\u00f3 amb el seu equip EDI com un dels participants."},{"type":"paragraph","text":"Abans d\u2019aterrar a Vila-real, LaLiga Genuine Santander passar\u00e0 pel Nou Estadi (N\u00e0stic de Tarragona), la Ciutat Esportiva Dani Jarque (RCD Espanyol), Lezama (Athletic Club Fundazioa), A Madroa (Fundaci\u00f3n celta Integra) i la Ciutat Esportiva de Casta\u00f1ares (Burgos CF)."},{"type":"paragraph","text":"Aquestes s\u00f3n les dates de les fases de la present edici\u00f3:"},{"type":"list","style":"ul","items":["Tarragona: 11, 12 i 13 de novembre","Barcelona: 17, 18 i 19 de febrer","Bilbao: 25, 26 y 27 de mar\u00e7","Vigo: 14, 15 i 16 d\u2019abril","Burgos: 12, 13 i 14 de maig","Vila-real: 9, 10 i 11 de juny"]}],"structured":{"summary":{"text":"La Ciutat Esportiva Pamesa albergar\u00e0 la sisena i \u00faltima jornada del prestigi\u00f3s torneig nacional de futbol inclusiu el mes vinent de juny El Villarreal CF ser\u00e0 el club amfitri\u00f3 de l\u2019\u00faltima fase de LaLiga Genuine Santander 22\/23, que es viur\u00e0 en la Ciutat Esportiva Pamesa Cer\u00e1mica els dies 9, 10 i 11 de juny de 2023. Aix\u00ed doncs, un any m\u00e9s les instal\u00b7lacions del Submar\u00ed albergaran el prestigi\u00f3s torneig que combina futbol, aprenentatge i diversi\u00f3 amb el seu equip EDI com un dels participants. Abans d\u2019aterrar a Vila-real, LaLiga Genuine Santander passar\u00e0 pel Nou Estadi (N\u00e0stic de Tarragona), la Ciutat Esportiva Dani Jarque (RCD Espanyol), Lezama (Athletic Club Fundazioa), A Madroa (Fundaci\u00f3n celta Integra) i la Ciutat Esportiva de Casta\u00f1ares (Burgos CF). Aquestes s\u00f3n les dates de les fases de la present edici\u00f3: Tarragona: 11, 12 i 13 de novembre Barcelona: 17, 18 i 19 de febrer Bilbao: 25, 26 y 27 de mar\u00e7 Vigo: 14, 15 i 16 d\u2019abril Burgos: 12, 13 i 14 de maig Vila-real: 9, 10 i 11 de juny","headings":[],"buttons":[],"images":[{"type":"image","url":"https:\/\/villarrealcf.es\/\/wp-content\/uploads\/2022\/11\/ff8e7d666c3133a1262c1a323229cc37.jpg","alt":"||||","width":1024,"height":575,"srcset":"https:\/\/villarrealcf.es\/wp-content\/uploads\/2022\/11\/ff8e7d666c3133a1262c1a323229cc37.jpg 1024w, https:\/\/villarrealcf.es\/\/wp-content\/uploads\/2022\/11\/ff8e7d666c3133a1262c1a323229cc37.jpg 1920w, https:\/\/villarrealcf.es\/\/wp-content\/uploads\/2022\/11\/ff8e7d666c3133a1262c1a323229cc37.jpg 1920w, https:\/\/villarrealcf.es\/\/wp-content\/uploads\/2022\/11\/ff8e7d666c3133a1262c1a323229cc37.jpg 1920w, https:\/\/villarrealcf.es\/wp-content\/uploads\/2022\/11\/ff8e7d666c3133a1262c1a323229cc37-32x18.jpg 32w, https:\/\/villarrealcf.es\/wp-content\/uploads\/2022\/11\/ff8e7d666c3133a1262c1a323229cc37-150x84.jpg 150w, https:\/\/villarrealcf.es\/\/wp-content\/uploads\/2022\/11\/ff8e7d666c3133a1262c1a323229cc37.jpg 1920w","sizes":"auto, (max-width: 1024px) 100vw, 1024px"}],"counts":{"blocks":6,"headings":0,"texts":4,"buttons":0,"images":1}},"sections":[{"id":"section-1","title":"","text":"La Ciutat Esportiva Pamesa albergar\u00e0 la sisena i \u00faltima jornada del prestigi\u00f3s torneig nacional de futbol inclusiu el mes vinent de juny El Villarreal CF ser\u00e0 el club amfitri\u00f3 de l\u2019\u00faltima fase de LaLiga Genuine Santander 22\/23, que es viur\u00e0 en la Ciutat Esportiva Pamesa Cer\u00e1mica els dies 9, 10 i 11 de juny de 2023. Aix\u00ed doncs, un any m\u00e9s les instal\u00b7lacions del Submar\u00ed albergaran el prestigi\u00f3s torneig que combina futbol, aprenentatge i diversi\u00f3 amb el seu equip EDI com un dels participants. Abans d\u2019aterrar a Vila-real, LaLiga Genuine Santander passar\u00e0 pel Nou Estadi (N\u00e0stic de Tarragona), la Ciutat Esportiva Dani Jarque (RCD Espanyol), Lezama (Athletic Club Fundazioa), A Madroa (Fundaci\u00f3n celta Integra) i la Ciutat Esportiva de Casta\u00f1ares (Burgos CF). Aquestes s\u00f3n les dates de les fases de la present edici\u00f3:","headings":[],"texts":[{"type":"paragraph","text":"La Ciutat Esportiva Pamesa albergar\u00e0 la sisena i \u00faltima jornada del prestigi\u00f3s torneig nacional de futbol inclusiu el mes vinent de juny"},{"type":"paragraph","text":"El Villarreal CF ser\u00e0 el club amfitri\u00f3 de l\u2019\u00faltima fase de LaLiga Genuine Santander 22\/23, que es viur\u00e0 en la Ciutat Esportiva Pamesa Cer\u00e1mica els dies 9, 10 i 11 de juny de 2023. Aix\u00ed doncs, un any m\u00e9s les instal\u00b7lacions del Submar\u00ed albergaran el prestigi\u00f3s torneig que combina futbol, aprenentatge i diversi\u00f3 amb el seu equip EDI com un dels participants."},{"type":"paragraph","text":"Abans d\u2019aterrar a Vila-real, LaLiga Genuine Santander passar\u00e0 pel Nou Estadi (N\u00e0stic de Tarragona), la Ciutat Esportiva Dani Jarque (RCD Espanyol), Lezama (Athletic Club Fundazioa), A Madroa (Fundaci\u00f3n celta Integra) i la Ciutat Esportiva de Casta\u00f1ares (Burgos CF)."},{"type":"paragraph","text":"Aquestes s\u00f3n les dates de les fases de la present edici\u00f3:"}],"buttons":[],"images":[{"type":"image","url":"https:\/\/villarrealcf.es\/\/wp-content\/uploads\/2022\/11\/ff8e7d666c3133a1262c1a323229cc37.jpg","alt":"||||","width":1024,"height":575,"srcset":"https:\/\/villarrealcf.es\/wp-content\/uploads\/2022\/11\/ff8e7d666c3133a1262c1a323229cc37.jpg 1024w, https:\/\/villarrealcf.es\/\/wp-content\/uploads\/2022\/11\/ff8e7d666c3133a1262c1a323229cc37.jpg 1920w, https:\/\/villarrealcf.es\/\/wp-content\/uploads\/2022\/11\/ff8e7d666c3133a1262c1a323229cc37.jpg 1920w, https:\/\/villarrealcf.es\/\/wp-content\/uploads\/2022\/11\/ff8e7d666c3133a1262c1a323229cc37.jpg 1920w, https:\/\/villarrealcf.es\/wp-content\/uploads\/2022\/11\/ff8e7d666c3133a1262c1a323229cc37-32x18.jpg 32w, https:\/\/villarrealcf.es\/wp-content\/uploads\/2022\/11\/ff8e7d666c3133a1262c1a323229cc37-150x84.jpg 150w, https:\/\/villarrealcf.es\/\/wp-content\/uploads\/2022\/11\/ff8e7d666c3133a1262c1a323229cc37.jpg 1920w","sizes":"auto, (max-width: 1024px) 100vw, 1024px"}],"widgets":[],"blocks":[{"type":"image","url":"https:\/\/villarrealcf.es\/\/wp-content\/uploads\/2022\/11\/ff8e7d666c3133a1262c1a323229cc37.jpg","alt":"||||","width":1024,"height":575,"srcset":"https:\/\/villarrealcf.es\/wp-content\/uploads\/2022\/11\/ff8e7d666c3133a1262c1a323229cc37.jpg 1024w, https:\/\/villarrealcf.es\/\/wp-content\/uploads\/2022\/11\/ff8e7d666c3133a1262c1a323229cc37.jpg 1920w, https:\/\/villarrealcf.es\/\/wp-content\/uploads\/2022\/11\/ff8e7d666c3133a1262c1a323229cc37.jpg 1920w, https:\/\/villarrealcf.es\/\/wp-content\/uploads\/2022\/11\/ff8e7d666c3133a1262c1a323229cc37.jpg 1920w, https:\/\/villarrealcf.es\/wp-content\/uploads\/2022\/11\/ff8e7d666c3133a1262c1a323229cc37-32x18.jpg 32w, https:\/\/villarrealcf.es\/wp-content\/uploads\/2022\/11\/ff8e7d666c3133a1262c1a323229cc37-150x84.jpg 150w, https:\/\/villarrealcf.es\/\/wp-content\/uploads\/2022\/11\/ff8e7d666c3133a1262c1a323229cc37.jpg 1920w","sizes":"auto, (max-width: 1024px) 100vw, 1024px"},{"type":"paragraph","text":"La Ciutat Esportiva Pamesa albergar\u00e0 la sisena i \u00faltima jornada del prestigi\u00f3s torneig nacional de futbol inclusiu el mes vinent de juny"},{"type":"paragraph","text":"El Villarreal CF ser\u00e0 el club amfitri\u00f3 de l\u2019\u00faltima fase de LaLiga Genuine Santander 22\/23, que es viur\u00e0 en la Ciutat Esportiva Pamesa Cer\u00e1mica els dies 9, 10 i 11 de juny de 2023. Aix\u00ed doncs, un any m\u00e9s les instal\u00b7lacions del Submar\u00ed albergaran el prestigi\u00f3s torneig que combina futbol, aprenentatge i diversi\u00f3 amb el seu equip EDI com un dels participants."},{"type":"paragraph","text":"Abans d\u2019aterrar a Vila-real, LaLiga Genuine Santander passar\u00e0 pel Nou Estadi (N\u00e0stic de Tarragona), la Ciutat Esportiva Dani Jarque (RCD Espanyol), Lezama (Athletic Club Fundazioa), A Madroa (Fundaci\u00f3n celta Integra) i la Ciutat Esportiva de Casta\u00f1ares (Burgos CF)."},{"type":"paragraph","text":"Aquestes s\u00f3n les dates de les fases de la present edici\u00f3:"},{"type":"list","style":"ul","items":["Tarragona: 11, 12 i 13 de novembre","Barcelona: 17, 18 i 19 de febrer","Bilbao: 25, 26 y 27 de mar\u00e7","Vigo: 14, 15 i 16 d\u2019abril","Burgos: 12, 13 i 14 de maig","Vila-real: 9, 10 i 11 de juny"]}]}],"hero":{"id":"section-1","title":"","text":"La Ciutat Esportiva Pamesa albergar\u00e0 la sisena i \u00faltima jornada del prestigi\u00f3s torneig nacional de futbol inclusiu el mes vinent de juny El Villarreal CF ser\u00e0 el club amfitri\u00f3 de l\u2019\u00faltima fase de LaLiga Genuine Santander 22\/23, que es viur\u00e0 en la Ciutat Esportiva Pamesa Cer\u00e1mica els dies 9, 10 i 11 de juny de 2023. Aix\u00ed doncs, un any m\u00e9s les instal\u00b7lacions del Submar\u00ed albergaran el prestigi\u00f3s torneig que combina futbol, aprenentatge i diversi\u00f3 amb el seu equip EDI com un dels participants. Abans d\u2019aterrar a Vila-real, LaLiga Genuine Santander passar\u00e0 pel Nou Estadi (N\u00e0stic de Tarragona), la Ciutat Esportiva Dani Jarque (RCD Espanyol), Lezama (Athletic Club Fundazioa), A Madroa (Fundaci\u00f3n celta Integra) i la Ciutat Esportiva de Casta\u00f1ares (Burgos CF). Aquestes s\u00f3n les dates de les fases de la present edici\u00f3:","headings":[],"texts":[{"type":"paragraph","text":"La Ciutat Esportiva Pamesa albergar\u00e0 la sisena i \u00faltima jornada del prestigi\u00f3s torneig nacional de futbol inclusiu el mes vinent de juny"},{"type":"paragraph","text":"El Villarreal CF ser\u00e0 el club amfitri\u00f3 de l\u2019\u00faltima fase de LaLiga Genuine Santander 22\/23, que es viur\u00e0 en la Ciutat Esportiva Pamesa Cer\u00e1mica els dies 9, 10 i 11 de juny de 2023. Aix\u00ed doncs, un any m\u00e9s les instal\u00b7lacions del Submar\u00ed albergaran el prestigi\u00f3s torneig que combina futbol, aprenentatge i diversi\u00f3 amb el seu equip EDI com un dels participants."},{"type":"paragraph","text":"Abans d\u2019aterrar a Vila-real, LaLiga Genuine Santander passar\u00e0 pel Nou Estadi (N\u00e0stic de Tarragona), la Ciutat Esportiva Dani Jarque (RCD Espanyol), Lezama (Athletic Club Fundazioa), A Madroa (Fundaci\u00f3n celta Integra) i la Ciutat Esportiva de Casta\u00f1ares (Burgos CF)."},{"type":"paragraph","text":"Aquestes s\u00f3n les dates de les fases de la present edici\u00f3:"}],"buttons":[],"images":[{"type":"image","url":"https:\/\/villarrealcf.es\/\/wp-content\/uploads\/2022\/11\/ff8e7d666c3133a1262c1a323229cc37.jpg","alt":"||||","width":1024,"height":575,"srcset":"https:\/\/villarrealcf.es\/wp-content\/uploads\/2022\/11\/ff8e7d666c3133a1262c1a323229cc37.jpg 1024w, https:\/\/villarrealcf.es\/\/wp-content\/uploads\/2022\/11\/ff8e7d666c3133a1262c1a323229cc37.jpg 1920w, https:\/\/villarrealcf.es\/\/wp-content\/uploads\/2022\/11\/ff8e7d666c3133a1262c1a323229cc37.jpg 1920w, https:\/\/villarrealcf.es\/\/wp-content\/uploads\/2022\/11\/ff8e7d666c3133a1262c1a323229cc37.jpg 1920w, https:\/\/villarrealcf.es\/wp-content\/uploads\/2022\/11\/ff8e7d666c3133a1262c1a323229cc37-32x18.jpg 32w, https:\/\/villarrealcf.es\/wp-content\/uploads\/2022\/11\/ff8e7d666c3133a1262c1a323229cc37-150x84.jpg 150w, https:\/\/villarrealcf.es\/\/wp-content\/uploads\/2022\/11\/ff8e7d666c3133a1262c1a323229cc37.jpg 1920w","sizes":"auto, (max-width: 1024px) 100vw, 1024px"}],"widgets":[],"blocks":[{"type":"image","url":"https:\/\/villarrealcf.es\/\/wp-content\/uploads\/2022\/11\/ff8e7d666c3133a1262c1a323229cc37.jpg","alt":"||||","width":1024,"height":575,"srcset":"https:\/\/villarrealcf.es\/wp-content\/uploads\/2022\/11\/ff8e7d666c3133a1262c1a323229cc37.jpg 1024w, https:\/\/villarrealcf.es\/\/wp-content\/uploads\/2022\/11\/ff8e7d666c3133a1262c1a323229cc37.jpg 1920w, https:\/\/villarrealcf.es\/\/wp-content\/uploads\/2022\/11\/ff8e7d666c3133a1262c1a323229cc37.jpg 1920w, https:\/\/villarrealcf.es\/\/wp-content\/uploads\/2022\/11\/ff8e7d666c3133a1262c1a323229cc37.jpg 1920w, https:\/\/villarrealcf.es\/wp-content\/uploads\/2022\/11\/ff8e7d666c3133a1262c1a323229cc37-32x18.jpg 32w, https:\/\/villarrealcf.es\/wp-content\/uploads\/2022\/11\/ff8e7d666c3133a1262c1a323229cc37-150x84.jpg 150w, https:\/\/villarrealcf.es\/\/wp-content\/uploads\/2022\/11\/ff8e7d666c3133a1262c1a323229cc37.jpg 1920w","sizes":"auto, (max-width: 1024px) 100vw, 1024px"},{"type":"paragraph","text":"La Ciutat Esportiva Pamesa albergar\u00e0 la sisena i \u00faltima jornada del prestigi\u00f3s torneig nacional de futbol inclusiu el mes vinent de juny"},{"type":"paragraph","text":"El Villarreal CF ser\u00e0 el club amfitri\u00f3 de l\u2019\u00faltima fase de LaLiga Genuine Santander 22\/23, que es viur\u00e0 en la Ciutat Esportiva Pamesa Cer\u00e1mica els dies 9, 10 i 11 de juny de 2023. Aix\u00ed doncs, un any m\u00e9s les instal\u00b7lacions del Submar\u00ed albergaran el prestigi\u00f3s torneig que combina futbol, aprenentatge i diversi\u00f3 amb el seu equip EDI com un dels participants."},{"type":"paragraph","text":"Abans d\u2019aterrar a Vila-real, LaLiga Genuine Santander passar\u00e0 pel Nou Estadi (N\u00e0stic de Tarragona), la Ciutat Esportiva Dani Jarque (RCD Espanyol), Lezama (Athletic Club Fundazioa), A Madroa (Fundaci\u00f3n celta Integra) i la Ciutat Esportiva de Casta\u00f1ares (Burgos CF)."},{"type":"paragraph","text":"Aquestes s\u00f3n les dates de les fases de la present edici\u00f3:"},{"type":"list","style":"ul","items":["Tarragona: 11, 12 i 13 de novembre","Barcelona: 17, 18 i 19 de febrer","Bilbao: 25, 26 y 27 de mar\u00e7","Vigo: 14, 15 i 16 d\u2019abril","Burgos: 12, 13 i 14 de maig","Vila-real: 9, 10 i 11 de juny"]}]}},"sections":[{"id":"section-1","title":"","text":"La Ciutat Esportiva Pamesa albergar\u00e0 la sisena i \u00faltima jornada del prestigi\u00f3s torneig nacional de futbol inclusiu el mes vinent de juny El Villarreal CF ser\u00e0 el club amfitri\u00f3 de l\u2019\u00faltima fase de LaLiga Genuine Santander 22\/23, que es viur\u00e0 en la Ciutat Esportiva Pamesa Cer\u00e1mica els dies 9, 10 i 11 de juny de 2023. Aix\u00ed doncs, un any m\u00e9s les instal\u00b7lacions del Submar\u00ed albergaran el prestigi\u00f3s torneig que combina futbol, aprenentatge i diversi\u00f3 amb el seu equip EDI com un dels participants. Abans d\u2019aterrar a Vila-real, LaLiga Genuine Santander passar\u00e0 pel Nou Estadi (N\u00e0stic de Tarragona), la Ciutat Esportiva Dani Jarque (RCD Espanyol), Lezama (Athletic Club Fundazioa), A Madroa (Fundaci\u00f3n celta Integra) i la Ciutat Esportiva de Casta\u00f1ares (Burgos CF). Aquestes s\u00f3n les dates de les fases de la present edici\u00f3:","url":"","background_image":"","images":[{"type":"image","url":"https:\/\/villarrealcf.es\/\/wp-content\/uploads\/2022\/11\/ff8e7d666c3133a1262c1a323229cc37.jpg","alt":"||||","width":1024,"height":575,"srcset":"https:\/\/villarrealcf.es\/wp-content\/uploads\/2022\/11\/ff8e7d666c3133a1262c1a323229cc37.jpg 1024w, https:\/\/villarrealcf.es\/\/wp-content\/uploads\/2022\/11\/ff8e7d666c3133a1262c1a323229cc37.jpg 1920w, https:\/\/villarrealcf.es\/\/wp-content\/uploads\/2022\/11\/ff8e7d666c3133a1262c1a323229cc37.jpg 1920w, https:\/\/villarrealcf.es\/\/wp-content\/uploads\/2022\/11\/ff8e7d666c3133a1262c1a323229cc37.jpg 1920w, https:\/\/villarrealcf.es\/wp-content\/uploads\/2022\/11\/ff8e7d666c3133a1262c1a323229cc37-32x18.jpg 32w, https:\/\/villarrealcf.es\/wp-content\/uploads\/2022\/11\/ff8e7d666c3133a1262c1a323229cc37-150x84.jpg 150w, https:\/\/villarrealcf.es\/\/wp-content\/uploads\/2022\/11\/ff8e7d666c3133a1262c1a323229cc37.jpg 1920w","sizes":"auto, (max-width: 1024px) 100vw, 1024px"}],"videos":[],"links":[]},{"id":"shortcode-caption-69eead5328fb0","type":"shortcode","shortcode":"caption","attributes":{"id":"attachment_229522","align":"alignnone","width":""},"title":"Caption","rendered":"","data":[],"text":"","url":"","background_image":"","images":[],"videos":[],"links":[],"blocks":[]}]},"excerpt":{"rendered":"La Ciutat Esportiva Pamesa albergar\u00e0 la sisena i \u00faltima jornada del prestigi\u00f3s torneig nacional de futbol inclusiu el mes vinent de juny","protected":false},"author":1,"featured_media":229522,"comment_status":"","ping_status":"","sticky":false,"template":"","format":"standard","meta":{"_acf_changed":false,"footnotes":""},"categories":[4858],"tags":[6484,7349,7139,5150,4897,4865],"acf":null,"lang":"val","translations":{"val":229525},"essential_grid":{"has_grid":false},"formatted_date":"November 3, 2022","modified_date":"November 3, 2022","permalink":"https:\/\/villarrealcf.es\/val\/vila-real-acollira-l-ultima-fase-de-laliga-genuine\/","reading_time":1,"featured_media_data":{"id":229522,"title":"||||","caption":"||||","alt_text":"||||","description":"","mime_type":"image\/jpeg","source_url":"https:\/\/villarrealcf.es\/wp-content\/uploads\/2022\/11\/ff8e7d666c3133a1262c1a323229cc37.jpg","sizes":{"thumbnail":{"url":"https:\/\/villarrealcf.es\/wp-content\/uploads\/2022\/11\/ff8e7d666c3133a1262c1a323229cc37-150x150.jpg","width":150,"height":150},"medium":{"url":"https:\/\/villarrealcf.es\/wp-content\/uploads\/2022\/11\/ff8e7d666c3133a1262c1a323229cc37-300x168.jpg","width":300,"height":168},"medium_large":{"url":"https:\/\/villarrealcf.es\/wp-content\/uploads\/2022\/11\/ff8e7d666c3133a1262c1a323229cc37-768x431.jpg","width":768,"height":431},"large":{"url":"https:\/\/villarrealcf.es\/wp-content\/uploads\/2022\/11\/ff8e7d666c3133a1262c1a323229cc37.jpg","width":788,"height":442},"1536x1536":{"url":"https:\/\/villarrealcf.es\/wp-content\/uploads\/2022\/11\/ff8e7d666c3133a1262c1a323229cc37.jpg","width":1024,"height":575},"2048x2048":{"url":"https:\/\/villarrealcf.es\/wp-content\/uploads\/2022\/11\/ff8e7d666c3133a1262c1a323229cc37.jpg","width":1024,"height":575},"tp-image-grid":{"url":"https:\/\/villarrealcf.es\/wp-content\/uploads\/2022\/11\/ff8e7d666c3133a1262c1a323229cc37-700x575.jpg","width":700,"height":575},"size-bunyad-medium":{"url":"https:\/\/villarrealcf.es\/wp-content\/uploads\/2022\/11\/ff8e7d666c3133a1262c1a323229cc37.jpg","width":1024,"height":575},"sportspress-crop-medium":{"url":"https:\/\/villarrealcf.es\/wp-content\/uploads\/2022\/11\/ff8e7d666c3133a1262c1a323229cc37-300x300.jpg","width":300,"height":300},"sportspress-fit-medium":{"url":"https:\/\/villarrealcf.es\/wp-content\/uploads\/2022\/11\/ff8e7d666c3133a1262c1a323229cc37-300x168.jpg","width":300,"height":168},"sportspress-fit-icon":{"url":"https:\/\/villarrealcf.es\/wp-content\/uploads\/2022\/11\/ff8e7d666c3133a1262c1a323229cc37-128x72.jpg","width":128,"height":72},"sportspress-fit-mini":{"url":"https:\/\/villarrealcf.es\/wp-content\/uploads\/2022\/11\/ff8e7d666c3133a1262c1a323229cc37-32x18.jpg","width":32,"height":18},"bunyad-small":{"url":"https:\/\/villarrealcf.es\/wp-content\/uploads\/2022\/11\/ff8e7d666c3133a1262c1a323229cc37-150x84.jpg","width":150,"height":84},"bunyad-medium":{"url":"https:\/\/villarrealcf.es\/wp-content\/uploads\/2022\/11\/ff8e7d666c3133a1262c1a323229cc37-450x253.jpg","width":450,"height":253},"bunyad-full":{"url":"https:\/\/villarrealcf.es\/wp-content\/uploads\/2022\/11\/ff8e7d666c3133a1262c1a323229cc37.jpg","width":1024,"height":575},"bunyad-viewport":{"url":"https:\/\/villarrealcf.es\/wp-content\/uploads\/2022\/11\/ff8e7d666c3133a1262c1a323229cc37.jpg","width":1024,"height":575},"bunyad-768":{"url":"https:\/\/villarrealcf.es\/wp-content\/uploads\/2022\/11\/ff8e7d666c3133a1262c1a323229cc37-768x431.jpg","width":768,"height":431},"full":{"url":"https:\/\/villarrealcf.es\/wp-content\/uploads\/2022\/11\/ff8e7d666c3133a1262c1a323229cc37.jpg","width":1024,"height":575}}},"author_data":{"id":"1","name":"root_envidea","first_name":"Villarreal CF","last_name":"","description":"","avatar_url":"https:\/\/secure.gravatar.com\/avatar\/48f95f42a3ccc324f3a3458e4b9e6fb070b083e99d388e170c1afb061fa99b63?s=96&d=mm&r=g","acf":null},"taxonomies_data":{"category":[{"id":4858,"name":"Futbol Base","slug":"futbol-base-val","acf":null}],"post_tag":[{"id":6484,"name":"Ciutat Esportiva Pamesa Cer\u00e1mica","slug":"ciutat-esportiva-pamesa-ceramica","acf":null},{"id":7349,"name":"EDI","slug":"edi","acf":null},{"id":7139,"name":"LaLiga Genuine","slug":"laliga-genuine","acf":null},{"id":5150,"name":"Submarino Amarillo","slug":"submarino-amarillo","acf":null},{"id":4897,"name":"Vila-real","slug":"vila-real","acf":null},{"id":4865,"name":"Villarreal CF","slug":"villarreal-cf","acf":null}],"translation_priority":[{"id":733,"name":"Optional","slug":"optional","acf":null}]},"seo_full":{"native":{"title":"Vila-real acollir\u00e0 l&#8217;\u00faltima fase de LaLiga Genuine - Web Oficial del Villarreal CF","description":"[caption id=\"attachment_229522\" align=\"alignnone\" width=\"\"]||||[\/caption]La Ciutat Esportiva Pamesa albergar\u00e0 la sisena i \u00faltima jornada del prestigi\u00f3s torneig nacional de futbol inclusiu&hellip;","canonical":"https:\/\/villarrealcf.es\/val\/vila-real-acollira-l-ultima-fase-de-laliga-genuine\/"}},"_links":{"self":[{"href":"https:\/\/villarrealcf.es\/val\/wp-json\/wp\/v2\/posts\/229525","targetHints":{"allow":["GET"]}}],"collection":[{"href":"https:\/\/villarrealcf.es\/val\/wp-json\/wp\/v2\/posts"}],"about":[{"href":"https:\/\/villarrealcf.es\/val\/wp-json\/wp\/v2\/types\/post"}],"author":[{"embeddable":true,"href":"https:\/\/villarrealcf.es\/val\/wp-json\/wp\/v2\/users\/1"}],"replies":[{"embeddable":true,"href":"https:\/\/villarrealcf.es\/val\/wp-json\/wp\/v2\/comments?post=229525"}],"version-history":[{"count":0,"href":"https:\/\/villarrealcf.es\/val\/wp-json\/wp\/v2\/posts\/229525\/revisions"}],"wp:featuredmedia":[{"embeddable":true,"href":"https:\/\/villarrealcf.es\/val\/wp-json\/wp\/v2\/media\/229522"}],"wp:attachment":[{"href":"https:\/\/villarrealcf.es\/val\/wp-json\/wp\/v2\/media?parent=229525"}],"wp:term":[{"taxonomy":"category","embeddable":true,"href":"https:\/\/villarrealcf.es\/val\/wp-json\/wp\/v2\/categories?post=229525"},{"taxonomy":"post_tag","embeddable":true,"href":"https:\/\/villarrealcf.es\/val\/wp-json\/wp\/v2\/tags?post=229525"}],"curies":[{"name":"wp","href":"https:\/\/api.w.org\/{rel}","templated":true}]}}