{"id":229481,"date":"2022-11-02T12:41:09","date_gmt":"2022-11-02T11:41:09","guid":{"rendered":"https:\/\/villarrealcf.es\/\/presa-de-contacte-amb-l-estadi-de-poznan\/"},"modified":"2022-11-02T12:41:09","modified_gmt":"2022-11-02T11:41:09","slug":"presa-de-contacte-amb-l-estadi-de-poznan","status":"publish","type":"post","link":"https:\/\/villarrealcf.es\/val\/presa-de-contacte-amb-l-estadi-de-poznan\/","title":{"rendered":"Presa de contacte amb l&#8217;Estadi de Poznan"},"content":{"protected":false,"blocks":[{"type":"image","url":"https:\/\/villarrealcf.es\/\/wp-content\/uploads\/2022\/11\/6685c03fa4e342f1b8d88f71421a1102.jpg","alt":"||||||","width":1170,"height":658,"srcset":"https:\/\/villarrealcf.es\/wp-content\/uploads\/2022\/11\/6685c03fa4e342f1b8d88f71421a1102.jpg 1170w, https:\/\/villarrealcf.es\/\/wp-content\/uploads\/2022\/11\/6685c03fa4e342f1b8d88f71421a1102.jpg 1920w, https:\/\/villarrealcf.es\/wp-content\/uploads\/2022\/11\/6685c03fa4e342f1b8d88f71421a1102-1024x576.jpg 1024w, https:\/\/villarrealcf.es\/\/wp-content\/uploads\/2022\/11\/6685c03fa4e342f1b8d88f71421a1102.jpg 1920w, https:\/\/villarrealcf.es\/\/wp-content\/uploads\/2022\/11\/6685c03fa4e342f1b8d88f71421a1102.jpg 1920w, https:\/\/villarrealcf.es\/wp-content\/uploads\/2022\/11\/6685c03fa4e342f1b8d88f71421a1102-32x18.jpg 32w, https:\/\/villarrealcf.es\/wp-content\/uploads\/2022\/11\/6685c03fa4e342f1b8d88f71421a1102-150x84.jpg 150w, https:\/\/villarrealcf.es\/\/wp-content\/uploads\/2022\/11\/6685c03fa4e342f1b8d88f71421a1102.jpg 1920w","sizes":"auto, (max-width: 1170px) 100vw, 1170px"},{"type":"paragraph","text":"El Villarreal ha entrenat en l\u2019escenari del partit d\u2019aquest dijous (21.00 hores)"},{"type":"paragraph","text":"El Villarreal CF ha entrenat aquesta vesprada a l\u2019Estadi de Poznan, escenari del partit d\u2019aquest dijous contra el Lech Poznan en l\u2019\u00faltim xoc de la fase de Grups de la UEFA Conference League (21.00 hores). El Submar\u00ed, ja classificat com primer de grup, s\u2019enfronta a un conjunt polon\u00e9s que es juga la segona pla\u00e7a. Quique Seti\u00e9n ha dirigit una sessi\u00f3 en la qual han participat els 24 futbolistes que han viatjant a terres poloneses."}],"structured":{"summary":{"text":"El Villarreal ha entrenat en l\u2019escenari del partit d\u2019aquest dijous (21.00 hores) El Villarreal CF ha entrenat aquesta vesprada a l\u2019Estadi de Poznan, escenari del partit d\u2019aquest dijous contra el Lech Poznan en l\u2019\u00faltim xoc de la fase de Grups de la UEFA Conference League (21.00 hores). El Submar\u00ed, ja classificat com primer de grup, s\u2019enfronta a un conjunt polon\u00e9s que es juga la segona pla\u00e7a. Quique Seti\u00e9n ha dirigit una sessi\u00f3 en la qual han participat els 24 futbolistes que han viatjant a terres poloneses.","headings":[],"buttons":[],"images":[{"type":"image","url":"https:\/\/villarrealcf.es\/\/wp-content\/uploads\/2022\/11\/6685c03fa4e342f1b8d88f71421a1102.jpg","alt":"||||||","width":1170,"height":658,"srcset":"https:\/\/villarrealcf.es\/wp-content\/uploads\/2022\/11\/6685c03fa4e342f1b8d88f71421a1102.jpg 1170w, https:\/\/villarrealcf.es\/\/wp-content\/uploads\/2022\/11\/6685c03fa4e342f1b8d88f71421a1102.jpg 1920w, https:\/\/villarrealcf.es\/wp-content\/uploads\/2022\/11\/6685c03fa4e342f1b8d88f71421a1102-1024x576.jpg 1024w, https:\/\/villarrealcf.es\/\/wp-content\/uploads\/2022\/11\/6685c03fa4e342f1b8d88f71421a1102.jpg 1920w, https:\/\/villarrealcf.es\/\/wp-content\/uploads\/2022\/11\/6685c03fa4e342f1b8d88f71421a1102.jpg 1920w, https:\/\/villarrealcf.es\/wp-content\/uploads\/2022\/11\/6685c03fa4e342f1b8d88f71421a1102-32x18.jpg 32w, https:\/\/villarrealcf.es\/wp-content\/uploads\/2022\/11\/6685c03fa4e342f1b8d88f71421a1102-150x84.jpg 150w, https:\/\/villarrealcf.es\/\/wp-content\/uploads\/2022\/11\/6685c03fa4e342f1b8d88f71421a1102.jpg 1920w","sizes":"auto, (max-width: 1170px) 100vw, 1170px"}],"counts":{"blocks":3,"headings":0,"texts":2,"buttons":0,"images":1}},"sections":[{"id":"section-1","title":"","text":"El Villarreal ha entrenat en l\u2019escenari del partit d\u2019aquest dijous (21.00 hores) El Villarreal CF ha entrenat aquesta vesprada a l\u2019Estadi de Poznan, escenari del partit d\u2019aquest dijous contra el Lech Poznan en l\u2019\u00faltim xoc de la fase de Grups de la UEFA Conference League (21.00 hores). El Submar\u00ed, ja classificat com primer de grup, s\u2019enfronta a un conjunt polon\u00e9s que es juga la segona pla\u00e7a. Quique Seti\u00e9n ha dirigit una sessi\u00f3 en la qual han participat els 24 futbolistes que han viatjant a terres poloneses.","headings":[],"texts":[{"type":"paragraph","text":"El Villarreal ha entrenat en l\u2019escenari del partit d\u2019aquest dijous (21.00 hores)"},{"type":"paragraph","text":"El Villarreal CF ha entrenat aquesta vesprada a l\u2019Estadi de Poznan, escenari del partit d\u2019aquest dijous contra el Lech Poznan en l\u2019\u00faltim xoc de la fase de Grups de la UEFA Conference League (21.00 hores). El Submar\u00ed, ja classificat com primer de grup, s\u2019enfronta a un conjunt polon\u00e9s que es juga la segona pla\u00e7a. Quique Seti\u00e9n ha dirigit una sessi\u00f3 en la qual han participat els 24 futbolistes que han viatjant a terres poloneses."}],"buttons":[],"images":[{"type":"image","url":"https:\/\/villarrealcf.es\/\/wp-content\/uploads\/2022\/11\/6685c03fa4e342f1b8d88f71421a1102.jpg","alt":"||||||","width":1170,"height":658,"srcset":"https:\/\/villarrealcf.es\/wp-content\/uploads\/2022\/11\/6685c03fa4e342f1b8d88f71421a1102.jpg 1170w, https:\/\/villarrealcf.es\/\/wp-content\/uploads\/2022\/11\/6685c03fa4e342f1b8d88f71421a1102.jpg 1920w, https:\/\/villarrealcf.es\/wp-content\/uploads\/2022\/11\/6685c03fa4e342f1b8d88f71421a1102-1024x576.jpg 1024w, https:\/\/villarrealcf.es\/\/wp-content\/uploads\/2022\/11\/6685c03fa4e342f1b8d88f71421a1102.jpg 1920w, https:\/\/villarrealcf.es\/\/wp-content\/uploads\/2022\/11\/6685c03fa4e342f1b8d88f71421a1102.jpg 1920w, https:\/\/villarrealcf.es\/wp-content\/uploads\/2022\/11\/6685c03fa4e342f1b8d88f71421a1102-32x18.jpg 32w, https:\/\/villarrealcf.es\/wp-content\/uploads\/2022\/11\/6685c03fa4e342f1b8d88f71421a1102-150x84.jpg 150w, https:\/\/villarrealcf.es\/\/wp-content\/uploads\/2022\/11\/6685c03fa4e342f1b8d88f71421a1102.jpg 1920w","sizes":"auto, (max-width: 1170px) 100vw, 1170px"}],"widgets":[],"blocks":[{"type":"image","url":"https:\/\/villarrealcf.es\/\/wp-content\/uploads\/2022\/11\/6685c03fa4e342f1b8d88f71421a1102.jpg","alt":"||||||","width":1170,"height":658,"srcset":"https:\/\/villarrealcf.es\/wp-content\/uploads\/2022\/11\/6685c03fa4e342f1b8d88f71421a1102.jpg 1170w, https:\/\/villarrealcf.es\/\/wp-content\/uploads\/2022\/11\/6685c03fa4e342f1b8d88f71421a1102.jpg 1920w, https:\/\/villarrealcf.es\/wp-content\/uploads\/2022\/11\/6685c03fa4e342f1b8d88f71421a1102-1024x576.jpg 1024w, https:\/\/villarrealcf.es\/\/wp-content\/uploads\/2022\/11\/6685c03fa4e342f1b8d88f71421a1102.jpg 1920w, https:\/\/villarrealcf.es\/\/wp-content\/uploads\/2022\/11\/6685c03fa4e342f1b8d88f71421a1102.jpg 1920w, https:\/\/villarrealcf.es\/wp-content\/uploads\/2022\/11\/6685c03fa4e342f1b8d88f71421a1102-32x18.jpg 32w, https:\/\/villarrealcf.es\/wp-content\/uploads\/2022\/11\/6685c03fa4e342f1b8d88f71421a1102-150x84.jpg 150w, https:\/\/villarrealcf.es\/\/wp-content\/uploads\/2022\/11\/6685c03fa4e342f1b8d88f71421a1102.jpg 1920w","sizes":"auto, (max-width: 1170px) 100vw, 1170px"},{"type":"paragraph","text":"El Villarreal ha entrenat en l\u2019escenari del partit d\u2019aquest dijous (21.00 hores)"},{"type":"paragraph","text":"El Villarreal CF ha entrenat aquesta vesprada a l\u2019Estadi de Poznan, escenari del partit d\u2019aquest dijous contra el Lech Poznan en l\u2019\u00faltim xoc de la fase de Grups de la UEFA Conference League (21.00 hores). El Submar\u00ed, ja classificat com primer de grup, s\u2019enfronta a un conjunt polon\u00e9s que es juga la segona pla\u00e7a. Quique Seti\u00e9n ha dirigit una sessi\u00f3 en la qual han participat els 24 futbolistes que han viatjant a terres poloneses."}]}],"hero":{"id":"section-1","title":"","text":"El Villarreal ha entrenat en l\u2019escenari del partit d\u2019aquest dijous (21.00 hores) El Villarreal CF ha entrenat aquesta vesprada a l\u2019Estadi de Poznan, escenari del partit d\u2019aquest dijous contra el Lech Poznan en l\u2019\u00faltim xoc de la fase de Grups de la UEFA Conference League (21.00 hores). El Submar\u00ed, ja classificat com primer de grup, s\u2019enfronta a un conjunt polon\u00e9s que es juga la segona pla\u00e7a. Quique Seti\u00e9n ha dirigit una sessi\u00f3 en la qual han participat els 24 futbolistes que han viatjant a terres poloneses.","headings":[],"texts":[{"type":"paragraph","text":"El Villarreal ha entrenat en l\u2019escenari del partit d\u2019aquest dijous (21.00 hores)"},{"type":"paragraph","text":"El Villarreal CF ha entrenat aquesta vesprada a l\u2019Estadi de Poznan, escenari del partit d\u2019aquest dijous contra el Lech Poznan en l\u2019\u00faltim xoc de la fase de Grups de la UEFA Conference League (21.00 hores). El Submar\u00ed, ja classificat com primer de grup, s\u2019enfronta a un conjunt polon\u00e9s que es juga la segona pla\u00e7a. Quique Seti\u00e9n ha dirigit una sessi\u00f3 en la qual han participat els 24 futbolistes que han viatjant a terres poloneses."}],"buttons":[],"images":[{"type":"image","url":"https:\/\/villarrealcf.es\/\/wp-content\/uploads\/2022\/11\/6685c03fa4e342f1b8d88f71421a1102.jpg","alt":"||||||","width":1170,"height":658,"srcset":"https:\/\/villarrealcf.es\/wp-content\/uploads\/2022\/11\/6685c03fa4e342f1b8d88f71421a1102.jpg 1170w, https:\/\/villarrealcf.es\/\/wp-content\/uploads\/2022\/11\/6685c03fa4e342f1b8d88f71421a1102.jpg 1920w, https:\/\/villarrealcf.es\/wp-content\/uploads\/2022\/11\/6685c03fa4e342f1b8d88f71421a1102-1024x576.jpg 1024w, https:\/\/villarrealcf.es\/\/wp-content\/uploads\/2022\/11\/6685c03fa4e342f1b8d88f71421a1102.jpg 1920w, https:\/\/villarrealcf.es\/\/wp-content\/uploads\/2022\/11\/6685c03fa4e342f1b8d88f71421a1102.jpg 1920w, https:\/\/villarrealcf.es\/wp-content\/uploads\/2022\/11\/6685c03fa4e342f1b8d88f71421a1102-32x18.jpg 32w, https:\/\/villarrealcf.es\/wp-content\/uploads\/2022\/11\/6685c03fa4e342f1b8d88f71421a1102-150x84.jpg 150w, https:\/\/villarrealcf.es\/\/wp-content\/uploads\/2022\/11\/6685c03fa4e342f1b8d88f71421a1102.jpg 1920w","sizes":"auto, (max-width: 1170px) 100vw, 1170px"}],"widgets":[],"blocks":[{"type":"image","url":"https:\/\/villarrealcf.es\/\/wp-content\/uploads\/2022\/11\/6685c03fa4e342f1b8d88f71421a1102.jpg","alt":"||||||","width":1170,"height":658,"srcset":"https:\/\/villarrealcf.es\/wp-content\/uploads\/2022\/11\/6685c03fa4e342f1b8d88f71421a1102.jpg 1170w, https:\/\/villarrealcf.es\/\/wp-content\/uploads\/2022\/11\/6685c03fa4e342f1b8d88f71421a1102.jpg 1920w, https:\/\/villarrealcf.es\/wp-content\/uploads\/2022\/11\/6685c03fa4e342f1b8d88f71421a1102-1024x576.jpg 1024w, https:\/\/villarrealcf.es\/\/wp-content\/uploads\/2022\/11\/6685c03fa4e342f1b8d88f71421a1102.jpg 1920w, https:\/\/villarrealcf.es\/\/wp-content\/uploads\/2022\/11\/6685c03fa4e342f1b8d88f71421a1102.jpg 1920w, https:\/\/villarrealcf.es\/wp-content\/uploads\/2022\/11\/6685c03fa4e342f1b8d88f71421a1102-32x18.jpg 32w, https:\/\/villarrealcf.es\/wp-content\/uploads\/2022\/11\/6685c03fa4e342f1b8d88f71421a1102-150x84.jpg 150w, https:\/\/villarrealcf.es\/\/wp-content\/uploads\/2022\/11\/6685c03fa4e342f1b8d88f71421a1102.jpg 1920w","sizes":"auto, (max-width: 1170px) 100vw, 1170px"},{"type":"paragraph","text":"El Villarreal ha entrenat en l\u2019escenari del partit d\u2019aquest dijous (21.00 hores)"},{"type":"paragraph","text":"El Villarreal CF ha entrenat aquesta vesprada a l\u2019Estadi de Poznan, escenari del partit d\u2019aquest dijous contra el Lech Poznan en l\u2019\u00faltim xoc de la fase de Grups de la UEFA Conference League (21.00 hores). El Submar\u00ed, ja classificat com primer de grup, s\u2019enfronta a un conjunt polon\u00e9s que es juga la segona pla\u00e7a. Quique Seti\u00e9n ha dirigit una sessi\u00f3 en la qual han participat els 24 futbolistes que han viatjant a terres poloneses."}]}},"sections":[{"id":"section-1","title":"","text":"El Villarreal ha entrenat en l\u2019escenari del partit d\u2019aquest dijous (21.00 hores) El Villarreal CF ha entrenat aquesta vesprada a l\u2019Estadi de Poznan, escenari del partit d\u2019aquest dijous contra el Lech Poznan en l\u2019\u00faltim xoc de la fase de Grups de la UEFA Conference League (21.00 hores). El Submar\u00ed, ja classificat com primer de grup, s\u2019enfronta a un conjunt polon\u00e9s que es juga la segona pla\u00e7a. Quique Seti\u00e9n ha dirigit una sessi\u00f3 en la qual han participat els 24 futbolistes que han viatjant a terres poloneses.","url":"","background_image":"","images":[{"type":"image","url":"https:\/\/villarrealcf.es\/\/wp-content\/uploads\/2022\/11\/6685c03fa4e342f1b8d88f71421a1102.jpg","alt":"||||||","width":1170,"height":658,"srcset":"https:\/\/villarrealcf.es\/wp-content\/uploads\/2022\/11\/6685c03fa4e342f1b8d88f71421a1102.jpg 1170w, https:\/\/villarrealcf.es\/\/wp-content\/uploads\/2022\/11\/6685c03fa4e342f1b8d88f71421a1102.jpg 1920w, https:\/\/villarrealcf.es\/wp-content\/uploads\/2022\/11\/6685c03fa4e342f1b8d88f71421a1102-1024x576.jpg 1024w, https:\/\/villarrealcf.es\/\/wp-content\/uploads\/2022\/11\/6685c03fa4e342f1b8d88f71421a1102.jpg 1920w, https:\/\/villarrealcf.es\/\/wp-content\/uploads\/2022\/11\/6685c03fa4e342f1b8d88f71421a1102.jpg 1920w, https:\/\/villarrealcf.es\/wp-content\/uploads\/2022\/11\/6685c03fa4e342f1b8d88f71421a1102-32x18.jpg 32w, https:\/\/villarrealcf.es\/wp-content\/uploads\/2022\/11\/6685c03fa4e342f1b8d88f71421a1102-150x84.jpg 150w, https:\/\/villarrealcf.es\/\/wp-content\/uploads\/2022\/11\/6685c03fa4e342f1b8d88f71421a1102.jpg 1920w","sizes":"auto, (max-width: 1170px) 100vw, 1170px"}],"videos":[],"links":[]},{"id":"shortcode-caption-69ef6e2803fe2","type":"shortcode","shortcode":"caption","attributes":{"id":"attachment_229478","align":"alignnone","width":""},"title":"Caption","rendered":"","data":[],"text":"","url":"","background_image":"","images":[],"videos":[],"links":[],"blocks":[]}]},"excerpt":{"rendered":"El Villarreal ha entrenat en l&#8217;escenari del partit d&#8217;aquest dijous (21.00 hores)","protected":false},"author":23,"featured_media":229478,"comment_status":"","ping_status":"","sticky":false,"template":"","format":"standard","meta":{"_acf_changed":false,"footnotes":""},"categories":[4854],"tags":[8728,8729,13444,4902,9152,4866,9150,4865],"acf":null,"lang":"val","translations":{"val":229481},"essential_grid":{"has_grid":false},"formatted_date":"November 2, 2022","modified_date":"November 2, 2022","permalink":"https:\/\/villarrealcf.es\/val\/presa-de-contacte-amb-l-estadi-de-poznan\/","reading_time":1,"featured_media_data":{"id":229478,"title":"||||||","caption":"||||||","alt_text":"||||||","description":"","mime_type":"image\/jpeg","source_url":"https:\/\/villarrealcf.es\/wp-content\/uploads\/2022\/11\/6685c03fa4e342f1b8d88f71421a1102.jpg","sizes":{"thumbnail":{"url":"https:\/\/villarrealcf.es\/wp-content\/uploads\/2022\/11\/6685c03fa4e342f1b8d88f71421a1102-150x150.jpg","width":150,"height":150},"medium":{"url":"https:\/\/villarrealcf.es\/wp-content\/uploads\/2022\/11\/6685c03fa4e342f1b8d88f71421a1102-300x169.jpg","width":300,"height":169},"medium_large":{"url":"https:\/\/villarrealcf.es\/wp-content\/uploads\/2022\/11\/6685c03fa4e342f1b8d88f71421a1102-768x432.jpg","width":768,"height":432},"large":{"url":"https:\/\/villarrealcf.es\/wp-content\/uploads\/2022\/11\/6685c03fa4e342f1b8d88f71421a1102-1024x576.jpg","width":788,"height":443},"1536x1536":{"url":"https:\/\/villarrealcf.es\/wp-content\/uploads\/2022\/11\/6685c03fa4e342f1b8d88f71421a1102.jpg","width":1170,"height":658},"2048x2048":{"url":"https:\/\/villarrealcf.es\/wp-content\/uploads\/2022\/11\/6685c03fa4e342f1b8d88f71421a1102.jpg","width":1170,"height":658},"tp-image-grid":{"url":"https:\/\/villarrealcf.es\/wp-content\/uploads\/2022\/11\/6685c03fa4e342f1b8d88f71421a1102-700x658.jpg","width":700,"height":658},"size-bunyad-medium":{"url":"https:\/\/villarrealcf.es\/wp-content\/uploads\/2022\/11\/6685c03fa4e342f1b8d88f71421a1102.jpg","width":1170,"height":658},"sportspress-crop-medium":{"url":"https:\/\/villarrealcf.es\/wp-content\/uploads\/2022\/11\/6685c03fa4e342f1b8d88f71421a1102-300x300.jpg","width":300,"height":300},"sportspress-fit-medium":{"url":"https:\/\/villarrealcf.es\/wp-content\/uploads\/2022\/11\/6685c03fa4e342f1b8d88f71421a1102-300x169.jpg","width":300,"height":169},"sportspress-fit-icon":{"url":"https:\/\/villarrealcf.es\/wp-content\/uploads\/2022\/11\/6685c03fa4e342f1b8d88f71421a1102-128x72.jpg","width":128,"height":72},"sportspress-fit-mini":{"url":"https:\/\/villarrealcf.es\/wp-content\/uploads\/2022\/11\/6685c03fa4e342f1b8d88f71421a1102-32x18.jpg","width":32,"height":18},"bunyad-small":{"url":"https:\/\/villarrealcf.es\/wp-content\/uploads\/2022\/11\/6685c03fa4e342f1b8d88f71421a1102-150x84.jpg","width":150,"height":84},"bunyad-medium":{"url":"https:\/\/villarrealcf.es\/wp-content\/uploads\/2022\/11\/6685c03fa4e342f1b8d88f71421a1102-450x253.jpg","width":450,"height":253},"bunyad-full":{"url":"https:\/\/villarrealcf.es\/wp-content\/uploads\/2022\/11\/6685c03fa4e342f1b8d88f71421a1102.jpg","width":1170,"height":658},"bunyad-viewport":{"url":"https:\/\/villarrealcf.es\/wp-content\/uploads\/2022\/11\/6685c03fa4e342f1b8d88f71421a1102.jpg","width":1170,"height":658},"bunyad-768":{"url":"https:\/\/villarrealcf.es\/wp-content\/uploads\/2022\/11\/6685c03fa4e342f1b8d88f71421a1102-768x432.jpg","width":768,"height":432},"full":{"url":"https:\/\/villarrealcf.es\/wp-content\/uploads\/2022\/11\/6685c03fa4e342f1b8d88f71421a1102.jpg","width":1170,"height":658}}},"author_data":{"id":"23","name":"Fran Segovia","first_name":"Fran","last_name":"Segovia","description":"","avatar_url":"https:\/\/secure.gravatar.com\/avatar\/9ec849b3b9cb451091f0a96d7943b1c6be26a8d6fd3b94d5b5bfd496b2536c42?s=96&d=mm&r=g","acf":null},"taxonomies_data":{"category":[{"id":4854,"name":"Noticies Generals","slug":"noticies-generals","acf":null}],"post_tag":[{"id":8728,"name":"#Football","slug":"football","acf":null},{"id":8729,"name":"#Soccer","slug":"soccer","acf":null},{"id":13444,"name":"Estadio de Poznan","slug":"estadio-de-poznan","acf":null},{"id":4902,"name":"Futbol","slug":"futbol","acf":null},{"id":9152,"name":"Lech Poznan","slug":"lech-poznan","acf":null},{"id":4866,"name":"Submarine","slug":"submarino","acf":null},{"id":9150,"name":"UEFA Conference League","slug":"uefa-conference-league","acf":null},{"id":4865,"name":"Villarreal CF","slug":"villarreal-cf","acf":null}],"translation_priority":[{"id":733,"name":"Optional","slug":"optional","acf":null}]},"seo_full":{"native":{"title":"Presa de contacte amb l&#8217;Estadi de Poznan - Web Oficial del Villarreal CF","description":"[caption id=\"attachment_229478\" align=\"alignnone\" width=\"\"]||||||[\/caption]El Villarreal ha entrenat en l'escenari del partit d'aquest dijous (21.00 hores) El Villarreal CF ha entrenat&hellip;","canonical":"https:\/\/villarrealcf.es\/val\/presa-de-contacte-amb-l-estadi-de-poznan\/"}},"_links":{"self":[{"href":"https:\/\/villarrealcf.es\/val\/wp-json\/wp\/v2\/posts\/229481","targetHints":{"allow":["GET"]}}],"collection":[{"href":"https:\/\/villarrealcf.es\/val\/wp-json\/wp\/v2\/posts"}],"about":[{"href":"https:\/\/villarrealcf.es\/val\/wp-json\/wp\/v2\/types\/post"}],"author":[{"embeddable":true,"href":"https:\/\/villarrealcf.es\/val\/wp-json\/wp\/v2\/users\/23"}],"replies":[{"embeddable":true,"href":"https:\/\/villarrealcf.es\/val\/wp-json\/wp\/v2\/comments?post=229481"}],"version-history":[{"count":0,"href":"https:\/\/villarrealcf.es\/val\/wp-json\/wp\/v2\/posts\/229481\/revisions"}],"wp:featuredmedia":[{"embeddable":true,"href":"https:\/\/villarrealcf.es\/val\/wp-json\/wp\/v2\/media\/229478"}],"wp:attachment":[{"href":"https:\/\/villarrealcf.es\/val\/wp-json\/wp\/v2\/media?parent=229481"}],"wp:term":[{"taxonomy":"category","embeddable":true,"href":"https:\/\/villarrealcf.es\/val\/wp-json\/wp\/v2\/categories?post=229481"},{"taxonomy":"post_tag","embeddable":true,"href":"https:\/\/villarrealcf.es\/val\/wp-json\/wp\/v2\/tags?post=229481"}],"curies":[{"name":"wp","href":"https:\/\/api.w.org\/{rel}","templated":true}]}}