{"id":229477,"date":"2022-11-02T12:39:57","date_gmt":"2022-11-02T11:39:57","guid":{"rendered":"https:\/\/villarrealcf.es\/\/el-villarreal-ja-esta-en-poznan\/"},"modified":"2022-11-02T12:39:57","modified_gmt":"2022-11-02T11:39:57","slug":"el-villarreal-ja-esta-en-poznan","status":"publish","type":"post","link":"https:\/\/villarrealcf.es\/val\/el-villarreal-ja-esta-en-poznan\/","title":{"rendered":"El Villarreal ja est\u00e0 a Poznan"},"content":{"protected":false,"blocks":[{"type":"image","url":"https:\/\/villarrealcf.es\/\/wp-content\/uploads\/2022\/11\/de1642b739d69256295a74ed57075335.jpg","alt":"||||||","width":1170,"height":658,"srcset":"https:\/\/villarrealcf.es\/wp-content\/uploads\/2022\/11\/de1642b739d69256295a74ed57075335.jpg 1170w, https:\/\/villarrealcf.es\/\/wp-content\/uploads\/2022\/11\/de1642b739d69256295a74ed57075335.jpg 1920w, https:\/\/villarrealcf.es\/wp-content\/uploads\/2022\/11\/de1642b739d69256295a74ed57075335-1024x576.jpg 1024w, https:\/\/villarrealcf.es\/\/wp-content\/uploads\/2022\/11\/de1642b739d69256295a74ed57075335.jpg 1920w, https:\/\/villarrealcf.es\/\/wp-content\/uploads\/2022\/11\/de1642b739d69256295a74ed57075335.jpg 1920w, https:\/\/villarrealcf.es\/wp-content\/uploads\/2022\/11\/de1642b739d69256295a74ed57075335-32x18.jpg 32w, https:\/\/villarrealcf.es\/wp-content\/uploads\/2022\/11\/de1642b739d69256295a74ed57075335-150x84.jpg 150w, https:\/\/villarrealcf.es\/\/wp-content\/uploads\/2022\/11\/de1642b739d69256295a74ed57075335.jpg 1920w","sizes":"auto, (max-width: 1170px) 100vw, 1170px"},{"type":"paragraph","text":"L\u2019equip groc s\u2019enfronta aquest dijous al Lech Poznan (21.00 hores)"},{"type":"paragraph","text":"L\u2019expedici\u00f3 del Villarreal CF ha aterrat aquesta vesprada en Poznan, on dem\u00e0 jugar\u00e0 l\u2019\u00faltim partit de la fase de Grup de la UEFA Conference League (21.00 hores). M\u00e9s tard, l\u2019equip va entrenar en l\u2019Estadi de Poznan amb la condici\u00f3 de preparar un xoc en el qual els grocs ja tenen assegurat el primer lloc del seu grup. El retorn del Submar\u00ed a Espanya est\u00e0 previst una vegada finalitze el partit d\u2019aquest dijous."}],"structured":{"summary":{"text":"L\u2019equip groc s\u2019enfronta aquest dijous al Lech Poznan (21.00 hores) L\u2019expedici\u00f3 del Villarreal CF ha aterrat aquesta vesprada en Poznan, on dem\u00e0 jugar\u00e0 l\u2019\u00faltim partit de la fase de Grup de la UEFA Conference League (21.00 hores). M\u00e9s tard, l\u2019equip va entrenar en l\u2019Estadi de Poznan amb la condici\u00f3 de preparar un xoc en el qual els grocs ja tenen assegurat el primer lloc del seu grup. El retorn del Submar\u00ed a Espanya est\u00e0 previst una vegada finalitze el partit d\u2019aquest dijous.","headings":[],"buttons":[],"images":[{"type":"image","url":"https:\/\/villarrealcf.es\/\/wp-content\/uploads\/2022\/11\/de1642b739d69256295a74ed57075335.jpg","alt":"||||||","width":1170,"height":658,"srcset":"https:\/\/villarrealcf.es\/wp-content\/uploads\/2022\/11\/de1642b739d69256295a74ed57075335.jpg 1170w, https:\/\/villarrealcf.es\/\/wp-content\/uploads\/2022\/11\/de1642b739d69256295a74ed57075335.jpg 1920w, https:\/\/villarrealcf.es\/wp-content\/uploads\/2022\/11\/de1642b739d69256295a74ed57075335-1024x576.jpg 1024w, https:\/\/villarrealcf.es\/\/wp-content\/uploads\/2022\/11\/de1642b739d69256295a74ed57075335.jpg 1920w, https:\/\/villarrealcf.es\/\/wp-content\/uploads\/2022\/11\/de1642b739d69256295a74ed57075335.jpg 1920w, https:\/\/villarrealcf.es\/wp-content\/uploads\/2022\/11\/de1642b739d69256295a74ed57075335-32x18.jpg 32w, https:\/\/villarrealcf.es\/wp-content\/uploads\/2022\/11\/de1642b739d69256295a74ed57075335-150x84.jpg 150w, https:\/\/villarrealcf.es\/\/wp-content\/uploads\/2022\/11\/de1642b739d69256295a74ed57075335.jpg 1920w","sizes":"auto, (max-width: 1170px) 100vw, 1170px"}],"counts":{"blocks":3,"headings":0,"texts":2,"buttons":0,"images":1}},"sections":[{"id":"section-1","title":"","text":"L\u2019equip groc s\u2019enfronta aquest dijous al Lech Poznan (21.00 hores) L\u2019expedici\u00f3 del Villarreal CF ha aterrat aquesta vesprada en Poznan, on dem\u00e0 jugar\u00e0 l\u2019\u00faltim partit de la fase de Grup de la UEFA Conference League (21.00 hores). M\u00e9s tard, l\u2019equip va entrenar en l\u2019Estadi de Poznan amb la condici\u00f3 de preparar un xoc en el qual els grocs ja tenen assegurat el primer lloc del seu grup. El retorn del Submar\u00ed a Espanya est\u00e0 previst una vegada finalitze el partit d\u2019aquest dijous.","headings":[],"texts":[{"type":"paragraph","text":"L\u2019equip groc s\u2019enfronta aquest dijous al Lech Poznan (21.00 hores)"},{"type":"paragraph","text":"L\u2019expedici\u00f3 del Villarreal CF ha aterrat aquesta vesprada en Poznan, on dem\u00e0 jugar\u00e0 l\u2019\u00faltim partit de la fase de Grup de la UEFA Conference League (21.00 hores). M\u00e9s tard, l\u2019equip va entrenar en l\u2019Estadi de Poznan amb la condici\u00f3 de preparar un xoc en el qual els grocs ja tenen assegurat el primer lloc del seu grup. El retorn del Submar\u00ed a Espanya est\u00e0 previst una vegada finalitze el partit d\u2019aquest dijous."}],"buttons":[],"images":[{"type":"image","url":"https:\/\/villarrealcf.es\/\/wp-content\/uploads\/2022\/11\/de1642b739d69256295a74ed57075335.jpg","alt":"||||||","width":1170,"height":658,"srcset":"https:\/\/villarrealcf.es\/wp-content\/uploads\/2022\/11\/de1642b739d69256295a74ed57075335.jpg 1170w, https:\/\/villarrealcf.es\/\/wp-content\/uploads\/2022\/11\/de1642b739d69256295a74ed57075335.jpg 1920w, https:\/\/villarrealcf.es\/wp-content\/uploads\/2022\/11\/de1642b739d69256295a74ed57075335-1024x576.jpg 1024w, https:\/\/villarrealcf.es\/\/wp-content\/uploads\/2022\/11\/de1642b739d69256295a74ed57075335.jpg 1920w, https:\/\/villarrealcf.es\/\/wp-content\/uploads\/2022\/11\/de1642b739d69256295a74ed57075335.jpg 1920w, https:\/\/villarrealcf.es\/wp-content\/uploads\/2022\/11\/de1642b739d69256295a74ed57075335-32x18.jpg 32w, https:\/\/villarrealcf.es\/wp-content\/uploads\/2022\/11\/de1642b739d69256295a74ed57075335-150x84.jpg 150w, https:\/\/villarrealcf.es\/\/wp-content\/uploads\/2022\/11\/de1642b739d69256295a74ed57075335.jpg 1920w","sizes":"auto, (max-width: 1170px) 100vw, 1170px"}],"widgets":[],"blocks":[{"type":"image","url":"https:\/\/villarrealcf.es\/\/wp-content\/uploads\/2022\/11\/de1642b739d69256295a74ed57075335.jpg","alt":"||||||","width":1170,"height":658,"srcset":"https:\/\/villarrealcf.es\/wp-content\/uploads\/2022\/11\/de1642b739d69256295a74ed57075335.jpg 1170w, https:\/\/villarrealcf.es\/\/wp-content\/uploads\/2022\/11\/de1642b739d69256295a74ed57075335.jpg 1920w, https:\/\/villarrealcf.es\/wp-content\/uploads\/2022\/11\/de1642b739d69256295a74ed57075335-1024x576.jpg 1024w, https:\/\/villarrealcf.es\/\/wp-content\/uploads\/2022\/11\/de1642b739d69256295a74ed57075335.jpg 1920w, https:\/\/villarrealcf.es\/\/wp-content\/uploads\/2022\/11\/de1642b739d69256295a74ed57075335.jpg 1920w, https:\/\/villarrealcf.es\/wp-content\/uploads\/2022\/11\/de1642b739d69256295a74ed57075335-32x18.jpg 32w, https:\/\/villarrealcf.es\/wp-content\/uploads\/2022\/11\/de1642b739d69256295a74ed57075335-150x84.jpg 150w, https:\/\/villarrealcf.es\/\/wp-content\/uploads\/2022\/11\/de1642b739d69256295a74ed57075335.jpg 1920w","sizes":"auto, (max-width: 1170px) 100vw, 1170px"},{"type":"paragraph","text":"L\u2019equip groc s\u2019enfronta aquest dijous al Lech Poznan (21.00 hores)"},{"type":"paragraph","text":"L\u2019expedici\u00f3 del Villarreal CF ha aterrat aquesta vesprada en Poznan, on dem\u00e0 jugar\u00e0 l\u2019\u00faltim partit de la fase de Grup de la UEFA Conference League (21.00 hores). M\u00e9s tard, l\u2019equip va entrenar en l\u2019Estadi de Poznan amb la condici\u00f3 de preparar un xoc en el qual els grocs ja tenen assegurat el primer lloc del seu grup. El retorn del Submar\u00ed a Espanya est\u00e0 previst una vegada finalitze el partit d\u2019aquest dijous."}]}],"hero":{"id":"section-1","title":"","text":"L\u2019equip groc s\u2019enfronta aquest dijous al Lech Poznan (21.00 hores) L\u2019expedici\u00f3 del Villarreal CF ha aterrat aquesta vesprada en Poznan, on dem\u00e0 jugar\u00e0 l\u2019\u00faltim partit de la fase de Grup de la UEFA Conference League (21.00 hores). M\u00e9s tard, l\u2019equip va entrenar en l\u2019Estadi de Poznan amb la condici\u00f3 de preparar un xoc en el qual els grocs ja tenen assegurat el primer lloc del seu grup. El retorn del Submar\u00ed a Espanya est\u00e0 previst una vegada finalitze el partit d\u2019aquest dijous.","headings":[],"texts":[{"type":"paragraph","text":"L\u2019equip groc s\u2019enfronta aquest dijous al Lech Poznan (21.00 hores)"},{"type":"paragraph","text":"L\u2019expedici\u00f3 del Villarreal CF ha aterrat aquesta vesprada en Poznan, on dem\u00e0 jugar\u00e0 l\u2019\u00faltim partit de la fase de Grup de la UEFA Conference League (21.00 hores). M\u00e9s tard, l\u2019equip va entrenar en l\u2019Estadi de Poznan amb la condici\u00f3 de preparar un xoc en el qual els grocs ja tenen assegurat el primer lloc del seu grup. El retorn del Submar\u00ed a Espanya est\u00e0 previst una vegada finalitze el partit d\u2019aquest dijous."}],"buttons":[],"images":[{"type":"image","url":"https:\/\/villarrealcf.es\/\/wp-content\/uploads\/2022\/11\/de1642b739d69256295a74ed57075335.jpg","alt":"||||||","width":1170,"height":658,"srcset":"https:\/\/villarrealcf.es\/wp-content\/uploads\/2022\/11\/de1642b739d69256295a74ed57075335.jpg 1170w, https:\/\/villarrealcf.es\/\/wp-content\/uploads\/2022\/11\/de1642b739d69256295a74ed57075335.jpg 1920w, https:\/\/villarrealcf.es\/wp-content\/uploads\/2022\/11\/de1642b739d69256295a74ed57075335-1024x576.jpg 1024w, https:\/\/villarrealcf.es\/\/wp-content\/uploads\/2022\/11\/de1642b739d69256295a74ed57075335.jpg 1920w, https:\/\/villarrealcf.es\/\/wp-content\/uploads\/2022\/11\/de1642b739d69256295a74ed57075335.jpg 1920w, https:\/\/villarrealcf.es\/wp-content\/uploads\/2022\/11\/de1642b739d69256295a74ed57075335-32x18.jpg 32w, https:\/\/villarrealcf.es\/wp-content\/uploads\/2022\/11\/de1642b739d69256295a74ed57075335-150x84.jpg 150w, https:\/\/villarrealcf.es\/\/wp-content\/uploads\/2022\/11\/de1642b739d69256295a74ed57075335.jpg 1920w","sizes":"auto, (max-width: 1170px) 100vw, 1170px"}],"widgets":[],"blocks":[{"type":"image","url":"https:\/\/villarrealcf.es\/\/wp-content\/uploads\/2022\/11\/de1642b739d69256295a74ed57075335.jpg","alt":"||||||","width":1170,"height":658,"srcset":"https:\/\/villarrealcf.es\/wp-content\/uploads\/2022\/11\/de1642b739d69256295a74ed57075335.jpg 1170w, https:\/\/villarrealcf.es\/\/wp-content\/uploads\/2022\/11\/de1642b739d69256295a74ed57075335.jpg 1920w, https:\/\/villarrealcf.es\/wp-content\/uploads\/2022\/11\/de1642b739d69256295a74ed57075335-1024x576.jpg 1024w, https:\/\/villarrealcf.es\/\/wp-content\/uploads\/2022\/11\/de1642b739d69256295a74ed57075335.jpg 1920w, https:\/\/villarrealcf.es\/\/wp-content\/uploads\/2022\/11\/de1642b739d69256295a74ed57075335.jpg 1920w, https:\/\/villarrealcf.es\/wp-content\/uploads\/2022\/11\/de1642b739d69256295a74ed57075335-32x18.jpg 32w, https:\/\/villarrealcf.es\/wp-content\/uploads\/2022\/11\/de1642b739d69256295a74ed57075335-150x84.jpg 150w, https:\/\/villarrealcf.es\/\/wp-content\/uploads\/2022\/11\/de1642b739d69256295a74ed57075335.jpg 1920w","sizes":"auto, (max-width: 1170px) 100vw, 1170px"},{"type":"paragraph","text":"L\u2019equip groc s\u2019enfronta aquest dijous al Lech Poznan (21.00 hores)"},{"type":"paragraph","text":"L\u2019expedici\u00f3 del Villarreal CF ha aterrat aquesta vesprada en Poznan, on dem\u00e0 jugar\u00e0 l\u2019\u00faltim partit de la fase de Grup de la UEFA Conference League (21.00 hores). M\u00e9s tard, l\u2019equip va entrenar en l\u2019Estadi de Poznan amb la condici\u00f3 de preparar un xoc en el qual els grocs ja tenen assegurat el primer lloc del seu grup. El retorn del Submar\u00ed a Espanya est\u00e0 previst una vegada finalitze el partit d\u2019aquest dijous."}]}},"sections":[{"id":"section-1","title":"","text":"L\u2019equip groc s\u2019enfronta aquest dijous al Lech Poznan (21.00 hores) L\u2019expedici\u00f3 del Villarreal CF ha aterrat aquesta vesprada en Poznan, on dem\u00e0 jugar\u00e0 l\u2019\u00faltim partit de la fase de Grup de la UEFA Conference League (21.00 hores). M\u00e9s tard, l\u2019equip va entrenar en l\u2019Estadi de Poznan amb la condici\u00f3 de preparar un xoc en el qual els grocs ja tenen assegurat el primer lloc del seu grup. El retorn del Submar\u00ed a Espanya est\u00e0 previst una vegada finalitze el partit d\u2019aquest dijous.","url":"","background_image":"","images":[{"type":"image","url":"https:\/\/villarrealcf.es\/\/wp-content\/uploads\/2022\/11\/de1642b739d69256295a74ed57075335.jpg","alt":"||||||","width":1170,"height":658,"srcset":"https:\/\/villarrealcf.es\/wp-content\/uploads\/2022\/11\/de1642b739d69256295a74ed57075335.jpg 1170w, https:\/\/villarrealcf.es\/\/wp-content\/uploads\/2022\/11\/de1642b739d69256295a74ed57075335.jpg 1920w, https:\/\/villarrealcf.es\/wp-content\/uploads\/2022\/11\/de1642b739d69256295a74ed57075335-1024x576.jpg 1024w, https:\/\/villarrealcf.es\/\/wp-content\/uploads\/2022\/11\/de1642b739d69256295a74ed57075335.jpg 1920w, https:\/\/villarrealcf.es\/\/wp-content\/uploads\/2022\/11\/de1642b739d69256295a74ed57075335.jpg 1920w, https:\/\/villarrealcf.es\/wp-content\/uploads\/2022\/11\/de1642b739d69256295a74ed57075335-32x18.jpg 32w, https:\/\/villarrealcf.es\/wp-content\/uploads\/2022\/11\/de1642b739d69256295a74ed57075335-150x84.jpg 150w, https:\/\/villarrealcf.es\/\/wp-content\/uploads\/2022\/11\/de1642b739d69256295a74ed57075335.jpg 1920w","sizes":"auto, (max-width: 1170px) 100vw, 1170px"}],"videos":[],"links":[]},{"id":"shortcode-caption-69f11cb1d15f9","type":"shortcode","shortcode":"caption","attributes":{"id":"attachment_229474","align":"alignnone","width":""},"title":"Caption","rendered":"","data":[],"text":"","url":"","background_image":"","images":[],"videos":[],"links":[],"blocks":[]}]},"excerpt":{"rendered":"L&#8217;equip groc s&#8217;enfronta aquest dijous al Lech Poznan (21.00 hores)","protected":false},"author":23,"featured_media":229474,"comment_status":"","ping_status":"","sticky":false,"template":"","format":"standard","meta":{"_acf_changed":false,"footnotes":""},"categories":[4854],"tags":[15038,15039,13444,13555,9152,15042,9150,13557],"acf":null,"lang":"val","translations":{"val":229477},"essential_grid":{"has_grid":false},"formatted_date":"November 2, 2022","modified_date":"November 2, 2022","permalink":"https:\/\/villarrealcf.es\/val\/el-villarreal-ja-esta-en-poznan\/","reading_time":1,"featured_media_data":{"id":229474,"title":"||||||","caption":"||||||","alt_text":"||||||","description":"","mime_type":"image\/jpeg","source_url":"https:\/\/villarrealcf.es\/wp-content\/uploads\/2022\/11\/de1642b739d69256295a74ed57075335.jpg","sizes":{"thumbnail":{"url":"https:\/\/villarrealcf.es\/wp-content\/uploads\/2022\/11\/de1642b739d69256295a74ed57075335-150x150.jpg","width":150,"height":150},"medium":{"url":"https:\/\/villarrealcf.es\/wp-content\/uploads\/2022\/11\/de1642b739d69256295a74ed57075335-300x169.jpg","width":300,"height":169},"medium_large":{"url":"https:\/\/villarrealcf.es\/wp-content\/uploads\/2022\/11\/de1642b739d69256295a74ed57075335-768x432.jpg","width":768,"height":432},"large":{"url":"https:\/\/villarrealcf.es\/wp-content\/uploads\/2022\/11\/de1642b739d69256295a74ed57075335-1024x576.jpg","width":788,"height":443},"1536x1536":{"url":"https:\/\/villarrealcf.es\/wp-content\/uploads\/2022\/11\/de1642b739d69256295a74ed57075335.jpg","width":1170,"height":658},"2048x2048":{"url":"https:\/\/villarrealcf.es\/wp-content\/uploads\/2022\/11\/de1642b739d69256295a74ed57075335.jpg","width":1170,"height":658},"tp-image-grid":{"url":"https:\/\/villarrealcf.es\/wp-content\/uploads\/2022\/11\/de1642b739d69256295a74ed57075335-700x658.jpg","width":700,"height":658},"size-bunyad-medium":{"url":"https:\/\/villarrealcf.es\/wp-content\/uploads\/2022\/11\/de1642b739d69256295a74ed57075335.jpg","width":1170,"height":658},"sportspress-crop-medium":{"url":"https:\/\/villarrealcf.es\/wp-content\/uploads\/2022\/11\/de1642b739d69256295a74ed57075335-300x300.jpg","width":300,"height":300},"sportspress-fit-medium":{"url":"https:\/\/villarrealcf.es\/wp-content\/uploads\/2022\/11\/de1642b739d69256295a74ed57075335-300x169.jpg","width":300,"height":169},"sportspress-fit-icon":{"url":"https:\/\/villarrealcf.es\/wp-content\/uploads\/2022\/11\/de1642b739d69256295a74ed57075335-128x72.jpg","width":128,"height":72},"sportspress-fit-mini":{"url":"https:\/\/villarrealcf.es\/wp-content\/uploads\/2022\/11\/de1642b739d69256295a74ed57075335-32x18.jpg","width":32,"height":18},"bunyad-small":{"url":"https:\/\/villarrealcf.es\/wp-content\/uploads\/2022\/11\/de1642b739d69256295a74ed57075335-150x84.jpg","width":150,"height":84},"bunyad-medium":{"url":"https:\/\/villarrealcf.es\/wp-content\/uploads\/2022\/11\/de1642b739d69256295a74ed57075335-450x253.jpg","width":450,"height":253},"bunyad-full":{"url":"https:\/\/villarrealcf.es\/wp-content\/uploads\/2022\/11\/de1642b739d69256295a74ed57075335.jpg","width":1170,"height":658},"bunyad-viewport":{"url":"https:\/\/villarrealcf.es\/wp-content\/uploads\/2022\/11\/de1642b739d69256295a74ed57075335.jpg","width":1170,"height":658},"bunyad-768":{"url":"https:\/\/villarrealcf.es\/wp-content\/uploads\/2022\/11\/de1642b739d69256295a74ed57075335-768x432.jpg","width":768,"height":432},"full":{"url":"https:\/\/villarrealcf.es\/wp-content\/uploads\/2022\/11\/de1642b739d69256295a74ed57075335.jpg","width":1170,"height":658}}},"author_data":{"id":"23","name":"Fran Segovia","first_name":"Fran","last_name":"Segovia","description":"","avatar_url":"https:\/\/secure.gravatar.com\/avatar\/9ec849b3b9cb451091f0a96d7943b1c6be26a8d6fd3b94d5b5bfd496b2536c42?s=96&d=mm&r=g","acf":null},"taxonomies_data":{"category":[{"id":4854,"name":"Noticies Generals","slug":"noticies-generals","acf":null}],"post_tag":[{"id":15038,"name":"#Football","slug":"football-val-2","acf":null},{"id":15039,"name":"#Soccer","slug":"soccer-val-2","acf":null},{"id":13444,"name":"Estadio de Poznan","slug":"estadio-de-poznan","acf":null},{"id":13555,"name":"Futbol","slug":"futbol-val-2","acf":null},{"id":9152,"name":"Lech Poznan","slug":"lech-poznan","acf":null},{"id":15042,"name":"Submarino","slug":"submarino-val-2","acf":null},{"id":9150,"name":"UEFA Conference League","slug":"uefa-conference-league","acf":null},{"id":13557,"name":"Villarreal CF","slug":"villarreal-cf-val-2","acf":null}],"translation_priority":[{"id":735,"name":"Optional","slug":"optional-val","acf":null}]},"seo_full":{"native":{"title":"El Villarreal ja est\u00e0 a Poznan - Web Oficial del Villarreal CF","description":"[caption id=\"attachment_229474\" align=\"alignnone\" width=\"\"]||||||[\/caption]L'equip groc s'enfronta aquest dijous al Lech Poznan (21.00 hores) L'expedici\u00f3 del Villarreal CF ha aterrat aquesta&hellip;","canonical":"https:\/\/villarrealcf.es\/val\/el-villarreal-ja-esta-en-poznan\/"}},"_links":{"self":[{"href":"https:\/\/villarrealcf.es\/val\/wp-json\/wp\/v2\/posts\/229477","targetHints":{"allow":["GET"]}}],"collection":[{"href":"https:\/\/villarrealcf.es\/val\/wp-json\/wp\/v2\/posts"}],"about":[{"href":"https:\/\/villarrealcf.es\/val\/wp-json\/wp\/v2\/types\/post"}],"author":[{"embeddable":true,"href":"https:\/\/villarrealcf.es\/val\/wp-json\/wp\/v2\/users\/23"}],"replies":[{"embeddable":true,"href":"https:\/\/villarrealcf.es\/val\/wp-json\/wp\/v2\/comments?post=229477"}],"version-history":[{"count":0,"href":"https:\/\/villarrealcf.es\/val\/wp-json\/wp\/v2\/posts\/229477\/revisions"}],"wp:featuredmedia":[{"embeddable":true,"href":"https:\/\/villarrealcf.es\/val\/wp-json\/wp\/v2\/media\/229474"}],"wp:attachment":[{"href":"https:\/\/villarrealcf.es\/val\/wp-json\/wp\/v2\/media?parent=229477"}],"wp:term":[{"taxonomy":"category","embeddable":true,"href":"https:\/\/villarrealcf.es\/val\/wp-json\/wp\/v2\/categories?post=229477"},{"taxonomy":"post_tag","embeddable":true,"href":"https:\/\/villarrealcf.es\/val\/wp-json\/wp\/v2\/tags?post=229477"}],"curies":[{"name":"wp","href":"https:\/\/api.w.org\/{rel}","templated":true}]}}