{"id":229296,"date":"2022-10-29T12:21:22","date_gmt":"2022-10-29T10:21:22","guid":{"rendered":"https:\/\/villarrealcf.es\/\/un-partit-intens-i-d-alternatives\/"},"modified":"2022-10-29T12:21:22","modified_gmt":"2022-10-29T10:21:22","slug":"un-partit-intens-i-d-alternatives","status":"publish","type":"post","link":"https:\/\/villarrealcf.es\/val\/un-partit-intens-i-d-alternatives\/","title":{"rendered":"Un partit intens i d&#8217;alternatives"},"content":{"protected":false,"blocks":[{"type":"image","url":"https:\/\/villarrealcf.es\/\/wp-content\/uploads\/2022\/10\/283b4139552e0b6176a92b6aca7dcee3.jpg","alt":"||||||","width":1170,"height":658,"srcset":"https:\/\/villarrealcf.es\/wp-content\/uploads\/2022\/10\/283b4139552e0b6176a92b6aca7dcee3.jpg 1170w, https:\/\/villarrealcf.es\/\/wp-content\/uploads\/2022\/10\/283b4139552e0b6176a92b6aca7dcee3.jpg 1920w, https:\/\/villarrealcf.es\/wp-content\/uploads\/2022\/10\/283b4139552e0b6176a92b6aca7dcee3-1024x576.jpg 1024w, https:\/\/villarrealcf.es\/\/wp-content\/uploads\/2022\/10\/283b4139552e0b6176a92b6aca7dcee3.jpg 1920w, https:\/\/villarrealcf.es\/\/wp-content\/uploads\/2022\/10\/283b4139552e0b6176a92b6aca7dcee3.jpg 1920w, https:\/\/villarrealcf.es\/wp-content\/uploads\/2022\/10\/283b4139552e0b6176a92b6aca7dcee3-32x18.jpg 32w, https:\/\/villarrealcf.es\/wp-content\/uploads\/2022\/10\/283b4139552e0b6176a92b6aca7dcee3-150x84.jpg 150w, https:\/\/villarrealcf.es\/\/wp-content\/uploads\/2022\/10\/283b4139552e0b6176a92b6aca7dcee3.jpg 1920w","sizes":"auto, (max-width: 1170px) 100vw, 1170px"},{"type":"paragraph","text":"Quique Seti\u00e9n augura una emocionant trobada davant l\u2019Athletic Club en San Mam\u00e9s (diumenge, 18.30 hores)"},{"type":"paragraph","text":"L\u2019entrenador del Villarreal CF, Quique Seti\u00e9n, ha assegurat aquest migdia que augura un emocionant xoc davant l\u2019Athletic Club en San Mam\u00e9s (diumenge, 18.30 hores). Un partit entre dos dels aspirants a ocupar llocs europeus al final de LaLiga.Volta de Seti\u00e9n al campionat de LaLiga\u201cNo tinc nervis, \u00e9s veritat que ja he assumit la c\u00e0rrega d\u2019adrenalina, per la qual cosa ja estic en situaci\u00f3 i tranquil. Hem treballat molt, per\u00f2 tenia els dep\u00f2sits plens per a poder arribar amb forces. Estic b\u00e9 i amb moltes ganes de tornar a la Lliga\u201d.Situaci\u00f3 de l\u2019equip\u201cSempre tractarem de millorar en cada partit, jo vaig veure coses que m\u2019agraden, per\u00f2 hi ha matisos que necessitem millorar perqu\u00e8 les coses isquen intu\u00eftivament. Jo vaig eixir satisfet, a partir d\u2019ac\u00ed tractar de millorar els errors i el treball de comprensi\u00f3 de les idees. Alguns ho tenen m\u00e9s f\u00e0cil, per\u00f2 amb un sol dia de treball la veritat \u00e9s que van entendre moltes coses. Morlanes, Baena, Alberto\u2026 ho van entendre b\u00e9 i amb m\u00e9s facilitat, la veritat \u00e9s que estic encantant\u201d.Partit intens en San Mam\u00e9s\u201cSan Mam\u00e9s sempre est\u00e0 ple i l\u2019ambient \u00e9s sempre extraordinari. Ser\u00e0 un partit d\u2019alternatives i de dos equips que volen la pilota. Els registres de Valverde han canviat per a tindre m\u00e9s la pilota, el que \u00e9s segur \u00e9s que ser\u00e0 un partit intens i divertit\u201d.M\u00e0xima il\u00b7lusi\u00f3\u201cComencem una etapa nova, veig als jugadors amb il\u00b7lusi\u00f3 de cara a aquesta nova situaci\u00f3, per la qual cosa afrontarem el partit amb tota l\u2019energia i il\u00b7lusi\u00f3. El que puc assegurar \u00e9s que l\u2019equip ser\u00e0 intens i intentar\u00e0 superar al rival en moltes facetes del joc. Esperem poder tindre m\u00e9s encert que l\u2019altre dia en atac, ja que l\u2019altre dia vam comptar amb moltes ocasions\u201d.Armes del rival\u201cTenim en compte la seua velocitat i el seu perill a dalt. \u00c9s veritat que no es pot c\u00f3rrer m\u00e9s r\u00e0pid que alg\u00fa que \u00e9s m\u00e9s r\u00e0pid que tu. Per tant, hem de ser intel\u00b7ligents i agafar metres i avantatge, perqu\u00e8 no ens puguen complicar amb aqueixa velocitat. Tenim clar que ens agafaran en alguna, no som m\u00e9s r\u00e0pids, per\u00f2 podem ser m\u00e9s llestos. Tenim jugadors d\u2019experi\u00e8ncia que poden ser m\u00e9s llestos i aix\u00f2 t\u2019ajuda a ser millor\u201d."},{"type":"video","kind":"iframe","url":"https:\/\/www.youtube.com\/embed\/ou657AU6W0Y?feature=oembed","poster":""}],"structured":{"summary":{"text":"Quique Seti\u00e9n augura una emocionant trobada davant l\u2019Athletic Club en San Mam\u00e9s (diumenge, 18.30 hores) L\u2019entrenador del Villarreal CF, Quique Seti\u00e9n, ha assegurat aquest migdia que augura un emocionant xoc davant l\u2019Athletic Club en San Mam\u00e9s (diumenge, 18.30 hores). Un partit entre dos dels aspirants a ocupar llocs europeus al final de LaLiga.Volta de Seti\u00e9n al campionat de LaLiga\u201cNo tinc nervis, \u00e9s veritat que ja he assumit la c\u00e0rrega d\u2019adrenalina, per la qual cosa ja estic en situaci\u00f3 i tranquil. Hem treballat molt, per\u00f2 tenia els dep\u00f2sits plens per a poder arribar amb forces. Estic b\u00e9 i amb moltes ganes de tornar a la Lliga\u201d.Situaci\u00f3 de l\u2019equip\u201cSempre tractarem de millorar en cada partit, jo vaig veure coses que m\u2019agraden, per\u00f2 hi ha matisos que necessitem millorar perqu\u00e8 les coses isquen intu\u00eftivament. Jo vaig eixir satisfet, a partir d\u2019ac\u00ed tractar de millorar els errors i el treball de comprensi\u00f3 de les idees. Alguns ho tenen m\u00e9s f\u00e0cil, per\u00f2 amb un sol dia de treball la veritat \u00e9s que van entendre moltes coses. Morlanes, Baena, Alberto\u2026 ho van entendre b\u00e9 i amb m\u00e9s facilitat, la veritat \u00e9s que estic encantant\u201d.Partit intens en San Mam\u00e9s\u201cSan Mam\u00e9s sempre est\u00e0 ple i l\u2019ambient \u00e9s sempre extraordinari. Ser\u00e0 un partit d\u2019alternatives i de dos equips que volen la pilota. Els registres de Valverde han canviat per a tindre m\u00e9s la pilota, el que \u00e9s segur \u00e9s que ser\u00e0 un partit intens i divertit\u201d.M\u00e0xima il\u00b7lusi\u00f3\u201cComencem una etapa nova, veig als jugadors amb il\u00b7lusi\u00f3 de cara a aquesta nova situaci\u00f3, per la qual cosa afrontarem el partit amb tota l\u2019energia i il\u00b7lusi\u00f3. El que puc assegurar \u00e9s que l\u2019equip ser\u00e0 intens i intentar\u00e0 superar al rival en moltes facetes del joc. Esperem poder tindre m\u00e9s encert que l\u2019altre dia en atac, ja que l\u2019altre dia vam comptar amb moltes ocasions\u201d.Armes del rival\u201cTenim en compte la seua velocitat i el seu perill a dalt. \u00c9s veritat que no es pot c\u00f3rrer m\u00e9s r\u00e0pid que alg\u00fa que \u00e9s m\u00e9s r\u00e0pid que tu. Per tant, hem de ser intel\u00b7ligents i agafar metres i avantatge, perqu\u00e8 no ens puguen complicar amb aqueixa velocitat. Tenim clar que ens agafaran en alguna, no som m\u00e9s r\u00e0pids, per\u00f2 podem ser m\u00e9s llestos. Tenim jugadors d\u2019experi\u00e8ncia que poden ser m\u00e9s llestos i aix\u00f2 t\u2019ajuda a ser millor\u201d.","headings":[],"buttons":[],"images":[{"type":"image","url":"https:\/\/villarrealcf.es\/\/wp-content\/uploads\/2022\/10\/283b4139552e0b6176a92b6aca7dcee3.jpg","alt":"||||||","width":1170,"height":658,"srcset":"https:\/\/villarrealcf.es\/wp-content\/uploads\/2022\/10\/283b4139552e0b6176a92b6aca7dcee3.jpg 1170w, https:\/\/villarrealcf.es\/\/wp-content\/uploads\/2022\/10\/283b4139552e0b6176a92b6aca7dcee3.jpg 1920w, https:\/\/villarrealcf.es\/wp-content\/uploads\/2022\/10\/283b4139552e0b6176a92b6aca7dcee3-1024x576.jpg 1024w, https:\/\/villarrealcf.es\/\/wp-content\/uploads\/2022\/10\/283b4139552e0b6176a92b6aca7dcee3.jpg 1920w, https:\/\/villarrealcf.es\/\/wp-content\/uploads\/2022\/10\/283b4139552e0b6176a92b6aca7dcee3.jpg 1920w, https:\/\/villarrealcf.es\/wp-content\/uploads\/2022\/10\/283b4139552e0b6176a92b6aca7dcee3-32x18.jpg 32w, https:\/\/villarrealcf.es\/wp-content\/uploads\/2022\/10\/283b4139552e0b6176a92b6aca7dcee3-150x84.jpg 150w, https:\/\/villarrealcf.es\/\/wp-content\/uploads\/2022\/10\/283b4139552e0b6176a92b6aca7dcee3.jpg 1920w","sizes":"auto, (max-width: 1170px) 100vw, 1170px"}],"counts":{"blocks":4,"headings":0,"texts":2,"buttons":0,"images":1}},"sections":[{"id":"section-1","title":"","text":"Quique Seti\u00e9n augura una emocionant trobada davant l\u2019Athletic Club en San Mam\u00e9s (diumenge, 18.30 hores) L\u2019entrenador del Villarreal CF, Quique Seti\u00e9n, ha assegurat aquest migdia que augura un emocionant xoc davant l\u2019Athletic Club en San Mam\u00e9s (diumenge, 18.30 hores). Un partit entre dos dels aspirants a ocupar llocs europeus al final de LaLiga.Volta de Seti\u00e9n al campionat de LaLiga\u201cNo tinc nervis, \u00e9s veritat que ja he assumit la c\u00e0rrega d\u2019adrenalina, per la qual cosa ja estic en situaci\u00f3 i tranquil. Hem treballat molt, per\u00f2 tenia els dep\u00f2sits plens per a poder arribar amb forces. Estic b\u00e9 i amb moltes ganes de tornar a la Lliga\u201d.Situaci\u00f3 de l\u2019equip\u201cSempre tractarem de millorar en cada partit, jo vaig veure coses que m\u2019agraden, per\u00f2 hi ha matisos que necessitem millorar perqu\u00e8 les coses isquen intu\u00eftivament. Jo vaig eixir satisfet, a partir d\u2019ac\u00ed tractar de millorar els errors i el treball de comprensi\u00f3 de les idees. Alguns ho tenen m\u00e9s f\u00e0cil, per\u00f2 amb un sol dia de treball la veritat \u00e9s que van entendre moltes coses. Morlanes, Baena, Alberto\u2026 ho van entendre b\u00e9 i amb m\u00e9s facilitat, la veritat \u00e9s que estic encantant\u201d.Partit intens en San Mam\u00e9s\u201cSan Mam\u00e9s sempre est\u00e0 ple i l\u2019ambient \u00e9s sempre extraordinari. Ser\u00e0 un partit d\u2019alternatives i de dos equips que volen la pilota. Els registres de Valverde han canviat per a tindre m\u00e9s la pilota, el que \u00e9s segur \u00e9s que ser\u00e0 un partit intens i divertit\u201d.M\u00e0xima il\u00b7lusi\u00f3\u201cComencem una etapa nova, veig als jugadors amb il\u00b7lusi\u00f3 de cara a aquesta nova situaci\u00f3, per la qual cosa afrontarem el partit amb tota l\u2019energia i il\u00b7lusi\u00f3. El que puc assegurar \u00e9s que l\u2019equip ser\u00e0 intens i intentar\u00e0 superar al rival en moltes facetes del joc. Esperem poder tindre m\u00e9s encert que l\u2019altre dia en atac, ja que l\u2019altre dia vam comptar amb moltes ocasions\u201d.Armes del rival\u201cTenim en compte la seua velocitat i el seu perill a dalt. \u00c9s veritat que no es pot c\u00f3rrer m\u00e9s r\u00e0pid que alg\u00fa que \u00e9s m\u00e9s r\u00e0pid que tu. Per tant, hem de ser intel\u00b7ligents i agafar metres i avantatge, perqu\u00e8 no ens puguen complicar amb aqueixa velocitat. Tenim clar que ens agafaran en alguna, no som m\u00e9s r\u00e0pids, per\u00f2 podem ser m\u00e9s llestos. Tenim jugadors d\u2019experi\u00e8ncia que poden ser m\u00e9s llestos i aix\u00f2 t\u2019ajuda a ser millor\u201d.","headings":[],"texts":[{"type":"paragraph","text":"Quique Seti\u00e9n augura una emocionant trobada davant l\u2019Athletic Club en San Mam\u00e9s (diumenge, 18.30 hores)"},{"type":"paragraph","text":"L\u2019entrenador del Villarreal CF, Quique Seti\u00e9n, ha assegurat aquest migdia que augura un emocionant xoc davant l\u2019Athletic Club en San Mam\u00e9s (diumenge, 18.30 hores). Un partit entre dos dels aspirants a ocupar llocs europeus al final de LaLiga.Volta de Seti\u00e9n al campionat de LaLiga\u201cNo tinc nervis, \u00e9s veritat que ja he assumit la c\u00e0rrega d\u2019adrenalina, per la qual cosa ja estic en situaci\u00f3 i tranquil. Hem treballat molt, per\u00f2 tenia els dep\u00f2sits plens per a poder arribar amb forces. Estic b\u00e9 i amb moltes ganes de tornar a la Lliga\u201d.Situaci\u00f3 de l\u2019equip\u201cSempre tractarem de millorar en cada partit, jo vaig veure coses que m\u2019agraden, per\u00f2 hi ha matisos que necessitem millorar perqu\u00e8 les coses isquen intu\u00eftivament. Jo vaig eixir satisfet, a partir d\u2019ac\u00ed tractar de millorar els errors i el treball de comprensi\u00f3 de les idees. Alguns ho tenen m\u00e9s f\u00e0cil, per\u00f2 amb un sol dia de treball la veritat \u00e9s que van entendre moltes coses. Morlanes, Baena, Alberto\u2026 ho van entendre b\u00e9 i amb m\u00e9s facilitat, la veritat \u00e9s que estic encantant\u201d.Partit intens en San Mam\u00e9s\u201cSan Mam\u00e9s sempre est\u00e0 ple i l\u2019ambient \u00e9s sempre extraordinari. Ser\u00e0 un partit d\u2019alternatives i de dos equips que volen la pilota. Els registres de Valverde han canviat per a tindre m\u00e9s la pilota, el que \u00e9s segur \u00e9s que ser\u00e0 un partit intens i divertit\u201d.M\u00e0xima il\u00b7lusi\u00f3\u201cComencem una etapa nova, veig als jugadors amb il\u00b7lusi\u00f3 de cara a aquesta nova situaci\u00f3, per la qual cosa afrontarem el partit amb tota l\u2019energia i il\u00b7lusi\u00f3. El que puc assegurar \u00e9s que l\u2019equip ser\u00e0 intens i intentar\u00e0 superar al rival en moltes facetes del joc. Esperem poder tindre m\u00e9s encert que l\u2019altre dia en atac, ja que l\u2019altre dia vam comptar amb moltes ocasions\u201d.Armes del rival\u201cTenim en compte la seua velocitat i el seu perill a dalt. \u00c9s veritat que no es pot c\u00f3rrer m\u00e9s r\u00e0pid que alg\u00fa que \u00e9s m\u00e9s r\u00e0pid que tu. Per tant, hem de ser intel\u00b7ligents i agafar metres i avantatge, perqu\u00e8 no ens puguen complicar amb aqueixa velocitat. Tenim clar que ens agafaran en alguna, no som m\u00e9s r\u00e0pids, per\u00f2 podem ser m\u00e9s llestos. Tenim jugadors d\u2019experi\u00e8ncia que poden ser m\u00e9s llestos i aix\u00f2 t\u2019ajuda a ser millor\u201d."}],"buttons":[],"images":[{"type":"image","url":"https:\/\/villarrealcf.es\/\/wp-content\/uploads\/2022\/10\/283b4139552e0b6176a92b6aca7dcee3.jpg","alt":"||||||","width":1170,"height":658,"srcset":"https:\/\/villarrealcf.es\/wp-content\/uploads\/2022\/10\/283b4139552e0b6176a92b6aca7dcee3.jpg 1170w, https:\/\/villarrealcf.es\/\/wp-content\/uploads\/2022\/10\/283b4139552e0b6176a92b6aca7dcee3.jpg 1920w, https:\/\/villarrealcf.es\/wp-content\/uploads\/2022\/10\/283b4139552e0b6176a92b6aca7dcee3-1024x576.jpg 1024w, https:\/\/villarrealcf.es\/\/wp-content\/uploads\/2022\/10\/283b4139552e0b6176a92b6aca7dcee3.jpg 1920w, https:\/\/villarrealcf.es\/\/wp-content\/uploads\/2022\/10\/283b4139552e0b6176a92b6aca7dcee3.jpg 1920w, https:\/\/villarrealcf.es\/wp-content\/uploads\/2022\/10\/283b4139552e0b6176a92b6aca7dcee3-32x18.jpg 32w, https:\/\/villarrealcf.es\/wp-content\/uploads\/2022\/10\/283b4139552e0b6176a92b6aca7dcee3-150x84.jpg 150w, https:\/\/villarrealcf.es\/\/wp-content\/uploads\/2022\/10\/283b4139552e0b6176a92b6aca7dcee3.jpg 1920w","sizes":"auto, (max-width: 1170px) 100vw, 1170px"}],"widgets":[],"blocks":[{"type":"image","url":"https:\/\/villarrealcf.es\/\/wp-content\/uploads\/2022\/10\/283b4139552e0b6176a92b6aca7dcee3.jpg","alt":"||||||","width":1170,"height":658,"srcset":"https:\/\/villarrealcf.es\/wp-content\/uploads\/2022\/10\/283b4139552e0b6176a92b6aca7dcee3.jpg 1170w, https:\/\/villarrealcf.es\/\/wp-content\/uploads\/2022\/10\/283b4139552e0b6176a92b6aca7dcee3.jpg 1920w, https:\/\/villarrealcf.es\/wp-content\/uploads\/2022\/10\/283b4139552e0b6176a92b6aca7dcee3-1024x576.jpg 1024w, https:\/\/villarrealcf.es\/\/wp-content\/uploads\/2022\/10\/283b4139552e0b6176a92b6aca7dcee3.jpg 1920w, https:\/\/villarrealcf.es\/\/wp-content\/uploads\/2022\/10\/283b4139552e0b6176a92b6aca7dcee3.jpg 1920w, https:\/\/villarrealcf.es\/wp-content\/uploads\/2022\/10\/283b4139552e0b6176a92b6aca7dcee3-32x18.jpg 32w, https:\/\/villarrealcf.es\/wp-content\/uploads\/2022\/10\/283b4139552e0b6176a92b6aca7dcee3-150x84.jpg 150w, https:\/\/villarrealcf.es\/\/wp-content\/uploads\/2022\/10\/283b4139552e0b6176a92b6aca7dcee3.jpg 1920w","sizes":"auto, (max-width: 1170px) 100vw, 1170px"},{"type":"paragraph","text":"Quique Seti\u00e9n augura una emocionant trobada davant l\u2019Athletic Club en San Mam\u00e9s (diumenge, 18.30 hores)"},{"type":"paragraph","text":"L\u2019entrenador del Villarreal CF, Quique Seti\u00e9n, ha assegurat aquest migdia que augura un emocionant xoc davant l\u2019Athletic Club en San Mam\u00e9s (diumenge, 18.30 hores). Un partit entre dos dels aspirants a ocupar llocs europeus al final de LaLiga.Volta de Seti\u00e9n al campionat de LaLiga\u201cNo tinc nervis, \u00e9s veritat que ja he assumit la c\u00e0rrega d\u2019adrenalina, per la qual cosa ja estic en situaci\u00f3 i tranquil. Hem treballat molt, per\u00f2 tenia els dep\u00f2sits plens per a poder arribar amb forces. Estic b\u00e9 i amb moltes ganes de tornar a la Lliga\u201d.Situaci\u00f3 de l\u2019equip\u201cSempre tractarem de millorar en cada partit, jo vaig veure coses que m\u2019agraden, per\u00f2 hi ha matisos que necessitem millorar perqu\u00e8 les coses isquen intu\u00eftivament. Jo vaig eixir satisfet, a partir d\u2019ac\u00ed tractar de millorar els errors i el treball de comprensi\u00f3 de les idees. Alguns ho tenen m\u00e9s f\u00e0cil, per\u00f2 amb un sol dia de treball la veritat \u00e9s que van entendre moltes coses. Morlanes, Baena, Alberto\u2026 ho van entendre b\u00e9 i amb m\u00e9s facilitat, la veritat \u00e9s que estic encantant\u201d.Partit intens en San Mam\u00e9s\u201cSan Mam\u00e9s sempre est\u00e0 ple i l\u2019ambient \u00e9s sempre extraordinari. Ser\u00e0 un partit d\u2019alternatives i de dos equips que volen la pilota. Els registres de Valverde han canviat per a tindre m\u00e9s la pilota, el que \u00e9s segur \u00e9s que ser\u00e0 un partit intens i divertit\u201d.M\u00e0xima il\u00b7lusi\u00f3\u201cComencem una etapa nova, veig als jugadors amb il\u00b7lusi\u00f3 de cara a aquesta nova situaci\u00f3, per la qual cosa afrontarem el partit amb tota l\u2019energia i il\u00b7lusi\u00f3. El que puc assegurar \u00e9s que l\u2019equip ser\u00e0 intens i intentar\u00e0 superar al rival en moltes facetes del joc. Esperem poder tindre m\u00e9s encert que l\u2019altre dia en atac, ja que l\u2019altre dia vam comptar amb moltes ocasions\u201d.Armes del rival\u201cTenim en compte la seua velocitat i el seu perill a dalt. \u00c9s veritat que no es pot c\u00f3rrer m\u00e9s r\u00e0pid que alg\u00fa que \u00e9s m\u00e9s r\u00e0pid que tu. Per tant, hem de ser intel\u00b7ligents i agafar metres i avantatge, perqu\u00e8 no ens puguen complicar amb aqueixa velocitat. Tenim clar que ens agafaran en alguna, no som m\u00e9s r\u00e0pids, per\u00f2 podem ser m\u00e9s llestos. Tenim jugadors d\u2019experi\u00e8ncia que poden ser m\u00e9s llestos i aix\u00f2 t\u2019ajuda a ser millor\u201d."},{"type":"video","kind":"iframe","url":"https:\/\/www.youtube.com\/embed\/ou657AU6W0Y?feature=oembed","poster":""}]}],"hero":{"id":"section-1","title":"","text":"Quique Seti\u00e9n augura una emocionant trobada davant l\u2019Athletic Club en San Mam\u00e9s (diumenge, 18.30 hores) L\u2019entrenador del Villarreal CF, Quique Seti\u00e9n, ha assegurat aquest migdia que augura un emocionant xoc davant l\u2019Athletic Club en San Mam\u00e9s (diumenge, 18.30 hores). Un partit entre dos dels aspirants a ocupar llocs europeus al final de LaLiga.Volta de Seti\u00e9n al campionat de LaLiga\u201cNo tinc nervis, \u00e9s veritat que ja he assumit la c\u00e0rrega d\u2019adrenalina, per la qual cosa ja estic en situaci\u00f3 i tranquil. Hem treballat molt, per\u00f2 tenia els dep\u00f2sits plens per a poder arribar amb forces. Estic b\u00e9 i amb moltes ganes de tornar a la Lliga\u201d.Situaci\u00f3 de l\u2019equip\u201cSempre tractarem de millorar en cada partit, jo vaig veure coses que m\u2019agraden, per\u00f2 hi ha matisos que necessitem millorar perqu\u00e8 les coses isquen intu\u00eftivament. Jo vaig eixir satisfet, a partir d\u2019ac\u00ed tractar de millorar els errors i el treball de comprensi\u00f3 de les idees. Alguns ho tenen m\u00e9s f\u00e0cil, per\u00f2 amb un sol dia de treball la veritat \u00e9s que van entendre moltes coses. Morlanes, Baena, Alberto\u2026 ho van entendre b\u00e9 i amb m\u00e9s facilitat, la veritat \u00e9s que estic encantant\u201d.Partit intens en San Mam\u00e9s\u201cSan Mam\u00e9s sempre est\u00e0 ple i l\u2019ambient \u00e9s sempre extraordinari. Ser\u00e0 un partit d\u2019alternatives i de dos equips que volen la pilota. Els registres de Valverde han canviat per a tindre m\u00e9s la pilota, el que \u00e9s segur \u00e9s que ser\u00e0 un partit intens i divertit\u201d.M\u00e0xima il\u00b7lusi\u00f3\u201cComencem una etapa nova, veig als jugadors amb il\u00b7lusi\u00f3 de cara a aquesta nova situaci\u00f3, per la qual cosa afrontarem el partit amb tota l\u2019energia i il\u00b7lusi\u00f3. El que puc assegurar \u00e9s que l\u2019equip ser\u00e0 intens i intentar\u00e0 superar al rival en moltes facetes del joc. Esperem poder tindre m\u00e9s encert que l\u2019altre dia en atac, ja que l\u2019altre dia vam comptar amb moltes ocasions\u201d.Armes del rival\u201cTenim en compte la seua velocitat i el seu perill a dalt. \u00c9s veritat que no es pot c\u00f3rrer m\u00e9s r\u00e0pid que alg\u00fa que \u00e9s m\u00e9s r\u00e0pid que tu. Per tant, hem de ser intel\u00b7ligents i agafar metres i avantatge, perqu\u00e8 no ens puguen complicar amb aqueixa velocitat. Tenim clar que ens agafaran en alguna, no som m\u00e9s r\u00e0pids, per\u00f2 podem ser m\u00e9s llestos. Tenim jugadors d\u2019experi\u00e8ncia que poden ser m\u00e9s llestos i aix\u00f2 t\u2019ajuda a ser millor\u201d.","headings":[],"texts":[{"type":"paragraph","text":"Quique Seti\u00e9n augura una emocionant trobada davant l\u2019Athletic Club en San Mam\u00e9s (diumenge, 18.30 hores)"},{"type":"paragraph","text":"L\u2019entrenador del Villarreal CF, Quique Seti\u00e9n, ha assegurat aquest migdia que augura un emocionant xoc davant l\u2019Athletic Club en San Mam\u00e9s (diumenge, 18.30 hores). Un partit entre dos dels aspirants a ocupar llocs europeus al final de LaLiga.Volta de Seti\u00e9n al campionat de LaLiga\u201cNo tinc nervis, \u00e9s veritat que ja he assumit la c\u00e0rrega d\u2019adrenalina, per la qual cosa ja estic en situaci\u00f3 i tranquil. Hem treballat molt, per\u00f2 tenia els dep\u00f2sits plens per a poder arribar amb forces. Estic b\u00e9 i amb moltes ganes de tornar a la Lliga\u201d.Situaci\u00f3 de l\u2019equip\u201cSempre tractarem de millorar en cada partit, jo vaig veure coses que m\u2019agraden, per\u00f2 hi ha matisos que necessitem millorar perqu\u00e8 les coses isquen intu\u00eftivament. Jo vaig eixir satisfet, a partir d\u2019ac\u00ed tractar de millorar els errors i el treball de comprensi\u00f3 de les idees. Alguns ho tenen m\u00e9s f\u00e0cil, per\u00f2 amb un sol dia de treball la veritat \u00e9s que van entendre moltes coses. Morlanes, Baena, Alberto\u2026 ho van entendre b\u00e9 i amb m\u00e9s facilitat, la veritat \u00e9s que estic encantant\u201d.Partit intens en San Mam\u00e9s\u201cSan Mam\u00e9s sempre est\u00e0 ple i l\u2019ambient \u00e9s sempre extraordinari. Ser\u00e0 un partit d\u2019alternatives i de dos equips que volen la pilota. Els registres de Valverde han canviat per a tindre m\u00e9s la pilota, el que \u00e9s segur \u00e9s que ser\u00e0 un partit intens i divertit\u201d.M\u00e0xima il\u00b7lusi\u00f3\u201cComencem una etapa nova, veig als jugadors amb il\u00b7lusi\u00f3 de cara a aquesta nova situaci\u00f3, per la qual cosa afrontarem el partit amb tota l\u2019energia i il\u00b7lusi\u00f3. El que puc assegurar \u00e9s que l\u2019equip ser\u00e0 intens i intentar\u00e0 superar al rival en moltes facetes del joc. Esperem poder tindre m\u00e9s encert que l\u2019altre dia en atac, ja que l\u2019altre dia vam comptar amb moltes ocasions\u201d.Armes del rival\u201cTenim en compte la seua velocitat i el seu perill a dalt. \u00c9s veritat que no es pot c\u00f3rrer m\u00e9s r\u00e0pid que alg\u00fa que \u00e9s m\u00e9s r\u00e0pid que tu. Per tant, hem de ser intel\u00b7ligents i agafar metres i avantatge, perqu\u00e8 no ens puguen complicar amb aqueixa velocitat. Tenim clar que ens agafaran en alguna, no som m\u00e9s r\u00e0pids, per\u00f2 podem ser m\u00e9s llestos. Tenim jugadors d\u2019experi\u00e8ncia que poden ser m\u00e9s llestos i aix\u00f2 t\u2019ajuda a ser millor\u201d."}],"buttons":[],"images":[{"type":"image","url":"https:\/\/villarrealcf.es\/\/wp-content\/uploads\/2022\/10\/283b4139552e0b6176a92b6aca7dcee3.jpg","alt":"||||||","width":1170,"height":658,"srcset":"https:\/\/villarrealcf.es\/wp-content\/uploads\/2022\/10\/283b4139552e0b6176a92b6aca7dcee3.jpg 1170w, https:\/\/villarrealcf.es\/\/wp-content\/uploads\/2022\/10\/283b4139552e0b6176a92b6aca7dcee3.jpg 1920w, https:\/\/villarrealcf.es\/wp-content\/uploads\/2022\/10\/283b4139552e0b6176a92b6aca7dcee3-1024x576.jpg 1024w, https:\/\/villarrealcf.es\/\/wp-content\/uploads\/2022\/10\/283b4139552e0b6176a92b6aca7dcee3.jpg 1920w, https:\/\/villarrealcf.es\/\/wp-content\/uploads\/2022\/10\/283b4139552e0b6176a92b6aca7dcee3.jpg 1920w, https:\/\/villarrealcf.es\/wp-content\/uploads\/2022\/10\/283b4139552e0b6176a92b6aca7dcee3-32x18.jpg 32w, https:\/\/villarrealcf.es\/wp-content\/uploads\/2022\/10\/283b4139552e0b6176a92b6aca7dcee3-150x84.jpg 150w, https:\/\/villarrealcf.es\/\/wp-content\/uploads\/2022\/10\/283b4139552e0b6176a92b6aca7dcee3.jpg 1920w","sizes":"auto, (max-width: 1170px) 100vw, 1170px"}],"widgets":[],"blocks":[{"type":"image","url":"https:\/\/villarrealcf.es\/\/wp-content\/uploads\/2022\/10\/283b4139552e0b6176a92b6aca7dcee3.jpg","alt":"||||||","width":1170,"height":658,"srcset":"https:\/\/villarrealcf.es\/wp-content\/uploads\/2022\/10\/283b4139552e0b6176a92b6aca7dcee3.jpg 1170w, https:\/\/villarrealcf.es\/\/wp-content\/uploads\/2022\/10\/283b4139552e0b6176a92b6aca7dcee3.jpg 1920w, https:\/\/villarrealcf.es\/wp-content\/uploads\/2022\/10\/283b4139552e0b6176a92b6aca7dcee3-1024x576.jpg 1024w, https:\/\/villarrealcf.es\/\/wp-content\/uploads\/2022\/10\/283b4139552e0b6176a92b6aca7dcee3.jpg 1920w, https:\/\/villarrealcf.es\/\/wp-content\/uploads\/2022\/10\/283b4139552e0b6176a92b6aca7dcee3.jpg 1920w, https:\/\/villarrealcf.es\/wp-content\/uploads\/2022\/10\/283b4139552e0b6176a92b6aca7dcee3-32x18.jpg 32w, https:\/\/villarrealcf.es\/wp-content\/uploads\/2022\/10\/283b4139552e0b6176a92b6aca7dcee3-150x84.jpg 150w, https:\/\/villarrealcf.es\/\/wp-content\/uploads\/2022\/10\/283b4139552e0b6176a92b6aca7dcee3.jpg 1920w","sizes":"auto, (max-width: 1170px) 100vw, 1170px"},{"type":"paragraph","text":"Quique Seti\u00e9n augura una emocionant trobada davant l\u2019Athletic Club en San Mam\u00e9s (diumenge, 18.30 hores)"},{"type":"paragraph","text":"L\u2019entrenador del Villarreal CF, Quique Seti\u00e9n, ha assegurat aquest migdia que augura un emocionant xoc davant l\u2019Athletic Club en San Mam\u00e9s (diumenge, 18.30 hores). Un partit entre dos dels aspirants a ocupar llocs europeus al final de LaLiga.Volta de Seti\u00e9n al campionat de LaLiga\u201cNo tinc nervis, \u00e9s veritat que ja he assumit la c\u00e0rrega d\u2019adrenalina, per la qual cosa ja estic en situaci\u00f3 i tranquil. Hem treballat molt, per\u00f2 tenia els dep\u00f2sits plens per a poder arribar amb forces. Estic b\u00e9 i amb moltes ganes de tornar a la Lliga\u201d.Situaci\u00f3 de l\u2019equip\u201cSempre tractarem de millorar en cada partit, jo vaig veure coses que m\u2019agraden, per\u00f2 hi ha matisos que necessitem millorar perqu\u00e8 les coses isquen intu\u00eftivament. Jo vaig eixir satisfet, a partir d\u2019ac\u00ed tractar de millorar els errors i el treball de comprensi\u00f3 de les idees. Alguns ho tenen m\u00e9s f\u00e0cil, per\u00f2 amb un sol dia de treball la veritat \u00e9s que van entendre moltes coses. Morlanes, Baena, Alberto\u2026 ho van entendre b\u00e9 i amb m\u00e9s facilitat, la veritat \u00e9s que estic encantant\u201d.Partit intens en San Mam\u00e9s\u201cSan Mam\u00e9s sempre est\u00e0 ple i l\u2019ambient \u00e9s sempre extraordinari. Ser\u00e0 un partit d\u2019alternatives i de dos equips que volen la pilota. Els registres de Valverde han canviat per a tindre m\u00e9s la pilota, el que \u00e9s segur \u00e9s que ser\u00e0 un partit intens i divertit\u201d.M\u00e0xima il\u00b7lusi\u00f3\u201cComencem una etapa nova, veig als jugadors amb il\u00b7lusi\u00f3 de cara a aquesta nova situaci\u00f3, per la qual cosa afrontarem el partit amb tota l\u2019energia i il\u00b7lusi\u00f3. El que puc assegurar \u00e9s que l\u2019equip ser\u00e0 intens i intentar\u00e0 superar al rival en moltes facetes del joc. Esperem poder tindre m\u00e9s encert que l\u2019altre dia en atac, ja que l\u2019altre dia vam comptar amb moltes ocasions\u201d.Armes del rival\u201cTenim en compte la seua velocitat i el seu perill a dalt. \u00c9s veritat que no es pot c\u00f3rrer m\u00e9s r\u00e0pid que alg\u00fa que \u00e9s m\u00e9s r\u00e0pid que tu. Per tant, hem de ser intel\u00b7ligents i agafar metres i avantatge, perqu\u00e8 no ens puguen complicar amb aqueixa velocitat. Tenim clar que ens agafaran en alguna, no som m\u00e9s r\u00e0pids, per\u00f2 podem ser m\u00e9s llestos. Tenim jugadors d\u2019experi\u00e8ncia que poden ser m\u00e9s llestos i aix\u00f2 t\u2019ajuda a ser millor\u201d."},{"type":"video","kind":"iframe","url":"https:\/\/www.youtube.com\/embed\/ou657AU6W0Y?feature=oembed","poster":""}]}},"sections":[{"id":"section-1","title":"","text":"Quique Seti\u00e9n augura una emocionant trobada davant l\u2019Athletic Club en San Mam\u00e9s (diumenge, 18.30 hores) L\u2019entrenador del Villarreal CF, Quique Seti\u00e9n, ha assegurat aquest migdia que augura un emocionant xoc davant l\u2019Athletic Club en San Mam\u00e9s (diumenge, 18.30 hores). Un partit entre dos dels aspirants a ocupar llocs europeus al final de LaLiga.Volta de Seti\u00e9n al campionat de LaLiga\u201cNo tinc nervis, \u00e9s veritat que ja he assumit la c\u00e0rrega d\u2019adrenalina, per la qual cosa ja estic en situaci\u00f3 i tranquil. Hem treballat molt, per\u00f2 tenia els dep\u00f2sits plens per a poder arribar amb forces. Estic b\u00e9 i amb moltes ganes de tornar a la Lliga\u201d.Situaci\u00f3 de l\u2019equip\u201cSempre tractarem de millorar en cada partit, jo vaig veure coses que m\u2019agraden, per\u00f2 hi ha matisos que necessitem millorar perqu\u00e8 les coses isquen intu\u00eftivament. Jo vaig eixir satisfet, a partir d\u2019ac\u00ed tractar de millorar els errors i el treball de comprensi\u00f3 de les idees. Alguns ho tenen m\u00e9s f\u00e0cil, per\u00f2 amb un sol dia de treball la veritat \u00e9s que van entendre moltes coses. Morlanes, Baena, Alberto\u2026 ho van entendre b\u00e9 i amb m\u00e9s facilitat, la veritat \u00e9s que estic encantant\u201d.Partit intens en San Mam\u00e9s\u201cSan Mam\u00e9s sempre est\u00e0 ple i l\u2019ambient \u00e9s sempre extraordinari. Ser\u00e0 un partit d\u2019alternatives i de dos equips que volen la pilota. Els registres de Valverde han canviat per a tindre m\u00e9s la pilota, el que \u00e9s segur \u00e9s que ser\u00e0 un partit intens i divertit\u201d.M\u00e0xima il\u00b7lusi\u00f3\u201cComencem una etapa nova, veig als jugadors amb il\u00b7lusi\u00f3 de cara a aquesta nova situaci\u00f3, per la qual cosa afrontarem el partit amb tota l\u2019energia i il\u00b7lusi\u00f3. El que puc assegurar \u00e9s que l\u2019equip ser\u00e0 intens i intentar\u00e0 superar al rival en moltes facetes del joc. Esperem poder tindre m\u00e9s encert que l\u2019altre dia en atac, ja que l\u2019altre dia vam comptar amb moltes ocasions\u201d.Armes del rival\u201cTenim en compte la seua velocitat i el seu perill a dalt. \u00c9s veritat que no es pot c\u00f3rrer m\u00e9s r\u00e0pid que alg\u00fa que \u00e9s m\u00e9s r\u00e0pid que tu. Per tant, hem de ser intel\u00b7ligents i agafar metres i avantatge, perqu\u00e8 no ens puguen complicar amb aqueixa velocitat. Tenim clar que ens agafaran en alguna, no som m\u00e9s r\u00e0pids, per\u00f2 podem ser m\u00e9s llestos. Tenim jugadors d\u2019experi\u00e8ncia que poden ser m\u00e9s llestos i aix\u00f2 t\u2019ajuda a ser millor\u201d.","url":"","background_image":"","images":[{"type":"image","url":"https:\/\/villarrealcf.es\/\/wp-content\/uploads\/2022\/10\/283b4139552e0b6176a92b6aca7dcee3.jpg","alt":"||||||","width":1170,"height":658,"srcset":"https:\/\/villarrealcf.es\/wp-content\/uploads\/2022\/10\/283b4139552e0b6176a92b6aca7dcee3.jpg 1170w, https:\/\/villarrealcf.es\/\/wp-content\/uploads\/2022\/10\/283b4139552e0b6176a92b6aca7dcee3.jpg 1920w, https:\/\/villarrealcf.es\/wp-content\/uploads\/2022\/10\/283b4139552e0b6176a92b6aca7dcee3-1024x576.jpg 1024w, https:\/\/villarrealcf.es\/\/wp-content\/uploads\/2022\/10\/283b4139552e0b6176a92b6aca7dcee3.jpg 1920w, https:\/\/villarrealcf.es\/\/wp-content\/uploads\/2022\/10\/283b4139552e0b6176a92b6aca7dcee3.jpg 1920w, https:\/\/villarrealcf.es\/wp-content\/uploads\/2022\/10\/283b4139552e0b6176a92b6aca7dcee3-32x18.jpg 32w, https:\/\/villarrealcf.es\/wp-content\/uploads\/2022\/10\/283b4139552e0b6176a92b6aca7dcee3-150x84.jpg 150w, https:\/\/villarrealcf.es\/\/wp-content\/uploads\/2022\/10\/283b4139552e0b6176a92b6aca7dcee3.jpg 1920w","sizes":"auto, (max-width: 1170px) 100vw, 1170px"}],"videos":[{"type":"video","kind":"iframe","url":"https:\/\/www.youtube.com\/embed\/ou657AU6W0Y?feature=oembed","poster":""}],"links":[]},{"id":"shortcode-caption-69ee35c0ee28c","type":"shortcode","shortcode":"caption","attributes":{"id":"attachment_229293","align":"alignnone","width":""},"title":"Caption","rendered":"","data":[],"text":"","url":"","background_image":"","images":[],"videos":[],"links":[],"blocks":[]}]},"excerpt":{"rendered":"Quique Seti\u00e9n augura una emocionant trobada davant l&#8217;Athletic Club en San Mam\u00e9s (diumenge, 18.30 hores)","protected":false},"author":23,"featured_media":229293,"comment_status":"","ping_status":"","sticky":false,"template":"","format":"standard","meta":{"_acf_changed":false,"footnotes":""},"categories":[4854],"tags":[8728,8729,7143,4902,5727,6761,4909,13439,5192,6105,4866,4865],"acf":null,"lang":"val","translations":{"val":229296},"essential_grid":{"has_grid":false},"formatted_date":"October 29, 2022","modified_date":"October 29, 2022","permalink":"https:\/\/villarrealcf.es\/val\/un-partit-intens-i-d-alternatives\/","reading_time":3,"featured_media_data":{"id":229293,"title":"||||||","caption":"||||||","alt_text":"||||||","description":"","mime_type":"image\/jpeg","source_url":"https:\/\/villarrealcf.es\/wp-content\/uploads\/2022\/10\/283b4139552e0b6176a92b6aca7dcee3.jpg","sizes":{"thumbnail":{"url":"https:\/\/villarrealcf.es\/wp-content\/uploads\/2022\/10\/283b4139552e0b6176a92b6aca7dcee3-150x150.jpg","width":150,"height":150},"medium":{"url":"https:\/\/villarrealcf.es\/wp-content\/uploads\/2022\/10\/283b4139552e0b6176a92b6aca7dcee3-300x169.jpg","width":300,"height":169},"medium_large":{"url":"https:\/\/villarrealcf.es\/wp-content\/uploads\/2022\/10\/283b4139552e0b6176a92b6aca7dcee3-768x432.jpg","width":768,"height":432},"large":{"url":"https:\/\/villarrealcf.es\/wp-content\/uploads\/2022\/10\/283b4139552e0b6176a92b6aca7dcee3-1024x576.jpg","width":788,"height":443},"1536x1536":{"url":"https:\/\/villarrealcf.es\/wp-content\/uploads\/2022\/10\/283b4139552e0b6176a92b6aca7dcee3.jpg","width":1170,"height":658},"2048x2048":{"url":"https:\/\/villarrealcf.es\/wp-content\/uploads\/2022\/10\/283b4139552e0b6176a92b6aca7dcee3.jpg","width":1170,"height":658},"tp-image-grid":{"url":"https:\/\/villarrealcf.es\/wp-content\/uploads\/2022\/10\/283b4139552e0b6176a92b6aca7dcee3-700x658.jpg","width":700,"height":658},"size-bunyad-medium":{"url":"https:\/\/villarrealcf.es\/wp-content\/uploads\/2022\/10\/283b4139552e0b6176a92b6aca7dcee3.jpg","width":1170,"height":658},"sportspress-crop-medium":{"url":"https:\/\/villarrealcf.es\/wp-content\/uploads\/2022\/10\/283b4139552e0b6176a92b6aca7dcee3-300x300.jpg","width":300,"height":300},"sportspress-fit-medium":{"url":"https:\/\/villarrealcf.es\/wp-content\/uploads\/2022\/10\/283b4139552e0b6176a92b6aca7dcee3-300x169.jpg","width":300,"height":169},"sportspress-fit-icon":{"url":"https:\/\/villarrealcf.es\/wp-content\/uploads\/2022\/10\/283b4139552e0b6176a92b6aca7dcee3-128x72.jpg","width":128,"height":72},"sportspress-fit-mini":{"url":"https:\/\/villarrealcf.es\/wp-content\/uploads\/2022\/10\/283b4139552e0b6176a92b6aca7dcee3-32x18.jpg","width":32,"height":18},"bunyad-small":{"url":"https:\/\/villarrealcf.es\/wp-content\/uploads\/2022\/10\/283b4139552e0b6176a92b6aca7dcee3-150x84.jpg","width":150,"height":84},"bunyad-medium":{"url":"https:\/\/villarrealcf.es\/wp-content\/uploads\/2022\/10\/283b4139552e0b6176a92b6aca7dcee3-450x253.jpg","width":450,"height":253},"bunyad-full":{"url":"https:\/\/villarrealcf.es\/wp-content\/uploads\/2022\/10\/283b4139552e0b6176a92b6aca7dcee3.jpg","width":1170,"height":658},"bunyad-viewport":{"url":"https:\/\/villarrealcf.es\/wp-content\/uploads\/2022\/10\/283b4139552e0b6176a92b6aca7dcee3.jpg","width":1170,"height":658},"bunyad-768":{"url":"https:\/\/villarrealcf.es\/wp-content\/uploads\/2022\/10\/283b4139552e0b6176a92b6aca7dcee3-768x432.jpg","width":768,"height":432},"full":{"url":"https:\/\/villarrealcf.es\/wp-content\/uploads\/2022\/10\/283b4139552e0b6176a92b6aca7dcee3.jpg","width":1170,"height":658}}},"author_data":{"id":"23","name":"Fran Segovia","first_name":"Fran","last_name":"Segovia","description":"","avatar_url":"https:\/\/secure.gravatar.com\/avatar\/9ec849b3b9cb451091f0a96d7943b1c6be26a8d6fd3b94d5b5bfd496b2536c42?s=96&d=mm&r=g","acf":null},"taxonomies_data":{"category":[{"id":4854,"name":"Noticies Generals","slug":"noticies-generals","acf":null}],"post_tag":[{"id":8728,"name":"#Football","slug":"football","acf":null},{"id":8729,"name":"#Soccer","slug":"soccer","acf":null},{"id":7143,"name":"Athletic Club","slug":"athletic-club","acf":null},{"id":4902,"name":"Futbol","slug":"futbol","acf":null},{"id":5727,"name":"Jornada 12","slug":"jornada-12","acf":null},{"id":6761,"name":"LaLiga","slug":"laliga","acf":null},{"id":4909,"name":"previa","slug":"previa","acf":null},{"id":13439,"name":"Quique Seti\u00e9n","slug":"quique-setien","acf":null},{"id":5192,"name":"Rueda de prensa","slug":"rueda-de-prensa","acf":null},{"id":6105,"name":"San Mam\u00e9s","slug":"san-mames","acf":null},{"id":4866,"name":"Submarine","slug":"submarino","acf":null},{"id":4865,"name":"Villarreal CF","slug":"villarreal-cf","acf":null}],"translation_priority":[{"id":733,"name":"Optional","slug":"optional","acf":null}]},"seo_full":{"native":{"title":"Un partit intens i d&#8217;alternatives - Web Oficial del Villarreal CF","description":"[caption id=\"attachment_229293\" align=\"alignnone\" width=\"\"]||||||[\/caption]Quique Seti\u00e9n augura una emocionant trobada davant l'Athletic Club en San Mam\u00e9s (diumenge, 18.30 hores) L'entrenador del&hellip;","canonical":"https:\/\/villarrealcf.es\/val\/un-partit-intens-i-d-alternatives\/"}},"_links":{"self":[{"href":"https:\/\/villarrealcf.es\/val\/wp-json\/wp\/v2\/posts\/229296","targetHints":{"allow":["GET"]}}],"collection":[{"href":"https:\/\/villarrealcf.es\/val\/wp-json\/wp\/v2\/posts"}],"about":[{"href":"https:\/\/villarrealcf.es\/val\/wp-json\/wp\/v2\/types\/post"}],"author":[{"embeddable":true,"href":"https:\/\/villarrealcf.es\/val\/wp-json\/wp\/v2\/users\/23"}],"replies":[{"embeddable":true,"href":"https:\/\/villarrealcf.es\/val\/wp-json\/wp\/v2\/comments?post=229296"}],"version-history":[{"count":0,"href":"https:\/\/villarrealcf.es\/val\/wp-json\/wp\/v2\/posts\/229296\/revisions"}],"wp:featuredmedia":[{"embeddable":true,"href":"https:\/\/villarrealcf.es\/val\/wp-json\/wp\/v2\/media\/229293"}],"wp:attachment":[{"href":"https:\/\/villarrealcf.es\/val\/wp-json\/wp\/v2\/media?parent=229296"}],"wp:term":[{"taxonomy":"category","embeddable":true,"href":"https:\/\/villarrealcf.es\/val\/wp-json\/wp\/v2\/categories?post=229296"},{"taxonomy":"post_tag","embeddable":true,"href":"https:\/\/villarrealcf.es\/val\/wp-json\/wp\/v2\/tags?post=229296"}],"curies":[{"name":"wp","href":"https:\/\/api.w.org\/{rel}","templated":true}]}}