{"id":229208,"date":"2022-10-26T14:32:27","date_gmt":"2022-10-26T12:32:27","guid":{"rendered":"https:\/\/villarrealcf.es\/\/l-equip-li-ve-a-setien-com-a-anell-al-dit\/"},"modified":"2022-10-26T14:32:27","modified_gmt":"2022-10-26T12:32:27","slug":"l-equip-li-ve-a-setien-com-a-anell-al-dit","status":"publish","type":"post","link":"https:\/\/villarrealcf.es\/val\/l-equip-li-ve-a-setien-com-a-anell-al-dit\/","title":{"rendered":"\u201cL&#8217;equip li ve a Seti\u00e9n com a anell al dit\u201d"},"content":{"protected":false,"blocks":[{"type":"image","url":"https:\/\/villarrealcf.es\/\/wp-content\/uploads\/2022\/10\/6095c56a6798b079ddda0a97cfa65a94.jpg","alt":"||||||","width":1920,"height":1080,"srcset":"https:\/\/villarrealcf.es\/wp-content\/uploads\/2022\/10\/6095c56a6798b079ddda0a97cfa65a94.jpg 1920w, https:\/\/villarrealcf.es\/\/wp-content\/uploads\/2022\/10\/6095c56a6798b079ddda0a97cfa65a94.jpg 1920w, https:\/\/villarrealcf.es\/wp-content\/uploads\/2022\/10\/6095c56a6798b079ddda0a97cfa65a94-1024x576.jpg 1024w, https:\/\/villarrealcf.es\/\/wp-content\/uploads\/2022\/10\/6095c56a6798b079ddda0a97cfa65a94.jpg 1920w, https:\/\/villarrealcf.es\/wp-content\/uploads\/2022\/10\/6095c56a6798b079ddda0a97cfa65a94-1536x864.jpg 1536w, https:\/\/villarrealcf.es\/\/wp-content\/uploads\/2022\/10\/6095c56a6798b079ddda0a97cfa65a94.jpg 1920w, https:\/\/villarrealcf.es\/wp-content\/uploads\/2022\/10\/6095c56a6798b079ddda0a97cfa65a94-32x18.jpg 32w, https:\/\/villarrealcf.es\/wp-content\/uploads\/2022\/10\/6095c56a6798b079ddda0a97cfa65a94-150x84.jpg 150w, https:\/\/villarrealcf.es\/\/wp-content\/uploads\/2022\/10\/6095c56a6798b079ddda0a97cfa65a94.jpg 1920w, https:\/\/villarrealcf.es\/wp-content\/uploads\/2022\/10\/6095c56a6798b079ddda0a97cfa65a94-1200x675.jpg 1200w, https:\/\/villarrealcf.es\/wp-content\/uploads\/2022\/10\/6095c56a6798b079ddda0a97cfa65a94-2048x1152.jpg 2048w","sizes":"auto, (max-width: 1920px) 100vw, 1920px"},{"type":"paragraph","text":"Manu Trigueros ha destacat que el Villarreal t\u00e9 futbolistes associatius que s\u2019adaptaran a l\u2019estil de l\u2019entrenador c\u00e0ntabre"},{"type":"paragraph","text":"Manu Trigueros ha comparegut aquest migdia davant els mitjans de comunicaci\u00f3 per a analitzar la pr\u00e8via del partit d\u2019aquest dijous davant l\u2019Hapoel Be\u2019er Sheva (18.45h), corresponent al cinqu\u00e9 partit de li fase de grups de la UEFA Europa Conference League."},{"type":"paragraph","text":"Com a capit\u00e0, el futbolista talaver\u00e0 li ha donat la benvinguda a Quique Seti\u00e9n, nou t\u00e8cnic del Submar\u00ed: \u201cEs trobar\u00e0 un grup de bones persones i futbolistes. Li posarem moltes facilitats per a treballar. Els seus equips tenen la pilota, s\u2019associen b\u00e9 per dins i ac\u00ed tenen molts jugadors d\u2019aquest perfil. Ens acomodarem b\u00e9 a la seua proposta de joc\u201d."},{"type":"paragraph","text":"Despr\u00e9s de completar la seua primera sessi\u00f3 d\u2019entrenament a les ordres del nou t\u00e8cnic, Trigueros ha assenyalat que la idea de Seti\u00e9n passa per tindre la possessi\u00f3: \u201cEns ha dit que vol que despleguem joc associatiu, tinguem la pilota i siguem capaces d\u2019aplicar una bona pressi\u00f3 despr\u00e9s de p\u00e8rdua. \u00c9s l\u2019ADN del Villarreal. Tenim molts jugadors d\u2019aquest perfil, que ens entenem b\u00e9 en el camp. Crec que l\u2019equip el ve a Seti\u00e9n com a anell al dit\u201d."},{"type":"paragraph","text":"En refer\u00e8ncia al xoc, el migcampista manxec ha recordat que l\u2019equip ja ha segellat la primera pla\u00e7a i ha afirmat que ser\u00e0 una bona oportunitat per a adaptar-nos als nous conceptes de Quique Seti\u00e9n: \u201cNo ens juguem cap objectiu. El partit ens servir\u00e0 per a adaptar-nos a les seues idees. Ser\u00e0 una prova per a con\u00e9ixer-nos i poder transmetre les seues idees\u201d."},{"type":"video","kind":"iframe","url":"https:\/\/www.youtube.com\/embed\/hLNQmX5gfNw?feature=oembed","poster":""}],"structured":{"summary":{"text":"Manu Trigueros ha destacat que el Villarreal t\u00e9 futbolistes associatius que s\u2019adaptaran a l\u2019estil de l\u2019entrenador c\u00e0ntabre Manu Trigueros ha comparegut aquest migdia davant els mitjans de comunicaci\u00f3 per a analitzar la pr\u00e8via del partit d\u2019aquest dijous davant l\u2019Hapoel Be\u2019er Sheva (18.45h), corresponent al cinqu\u00e9 partit de li fase de grups de la UEFA Europa Conference League. Com a capit\u00e0, el futbolista talaver\u00e0 li ha donat la benvinguda a Quique Seti\u00e9n, nou t\u00e8cnic del Submar\u00ed: \u201cEs trobar\u00e0 un grup de bones persones i futbolistes. Li posarem moltes facilitats per a treballar. Els seus equips tenen la pilota, s\u2019associen b\u00e9 per dins i ac\u00ed tenen molts jugadors d\u2019aquest perfil. Ens acomodarem b\u00e9 a la seua proposta de joc\u201d. Despr\u00e9s de completar la seua primera sessi\u00f3 d\u2019entrenament a les ordres del nou t\u00e8cnic, Trigueros ha assenyalat que la idea de Seti\u00e9n passa per tindre la possessi\u00f3: \u201cEns ha dit que vol que despleguem joc associatiu, tinguem la pilota i siguem capaces d\u2019aplicar una bona pressi\u00f3 despr\u00e9s de p\u00e8rdua. \u00c9s l\u2019ADN del Villarreal. Tenim molts jugadors d\u2019aquest perfil, que ens entenem b\u00e9 en el camp. Crec que l\u2019equip el ve a Seti\u00e9n com a anell al dit\u201d. En refer\u00e8ncia al xoc, el migcampista manxec ha recordat que l\u2019equip ja ha segellat la primera pla\u00e7a i ha afirmat que ser\u00e0 una bona oportunitat per a adaptar-nos als nous conceptes de Quique Seti\u00e9n: \u201cNo ens juguem cap objectiu. El partit ens servir\u00e0 per a adaptar-nos a les seues idees. Ser\u00e0 una prova per a con\u00e9ixer-nos i poder transmetre les seues idees\u201d.","headings":[],"buttons":[],"images":[{"type":"image","url":"https:\/\/villarrealcf.es\/\/wp-content\/uploads\/2022\/10\/6095c56a6798b079ddda0a97cfa65a94.jpg","alt":"||||||","width":1920,"height":1080,"srcset":"https:\/\/villarrealcf.es\/wp-content\/uploads\/2022\/10\/6095c56a6798b079ddda0a97cfa65a94.jpg 1920w, https:\/\/villarrealcf.es\/\/wp-content\/uploads\/2022\/10\/6095c56a6798b079ddda0a97cfa65a94.jpg 1920w, https:\/\/villarrealcf.es\/wp-content\/uploads\/2022\/10\/6095c56a6798b079ddda0a97cfa65a94-1024x576.jpg 1024w, https:\/\/villarrealcf.es\/\/wp-content\/uploads\/2022\/10\/6095c56a6798b079ddda0a97cfa65a94.jpg 1920w, https:\/\/villarrealcf.es\/wp-content\/uploads\/2022\/10\/6095c56a6798b079ddda0a97cfa65a94-1536x864.jpg 1536w, https:\/\/villarrealcf.es\/\/wp-content\/uploads\/2022\/10\/6095c56a6798b079ddda0a97cfa65a94.jpg 1920w, https:\/\/villarrealcf.es\/wp-content\/uploads\/2022\/10\/6095c56a6798b079ddda0a97cfa65a94-32x18.jpg 32w, https:\/\/villarrealcf.es\/wp-content\/uploads\/2022\/10\/6095c56a6798b079ddda0a97cfa65a94-150x84.jpg 150w, https:\/\/villarrealcf.es\/\/wp-content\/uploads\/2022\/10\/6095c56a6798b079ddda0a97cfa65a94.jpg 1920w, https:\/\/villarrealcf.es\/wp-content\/uploads\/2022\/10\/6095c56a6798b079ddda0a97cfa65a94-1200x675.jpg 1200w, https:\/\/villarrealcf.es\/wp-content\/uploads\/2022\/10\/6095c56a6798b079ddda0a97cfa65a94-2048x1152.jpg 2048w","sizes":"auto, (max-width: 1920px) 100vw, 1920px"}],"counts":{"blocks":7,"headings":0,"texts":5,"buttons":0,"images":1}},"sections":[{"id":"section-1","title":"","text":"Manu Trigueros ha destacat que el Villarreal t\u00e9 futbolistes associatius que s\u2019adaptaran a l\u2019estil de l\u2019entrenador c\u00e0ntabre Manu Trigueros ha comparegut aquest migdia davant els mitjans de comunicaci\u00f3 per a analitzar la pr\u00e8via del partit d\u2019aquest dijous davant l\u2019Hapoel Be\u2019er Sheva (18.45h), corresponent al cinqu\u00e9 partit de li fase de grups de la UEFA Europa Conference League. Com a capit\u00e0, el futbolista talaver\u00e0 li ha donat la benvinguda a Quique Seti\u00e9n, nou t\u00e8cnic del Submar\u00ed: \u201cEs trobar\u00e0 un grup de bones persones i futbolistes. Li posarem moltes facilitats per a treballar. Els seus equips tenen la pilota, s\u2019associen b\u00e9 per dins i ac\u00ed tenen molts jugadors d\u2019aquest perfil. Ens acomodarem b\u00e9 a la seua proposta de joc\u201d. Despr\u00e9s de completar la seua primera sessi\u00f3 d\u2019entrenament a les ordres del nou t\u00e8cnic, Trigueros ha assenyalat que la idea de Seti\u00e9n passa per tindre la possessi\u00f3: \u201cEns ha dit que vol que despleguem joc associatiu, tinguem la pilota i siguem capaces d\u2019aplicar una bona pressi\u00f3 despr\u00e9s de p\u00e8rdua. \u00c9s l\u2019ADN del Villarreal. Tenim molts jugadors d\u2019aquest perfil, que ens entenem b\u00e9 en el camp. Crec que l\u2019equip el ve a Seti\u00e9n com a anell al dit\u201d. En refer\u00e8ncia al xoc, el migcampista manxec ha recordat que l\u2019equip ja ha segellat la primera pla\u00e7a i ha afirmat que ser\u00e0 una bona oportunitat per a adaptar-nos als nous conceptes de Quique Seti\u00e9n: \u201cNo ens juguem cap objectiu. El partit ens servir\u00e0 per a adaptar-nos a les seues idees. Ser\u00e0 una prova per a con\u00e9ixer-nos i poder transmetre les seues idees\u201d.","headings":[],"texts":[{"type":"paragraph","text":"Manu Trigueros ha destacat que el Villarreal t\u00e9 futbolistes associatius que s\u2019adaptaran a l\u2019estil de l\u2019entrenador c\u00e0ntabre"},{"type":"paragraph","text":"Manu Trigueros ha comparegut aquest migdia davant els mitjans de comunicaci\u00f3 per a analitzar la pr\u00e8via del partit d\u2019aquest dijous davant l\u2019Hapoel Be\u2019er Sheva (18.45h), corresponent al cinqu\u00e9 partit de li fase de grups de la UEFA Europa Conference League."},{"type":"paragraph","text":"Com a capit\u00e0, el futbolista talaver\u00e0 li ha donat la benvinguda a Quique Seti\u00e9n, nou t\u00e8cnic del Submar\u00ed: \u201cEs trobar\u00e0 un grup de bones persones i futbolistes. Li posarem moltes facilitats per a treballar. Els seus equips tenen la pilota, s\u2019associen b\u00e9 per dins i ac\u00ed tenen molts jugadors d\u2019aquest perfil. Ens acomodarem b\u00e9 a la seua proposta de joc\u201d."},{"type":"paragraph","text":"Despr\u00e9s de completar la seua primera sessi\u00f3 d\u2019entrenament a les ordres del nou t\u00e8cnic, Trigueros ha assenyalat que la idea de Seti\u00e9n passa per tindre la possessi\u00f3: \u201cEns ha dit que vol que despleguem joc associatiu, tinguem la pilota i siguem capaces d\u2019aplicar una bona pressi\u00f3 despr\u00e9s de p\u00e8rdua. \u00c9s l\u2019ADN del Villarreal. Tenim molts jugadors d\u2019aquest perfil, que ens entenem b\u00e9 en el camp. Crec que l\u2019equip el ve a Seti\u00e9n com a anell al dit\u201d."},{"type":"paragraph","text":"En refer\u00e8ncia al xoc, el migcampista manxec ha recordat que l\u2019equip ja ha segellat la primera pla\u00e7a i ha afirmat que ser\u00e0 una bona oportunitat per a adaptar-nos als nous conceptes de Quique Seti\u00e9n: \u201cNo ens juguem cap objectiu. El partit ens servir\u00e0 per a adaptar-nos a les seues idees. Ser\u00e0 una prova per a con\u00e9ixer-nos i poder transmetre les seues idees\u201d."}],"buttons":[],"images":[{"type":"image","url":"https:\/\/villarrealcf.es\/\/wp-content\/uploads\/2022\/10\/6095c56a6798b079ddda0a97cfa65a94.jpg","alt":"||||||","width":1920,"height":1080,"srcset":"https:\/\/villarrealcf.es\/wp-content\/uploads\/2022\/10\/6095c56a6798b079ddda0a97cfa65a94.jpg 1920w, https:\/\/villarrealcf.es\/\/wp-content\/uploads\/2022\/10\/6095c56a6798b079ddda0a97cfa65a94.jpg 1920w, https:\/\/villarrealcf.es\/wp-content\/uploads\/2022\/10\/6095c56a6798b079ddda0a97cfa65a94-1024x576.jpg 1024w, https:\/\/villarrealcf.es\/\/wp-content\/uploads\/2022\/10\/6095c56a6798b079ddda0a97cfa65a94.jpg 1920w, https:\/\/villarrealcf.es\/wp-content\/uploads\/2022\/10\/6095c56a6798b079ddda0a97cfa65a94-1536x864.jpg 1536w, https:\/\/villarrealcf.es\/\/wp-content\/uploads\/2022\/10\/6095c56a6798b079ddda0a97cfa65a94.jpg 1920w, https:\/\/villarrealcf.es\/wp-content\/uploads\/2022\/10\/6095c56a6798b079ddda0a97cfa65a94-32x18.jpg 32w, https:\/\/villarrealcf.es\/wp-content\/uploads\/2022\/10\/6095c56a6798b079ddda0a97cfa65a94-150x84.jpg 150w, https:\/\/villarrealcf.es\/\/wp-content\/uploads\/2022\/10\/6095c56a6798b079ddda0a97cfa65a94.jpg 1920w, https:\/\/villarrealcf.es\/wp-content\/uploads\/2022\/10\/6095c56a6798b079ddda0a97cfa65a94-1200x675.jpg 1200w, https:\/\/villarrealcf.es\/wp-content\/uploads\/2022\/10\/6095c56a6798b079ddda0a97cfa65a94-2048x1152.jpg 2048w","sizes":"auto, (max-width: 1920px) 100vw, 1920px"}],"widgets":[],"blocks":[{"type":"image","url":"https:\/\/villarrealcf.es\/\/wp-content\/uploads\/2022\/10\/6095c56a6798b079ddda0a97cfa65a94.jpg","alt":"||||||","width":1920,"height":1080,"srcset":"https:\/\/villarrealcf.es\/wp-content\/uploads\/2022\/10\/6095c56a6798b079ddda0a97cfa65a94.jpg 1920w, https:\/\/villarrealcf.es\/\/wp-content\/uploads\/2022\/10\/6095c56a6798b079ddda0a97cfa65a94.jpg 1920w, https:\/\/villarrealcf.es\/wp-content\/uploads\/2022\/10\/6095c56a6798b079ddda0a97cfa65a94-1024x576.jpg 1024w, https:\/\/villarrealcf.es\/\/wp-content\/uploads\/2022\/10\/6095c56a6798b079ddda0a97cfa65a94.jpg 1920w, https:\/\/villarrealcf.es\/wp-content\/uploads\/2022\/10\/6095c56a6798b079ddda0a97cfa65a94-1536x864.jpg 1536w, https:\/\/villarrealcf.es\/\/wp-content\/uploads\/2022\/10\/6095c56a6798b079ddda0a97cfa65a94.jpg 1920w, https:\/\/villarrealcf.es\/wp-content\/uploads\/2022\/10\/6095c56a6798b079ddda0a97cfa65a94-32x18.jpg 32w, https:\/\/villarrealcf.es\/wp-content\/uploads\/2022\/10\/6095c56a6798b079ddda0a97cfa65a94-150x84.jpg 150w, https:\/\/villarrealcf.es\/\/wp-content\/uploads\/2022\/10\/6095c56a6798b079ddda0a97cfa65a94.jpg 1920w, https:\/\/villarrealcf.es\/wp-content\/uploads\/2022\/10\/6095c56a6798b079ddda0a97cfa65a94-1200x675.jpg 1200w, https:\/\/villarrealcf.es\/wp-content\/uploads\/2022\/10\/6095c56a6798b079ddda0a97cfa65a94-2048x1152.jpg 2048w","sizes":"auto, (max-width: 1920px) 100vw, 1920px"},{"type":"paragraph","text":"Manu Trigueros ha destacat que el Villarreal t\u00e9 futbolistes associatius que s\u2019adaptaran a l\u2019estil de l\u2019entrenador c\u00e0ntabre"},{"type":"paragraph","text":"Manu Trigueros ha comparegut aquest migdia davant els mitjans de comunicaci\u00f3 per a analitzar la pr\u00e8via del partit d\u2019aquest dijous davant l\u2019Hapoel Be\u2019er Sheva (18.45h), corresponent al cinqu\u00e9 partit de li fase de grups de la UEFA Europa Conference League."},{"type":"paragraph","text":"Com a capit\u00e0, el futbolista talaver\u00e0 li ha donat la benvinguda a Quique Seti\u00e9n, nou t\u00e8cnic del Submar\u00ed: \u201cEs trobar\u00e0 un grup de bones persones i futbolistes. Li posarem moltes facilitats per a treballar. Els seus equips tenen la pilota, s\u2019associen b\u00e9 per dins i ac\u00ed tenen molts jugadors d\u2019aquest perfil. Ens acomodarem b\u00e9 a la seua proposta de joc\u201d."},{"type":"paragraph","text":"Despr\u00e9s de completar la seua primera sessi\u00f3 d\u2019entrenament a les ordres del nou t\u00e8cnic, Trigueros ha assenyalat que la idea de Seti\u00e9n passa per tindre la possessi\u00f3: \u201cEns ha dit que vol que despleguem joc associatiu, tinguem la pilota i siguem capaces d\u2019aplicar una bona pressi\u00f3 despr\u00e9s de p\u00e8rdua. \u00c9s l\u2019ADN del Villarreal. Tenim molts jugadors d\u2019aquest perfil, que ens entenem b\u00e9 en el camp. Crec que l\u2019equip el ve a Seti\u00e9n com a anell al dit\u201d."},{"type":"paragraph","text":"En refer\u00e8ncia al xoc, el migcampista manxec ha recordat que l\u2019equip ja ha segellat la primera pla\u00e7a i ha afirmat que ser\u00e0 una bona oportunitat per a adaptar-nos als nous conceptes de Quique Seti\u00e9n: \u201cNo ens juguem cap objectiu. El partit ens servir\u00e0 per a adaptar-nos a les seues idees. Ser\u00e0 una prova per a con\u00e9ixer-nos i poder transmetre les seues idees\u201d."},{"type":"video","kind":"iframe","url":"https:\/\/www.youtube.com\/embed\/hLNQmX5gfNw?feature=oembed","poster":""}]}],"hero":{"id":"section-1","title":"","text":"Manu Trigueros ha destacat que el Villarreal t\u00e9 futbolistes associatius que s\u2019adaptaran a l\u2019estil de l\u2019entrenador c\u00e0ntabre Manu Trigueros ha comparegut aquest migdia davant els mitjans de comunicaci\u00f3 per a analitzar la pr\u00e8via del partit d\u2019aquest dijous davant l\u2019Hapoel Be\u2019er Sheva (18.45h), corresponent al cinqu\u00e9 partit de li fase de grups de la UEFA Europa Conference League. Com a capit\u00e0, el futbolista talaver\u00e0 li ha donat la benvinguda a Quique Seti\u00e9n, nou t\u00e8cnic del Submar\u00ed: \u201cEs trobar\u00e0 un grup de bones persones i futbolistes. Li posarem moltes facilitats per a treballar. Els seus equips tenen la pilota, s\u2019associen b\u00e9 per dins i ac\u00ed tenen molts jugadors d\u2019aquest perfil. Ens acomodarem b\u00e9 a la seua proposta de joc\u201d. Despr\u00e9s de completar la seua primera sessi\u00f3 d\u2019entrenament a les ordres del nou t\u00e8cnic, Trigueros ha assenyalat que la idea de Seti\u00e9n passa per tindre la possessi\u00f3: \u201cEns ha dit que vol que despleguem joc associatiu, tinguem la pilota i siguem capaces d\u2019aplicar una bona pressi\u00f3 despr\u00e9s de p\u00e8rdua. \u00c9s l\u2019ADN del Villarreal. Tenim molts jugadors d\u2019aquest perfil, que ens entenem b\u00e9 en el camp. Crec que l\u2019equip el ve a Seti\u00e9n com a anell al dit\u201d. En refer\u00e8ncia al xoc, el migcampista manxec ha recordat que l\u2019equip ja ha segellat la primera pla\u00e7a i ha afirmat que ser\u00e0 una bona oportunitat per a adaptar-nos als nous conceptes de Quique Seti\u00e9n: \u201cNo ens juguem cap objectiu. El partit ens servir\u00e0 per a adaptar-nos a les seues idees. Ser\u00e0 una prova per a con\u00e9ixer-nos i poder transmetre les seues idees\u201d.","headings":[],"texts":[{"type":"paragraph","text":"Manu Trigueros ha destacat que el Villarreal t\u00e9 futbolistes associatius que s\u2019adaptaran a l\u2019estil de l\u2019entrenador c\u00e0ntabre"},{"type":"paragraph","text":"Manu Trigueros ha comparegut aquest migdia davant els mitjans de comunicaci\u00f3 per a analitzar la pr\u00e8via del partit d\u2019aquest dijous davant l\u2019Hapoel Be\u2019er Sheva (18.45h), corresponent al cinqu\u00e9 partit de li fase de grups de la UEFA Europa Conference League."},{"type":"paragraph","text":"Com a capit\u00e0, el futbolista talaver\u00e0 li ha donat la benvinguda a Quique Seti\u00e9n, nou t\u00e8cnic del Submar\u00ed: \u201cEs trobar\u00e0 un grup de bones persones i futbolistes. Li posarem moltes facilitats per a treballar. Els seus equips tenen la pilota, s\u2019associen b\u00e9 per dins i ac\u00ed tenen molts jugadors d\u2019aquest perfil. Ens acomodarem b\u00e9 a la seua proposta de joc\u201d."},{"type":"paragraph","text":"Despr\u00e9s de completar la seua primera sessi\u00f3 d\u2019entrenament a les ordres del nou t\u00e8cnic, Trigueros ha assenyalat que la idea de Seti\u00e9n passa per tindre la possessi\u00f3: \u201cEns ha dit que vol que despleguem joc associatiu, tinguem la pilota i siguem capaces d\u2019aplicar una bona pressi\u00f3 despr\u00e9s de p\u00e8rdua. \u00c9s l\u2019ADN del Villarreal. Tenim molts jugadors d\u2019aquest perfil, que ens entenem b\u00e9 en el camp. Crec que l\u2019equip el ve a Seti\u00e9n com a anell al dit\u201d."},{"type":"paragraph","text":"En refer\u00e8ncia al xoc, el migcampista manxec ha recordat que l\u2019equip ja ha segellat la primera pla\u00e7a i ha afirmat que ser\u00e0 una bona oportunitat per a adaptar-nos als nous conceptes de Quique Seti\u00e9n: \u201cNo ens juguem cap objectiu. El partit ens servir\u00e0 per a adaptar-nos a les seues idees. Ser\u00e0 una prova per a con\u00e9ixer-nos i poder transmetre les seues idees\u201d."}],"buttons":[],"images":[{"type":"image","url":"https:\/\/villarrealcf.es\/\/wp-content\/uploads\/2022\/10\/6095c56a6798b079ddda0a97cfa65a94.jpg","alt":"||||||","width":1920,"height":1080,"srcset":"https:\/\/villarrealcf.es\/wp-content\/uploads\/2022\/10\/6095c56a6798b079ddda0a97cfa65a94.jpg 1920w, https:\/\/villarrealcf.es\/\/wp-content\/uploads\/2022\/10\/6095c56a6798b079ddda0a97cfa65a94.jpg 1920w, https:\/\/villarrealcf.es\/wp-content\/uploads\/2022\/10\/6095c56a6798b079ddda0a97cfa65a94-1024x576.jpg 1024w, https:\/\/villarrealcf.es\/\/wp-content\/uploads\/2022\/10\/6095c56a6798b079ddda0a97cfa65a94.jpg 1920w, https:\/\/villarrealcf.es\/wp-content\/uploads\/2022\/10\/6095c56a6798b079ddda0a97cfa65a94-1536x864.jpg 1536w, https:\/\/villarrealcf.es\/\/wp-content\/uploads\/2022\/10\/6095c56a6798b079ddda0a97cfa65a94.jpg 1920w, https:\/\/villarrealcf.es\/wp-content\/uploads\/2022\/10\/6095c56a6798b079ddda0a97cfa65a94-32x18.jpg 32w, https:\/\/villarrealcf.es\/wp-content\/uploads\/2022\/10\/6095c56a6798b079ddda0a97cfa65a94-150x84.jpg 150w, https:\/\/villarrealcf.es\/\/wp-content\/uploads\/2022\/10\/6095c56a6798b079ddda0a97cfa65a94.jpg 1920w, https:\/\/villarrealcf.es\/wp-content\/uploads\/2022\/10\/6095c56a6798b079ddda0a97cfa65a94-1200x675.jpg 1200w, https:\/\/villarrealcf.es\/wp-content\/uploads\/2022\/10\/6095c56a6798b079ddda0a97cfa65a94-2048x1152.jpg 2048w","sizes":"auto, (max-width: 1920px) 100vw, 1920px"}],"widgets":[],"blocks":[{"type":"image","url":"https:\/\/villarrealcf.es\/\/wp-content\/uploads\/2022\/10\/6095c56a6798b079ddda0a97cfa65a94.jpg","alt":"||||||","width":1920,"height":1080,"srcset":"https:\/\/villarrealcf.es\/wp-content\/uploads\/2022\/10\/6095c56a6798b079ddda0a97cfa65a94.jpg 1920w, https:\/\/villarrealcf.es\/\/wp-content\/uploads\/2022\/10\/6095c56a6798b079ddda0a97cfa65a94.jpg 1920w, https:\/\/villarrealcf.es\/wp-content\/uploads\/2022\/10\/6095c56a6798b079ddda0a97cfa65a94-1024x576.jpg 1024w, https:\/\/villarrealcf.es\/\/wp-content\/uploads\/2022\/10\/6095c56a6798b079ddda0a97cfa65a94.jpg 1920w, https:\/\/villarrealcf.es\/wp-content\/uploads\/2022\/10\/6095c56a6798b079ddda0a97cfa65a94-1536x864.jpg 1536w, https:\/\/villarrealcf.es\/\/wp-content\/uploads\/2022\/10\/6095c56a6798b079ddda0a97cfa65a94.jpg 1920w, https:\/\/villarrealcf.es\/wp-content\/uploads\/2022\/10\/6095c56a6798b079ddda0a97cfa65a94-32x18.jpg 32w, https:\/\/villarrealcf.es\/wp-content\/uploads\/2022\/10\/6095c56a6798b079ddda0a97cfa65a94-150x84.jpg 150w, https:\/\/villarrealcf.es\/\/wp-content\/uploads\/2022\/10\/6095c56a6798b079ddda0a97cfa65a94.jpg 1920w, https:\/\/villarrealcf.es\/wp-content\/uploads\/2022\/10\/6095c56a6798b079ddda0a97cfa65a94-1200x675.jpg 1200w, https:\/\/villarrealcf.es\/wp-content\/uploads\/2022\/10\/6095c56a6798b079ddda0a97cfa65a94-2048x1152.jpg 2048w","sizes":"auto, (max-width: 1920px) 100vw, 1920px"},{"type":"paragraph","text":"Manu Trigueros ha destacat que el Villarreal t\u00e9 futbolistes associatius que s\u2019adaptaran a l\u2019estil de l\u2019entrenador c\u00e0ntabre"},{"type":"paragraph","text":"Manu Trigueros ha comparegut aquest migdia davant els mitjans de comunicaci\u00f3 per a analitzar la pr\u00e8via del partit d\u2019aquest dijous davant l\u2019Hapoel Be\u2019er Sheva (18.45h), corresponent al cinqu\u00e9 partit de li fase de grups de la UEFA Europa Conference League."},{"type":"paragraph","text":"Com a capit\u00e0, el futbolista talaver\u00e0 li ha donat la benvinguda a Quique Seti\u00e9n, nou t\u00e8cnic del Submar\u00ed: \u201cEs trobar\u00e0 un grup de bones persones i futbolistes. Li posarem moltes facilitats per a treballar. Els seus equips tenen la pilota, s\u2019associen b\u00e9 per dins i ac\u00ed tenen molts jugadors d\u2019aquest perfil. Ens acomodarem b\u00e9 a la seua proposta de joc\u201d."},{"type":"paragraph","text":"Despr\u00e9s de completar la seua primera sessi\u00f3 d\u2019entrenament a les ordres del nou t\u00e8cnic, Trigueros ha assenyalat que la idea de Seti\u00e9n passa per tindre la possessi\u00f3: \u201cEns ha dit que vol que despleguem joc associatiu, tinguem la pilota i siguem capaces d\u2019aplicar una bona pressi\u00f3 despr\u00e9s de p\u00e8rdua. \u00c9s l\u2019ADN del Villarreal. Tenim molts jugadors d\u2019aquest perfil, que ens entenem b\u00e9 en el camp. Crec que l\u2019equip el ve a Seti\u00e9n com a anell al dit\u201d."},{"type":"paragraph","text":"En refer\u00e8ncia al xoc, el migcampista manxec ha recordat que l\u2019equip ja ha segellat la primera pla\u00e7a i ha afirmat que ser\u00e0 una bona oportunitat per a adaptar-nos als nous conceptes de Quique Seti\u00e9n: \u201cNo ens juguem cap objectiu. El partit ens servir\u00e0 per a adaptar-nos a les seues idees. Ser\u00e0 una prova per a con\u00e9ixer-nos i poder transmetre les seues idees\u201d."},{"type":"video","kind":"iframe","url":"https:\/\/www.youtube.com\/embed\/hLNQmX5gfNw?feature=oembed","poster":""}]}},"sections":[{"id":"section-1","title":"","text":"Manu Trigueros ha destacat que el Villarreal t\u00e9 futbolistes associatius que s\u2019adaptaran a l\u2019estil de l\u2019entrenador c\u00e0ntabre Manu Trigueros ha comparegut aquest migdia davant els mitjans de comunicaci\u00f3 per a analitzar la pr\u00e8via del partit d\u2019aquest dijous davant l\u2019Hapoel Be\u2019er Sheva (18.45h), corresponent al cinqu\u00e9 partit de li fase de grups de la UEFA Europa Conference League. Com a capit\u00e0, el futbolista talaver\u00e0 li ha donat la benvinguda a Quique Seti\u00e9n, nou t\u00e8cnic del Submar\u00ed: \u201cEs trobar\u00e0 un grup de bones persones i futbolistes. Li posarem moltes facilitats per a treballar. Els seus equips tenen la pilota, s\u2019associen b\u00e9 per dins i ac\u00ed tenen molts jugadors d\u2019aquest perfil. Ens acomodarem b\u00e9 a la seua proposta de joc\u201d. Despr\u00e9s de completar la seua primera sessi\u00f3 d\u2019entrenament a les ordres del nou t\u00e8cnic, Trigueros ha assenyalat que la idea de Seti\u00e9n passa per tindre la possessi\u00f3: \u201cEns ha dit que vol que despleguem joc associatiu, tinguem la pilota i siguem capaces d\u2019aplicar una bona pressi\u00f3 despr\u00e9s de p\u00e8rdua. \u00c9s l\u2019ADN del Villarreal. Tenim molts jugadors d\u2019aquest perfil, que ens entenem b\u00e9 en el camp. Crec que l\u2019equip el ve a Seti\u00e9n com a anell al dit\u201d. En refer\u00e8ncia al xoc, el migcampista manxec ha recordat que l\u2019equip ja ha segellat la primera pla\u00e7a i ha afirmat que ser\u00e0 una bona oportunitat per a adaptar-nos als nous conceptes de Quique Seti\u00e9n: \u201cNo ens juguem cap objectiu. El partit ens servir\u00e0 per a adaptar-nos a les seues idees. Ser\u00e0 una prova per a con\u00e9ixer-nos i poder transmetre les seues idees\u201d.","url":"","background_image":"","images":[{"type":"image","url":"https:\/\/villarrealcf.es\/\/wp-content\/uploads\/2022\/10\/6095c56a6798b079ddda0a97cfa65a94.jpg","alt":"||||||","width":1920,"height":1080,"srcset":"https:\/\/villarrealcf.es\/wp-content\/uploads\/2022\/10\/6095c56a6798b079ddda0a97cfa65a94.jpg 1920w, https:\/\/villarrealcf.es\/\/wp-content\/uploads\/2022\/10\/6095c56a6798b079ddda0a97cfa65a94.jpg 1920w, https:\/\/villarrealcf.es\/wp-content\/uploads\/2022\/10\/6095c56a6798b079ddda0a97cfa65a94-1024x576.jpg 1024w, https:\/\/villarrealcf.es\/\/wp-content\/uploads\/2022\/10\/6095c56a6798b079ddda0a97cfa65a94.jpg 1920w, https:\/\/villarrealcf.es\/wp-content\/uploads\/2022\/10\/6095c56a6798b079ddda0a97cfa65a94-1536x864.jpg 1536w, https:\/\/villarrealcf.es\/\/wp-content\/uploads\/2022\/10\/6095c56a6798b079ddda0a97cfa65a94.jpg 1920w, https:\/\/villarrealcf.es\/wp-content\/uploads\/2022\/10\/6095c56a6798b079ddda0a97cfa65a94-32x18.jpg 32w, https:\/\/villarrealcf.es\/wp-content\/uploads\/2022\/10\/6095c56a6798b079ddda0a97cfa65a94-150x84.jpg 150w, https:\/\/villarrealcf.es\/\/wp-content\/uploads\/2022\/10\/6095c56a6798b079ddda0a97cfa65a94.jpg 1920w, https:\/\/villarrealcf.es\/wp-content\/uploads\/2022\/10\/6095c56a6798b079ddda0a97cfa65a94-1200x675.jpg 1200w, https:\/\/villarrealcf.es\/wp-content\/uploads\/2022\/10\/6095c56a6798b079ddda0a97cfa65a94-2048x1152.jpg 2048w","sizes":"auto, (max-width: 1920px) 100vw, 1920px"}],"videos":[{"type":"video","kind":"iframe","url":"https:\/\/www.youtube.com\/embed\/hLNQmX5gfNw?feature=oembed","poster":""}],"links":[]},{"id":"shortcode-caption-69edee83ee600","type":"shortcode","shortcode":"caption","attributes":{"id":"attachment_229205","align":"alignnone","width":""},"title":"Caption","rendered":"","data":[],"text":"","url":"","background_image":"","images":[],"videos":[],"links":[],"blocks":[]}]},"excerpt":{"rendered":"Manu Trigueros ha destacat que el Villarreal t\u00e9 futbolistes associatius que s&#8217;adaptaran a l&#8217;estil de l&#8217;entrenador c\u00e0ntabre","protected":false},"author":1,"featured_media":229205,"comment_status":"","ping_status":"","sticky":false,"template":"","format":"standard","meta":{"_acf_changed":false,"footnotes":""},"categories":[4854],"tags":[13555,9162,5103,5192,13556,9168,13557],"acf":null,"lang":"val","translations":{"val":229208},"essential_grid":{"has_grid":false},"formatted_date":"October 26, 2022","modified_date":"October 26, 2022","permalink":"https:\/\/villarrealcf.es\/val\/l-equip-li-ve-a-setien-com-a-anell-al-dit\/","reading_time":2,"featured_media_data":{"id":229205,"title":"||||||","caption":"||||||","alt_text":"||||||","description":"","mime_type":"image\/jpeg","source_url":"https:\/\/villarrealcf.es\/wp-content\/uploads\/2022\/10\/6095c56a6798b079ddda0a97cfa65a94.jpg","sizes":{"thumbnail":{"url":"https:\/\/villarrealcf.es\/wp-content\/uploads\/2022\/10\/6095c56a6798b079ddda0a97cfa65a94-150x150.jpg","width":150,"height":150},"medium":{"url":"https:\/\/villarrealcf.es\/wp-content\/uploads\/2022\/10\/6095c56a6798b079ddda0a97cfa65a94-300x169.jpg","width":300,"height":169},"medium_large":{"url":"https:\/\/villarrealcf.es\/wp-content\/uploads\/2022\/10\/6095c56a6798b079ddda0a97cfa65a94-768x432.jpg","width":768,"height":432},"large":{"url":"https:\/\/villarrealcf.es\/wp-content\/uploads\/2022\/10\/6095c56a6798b079ddda0a97cfa65a94-1024x576.jpg","width":788,"height":443},"1536x1536":{"url":"https:\/\/villarrealcf.es\/wp-content\/uploads\/2022\/10\/6095c56a6798b079ddda0a97cfa65a94-1536x864.jpg","width":1536,"height":864},"2048x2048":{"url":"https:\/\/villarrealcf.es\/wp-content\/uploads\/2022\/10\/6095c56a6798b079ddda0a97cfa65a94-2048x1152.jpg","width":2048,"height":1152},"tp-image-grid":{"url":"https:\/\/villarrealcf.es\/wp-content\/uploads\/2022\/10\/6095c56a6798b079ddda0a97cfa65a94-700x700.jpg","width":700,"height":700},"size-bunyad-medium":{"url":"https:\/\/villarrealcf.es\/wp-content\/uploads\/2022\/10\/6095c56a6798b079ddda0a97cfa65a94.jpg","width":1920,"height":1080},"sportspress-crop-medium":{"url":"https:\/\/villarrealcf.es\/wp-content\/uploads\/2022\/10\/6095c56a6798b079ddda0a97cfa65a94-300x300.jpg","width":300,"height":300},"sportspress-fit-medium":{"url":"https:\/\/villarrealcf.es\/wp-content\/uploads\/2022\/10\/6095c56a6798b079ddda0a97cfa65a94-300x169.jpg","width":300,"height":169},"sportspress-fit-icon":{"url":"https:\/\/villarrealcf.es\/wp-content\/uploads\/2022\/10\/6095c56a6798b079ddda0a97cfa65a94-128x72.jpg","width":128,"height":72},"sportspress-fit-mini":{"url":"https:\/\/villarrealcf.es\/wp-content\/uploads\/2022\/10\/6095c56a6798b079ddda0a97cfa65a94-32x18.jpg","width":32,"height":18},"bunyad-small":{"url":"https:\/\/villarrealcf.es\/wp-content\/uploads\/2022\/10\/6095c56a6798b079ddda0a97cfa65a94-150x84.jpg","width":150,"height":84},"bunyad-medium":{"url":"https:\/\/villarrealcf.es\/wp-content\/uploads\/2022\/10\/6095c56a6798b079ddda0a97cfa65a94-450x253.jpg","width":450,"height":253},"bunyad-full":{"url":"https:\/\/villarrealcf.es\/wp-content\/uploads\/2022\/10\/6095c56a6798b079ddda0a97cfa65a94-1200x675.jpg","width":1200,"height":675},"bunyad-viewport":{"url":"https:\/\/villarrealcf.es\/wp-content\/uploads\/2022\/10\/6095c56a6798b079ddda0a97cfa65a94-2048x1152.jpg","width":2048,"height":1152},"bunyad-768":{"url":"https:\/\/villarrealcf.es\/wp-content\/uploads\/2022\/10\/6095c56a6798b079ddda0a97cfa65a94-768x432.jpg","width":768,"height":432},"full":{"url":"https:\/\/villarrealcf.es\/wp-content\/uploads\/2022\/10\/6095c56a6798b079ddda0a97cfa65a94.jpg","width":1920,"height":1080}}},"author_data":{"id":"1","name":"root_envidea","first_name":"Villarreal CF","last_name":"","description":"","avatar_url":"https:\/\/secure.gravatar.com\/avatar\/48f95f42a3ccc324f3a3458e4b9e6fb070b083e99d388e170c1afb061fa99b63?s=96&d=mm&r=g","acf":null},"taxonomies_data":{"category":[{"id":4854,"name":"Noticies Generals","slug":"noticies-generals","acf":null}],"post_tag":[{"id":13555,"name":"Futbol","slug":"futbol-val-2","acf":null},{"id":9162,"name":"Hapoel Be'er Sheva","slug":"hapoel-beer-sheva","acf":null},{"id":5103,"name":"Manu Trigueros","slug":"manu-trigueros","acf":null},{"id":5192,"name":"Rueda de prensa","slug":"rueda-de-prensa","acf":null},{"id":13556,"name":"Submarino Amarillo","slug":"submarino-amarillo-val-2","acf":null},{"id":9168,"name":"UEFA Europa Conference League","slug":"uefa-europa-conference-league","acf":null},{"id":13557,"name":"Villarreal CF","slug":"villarreal-cf-val-2","acf":null}],"translation_priority":[{"id":735,"name":"Optional","slug":"optional-val","acf":null}]},"seo_full":{"native":{"title":"\u201cL&#8217;equip li ve a Seti\u00e9n com a anell al dit\u201d - Web Oficial del Villarreal CF","description":"[caption id=\"attachment_229205\" align=\"alignnone\" width=\"\"]||||||[\/caption]Manu Trigueros ha destacat que el Villarreal t\u00e9 futbolistes associatius que s'adaptaran a l'estil de l'entrenador c\u00e0ntabre&hellip;","canonical":"https:\/\/villarrealcf.es\/val\/l-equip-li-ve-a-setien-com-a-anell-al-dit\/"}},"_links":{"self":[{"href":"https:\/\/villarrealcf.es\/val\/wp-json\/wp\/v2\/posts\/229208","targetHints":{"allow":["GET"]}}],"collection":[{"href":"https:\/\/villarrealcf.es\/val\/wp-json\/wp\/v2\/posts"}],"about":[{"href":"https:\/\/villarrealcf.es\/val\/wp-json\/wp\/v2\/types\/post"}],"author":[{"embeddable":true,"href":"https:\/\/villarrealcf.es\/val\/wp-json\/wp\/v2\/users\/1"}],"replies":[{"embeddable":true,"href":"https:\/\/villarrealcf.es\/val\/wp-json\/wp\/v2\/comments?post=229208"}],"version-history":[{"count":0,"href":"https:\/\/villarrealcf.es\/val\/wp-json\/wp\/v2\/posts\/229208\/revisions"}],"wp:featuredmedia":[{"embeddable":true,"href":"https:\/\/villarrealcf.es\/val\/wp-json\/wp\/v2\/media\/229205"}],"wp:attachment":[{"href":"https:\/\/villarrealcf.es\/val\/wp-json\/wp\/v2\/media?parent=229208"}],"wp:term":[{"taxonomy":"category","embeddable":true,"href":"https:\/\/villarrealcf.es\/val\/wp-json\/wp\/v2\/categories?post=229208"},{"taxonomy":"post_tag","embeddable":true,"href":"https:\/\/villarrealcf.es\/val\/wp-json\/wp\/v2\/tags?post=229208"}],"curies":[{"name":"wp","href":"https:\/\/api.w.org\/{rel}","templated":true}]}}