{"id":228707,"date":"2022-10-21T11:15:54","date_gmt":"2022-10-21T09:15:54","guid":{"rendered":"https:\/\/villarrealcf.es\/\/despedida-de-l-aficio-a-jose-manuel-llaneza\/"},"modified":"2022-10-21T11:15:54","modified_gmt":"2022-10-21T09:15:54","slug":"despedida-de-l-aficio-a-jose-manuel-llaneza","status":"publish","type":"post","link":"https:\/\/villarrealcf.es\/val\/despedida-de-l-aficio-a-jose-manuel-llaneza\/","title":{"rendered":"Despedida de l&#8217;afici\u00f3 a Jos\u00e9 Manuel Llaneza"},"content":{"protected":false,"blocks":[{"type":"image","url":"https:\/\/villarrealcf.es\/\/wp-content\/uploads\/2022\/10\/d6b0ab6108d701275b6a1cb8f7dd2075.jpg","alt":"||||||","width":1170,"height":658,"srcset":"https:\/\/villarrealcf.es\/wp-content\/uploads\/2022\/10\/d6b0ab6108d701275b6a1cb8f7dd2075.jpg 1170w, https:\/\/villarrealcf.es\/\/wp-content\/uploads\/2022\/10\/d6b0ab6108d701275b6a1cb8f7dd2075.jpg 1920w, https:\/\/villarrealcf.es\/wp-content\/uploads\/2022\/10\/d6b0ab6108d701275b6a1cb8f7dd2075-1024x576.jpg 1024w, https:\/\/villarrealcf.es\/\/wp-content\/uploads\/2022\/10\/d6b0ab6108d701275b6a1cb8f7dd2075.jpg 1920w, https:\/\/villarrealcf.es\/\/wp-content\/uploads\/2022\/10\/d6b0ab6108d701275b6a1cb8f7dd2075.jpg 1920w, https:\/\/villarrealcf.es\/wp-content\/uploads\/2022\/10\/d6b0ab6108d701275b6a1cb8f7dd2075-32x18.jpg 32w, https:\/\/villarrealcf.es\/wp-content\/uploads\/2022\/10\/d6b0ab6108d701275b6a1cb8f7dd2075-150x84.jpg 150w, https:\/\/villarrealcf.es\/\/wp-content\/uploads\/2022\/10\/d6b0ab6108d701275b6a1cb8f7dd2075.jpg 1920w","sizes":"auto, (max-width: 1170px) 100vw, 1170px"},{"type":"paragraph","text":"L\u2019Ajuntament de Vila-real obrir\u00e0 les seues portes per a donar un c\u00e0lid comiat al vicepresident groc"},{"type":"paragraph","text":"El Villarreal CF i l\u2019Ajuntament de Vila-real, que ha decretat tres dies de dol per la defunci\u00f3 del qual tamb\u00e9 fora reconegut el present any amb la Medalla d\u2019Or de la ciutat, han decidit habilitar un espai en la pr\u00f2pia recepci\u00f3 del consistori de la ciutat perqu\u00e8 els aficionats de l\u2019entitat groga puguen brindar una c\u00e0lida i sentit comiat al qual fora el seu vicepresident i un dels principals representants de la instituci\u00f3 que, amb la seua familiaritat, afecte i carisma, sempre va estar prop dels aficionats grocs."},{"type":"paragraph","text":"En aquest lloc hi haur\u00e0 un llibre de condolences en el qual la gent podr\u00e0 dedicar un afectu\u00f3s comiat com aix\u00ed tamb\u00e9 un espai per a tot aquell que vulga deixar algun element de valor sentimental a una de les figures m\u00e9s importants de la hist\u00f2ria del conjunt groc."},{"type":"paragraph","text":"Horari establit"},{"type":"list","style":"ul","items":["Divendres 21 d\u2019octubre: 17.00 a 21.00 hores.","Dissabte 22 d\u2019octubre: 9.00 a 21.00 hores.","Diumenge 23 d\u2019octubre: 9.00 a 21.00 hores."]}],"structured":{"summary":{"text":"L\u2019Ajuntament de Vila-real obrir\u00e0 les seues portes per a donar un c\u00e0lid comiat al vicepresident groc El Villarreal CF i l\u2019Ajuntament de Vila-real, que ha decretat tres dies de dol per la defunci\u00f3 del qual tamb\u00e9 fora reconegut el present any amb la Medalla d\u2019Or de la ciutat, han decidit habilitar un espai en la pr\u00f2pia recepci\u00f3 del consistori de la ciutat perqu\u00e8 els aficionats de l\u2019entitat groga puguen brindar una c\u00e0lida i sentit comiat al qual fora el seu vicepresident i un dels principals representants de la instituci\u00f3 que, amb la seua familiaritat, afecte i carisma, sempre va estar prop dels aficionats grocs. En aquest lloc hi haur\u00e0 un llibre de condolences en el qual la gent podr\u00e0 dedicar un afectu\u00f3s comiat com aix\u00ed tamb\u00e9 un espai per a tot aquell que vulga deixar algun element de valor sentimental a una de les figures m\u00e9s importants de la hist\u00f2ria del conjunt groc. Horari establit Divendres 21 d\u2019octubre: 17.00 a 21.00 hores. Dissabte 22 d\u2019octubre: 9.00 a 21.00 hores. Diumenge 23 d\u2019octubre: 9.00 a 21.00 hores.","headings":[],"buttons":[],"images":[{"type":"image","url":"https:\/\/villarrealcf.es\/\/wp-content\/uploads\/2022\/10\/d6b0ab6108d701275b6a1cb8f7dd2075.jpg","alt":"||||||","width":1170,"height":658,"srcset":"https:\/\/villarrealcf.es\/wp-content\/uploads\/2022\/10\/d6b0ab6108d701275b6a1cb8f7dd2075.jpg 1170w, https:\/\/villarrealcf.es\/\/wp-content\/uploads\/2022\/10\/d6b0ab6108d701275b6a1cb8f7dd2075.jpg 1920w, https:\/\/villarrealcf.es\/wp-content\/uploads\/2022\/10\/d6b0ab6108d701275b6a1cb8f7dd2075-1024x576.jpg 1024w, https:\/\/villarrealcf.es\/\/wp-content\/uploads\/2022\/10\/d6b0ab6108d701275b6a1cb8f7dd2075.jpg 1920w, https:\/\/villarrealcf.es\/\/wp-content\/uploads\/2022\/10\/d6b0ab6108d701275b6a1cb8f7dd2075.jpg 1920w, https:\/\/villarrealcf.es\/wp-content\/uploads\/2022\/10\/d6b0ab6108d701275b6a1cb8f7dd2075-32x18.jpg 32w, https:\/\/villarrealcf.es\/wp-content\/uploads\/2022\/10\/d6b0ab6108d701275b6a1cb8f7dd2075-150x84.jpg 150w, https:\/\/villarrealcf.es\/\/wp-content\/uploads\/2022\/10\/d6b0ab6108d701275b6a1cb8f7dd2075.jpg 1920w","sizes":"auto, (max-width: 1170px) 100vw, 1170px"}],"counts":{"blocks":6,"headings":0,"texts":4,"buttons":0,"images":1}},"sections":[{"id":"section-1","title":"","text":"L\u2019Ajuntament de Vila-real obrir\u00e0 les seues portes per a donar un c\u00e0lid comiat al vicepresident groc El Villarreal CF i l\u2019Ajuntament de Vila-real, que ha decretat tres dies de dol per la defunci\u00f3 del qual tamb\u00e9 fora reconegut el present any amb la Medalla d\u2019Or de la ciutat, han decidit habilitar un espai en la pr\u00f2pia recepci\u00f3 del consistori de la ciutat perqu\u00e8 els aficionats de l\u2019entitat groga puguen brindar una c\u00e0lida i sentit comiat al qual fora el seu vicepresident i un dels principals representants de la instituci\u00f3 que, amb la seua familiaritat, afecte i carisma, sempre va estar prop dels aficionats grocs. En aquest lloc hi haur\u00e0 un llibre de condolences en el qual la gent podr\u00e0 dedicar un afectu\u00f3s comiat com aix\u00ed tamb\u00e9 un espai per a tot aquell que vulga deixar algun element de valor sentimental a una de les figures m\u00e9s importants de la hist\u00f2ria del conjunt groc. Horari establit","headings":[],"texts":[{"type":"paragraph","text":"L\u2019Ajuntament de Vila-real obrir\u00e0 les seues portes per a donar un c\u00e0lid comiat al vicepresident groc"},{"type":"paragraph","text":"El Villarreal CF i l\u2019Ajuntament de Vila-real, que ha decretat tres dies de dol per la defunci\u00f3 del qual tamb\u00e9 fora reconegut el present any amb la Medalla d\u2019Or de la ciutat, han decidit habilitar un espai en la pr\u00f2pia recepci\u00f3 del consistori de la ciutat perqu\u00e8 els aficionats de l\u2019entitat groga puguen brindar una c\u00e0lida i sentit comiat al qual fora el seu vicepresident i un dels principals representants de la instituci\u00f3 que, amb la seua familiaritat, afecte i carisma, sempre va estar prop dels aficionats grocs."},{"type":"paragraph","text":"En aquest lloc hi haur\u00e0 un llibre de condolences en el qual la gent podr\u00e0 dedicar un afectu\u00f3s comiat com aix\u00ed tamb\u00e9 un espai per a tot aquell que vulga deixar algun element de valor sentimental a una de les figures m\u00e9s importants de la hist\u00f2ria del conjunt groc."},{"type":"paragraph","text":"Horari establit"}],"buttons":[],"images":[{"type":"image","url":"https:\/\/villarrealcf.es\/\/wp-content\/uploads\/2022\/10\/d6b0ab6108d701275b6a1cb8f7dd2075.jpg","alt":"||||||","width":1170,"height":658,"srcset":"https:\/\/villarrealcf.es\/wp-content\/uploads\/2022\/10\/d6b0ab6108d701275b6a1cb8f7dd2075.jpg 1170w, https:\/\/villarrealcf.es\/\/wp-content\/uploads\/2022\/10\/d6b0ab6108d701275b6a1cb8f7dd2075.jpg 1920w, https:\/\/villarrealcf.es\/wp-content\/uploads\/2022\/10\/d6b0ab6108d701275b6a1cb8f7dd2075-1024x576.jpg 1024w, https:\/\/villarrealcf.es\/\/wp-content\/uploads\/2022\/10\/d6b0ab6108d701275b6a1cb8f7dd2075.jpg 1920w, https:\/\/villarrealcf.es\/\/wp-content\/uploads\/2022\/10\/d6b0ab6108d701275b6a1cb8f7dd2075.jpg 1920w, https:\/\/villarrealcf.es\/wp-content\/uploads\/2022\/10\/d6b0ab6108d701275b6a1cb8f7dd2075-32x18.jpg 32w, https:\/\/villarrealcf.es\/wp-content\/uploads\/2022\/10\/d6b0ab6108d701275b6a1cb8f7dd2075-150x84.jpg 150w, https:\/\/villarrealcf.es\/\/wp-content\/uploads\/2022\/10\/d6b0ab6108d701275b6a1cb8f7dd2075.jpg 1920w","sizes":"auto, (max-width: 1170px) 100vw, 1170px"}],"widgets":[],"blocks":[{"type":"image","url":"https:\/\/villarrealcf.es\/\/wp-content\/uploads\/2022\/10\/d6b0ab6108d701275b6a1cb8f7dd2075.jpg","alt":"||||||","width":1170,"height":658,"srcset":"https:\/\/villarrealcf.es\/wp-content\/uploads\/2022\/10\/d6b0ab6108d701275b6a1cb8f7dd2075.jpg 1170w, https:\/\/villarrealcf.es\/\/wp-content\/uploads\/2022\/10\/d6b0ab6108d701275b6a1cb8f7dd2075.jpg 1920w, https:\/\/villarrealcf.es\/wp-content\/uploads\/2022\/10\/d6b0ab6108d701275b6a1cb8f7dd2075-1024x576.jpg 1024w, https:\/\/villarrealcf.es\/\/wp-content\/uploads\/2022\/10\/d6b0ab6108d701275b6a1cb8f7dd2075.jpg 1920w, https:\/\/villarrealcf.es\/\/wp-content\/uploads\/2022\/10\/d6b0ab6108d701275b6a1cb8f7dd2075.jpg 1920w, https:\/\/villarrealcf.es\/wp-content\/uploads\/2022\/10\/d6b0ab6108d701275b6a1cb8f7dd2075-32x18.jpg 32w, https:\/\/villarrealcf.es\/wp-content\/uploads\/2022\/10\/d6b0ab6108d701275b6a1cb8f7dd2075-150x84.jpg 150w, https:\/\/villarrealcf.es\/\/wp-content\/uploads\/2022\/10\/d6b0ab6108d701275b6a1cb8f7dd2075.jpg 1920w","sizes":"auto, (max-width: 1170px) 100vw, 1170px"},{"type":"paragraph","text":"L\u2019Ajuntament de Vila-real obrir\u00e0 les seues portes per a donar un c\u00e0lid comiat al vicepresident groc"},{"type":"paragraph","text":"El Villarreal CF i l\u2019Ajuntament de Vila-real, que ha decretat tres dies de dol per la defunci\u00f3 del qual tamb\u00e9 fora reconegut el present any amb la Medalla d\u2019Or de la ciutat, han decidit habilitar un espai en la pr\u00f2pia recepci\u00f3 del consistori de la ciutat perqu\u00e8 els aficionats de l\u2019entitat groga puguen brindar una c\u00e0lida i sentit comiat al qual fora el seu vicepresident i un dels principals representants de la instituci\u00f3 que, amb la seua familiaritat, afecte i carisma, sempre va estar prop dels aficionats grocs."},{"type":"paragraph","text":"En aquest lloc hi haur\u00e0 un llibre de condolences en el qual la gent podr\u00e0 dedicar un afectu\u00f3s comiat com aix\u00ed tamb\u00e9 un espai per a tot aquell que vulga deixar algun element de valor sentimental a una de les figures m\u00e9s importants de la hist\u00f2ria del conjunt groc."},{"type":"paragraph","text":"Horari establit"},{"type":"list","style":"ul","items":["Divendres 21 d\u2019octubre: 17.00 a 21.00 hores.","Dissabte 22 d\u2019octubre: 9.00 a 21.00 hores.","Diumenge 23 d\u2019octubre: 9.00 a 21.00 hores."]}]}],"hero":{"id":"section-1","title":"","text":"L\u2019Ajuntament de Vila-real obrir\u00e0 les seues portes per a donar un c\u00e0lid comiat al vicepresident groc El Villarreal CF i l\u2019Ajuntament de Vila-real, que ha decretat tres dies de dol per la defunci\u00f3 del qual tamb\u00e9 fora reconegut el present any amb la Medalla d\u2019Or de la ciutat, han decidit habilitar un espai en la pr\u00f2pia recepci\u00f3 del consistori de la ciutat perqu\u00e8 els aficionats de l\u2019entitat groga puguen brindar una c\u00e0lida i sentit comiat al qual fora el seu vicepresident i un dels principals representants de la instituci\u00f3 que, amb la seua familiaritat, afecte i carisma, sempre va estar prop dels aficionats grocs. En aquest lloc hi haur\u00e0 un llibre de condolences en el qual la gent podr\u00e0 dedicar un afectu\u00f3s comiat com aix\u00ed tamb\u00e9 un espai per a tot aquell que vulga deixar algun element de valor sentimental a una de les figures m\u00e9s importants de la hist\u00f2ria del conjunt groc. Horari establit","headings":[],"texts":[{"type":"paragraph","text":"L\u2019Ajuntament de Vila-real obrir\u00e0 les seues portes per a donar un c\u00e0lid comiat al vicepresident groc"},{"type":"paragraph","text":"El Villarreal CF i l\u2019Ajuntament de Vila-real, que ha decretat tres dies de dol per la defunci\u00f3 del qual tamb\u00e9 fora reconegut el present any amb la Medalla d\u2019Or de la ciutat, han decidit habilitar un espai en la pr\u00f2pia recepci\u00f3 del consistori de la ciutat perqu\u00e8 els aficionats de l\u2019entitat groga puguen brindar una c\u00e0lida i sentit comiat al qual fora el seu vicepresident i un dels principals representants de la instituci\u00f3 que, amb la seua familiaritat, afecte i carisma, sempre va estar prop dels aficionats grocs."},{"type":"paragraph","text":"En aquest lloc hi haur\u00e0 un llibre de condolences en el qual la gent podr\u00e0 dedicar un afectu\u00f3s comiat com aix\u00ed tamb\u00e9 un espai per a tot aquell que vulga deixar algun element de valor sentimental a una de les figures m\u00e9s importants de la hist\u00f2ria del conjunt groc."},{"type":"paragraph","text":"Horari establit"}],"buttons":[],"images":[{"type":"image","url":"https:\/\/villarrealcf.es\/\/wp-content\/uploads\/2022\/10\/d6b0ab6108d701275b6a1cb8f7dd2075.jpg","alt":"||||||","width":1170,"height":658,"srcset":"https:\/\/villarrealcf.es\/wp-content\/uploads\/2022\/10\/d6b0ab6108d701275b6a1cb8f7dd2075.jpg 1170w, https:\/\/villarrealcf.es\/\/wp-content\/uploads\/2022\/10\/d6b0ab6108d701275b6a1cb8f7dd2075.jpg 1920w, https:\/\/villarrealcf.es\/wp-content\/uploads\/2022\/10\/d6b0ab6108d701275b6a1cb8f7dd2075-1024x576.jpg 1024w, https:\/\/villarrealcf.es\/\/wp-content\/uploads\/2022\/10\/d6b0ab6108d701275b6a1cb8f7dd2075.jpg 1920w, https:\/\/villarrealcf.es\/\/wp-content\/uploads\/2022\/10\/d6b0ab6108d701275b6a1cb8f7dd2075.jpg 1920w, https:\/\/villarrealcf.es\/wp-content\/uploads\/2022\/10\/d6b0ab6108d701275b6a1cb8f7dd2075-32x18.jpg 32w, https:\/\/villarrealcf.es\/wp-content\/uploads\/2022\/10\/d6b0ab6108d701275b6a1cb8f7dd2075-150x84.jpg 150w, https:\/\/villarrealcf.es\/\/wp-content\/uploads\/2022\/10\/d6b0ab6108d701275b6a1cb8f7dd2075.jpg 1920w","sizes":"auto, (max-width: 1170px) 100vw, 1170px"}],"widgets":[],"blocks":[{"type":"image","url":"https:\/\/villarrealcf.es\/\/wp-content\/uploads\/2022\/10\/d6b0ab6108d701275b6a1cb8f7dd2075.jpg","alt":"||||||","width":1170,"height":658,"srcset":"https:\/\/villarrealcf.es\/wp-content\/uploads\/2022\/10\/d6b0ab6108d701275b6a1cb8f7dd2075.jpg 1170w, https:\/\/villarrealcf.es\/\/wp-content\/uploads\/2022\/10\/d6b0ab6108d701275b6a1cb8f7dd2075.jpg 1920w, https:\/\/villarrealcf.es\/wp-content\/uploads\/2022\/10\/d6b0ab6108d701275b6a1cb8f7dd2075-1024x576.jpg 1024w, https:\/\/villarrealcf.es\/\/wp-content\/uploads\/2022\/10\/d6b0ab6108d701275b6a1cb8f7dd2075.jpg 1920w, https:\/\/villarrealcf.es\/\/wp-content\/uploads\/2022\/10\/d6b0ab6108d701275b6a1cb8f7dd2075.jpg 1920w, https:\/\/villarrealcf.es\/wp-content\/uploads\/2022\/10\/d6b0ab6108d701275b6a1cb8f7dd2075-32x18.jpg 32w, https:\/\/villarrealcf.es\/wp-content\/uploads\/2022\/10\/d6b0ab6108d701275b6a1cb8f7dd2075-150x84.jpg 150w, https:\/\/villarrealcf.es\/\/wp-content\/uploads\/2022\/10\/d6b0ab6108d701275b6a1cb8f7dd2075.jpg 1920w","sizes":"auto, (max-width: 1170px) 100vw, 1170px"},{"type":"paragraph","text":"L\u2019Ajuntament de Vila-real obrir\u00e0 les seues portes per a donar un c\u00e0lid comiat al vicepresident groc"},{"type":"paragraph","text":"El Villarreal CF i l\u2019Ajuntament de Vila-real, que ha decretat tres dies de dol per la defunci\u00f3 del qual tamb\u00e9 fora reconegut el present any amb la Medalla d\u2019Or de la ciutat, han decidit habilitar un espai en la pr\u00f2pia recepci\u00f3 del consistori de la ciutat perqu\u00e8 els aficionats de l\u2019entitat groga puguen brindar una c\u00e0lida i sentit comiat al qual fora el seu vicepresident i un dels principals representants de la instituci\u00f3 que, amb la seua familiaritat, afecte i carisma, sempre va estar prop dels aficionats grocs."},{"type":"paragraph","text":"En aquest lloc hi haur\u00e0 un llibre de condolences en el qual la gent podr\u00e0 dedicar un afectu\u00f3s comiat com aix\u00ed tamb\u00e9 un espai per a tot aquell que vulga deixar algun element de valor sentimental a una de les figures m\u00e9s importants de la hist\u00f2ria del conjunt groc."},{"type":"paragraph","text":"Horari establit"},{"type":"list","style":"ul","items":["Divendres 21 d\u2019octubre: 17.00 a 21.00 hores.","Dissabte 22 d\u2019octubre: 9.00 a 21.00 hores.","Diumenge 23 d\u2019octubre: 9.00 a 21.00 hores."]}]}},"sections":[{"id":"section-1","title":"","text":"L\u2019Ajuntament de Vila-real obrir\u00e0 les seues portes per a donar un c\u00e0lid comiat al vicepresident groc El Villarreal CF i l\u2019Ajuntament de Vila-real, que ha decretat tres dies de dol per la defunci\u00f3 del qual tamb\u00e9 fora reconegut el present any amb la Medalla d\u2019Or de la ciutat, han decidit habilitar un espai en la pr\u00f2pia recepci\u00f3 del consistori de la ciutat perqu\u00e8 els aficionats de l\u2019entitat groga puguen brindar una c\u00e0lida i sentit comiat al qual fora el seu vicepresident i un dels principals representants de la instituci\u00f3 que, amb la seua familiaritat, afecte i carisma, sempre va estar prop dels aficionats grocs. En aquest lloc hi haur\u00e0 un llibre de condolences en el qual la gent podr\u00e0 dedicar un afectu\u00f3s comiat com aix\u00ed tamb\u00e9 un espai per a tot aquell que vulga deixar algun element de valor sentimental a una de les figures m\u00e9s importants de la hist\u00f2ria del conjunt groc. Horari establit","url":"","background_image":"","images":[{"type":"image","url":"https:\/\/villarrealcf.es\/\/wp-content\/uploads\/2022\/10\/d6b0ab6108d701275b6a1cb8f7dd2075.jpg","alt":"||||||","width":1170,"height":658,"srcset":"https:\/\/villarrealcf.es\/wp-content\/uploads\/2022\/10\/d6b0ab6108d701275b6a1cb8f7dd2075.jpg 1170w, https:\/\/villarrealcf.es\/\/wp-content\/uploads\/2022\/10\/d6b0ab6108d701275b6a1cb8f7dd2075.jpg 1920w, https:\/\/villarrealcf.es\/wp-content\/uploads\/2022\/10\/d6b0ab6108d701275b6a1cb8f7dd2075-1024x576.jpg 1024w, https:\/\/villarrealcf.es\/\/wp-content\/uploads\/2022\/10\/d6b0ab6108d701275b6a1cb8f7dd2075.jpg 1920w, https:\/\/villarrealcf.es\/\/wp-content\/uploads\/2022\/10\/d6b0ab6108d701275b6a1cb8f7dd2075.jpg 1920w, https:\/\/villarrealcf.es\/wp-content\/uploads\/2022\/10\/d6b0ab6108d701275b6a1cb8f7dd2075-32x18.jpg 32w, https:\/\/villarrealcf.es\/wp-content\/uploads\/2022\/10\/d6b0ab6108d701275b6a1cb8f7dd2075-150x84.jpg 150w, https:\/\/villarrealcf.es\/\/wp-content\/uploads\/2022\/10\/d6b0ab6108d701275b6a1cb8f7dd2075.jpg 1920w","sizes":"auto, (max-width: 1170px) 100vw, 1170px"}],"videos":[],"links":[]},{"id":"shortcode-caption-69f0f13913f70","type":"shortcode","shortcode":"caption","attributes":{"id":"attachment_228704","align":"alignnone","width":""},"title":"Caption","rendered":"","data":[],"text":"","url":"","background_image":"","images":[],"videos":[],"links":[],"blocks":[]}]},"excerpt":{"rendered":"L&#8217;Ajuntament de Vila-real obrir\u00e0 les seues portes per a donar un c\u00e0lid comiat al vicepresident groc","protected":false},"author":33,"featured_media":228704,"comment_status":"","ping_status":"","sticky":false,"template":"","format":"standard","meta":{"_acf_changed":false,"footnotes":""},"categories":[4854],"tags":[5044,4865],"acf":null,"lang":"val","translations":{"val":228707},"essential_grid":{"has_grid":false},"formatted_date":"October 21, 2022","modified_date":"October 21, 2022","permalink":"https:\/\/villarrealcf.es\/val\/despedida-de-l-aficio-a-jose-manuel-llaneza\/","reading_time":1,"featured_media_data":{"id":228704,"title":"||||||","caption":"||||||","alt_text":"||||||","description":"","mime_type":"image\/jpeg","source_url":"https:\/\/villarrealcf.es\/wp-content\/uploads\/2022\/10\/d6b0ab6108d701275b6a1cb8f7dd2075.jpg","sizes":{"thumbnail":{"url":"https:\/\/villarrealcf.es\/wp-content\/uploads\/2022\/10\/d6b0ab6108d701275b6a1cb8f7dd2075-150x150.jpg","width":150,"height":150},"medium":{"url":"https:\/\/villarrealcf.es\/wp-content\/uploads\/2022\/10\/d6b0ab6108d701275b6a1cb8f7dd2075-300x169.jpg","width":300,"height":169},"medium_large":{"url":"https:\/\/villarrealcf.es\/wp-content\/uploads\/2022\/10\/d6b0ab6108d701275b6a1cb8f7dd2075-768x432.jpg","width":768,"height":432},"large":{"url":"https:\/\/villarrealcf.es\/wp-content\/uploads\/2022\/10\/d6b0ab6108d701275b6a1cb8f7dd2075-1024x576.jpg","width":788,"height":443},"1536x1536":{"url":"https:\/\/villarrealcf.es\/wp-content\/uploads\/2022\/10\/d6b0ab6108d701275b6a1cb8f7dd2075.jpg","width":1170,"height":658},"2048x2048":{"url":"https:\/\/villarrealcf.es\/wp-content\/uploads\/2022\/10\/d6b0ab6108d701275b6a1cb8f7dd2075.jpg","width":1170,"height":658},"tp-image-grid":{"url":"https:\/\/villarrealcf.es\/wp-content\/uploads\/2022\/10\/d6b0ab6108d701275b6a1cb8f7dd2075-700x658.jpg","width":700,"height":658},"size-bunyad-medium":{"url":"https:\/\/villarrealcf.es\/wp-content\/uploads\/2022\/10\/d6b0ab6108d701275b6a1cb8f7dd2075.jpg","width":1170,"height":658},"sportspress-crop-medium":{"url":"https:\/\/villarrealcf.es\/wp-content\/uploads\/2022\/10\/d6b0ab6108d701275b6a1cb8f7dd2075-300x300.jpg","width":300,"height":300},"sportspress-fit-medium":{"url":"https:\/\/villarrealcf.es\/wp-content\/uploads\/2022\/10\/d6b0ab6108d701275b6a1cb8f7dd2075-300x169.jpg","width":300,"height":169},"sportspress-fit-icon":{"url":"https:\/\/villarrealcf.es\/wp-content\/uploads\/2022\/10\/d6b0ab6108d701275b6a1cb8f7dd2075-128x72.jpg","width":128,"height":72},"sportspress-fit-mini":{"url":"https:\/\/villarrealcf.es\/wp-content\/uploads\/2022\/10\/d6b0ab6108d701275b6a1cb8f7dd2075-32x18.jpg","width":32,"height":18},"bunyad-small":{"url":"https:\/\/villarrealcf.es\/wp-content\/uploads\/2022\/10\/d6b0ab6108d701275b6a1cb8f7dd2075-150x84.jpg","width":150,"height":84},"bunyad-medium":{"url":"https:\/\/villarrealcf.es\/wp-content\/uploads\/2022\/10\/d6b0ab6108d701275b6a1cb8f7dd2075-450x253.jpg","width":450,"height":253},"bunyad-full":{"url":"https:\/\/villarrealcf.es\/wp-content\/uploads\/2022\/10\/d6b0ab6108d701275b6a1cb8f7dd2075.jpg","width":1170,"height":658},"bunyad-viewport":{"url":"https:\/\/villarrealcf.es\/wp-content\/uploads\/2022\/10\/d6b0ab6108d701275b6a1cb8f7dd2075.jpg","width":1170,"height":658},"bunyad-768":{"url":"https:\/\/villarrealcf.es\/wp-content\/uploads\/2022\/10\/d6b0ab6108d701275b6a1cb8f7dd2075-768x432.jpg","width":768,"height":432},"full":{"url":"https:\/\/villarrealcf.es\/wp-content\/uploads\/2022\/10\/d6b0ab6108d701275b6a1cb8f7dd2075.jpg","width":1170,"height":658}}},"author_data":{"id":"33","name":"Nacho Tejada","first_name":"Nacho","last_name":"Tejada","description":"","avatar_url":"https:\/\/secure.gravatar.com\/avatar\/b1580534b2fcd93e031504756165758941290488df5c88966a26f84344931fd1?s=96&d=mm&r=g","acf":null},"taxonomies_data":{"category":[{"id":4854,"name":"Noticies Generals","slug":"noticies-generals","acf":null}],"post_tag":[{"id":5044,"name":"Jos\u00e9 Manuel Llaneza","slug":"jose-manuel-llaneza","acf":null},{"id":4865,"name":"Villarreal CF","slug":"villarreal-cf","acf":null}],"translation_priority":[{"id":733,"name":"Optional","slug":"optional","acf":null}]},"seo_full":{"native":{"title":"Despedida de l&#8217;afici\u00f3 a Jos\u00e9 Manuel Llaneza - Web Oficial del Villarreal CF","description":"[caption id=\"attachment_228704\" align=\"alignnone\" width=\"\"]||||||[\/caption]L'Ajuntament de Vila-real obrir\u00e0 les seues portes per a donar un c\u00e0lid comiat al vicepresident groc El&hellip;","canonical":"https:\/\/villarrealcf.es\/val\/despedida-de-l-aficio-a-jose-manuel-llaneza\/"}},"_links":{"self":[{"href":"https:\/\/villarrealcf.es\/val\/wp-json\/wp\/v2\/posts\/228707","targetHints":{"allow":["GET"]}}],"collection":[{"href":"https:\/\/villarrealcf.es\/val\/wp-json\/wp\/v2\/posts"}],"about":[{"href":"https:\/\/villarrealcf.es\/val\/wp-json\/wp\/v2\/types\/post"}],"author":[{"embeddable":true,"href":"https:\/\/villarrealcf.es\/val\/wp-json\/wp\/v2\/users\/33"}],"replies":[{"embeddable":true,"href":"https:\/\/villarrealcf.es\/val\/wp-json\/wp\/v2\/comments?post=228707"}],"version-history":[{"count":0,"href":"https:\/\/villarrealcf.es\/val\/wp-json\/wp\/v2\/posts\/228707\/revisions"}],"wp:featuredmedia":[{"embeddable":true,"href":"https:\/\/villarrealcf.es\/val\/wp-json\/wp\/v2\/media\/228704"}],"wp:attachment":[{"href":"https:\/\/villarrealcf.es\/val\/wp-json\/wp\/v2\/media?parent=228707"}],"wp:term":[{"taxonomy":"category","embeddable":true,"href":"https:\/\/villarrealcf.es\/val\/wp-json\/wp\/v2\/categories?post=228707"},{"taxonomy":"post_tag","embeddable":true,"href":"https:\/\/villarrealcf.es\/val\/wp-json\/wp\/v2\/tags?post=228707"}],"curies":[{"name":"wp","href":"https:\/\/api.w.org\/{rel}","templated":true}]}}