{"id":228639,"date":"2022-10-20T08:13:28","date_gmt":"2022-10-20T06:13:28","guid":{"rendered":"https:\/\/villarrealcf.es\/\/segueix-la-transformacio-de-l-estadi-de-la-ceramica\/"},"modified":"2022-10-20T08:13:28","modified_gmt":"2022-10-20T06:13:28","slug":"segueix-la-transformacio-de-l-estadi-de-la-ceramica","status":"publish","type":"post","link":"https:\/\/villarrealcf.es\/val\/segueix-la-transformacio-de-l-estadi-de-la-ceramica\/","title":{"rendered":"Segueix la transformaci\u00f3 de l&#8217;Estadi de la Cer\u00e0mica"},"content":{"protected":false,"blocks":[{"type":"image","url":"https:\/\/villarrealcf.es\/\/wp-content\/uploads\/2022\/10\/e80418f4b63440404a0bee8940c75536.jpg","alt":"||||","width":1170,"height":658,"srcset":"https:\/\/villarrealcf.es\/wp-content\/uploads\/2022\/10\/e80418f4b63440404a0bee8940c75536.jpg 1170w, https:\/\/villarrealcf.es\/\/wp-content\/uploads\/2022\/10\/e80418f4b63440404a0bee8940c75536.jpg 1920w, https:\/\/villarrealcf.es\/wp-content\/uploads\/2022\/10\/e80418f4b63440404a0bee8940c75536-1024x576.jpg 1024w, https:\/\/villarrealcf.es\/\/wp-content\/uploads\/2022\/10\/e80418f4b63440404a0bee8940c75536.jpg 1920w, https:\/\/villarrealcf.es\/\/wp-content\/uploads\/2022\/10\/e80418f4b63440404a0bee8940c75536.jpg 1920w, https:\/\/villarrealcf.es\/wp-content\/uploads\/2022\/10\/e80418f4b63440404a0bee8940c75536-32x18.jpg 32w, https:\/\/villarrealcf.es\/wp-content\/uploads\/2022\/10\/e80418f4b63440404a0bee8940c75536-150x84.jpg 150w, https:\/\/villarrealcf.es\/\/wp-content\/uploads\/2022\/10\/e80418f4b63440404a0bee8940c75536.jpg 1920w","sizes":"auto, (max-width: 1170px) 100vw, 1170px"},{"type":"paragraph","text":"Villarreal TV ha preparat el tercer cap\u00edtol del serial que fa un seguiment a les obres en l\u2019estadi groguet"},{"type":"paragraph","text":"La reforma en l\u2019Estadi de la Cer\u00e0mica avan\u00e7a segons el que es preveu. Villarreal TV ha preparat el tercer episodi del serial que fa seguiment a les obres en el feu groc."},{"type":"paragraph","text":"En aquest cap\u00edtol, es mostren el progr\u00e9s en la impermeabilitzaci\u00f3 de les graderies, la instal\u00b7laci\u00f3 de suports per a situar els seients i la col\u00b7locaci\u00f3 de l\u2019estructura met\u00e0l\u00b7lica de les diferents graderies."},{"type":"paragraph","text":"Per a gaudir de les \u00faltimes novetats en la reforma de l\u2019Estadi de la Cer\u00e0mica, visualitza el v\u00eddeo adjunt a la not\u00edcia."},{"type":"video","kind":"iframe","url":"https:\/\/www.youtube.com\/embed\/8_ch8USB5W0?feature=oembed","poster":""}],"structured":{"summary":{"text":"Villarreal TV ha preparat el tercer cap\u00edtol del serial que fa un seguiment a les obres en l\u2019estadi groguet La reforma en l\u2019Estadi de la Cer\u00e0mica avan\u00e7a segons el que es preveu. Villarreal TV ha preparat el tercer episodi del serial que fa seguiment a les obres en el feu groc. En aquest cap\u00edtol, es mostren el progr\u00e9s en la impermeabilitzaci\u00f3 de les graderies, la instal\u00b7laci\u00f3 de suports per a situar els seients i la col\u00b7locaci\u00f3 de l\u2019estructura met\u00e0l\u00b7lica de les diferents graderies. Per a gaudir de les \u00faltimes novetats en la reforma de l\u2019Estadi de la Cer\u00e0mica, visualitza el v\u00eddeo adjunt a la not\u00edcia.","headings":[],"buttons":[],"images":[{"type":"image","url":"https:\/\/villarrealcf.es\/\/wp-content\/uploads\/2022\/10\/e80418f4b63440404a0bee8940c75536.jpg","alt":"||||","width":1170,"height":658,"srcset":"https:\/\/villarrealcf.es\/wp-content\/uploads\/2022\/10\/e80418f4b63440404a0bee8940c75536.jpg 1170w, https:\/\/villarrealcf.es\/\/wp-content\/uploads\/2022\/10\/e80418f4b63440404a0bee8940c75536.jpg 1920w, https:\/\/villarrealcf.es\/wp-content\/uploads\/2022\/10\/e80418f4b63440404a0bee8940c75536-1024x576.jpg 1024w, https:\/\/villarrealcf.es\/\/wp-content\/uploads\/2022\/10\/e80418f4b63440404a0bee8940c75536.jpg 1920w, https:\/\/villarrealcf.es\/\/wp-content\/uploads\/2022\/10\/e80418f4b63440404a0bee8940c75536.jpg 1920w, https:\/\/villarrealcf.es\/wp-content\/uploads\/2022\/10\/e80418f4b63440404a0bee8940c75536-32x18.jpg 32w, https:\/\/villarrealcf.es\/wp-content\/uploads\/2022\/10\/e80418f4b63440404a0bee8940c75536-150x84.jpg 150w, https:\/\/villarrealcf.es\/\/wp-content\/uploads\/2022\/10\/e80418f4b63440404a0bee8940c75536.jpg 1920w","sizes":"auto, (max-width: 1170px) 100vw, 1170px"}],"counts":{"blocks":6,"headings":0,"texts":4,"buttons":0,"images":1}},"sections":[{"id":"section-1","title":"","text":"Villarreal TV ha preparat el tercer cap\u00edtol del serial que fa un seguiment a les obres en l\u2019estadi groguet La reforma en l\u2019Estadi de la Cer\u00e0mica avan\u00e7a segons el que es preveu. Villarreal TV ha preparat el tercer episodi del serial que fa seguiment a les obres en el feu groc. En aquest cap\u00edtol, es mostren el progr\u00e9s en la impermeabilitzaci\u00f3 de les graderies, la instal\u00b7laci\u00f3 de suports per a situar els seients i la col\u00b7locaci\u00f3 de l\u2019estructura met\u00e0l\u00b7lica de les diferents graderies. Per a gaudir de les \u00faltimes novetats en la reforma de l\u2019Estadi de la Cer\u00e0mica, visualitza el v\u00eddeo adjunt a la not\u00edcia.","headings":[],"texts":[{"type":"paragraph","text":"Villarreal TV ha preparat el tercer cap\u00edtol del serial que fa un seguiment a les obres en l\u2019estadi groguet"},{"type":"paragraph","text":"La reforma en l\u2019Estadi de la Cer\u00e0mica avan\u00e7a segons el que es preveu. Villarreal TV ha preparat el tercer episodi del serial que fa seguiment a les obres en el feu groc."},{"type":"paragraph","text":"En aquest cap\u00edtol, es mostren el progr\u00e9s en la impermeabilitzaci\u00f3 de les graderies, la instal\u00b7laci\u00f3 de suports per a situar els seients i la col\u00b7locaci\u00f3 de l\u2019estructura met\u00e0l\u00b7lica de les diferents graderies."},{"type":"paragraph","text":"Per a gaudir de les \u00faltimes novetats en la reforma de l\u2019Estadi de la Cer\u00e0mica, visualitza el v\u00eddeo adjunt a la not\u00edcia."}],"buttons":[],"images":[{"type":"image","url":"https:\/\/villarrealcf.es\/\/wp-content\/uploads\/2022\/10\/e80418f4b63440404a0bee8940c75536.jpg","alt":"||||","width":1170,"height":658,"srcset":"https:\/\/villarrealcf.es\/wp-content\/uploads\/2022\/10\/e80418f4b63440404a0bee8940c75536.jpg 1170w, https:\/\/villarrealcf.es\/\/wp-content\/uploads\/2022\/10\/e80418f4b63440404a0bee8940c75536.jpg 1920w, https:\/\/villarrealcf.es\/wp-content\/uploads\/2022\/10\/e80418f4b63440404a0bee8940c75536-1024x576.jpg 1024w, https:\/\/villarrealcf.es\/\/wp-content\/uploads\/2022\/10\/e80418f4b63440404a0bee8940c75536.jpg 1920w, https:\/\/villarrealcf.es\/\/wp-content\/uploads\/2022\/10\/e80418f4b63440404a0bee8940c75536.jpg 1920w, https:\/\/villarrealcf.es\/wp-content\/uploads\/2022\/10\/e80418f4b63440404a0bee8940c75536-32x18.jpg 32w, https:\/\/villarrealcf.es\/wp-content\/uploads\/2022\/10\/e80418f4b63440404a0bee8940c75536-150x84.jpg 150w, https:\/\/villarrealcf.es\/\/wp-content\/uploads\/2022\/10\/e80418f4b63440404a0bee8940c75536.jpg 1920w","sizes":"auto, (max-width: 1170px) 100vw, 1170px"}],"widgets":[],"blocks":[{"type":"image","url":"https:\/\/villarrealcf.es\/\/wp-content\/uploads\/2022\/10\/e80418f4b63440404a0bee8940c75536.jpg","alt":"||||","width":1170,"height":658,"srcset":"https:\/\/villarrealcf.es\/wp-content\/uploads\/2022\/10\/e80418f4b63440404a0bee8940c75536.jpg 1170w, https:\/\/villarrealcf.es\/\/wp-content\/uploads\/2022\/10\/e80418f4b63440404a0bee8940c75536.jpg 1920w, https:\/\/villarrealcf.es\/wp-content\/uploads\/2022\/10\/e80418f4b63440404a0bee8940c75536-1024x576.jpg 1024w, https:\/\/villarrealcf.es\/\/wp-content\/uploads\/2022\/10\/e80418f4b63440404a0bee8940c75536.jpg 1920w, https:\/\/villarrealcf.es\/\/wp-content\/uploads\/2022\/10\/e80418f4b63440404a0bee8940c75536.jpg 1920w, https:\/\/villarrealcf.es\/wp-content\/uploads\/2022\/10\/e80418f4b63440404a0bee8940c75536-32x18.jpg 32w, https:\/\/villarrealcf.es\/wp-content\/uploads\/2022\/10\/e80418f4b63440404a0bee8940c75536-150x84.jpg 150w, https:\/\/villarrealcf.es\/\/wp-content\/uploads\/2022\/10\/e80418f4b63440404a0bee8940c75536.jpg 1920w","sizes":"auto, (max-width: 1170px) 100vw, 1170px"},{"type":"paragraph","text":"Villarreal TV ha preparat el tercer cap\u00edtol del serial que fa un seguiment a les obres en l\u2019estadi groguet"},{"type":"paragraph","text":"La reforma en l\u2019Estadi de la Cer\u00e0mica avan\u00e7a segons el que es preveu. Villarreal TV ha preparat el tercer episodi del serial que fa seguiment a les obres en el feu groc."},{"type":"paragraph","text":"En aquest cap\u00edtol, es mostren el progr\u00e9s en la impermeabilitzaci\u00f3 de les graderies, la instal\u00b7laci\u00f3 de suports per a situar els seients i la col\u00b7locaci\u00f3 de l\u2019estructura met\u00e0l\u00b7lica de les diferents graderies."},{"type":"paragraph","text":"Per a gaudir de les \u00faltimes novetats en la reforma de l\u2019Estadi de la Cer\u00e0mica, visualitza el v\u00eddeo adjunt a la not\u00edcia."},{"type":"video","kind":"iframe","url":"https:\/\/www.youtube.com\/embed\/8_ch8USB5W0?feature=oembed","poster":""}]}],"hero":{"id":"section-1","title":"","text":"Villarreal TV ha preparat el tercer cap\u00edtol del serial que fa un seguiment a les obres en l\u2019estadi groguet La reforma en l\u2019Estadi de la Cer\u00e0mica avan\u00e7a segons el que es preveu. Villarreal TV ha preparat el tercer episodi del serial que fa seguiment a les obres en el feu groc. En aquest cap\u00edtol, es mostren el progr\u00e9s en la impermeabilitzaci\u00f3 de les graderies, la instal\u00b7laci\u00f3 de suports per a situar els seients i la col\u00b7locaci\u00f3 de l\u2019estructura met\u00e0l\u00b7lica de les diferents graderies. Per a gaudir de les \u00faltimes novetats en la reforma de l\u2019Estadi de la Cer\u00e0mica, visualitza el v\u00eddeo adjunt a la not\u00edcia.","headings":[],"texts":[{"type":"paragraph","text":"Villarreal TV ha preparat el tercer cap\u00edtol del serial que fa un seguiment a les obres en l\u2019estadi groguet"},{"type":"paragraph","text":"La reforma en l\u2019Estadi de la Cer\u00e0mica avan\u00e7a segons el que es preveu. Villarreal TV ha preparat el tercer episodi del serial que fa seguiment a les obres en el feu groc."},{"type":"paragraph","text":"En aquest cap\u00edtol, es mostren el progr\u00e9s en la impermeabilitzaci\u00f3 de les graderies, la instal\u00b7laci\u00f3 de suports per a situar els seients i la col\u00b7locaci\u00f3 de l\u2019estructura met\u00e0l\u00b7lica de les diferents graderies."},{"type":"paragraph","text":"Per a gaudir de les \u00faltimes novetats en la reforma de l\u2019Estadi de la Cer\u00e0mica, visualitza el v\u00eddeo adjunt a la not\u00edcia."}],"buttons":[],"images":[{"type":"image","url":"https:\/\/villarrealcf.es\/\/wp-content\/uploads\/2022\/10\/e80418f4b63440404a0bee8940c75536.jpg","alt":"||||","width":1170,"height":658,"srcset":"https:\/\/villarrealcf.es\/wp-content\/uploads\/2022\/10\/e80418f4b63440404a0bee8940c75536.jpg 1170w, https:\/\/villarrealcf.es\/\/wp-content\/uploads\/2022\/10\/e80418f4b63440404a0bee8940c75536.jpg 1920w, https:\/\/villarrealcf.es\/wp-content\/uploads\/2022\/10\/e80418f4b63440404a0bee8940c75536-1024x576.jpg 1024w, https:\/\/villarrealcf.es\/\/wp-content\/uploads\/2022\/10\/e80418f4b63440404a0bee8940c75536.jpg 1920w, https:\/\/villarrealcf.es\/\/wp-content\/uploads\/2022\/10\/e80418f4b63440404a0bee8940c75536.jpg 1920w, https:\/\/villarrealcf.es\/wp-content\/uploads\/2022\/10\/e80418f4b63440404a0bee8940c75536-32x18.jpg 32w, https:\/\/villarrealcf.es\/wp-content\/uploads\/2022\/10\/e80418f4b63440404a0bee8940c75536-150x84.jpg 150w, https:\/\/villarrealcf.es\/\/wp-content\/uploads\/2022\/10\/e80418f4b63440404a0bee8940c75536.jpg 1920w","sizes":"auto, (max-width: 1170px) 100vw, 1170px"}],"widgets":[],"blocks":[{"type":"image","url":"https:\/\/villarrealcf.es\/\/wp-content\/uploads\/2022\/10\/e80418f4b63440404a0bee8940c75536.jpg","alt":"||||","width":1170,"height":658,"srcset":"https:\/\/villarrealcf.es\/wp-content\/uploads\/2022\/10\/e80418f4b63440404a0bee8940c75536.jpg 1170w, https:\/\/villarrealcf.es\/\/wp-content\/uploads\/2022\/10\/e80418f4b63440404a0bee8940c75536.jpg 1920w, https:\/\/villarrealcf.es\/wp-content\/uploads\/2022\/10\/e80418f4b63440404a0bee8940c75536-1024x576.jpg 1024w, https:\/\/villarrealcf.es\/\/wp-content\/uploads\/2022\/10\/e80418f4b63440404a0bee8940c75536.jpg 1920w, https:\/\/villarrealcf.es\/\/wp-content\/uploads\/2022\/10\/e80418f4b63440404a0bee8940c75536.jpg 1920w, https:\/\/villarrealcf.es\/wp-content\/uploads\/2022\/10\/e80418f4b63440404a0bee8940c75536-32x18.jpg 32w, https:\/\/villarrealcf.es\/wp-content\/uploads\/2022\/10\/e80418f4b63440404a0bee8940c75536-150x84.jpg 150w, https:\/\/villarrealcf.es\/\/wp-content\/uploads\/2022\/10\/e80418f4b63440404a0bee8940c75536.jpg 1920w","sizes":"auto, (max-width: 1170px) 100vw, 1170px"},{"type":"paragraph","text":"Villarreal TV ha preparat el tercer cap\u00edtol del serial que fa un seguiment a les obres en l\u2019estadi groguet"},{"type":"paragraph","text":"La reforma en l\u2019Estadi de la Cer\u00e0mica avan\u00e7a segons el que es preveu. Villarreal TV ha preparat el tercer episodi del serial que fa seguiment a les obres en el feu groc."},{"type":"paragraph","text":"En aquest cap\u00edtol, es mostren el progr\u00e9s en la impermeabilitzaci\u00f3 de les graderies, la instal\u00b7laci\u00f3 de suports per a situar els seients i la col\u00b7locaci\u00f3 de l\u2019estructura met\u00e0l\u00b7lica de les diferents graderies."},{"type":"paragraph","text":"Per a gaudir de les \u00faltimes novetats en la reforma de l\u2019Estadi de la Cer\u00e0mica, visualitza el v\u00eddeo adjunt a la not\u00edcia."},{"type":"video","kind":"iframe","url":"https:\/\/www.youtube.com\/embed\/8_ch8USB5W0?feature=oembed","poster":""}]}},"sections":[{"id":"section-1","title":"","text":"Villarreal TV ha preparat el tercer cap\u00edtol del serial que fa un seguiment a les obres en l\u2019estadi groguet La reforma en l\u2019Estadi de la Cer\u00e0mica avan\u00e7a segons el que es preveu. Villarreal TV ha preparat el tercer episodi del serial que fa seguiment a les obres en el feu groc. En aquest cap\u00edtol, es mostren el progr\u00e9s en la impermeabilitzaci\u00f3 de les graderies, la instal\u00b7laci\u00f3 de suports per a situar els seients i la col\u00b7locaci\u00f3 de l\u2019estructura met\u00e0l\u00b7lica de les diferents graderies. Per a gaudir de les \u00faltimes novetats en la reforma de l\u2019Estadi de la Cer\u00e0mica, visualitza el v\u00eddeo adjunt a la not\u00edcia.","url":"","background_image":"","images":[{"type":"image","url":"https:\/\/villarrealcf.es\/\/wp-content\/uploads\/2022\/10\/e80418f4b63440404a0bee8940c75536.jpg","alt":"||||","width":1170,"height":658,"srcset":"https:\/\/villarrealcf.es\/wp-content\/uploads\/2022\/10\/e80418f4b63440404a0bee8940c75536.jpg 1170w, https:\/\/villarrealcf.es\/\/wp-content\/uploads\/2022\/10\/e80418f4b63440404a0bee8940c75536.jpg 1920w, https:\/\/villarrealcf.es\/wp-content\/uploads\/2022\/10\/e80418f4b63440404a0bee8940c75536-1024x576.jpg 1024w, https:\/\/villarrealcf.es\/\/wp-content\/uploads\/2022\/10\/e80418f4b63440404a0bee8940c75536.jpg 1920w, https:\/\/villarrealcf.es\/\/wp-content\/uploads\/2022\/10\/e80418f4b63440404a0bee8940c75536.jpg 1920w, https:\/\/villarrealcf.es\/wp-content\/uploads\/2022\/10\/e80418f4b63440404a0bee8940c75536-32x18.jpg 32w, https:\/\/villarrealcf.es\/wp-content\/uploads\/2022\/10\/e80418f4b63440404a0bee8940c75536-150x84.jpg 150w, https:\/\/villarrealcf.es\/\/wp-content\/uploads\/2022\/10\/e80418f4b63440404a0bee8940c75536.jpg 1920w","sizes":"auto, (max-width: 1170px) 100vw, 1170px"}],"videos":[{"type":"video","kind":"iframe","url":"https:\/\/www.youtube.com\/embed\/8_ch8USB5W0?feature=oembed","poster":""}],"links":[]},{"id":"shortcode-caption-69f13f4841d94","type":"shortcode","shortcode":"caption","attributes":{"id":"attachment_228636","align":"alignnone","width":""},"title":"Caption","rendered":"","data":[],"text":"","url":"","background_image":"","images":[],"videos":[],"links":[],"blocks":[]}]},"excerpt":{"rendered":"Villarreal TV ha preparat el tercer cap\u00edtol del serial que fa un seguiment a les obres en l&#8217;estadi groguet","protected":false},"author":25,"featured_media":228636,"comment_status":"","ping_status":"","sticky":false,"template":"","format":"standard","meta":{"_acf_changed":false,"footnotes":""},"categories":[4854],"tags":[15038,15039,13554,13555,15042,13556,5148,13557],"acf":null,"lang":"val","translations":{"val":228639},"essential_grid":{"has_grid":false},"formatted_date":"October 20, 2022","modified_date":"October 20, 2022","permalink":"https:\/\/villarrealcf.es\/val\/segueix-la-transformacio-de-l-estadi-de-la-ceramica\/","reading_time":1,"featured_media_data":{"id":228636,"title":"||||","caption":"||||","alt_text":"||||","description":"","mime_type":"image\/jpeg","source_url":"https:\/\/villarrealcf.es\/wp-content\/uploads\/2022\/10\/e80418f4b63440404a0bee8940c75536.jpg","sizes":{"thumbnail":{"url":"https:\/\/villarrealcf.es\/wp-content\/uploads\/2022\/10\/e80418f4b63440404a0bee8940c75536-150x150.jpg","width":150,"height":150},"medium":{"url":"https:\/\/villarrealcf.es\/wp-content\/uploads\/2022\/10\/e80418f4b63440404a0bee8940c75536-300x169.jpg","width":300,"height":169},"medium_large":{"url":"https:\/\/villarrealcf.es\/wp-content\/uploads\/2022\/10\/e80418f4b63440404a0bee8940c75536-768x432.jpg","width":768,"height":432},"large":{"url":"https:\/\/villarrealcf.es\/wp-content\/uploads\/2022\/10\/e80418f4b63440404a0bee8940c75536-1024x576.jpg","width":788,"height":443},"1536x1536":{"url":"https:\/\/villarrealcf.es\/wp-content\/uploads\/2022\/10\/e80418f4b63440404a0bee8940c75536.jpg","width":1170,"height":658},"2048x2048":{"url":"https:\/\/villarrealcf.es\/wp-content\/uploads\/2022\/10\/e80418f4b63440404a0bee8940c75536.jpg","width":1170,"height":658},"tp-image-grid":{"url":"https:\/\/villarrealcf.es\/wp-content\/uploads\/2022\/10\/e80418f4b63440404a0bee8940c75536-700x658.jpg","width":700,"height":658},"size-bunyad-medium":{"url":"https:\/\/villarrealcf.es\/wp-content\/uploads\/2022\/10\/e80418f4b63440404a0bee8940c75536.jpg","width":1170,"height":658},"sportspress-crop-medium":{"url":"https:\/\/villarrealcf.es\/wp-content\/uploads\/2022\/10\/e80418f4b63440404a0bee8940c75536-300x300.jpg","width":300,"height":300},"sportspress-fit-medium":{"url":"https:\/\/villarrealcf.es\/wp-content\/uploads\/2022\/10\/e80418f4b63440404a0bee8940c75536-300x169.jpg","width":300,"height":169},"sportspress-fit-icon":{"url":"https:\/\/villarrealcf.es\/wp-content\/uploads\/2022\/10\/e80418f4b63440404a0bee8940c75536-128x72.jpg","width":128,"height":72},"sportspress-fit-mini":{"url":"https:\/\/villarrealcf.es\/wp-content\/uploads\/2022\/10\/e80418f4b63440404a0bee8940c75536-32x18.jpg","width":32,"height":18},"bunyad-small":{"url":"https:\/\/villarrealcf.es\/wp-content\/uploads\/2022\/10\/e80418f4b63440404a0bee8940c75536-150x84.jpg","width":150,"height":84},"bunyad-medium":{"url":"https:\/\/villarrealcf.es\/wp-content\/uploads\/2022\/10\/e80418f4b63440404a0bee8940c75536-450x253.jpg","width":450,"height":253},"bunyad-full":{"url":"https:\/\/villarrealcf.es\/wp-content\/uploads\/2022\/10\/e80418f4b63440404a0bee8940c75536.jpg","width":1170,"height":658},"bunyad-viewport":{"url":"https:\/\/villarrealcf.es\/wp-content\/uploads\/2022\/10\/e80418f4b63440404a0bee8940c75536.jpg","width":1170,"height":658},"bunyad-768":{"url":"https:\/\/villarrealcf.es\/wp-content\/uploads\/2022\/10\/e80418f4b63440404a0bee8940c75536-768x432.jpg","width":768,"height":432},"full":{"url":"https:\/\/villarrealcf.es\/wp-content\/uploads\/2022\/10\/e80418f4b63440404a0bee8940c75536.jpg","width":1170,"height":658}}},"author_data":{"id":"25","name":"Javier Ayuso","first_name":"Javier","last_name":"Ayuso","description":"","avatar_url":"https:\/\/secure.gravatar.com\/avatar\/fcf8894be45988fcce5bbff0efe1790d2a7f4ba57e2c7c898f5068154e696495?s=96&d=mm&r=g","acf":null},"taxonomies_data":{"category":[{"id":4854,"name":"Noticies Generals","slug":"noticies-generals","acf":null}],"post_tag":[{"id":15038,"name":"#Football","slug":"football-val-2","acf":null},{"id":15039,"name":"#Soccer","slug":"soccer-val-2","acf":null},{"id":13554,"name":"Estadio de la Cer\u00e1mica","slug":"estadio-de-la-ceramica-val-3","acf":null},{"id":13555,"name":"Futbol","slug":"futbol-val-2","acf":null},{"id":15042,"name":"Submarino","slug":"submarino-val-2","acf":null},{"id":13556,"name":"Submarino Amarillo","slug":"submarino-amarillo-val-2","acf":null},{"id":5148,"name":"V\u00eddeo","slug":"video","acf":null},{"id":13557,"name":"Villarreal CF","slug":"villarreal-cf-val-2","acf":null}],"translation_priority":[{"id":735,"name":"Optional","slug":"optional-val","acf":null}]},"seo_full":{"native":{"title":"Segueix la transformaci\u00f3 de l&#8217;Estadi de la Cer\u00e0mica - Web Oficial del Villarreal CF","description":"[caption id=\"attachment_228636\" align=\"alignnone\" width=\"\"]||||[\/caption]Villarreal TV ha preparat el tercer cap\u00edtol del serial que fa un seguiment a les obres en&hellip;","canonical":"https:\/\/villarrealcf.es\/val\/segueix-la-transformacio-de-l-estadi-de-la-ceramica\/"}},"_links":{"self":[{"href":"https:\/\/villarrealcf.es\/val\/wp-json\/wp\/v2\/posts\/228639","targetHints":{"allow":["GET"]}}],"collection":[{"href":"https:\/\/villarrealcf.es\/val\/wp-json\/wp\/v2\/posts"}],"about":[{"href":"https:\/\/villarrealcf.es\/val\/wp-json\/wp\/v2\/types\/post"}],"author":[{"embeddable":true,"href":"https:\/\/villarrealcf.es\/val\/wp-json\/wp\/v2\/users\/25"}],"replies":[{"embeddable":true,"href":"https:\/\/villarrealcf.es\/val\/wp-json\/wp\/v2\/comments?post=228639"}],"version-history":[{"count":0,"href":"https:\/\/villarrealcf.es\/val\/wp-json\/wp\/v2\/posts\/228639\/revisions"}],"wp:featuredmedia":[{"embeddable":true,"href":"https:\/\/villarrealcf.es\/val\/wp-json\/wp\/v2\/media\/228636"}],"wp:attachment":[{"href":"https:\/\/villarrealcf.es\/val\/wp-json\/wp\/v2\/media?parent=228639"}],"wp:term":[{"taxonomy":"category","embeddable":true,"href":"https:\/\/villarrealcf.es\/val\/wp-json\/wp\/v2\/categories?post=228639"},{"taxonomy":"post_tag","embeddable":true,"href":"https:\/\/villarrealcf.es\/val\/wp-json\/wp\/v2\/tags?post=228639"}],"curies":[{"name":"wp","href":"https:\/\/api.w.org\/{rel}","templated":true}]}}