{"id":225148,"date":"2022-10-05T11:28:42","date_gmt":"2022-10-05T09:28:42","guid":{"rendered":"https:\/\/villarrealcf.es\/\/exit-total-en-la-jornada-de-donacio-de-sang\/"},"modified":"2022-10-05T11:28:42","modified_gmt":"2022-10-05T09:28:42","slug":"exit-total-en-la-jornada-de-donacio-de-sang","status":"publish","type":"post","link":"https:\/\/villarrealcf.es\/val\/exit-total-en-la-jornada-de-donacio-de-sang\/","title":{"rendered":"\u00c8xit total en la Jornada de Donaci\u00f3 de Sang"},"content":{"protected":false,"blocks":[{"type":"image","url":"https:\/\/villarrealcf.es\/\/wp-content\/uploads\/2022\/10\/e5b49a3ecb472d61b347c6a6babc0915.jpg","alt":"||||","width":1631,"height":917,"srcset":"https:\/\/villarrealcf.es\/wp-content\/uploads\/2022\/10\/e5b49a3ecb472d61b347c6a6babc0915.jpg 1631w, https:\/\/villarrealcf.es\/\/wp-content\/uploads\/2022\/10\/e5b49a3ecb472d61b347c6a6babc0915.jpg 1920w, https:\/\/villarrealcf.es\/wp-content\/uploads\/2022\/10\/e5b49a3ecb472d61b347c6a6babc0915-1024x576.jpg 1024w, https:\/\/villarrealcf.es\/\/wp-content\/uploads\/2022\/10\/e5b49a3ecb472d61b347c6a6babc0915.jpg 1920w, https:\/\/villarrealcf.es\/wp-content\/uploads\/2022\/10\/e5b49a3ecb472d61b347c6a6babc0915-1536x864.jpg 1536w, https:\/\/villarrealcf.es\/\/wp-content\/uploads\/2022\/10\/e5b49a3ecb472d61b347c6a6babc0915.jpg 1920w, https:\/\/villarrealcf.es\/wp-content\/uploads\/2022\/10\/e5b49a3ecb472d61b347c6a6babc0915-32x18.jpg 32w, https:\/\/villarrealcf.es\/wp-content\/uploads\/2022\/10\/e5b49a3ecb472d61b347c6a6babc0915-150x84.jpg 150w, https:\/\/villarrealcf.es\/\/wp-content\/uploads\/2022\/10\/e5b49a3ecb472d61b347c6a6babc0915.jpg 1920w, https:\/\/villarrealcf.es\/wp-content\/uploads\/2022\/10\/e5b49a3ecb472d61b347c6a6babc0915-1200x675.jpg 1200w","sizes":"auto, (max-width: 1631px) 100vw, 1631px"},{"type":"paragraph","text":"Els aficionats groguets han tornat a demostrar la seua solidaritat en una nova Jornada de Donaci\u00f3 de Sang"},{"type":"paragraph","text":"Els seguidors grocs han tornat a respondre a la crida de la solidaritat i han assistit aquest dimecres al Pavell\u00f3 Municipal Bancaixa de Vila-real \u2014i no en l\u2019Estadi de la Cer\u00e0mica com en edicions anteriors a causa de les obres\u2014 per a donar sang, gr\u00e0cies a nova campanya de donaci\u00f3 impulsada pel club groc i el Centre de Transfusi\u00f3 de la Comunitat Valenciana (CTCV)."},{"type":"paragraph","text":"L\u2019exjugador i actual membre del departament de Relacions Institucionals del Villarreal CF, Marcos Senna, el cap de servei d\u2019Hemodonaci\u00f3 del CTCV, Roberto Roig, i el regidor d\u2019esports de l\u2019Ajuntament de Vila-real, Javier Serralvo, han acudit al pavell\u00f3 per a agrair als aficionats del Submar\u00ed la seua solid\u00e0ria aportaci\u00f3. A m\u00e9s, el club groc ha regalat a cada donant dues entrades per al partit entre el Villarreal CF i el FK Austria Wien de la UEFA Conference League. El Centre de Transfusi\u00f3 de la Comunitat Valenciana i el Villarreal CF venen col\u00b7laborant des de la temporada 2001\/02 en aquesta iniciativa emmarcada dins del projecte Endavant Solidaritat. Despr\u00e9s de m\u00e9s de 19 anys de cooperaci\u00f3 entre totes dues entitats, s\u2019han registrat m\u00e9s de 9.000 donacions en l\u2019Estadi de la Cer\u00e0mica a les quals se sumen les del present any en el Pavell\u00f3 Municipal Bancaixa de Vila-real."},{"type":"video","kind":"iframe","url":"https:\/\/www.youtube.com\/embed\/hyT09EQquuw?feature=oembed","poster":""}],"structured":{"summary":{"text":"Els aficionats groguets han tornat a demostrar la seua solidaritat en una nova Jornada de Donaci\u00f3 de Sang Els seguidors grocs han tornat a respondre a la crida de la solidaritat i han assistit aquest dimecres al Pavell\u00f3 Municipal Bancaixa de Vila-real \u2014i no en l\u2019Estadi de la Cer\u00e0mica com en edicions anteriors a causa de les obres\u2014 per a donar sang, gr\u00e0cies a nova campanya de donaci\u00f3 impulsada pel club groc i el Centre de Transfusi\u00f3 de la Comunitat Valenciana (CTCV). L\u2019exjugador i actual membre del departament de Relacions Institucionals del Villarreal CF, Marcos Senna, el cap de servei d\u2019Hemodonaci\u00f3 del CTCV, Roberto Roig, i el regidor d\u2019esports de l\u2019Ajuntament de Vila-real, Javier Serralvo, han acudit al pavell\u00f3 per a agrair als aficionats del Submar\u00ed la seua solid\u00e0ria aportaci\u00f3. A m\u00e9s, el club groc ha regalat a cada donant dues entrades per al partit entre el Villarreal CF i el FK Austria Wien de la UEFA Conference League. El Centre de Transfusi\u00f3 de la Comunitat Valenciana i el Villarreal CF venen col\u00b7laborant des de la temporada 2001\/02 en aquesta iniciativa emmarcada dins del projecte Endavant Solidaritat. Despr\u00e9s de m\u00e9s de 19 anys de cooperaci\u00f3 entre totes dues entitats, s\u2019han registrat m\u00e9s de 9.000 donacions en l\u2019Estadi de la Cer\u00e0mica a les quals se sumen les del present any en el Pavell\u00f3 Municipal Bancaixa de Vila-real.","headings":[],"buttons":[],"images":[{"type":"image","url":"https:\/\/villarrealcf.es\/\/wp-content\/uploads\/2022\/10\/e5b49a3ecb472d61b347c6a6babc0915.jpg","alt":"||||","width":1631,"height":917,"srcset":"https:\/\/villarrealcf.es\/wp-content\/uploads\/2022\/10\/e5b49a3ecb472d61b347c6a6babc0915.jpg 1631w, https:\/\/villarrealcf.es\/\/wp-content\/uploads\/2022\/10\/e5b49a3ecb472d61b347c6a6babc0915.jpg 1920w, https:\/\/villarrealcf.es\/wp-content\/uploads\/2022\/10\/e5b49a3ecb472d61b347c6a6babc0915-1024x576.jpg 1024w, https:\/\/villarrealcf.es\/\/wp-content\/uploads\/2022\/10\/e5b49a3ecb472d61b347c6a6babc0915.jpg 1920w, https:\/\/villarrealcf.es\/wp-content\/uploads\/2022\/10\/e5b49a3ecb472d61b347c6a6babc0915-1536x864.jpg 1536w, https:\/\/villarrealcf.es\/\/wp-content\/uploads\/2022\/10\/e5b49a3ecb472d61b347c6a6babc0915.jpg 1920w, https:\/\/villarrealcf.es\/wp-content\/uploads\/2022\/10\/e5b49a3ecb472d61b347c6a6babc0915-32x18.jpg 32w, https:\/\/villarrealcf.es\/wp-content\/uploads\/2022\/10\/e5b49a3ecb472d61b347c6a6babc0915-150x84.jpg 150w, https:\/\/villarrealcf.es\/\/wp-content\/uploads\/2022\/10\/e5b49a3ecb472d61b347c6a6babc0915.jpg 1920w, https:\/\/villarrealcf.es\/wp-content\/uploads\/2022\/10\/e5b49a3ecb472d61b347c6a6babc0915-1200x675.jpg 1200w","sizes":"auto, (max-width: 1631px) 100vw, 1631px"}],"counts":{"blocks":5,"headings":0,"texts":3,"buttons":0,"images":1}},"sections":[{"id":"section-1","title":"","text":"Els aficionats groguets han tornat a demostrar la seua solidaritat en una nova Jornada de Donaci\u00f3 de Sang Els seguidors grocs han tornat a respondre a la crida de la solidaritat i han assistit aquest dimecres al Pavell\u00f3 Municipal Bancaixa de Vila-real \u2014i no en l\u2019Estadi de la Cer\u00e0mica com en edicions anteriors a causa de les obres\u2014 per a donar sang, gr\u00e0cies a nova campanya de donaci\u00f3 impulsada pel club groc i el Centre de Transfusi\u00f3 de la Comunitat Valenciana (CTCV). L\u2019exjugador i actual membre del departament de Relacions Institucionals del Villarreal CF, Marcos Senna, el cap de servei d\u2019Hemodonaci\u00f3 del CTCV, Roberto Roig, i el regidor d\u2019esports de l\u2019Ajuntament de Vila-real, Javier Serralvo, han acudit al pavell\u00f3 per a agrair als aficionats del Submar\u00ed la seua solid\u00e0ria aportaci\u00f3. A m\u00e9s, el club groc ha regalat a cada donant dues entrades per al partit entre el Villarreal CF i el FK Austria Wien de la UEFA Conference League. El Centre de Transfusi\u00f3 de la Comunitat Valenciana i el Villarreal CF venen col\u00b7laborant des de la temporada 2001\/02 en aquesta iniciativa emmarcada dins del projecte Endavant Solidaritat. Despr\u00e9s de m\u00e9s de 19 anys de cooperaci\u00f3 entre totes dues entitats, s\u2019han registrat m\u00e9s de 9.000 donacions en l\u2019Estadi de la Cer\u00e0mica a les quals se sumen les del present any en el Pavell\u00f3 Municipal Bancaixa de Vila-real.","headings":[],"texts":[{"type":"paragraph","text":"Els aficionats groguets han tornat a demostrar la seua solidaritat en una nova Jornada de Donaci\u00f3 de Sang"},{"type":"paragraph","text":"Els seguidors grocs han tornat a respondre a la crida de la solidaritat i han assistit aquest dimecres al Pavell\u00f3 Municipal Bancaixa de Vila-real \u2014i no en l\u2019Estadi de la Cer\u00e0mica com en edicions anteriors a causa de les obres\u2014 per a donar sang, gr\u00e0cies a nova campanya de donaci\u00f3 impulsada pel club groc i el Centre de Transfusi\u00f3 de la Comunitat Valenciana (CTCV)."},{"type":"paragraph","text":"L\u2019exjugador i actual membre del departament de Relacions Institucionals del Villarreal CF, Marcos Senna, el cap de servei d\u2019Hemodonaci\u00f3 del CTCV, Roberto Roig, i el regidor d\u2019esports de l\u2019Ajuntament de Vila-real, Javier Serralvo, han acudit al pavell\u00f3 per a agrair als aficionats del Submar\u00ed la seua solid\u00e0ria aportaci\u00f3. A m\u00e9s, el club groc ha regalat a cada donant dues entrades per al partit entre el Villarreal CF i el FK Austria Wien de la UEFA Conference League. El Centre de Transfusi\u00f3 de la Comunitat Valenciana i el Villarreal CF venen col\u00b7laborant des de la temporada 2001\/02 en aquesta iniciativa emmarcada dins del projecte Endavant Solidaritat. Despr\u00e9s de m\u00e9s de 19 anys de cooperaci\u00f3 entre totes dues entitats, s\u2019han registrat m\u00e9s de 9.000 donacions en l\u2019Estadi de la Cer\u00e0mica a les quals se sumen les del present any en el Pavell\u00f3 Municipal Bancaixa de Vila-real."}],"buttons":[],"images":[{"type":"image","url":"https:\/\/villarrealcf.es\/\/wp-content\/uploads\/2022\/10\/e5b49a3ecb472d61b347c6a6babc0915.jpg","alt":"||||","width":1631,"height":917,"srcset":"https:\/\/villarrealcf.es\/wp-content\/uploads\/2022\/10\/e5b49a3ecb472d61b347c6a6babc0915.jpg 1631w, https:\/\/villarrealcf.es\/\/wp-content\/uploads\/2022\/10\/e5b49a3ecb472d61b347c6a6babc0915.jpg 1920w, https:\/\/villarrealcf.es\/wp-content\/uploads\/2022\/10\/e5b49a3ecb472d61b347c6a6babc0915-1024x576.jpg 1024w, https:\/\/villarrealcf.es\/\/wp-content\/uploads\/2022\/10\/e5b49a3ecb472d61b347c6a6babc0915.jpg 1920w, https:\/\/villarrealcf.es\/wp-content\/uploads\/2022\/10\/e5b49a3ecb472d61b347c6a6babc0915-1536x864.jpg 1536w, https:\/\/villarrealcf.es\/\/wp-content\/uploads\/2022\/10\/e5b49a3ecb472d61b347c6a6babc0915.jpg 1920w, https:\/\/villarrealcf.es\/wp-content\/uploads\/2022\/10\/e5b49a3ecb472d61b347c6a6babc0915-32x18.jpg 32w, https:\/\/villarrealcf.es\/wp-content\/uploads\/2022\/10\/e5b49a3ecb472d61b347c6a6babc0915-150x84.jpg 150w, https:\/\/villarrealcf.es\/\/wp-content\/uploads\/2022\/10\/e5b49a3ecb472d61b347c6a6babc0915.jpg 1920w, https:\/\/villarrealcf.es\/wp-content\/uploads\/2022\/10\/e5b49a3ecb472d61b347c6a6babc0915-1200x675.jpg 1200w","sizes":"auto, (max-width: 1631px) 100vw, 1631px"}],"widgets":[],"blocks":[{"type":"image","url":"https:\/\/villarrealcf.es\/\/wp-content\/uploads\/2022\/10\/e5b49a3ecb472d61b347c6a6babc0915.jpg","alt":"||||","width":1631,"height":917,"srcset":"https:\/\/villarrealcf.es\/wp-content\/uploads\/2022\/10\/e5b49a3ecb472d61b347c6a6babc0915.jpg 1631w, https:\/\/villarrealcf.es\/\/wp-content\/uploads\/2022\/10\/e5b49a3ecb472d61b347c6a6babc0915.jpg 1920w, https:\/\/villarrealcf.es\/wp-content\/uploads\/2022\/10\/e5b49a3ecb472d61b347c6a6babc0915-1024x576.jpg 1024w, https:\/\/villarrealcf.es\/\/wp-content\/uploads\/2022\/10\/e5b49a3ecb472d61b347c6a6babc0915.jpg 1920w, https:\/\/villarrealcf.es\/wp-content\/uploads\/2022\/10\/e5b49a3ecb472d61b347c6a6babc0915-1536x864.jpg 1536w, https:\/\/villarrealcf.es\/\/wp-content\/uploads\/2022\/10\/e5b49a3ecb472d61b347c6a6babc0915.jpg 1920w, https:\/\/villarrealcf.es\/wp-content\/uploads\/2022\/10\/e5b49a3ecb472d61b347c6a6babc0915-32x18.jpg 32w, https:\/\/villarrealcf.es\/wp-content\/uploads\/2022\/10\/e5b49a3ecb472d61b347c6a6babc0915-150x84.jpg 150w, https:\/\/villarrealcf.es\/\/wp-content\/uploads\/2022\/10\/e5b49a3ecb472d61b347c6a6babc0915.jpg 1920w, https:\/\/villarrealcf.es\/wp-content\/uploads\/2022\/10\/e5b49a3ecb472d61b347c6a6babc0915-1200x675.jpg 1200w","sizes":"auto, (max-width: 1631px) 100vw, 1631px"},{"type":"paragraph","text":"Els aficionats groguets han tornat a demostrar la seua solidaritat en una nova Jornada de Donaci\u00f3 de Sang"},{"type":"paragraph","text":"Els seguidors grocs han tornat a respondre a la crida de la solidaritat i han assistit aquest dimecres al Pavell\u00f3 Municipal Bancaixa de Vila-real \u2014i no en l\u2019Estadi de la Cer\u00e0mica com en edicions anteriors a causa de les obres\u2014 per a donar sang, gr\u00e0cies a nova campanya de donaci\u00f3 impulsada pel club groc i el Centre de Transfusi\u00f3 de la Comunitat Valenciana (CTCV)."},{"type":"paragraph","text":"L\u2019exjugador i actual membre del departament de Relacions Institucionals del Villarreal CF, Marcos Senna, el cap de servei d\u2019Hemodonaci\u00f3 del CTCV, Roberto Roig, i el regidor d\u2019esports de l\u2019Ajuntament de Vila-real, Javier Serralvo, han acudit al pavell\u00f3 per a agrair als aficionats del Submar\u00ed la seua solid\u00e0ria aportaci\u00f3. A m\u00e9s, el club groc ha regalat a cada donant dues entrades per al partit entre el Villarreal CF i el FK Austria Wien de la UEFA Conference League. El Centre de Transfusi\u00f3 de la Comunitat Valenciana i el Villarreal CF venen col\u00b7laborant des de la temporada 2001\/02 en aquesta iniciativa emmarcada dins del projecte Endavant Solidaritat. Despr\u00e9s de m\u00e9s de 19 anys de cooperaci\u00f3 entre totes dues entitats, s\u2019han registrat m\u00e9s de 9.000 donacions en l\u2019Estadi de la Cer\u00e0mica a les quals se sumen les del present any en el Pavell\u00f3 Municipal Bancaixa de Vila-real."},{"type":"video","kind":"iframe","url":"https:\/\/www.youtube.com\/embed\/hyT09EQquuw?feature=oembed","poster":""}]}],"hero":{"id":"section-1","title":"","text":"Els aficionats groguets han tornat a demostrar la seua solidaritat en una nova Jornada de Donaci\u00f3 de Sang Els seguidors grocs han tornat a respondre a la crida de la solidaritat i han assistit aquest dimecres al Pavell\u00f3 Municipal Bancaixa de Vila-real \u2014i no en l\u2019Estadi de la Cer\u00e0mica com en edicions anteriors a causa de les obres\u2014 per a donar sang, gr\u00e0cies a nova campanya de donaci\u00f3 impulsada pel club groc i el Centre de Transfusi\u00f3 de la Comunitat Valenciana (CTCV). L\u2019exjugador i actual membre del departament de Relacions Institucionals del Villarreal CF, Marcos Senna, el cap de servei d\u2019Hemodonaci\u00f3 del CTCV, Roberto Roig, i el regidor d\u2019esports de l\u2019Ajuntament de Vila-real, Javier Serralvo, han acudit al pavell\u00f3 per a agrair als aficionats del Submar\u00ed la seua solid\u00e0ria aportaci\u00f3. A m\u00e9s, el club groc ha regalat a cada donant dues entrades per al partit entre el Villarreal CF i el FK Austria Wien de la UEFA Conference League. El Centre de Transfusi\u00f3 de la Comunitat Valenciana i el Villarreal CF venen col\u00b7laborant des de la temporada 2001\/02 en aquesta iniciativa emmarcada dins del projecte Endavant Solidaritat. Despr\u00e9s de m\u00e9s de 19 anys de cooperaci\u00f3 entre totes dues entitats, s\u2019han registrat m\u00e9s de 9.000 donacions en l\u2019Estadi de la Cer\u00e0mica a les quals se sumen les del present any en el Pavell\u00f3 Municipal Bancaixa de Vila-real.","headings":[],"texts":[{"type":"paragraph","text":"Els aficionats groguets han tornat a demostrar la seua solidaritat en una nova Jornada de Donaci\u00f3 de Sang"},{"type":"paragraph","text":"Els seguidors grocs han tornat a respondre a la crida de la solidaritat i han assistit aquest dimecres al Pavell\u00f3 Municipal Bancaixa de Vila-real \u2014i no en l\u2019Estadi de la Cer\u00e0mica com en edicions anteriors a causa de les obres\u2014 per a donar sang, gr\u00e0cies a nova campanya de donaci\u00f3 impulsada pel club groc i el Centre de Transfusi\u00f3 de la Comunitat Valenciana (CTCV)."},{"type":"paragraph","text":"L\u2019exjugador i actual membre del departament de Relacions Institucionals del Villarreal CF, Marcos Senna, el cap de servei d\u2019Hemodonaci\u00f3 del CTCV, Roberto Roig, i el regidor d\u2019esports de l\u2019Ajuntament de Vila-real, Javier Serralvo, han acudit al pavell\u00f3 per a agrair als aficionats del Submar\u00ed la seua solid\u00e0ria aportaci\u00f3. A m\u00e9s, el club groc ha regalat a cada donant dues entrades per al partit entre el Villarreal CF i el FK Austria Wien de la UEFA Conference League. El Centre de Transfusi\u00f3 de la Comunitat Valenciana i el Villarreal CF venen col\u00b7laborant des de la temporada 2001\/02 en aquesta iniciativa emmarcada dins del projecte Endavant Solidaritat. Despr\u00e9s de m\u00e9s de 19 anys de cooperaci\u00f3 entre totes dues entitats, s\u2019han registrat m\u00e9s de 9.000 donacions en l\u2019Estadi de la Cer\u00e0mica a les quals se sumen les del present any en el Pavell\u00f3 Municipal Bancaixa de Vila-real."}],"buttons":[],"images":[{"type":"image","url":"https:\/\/villarrealcf.es\/\/wp-content\/uploads\/2022\/10\/e5b49a3ecb472d61b347c6a6babc0915.jpg","alt":"||||","width":1631,"height":917,"srcset":"https:\/\/villarrealcf.es\/wp-content\/uploads\/2022\/10\/e5b49a3ecb472d61b347c6a6babc0915.jpg 1631w, https:\/\/villarrealcf.es\/\/wp-content\/uploads\/2022\/10\/e5b49a3ecb472d61b347c6a6babc0915.jpg 1920w, https:\/\/villarrealcf.es\/wp-content\/uploads\/2022\/10\/e5b49a3ecb472d61b347c6a6babc0915-1024x576.jpg 1024w, https:\/\/villarrealcf.es\/\/wp-content\/uploads\/2022\/10\/e5b49a3ecb472d61b347c6a6babc0915.jpg 1920w, https:\/\/villarrealcf.es\/wp-content\/uploads\/2022\/10\/e5b49a3ecb472d61b347c6a6babc0915-1536x864.jpg 1536w, https:\/\/villarrealcf.es\/\/wp-content\/uploads\/2022\/10\/e5b49a3ecb472d61b347c6a6babc0915.jpg 1920w, https:\/\/villarrealcf.es\/wp-content\/uploads\/2022\/10\/e5b49a3ecb472d61b347c6a6babc0915-32x18.jpg 32w, https:\/\/villarrealcf.es\/wp-content\/uploads\/2022\/10\/e5b49a3ecb472d61b347c6a6babc0915-150x84.jpg 150w, https:\/\/villarrealcf.es\/\/wp-content\/uploads\/2022\/10\/e5b49a3ecb472d61b347c6a6babc0915.jpg 1920w, https:\/\/villarrealcf.es\/wp-content\/uploads\/2022\/10\/e5b49a3ecb472d61b347c6a6babc0915-1200x675.jpg 1200w","sizes":"auto, (max-width: 1631px) 100vw, 1631px"}],"widgets":[],"blocks":[{"type":"image","url":"https:\/\/villarrealcf.es\/\/wp-content\/uploads\/2022\/10\/e5b49a3ecb472d61b347c6a6babc0915.jpg","alt":"||||","width":1631,"height":917,"srcset":"https:\/\/villarrealcf.es\/wp-content\/uploads\/2022\/10\/e5b49a3ecb472d61b347c6a6babc0915.jpg 1631w, https:\/\/villarrealcf.es\/\/wp-content\/uploads\/2022\/10\/e5b49a3ecb472d61b347c6a6babc0915.jpg 1920w, https:\/\/villarrealcf.es\/wp-content\/uploads\/2022\/10\/e5b49a3ecb472d61b347c6a6babc0915-1024x576.jpg 1024w, https:\/\/villarrealcf.es\/\/wp-content\/uploads\/2022\/10\/e5b49a3ecb472d61b347c6a6babc0915.jpg 1920w, https:\/\/villarrealcf.es\/wp-content\/uploads\/2022\/10\/e5b49a3ecb472d61b347c6a6babc0915-1536x864.jpg 1536w, https:\/\/villarrealcf.es\/\/wp-content\/uploads\/2022\/10\/e5b49a3ecb472d61b347c6a6babc0915.jpg 1920w, https:\/\/villarrealcf.es\/wp-content\/uploads\/2022\/10\/e5b49a3ecb472d61b347c6a6babc0915-32x18.jpg 32w, https:\/\/villarrealcf.es\/wp-content\/uploads\/2022\/10\/e5b49a3ecb472d61b347c6a6babc0915-150x84.jpg 150w, https:\/\/villarrealcf.es\/\/wp-content\/uploads\/2022\/10\/e5b49a3ecb472d61b347c6a6babc0915.jpg 1920w, https:\/\/villarrealcf.es\/wp-content\/uploads\/2022\/10\/e5b49a3ecb472d61b347c6a6babc0915-1200x675.jpg 1200w","sizes":"auto, (max-width: 1631px) 100vw, 1631px"},{"type":"paragraph","text":"Els aficionats groguets han tornat a demostrar la seua solidaritat en una nova Jornada de Donaci\u00f3 de Sang"},{"type":"paragraph","text":"Els seguidors grocs han tornat a respondre a la crida de la solidaritat i han assistit aquest dimecres al Pavell\u00f3 Municipal Bancaixa de Vila-real \u2014i no en l\u2019Estadi de la Cer\u00e0mica com en edicions anteriors a causa de les obres\u2014 per a donar sang, gr\u00e0cies a nova campanya de donaci\u00f3 impulsada pel club groc i el Centre de Transfusi\u00f3 de la Comunitat Valenciana (CTCV)."},{"type":"paragraph","text":"L\u2019exjugador i actual membre del departament de Relacions Institucionals del Villarreal CF, Marcos Senna, el cap de servei d\u2019Hemodonaci\u00f3 del CTCV, Roberto Roig, i el regidor d\u2019esports de l\u2019Ajuntament de Vila-real, Javier Serralvo, han acudit al pavell\u00f3 per a agrair als aficionats del Submar\u00ed la seua solid\u00e0ria aportaci\u00f3. A m\u00e9s, el club groc ha regalat a cada donant dues entrades per al partit entre el Villarreal CF i el FK Austria Wien de la UEFA Conference League. El Centre de Transfusi\u00f3 de la Comunitat Valenciana i el Villarreal CF venen col\u00b7laborant des de la temporada 2001\/02 en aquesta iniciativa emmarcada dins del projecte Endavant Solidaritat. Despr\u00e9s de m\u00e9s de 19 anys de cooperaci\u00f3 entre totes dues entitats, s\u2019han registrat m\u00e9s de 9.000 donacions en l\u2019Estadi de la Cer\u00e0mica a les quals se sumen les del present any en el Pavell\u00f3 Municipal Bancaixa de Vila-real."},{"type":"video","kind":"iframe","url":"https:\/\/www.youtube.com\/embed\/hyT09EQquuw?feature=oembed","poster":""}]}},"sections":[{"id":"section-1","title":"","text":"Els aficionats groguets han tornat a demostrar la seua solidaritat en una nova Jornada de Donaci\u00f3 de Sang Els seguidors grocs han tornat a respondre a la crida de la solidaritat i han assistit aquest dimecres al Pavell\u00f3 Municipal Bancaixa de Vila-real \u2014i no en l\u2019Estadi de la Cer\u00e0mica com en edicions anteriors a causa de les obres\u2014 per a donar sang, gr\u00e0cies a nova campanya de donaci\u00f3 impulsada pel club groc i el Centre de Transfusi\u00f3 de la Comunitat Valenciana (CTCV). L\u2019exjugador i actual membre del departament de Relacions Institucionals del Villarreal CF, Marcos Senna, el cap de servei d\u2019Hemodonaci\u00f3 del CTCV, Roberto Roig, i el regidor d\u2019esports de l\u2019Ajuntament de Vila-real, Javier Serralvo, han acudit al pavell\u00f3 per a agrair als aficionats del Submar\u00ed la seua solid\u00e0ria aportaci\u00f3. A m\u00e9s, el club groc ha regalat a cada donant dues entrades per al partit entre el Villarreal CF i el FK Austria Wien de la UEFA Conference League. El Centre de Transfusi\u00f3 de la Comunitat Valenciana i el Villarreal CF venen col\u00b7laborant des de la temporada 2001\/02 en aquesta iniciativa emmarcada dins del projecte Endavant Solidaritat. Despr\u00e9s de m\u00e9s de 19 anys de cooperaci\u00f3 entre totes dues entitats, s\u2019han registrat m\u00e9s de 9.000 donacions en l\u2019Estadi de la Cer\u00e0mica a les quals se sumen les del present any en el Pavell\u00f3 Municipal Bancaixa de Vila-real.","url":"","background_image":"","images":[{"type":"image","url":"https:\/\/villarrealcf.es\/\/wp-content\/uploads\/2022\/10\/e5b49a3ecb472d61b347c6a6babc0915.jpg","alt":"||||","width":1631,"height":917,"srcset":"https:\/\/villarrealcf.es\/wp-content\/uploads\/2022\/10\/e5b49a3ecb472d61b347c6a6babc0915.jpg 1631w, https:\/\/villarrealcf.es\/\/wp-content\/uploads\/2022\/10\/e5b49a3ecb472d61b347c6a6babc0915.jpg 1920w, https:\/\/villarrealcf.es\/wp-content\/uploads\/2022\/10\/e5b49a3ecb472d61b347c6a6babc0915-1024x576.jpg 1024w, https:\/\/villarrealcf.es\/\/wp-content\/uploads\/2022\/10\/e5b49a3ecb472d61b347c6a6babc0915.jpg 1920w, https:\/\/villarrealcf.es\/wp-content\/uploads\/2022\/10\/e5b49a3ecb472d61b347c6a6babc0915-1536x864.jpg 1536w, https:\/\/villarrealcf.es\/\/wp-content\/uploads\/2022\/10\/e5b49a3ecb472d61b347c6a6babc0915.jpg 1920w, https:\/\/villarrealcf.es\/wp-content\/uploads\/2022\/10\/e5b49a3ecb472d61b347c6a6babc0915-32x18.jpg 32w, https:\/\/villarrealcf.es\/wp-content\/uploads\/2022\/10\/e5b49a3ecb472d61b347c6a6babc0915-150x84.jpg 150w, https:\/\/villarrealcf.es\/\/wp-content\/uploads\/2022\/10\/e5b49a3ecb472d61b347c6a6babc0915.jpg 1920w, https:\/\/villarrealcf.es\/wp-content\/uploads\/2022\/10\/e5b49a3ecb472d61b347c6a6babc0915-1200x675.jpg 1200w","sizes":"auto, (max-width: 1631px) 100vw, 1631px"}],"videos":[{"type":"video","kind":"iframe","url":"https:\/\/www.youtube.com\/embed\/hyT09EQquuw?feature=oembed","poster":""}],"links":[]},{"id":"shortcode-caption-69eec4931e235","type":"shortcode","shortcode":"caption","attributes":{"id":"attachment_190030","align":"alignnone","width":""},"title":"Caption","rendered":"","data":[],"text":"","url":"","background_image":"","images":[],"videos":[],"links":[],"blocks":[]}]},"excerpt":{"rendered":"Els aficionats groguets han tornat a demostrar la seua solidaritat en una nova Jornada de Donaci\u00f3 de Sang","protected":false},"author":33,"featured_media":190030,"comment_status":"","ping_status":"","sticky":false,"template":"","format":"standard","meta":{"_acf_changed":false,"footnotes":""},"categories":[13509],"tags":[12554,9238,10451,10234,9270,13392,9874,9205,9627,9203],"acf":null,"lang":"val","translations":{"val":225148},"essential_grid":{"has_grid":false},"formatted_date":"October 5, 2022","modified_date":"October 5, 2022","permalink":"https:\/\/villarrealcf.es\/val\/exit-total-en-la-jornada-de-donacio-de-sang\/","reading_time":2,"featured_media_data":{"id":190030,"title":"||||","caption":"||||","alt_text":"","description":"","mime_type":"image\/jpeg","source_url":"https:\/\/villarrealcf.es\/wp-content\/uploads\/2022\/10\/e5b49a3ecb472d61b347c6a6babc0915.jpg","sizes":{"thumbnail":{"url":"https:\/\/villarrealcf.es\/wp-content\/uploads\/2022\/10\/e5b49a3ecb472d61b347c6a6babc0915-150x150.jpg","width":150,"height":150},"medium":{"url":"https:\/\/villarrealcf.es\/wp-content\/uploads\/2022\/10\/e5b49a3ecb472d61b347c6a6babc0915-300x169.jpg","width":300,"height":169},"medium_large":{"url":"https:\/\/villarrealcf.es\/wp-content\/uploads\/2022\/10\/e5b49a3ecb472d61b347c6a6babc0915-768x432.jpg","width":768,"height":432},"large":{"url":"https:\/\/villarrealcf.es\/wp-content\/uploads\/2022\/10\/e5b49a3ecb472d61b347c6a6babc0915-1024x576.jpg","width":788,"height":443},"1536x1536":{"url":"https:\/\/villarrealcf.es\/wp-content\/uploads\/2022\/10\/e5b49a3ecb472d61b347c6a6babc0915-1536x864.jpg","width":1536,"height":864},"2048x2048":{"url":"https:\/\/villarrealcf.es\/wp-content\/uploads\/2022\/10\/e5b49a3ecb472d61b347c6a6babc0915.jpg","width":1631,"height":917},"tp-image-grid":{"url":"https:\/\/villarrealcf.es\/wp-content\/uploads\/2022\/10\/e5b49a3ecb472d61b347c6a6babc0915-700x700.jpg","width":700,"height":700},"size-bunyad-medium":{"url":"https:\/\/villarrealcf.es\/wp-content\/uploads\/2022\/10\/e5b49a3ecb472d61b347c6a6babc0915.jpg","width":1631,"height":917},"sportspress-crop-medium":{"url":"https:\/\/villarrealcf.es\/wp-content\/uploads\/2022\/10\/e5b49a3ecb472d61b347c6a6babc0915-300x300.jpg","width":300,"height":300},"sportspress-fit-medium":{"url":"https:\/\/villarrealcf.es\/wp-content\/uploads\/2022\/10\/e5b49a3ecb472d61b347c6a6babc0915-300x169.jpg","width":300,"height":169},"sportspress-fit-icon":{"url":"https:\/\/villarrealcf.es\/wp-content\/uploads\/2022\/10\/e5b49a3ecb472d61b347c6a6babc0915-128x72.jpg","width":128,"height":72},"sportspress-fit-mini":{"url":"https:\/\/villarrealcf.es\/wp-content\/uploads\/2022\/10\/e5b49a3ecb472d61b347c6a6babc0915-32x18.jpg","width":32,"height":18},"bunyad-small":{"url":"https:\/\/villarrealcf.es\/wp-content\/uploads\/2022\/10\/e5b49a3ecb472d61b347c6a6babc0915-150x84.jpg","width":150,"height":84},"bunyad-medium":{"url":"https:\/\/villarrealcf.es\/wp-content\/uploads\/2022\/10\/e5b49a3ecb472d61b347c6a6babc0915-450x253.jpg","width":450,"height":253},"bunyad-full":{"url":"https:\/\/villarrealcf.es\/wp-content\/uploads\/2022\/10\/e5b49a3ecb472d61b347c6a6babc0915-1200x675.jpg","width":1200,"height":675},"bunyad-viewport":{"url":"https:\/\/villarrealcf.es\/wp-content\/uploads\/2022\/10\/e5b49a3ecb472d61b347c6a6babc0915.jpg","width":1631,"height":917},"bunyad-768":{"url":"https:\/\/villarrealcf.es\/wp-content\/uploads\/2022\/10\/e5b49a3ecb472d61b347c6a6babc0915-768x432.jpg","width":768,"height":432},"full":{"url":"https:\/\/villarrealcf.es\/wp-content\/uploads\/2022\/10\/e5b49a3ecb472d61b347c6a6babc0915.jpg","width":1631,"height":917}}},"author_data":{"id":"33","name":"Nacho Tejada","first_name":"Nacho","last_name":"Tejada","description":"","avatar_url":"https:\/\/secure.gravatar.com\/avatar\/b1580534b2fcd93e031504756165758941290488df5c88966a26f84344931fd1?s=96&d=mm&r=g","acf":null},"taxonomies_data":{"category":[{"id":13509,"name":"Endavant","slug":"endavant-val","acf":null}],"post_tag":[{"id":12554,"name":"#Football","slug":"football-val","acf":null},{"id":9238,"name":"Centro de Transfusiones de la Comunitat Valenciana","slug":"centro-de-transfusiones-de-la-comunitat-valenciana-val","acf":null},{"id":10451,"name":"CTCV","slug":"ctcv-val","acf":null},{"id":10234,"name":"Donaci\u00f3n","slug":"donacion-val","acf":null},{"id":9270,"name":"Futbol","slug":"futbol-val","acf":null},{"id":13392,"name":"Jornada Donaci\u00f3n de Sangre","slug":"jornada-donacion-de-sangre-val","acf":null},{"id":9874,"name":"Marcos Senna","slug":"marcos-senna-val","acf":null},{"id":9205,"name":"Submarino","slug":"submarino-val","acf":null},{"id":9627,"name":"Submarino Amarillo","slug":"submarino-amarillo-val","acf":null},{"id":9203,"name":"Villarreal CF","slug":"villarreal-cf-val","acf":null}],"translation_priority":[{"id":735,"name":"Optional","slug":"optional-val","acf":null}]},"seo_full":{"native":{"title":"\u00c8xit total en la Jornada de Donaci\u00f3 de Sang - Web Oficial del Villarreal CF","description":"[caption id=\"attachment_190030\" align=\"alignnone\" width=\"\"]||||[\/caption]Els aficionats groguets han tornat a demostrar la seua solidaritat en una nova Jornada de Donaci\u00f3 de&hellip;","canonical":"https:\/\/villarrealcf.es\/val\/exit-total-en-la-jornada-de-donacio-de-sang\/"}},"_links":{"self":[{"href":"https:\/\/villarrealcf.es\/val\/wp-json\/wp\/v2\/posts\/225148","targetHints":{"allow":["GET"]}}],"collection":[{"href":"https:\/\/villarrealcf.es\/val\/wp-json\/wp\/v2\/posts"}],"about":[{"href":"https:\/\/villarrealcf.es\/val\/wp-json\/wp\/v2\/types\/post"}],"author":[{"embeddable":true,"href":"https:\/\/villarrealcf.es\/val\/wp-json\/wp\/v2\/users\/33"}],"replies":[{"embeddable":true,"href":"https:\/\/villarrealcf.es\/val\/wp-json\/wp\/v2\/comments?post=225148"}],"version-history":[{"count":0,"href":"https:\/\/villarrealcf.es\/val\/wp-json\/wp\/v2\/posts\/225148\/revisions"}],"wp:featuredmedia":[{"embeddable":true,"href":"https:\/\/villarrealcf.es\/val\/wp-json\/wp\/v2\/media\/190030"}],"wp:attachment":[{"href":"https:\/\/villarrealcf.es\/val\/wp-json\/wp\/v2\/media?parent=225148"}],"wp:term":[{"taxonomy":"category","embeddable":true,"href":"https:\/\/villarrealcf.es\/val\/wp-json\/wp\/v2\/categories?post=225148"},{"taxonomy":"post_tag","embeddable":true,"href":"https:\/\/villarrealcf.es\/val\/wp-json\/wp\/v2\/tags?post=225148"}],"curies":[{"name":"wp","href":"https:\/\/api.w.org\/{rel}","templated":true}]}}