{"id":225034,"date":"2022-09-23T10:51:29","date_gmt":"2022-09-23T08:51:29","guid":{"rendered":"https:\/\/villarrealcf.es\/\/volem-competir-al-nivell-que-exigeix-la-categoria\/"},"modified":"2022-09-23T10:51:29","modified_gmt":"2022-09-23T08:51:29","slug":"volem-competir-al-nivell-que-exigeix-la-categoria","status":"publish","type":"post","link":"https:\/\/villarrealcf.es\/val\/volem-competir-al-nivell-que-exigeix-la-categoria\/","title":{"rendered":"&#8220;Volem competir al nivell que exigeix la categoria&#8221;"},"content":{"protected":false,"blocks":[{"type":"image","url":"https:\/\/villarrealcf.es\/\/wp-content\/uploads\/2022\/09\/709f17db255152cbd7335cca2a41e032.jpg","alt":"||||","width":2262,"height":1272,"srcset":"https:\/\/villarrealcf.es\/wp-content\/uploads\/2022\/09\/709f17db255152cbd7335cca2a41e032.jpg 2262w, https:\/\/villarrealcf.es\/\/wp-content\/uploads\/2022\/09\/709f17db255152cbd7335cca2a41e032.jpg 1920w, https:\/\/villarrealcf.es\/wp-content\/uploads\/2022\/09\/709f17db255152cbd7335cca2a41e032-1024x576.jpg 1024w, https:\/\/villarrealcf.es\/\/wp-content\/uploads\/2022\/09\/709f17db255152cbd7335cca2a41e032.jpg 1920w, https:\/\/villarrealcf.es\/wp-content\/uploads\/2022\/09\/709f17db255152cbd7335cca2a41e032-1536x864.jpg 1536w, https:\/\/villarrealcf.es\/wp-content\/uploads\/2022\/09\/709f17db255152cbd7335cca2a41e032-2048x1152.jpg 2048w, https:\/\/villarrealcf.es\/\/wp-content\/uploads\/2022\/09\/709f17db255152cbd7335cca2a41e032.jpg 1920w, https:\/\/villarrealcf.es\/wp-content\/uploads\/2022\/09\/709f17db255152cbd7335cca2a41e032-32x18.jpg 32w, https:\/\/villarrealcf.es\/wp-content\/uploads\/2022\/09\/709f17db255152cbd7335cca2a41e032-150x84.jpg 150w, https:\/\/villarrealcf.es\/\/wp-content\/uploads\/2022\/09\/709f17db255152cbd7335cca2a41e032.jpg 1920w, https:\/\/villarrealcf.es\/wp-content\/uploads\/2022\/09\/709f17db255152cbd7335cca2a41e032-1200x675.jpg 1200w","sizes":"auto, (max-width: 2262px) 100vw, 2262px"},{"type":"paragraph","text":"El Villarreal B s\u2019enfrontar\u00e0 al M\u00e1laga CF aquest dissabte a les 18.30h en La Rosaleda"},{"type":"paragraph","text":"L\u2019entrenador del Villarreal B, Miguel \u00c1lvarez, va compar\u00e9ixer en la roda de premsa pr\u00e8via al partit contra el M\u00e1laga CF, corresponent a la jornada 7 de LaLiga SmartBank, que tindr\u00e0 lloc aquest dissabte, 24 de setembre, a les 18.30 hores en La Rosaleda. El t\u00e8cnic de Ja\u00e9n va analitzar el partit i va parlar de dos noms propis: Gianni i Collado. Aquestes s\u00f3n les declaracions del preparador groguet:Sobre el rival\u201cLa plantilla del M\u00e1laga CF est\u00e0 feta i confeccionada per a estar m\u00e9s amunt, per\u00f2 a vegades el futbol no \u00e9s el just que deuria a nivell de resultats. La Rosaleda \u00e9s un camp molt bonic en el qual es jugar\u00e0 un partit sensacional davant una afici\u00f3 i un equip hist\u00f2ric\u201d.Creixement\u201cEn la jornada 6, estar a dalt o a baix \u00e9s significatiu fins a un cert punt. L\u2019\u00fanica cosa que volem \u00e9s veure reflectit el treball que estem fent des que rebem el 4-1 en el Ciutat de Val\u00e8ncia. Volem competir al nivell que exigeix la categoria i veure que els xics han ent\u00e9s el que necessitem\u201d.Ambici\u00f3\u201cSempre espere el millor del meu equip, treballem per a aix\u00f2, hem fet una pretemporada molt dura, per\u00f2 soc conscient que la categoria \u00e9s complicada i estem satisfets pels 10 punts. M\u00e9s enll\u00e0 d\u2019aix\u00f2, estem contents pel creixement que veiem que pot tindre l\u2019equip. Ni perdre 4-1 ni guanyar 3-0 ens fa apartar-nos del nostre cam\u00ed que \u00e9s el creixement col\u00b7lectiu i individual. Crec que ha sigut una recepta important en aquests anys i, per tant, estem m\u00e0 a l\u2019obra en aqueix sentit\u201d.Confian\u00e7a en Gianni\u201cL\u2019any passat Gianni ja va jugar a un nivell important. Ell sap el seu rol, per\u00f2 \u00e9s m\u00e9s que un porter de la plantilla, \u00e9s un xic que exerceix de capit\u00e0 sense ser-ho, ajuda als porters joves, ajuda a l\u2019equip i al cos t\u00e8cnic, \u00e9s un professional \u00edntegre i un deu de persona. La nostra confian\u00e7a en ell \u00e9s cega\u201d.Collado, MVP de la jornada 6\u201cHa jugat tots els partits de titular i jo tenia molta fe en ell. La meua valoraci\u00f3 \u00e9s molt positiva. Ha tingut mala sort amb les lesions i aix\u00f2 ha desaccelerat un proc\u00e9s que anava molt b\u00e9. Les lesions li han fet molt de mal a nivell emocional. Cada dia \u00e9s m\u00e9s fort en aquest aspecte i \u00e9s una de les coses importants per a arribar al futbol professional. Ha comen\u00e7at la temporada molt fort, sense lesions i amb continu\u00eftat. El millor d\u2019ell no \u00e9s el que ha donat, sin\u00f3 el que entenem que ens pot donar. Si continua treballant igual ser\u00e0 una gran not\u00edcia per a nosaltres\u201d."}],"structured":{"summary":{"text":"El Villarreal B s\u2019enfrontar\u00e0 al M\u00e1laga CF aquest dissabte a les 18.30h en La Rosaleda L\u2019entrenador del Villarreal B, Miguel \u00c1lvarez, va compar\u00e9ixer en la roda de premsa pr\u00e8via al partit contra el M\u00e1laga CF, corresponent a la jornada 7 de LaLiga SmartBank, que tindr\u00e0 lloc aquest dissabte, 24 de setembre, a les 18.30 hores en La Rosaleda. El t\u00e8cnic de Ja\u00e9n va analitzar el partit i va parlar de dos noms propis: Gianni i Collado. Aquestes s\u00f3n les declaracions del preparador groguet:Sobre el rival\u201cLa plantilla del M\u00e1laga CF est\u00e0 feta i confeccionada per a estar m\u00e9s amunt, per\u00f2 a vegades el futbol no \u00e9s el just que deuria a nivell de resultats. La Rosaleda \u00e9s un camp molt bonic en el qual es jugar\u00e0 un partit sensacional davant una afici\u00f3 i un equip hist\u00f2ric\u201d.Creixement\u201cEn la jornada 6, estar a dalt o a baix \u00e9s significatiu fins a un cert punt. L\u2019\u00fanica cosa que volem \u00e9s veure reflectit el treball que estem fent des que rebem el 4-1 en el Ciutat de Val\u00e8ncia. Volem competir al nivell que exigeix la categoria i veure que els xics han ent\u00e9s el que necessitem\u201d.Ambici\u00f3\u201cSempre espere el millor del meu equip, treballem per a aix\u00f2, hem fet una pretemporada molt dura, per\u00f2 soc conscient que la categoria \u00e9s complicada i estem satisfets pels 10 punts. M\u00e9s enll\u00e0 d\u2019aix\u00f2, estem contents pel creixement que veiem que pot tindre l\u2019equip. Ni perdre 4-1 ni guanyar 3-0 ens fa apartar-nos del nostre cam\u00ed que \u00e9s el creixement col\u00b7lectiu i individual. Crec que ha sigut una recepta important en aquests anys i, per tant, estem m\u00e0 a l\u2019obra en aqueix sentit\u201d.Confian\u00e7a en Gianni\u201cL\u2019any passat Gianni ja va jugar a un nivell important. Ell sap el seu rol, per\u00f2 \u00e9s m\u00e9s que un porter de la plantilla, \u00e9s un xic que exerceix de capit\u00e0 sense ser-ho, ajuda als porters joves, ajuda a l\u2019equip i al cos t\u00e8cnic, \u00e9s un professional \u00edntegre i un deu de persona. La nostra confian\u00e7a en ell \u00e9s cega\u201d.Collado, MVP de la jornada 6\u201cHa jugat tots els partits de titular i jo tenia molta fe en ell. La meua valoraci\u00f3 \u00e9s molt positiva. Ha tingut mala sort amb les lesions i aix\u00f2 ha desaccelerat un proc\u00e9s que anava molt b\u00e9. Les lesions li han fet molt de mal a nivell emocional. Cada dia \u00e9s m\u00e9s fort en aquest aspecte i \u00e9s una de les coses importants per a arribar al futbol professional. Ha comen\u00e7at la temporada molt fort, sense lesions i amb continu\u00eftat. El millor d\u2019ell no \u00e9s el que ha donat, sin\u00f3 el que entenem que ens pot donar. Si continua treballant igual ser\u00e0 una gran not\u00edcia per a nosaltres\u201d.","headings":[],"buttons":[],"images":[{"type":"image","url":"https:\/\/villarrealcf.es\/\/wp-content\/uploads\/2022\/09\/709f17db255152cbd7335cca2a41e032.jpg","alt":"||||","width":2262,"height":1272,"srcset":"https:\/\/villarrealcf.es\/wp-content\/uploads\/2022\/09\/709f17db255152cbd7335cca2a41e032.jpg 2262w, https:\/\/villarrealcf.es\/\/wp-content\/uploads\/2022\/09\/709f17db255152cbd7335cca2a41e032.jpg 1920w, https:\/\/villarrealcf.es\/wp-content\/uploads\/2022\/09\/709f17db255152cbd7335cca2a41e032-1024x576.jpg 1024w, https:\/\/villarrealcf.es\/\/wp-content\/uploads\/2022\/09\/709f17db255152cbd7335cca2a41e032.jpg 1920w, https:\/\/villarrealcf.es\/wp-content\/uploads\/2022\/09\/709f17db255152cbd7335cca2a41e032-1536x864.jpg 1536w, https:\/\/villarrealcf.es\/wp-content\/uploads\/2022\/09\/709f17db255152cbd7335cca2a41e032-2048x1152.jpg 2048w, https:\/\/villarrealcf.es\/\/wp-content\/uploads\/2022\/09\/709f17db255152cbd7335cca2a41e032.jpg 1920w, https:\/\/villarrealcf.es\/wp-content\/uploads\/2022\/09\/709f17db255152cbd7335cca2a41e032-32x18.jpg 32w, https:\/\/villarrealcf.es\/wp-content\/uploads\/2022\/09\/709f17db255152cbd7335cca2a41e032-150x84.jpg 150w, https:\/\/villarrealcf.es\/\/wp-content\/uploads\/2022\/09\/709f17db255152cbd7335cca2a41e032.jpg 1920w, https:\/\/villarrealcf.es\/wp-content\/uploads\/2022\/09\/709f17db255152cbd7335cca2a41e032-1200x675.jpg 1200w","sizes":"auto, (max-width: 2262px) 100vw, 2262px"}],"counts":{"blocks":3,"headings":0,"texts":2,"buttons":0,"images":1}},"sections":[{"id":"section-1","title":"","text":"El Villarreal B s\u2019enfrontar\u00e0 al M\u00e1laga CF aquest dissabte a les 18.30h en La Rosaleda L\u2019entrenador del Villarreal B, Miguel \u00c1lvarez, va compar\u00e9ixer en la roda de premsa pr\u00e8via al partit contra el M\u00e1laga CF, corresponent a la jornada 7 de LaLiga SmartBank, que tindr\u00e0 lloc aquest dissabte, 24 de setembre, a les 18.30 hores en La Rosaleda. El t\u00e8cnic de Ja\u00e9n va analitzar el partit i va parlar de dos noms propis: Gianni i Collado. Aquestes s\u00f3n les declaracions del preparador groguet:Sobre el rival\u201cLa plantilla del M\u00e1laga CF est\u00e0 feta i confeccionada per a estar m\u00e9s amunt, per\u00f2 a vegades el futbol no \u00e9s el just que deuria a nivell de resultats. La Rosaleda \u00e9s un camp molt bonic en el qual es jugar\u00e0 un partit sensacional davant una afici\u00f3 i un equip hist\u00f2ric\u201d.Creixement\u201cEn la jornada 6, estar a dalt o a baix \u00e9s significatiu fins a un cert punt. L\u2019\u00fanica cosa que volem \u00e9s veure reflectit el treball que estem fent des que rebem el 4-1 en el Ciutat de Val\u00e8ncia. Volem competir al nivell que exigeix la categoria i veure que els xics han ent\u00e9s el que necessitem\u201d.Ambici\u00f3\u201cSempre espere el millor del meu equip, treballem per a aix\u00f2, hem fet una pretemporada molt dura, per\u00f2 soc conscient que la categoria \u00e9s complicada i estem satisfets pels 10 punts. M\u00e9s enll\u00e0 d\u2019aix\u00f2, estem contents pel creixement que veiem que pot tindre l\u2019equip. Ni perdre 4-1 ni guanyar 3-0 ens fa apartar-nos del nostre cam\u00ed que \u00e9s el creixement col\u00b7lectiu i individual. Crec que ha sigut una recepta important en aquests anys i, per tant, estem m\u00e0 a l\u2019obra en aqueix sentit\u201d.Confian\u00e7a en Gianni\u201cL\u2019any passat Gianni ja va jugar a un nivell important. Ell sap el seu rol, per\u00f2 \u00e9s m\u00e9s que un porter de la plantilla, \u00e9s un xic que exerceix de capit\u00e0 sense ser-ho, ajuda als porters joves, ajuda a l\u2019equip i al cos t\u00e8cnic, \u00e9s un professional \u00edntegre i un deu de persona. La nostra confian\u00e7a en ell \u00e9s cega\u201d.Collado, MVP de la jornada 6\u201cHa jugat tots els partits de titular i jo tenia molta fe en ell. La meua valoraci\u00f3 \u00e9s molt positiva. Ha tingut mala sort amb les lesions i aix\u00f2 ha desaccelerat un proc\u00e9s que anava molt b\u00e9. Les lesions li han fet molt de mal a nivell emocional. Cada dia \u00e9s m\u00e9s fort en aquest aspecte i \u00e9s una de les coses importants per a arribar al futbol professional. Ha comen\u00e7at la temporada molt fort, sense lesions i amb continu\u00eftat. El millor d\u2019ell no \u00e9s el que ha donat, sin\u00f3 el que entenem que ens pot donar. Si continua treballant igual ser\u00e0 una gran not\u00edcia per a nosaltres\u201d.","headings":[],"texts":[{"type":"paragraph","text":"El Villarreal B s\u2019enfrontar\u00e0 al M\u00e1laga CF aquest dissabte a les 18.30h en La Rosaleda"},{"type":"paragraph","text":"L\u2019entrenador del Villarreal B, Miguel \u00c1lvarez, va compar\u00e9ixer en la roda de premsa pr\u00e8via al partit contra el M\u00e1laga CF, corresponent a la jornada 7 de LaLiga SmartBank, que tindr\u00e0 lloc aquest dissabte, 24 de setembre, a les 18.30 hores en La Rosaleda. El t\u00e8cnic de Ja\u00e9n va analitzar el partit i va parlar de dos noms propis: Gianni i Collado. Aquestes s\u00f3n les declaracions del preparador groguet:Sobre el rival\u201cLa plantilla del M\u00e1laga CF est\u00e0 feta i confeccionada per a estar m\u00e9s amunt, per\u00f2 a vegades el futbol no \u00e9s el just que deuria a nivell de resultats. La Rosaleda \u00e9s un camp molt bonic en el qual es jugar\u00e0 un partit sensacional davant una afici\u00f3 i un equip hist\u00f2ric\u201d.Creixement\u201cEn la jornada 6, estar a dalt o a baix \u00e9s significatiu fins a un cert punt. L\u2019\u00fanica cosa que volem \u00e9s veure reflectit el treball que estem fent des que rebem el 4-1 en el Ciutat de Val\u00e8ncia. Volem competir al nivell que exigeix la categoria i veure que els xics han ent\u00e9s el que necessitem\u201d.Ambici\u00f3\u201cSempre espere el millor del meu equip, treballem per a aix\u00f2, hem fet una pretemporada molt dura, per\u00f2 soc conscient que la categoria \u00e9s complicada i estem satisfets pels 10 punts. M\u00e9s enll\u00e0 d\u2019aix\u00f2, estem contents pel creixement que veiem que pot tindre l\u2019equip. Ni perdre 4-1 ni guanyar 3-0 ens fa apartar-nos del nostre cam\u00ed que \u00e9s el creixement col\u00b7lectiu i individual. Crec que ha sigut una recepta important en aquests anys i, per tant, estem m\u00e0 a l\u2019obra en aqueix sentit\u201d.Confian\u00e7a en Gianni\u201cL\u2019any passat Gianni ja va jugar a un nivell important. Ell sap el seu rol, per\u00f2 \u00e9s m\u00e9s que un porter de la plantilla, \u00e9s un xic que exerceix de capit\u00e0 sense ser-ho, ajuda als porters joves, ajuda a l\u2019equip i al cos t\u00e8cnic, \u00e9s un professional \u00edntegre i un deu de persona. La nostra confian\u00e7a en ell \u00e9s cega\u201d.Collado, MVP de la jornada 6\u201cHa jugat tots els partits de titular i jo tenia molta fe en ell. La meua valoraci\u00f3 \u00e9s molt positiva. Ha tingut mala sort amb les lesions i aix\u00f2 ha desaccelerat un proc\u00e9s que anava molt b\u00e9. Les lesions li han fet molt de mal a nivell emocional. Cada dia \u00e9s m\u00e9s fort en aquest aspecte i \u00e9s una de les coses importants per a arribar al futbol professional. Ha comen\u00e7at la temporada molt fort, sense lesions i amb continu\u00eftat. El millor d\u2019ell no \u00e9s el que ha donat, sin\u00f3 el que entenem que ens pot donar. Si continua treballant igual ser\u00e0 una gran not\u00edcia per a nosaltres\u201d."}],"buttons":[],"images":[{"type":"image","url":"https:\/\/villarrealcf.es\/\/wp-content\/uploads\/2022\/09\/709f17db255152cbd7335cca2a41e032.jpg","alt":"||||","width":2262,"height":1272,"srcset":"https:\/\/villarrealcf.es\/wp-content\/uploads\/2022\/09\/709f17db255152cbd7335cca2a41e032.jpg 2262w, https:\/\/villarrealcf.es\/\/wp-content\/uploads\/2022\/09\/709f17db255152cbd7335cca2a41e032.jpg 1920w, https:\/\/villarrealcf.es\/wp-content\/uploads\/2022\/09\/709f17db255152cbd7335cca2a41e032-1024x576.jpg 1024w, https:\/\/villarrealcf.es\/\/wp-content\/uploads\/2022\/09\/709f17db255152cbd7335cca2a41e032.jpg 1920w, https:\/\/villarrealcf.es\/wp-content\/uploads\/2022\/09\/709f17db255152cbd7335cca2a41e032-1536x864.jpg 1536w, https:\/\/villarrealcf.es\/wp-content\/uploads\/2022\/09\/709f17db255152cbd7335cca2a41e032-2048x1152.jpg 2048w, https:\/\/villarrealcf.es\/\/wp-content\/uploads\/2022\/09\/709f17db255152cbd7335cca2a41e032.jpg 1920w, https:\/\/villarrealcf.es\/wp-content\/uploads\/2022\/09\/709f17db255152cbd7335cca2a41e032-32x18.jpg 32w, https:\/\/villarrealcf.es\/wp-content\/uploads\/2022\/09\/709f17db255152cbd7335cca2a41e032-150x84.jpg 150w, https:\/\/villarrealcf.es\/\/wp-content\/uploads\/2022\/09\/709f17db255152cbd7335cca2a41e032.jpg 1920w, https:\/\/villarrealcf.es\/wp-content\/uploads\/2022\/09\/709f17db255152cbd7335cca2a41e032-1200x675.jpg 1200w","sizes":"auto, (max-width: 2262px) 100vw, 2262px"}],"widgets":[],"blocks":[{"type":"image","url":"https:\/\/villarrealcf.es\/\/wp-content\/uploads\/2022\/09\/709f17db255152cbd7335cca2a41e032.jpg","alt":"||||","width":2262,"height":1272,"srcset":"https:\/\/villarrealcf.es\/wp-content\/uploads\/2022\/09\/709f17db255152cbd7335cca2a41e032.jpg 2262w, https:\/\/villarrealcf.es\/\/wp-content\/uploads\/2022\/09\/709f17db255152cbd7335cca2a41e032.jpg 1920w, https:\/\/villarrealcf.es\/wp-content\/uploads\/2022\/09\/709f17db255152cbd7335cca2a41e032-1024x576.jpg 1024w, https:\/\/villarrealcf.es\/\/wp-content\/uploads\/2022\/09\/709f17db255152cbd7335cca2a41e032.jpg 1920w, https:\/\/villarrealcf.es\/wp-content\/uploads\/2022\/09\/709f17db255152cbd7335cca2a41e032-1536x864.jpg 1536w, https:\/\/villarrealcf.es\/wp-content\/uploads\/2022\/09\/709f17db255152cbd7335cca2a41e032-2048x1152.jpg 2048w, https:\/\/villarrealcf.es\/\/wp-content\/uploads\/2022\/09\/709f17db255152cbd7335cca2a41e032.jpg 1920w, https:\/\/villarrealcf.es\/wp-content\/uploads\/2022\/09\/709f17db255152cbd7335cca2a41e032-32x18.jpg 32w, https:\/\/villarrealcf.es\/wp-content\/uploads\/2022\/09\/709f17db255152cbd7335cca2a41e032-150x84.jpg 150w, https:\/\/villarrealcf.es\/\/wp-content\/uploads\/2022\/09\/709f17db255152cbd7335cca2a41e032.jpg 1920w, https:\/\/villarrealcf.es\/wp-content\/uploads\/2022\/09\/709f17db255152cbd7335cca2a41e032-1200x675.jpg 1200w","sizes":"auto, (max-width: 2262px) 100vw, 2262px"},{"type":"paragraph","text":"El Villarreal B s\u2019enfrontar\u00e0 al M\u00e1laga CF aquest dissabte a les 18.30h en La Rosaleda"},{"type":"paragraph","text":"L\u2019entrenador del Villarreal B, Miguel \u00c1lvarez, va compar\u00e9ixer en la roda de premsa pr\u00e8via al partit contra el M\u00e1laga CF, corresponent a la jornada 7 de LaLiga SmartBank, que tindr\u00e0 lloc aquest dissabte, 24 de setembre, a les 18.30 hores en La Rosaleda. El t\u00e8cnic de Ja\u00e9n va analitzar el partit i va parlar de dos noms propis: Gianni i Collado. Aquestes s\u00f3n les declaracions del preparador groguet:Sobre el rival\u201cLa plantilla del M\u00e1laga CF est\u00e0 feta i confeccionada per a estar m\u00e9s amunt, per\u00f2 a vegades el futbol no \u00e9s el just que deuria a nivell de resultats. La Rosaleda \u00e9s un camp molt bonic en el qual es jugar\u00e0 un partit sensacional davant una afici\u00f3 i un equip hist\u00f2ric\u201d.Creixement\u201cEn la jornada 6, estar a dalt o a baix \u00e9s significatiu fins a un cert punt. L\u2019\u00fanica cosa que volem \u00e9s veure reflectit el treball que estem fent des que rebem el 4-1 en el Ciutat de Val\u00e8ncia. Volem competir al nivell que exigeix la categoria i veure que els xics han ent\u00e9s el que necessitem\u201d.Ambici\u00f3\u201cSempre espere el millor del meu equip, treballem per a aix\u00f2, hem fet una pretemporada molt dura, per\u00f2 soc conscient que la categoria \u00e9s complicada i estem satisfets pels 10 punts. M\u00e9s enll\u00e0 d\u2019aix\u00f2, estem contents pel creixement que veiem que pot tindre l\u2019equip. Ni perdre 4-1 ni guanyar 3-0 ens fa apartar-nos del nostre cam\u00ed que \u00e9s el creixement col\u00b7lectiu i individual. Crec que ha sigut una recepta important en aquests anys i, per tant, estem m\u00e0 a l\u2019obra en aqueix sentit\u201d.Confian\u00e7a en Gianni\u201cL\u2019any passat Gianni ja va jugar a un nivell important. Ell sap el seu rol, per\u00f2 \u00e9s m\u00e9s que un porter de la plantilla, \u00e9s un xic que exerceix de capit\u00e0 sense ser-ho, ajuda als porters joves, ajuda a l\u2019equip i al cos t\u00e8cnic, \u00e9s un professional \u00edntegre i un deu de persona. La nostra confian\u00e7a en ell \u00e9s cega\u201d.Collado, MVP de la jornada 6\u201cHa jugat tots els partits de titular i jo tenia molta fe en ell. La meua valoraci\u00f3 \u00e9s molt positiva. Ha tingut mala sort amb les lesions i aix\u00f2 ha desaccelerat un proc\u00e9s que anava molt b\u00e9. Les lesions li han fet molt de mal a nivell emocional. Cada dia \u00e9s m\u00e9s fort en aquest aspecte i \u00e9s una de les coses importants per a arribar al futbol professional. Ha comen\u00e7at la temporada molt fort, sense lesions i amb continu\u00eftat. El millor d\u2019ell no \u00e9s el que ha donat, sin\u00f3 el que entenem que ens pot donar. Si continua treballant igual ser\u00e0 una gran not\u00edcia per a nosaltres\u201d."}]}],"hero":{"id":"section-1","title":"","text":"El Villarreal B s\u2019enfrontar\u00e0 al M\u00e1laga CF aquest dissabte a les 18.30h en La Rosaleda L\u2019entrenador del Villarreal B, Miguel \u00c1lvarez, va compar\u00e9ixer en la roda de premsa pr\u00e8via al partit contra el M\u00e1laga CF, corresponent a la jornada 7 de LaLiga SmartBank, que tindr\u00e0 lloc aquest dissabte, 24 de setembre, a les 18.30 hores en La Rosaleda. El t\u00e8cnic de Ja\u00e9n va analitzar el partit i va parlar de dos noms propis: Gianni i Collado. Aquestes s\u00f3n les declaracions del preparador groguet:Sobre el rival\u201cLa plantilla del M\u00e1laga CF est\u00e0 feta i confeccionada per a estar m\u00e9s amunt, per\u00f2 a vegades el futbol no \u00e9s el just que deuria a nivell de resultats. La Rosaleda \u00e9s un camp molt bonic en el qual es jugar\u00e0 un partit sensacional davant una afici\u00f3 i un equip hist\u00f2ric\u201d.Creixement\u201cEn la jornada 6, estar a dalt o a baix \u00e9s significatiu fins a un cert punt. L\u2019\u00fanica cosa que volem \u00e9s veure reflectit el treball que estem fent des que rebem el 4-1 en el Ciutat de Val\u00e8ncia. Volem competir al nivell que exigeix la categoria i veure que els xics han ent\u00e9s el que necessitem\u201d.Ambici\u00f3\u201cSempre espere el millor del meu equip, treballem per a aix\u00f2, hem fet una pretemporada molt dura, per\u00f2 soc conscient que la categoria \u00e9s complicada i estem satisfets pels 10 punts. M\u00e9s enll\u00e0 d\u2019aix\u00f2, estem contents pel creixement que veiem que pot tindre l\u2019equip. Ni perdre 4-1 ni guanyar 3-0 ens fa apartar-nos del nostre cam\u00ed que \u00e9s el creixement col\u00b7lectiu i individual. Crec que ha sigut una recepta important en aquests anys i, per tant, estem m\u00e0 a l\u2019obra en aqueix sentit\u201d.Confian\u00e7a en Gianni\u201cL\u2019any passat Gianni ja va jugar a un nivell important. Ell sap el seu rol, per\u00f2 \u00e9s m\u00e9s que un porter de la plantilla, \u00e9s un xic que exerceix de capit\u00e0 sense ser-ho, ajuda als porters joves, ajuda a l\u2019equip i al cos t\u00e8cnic, \u00e9s un professional \u00edntegre i un deu de persona. La nostra confian\u00e7a en ell \u00e9s cega\u201d.Collado, MVP de la jornada 6\u201cHa jugat tots els partits de titular i jo tenia molta fe en ell. La meua valoraci\u00f3 \u00e9s molt positiva. Ha tingut mala sort amb les lesions i aix\u00f2 ha desaccelerat un proc\u00e9s que anava molt b\u00e9. Les lesions li han fet molt de mal a nivell emocional. Cada dia \u00e9s m\u00e9s fort en aquest aspecte i \u00e9s una de les coses importants per a arribar al futbol professional. Ha comen\u00e7at la temporada molt fort, sense lesions i amb continu\u00eftat. El millor d\u2019ell no \u00e9s el que ha donat, sin\u00f3 el que entenem que ens pot donar. Si continua treballant igual ser\u00e0 una gran not\u00edcia per a nosaltres\u201d.","headings":[],"texts":[{"type":"paragraph","text":"El Villarreal B s\u2019enfrontar\u00e0 al M\u00e1laga CF aquest dissabte a les 18.30h en La Rosaleda"},{"type":"paragraph","text":"L\u2019entrenador del Villarreal B, Miguel \u00c1lvarez, va compar\u00e9ixer en la roda de premsa pr\u00e8via al partit contra el M\u00e1laga CF, corresponent a la jornada 7 de LaLiga SmartBank, que tindr\u00e0 lloc aquest dissabte, 24 de setembre, a les 18.30 hores en La Rosaleda. El t\u00e8cnic de Ja\u00e9n va analitzar el partit i va parlar de dos noms propis: Gianni i Collado. Aquestes s\u00f3n les declaracions del preparador groguet:Sobre el rival\u201cLa plantilla del M\u00e1laga CF est\u00e0 feta i confeccionada per a estar m\u00e9s amunt, per\u00f2 a vegades el futbol no \u00e9s el just que deuria a nivell de resultats. La Rosaleda \u00e9s un camp molt bonic en el qual es jugar\u00e0 un partit sensacional davant una afici\u00f3 i un equip hist\u00f2ric\u201d.Creixement\u201cEn la jornada 6, estar a dalt o a baix \u00e9s significatiu fins a un cert punt. L\u2019\u00fanica cosa que volem \u00e9s veure reflectit el treball que estem fent des que rebem el 4-1 en el Ciutat de Val\u00e8ncia. Volem competir al nivell que exigeix la categoria i veure que els xics han ent\u00e9s el que necessitem\u201d.Ambici\u00f3\u201cSempre espere el millor del meu equip, treballem per a aix\u00f2, hem fet una pretemporada molt dura, per\u00f2 soc conscient que la categoria \u00e9s complicada i estem satisfets pels 10 punts. M\u00e9s enll\u00e0 d\u2019aix\u00f2, estem contents pel creixement que veiem que pot tindre l\u2019equip. Ni perdre 4-1 ni guanyar 3-0 ens fa apartar-nos del nostre cam\u00ed que \u00e9s el creixement col\u00b7lectiu i individual. Crec que ha sigut una recepta important en aquests anys i, per tant, estem m\u00e0 a l\u2019obra en aqueix sentit\u201d.Confian\u00e7a en Gianni\u201cL\u2019any passat Gianni ja va jugar a un nivell important. Ell sap el seu rol, per\u00f2 \u00e9s m\u00e9s que un porter de la plantilla, \u00e9s un xic que exerceix de capit\u00e0 sense ser-ho, ajuda als porters joves, ajuda a l\u2019equip i al cos t\u00e8cnic, \u00e9s un professional \u00edntegre i un deu de persona. La nostra confian\u00e7a en ell \u00e9s cega\u201d.Collado, MVP de la jornada 6\u201cHa jugat tots els partits de titular i jo tenia molta fe en ell. La meua valoraci\u00f3 \u00e9s molt positiva. Ha tingut mala sort amb les lesions i aix\u00f2 ha desaccelerat un proc\u00e9s que anava molt b\u00e9. Les lesions li han fet molt de mal a nivell emocional. Cada dia \u00e9s m\u00e9s fort en aquest aspecte i \u00e9s una de les coses importants per a arribar al futbol professional. Ha comen\u00e7at la temporada molt fort, sense lesions i amb continu\u00eftat. El millor d\u2019ell no \u00e9s el que ha donat, sin\u00f3 el que entenem que ens pot donar. Si continua treballant igual ser\u00e0 una gran not\u00edcia per a nosaltres\u201d."}],"buttons":[],"images":[{"type":"image","url":"https:\/\/villarrealcf.es\/\/wp-content\/uploads\/2022\/09\/709f17db255152cbd7335cca2a41e032.jpg","alt":"||||","width":2262,"height":1272,"srcset":"https:\/\/villarrealcf.es\/wp-content\/uploads\/2022\/09\/709f17db255152cbd7335cca2a41e032.jpg 2262w, https:\/\/villarrealcf.es\/\/wp-content\/uploads\/2022\/09\/709f17db255152cbd7335cca2a41e032.jpg 1920w, https:\/\/villarrealcf.es\/wp-content\/uploads\/2022\/09\/709f17db255152cbd7335cca2a41e032-1024x576.jpg 1024w, https:\/\/villarrealcf.es\/\/wp-content\/uploads\/2022\/09\/709f17db255152cbd7335cca2a41e032.jpg 1920w, https:\/\/villarrealcf.es\/wp-content\/uploads\/2022\/09\/709f17db255152cbd7335cca2a41e032-1536x864.jpg 1536w, https:\/\/villarrealcf.es\/wp-content\/uploads\/2022\/09\/709f17db255152cbd7335cca2a41e032-2048x1152.jpg 2048w, https:\/\/villarrealcf.es\/\/wp-content\/uploads\/2022\/09\/709f17db255152cbd7335cca2a41e032.jpg 1920w, https:\/\/villarrealcf.es\/wp-content\/uploads\/2022\/09\/709f17db255152cbd7335cca2a41e032-32x18.jpg 32w, https:\/\/villarrealcf.es\/wp-content\/uploads\/2022\/09\/709f17db255152cbd7335cca2a41e032-150x84.jpg 150w, https:\/\/villarrealcf.es\/\/wp-content\/uploads\/2022\/09\/709f17db255152cbd7335cca2a41e032.jpg 1920w, https:\/\/villarrealcf.es\/wp-content\/uploads\/2022\/09\/709f17db255152cbd7335cca2a41e032-1200x675.jpg 1200w","sizes":"auto, (max-width: 2262px) 100vw, 2262px"}],"widgets":[],"blocks":[{"type":"image","url":"https:\/\/villarrealcf.es\/\/wp-content\/uploads\/2022\/09\/709f17db255152cbd7335cca2a41e032.jpg","alt":"||||","width":2262,"height":1272,"srcset":"https:\/\/villarrealcf.es\/wp-content\/uploads\/2022\/09\/709f17db255152cbd7335cca2a41e032.jpg 2262w, https:\/\/villarrealcf.es\/\/wp-content\/uploads\/2022\/09\/709f17db255152cbd7335cca2a41e032.jpg 1920w, https:\/\/villarrealcf.es\/wp-content\/uploads\/2022\/09\/709f17db255152cbd7335cca2a41e032-1024x576.jpg 1024w, https:\/\/villarrealcf.es\/\/wp-content\/uploads\/2022\/09\/709f17db255152cbd7335cca2a41e032.jpg 1920w, https:\/\/villarrealcf.es\/wp-content\/uploads\/2022\/09\/709f17db255152cbd7335cca2a41e032-1536x864.jpg 1536w, https:\/\/villarrealcf.es\/wp-content\/uploads\/2022\/09\/709f17db255152cbd7335cca2a41e032-2048x1152.jpg 2048w, https:\/\/villarrealcf.es\/\/wp-content\/uploads\/2022\/09\/709f17db255152cbd7335cca2a41e032.jpg 1920w, https:\/\/villarrealcf.es\/wp-content\/uploads\/2022\/09\/709f17db255152cbd7335cca2a41e032-32x18.jpg 32w, https:\/\/villarrealcf.es\/wp-content\/uploads\/2022\/09\/709f17db255152cbd7335cca2a41e032-150x84.jpg 150w, https:\/\/villarrealcf.es\/\/wp-content\/uploads\/2022\/09\/709f17db255152cbd7335cca2a41e032.jpg 1920w, https:\/\/villarrealcf.es\/wp-content\/uploads\/2022\/09\/709f17db255152cbd7335cca2a41e032-1200x675.jpg 1200w","sizes":"auto, (max-width: 2262px) 100vw, 2262px"},{"type":"paragraph","text":"El Villarreal B s\u2019enfrontar\u00e0 al M\u00e1laga CF aquest dissabte a les 18.30h en La Rosaleda"},{"type":"paragraph","text":"L\u2019entrenador del Villarreal B, Miguel \u00c1lvarez, va compar\u00e9ixer en la roda de premsa pr\u00e8via al partit contra el M\u00e1laga CF, corresponent a la jornada 7 de LaLiga SmartBank, que tindr\u00e0 lloc aquest dissabte, 24 de setembre, a les 18.30 hores en La Rosaleda. El t\u00e8cnic de Ja\u00e9n va analitzar el partit i va parlar de dos noms propis: Gianni i Collado. Aquestes s\u00f3n les declaracions del preparador groguet:Sobre el rival\u201cLa plantilla del M\u00e1laga CF est\u00e0 feta i confeccionada per a estar m\u00e9s amunt, per\u00f2 a vegades el futbol no \u00e9s el just que deuria a nivell de resultats. La Rosaleda \u00e9s un camp molt bonic en el qual es jugar\u00e0 un partit sensacional davant una afici\u00f3 i un equip hist\u00f2ric\u201d.Creixement\u201cEn la jornada 6, estar a dalt o a baix \u00e9s significatiu fins a un cert punt. L\u2019\u00fanica cosa que volem \u00e9s veure reflectit el treball que estem fent des que rebem el 4-1 en el Ciutat de Val\u00e8ncia. Volem competir al nivell que exigeix la categoria i veure que els xics han ent\u00e9s el que necessitem\u201d.Ambici\u00f3\u201cSempre espere el millor del meu equip, treballem per a aix\u00f2, hem fet una pretemporada molt dura, per\u00f2 soc conscient que la categoria \u00e9s complicada i estem satisfets pels 10 punts. M\u00e9s enll\u00e0 d\u2019aix\u00f2, estem contents pel creixement que veiem que pot tindre l\u2019equip. Ni perdre 4-1 ni guanyar 3-0 ens fa apartar-nos del nostre cam\u00ed que \u00e9s el creixement col\u00b7lectiu i individual. Crec que ha sigut una recepta important en aquests anys i, per tant, estem m\u00e0 a l\u2019obra en aqueix sentit\u201d.Confian\u00e7a en Gianni\u201cL\u2019any passat Gianni ja va jugar a un nivell important. Ell sap el seu rol, per\u00f2 \u00e9s m\u00e9s que un porter de la plantilla, \u00e9s un xic que exerceix de capit\u00e0 sense ser-ho, ajuda als porters joves, ajuda a l\u2019equip i al cos t\u00e8cnic, \u00e9s un professional \u00edntegre i un deu de persona. La nostra confian\u00e7a en ell \u00e9s cega\u201d.Collado, MVP de la jornada 6\u201cHa jugat tots els partits de titular i jo tenia molta fe en ell. La meua valoraci\u00f3 \u00e9s molt positiva. Ha tingut mala sort amb les lesions i aix\u00f2 ha desaccelerat un proc\u00e9s que anava molt b\u00e9. Les lesions li han fet molt de mal a nivell emocional. Cada dia \u00e9s m\u00e9s fort en aquest aspecte i \u00e9s una de les coses importants per a arribar al futbol professional. Ha comen\u00e7at la temporada molt fort, sense lesions i amb continu\u00eftat. El millor d\u2019ell no \u00e9s el que ha donat, sin\u00f3 el que entenem que ens pot donar. Si continua treballant igual ser\u00e0 una gran not\u00edcia per a nosaltres\u201d."}]}},"sections":[{"id":"section-1","title":"","text":"El Villarreal B s\u2019enfrontar\u00e0 al M\u00e1laga CF aquest dissabte a les 18.30h en La Rosaleda L\u2019entrenador del Villarreal B, Miguel \u00c1lvarez, va compar\u00e9ixer en la roda de premsa pr\u00e8via al partit contra el M\u00e1laga CF, corresponent a la jornada 7 de LaLiga SmartBank, que tindr\u00e0 lloc aquest dissabte, 24 de setembre, a les 18.30 hores en La Rosaleda. El t\u00e8cnic de Ja\u00e9n va analitzar el partit i va parlar de dos noms propis: Gianni i Collado. Aquestes s\u00f3n les declaracions del preparador groguet:Sobre el rival\u201cLa plantilla del M\u00e1laga CF est\u00e0 feta i confeccionada per a estar m\u00e9s amunt, per\u00f2 a vegades el futbol no \u00e9s el just que deuria a nivell de resultats. La Rosaleda \u00e9s un camp molt bonic en el qual es jugar\u00e0 un partit sensacional davant una afici\u00f3 i un equip hist\u00f2ric\u201d.Creixement\u201cEn la jornada 6, estar a dalt o a baix \u00e9s significatiu fins a un cert punt. L\u2019\u00fanica cosa que volem \u00e9s veure reflectit el treball que estem fent des que rebem el 4-1 en el Ciutat de Val\u00e8ncia. Volem competir al nivell que exigeix la categoria i veure que els xics han ent\u00e9s el que necessitem\u201d.Ambici\u00f3\u201cSempre espere el millor del meu equip, treballem per a aix\u00f2, hem fet una pretemporada molt dura, per\u00f2 soc conscient que la categoria \u00e9s complicada i estem satisfets pels 10 punts. M\u00e9s enll\u00e0 d\u2019aix\u00f2, estem contents pel creixement que veiem que pot tindre l\u2019equip. Ni perdre 4-1 ni guanyar 3-0 ens fa apartar-nos del nostre cam\u00ed que \u00e9s el creixement col\u00b7lectiu i individual. Crec que ha sigut una recepta important en aquests anys i, per tant, estem m\u00e0 a l\u2019obra en aqueix sentit\u201d.Confian\u00e7a en Gianni\u201cL\u2019any passat Gianni ja va jugar a un nivell important. Ell sap el seu rol, per\u00f2 \u00e9s m\u00e9s que un porter de la plantilla, \u00e9s un xic que exerceix de capit\u00e0 sense ser-ho, ajuda als porters joves, ajuda a l\u2019equip i al cos t\u00e8cnic, \u00e9s un professional \u00edntegre i un deu de persona. La nostra confian\u00e7a en ell \u00e9s cega\u201d.Collado, MVP de la jornada 6\u201cHa jugat tots els partits de titular i jo tenia molta fe en ell. La meua valoraci\u00f3 \u00e9s molt positiva. Ha tingut mala sort amb les lesions i aix\u00f2 ha desaccelerat un proc\u00e9s que anava molt b\u00e9. Les lesions li han fet molt de mal a nivell emocional. Cada dia \u00e9s m\u00e9s fort en aquest aspecte i \u00e9s una de les coses importants per a arribar al futbol professional. Ha comen\u00e7at la temporada molt fort, sense lesions i amb continu\u00eftat. El millor d\u2019ell no \u00e9s el que ha donat, sin\u00f3 el que entenem que ens pot donar. Si continua treballant igual ser\u00e0 una gran not\u00edcia per a nosaltres\u201d.","url":"","background_image":"","images":[{"type":"image","url":"https:\/\/villarrealcf.es\/\/wp-content\/uploads\/2022\/09\/709f17db255152cbd7335cca2a41e032.jpg","alt":"||||","width":2262,"height":1272,"srcset":"https:\/\/villarrealcf.es\/wp-content\/uploads\/2022\/09\/709f17db255152cbd7335cca2a41e032.jpg 2262w, https:\/\/villarrealcf.es\/\/wp-content\/uploads\/2022\/09\/709f17db255152cbd7335cca2a41e032.jpg 1920w, https:\/\/villarrealcf.es\/wp-content\/uploads\/2022\/09\/709f17db255152cbd7335cca2a41e032-1024x576.jpg 1024w, https:\/\/villarrealcf.es\/\/wp-content\/uploads\/2022\/09\/709f17db255152cbd7335cca2a41e032.jpg 1920w, https:\/\/villarrealcf.es\/wp-content\/uploads\/2022\/09\/709f17db255152cbd7335cca2a41e032-1536x864.jpg 1536w, https:\/\/villarrealcf.es\/wp-content\/uploads\/2022\/09\/709f17db255152cbd7335cca2a41e032-2048x1152.jpg 2048w, https:\/\/villarrealcf.es\/\/wp-content\/uploads\/2022\/09\/709f17db255152cbd7335cca2a41e032.jpg 1920w, https:\/\/villarrealcf.es\/wp-content\/uploads\/2022\/09\/709f17db255152cbd7335cca2a41e032-32x18.jpg 32w, https:\/\/villarrealcf.es\/wp-content\/uploads\/2022\/09\/709f17db255152cbd7335cca2a41e032-150x84.jpg 150w, https:\/\/villarrealcf.es\/\/wp-content\/uploads\/2022\/09\/709f17db255152cbd7335cca2a41e032.jpg 1920w, https:\/\/villarrealcf.es\/wp-content\/uploads\/2022\/09\/709f17db255152cbd7335cca2a41e032-1200x675.jpg 1200w","sizes":"auto, (max-width: 2262px) 100vw, 2262px"}],"videos":[],"links":[]},{"id":"shortcode-caption-69ee49748e694","type":"shortcode","shortcode":"caption","attributes":{"id":"attachment_189020","align":"alignnone","width":""},"title":"Caption","rendered":"","data":[],"text":"","url":"","background_image":"","images":[],"videos":[],"links":[],"blocks":[]}]},"excerpt":{"rendered":"El Villarreal B s&#8217;enfrontar\u00e0 al M\u00e1laga\u00a0CF\u00a0aquest dissabte a les 18.30h\u00a0en\u00a0La Rosaleda","protected":false},"author":1,"featured_media":189020,"comment_status":"","ping_status":"","sticky":false,"template":"","format":"standard","meta":{"_acf_changed":false,"footnotes":""},"categories":[4858],"tags":[10325,10229,13241,9773,9205,9627,9256,10634],"acf":null,"lang":"val","translations":{"val":225034},"essential_grid":{"has_grid":false},"formatted_date":"September 23, 2022","modified_date":"September 23, 2022","permalink":"https:\/\/villarrealcf.es\/val\/volem-competir-al-nivell-que-exigeix-la-categoria\/","reading_time":3,"featured_media_data":{"id":189020,"title":"||||","caption":"||||","alt_text":"","description":"","mime_type":"image\/jpeg","source_url":"https:\/\/villarrealcf.es\/wp-content\/uploads\/2022\/09\/709f17db255152cbd7335cca2a41e032.jpg","sizes":{"thumbnail":{"url":"https:\/\/villarrealcf.es\/wp-content\/uploads\/2022\/09\/709f17db255152cbd7335cca2a41e032-150x150.jpg","width":150,"height":150},"medium":{"url":"https:\/\/villarrealcf.es\/wp-content\/uploads\/2022\/09\/709f17db255152cbd7335cca2a41e032-300x169.jpg","width":300,"height":169},"medium_large":{"url":"https:\/\/villarrealcf.es\/wp-content\/uploads\/2022\/09\/709f17db255152cbd7335cca2a41e032-768x432.jpg","width":768,"height":432},"large":{"url":"https:\/\/villarrealcf.es\/wp-content\/uploads\/2022\/09\/709f17db255152cbd7335cca2a41e032-1024x576.jpg","width":788,"height":443},"1536x1536":{"url":"https:\/\/villarrealcf.es\/wp-content\/uploads\/2022\/09\/709f17db255152cbd7335cca2a41e032-1536x864.jpg","width":1536,"height":864},"2048x2048":{"url":"https:\/\/villarrealcf.es\/wp-content\/uploads\/2022\/09\/709f17db255152cbd7335cca2a41e032-2048x1152.jpg","width":2048,"height":1152},"tp-image-grid":{"url":"https:\/\/villarrealcf.es\/wp-content\/uploads\/2022\/09\/709f17db255152cbd7335cca2a41e032-700x700.jpg","width":700,"height":700},"size-bunyad-medium":{"url":"https:\/\/villarrealcf.es\/wp-content\/uploads\/2022\/09\/709f17db255152cbd7335cca2a41e032.jpg","width":1920,"height":1080},"sportspress-crop-medium":{"url":"https:\/\/villarrealcf.es\/wp-content\/uploads\/2022\/09\/709f17db255152cbd7335cca2a41e032-300x300.jpg","width":300,"height":300},"sportspress-fit-medium":{"url":"https:\/\/villarrealcf.es\/wp-content\/uploads\/2022\/09\/709f17db255152cbd7335cca2a41e032-300x169.jpg","width":300,"height":169},"sportspress-fit-icon":{"url":"https:\/\/villarrealcf.es\/wp-content\/uploads\/2022\/09\/709f17db255152cbd7335cca2a41e032-128x72.jpg","width":128,"height":72},"sportspress-fit-mini":{"url":"https:\/\/villarrealcf.es\/wp-content\/uploads\/2022\/09\/709f17db255152cbd7335cca2a41e032-32x18.jpg","width":32,"height":18},"bunyad-small":{"url":"https:\/\/villarrealcf.es\/wp-content\/uploads\/2022\/09\/709f17db255152cbd7335cca2a41e032-150x84.jpg","width":150,"height":84},"bunyad-medium":{"url":"https:\/\/villarrealcf.es\/wp-content\/uploads\/2022\/09\/709f17db255152cbd7335cca2a41e032-450x253.jpg","width":450,"height":253},"bunyad-full":{"url":"https:\/\/villarrealcf.es\/wp-content\/uploads\/2022\/09\/709f17db255152cbd7335cca2a41e032-1200x675.jpg","width":1200,"height":675},"bunyad-viewport":{"url":"https:\/\/villarrealcf.es\/wp-content\/uploads\/2022\/09\/709f17db255152cbd7335cca2a41e032-2048x1152.jpg","width":2048,"height":1152},"bunyad-768":{"url":"https:\/\/villarrealcf.es\/wp-content\/uploads\/2022\/09\/709f17db255152cbd7335cca2a41e032-768x432.jpg","width":768,"height":432},"full":{"url":"https:\/\/villarrealcf.es\/wp-content\/uploads\/2022\/09\/709f17db255152cbd7335cca2a41e032.jpg","width":2262,"height":1272}}},"author_data":{"id":"1","name":"root_envidea","first_name":"Villarreal CF","last_name":"","description":"","avatar_url":"https:\/\/secure.gravatar.com\/avatar\/48f95f42a3ccc324f3a3458e4b9e6fb070b083e99d388e170c1afb061fa99b63?s=96&d=mm&r=g","acf":null},"taxonomies_data":{"category":[{"id":4858,"name":"Futbol Base","slug":"futbol-base-val","acf":null}],"post_tag":[{"id":10325,"name":"Cantera Grogueta","slug":"cantera-grogueta-val","acf":null},{"id":10229,"name":"Jornada 6","slug":"jornada-6-val","acf":null},{"id":13241,"name":"LaLiga Smartbank","slug":"laliga-smartbank-val","acf":null},{"id":9773,"name":"M\u00e1laga CF","slug":"malaga-cf-val","acf":null},{"id":9205,"name":"Submarino","slug":"submarino-val","acf":null},{"id":9627,"name":"Submarino Amarillo","slug":"submarino-amarillo-val","acf":null},{"id":9256,"name":"Villarreal","slug":"villarreal-val","acf":null},{"id":10634,"name":"Villarreal B","slug":"villarreal-b-val","acf":null}],"translation_priority":[{"id":735,"name":"Optional","slug":"optional-val","acf":null}]},"seo_full":{"native":{"title":"&#8220;Volem competir al nivell que exigeix la categoria&#8221; - Web Oficial del Villarreal CF","description":"[caption id=\"attachment_189020\" align=\"alignnone\" width=\"\"]||||[\/caption]El Villarreal B s'enfrontar\u00e0 al M\u00e1laga\u00a0CF\u00a0aquest dissabte a les 18.30h\u00a0en\u00a0La Rosaleda L'entrenador del Villarreal B, Miguel \u00c1lvarez,&hellip;","canonical":"https:\/\/villarrealcf.es\/val\/volem-competir-al-nivell-que-exigeix-la-categoria\/"}},"_links":{"self":[{"href":"https:\/\/villarrealcf.es\/val\/wp-json\/wp\/v2\/posts\/225034","targetHints":{"allow":["GET"]}}],"collection":[{"href":"https:\/\/villarrealcf.es\/val\/wp-json\/wp\/v2\/posts"}],"about":[{"href":"https:\/\/villarrealcf.es\/val\/wp-json\/wp\/v2\/types\/post"}],"author":[{"embeddable":true,"href":"https:\/\/villarrealcf.es\/val\/wp-json\/wp\/v2\/users\/1"}],"replies":[{"embeddable":true,"href":"https:\/\/villarrealcf.es\/val\/wp-json\/wp\/v2\/comments?post=225034"}],"version-history":[{"count":0,"href":"https:\/\/villarrealcf.es\/val\/wp-json\/wp\/v2\/posts\/225034\/revisions"}],"wp:featuredmedia":[{"embeddable":true,"href":"https:\/\/villarrealcf.es\/val\/wp-json\/wp\/v2\/media\/189020"}],"wp:attachment":[{"href":"https:\/\/villarrealcf.es\/val\/wp-json\/wp\/v2\/media?parent=225034"}],"wp:term":[{"taxonomy":"category","embeddable":true,"href":"https:\/\/villarrealcf.es\/val\/wp-json\/wp\/v2\/categories?post=225034"},{"taxonomy":"post_tag","embeddable":true,"href":"https:\/\/villarrealcf.es\/val\/wp-json\/wp\/v2\/tags?post=225034"}],"curies":[{"name":"wp","href":"https:\/\/api.w.org\/{rel}","templated":true}]}}