{"id":224690,"date":"2022-08-23T09:44:03","date_gmt":"2022-08-23T07:44:03","guid":{"rendered":"https:\/\/villarrealcf.es\/\/acompanya-al-villarreal-a-getafe\/"},"modified":"2022-08-23T09:44:03","modified_gmt":"2022-08-23T07:44:03","slug":"acompanya-al-villarreal-a-getafe","status":"publish","type":"post","link":"https:\/\/villarrealcf.es\/val\/acompanya-al-villarreal-a-getafe\/","title":{"rendered":"Acompanya al Villarreal a Getafe!"},"content":{"protected":false,"blocks":[{"type":"image","url":"https:\/\/villarrealcf.es\/\/wp-content\/uploads\/2022\/08\/1ff3d2ef96437ef3a0ef66c1467f12da.jpg","alt":"||||","width":819,"height":460,"srcset":"https:\/\/villarrealcf.es\/wp-content\/uploads\/2022\/08\/1ff3d2ef96437ef3a0ef66c1467f12da.jpg 819w, https:\/\/villarrealcf.es\/\/wp-content\/uploads\/2022\/08\/1ff3d2ef96437ef3a0ef66c1467f12da.jpg 1920w, https:\/\/villarrealcf.es\/\/wp-content\/uploads\/2022\/08\/1ff3d2ef96437ef3a0ef66c1467f12da.jpg 1920w, https:\/\/villarrealcf.es\/\/wp-content\/uploads\/2022\/08\/1ff3d2ef96437ef3a0ef66c1467f12da.jpg 1920w, https:\/\/villarrealcf.es\/wp-content\/uploads\/2022\/08\/1ff3d2ef96437ef3a0ef66c1467f12da-32x18.jpg 32w, https:\/\/villarrealcf.es\/wp-content\/uploads\/2022\/08\/1ff3d2ef96437ef3a0ef66c1467f12da-150x84.jpg 150w, https:\/\/villarrealcf.es\/\/wp-content\/uploads\/2022\/08\/1ff3d2ef96437ef3a0ef66c1467f12da.jpg 1920w","sizes":"auto, (max-width: 819px) 100vw, 819px"},{"type":"paragraph","text":"L\u2019APV ha organitzat un despla\u00e7ament per a animar al conjunt groc aquest diumenge en el Coliseum Alfonso P\u00e9rez"},{"type":"paragraph","text":"Anima al Villarreal a Getafe! L\u2019Agrupaci\u00f3 de Penyes del Villarreal CF ha organitzat un despla\u00e7ament perqu\u00e8 l\u2019afici\u00f3 grogueta acompanye al Submar\u00ed en el Coliseum Alfonso P\u00e9rez (diumenge, 17.30 hores)."},{"type":"paragraph","text":"El viatge, que inclou entrada i despla\u00e7ament amb autob\u00fas, t\u00e9 un preu de 60 euros per a pe\u00f1ista i 75 euros per a la resta d\u2019aficionats \u2018groguets\u2019. Els autobusos eixiran el mateix diumenge, dia del partit, a les 07.00 hores, des de l\u2019IES Broch i Llop (Av. Europa, 60) i la tornada a Vila-real est\u00e0 prevista una vegada que concloga el partit."},{"type":"paragraph","text":"Les inscripcions al viatge es poden realitzar a trav\u00e9s de la web de l\u2019APV (www.apvillarrealcf.com) des d\u2019aquest dimarts 23 fins a dijous 25 d\u2019agost."},{"type":"paragraph","text":"Compra la teua entrada per 40 euros!"},{"type":"paragraph","text":"Els seguidors grocs que preferisquen comprar \u00fanicament l\u2019entrada per al partit davant el Getafe CF podran fer-ho acudint a partir del dimecres 24 d\u2019agost a la vesprada a la Tenda Oficial del Villarreal CF (Pla\u00e7a Major de Vila-real). El preu de les entrades visitants \u00e9s de 40 euros. Cal recordar que les entrades s\u00f3n nominatives i, per a fer-se amb elles, \u00e9s necessari aportar el n\u00famero de DNI i de tel\u00e8fon m\u00f2bil."}],"structured":{"summary":{"text":"L\u2019APV ha organitzat un despla\u00e7ament per a animar al conjunt groc aquest diumenge en el Coliseum Alfonso P\u00e9rez Anima al Villarreal a Getafe! L\u2019Agrupaci\u00f3 de Penyes del Villarreal CF ha organitzat un despla\u00e7ament perqu\u00e8 l\u2019afici\u00f3 grogueta acompanye al Submar\u00ed en el Coliseum Alfonso P\u00e9rez (diumenge, 17.30 hores). El viatge, que inclou entrada i despla\u00e7ament amb autob\u00fas, t\u00e9 un preu de 60 euros per a pe\u00f1ista i 75 euros per a la resta d\u2019aficionats \u2018groguets\u2019. Els autobusos eixiran el mateix diumenge, dia del partit, a les 07.00 hores, des de l\u2019IES Broch i Llop (Av. Europa, 60) i la tornada a Vila-real est\u00e0 prevista una vegada que concloga el partit. Les inscripcions al viatge es poden realitzar a trav\u00e9s de la web de l\u2019APV (www.apvillarrealcf.com) des d\u2019aquest dimarts 23 fins a dijous 25 d\u2019agost. Compra la teua entrada per 40 euros! Els seguidors grocs que preferisquen comprar \u00fanicament l\u2019entrada per al partit davant el Getafe CF podran fer-ho acudint a partir del dimecres 24 d\u2019agost a la vesprada a la Tenda Oficial del Villarreal CF (Pla\u00e7a Major de Vila-real). El preu de les entrades visitants \u00e9s de 40 euros. Cal recordar que les entrades s\u00f3n nominatives i, per a fer-se amb elles, \u00e9s necessari aportar el n\u00famero de DNI i de tel\u00e8fon m\u00f2bil.","headings":[],"buttons":[],"images":[{"type":"image","url":"https:\/\/villarrealcf.es\/\/wp-content\/uploads\/2022\/08\/1ff3d2ef96437ef3a0ef66c1467f12da.jpg","alt":"||||","width":819,"height":460,"srcset":"https:\/\/villarrealcf.es\/wp-content\/uploads\/2022\/08\/1ff3d2ef96437ef3a0ef66c1467f12da.jpg 819w, https:\/\/villarrealcf.es\/\/wp-content\/uploads\/2022\/08\/1ff3d2ef96437ef3a0ef66c1467f12da.jpg 1920w, https:\/\/villarrealcf.es\/\/wp-content\/uploads\/2022\/08\/1ff3d2ef96437ef3a0ef66c1467f12da.jpg 1920w, https:\/\/villarrealcf.es\/\/wp-content\/uploads\/2022\/08\/1ff3d2ef96437ef3a0ef66c1467f12da.jpg 1920w, https:\/\/villarrealcf.es\/wp-content\/uploads\/2022\/08\/1ff3d2ef96437ef3a0ef66c1467f12da-32x18.jpg 32w, https:\/\/villarrealcf.es\/wp-content\/uploads\/2022\/08\/1ff3d2ef96437ef3a0ef66c1467f12da-150x84.jpg 150w, https:\/\/villarrealcf.es\/\/wp-content\/uploads\/2022\/08\/1ff3d2ef96437ef3a0ef66c1467f12da.jpg 1920w","sizes":"auto, (max-width: 819px) 100vw, 819px"}],"counts":{"blocks":7,"headings":0,"texts":6,"buttons":0,"images":1}},"sections":[{"id":"section-1","title":"","text":"L\u2019APV ha organitzat un despla\u00e7ament per a animar al conjunt groc aquest diumenge en el Coliseum Alfonso P\u00e9rez Anima al Villarreal a Getafe! L\u2019Agrupaci\u00f3 de Penyes del Villarreal CF ha organitzat un despla\u00e7ament perqu\u00e8 l\u2019afici\u00f3 grogueta acompanye al Submar\u00ed en el Coliseum Alfonso P\u00e9rez (diumenge, 17.30 hores). El viatge, que inclou entrada i despla\u00e7ament amb autob\u00fas, t\u00e9 un preu de 60 euros per a pe\u00f1ista i 75 euros per a la resta d\u2019aficionats \u2018groguets\u2019. Els autobusos eixiran el mateix diumenge, dia del partit, a les 07.00 hores, des de l\u2019IES Broch i Llop (Av. Europa, 60) i la tornada a Vila-real est\u00e0 prevista una vegada que concloga el partit. Les inscripcions al viatge es poden realitzar a trav\u00e9s de la web de l\u2019APV (www.apvillarrealcf.com) des d\u2019aquest dimarts 23 fins a dijous 25 d\u2019agost. Compra la teua entrada per 40 euros! Els seguidors grocs que preferisquen comprar \u00fanicament l\u2019entrada per al partit davant el Getafe CF podran fer-ho acudint a partir del dimecres 24 d\u2019agost a la vesprada a la Tenda Oficial del Villarreal CF (Pla\u00e7a Major de Vila-real). El preu de les entrades visitants \u00e9s de 40 euros. Cal recordar que les entrades s\u00f3n nominatives i, per a fer-se amb elles, \u00e9s necessari aportar el n\u00famero de DNI i de tel\u00e8fon m\u00f2bil.","headings":[],"texts":[{"type":"paragraph","text":"L\u2019APV ha organitzat un despla\u00e7ament per a animar al conjunt groc aquest diumenge en el Coliseum Alfonso P\u00e9rez"},{"type":"paragraph","text":"Anima al Villarreal a Getafe! L\u2019Agrupaci\u00f3 de Penyes del Villarreal CF ha organitzat un despla\u00e7ament perqu\u00e8 l\u2019afici\u00f3 grogueta acompanye al Submar\u00ed en el Coliseum Alfonso P\u00e9rez (diumenge, 17.30 hores)."},{"type":"paragraph","text":"El viatge, que inclou entrada i despla\u00e7ament amb autob\u00fas, t\u00e9 un preu de 60 euros per a pe\u00f1ista i 75 euros per a la resta d\u2019aficionats \u2018groguets\u2019. Els autobusos eixiran el mateix diumenge, dia del partit, a les 07.00 hores, des de l\u2019IES Broch i Llop (Av. Europa, 60) i la tornada a Vila-real est\u00e0 prevista una vegada que concloga el partit."},{"type":"paragraph","text":"Les inscripcions al viatge es poden realitzar a trav\u00e9s de la web de l\u2019APV (www.apvillarrealcf.com) des d\u2019aquest dimarts 23 fins a dijous 25 d\u2019agost."},{"type":"paragraph","text":"Compra la teua entrada per 40 euros!"},{"type":"paragraph","text":"Els seguidors grocs que preferisquen comprar \u00fanicament l\u2019entrada per al partit davant el Getafe CF podran fer-ho acudint a partir del dimecres 24 d\u2019agost a la vesprada a la Tenda Oficial del Villarreal CF (Pla\u00e7a Major de Vila-real). El preu de les entrades visitants \u00e9s de 40 euros. Cal recordar que les entrades s\u00f3n nominatives i, per a fer-se amb elles, \u00e9s necessari aportar el n\u00famero de DNI i de tel\u00e8fon m\u00f2bil."}],"buttons":[],"images":[{"type":"image","url":"https:\/\/villarrealcf.es\/\/wp-content\/uploads\/2022\/08\/1ff3d2ef96437ef3a0ef66c1467f12da.jpg","alt":"||||","width":819,"height":460,"srcset":"https:\/\/villarrealcf.es\/wp-content\/uploads\/2022\/08\/1ff3d2ef96437ef3a0ef66c1467f12da.jpg 819w, https:\/\/villarrealcf.es\/\/wp-content\/uploads\/2022\/08\/1ff3d2ef96437ef3a0ef66c1467f12da.jpg 1920w, https:\/\/villarrealcf.es\/\/wp-content\/uploads\/2022\/08\/1ff3d2ef96437ef3a0ef66c1467f12da.jpg 1920w, https:\/\/villarrealcf.es\/\/wp-content\/uploads\/2022\/08\/1ff3d2ef96437ef3a0ef66c1467f12da.jpg 1920w, https:\/\/villarrealcf.es\/wp-content\/uploads\/2022\/08\/1ff3d2ef96437ef3a0ef66c1467f12da-32x18.jpg 32w, https:\/\/villarrealcf.es\/wp-content\/uploads\/2022\/08\/1ff3d2ef96437ef3a0ef66c1467f12da-150x84.jpg 150w, https:\/\/villarrealcf.es\/\/wp-content\/uploads\/2022\/08\/1ff3d2ef96437ef3a0ef66c1467f12da.jpg 1920w","sizes":"auto, (max-width: 819px) 100vw, 819px"}],"widgets":[],"blocks":[{"type":"image","url":"https:\/\/villarrealcf.es\/\/wp-content\/uploads\/2022\/08\/1ff3d2ef96437ef3a0ef66c1467f12da.jpg","alt":"||||","width":819,"height":460,"srcset":"https:\/\/villarrealcf.es\/wp-content\/uploads\/2022\/08\/1ff3d2ef96437ef3a0ef66c1467f12da.jpg 819w, https:\/\/villarrealcf.es\/\/wp-content\/uploads\/2022\/08\/1ff3d2ef96437ef3a0ef66c1467f12da.jpg 1920w, https:\/\/villarrealcf.es\/\/wp-content\/uploads\/2022\/08\/1ff3d2ef96437ef3a0ef66c1467f12da.jpg 1920w, https:\/\/villarrealcf.es\/\/wp-content\/uploads\/2022\/08\/1ff3d2ef96437ef3a0ef66c1467f12da.jpg 1920w, https:\/\/villarrealcf.es\/wp-content\/uploads\/2022\/08\/1ff3d2ef96437ef3a0ef66c1467f12da-32x18.jpg 32w, https:\/\/villarrealcf.es\/wp-content\/uploads\/2022\/08\/1ff3d2ef96437ef3a0ef66c1467f12da-150x84.jpg 150w, https:\/\/villarrealcf.es\/\/wp-content\/uploads\/2022\/08\/1ff3d2ef96437ef3a0ef66c1467f12da.jpg 1920w","sizes":"auto, (max-width: 819px) 100vw, 819px"},{"type":"paragraph","text":"L\u2019APV ha organitzat un despla\u00e7ament per a animar al conjunt groc aquest diumenge en el Coliseum Alfonso P\u00e9rez"},{"type":"paragraph","text":"Anima al Villarreal a Getafe! L\u2019Agrupaci\u00f3 de Penyes del Villarreal CF ha organitzat un despla\u00e7ament perqu\u00e8 l\u2019afici\u00f3 grogueta acompanye al Submar\u00ed en el Coliseum Alfonso P\u00e9rez (diumenge, 17.30 hores)."},{"type":"paragraph","text":"El viatge, que inclou entrada i despla\u00e7ament amb autob\u00fas, t\u00e9 un preu de 60 euros per a pe\u00f1ista i 75 euros per a la resta d\u2019aficionats \u2018groguets\u2019. Els autobusos eixiran el mateix diumenge, dia del partit, a les 07.00 hores, des de l\u2019IES Broch i Llop (Av. Europa, 60) i la tornada a Vila-real est\u00e0 prevista una vegada que concloga el partit."},{"type":"paragraph","text":"Les inscripcions al viatge es poden realitzar a trav\u00e9s de la web de l\u2019APV (www.apvillarrealcf.com) des d\u2019aquest dimarts 23 fins a dijous 25 d\u2019agost."},{"type":"paragraph","text":"Compra la teua entrada per 40 euros!"},{"type":"paragraph","text":"Els seguidors grocs que preferisquen comprar \u00fanicament l\u2019entrada per al partit davant el Getafe CF podran fer-ho acudint a partir del dimecres 24 d\u2019agost a la vesprada a la Tenda Oficial del Villarreal CF (Pla\u00e7a Major de Vila-real). El preu de les entrades visitants \u00e9s de 40 euros. Cal recordar que les entrades s\u00f3n nominatives i, per a fer-se amb elles, \u00e9s necessari aportar el n\u00famero de DNI i de tel\u00e8fon m\u00f2bil."}]}],"hero":{"id":"section-1","title":"","text":"L\u2019APV ha organitzat un despla\u00e7ament per a animar al conjunt groc aquest diumenge en el Coliseum Alfonso P\u00e9rez Anima al Villarreal a Getafe! L\u2019Agrupaci\u00f3 de Penyes del Villarreal CF ha organitzat un despla\u00e7ament perqu\u00e8 l\u2019afici\u00f3 grogueta acompanye al Submar\u00ed en el Coliseum Alfonso P\u00e9rez (diumenge, 17.30 hores). El viatge, que inclou entrada i despla\u00e7ament amb autob\u00fas, t\u00e9 un preu de 60 euros per a pe\u00f1ista i 75 euros per a la resta d\u2019aficionats \u2018groguets\u2019. Els autobusos eixiran el mateix diumenge, dia del partit, a les 07.00 hores, des de l\u2019IES Broch i Llop (Av. Europa, 60) i la tornada a Vila-real est\u00e0 prevista una vegada que concloga el partit. Les inscripcions al viatge es poden realitzar a trav\u00e9s de la web de l\u2019APV (www.apvillarrealcf.com) des d\u2019aquest dimarts 23 fins a dijous 25 d\u2019agost. Compra la teua entrada per 40 euros! Els seguidors grocs que preferisquen comprar \u00fanicament l\u2019entrada per al partit davant el Getafe CF podran fer-ho acudint a partir del dimecres 24 d\u2019agost a la vesprada a la Tenda Oficial del Villarreal CF (Pla\u00e7a Major de Vila-real). El preu de les entrades visitants \u00e9s de 40 euros. Cal recordar que les entrades s\u00f3n nominatives i, per a fer-se amb elles, \u00e9s necessari aportar el n\u00famero de DNI i de tel\u00e8fon m\u00f2bil.","headings":[],"texts":[{"type":"paragraph","text":"L\u2019APV ha organitzat un despla\u00e7ament per a animar al conjunt groc aquest diumenge en el Coliseum Alfonso P\u00e9rez"},{"type":"paragraph","text":"Anima al Villarreal a Getafe! L\u2019Agrupaci\u00f3 de Penyes del Villarreal CF ha organitzat un despla\u00e7ament perqu\u00e8 l\u2019afici\u00f3 grogueta acompanye al Submar\u00ed en el Coliseum Alfonso P\u00e9rez (diumenge, 17.30 hores)."},{"type":"paragraph","text":"El viatge, que inclou entrada i despla\u00e7ament amb autob\u00fas, t\u00e9 un preu de 60 euros per a pe\u00f1ista i 75 euros per a la resta d\u2019aficionats \u2018groguets\u2019. Els autobusos eixiran el mateix diumenge, dia del partit, a les 07.00 hores, des de l\u2019IES Broch i Llop (Av. Europa, 60) i la tornada a Vila-real est\u00e0 prevista una vegada que concloga el partit."},{"type":"paragraph","text":"Les inscripcions al viatge es poden realitzar a trav\u00e9s de la web de l\u2019APV (www.apvillarrealcf.com) des d\u2019aquest dimarts 23 fins a dijous 25 d\u2019agost."},{"type":"paragraph","text":"Compra la teua entrada per 40 euros!"},{"type":"paragraph","text":"Els seguidors grocs que preferisquen comprar \u00fanicament l\u2019entrada per al partit davant el Getafe CF podran fer-ho acudint a partir del dimecres 24 d\u2019agost a la vesprada a la Tenda Oficial del Villarreal CF (Pla\u00e7a Major de Vila-real). El preu de les entrades visitants \u00e9s de 40 euros. Cal recordar que les entrades s\u00f3n nominatives i, per a fer-se amb elles, \u00e9s necessari aportar el n\u00famero de DNI i de tel\u00e8fon m\u00f2bil."}],"buttons":[],"images":[{"type":"image","url":"https:\/\/villarrealcf.es\/\/wp-content\/uploads\/2022\/08\/1ff3d2ef96437ef3a0ef66c1467f12da.jpg","alt":"||||","width":819,"height":460,"srcset":"https:\/\/villarrealcf.es\/wp-content\/uploads\/2022\/08\/1ff3d2ef96437ef3a0ef66c1467f12da.jpg 819w, https:\/\/villarrealcf.es\/\/wp-content\/uploads\/2022\/08\/1ff3d2ef96437ef3a0ef66c1467f12da.jpg 1920w, https:\/\/villarrealcf.es\/\/wp-content\/uploads\/2022\/08\/1ff3d2ef96437ef3a0ef66c1467f12da.jpg 1920w, https:\/\/villarrealcf.es\/\/wp-content\/uploads\/2022\/08\/1ff3d2ef96437ef3a0ef66c1467f12da.jpg 1920w, https:\/\/villarrealcf.es\/wp-content\/uploads\/2022\/08\/1ff3d2ef96437ef3a0ef66c1467f12da-32x18.jpg 32w, https:\/\/villarrealcf.es\/wp-content\/uploads\/2022\/08\/1ff3d2ef96437ef3a0ef66c1467f12da-150x84.jpg 150w, https:\/\/villarrealcf.es\/\/wp-content\/uploads\/2022\/08\/1ff3d2ef96437ef3a0ef66c1467f12da.jpg 1920w","sizes":"auto, (max-width: 819px) 100vw, 819px"}],"widgets":[],"blocks":[{"type":"image","url":"https:\/\/villarrealcf.es\/\/wp-content\/uploads\/2022\/08\/1ff3d2ef96437ef3a0ef66c1467f12da.jpg","alt":"||||","width":819,"height":460,"srcset":"https:\/\/villarrealcf.es\/wp-content\/uploads\/2022\/08\/1ff3d2ef96437ef3a0ef66c1467f12da.jpg 819w, https:\/\/villarrealcf.es\/\/wp-content\/uploads\/2022\/08\/1ff3d2ef96437ef3a0ef66c1467f12da.jpg 1920w, https:\/\/villarrealcf.es\/\/wp-content\/uploads\/2022\/08\/1ff3d2ef96437ef3a0ef66c1467f12da.jpg 1920w, https:\/\/villarrealcf.es\/\/wp-content\/uploads\/2022\/08\/1ff3d2ef96437ef3a0ef66c1467f12da.jpg 1920w, https:\/\/villarrealcf.es\/wp-content\/uploads\/2022\/08\/1ff3d2ef96437ef3a0ef66c1467f12da-32x18.jpg 32w, https:\/\/villarrealcf.es\/wp-content\/uploads\/2022\/08\/1ff3d2ef96437ef3a0ef66c1467f12da-150x84.jpg 150w, https:\/\/villarrealcf.es\/\/wp-content\/uploads\/2022\/08\/1ff3d2ef96437ef3a0ef66c1467f12da.jpg 1920w","sizes":"auto, (max-width: 819px) 100vw, 819px"},{"type":"paragraph","text":"L\u2019APV ha organitzat un despla\u00e7ament per a animar al conjunt groc aquest diumenge en el Coliseum Alfonso P\u00e9rez"},{"type":"paragraph","text":"Anima al Villarreal a Getafe! L\u2019Agrupaci\u00f3 de Penyes del Villarreal CF ha organitzat un despla\u00e7ament perqu\u00e8 l\u2019afici\u00f3 grogueta acompanye al Submar\u00ed en el Coliseum Alfonso P\u00e9rez (diumenge, 17.30 hores)."},{"type":"paragraph","text":"El viatge, que inclou entrada i despla\u00e7ament amb autob\u00fas, t\u00e9 un preu de 60 euros per a pe\u00f1ista i 75 euros per a la resta d\u2019aficionats \u2018groguets\u2019. Els autobusos eixiran el mateix diumenge, dia del partit, a les 07.00 hores, des de l\u2019IES Broch i Llop (Av. Europa, 60) i la tornada a Vila-real est\u00e0 prevista una vegada que concloga el partit."},{"type":"paragraph","text":"Les inscripcions al viatge es poden realitzar a trav\u00e9s de la web de l\u2019APV (www.apvillarrealcf.com) des d\u2019aquest dimarts 23 fins a dijous 25 d\u2019agost."},{"type":"paragraph","text":"Compra la teua entrada per 40 euros!"},{"type":"paragraph","text":"Els seguidors grocs que preferisquen comprar \u00fanicament l\u2019entrada per al partit davant el Getafe CF podran fer-ho acudint a partir del dimecres 24 d\u2019agost a la vesprada a la Tenda Oficial del Villarreal CF (Pla\u00e7a Major de Vila-real). El preu de les entrades visitants \u00e9s de 40 euros. Cal recordar que les entrades s\u00f3n nominatives i, per a fer-se amb elles, \u00e9s necessari aportar el n\u00famero de DNI i de tel\u00e8fon m\u00f2bil."}]}},"sections":[{"id":"section-1","title":"","text":"L\u2019APV ha organitzat un despla\u00e7ament per a animar al conjunt groc aquest diumenge en el Coliseum Alfonso P\u00e9rez Anima al Villarreal a Getafe! L\u2019Agrupaci\u00f3 de Penyes del Villarreal CF ha organitzat un despla\u00e7ament perqu\u00e8 l\u2019afici\u00f3 grogueta acompanye al Submar\u00ed en el Coliseum Alfonso P\u00e9rez (diumenge, 17.30 hores). El viatge, que inclou entrada i despla\u00e7ament amb autob\u00fas, t\u00e9 un preu de 60 euros per a pe\u00f1ista i 75 euros per a la resta d\u2019aficionats \u2018groguets\u2019. Els autobusos eixiran el mateix diumenge, dia del partit, a les 07.00 hores, des de l\u2019IES Broch i Llop (Av. Europa, 60) i la tornada a Vila-real est\u00e0 prevista una vegada que concloga el partit. Les inscripcions al viatge es poden realitzar a trav\u00e9s de la web de l\u2019APV (www.apvillarrealcf.com) des d\u2019aquest dimarts 23 fins a dijous 25 d\u2019agost. Compra la teua entrada per 40 euros! Els seguidors grocs que preferisquen comprar \u00fanicament l\u2019entrada per al partit davant el Getafe CF podran fer-ho acudint a partir del dimecres 24 d\u2019agost a la vesprada a la Tenda Oficial del Villarreal CF (Pla\u00e7a Major de Vila-real). El preu de les entrades visitants \u00e9s de 40 euros. Cal recordar que les entrades s\u00f3n nominatives i, per a fer-se amb elles, \u00e9s necessari aportar el n\u00famero de DNI i de tel\u00e8fon m\u00f2bil.","url":"","background_image":"","images":[{"type":"image","url":"https:\/\/villarrealcf.es\/\/wp-content\/uploads\/2022\/08\/1ff3d2ef96437ef3a0ef66c1467f12da.jpg","alt":"||||","width":819,"height":460,"srcset":"https:\/\/villarrealcf.es\/wp-content\/uploads\/2022\/08\/1ff3d2ef96437ef3a0ef66c1467f12da.jpg 819w, https:\/\/villarrealcf.es\/\/wp-content\/uploads\/2022\/08\/1ff3d2ef96437ef3a0ef66c1467f12da.jpg 1920w, https:\/\/villarrealcf.es\/\/wp-content\/uploads\/2022\/08\/1ff3d2ef96437ef3a0ef66c1467f12da.jpg 1920w, https:\/\/villarrealcf.es\/\/wp-content\/uploads\/2022\/08\/1ff3d2ef96437ef3a0ef66c1467f12da.jpg 1920w, https:\/\/villarrealcf.es\/wp-content\/uploads\/2022\/08\/1ff3d2ef96437ef3a0ef66c1467f12da-32x18.jpg 32w, https:\/\/villarrealcf.es\/wp-content\/uploads\/2022\/08\/1ff3d2ef96437ef3a0ef66c1467f12da-150x84.jpg 150w, https:\/\/villarrealcf.es\/\/wp-content\/uploads\/2022\/08\/1ff3d2ef96437ef3a0ef66c1467f12da.jpg 1920w","sizes":"auto, (max-width: 819px) 100vw, 819px"}],"videos":[],"links":[]},{"id":"shortcode-caption-69f0b2ceac794","type":"shortcode","shortcode":"caption","attributes":{"id":"attachment_187533","align":"alignnone","width":""},"title":"Caption","rendered":"","data":[],"text":"","url":"","background_image":"","images":[],"videos":[],"links":[],"blocks":[]}]},"excerpt":{"rendered":"L&#8217;APV ha organitzat un despla\u00e7ament per a animar al conjunt groc aquest diumenge en el Coliseum Alfonso P\u00e9rez","protected":false},"author":25,"featured_media":187533,"comment_status":"","ping_status":"","sticky":false,"template":"","format":"standard","meta":{"_acf_changed":false,"footnotes":""},"categories":[4854],"tags":[12554,12556,9270,9717,5342,9205,9627,8476,9203],"acf":null,"lang":"val","translations":{"val":224690},"essential_grid":{"has_grid":false},"formatted_date":"August 23, 2022","modified_date":"August 23, 2022","permalink":"https:\/\/villarrealcf.es\/val\/acompanya-al-villarreal-a-getafe\/","reading_time":2,"featured_media_data":{"id":187533,"title":"||||","caption":"||||","alt_text":"","description":"","mime_type":"image\/jpeg","source_url":"https:\/\/villarrealcf.es\/wp-content\/uploads\/2022\/08\/1ff3d2ef96437ef3a0ef66c1467f12da.jpg","sizes":{"thumbnail":{"url":"https:\/\/villarrealcf.es\/wp-content\/uploads\/2022\/08\/1ff3d2ef96437ef3a0ef66c1467f12da-150x150.jpg","width":150,"height":150},"medium":{"url":"https:\/\/villarrealcf.es\/wp-content\/uploads\/2022\/08\/1ff3d2ef96437ef3a0ef66c1467f12da-300x168.jpg","width":300,"height":168},"medium_large":{"url":"https:\/\/villarrealcf.es\/wp-content\/uploads\/2022\/08\/1ff3d2ef96437ef3a0ef66c1467f12da-768x431.jpg","width":768,"height":431},"large":{"url":"https:\/\/villarrealcf.es\/wp-content\/uploads\/2022\/08\/1ff3d2ef96437ef3a0ef66c1467f12da.jpg","width":788,"height":443},"1536x1536":{"url":"https:\/\/villarrealcf.es\/wp-content\/uploads\/2022\/08\/1ff3d2ef96437ef3a0ef66c1467f12da.jpg","width":819,"height":460},"2048x2048":{"url":"https:\/\/villarrealcf.es\/wp-content\/uploads\/2022\/08\/1ff3d2ef96437ef3a0ef66c1467f12da.jpg","width":819,"height":460},"tp-image-grid":{"url":"https:\/\/villarrealcf.es\/wp-content\/uploads\/2022\/08\/1ff3d2ef96437ef3a0ef66c1467f12da-700x460.jpg","width":700,"height":460},"size-bunyad-medium":{"url":"https:\/\/villarrealcf.es\/wp-content\/uploads\/2022\/08\/1ff3d2ef96437ef3a0ef66c1467f12da.jpg","width":819,"height":460},"sportspress-crop-medium":{"url":"https:\/\/villarrealcf.es\/wp-content\/uploads\/2022\/08\/1ff3d2ef96437ef3a0ef66c1467f12da-300x300.jpg","width":300,"height":300},"sportspress-fit-medium":{"url":"https:\/\/villarrealcf.es\/wp-content\/uploads\/2022\/08\/1ff3d2ef96437ef3a0ef66c1467f12da-300x168.jpg","width":300,"height":168},"sportspress-fit-icon":{"url":"https:\/\/villarrealcf.es\/wp-content\/uploads\/2022\/08\/1ff3d2ef96437ef3a0ef66c1467f12da-128x72.jpg","width":128,"height":72},"sportspress-fit-mini":{"url":"https:\/\/villarrealcf.es\/wp-content\/uploads\/2022\/08\/1ff3d2ef96437ef3a0ef66c1467f12da-32x18.jpg","width":32,"height":18},"bunyad-small":{"url":"https:\/\/villarrealcf.es\/wp-content\/uploads\/2022\/08\/1ff3d2ef96437ef3a0ef66c1467f12da-150x84.jpg","width":150,"height":84},"bunyad-medium":{"url":"https:\/\/villarrealcf.es\/wp-content\/uploads\/2022\/08\/1ff3d2ef96437ef3a0ef66c1467f12da-450x253.jpg","width":450,"height":253},"bunyad-full":{"url":"https:\/\/villarrealcf.es\/wp-content\/uploads\/2022\/08\/1ff3d2ef96437ef3a0ef66c1467f12da.jpg","width":819,"height":460},"bunyad-viewport":{"url":"https:\/\/villarrealcf.es\/wp-content\/uploads\/2022\/08\/1ff3d2ef96437ef3a0ef66c1467f12da.jpg","width":819,"height":460},"bunyad-768":{"url":"https:\/\/villarrealcf.es\/wp-content\/uploads\/2022\/08\/1ff3d2ef96437ef3a0ef66c1467f12da-768x431.jpg","width":768,"height":431},"full":{"url":"https:\/\/villarrealcf.es\/wp-content\/uploads\/2022\/08\/1ff3d2ef96437ef3a0ef66c1467f12da.jpg","width":819,"height":460}}},"author_data":{"id":"25","name":"Javier Ayuso","first_name":"Javier","last_name":"Ayuso","description":"","avatar_url":"https:\/\/secure.gravatar.com\/avatar\/fcf8894be45988fcce5bbff0efe1790d2a7f4ba57e2c7c898f5068154e696495?s=96&d=mm&r=g","acf":null},"taxonomies_data":{"category":[{"id":4854,"name":"Noticies Generals","slug":"noticies-generals","acf":null}],"post_tag":[{"id":12554,"name":"#Football","slug":"football-val","acf":null},{"id":12556,"name":"#Soccer","slug":"soccer-val","acf":null},{"id":9270,"name":"Futbol","slug":"futbol-val","acf":null},{"id":9717,"name":"Getafe CF","slug":"getafe-cf-val","acf":null},{"id":5342,"name":"Primer Equipo","slug":"primer-equipo","acf":null},{"id":9205,"name":"Submarino","slug":"submarino-val","acf":null},{"id":9627,"name":"Submarino Amarillo","slug":"submarino-amarillo-val","acf":null},{"id":8476,"name":"Venta de entradas","slug":"venta-de-entradas","acf":null},{"id":9203,"name":"Villarreal CF","slug":"villarreal-cf-val","acf":null}],"translation_priority":[{"id":735,"name":"Optional","slug":"optional-val","acf":null}]},"seo_full":{"native":{"title":"Acompanya al Villarreal a Getafe! - Web Oficial del Villarreal CF","description":"[caption id=\"attachment_187533\" align=\"alignnone\" width=\"\"]||||[\/caption]L'APV ha organitzat un despla\u00e7ament per a animar al conjunt groc aquest diumenge en el Coliseum Alfonso&hellip;","canonical":"https:\/\/villarrealcf.es\/val\/acompanya-al-villarreal-a-getafe\/"}},"_links":{"self":[{"href":"https:\/\/villarrealcf.es\/val\/wp-json\/wp\/v2\/posts\/224690","targetHints":{"allow":["GET"]}}],"collection":[{"href":"https:\/\/villarrealcf.es\/val\/wp-json\/wp\/v2\/posts"}],"about":[{"href":"https:\/\/villarrealcf.es\/val\/wp-json\/wp\/v2\/types\/post"}],"author":[{"embeddable":true,"href":"https:\/\/villarrealcf.es\/val\/wp-json\/wp\/v2\/users\/25"}],"replies":[{"embeddable":true,"href":"https:\/\/villarrealcf.es\/val\/wp-json\/wp\/v2\/comments?post=224690"}],"version-history":[{"count":0,"href":"https:\/\/villarrealcf.es\/val\/wp-json\/wp\/v2\/posts\/224690\/revisions"}],"wp:featuredmedia":[{"embeddable":true,"href":"https:\/\/villarrealcf.es\/val\/wp-json\/wp\/v2\/media\/187533"}],"wp:attachment":[{"href":"https:\/\/villarrealcf.es\/val\/wp-json\/wp\/v2\/media?parent=224690"}],"wp:term":[{"taxonomy":"category","embeddable":true,"href":"https:\/\/villarrealcf.es\/val\/wp-json\/wp\/v2\/categories?post=224690"},{"taxonomy":"post_tag","embeddable":true,"href":"https:\/\/villarrealcf.es\/val\/wp-json\/wp\/v2\/tags?post=224690"}],"curies":[{"name":"wp","href":"https:\/\/api.w.org\/{rel}","templated":true}]}}