{"id":224675,"date":"2022-08-21T16:52:39","date_gmt":"2022-08-21T14:52:39","guid":{"rendered":"https:\/\/villarrealcf.es\/\/emery-hem-mostrat-l-equip-que-som\/"},"modified":"2022-08-21T16:52:39","modified_gmt":"2022-08-21T14:52:39","slug":"emery-hem-mostrat-l-equip-que-som","status":"publish","type":"post","link":"https:\/\/villarrealcf.es\/val\/emery-hem-mostrat-l-equip-que-som\/","title":{"rendered":"Emery: &#8220;Hem mostrat l&#8217;equip que som&#8221;"},"content":{"protected":false,"blocks":[{"type":"image","url":"https:\/\/villarrealcf.es\/\/wp-content\/uploads\/2022\/08\/022e5046a9ca905a8fa92a94cfa87f20.jpg","alt":"||||||","width":819,"height":460,"srcset":"https:\/\/villarrealcf.es\/wp-content\/uploads\/2022\/08\/022e5046a9ca905a8fa92a94cfa87f20.jpg 819w, https:\/\/villarrealcf.es\/\/wp-content\/uploads\/2022\/08\/022e5046a9ca905a8fa92a94cfa87f20.jpg 1920w, https:\/\/villarrealcf.es\/\/wp-content\/uploads\/2022\/08\/022e5046a9ca905a8fa92a94cfa87f20.jpg 1920w, https:\/\/villarrealcf.es\/\/wp-content\/uploads\/2022\/08\/022e5046a9ca905a8fa92a94cfa87f20.jpg 1920w, https:\/\/villarrealcf.es\/wp-content\/uploads\/2022\/08\/022e5046a9ca905a8fa92a94cfa87f20-32x18.jpg 32w, https:\/\/villarrealcf.es\/wp-content\/uploads\/2022\/08\/022e5046a9ca905a8fa92a94cfa87f20-150x84.jpg 150w, https:\/\/villarrealcf.es\/\/wp-content\/uploads\/2022\/08\/022e5046a9ca905a8fa92a94cfa87f20.jpg 1920w","sizes":"auto, (max-width: 819px) 100vw, 819px"},{"type":"paragraph","text":"L\u2019entrenador del Villarreal ha destacat la personalitat i l\u2019exig\u00e8ncia defensiva que ha tingut el seu equip en el Metropolitano"},{"type":"paragraph","text":"L\u2019entrenador del Villarreal, Unai Emery, ha comparegut davant els mitjans de comunicaci\u00f3 per a analitzar la impressionant vict\u00f2ria del conjunt groc davant l\u2019Atl\u00e9tico de Madrid en el C\u00edvitas Metropolitano (0-2)."},{"type":"paragraph","text":"El t\u00e8cnic d\u2019Hondarribia ha ressaltat la gran personalitat que ha mostrat el seu equip en el feu blanc-i-vermell: \u201cAqueix era el nostre pla. A m\u00e9s, sab\u00edem que hav\u00edem de tindre paci\u00e8ncia. No precipitar-nos en les accions amb pilota. Ha eixit tot genial\u201d."},{"type":"paragraph","text":"Aix\u00ed mateix, el preparador \u2018groguet\u2019 ha valorat l\u2019excel\u00b7lent treball que han fet els seus en la parcel\u00b7la defensiva: \u201cHem portat el partit al que som i defensivament, tamb\u00e9 sab\u00edem que hav\u00edem de ser molt exigents. Ho hem fet i hem aprofitat els espais quan ja ten\u00edem avantatge en el marcador\u201d."},{"type":"paragraph","text":"En el v\u00eddeo adjunt a la not\u00edcia, pots escoltar les declaracions d\u2019Unai Emery davant els mitjans de comunicaci\u00f3."},{"type":"video","kind":"iframe","url":"https:\/\/www.youtube.com\/embed\/e-OPbonkYTI?feature=oembed","poster":""}],"structured":{"summary":{"text":"L\u2019entrenador del Villarreal ha destacat la personalitat i l\u2019exig\u00e8ncia defensiva que ha tingut el seu equip en el Metropolitano L\u2019entrenador del Villarreal, Unai Emery, ha comparegut davant els mitjans de comunicaci\u00f3 per a analitzar la impressionant vict\u00f2ria del conjunt groc davant l\u2019Atl\u00e9tico de Madrid en el C\u00edvitas Metropolitano (0-2). El t\u00e8cnic d\u2019Hondarribia ha ressaltat la gran personalitat que ha mostrat el seu equip en el feu blanc-i-vermell: \u201cAqueix era el nostre pla. A m\u00e9s, sab\u00edem que hav\u00edem de tindre paci\u00e8ncia. No precipitar-nos en les accions amb pilota. Ha eixit tot genial\u201d. Aix\u00ed mateix, el preparador \u2018groguet\u2019 ha valorat l\u2019excel\u00b7lent treball que han fet els seus en la parcel\u00b7la defensiva: \u201cHem portat el partit al que som i defensivament, tamb\u00e9 sab\u00edem que hav\u00edem de ser molt exigents. Ho hem fet i hem aprofitat els espais quan ja ten\u00edem avantatge en el marcador\u201d. En el v\u00eddeo adjunt a la not\u00edcia, pots escoltar les declaracions d\u2019Unai Emery davant els mitjans de comunicaci\u00f3.","headings":[],"buttons":[],"images":[{"type":"image","url":"https:\/\/villarrealcf.es\/\/wp-content\/uploads\/2022\/08\/022e5046a9ca905a8fa92a94cfa87f20.jpg","alt":"||||||","width":819,"height":460,"srcset":"https:\/\/villarrealcf.es\/wp-content\/uploads\/2022\/08\/022e5046a9ca905a8fa92a94cfa87f20.jpg 819w, https:\/\/villarrealcf.es\/\/wp-content\/uploads\/2022\/08\/022e5046a9ca905a8fa92a94cfa87f20.jpg 1920w, https:\/\/villarrealcf.es\/\/wp-content\/uploads\/2022\/08\/022e5046a9ca905a8fa92a94cfa87f20.jpg 1920w, https:\/\/villarrealcf.es\/\/wp-content\/uploads\/2022\/08\/022e5046a9ca905a8fa92a94cfa87f20.jpg 1920w, https:\/\/villarrealcf.es\/wp-content\/uploads\/2022\/08\/022e5046a9ca905a8fa92a94cfa87f20-32x18.jpg 32w, https:\/\/villarrealcf.es\/wp-content\/uploads\/2022\/08\/022e5046a9ca905a8fa92a94cfa87f20-150x84.jpg 150w, https:\/\/villarrealcf.es\/\/wp-content\/uploads\/2022\/08\/022e5046a9ca905a8fa92a94cfa87f20.jpg 1920w","sizes":"auto, (max-width: 819px) 100vw, 819px"}],"counts":{"blocks":7,"headings":0,"texts":5,"buttons":0,"images":1}},"sections":[{"id":"section-1","title":"","text":"L\u2019entrenador del Villarreal ha destacat la personalitat i l\u2019exig\u00e8ncia defensiva que ha tingut el seu equip en el Metropolitano L\u2019entrenador del Villarreal, Unai Emery, ha comparegut davant els mitjans de comunicaci\u00f3 per a analitzar la impressionant vict\u00f2ria del conjunt groc davant l\u2019Atl\u00e9tico de Madrid en el C\u00edvitas Metropolitano (0-2). El t\u00e8cnic d\u2019Hondarribia ha ressaltat la gran personalitat que ha mostrat el seu equip en el feu blanc-i-vermell: \u201cAqueix era el nostre pla. A m\u00e9s, sab\u00edem que hav\u00edem de tindre paci\u00e8ncia. No precipitar-nos en les accions amb pilota. Ha eixit tot genial\u201d. Aix\u00ed mateix, el preparador \u2018groguet\u2019 ha valorat l\u2019excel\u00b7lent treball que han fet els seus en la parcel\u00b7la defensiva: \u201cHem portat el partit al que som i defensivament, tamb\u00e9 sab\u00edem que hav\u00edem de ser molt exigents. Ho hem fet i hem aprofitat els espais quan ja ten\u00edem avantatge en el marcador\u201d. En el v\u00eddeo adjunt a la not\u00edcia, pots escoltar les declaracions d\u2019Unai Emery davant els mitjans de comunicaci\u00f3.","headings":[],"texts":[{"type":"paragraph","text":"L\u2019entrenador del Villarreal ha destacat la personalitat i l\u2019exig\u00e8ncia defensiva que ha tingut el seu equip en el Metropolitano"},{"type":"paragraph","text":"L\u2019entrenador del Villarreal, Unai Emery, ha comparegut davant els mitjans de comunicaci\u00f3 per a analitzar la impressionant vict\u00f2ria del conjunt groc davant l\u2019Atl\u00e9tico de Madrid en el C\u00edvitas Metropolitano (0-2)."},{"type":"paragraph","text":"El t\u00e8cnic d\u2019Hondarribia ha ressaltat la gran personalitat que ha mostrat el seu equip en el feu blanc-i-vermell: \u201cAqueix era el nostre pla. A m\u00e9s, sab\u00edem que hav\u00edem de tindre paci\u00e8ncia. No precipitar-nos en les accions amb pilota. Ha eixit tot genial\u201d."},{"type":"paragraph","text":"Aix\u00ed mateix, el preparador \u2018groguet\u2019 ha valorat l\u2019excel\u00b7lent treball que han fet els seus en la parcel\u00b7la defensiva: \u201cHem portat el partit al que som i defensivament, tamb\u00e9 sab\u00edem que hav\u00edem de ser molt exigents. Ho hem fet i hem aprofitat els espais quan ja ten\u00edem avantatge en el marcador\u201d."},{"type":"paragraph","text":"En el v\u00eddeo adjunt a la not\u00edcia, pots escoltar les declaracions d\u2019Unai Emery davant els mitjans de comunicaci\u00f3."}],"buttons":[],"images":[{"type":"image","url":"https:\/\/villarrealcf.es\/\/wp-content\/uploads\/2022\/08\/022e5046a9ca905a8fa92a94cfa87f20.jpg","alt":"||||||","width":819,"height":460,"srcset":"https:\/\/villarrealcf.es\/wp-content\/uploads\/2022\/08\/022e5046a9ca905a8fa92a94cfa87f20.jpg 819w, https:\/\/villarrealcf.es\/\/wp-content\/uploads\/2022\/08\/022e5046a9ca905a8fa92a94cfa87f20.jpg 1920w, https:\/\/villarrealcf.es\/\/wp-content\/uploads\/2022\/08\/022e5046a9ca905a8fa92a94cfa87f20.jpg 1920w, https:\/\/villarrealcf.es\/\/wp-content\/uploads\/2022\/08\/022e5046a9ca905a8fa92a94cfa87f20.jpg 1920w, https:\/\/villarrealcf.es\/wp-content\/uploads\/2022\/08\/022e5046a9ca905a8fa92a94cfa87f20-32x18.jpg 32w, https:\/\/villarrealcf.es\/wp-content\/uploads\/2022\/08\/022e5046a9ca905a8fa92a94cfa87f20-150x84.jpg 150w, https:\/\/villarrealcf.es\/\/wp-content\/uploads\/2022\/08\/022e5046a9ca905a8fa92a94cfa87f20.jpg 1920w","sizes":"auto, (max-width: 819px) 100vw, 819px"}],"widgets":[],"blocks":[{"type":"image","url":"https:\/\/villarrealcf.es\/\/wp-content\/uploads\/2022\/08\/022e5046a9ca905a8fa92a94cfa87f20.jpg","alt":"||||||","width":819,"height":460,"srcset":"https:\/\/villarrealcf.es\/wp-content\/uploads\/2022\/08\/022e5046a9ca905a8fa92a94cfa87f20.jpg 819w, https:\/\/villarrealcf.es\/\/wp-content\/uploads\/2022\/08\/022e5046a9ca905a8fa92a94cfa87f20.jpg 1920w, https:\/\/villarrealcf.es\/\/wp-content\/uploads\/2022\/08\/022e5046a9ca905a8fa92a94cfa87f20.jpg 1920w, https:\/\/villarrealcf.es\/\/wp-content\/uploads\/2022\/08\/022e5046a9ca905a8fa92a94cfa87f20.jpg 1920w, https:\/\/villarrealcf.es\/wp-content\/uploads\/2022\/08\/022e5046a9ca905a8fa92a94cfa87f20-32x18.jpg 32w, https:\/\/villarrealcf.es\/wp-content\/uploads\/2022\/08\/022e5046a9ca905a8fa92a94cfa87f20-150x84.jpg 150w, https:\/\/villarrealcf.es\/\/wp-content\/uploads\/2022\/08\/022e5046a9ca905a8fa92a94cfa87f20.jpg 1920w","sizes":"auto, (max-width: 819px) 100vw, 819px"},{"type":"paragraph","text":"L\u2019entrenador del Villarreal ha destacat la personalitat i l\u2019exig\u00e8ncia defensiva que ha tingut el seu equip en el Metropolitano"},{"type":"paragraph","text":"L\u2019entrenador del Villarreal, Unai Emery, ha comparegut davant els mitjans de comunicaci\u00f3 per a analitzar la impressionant vict\u00f2ria del conjunt groc davant l\u2019Atl\u00e9tico de Madrid en el C\u00edvitas Metropolitano (0-2)."},{"type":"paragraph","text":"El t\u00e8cnic d\u2019Hondarribia ha ressaltat la gran personalitat que ha mostrat el seu equip en el feu blanc-i-vermell: \u201cAqueix era el nostre pla. A m\u00e9s, sab\u00edem que hav\u00edem de tindre paci\u00e8ncia. No precipitar-nos en les accions amb pilota. Ha eixit tot genial\u201d."},{"type":"paragraph","text":"Aix\u00ed mateix, el preparador \u2018groguet\u2019 ha valorat l\u2019excel\u00b7lent treball que han fet els seus en la parcel\u00b7la defensiva: \u201cHem portat el partit al que som i defensivament, tamb\u00e9 sab\u00edem que hav\u00edem de ser molt exigents. Ho hem fet i hem aprofitat els espais quan ja ten\u00edem avantatge en el marcador\u201d."},{"type":"paragraph","text":"En el v\u00eddeo adjunt a la not\u00edcia, pots escoltar les declaracions d\u2019Unai Emery davant els mitjans de comunicaci\u00f3."},{"type":"video","kind":"iframe","url":"https:\/\/www.youtube.com\/embed\/e-OPbonkYTI?feature=oembed","poster":""}]}],"hero":{"id":"section-1","title":"","text":"L\u2019entrenador del Villarreal ha destacat la personalitat i l\u2019exig\u00e8ncia defensiva que ha tingut el seu equip en el Metropolitano L\u2019entrenador del Villarreal, Unai Emery, ha comparegut davant els mitjans de comunicaci\u00f3 per a analitzar la impressionant vict\u00f2ria del conjunt groc davant l\u2019Atl\u00e9tico de Madrid en el C\u00edvitas Metropolitano (0-2). El t\u00e8cnic d\u2019Hondarribia ha ressaltat la gran personalitat que ha mostrat el seu equip en el feu blanc-i-vermell: \u201cAqueix era el nostre pla. A m\u00e9s, sab\u00edem que hav\u00edem de tindre paci\u00e8ncia. No precipitar-nos en les accions amb pilota. Ha eixit tot genial\u201d. Aix\u00ed mateix, el preparador \u2018groguet\u2019 ha valorat l\u2019excel\u00b7lent treball que han fet els seus en la parcel\u00b7la defensiva: \u201cHem portat el partit al que som i defensivament, tamb\u00e9 sab\u00edem que hav\u00edem de ser molt exigents. Ho hem fet i hem aprofitat els espais quan ja ten\u00edem avantatge en el marcador\u201d. En el v\u00eddeo adjunt a la not\u00edcia, pots escoltar les declaracions d\u2019Unai Emery davant els mitjans de comunicaci\u00f3.","headings":[],"texts":[{"type":"paragraph","text":"L\u2019entrenador del Villarreal ha destacat la personalitat i l\u2019exig\u00e8ncia defensiva que ha tingut el seu equip en el Metropolitano"},{"type":"paragraph","text":"L\u2019entrenador del Villarreal, Unai Emery, ha comparegut davant els mitjans de comunicaci\u00f3 per a analitzar la impressionant vict\u00f2ria del conjunt groc davant l\u2019Atl\u00e9tico de Madrid en el C\u00edvitas Metropolitano (0-2)."},{"type":"paragraph","text":"El t\u00e8cnic d\u2019Hondarribia ha ressaltat la gran personalitat que ha mostrat el seu equip en el feu blanc-i-vermell: \u201cAqueix era el nostre pla. A m\u00e9s, sab\u00edem que hav\u00edem de tindre paci\u00e8ncia. No precipitar-nos en les accions amb pilota. Ha eixit tot genial\u201d."},{"type":"paragraph","text":"Aix\u00ed mateix, el preparador \u2018groguet\u2019 ha valorat l\u2019excel\u00b7lent treball que han fet els seus en la parcel\u00b7la defensiva: \u201cHem portat el partit al que som i defensivament, tamb\u00e9 sab\u00edem que hav\u00edem de ser molt exigents. Ho hem fet i hem aprofitat els espais quan ja ten\u00edem avantatge en el marcador\u201d."},{"type":"paragraph","text":"En el v\u00eddeo adjunt a la not\u00edcia, pots escoltar les declaracions d\u2019Unai Emery davant els mitjans de comunicaci\u00f3."}],"buttons":[],"images":[{"type":"image","url":"https:\/\/villarrealcf.es\/\/wp-content\/uploads\/2022\/08\/022e5046a9ca905a8fa92a94cfa87f20.jpg","alt":"||||||","width":819,"height":460,"srcset":"https:\/\/villarrealcf.es\/wp-content\/uploads\/2022\/08\/022e5046a9ca905a8fa92a94cfa87f20.jpg 819w, https:\/\/villarrealcf.es\/\/wp-content\/uploads\/2022\/08\/022e5046a9ca905a8fa92a94cfa87f20.jpg 1920w, https:\/\/villarrealcf.es\/\/wp-content\/uploads\/2022\/08\/022e5046a9ca905a8fa92a94cfa87f20.jpg 1920w, https:\/\/villarrealcf.es\/\/wp-content\/uploads\/2022\/08\/022e5046a9ca905a8fa92a94cfa87f20.jpg 1920w, https:\/\/villarrealcf.es\/wp-content\/uploads\/2022\/08\/022e5046a9ca905a8fa92a94cfa87f20-32x18.jpg 32w, https:\/\/villarrealcf.es\/wp-content\/uploads\/2022\/08\/022e5046a9ca905a8fa92a94cfa87f20-150x84.jpg 150w, https:\/\/villarrealcf.es\/\/wp-content\/uploads\/2022\/08\/022e5046a9ca905a8fa92a94cfa87f20.jpg 1920w","sizes":"auto, (max-width: 819px) 100vw, 819px"}],"widgets":[],"blocks":[{"type":"image","url":"https:\/\/villarrealcf.es\/\/wp-content\/uploads\/2022\/08\/022e5046a9ca905a8fa92a94cfa87f20.jpg","alt":"||||||","width":819,"height":460,"srcset":"https:\/\/villarrealcf.es\/wp-content\/uploads\/2022\/08\/022e5046a9ca905a8fa92a94cfa87f20.jpg 819w, https:\/\/villarrealcf.es\/\/wp-content\/uploads\/2022\/08\/022e5046a9ca905a8fa92a94cfa87f20.jpg 1920w, https:\/\/villarrealcf.es\/\/wp-content\/uploads\/2022\/08\/022e5046a9ca905a8fa92a94cfa87f20.jpg 1920w, https:\/\/villarrealcf.es\/\/wp-content\/uploads\/2022\/08\/022e5046a9ca905a8fa92a94cfa87f20.jpg 1920w, https:\/\/villarrealcf.es\/wp-content\/uploads\/2022\/08\/022e5046a9ca905a8fa92a94cfa87f20-32x18.jpg 32w, https:\/\/villarrealcf.es\/wp-content\/uploads\/2022\/08\/022e5046a9ca905a8fa92a94cfa87f20-150x84.jpg 150w, https:\/\/villarrealcf.es\/\/wp-content\/uploads\/2022\/08\/022e5046a9ca905a8fa92a94cfa87f20.jpg 1920w","sizes":"auto, (max-width: 819px) 100vw, 819px"},{"type":"paragraph","text":"L\u2019entrenador del Villarreal ha destacat la personalitat i l\u2019exig\u00e8ncia defensiva que ha tingut el seu equip en el Metropolitano"},{"type":"paragraph","text":"L\u2019entrenador del Villarreal, Unai Emery, ha comparegut davant els mitjans de comunicaci\u00f3 per a analitzar la impressionant vict\u00f2ria del conjunt groc davant l\u2019Atl\u00e9tico de Madrid en el C\u00edvitas Metropolitano (0-2)."},{"type":"paragraph","text":"El t\u00e8cnic d\u2019Hondarribia ha ressaltat la gran personalitat que ha mostrat el seu equip en el feu blanc-i-vermell: \u201cAqueix era el nostre pla. A m\u00e9s, sab\u00edem que hav\u00edem de tindre paci\u00e8ncia. No precipitar-nos en les accions amb pilota. Ha eixit tot genial\u201d."},{"type":"paragraph","text":"Aix\u00ed mateix, el preparador \u2018groguet\u2019 ha valorat l\u2019excel\u00b7lent treball que han fet els seus en la parcel\u00b7la defensiva: \u201cHem portat el partit al que som i defensivament, tamb\u00e9 sab\u00edem que hav\u00edem de ser molt exigents. Ho hem fet i hem aprofitat els espais quan ja ten\u00edem avantatge en el marcador\u201d."},{"type":"paragraph","text":"En el v\u00eddeo adjunt a la not\u00edcia, pots escoltar les declaracions d\u2019Unai Emery davant els mitjans de comunicaci\u00f3."},{"type":"video","kind":"iframe","url":"https:\/\/www.youtube.com\/embed\/e-OPbonkYTI?feature=oembed","poster":""}]}},"sections":[{"id":"section-1","title":"","text":"L\u2019entrenador del Villarreal ha destacat la personalitat i l\u2019exig\u00e8ncia defensiva que ha tingut el seu equip en el Metropolitano L\u2019entrenador del Villarreal, Unai Emery, ha comparegut davant els mitjans de comunicaci\u00f3 per a analitzar la impressionant vict\u00f2ria del conjunt groc davant l\u2019Atl\u00e9tico de Madrid en el C\u00edvitas Metropolitano (0-2). El t\u00e8cnic d\u2019Hondarribia ha ressaltat la gran personalitat que ha mostrat el seu equip en el feu blanc-i-vermell: \u201cAqueix era el nostre pla. A m\u00e9s, sab\u00edem que hav\u00edem de tindre paci\u00e8ncia. No precipitar-nos en les accions amb pilota. Ha eixit tot genial\u201d. Aix\u00ed mateix, el preparador \u2018groguet\u2019 ha valorat l\u2019excel\u00b7lent treball que han fet els seus en la parcel\u00b7la defensiva: \u201cHem portat el partit al que som i defensivament, tamb\u00e9 sab\u00edem que hav\u00edem de ser molt exigents. Ho hem fet i hem aprofitat els espais quan ja ten\u00edem avantatge en el marcador\u201d. En el v\u00eddeo adjunt a la not\u00edcia, pots escoltar les declaracions d\u2019Unai Emery davant els mitjans de comunicaci\u00f3.","url":"","background_image":"","images":[{"type":"image","url":"https:\/\/villarrealcf.es\/\/wp-content\/uploads\/2022\/08\/022e5046a9ca905a8fa92a94cfa87f20.jpg","alt":"||||||","width":819,"height":460,"srcset":"https:\/\/villarrealcf.es\/wp-content\/uploads\/2022\/08\/022e5046a9ca905a8fa92a94cfa87f20.jpg 819w, https:\/\/villarrealcf.es\/\/wp-content\/uploads\/2022\/08\/022e5046a9ca905a8fa92a94cfa87f20.jpg 1920w, https:\/\/villarrealcf.es\/\/wp-content\/uploads\/2022\/08\/022e5046a9ca905a8fa92a94cfa87f20.jpg 1920w, https:\/\/villarrealcf.es\/\/wp-content\/uploads\/2022\/08\/022e5046a9ca905a8fa92a94cfa87f20.jpg 1920w, https:\/\/villarrealcf.es\/wp-content\/uploads\/2022\/08\/022e5046a9ca905a8fa92a94cfa87f20-32x18.jpg 32w, https:\/\/villarrealcf.es\/wp-content\/uploads\/2022\/08\/022e5046a9ca905a8fa92a94cfa87f20-150x84.jpg 150w, https:\/\/villarrealcf.es\/\/wp-content\/uploads\/2022\/08\/022e5046a9ca905a8fa92a94cfa87f20.jpg 1920w","sizes":"auto, (max-width: 819px) 100vw, 819px"}],"videos":[{"type":"video","kind":"iframe","url":"https:\/\/www.youtube.com\/embed\/e-OPbonkYTI?feature=oembed","poster":""}],"links":[]},{"id":"shortcode-caption-69f0b2ceab746","type":"shortcode","shortcode":"caption","attributes":{"id":"attachment_187473","align":"alignnone","width":""},"title":"Caption","rendered":"","data":[],"text":"","url":"","background_image":"","images":[],"videos":[],"links":[],"blocks":[]}]},"excerpt":{"rendered":"L&#8217;entrenador del Villarreal ha destacat la personalitat i l&#8217;exig\u00e8ncia defensiva que ha tingut el seu equip en el Metropolitano","protected":false},"author":25,"featured_media":187473,"comment_status":"","ping_status":"","sticky":false,"template":"","format":"standard","meta":{"_acf_changed":false,"footnotes":""},"categories":[4854],"tags":[12554,12556,9529,9270,5616,11042,5342,9680,8676,9203],"acf":null,"lang":"val","translations":{"val":224675},"essential_grid":{"has_grid":false},"formatted_date":"August 21, 2022","modified_date":"August 21, 2022","permalink":"https:\/\/villarrealcf.es\/val\/emery-hem-mostrat-l-equip-que-som\/","reading_time":1,"featured_media_data":{"id":187473,"title":"||||||","caption":"||||||","alt_text":"","description":"","mime_type":"image\/jpeg","source_url":"https:\/\/villarrealcf.es\/wp-content\/uploads\/2022\/08\/022e5046a9ca905a8fa92a94cfa87f20.jpg","sizes":{"thumbnail":{"url":"https:\/\/villarrealcf.es\/wp-content\/uploads\/2022\/08\/022e5046a9ca905a8fa92a94cfa87f20-150x150.jpg","width":150,"height":150},"medium":{"url":"https:\/\/villarrealcf.es\/wp-content\/uploads\/2022\/08\/022e5046a9ca905a8fa92a94cfa87f20-300x168.jpg","width":300,"height":168},"medium_large":{"url":"https:\/\/villarrealcf.es\/wp-content\/uploads\/2022\/08\/022e5046a9ca905a8fa92a94cfa87f20-768x431.jpg","width":768,"height":431},"large":{"url":"https:\/\/villarrealcf.es\/wp-content\/uploads\/2022\/08\/022e5046a9ca905a8fa92a94cfa87f20.jpg","width":788,"height":443},"1536x1536":{"url":"https:\/\/villarrealcf.es\/wp-content\/uploads\/2022\/08\/022e5046a9ca905a8fa92a94cfa87f20.jpg","width":819,"height":460},"2048x2048":{"url":"https:\/\/villarrealcf.es\/wp-content\/uploads\/2022\/08\/022e5046a9ca905a8fa92a94cfa87f20.jpg","width":819,"height":460},"tp-image-grid":{"url":"https:\/\/villarrealcf.es\/wp-content\/uploads\/2022\/08\/022e5046a9ca905a8fa92a94cfa87f20-700x460.jpg","width":700,"height":460},"size-bunyad-medium":{"url":"https:\/\/villarrealcf.es\/wp-content\/uploads\/2022\/08\/022e5046a9ca905a8fa92a94cfa87f20.jpg","width":819,"height":460},"sportspress-crop-medium":{"url":"https:\/\/villarrealcf.es\/wp-content\/uploads\/2022\/08\/022e5046a9ca905a8fa92a94cfa87f20-300x300.jpg","width":300,"height":300},"sportspress-fit-medium":{"url":"https:\/\/villarrealcf.es\/wp-content\/uploads\/2022\/08\/022e5046a9ca905a8fa92a94cfa87f20-300x168.jpg","width":300,"height":168},"sportspress-fit-icon":{"url":"https:\/\/villarrealcf.es\/wp-content\/uploads\/2022\/08\/022e5046a9ca905a8fa92a94cfa87f20-128x72.jpg","width":128,"height":72},"sportspress-fit-mini":{"url":"https:\/\/villarrealcf.es\/wp-content\/uploads\/2022\/08\/022e5046a9ca905a8fa92a94cfa87f20-32x18.jpg","width":32,"height":18},"bunyad-small":{"url":"https:\/\/villarrealcf.es\/wp-content\/uploads\/2022\/08\/022e5046a9ca905a8fa92a94cfa87f20-150x84.jpg","width":150,"height":84},"bunyad-medium":{"url":"https:\/\/villarrealcf.es\/wp-content\/uploads\/2022\/08\/022e5046a9ca905a8fa92a94cfa87f20-450x253.jpg","width":450,"height":253},"bunyad-full":{"url":"https:\/\/villarrealcf.es\/wp-content\/uploads\/2022\/08\/022e5046a9ca905a8fa92a94cfa87f20.jpg","width":819,"height":460},"bunyad-viewport":{"url":"https:\/\/villarrealcf.es\/wp-content\/uploads\/2022\/08\/022e5046a9ca905a8fa92a94cfa87f20.jpg","width":819,"height":460},"bunyad-768":{"url":"https:\/\/villarrealcf.es\/wp-content\/uploads\/2022\/08\/022e5046a9ca905a8fa92a94cfa87f20-768x431.jpg","width":768,"height":431},"full":{"url":"https:\/\/villarrealcf.es\/wp-content\/uploads\/2022\/08\/022e5046a9ca905a8fa92a94cfa87f20.jpg","width":819,"height":460}}},"author_data":{"id":"25","name":"Javier Ayuso","first_name":"Javier","last_name":"Ayuso","description":"","avatar_url":"https:\/\/secure.gravatar.com\/avatar\/fcf8894be45988fcce5bbff0efe1790d2a7f4ba57e2c7c898f5068154e696495?s=96&d=mm&r=g","acf":null},"taxonomies_data":{"category":[{"id":4854,"name":"Noticies Generals","slug":"noticies-generals","acf":null}],"post_tag":[{"id":12554,"name":"#Football","slug":"football-val","acf":null},{"id":12556,"name":"#Soccer","slug":"soccer-val","acf":null},{"id":9529,"name":"Atl\u00e9tico de Madrid","slug":"atletico-de-madrid-val","acf":null},{"id":9270,"name":"Futbol","slug":"futbol-val","acf":null},{"id":5616,"name":"Jornada 2","slug":"jornada-2","acf":null},{"id":11042,"name":"LaLiga","slug":"laliga-val","acf":null},{"id":5342,"name":"Primer Equipo","slug":"primer-equipo","acf":null},{"id":9680,"name":"Rueda de prensa","slug":"rueda-de-prensa-val","acf":null},{"id":8676,"name":"Unai Emery","slug":"unai-emery","acf":null},{"id":9203,"name":"Villarreal CF","slug":"villarreal-cf-val","acf":null}],"translation_priority":[{"id":733,"name":"Optional","slug":"optional","acf":null}]},"seo_full":{"native":{"title":"Emery: &#8220;Hem mostrat l&#8217;equip que som&#8221; - Web Oficial del Villarreal CF","description":"[caption id=\"attachment_187473\" align=\"alignnone\" width=\"\"]||||||[\/caption]L'entrenador del Villarreal ha destacat la personalitat i l'exig\u00e8ncia defensiva que ha tingut el seu equip en&hellip;","canonical":"https:\/\/villarrealcf.es\/val\/emery-hem-mostrat-l-equip-que-som\/"}},"_links":{"self":[{"href":"https:\/\/villarrealcf.es\/val\/wp-json\/wp\/v2\/posts\/224675","targetHints":{"allow":["GET"]}}],"collection":[{"href":"https:\/\/villarrealcf.es\/val\/wp-json\/wp\/v2\/posts"}],"about":[{"href":"https:\/\/villarrealcf.es\/val\/wp-json\/wp\/v2\/types\/post"}],"author":[{"embeddable":true,"href":"https:\/\/villarrealcf.es\/val\/wp-json\/wp\/v2\/users\/25"}],"replies":[{"embeddable":true,"href":"https:\/\/villarrealcf.es\/val\/wp-json\/wp\/v2\/comments?post=224675"}],"version-history":[{"count":0,"href":"https:\/\/villarrealcf.es\/val\/wp-json\/wp\/v2\/posts\/224675\/revisions"}],"wp:featuredmedia":[{"embeddable":true,"href":"https:\/\/villarrealcf.es\/val\/wp-json\/wp\/v2\/media\/187473"}],"wp:attachment":[{"href":"https:\/\/villarrealcf.es\/val\/wp-json\/wp\/v2\/media?parent=224675"}],"wp:term":[{"taxonomy":"category","embeddable":true,"href":"https:\/\/villarrealcf.es\/val\/wp-json\/wp\/v2\/categories?post=224675"},{"taxonomy":"post_tag","embeddable":true,"href":"https:\/\/villarrealcf.es\/val\/wp-json\/wp\/v2\/tags?post=224675"}],"curies":[{"name":"wp","href":"https:\/\/api.w.org\/{rel}","templated":true}]}}