{"id":224560,"date":"2022-08-26T11:30:52","date_gmt":"2022-08-26T09:30:52","guid":{"rendered":"https:\/\/villarrealcf.es\/\/liberman-torres-nou-reforc-del-filial\/"},"modified":"2022-08-26T11:30:52","modified_gmt":"2022-08-26T09:30:52","slug":"liberman-torres-nou-reforc-del-filial","status":"publish","type":"post","link":"https:\/\/villarrealcf.es\/val\/liberman-torres-nou-reforc-del-filial\/","title":{"rendered":"Liberman Torres, nou refor\u00e7 del filial"},"content":{"protected":false,"blocks":[{"type":"image","url":"https:\/\/villarrealcf.es\/\/wp-content\/uploads\/2022\/08\/1d003c753372835b890e1b6caebd2c43.jpg","alt":"||||","width":819,"height":460,"srcset":"https:\/\/villarrealcf.es\/wp-content\/uploads\/2022\/08\/1d003c753372835b890e1b6caebd2c43.jpg 819w, https:\/\/villarrealcf.es\/\/wp-content\/uploads\/2022\/08\/1d003c753372835b890e1b6caebd2c43.jpg 1920w, https:\/\/villarrealcf.es\/\/wp-content\/uploads\/2022\/08\/1d003c753372835b890e1b6caebd2c43.jpg 1920w, https:\/\/villarrealcf.es\/\/wp-content\/uploads\/2022\/08\/1d003c753372835b890e1b6caebd2c43.jpg 1920w, https:\/\/villarrealcf.es\/wp-content\/uploads\/2022\/08\/1d003c753372835b890e1b6caebd2c43-32x18.jpg 32w, https:\/\/villarrealcf.es\/wp-content\/uploads\/2022\/08\/1d003c753372835b890e1b6caebd2c43-150x84.jpg 150w, https:\/\/villarrealcf.es\/\/wp-content\/uploads\/2022\/08\/1d003c753372835b890e1b6caebd2c43.jpg 1920w","sizes":"auto, (max-width: 819px) 100vw, 819px"},{"type":"paragraph","text":"El migcampista equatori\u00e0 arriba lliure al Mini Submar\u00ed despr\u00e9s del seu pas per Independiente del Valle"},{"type":"paragraph","text":"Liberman Bryan Torres Nazareno (16\/05\/2002), m\u00e9s conegut com Liberman Torres, \u00e9s el nou refor\u00e7 del Villarreal B. El jove migcampista equatori\u00e0, que arriba com a agent lliure, procedeix de l\u2019Indepeniente del Valle."},{"type":"paragraph","text":"L\u2019espigolat migcampista, que mesura 1,86m d\u2019altura i ja ha debutat en la Liga Pro de l\u2019Equador amb el primer equip, arriba a Miralcamp per a sumar joventut i poder f\u00edsic en els duels en la medul\u00b7lar grogueta. Torres, a m\u00e9s de com a migcampista defensiu, \u00e9s un polivalent futbolista que tamb\u00e9 pot actuar com a central."},{"type":"paragraph","text":"De fet, en Independiente solia actuar com a \u00fanic home en la l\u00ednia entre els centrals i els migcampistes ofensius. Als seus 20 anys, \u00e9s una promesa del futbol sud-americ\u00e0 que arriba a Europa per a continuar mostrant tot el seu talent."}],"structured":{"summary":{"text":"El migcampista equatori\u00e0 arriba lliure al Mini Submar\u00ed despr\u00e9s del seu pas per Independiente del Valle Liberman Bryan Torres Nazareno (16\/05\/2002), m\u00e9s conegut com Liberman Torres, \u00e9s el nou refor\u00e7 del Villarreal B. El jove migcampista equatori\u00e0, que arriba com a agent lliure, procedeix de l\u2019Indepeniente del Valle. L\u2019espigolat migcampista, que mesura 1,86m d\u2019altura i ja ha debutat en la Liga Pro de l\u2019Equador amb el primer equip, arriba a Miralcamp per a sumar joventut i poder f\u00edsic en els duels en la medul\u00b7lar grogueta. Torres, a m\u00e9s de com a migcampista defensiu, \u00e9s un polivalent futbolista que tamb\u00e9 pot actuar com a central. De fet, en Independiente solia actuar com a \u00fanic home en la l\u00ednia entre els centrals i els migcampistes ofensius. Als seus 20 anys, \u00e9s una promesa del futbol sud-americ\u00e0 que arriba a Europa per a continuar mostrant tot el seu talent.","headings":[],"buttons":[],"images":[{"type":"image","url":"https:\/\/villarrealcf.es\/\/wp-content\/uploads\/2022\/08\/1d003c753372835b890e1b6caebd2c43.jpg","alt":"||||","width":819,"height":460,"srcset":"https:\/\/villarrealcf.es\/wp-content\/uploads\/2022\/08\/1d003c753372835b890e1b6caebd2c43.jpg 819w, https:\/\/villarrealcf.es\/\/wp-content\/uploads\/2022\/08\/1d003c753372835b890e1b6caebd2c43.jpg 1920w, https:\/\/villarrealcf.es\/\/wp-content\/uploads\/2022\/08\/1d003c753372835b890e1b6caebd2c43.jpg 1920w, https:\/\/villarrealcf.es\/\/wp-content\/uploads\/2022\/08\/1d003c753372835b890e1b6caebd2c43.jpg 1920w, https:\/\/villarrealcf.es\/wp-content\/uploads\/2022\/08\/1d003c753372835b890e1b6caebd2c43-32x18.jpg 32w, https:\/\/villarrealcf.es\/wp-content\/uploads\/2022\/08\/1d003c753372835b890e1b6caebd2c43-150x84.jpg 150w, https:\/\/villarrealcf.es\/\/wp-content\/uploads\/2022\/08\/1d003c753372835b890e1b6caebd2c43.jpg 1920w","sizes":"auto, (max-width: 819px) 100vw, 819px"}],"counts":{"blocks":5,"headings":0,"texts":4,"buttons":0,"images":1}},"sections":[{"id":"section-1","title":"","text":"El migcampista equatori\u00e0 arriba lliure al Mini Submar\u00ed despr\u00e9s del seu pas per Independiente del Valle Liberman Bryan Torres Nazareno (16\/05\/2002), m\u00e9s conegut com Liberman Torres, \u00e9s el nou refor\u00e7 del Villarreal B. El jove migcampista equatori\u00e0, que arriba com a agent lliure, procedeix de l\u2019Indepeniente del Valle. L\u2019espigolat migcampista, que mesura 1,86m d\u2019altura i ja ha debutat en la Liga Pro de l\u2019Equador amb el primer equip, arriba a Miralcamp per a sumar joventut i poder f\u00edsic en els duels en la medul\u00b7lar grogueta. Torres, a m\u00e9s de com a migcampista defensiu, \u00e9s un polivalent futbolista que tamb\u00e9 pot actuar com a central. De fet, en Independiente solia actuar com a \u00fanic home en la l\u00ednia entre els centrals i els migcampistes ofensius. Als seus 20 anys, \u00e9s una promesa del futbol sud-americ\u00e0 que arriba a Europa per a continuar mostrant tot el seu talent.","headings":[],"texts":[{"type":"paragraph","text":"El migcampista equatori\u00e0 arriba lliure al Mini Submar\u00ed despr\u00e9s del seu pas per Independiente del Valle"},{"type":"paragraph","text":"Liberman Bryan Torres Nazareno (16\/05\/2002), m\u00e9s conegut com Liberman Torres, \u00e9s el nou refor\u00e7 del Villarreal B. El jove migcampista equatori\u00e0, que arriba com a agent lliure, procedeix de l\u2019Indepeniente del Valle."},{"type":"paragraph","text":"L\u2019espigolat migcampista, que mesura 1,86m d\u2019altura i ja ha debutat en la Liga Pro de l\u2019Equador amb el primer equip, arriba a Miralcamp per a sumar joventut i poder f\u00edsic en els duels en la medul\u00b7lar grogueta. Torres, a m\u00e9s de com a migcampista defensiu, \u00e9s un polivalent futbolista que tamb\u00e9 pot actuar com a central."},{"type":"paragraph","text":"De fet, en Independiente solia actuar com a \u00fanic home en la l\u00ednia entre els centrals i els migcampistes ofensius. Als seus 20 anys, \u00e9s una promesa del futbol sud-americ\u00e0 que arriba a Europa per a continuar mostrant tot el seu talent."}],"buttons":[],"images":[{"type":"image","url":"https:\/\/villarrealcf.es\/\/wp-content\/uploads\/2022\/08\/1d003c753372835b890e1b6caebd2c43.jpg","alt":"||||","width":819,"height":460,"srcset":"https:\/\/villarrealcf.es\/wp-content\/uploads\/2022\/08\/1d003c753372835b890e1b6caebd2c43.jpg 819w, https:\/\/villarrealcf.es\/\/wp-content\/uploads\/2022\/08\/1d003c753372835b890e1b6caebd2c43.jpg 1920w, https:\/\/villarrealcf.es\/\/wp-content\/uploads\/2022\/08\/1d003c753372835b890e1b6caebd2c43.jpg 1920w, https:\/\/villarrealcf.es\/\/wp-content\/uploads\/2022\/08\/1d003c753372835b890e1b6caebd2c43.jpg 1920w, https:\/\/villarrealcf.es\/wp-content\/uploads\/2022\/08\/1d003c753372835b890e1b6caebd2c43-32x18.jpg 32w, https:\/\/villarrealcf.es\/wp-content\/uploads\/2022\/08\/1d003c753372835b890e1b6caebd2c43-150x84.jpg 150w, https:\/\/villarrealcf.es\/\/wp-content\/uploads\/2022\/08\/1d003c753372835b890e1b6caebd2c43.jpg 1920w","sizes":"auto, (max-width: 819px) 100vw, 819px"}],"widgets":[],"blocks":[{"type":"image","url":"https:\/\/villarrealcf.es\/\/wp-content\/uploads\/2022\/08\/1d003c753372835b890e1b6caebd2c43.jpg","alt":"||||","width":819,"height":460,"srcset":"https:\/\/villarrealcf.es\/wp-content\/uploads\/2022\/08\/1d003c753372835b890e1b6caebd2c43.jpg 819w, https:\/\/villarrealcf.es\/\/wp-content\/uploads\/2022\/08\/1d003c753372835b890e1b6caebd2c43.jpg 1920w, https:\/\/villarrealcf.es\/\/wp-content\/uploads\/2022\/08\/1d003c753372835b890e1b6caebd2c43.jpg 1920w, https:\/\/villarrealcf.es\/\/wp-content\/uploads\/2022\/08\/1d003c753372835b890e1b6caebd2c43.jpg 1920w, https:\/\/villarrealcf.es\/wp-content\/uploads\/2022\/08\/1d003c753372835b890e1b6caebd2c43-32x18.jpg 32w, https:\/\/villarrealcf.es\/wp-content\/uploads\/2022\/08\/1d003c753372835b890e1b6caebd2c43-150x84.jpg 150w, https:\/\/villarrealcf.es\/\/wp-content\/uploads\/2022\/08\/1d003c753372835b890e1b6caebd2c43.jpg 1920w","sizes":"auto, (max-width: 819px) 100vw, 819px"},{"type":"paragraph","text":"El migcampista equatori\u00e0 arriba lliure al Mini Submar\u00ed despr\u00e9s del seu pas per Independiente del Valle"},{"type":"paragraph","text":"Liberman Bryan Torres Nazareno (16\/05\/2002), m\u00e9s conegut com Liberman Torres, \u00e9s el nou refor\u00e7 del Villarreal B. El jove migcampista equatori\u00e0, que arriba com a agent lliure, procedeix de l\u2019Indepeniente del Valle."},{"type":"paragraph","text":"L\u2019espigolat migcampista, que mesura 1,86m d\u2019altura i ja ha debutat en la Liga Pro de l\u2019Equador amb el primer equip, arriba a Miralcamp per a sumar joventut i poder f\u00edsic en els duels en la medul\u00b7lar grogueta. Torres, a m\u00e9s de com a migcampista defensiu, \u00e9s un polivalent futbolista que tamb\u00e9 pot actuar com a central."},{"type":"paragraph","text":"De fet, en Independiente solia actuar com a \u00fanic home en la l\u00ednia entre els centrals i els migcampistes ofensius. Als seus 20 anys, \u00e9s una promesa del futbol sud-americ\u00e0 que arriba a Europa per a continuar mostrant tot el seu talent."}]}],"hero":{"id":"section-1","title":"","text":"El migcampista equatori\u00e0 arriba lliure al Mini Submar\u00ed despr\u00e9s del seu pas per Independiente del Valle Liberman Bryan Torres Nazareno (16\/05\/2002), m\u00e9s conegut com Liberman Torres, \u00e9s el nou refor\u00e7 del Villarreal B. El jove migcampista equatori\u00e0, que arriba com a agent lliure, procedeix de l\u2019Indepeniente del Valle. L\u2019espigolat migcampista, que mesura 1,86m d\u2019altura i ja ha debutat en la Liga Pro de l\u2019Equador amb el primer equip, arriba a Miralcamp per a sumar joventut i poder f\u00edsic en els duels en la medul\u00b7lar grogueta. Torres, a m\u00e9s de com a migcampista defensiu, \u00e9s un polivalent futbolista que tamb\u00e9 pot actuar com a central. De fet, en Independiente solia actuar com a \u00fanic home en la l\u00ednia entre els centrals i els migcampistes ofensius. Als seus 20 anys, \u00e9s una promesa del futbol sud-americ\u00e0 que arriba a Europa per a continuar mostrant tot el seu talent.","headings":[],"texts":[{"type":"paragraph","text":"El migcampista equatori\u00e0 arriba lliure al Mini Submar\u00ed despr\u00e9s del seu pas per Independiente del Valle"},{"type":"paragraph","text":"Liberman Bryan Torres Nazareno (16\/05\/2002), m\u00e9s conegut com Liberman Torres, \u00e9s el nou refor\u00e7 del Villarreal B. El jove migcampista equatori\u00e0, que arriba com a agent lliure, procedeix de l\u2019Indepeniente del Valle."},{"type":"paragraph","text":"L\u2019espigolat migcampista, que mesura 1,86m d\u2019altura i ja ha debutat en la Liga Pro de l\u2019Equador amb el primer equip, arriba a Miralcamp per a sumar joventut i poder f\u00edsic en els duels en la medul\u00b7lar grogueta. Torres, a m\u00e9s de com a migcampista defensiu, \u00e9s un polivalent futbolista que tamb\u00e9 pot actuar com a central."},{"type":"paragraph","text":"De fet, en Independiente solia actuar com a \u00fanic home en la l\u00ednia entre els centrals i els migcampistes ofensius. Als seus 20 anys, \u00e9s una promesa del futbol sud-americ\u00e0 que arriba a Europa per a continuar mostrant tot el seu talent."}],"buttons":[],"images":[{"type":"image","url":"https:\/\/villarrealcf.es\/\/wp-content\/uploads\/2022\/08\/1d003c753372835b890e1b6caebd2c43.jpg","alt":"||||","width":819,"height":460,"srcset":"https:\/\/villarrealcf.es\/wp-content\/uploads\/2022\/08\/1d003c753372835b890e1b6caebd2c43.jpg 819w, https:\/\/villarrealcf.es\/\/wp-content\/uploads\/2022\/08\/1d003c753372835b890e1b6caebd2c43.jpg 1920w, https:\/\/villarrealcf.es\/\/wp-content\/uploads\/2022\/08\/1d003c753372835b890e1b6caebd2c43.jpg 1920w, https:\/\/villarrealcf.es\/\/wp-content\/uploads\/2022\/08\/1d003c753372835b890e1b6caebd2c43.jpg 1920w, https:\/\/villarrealcf.es\/wp-content\/uploads\/2022\/08\/1d003c753372835b890e1b6caebd2c43-32x18.jpg 32w, https:\/\/villarrealcf.es\/wp-content\/uploads\/2022\/08\/1d003c753372835b890e1b6caebd2c43-150x84.jpg 150w, https:\/\/villarrealcf.es\/\/wp-content\/uploads\/2022\/08\/1d003c753372835b890e1b6caebd2c43.jpg 1920w","sizes":"auto, (max-width: 819px) 100vw, 819px"}],"widgets":[],"blocks":[{"type":"image","url":"https:\/\/villarrealcf.es\/\/wp-content\/uploads\/2022\/08\/1d003c753372835b890e1b6caebd2c43.jpg","alt":"||||","width":819,"height":460,"srcset":"https:\/\/villarrealcf.es\/wp-content\/uploads\/2022\/08\/1d003c753372835b890e1b6caebd2c43.jpg 819w, https:\/\/villarrealcf.es\/\/wp-content\/uploads\/2022\/08\/1d003c753372835b890e1b6caebd2c43.jpg 1920w, https:\/\/villarrealcf.es\/\/wp-content\/uploads\/2022\/08\/1d003c753372835b890e1b6caebd2c43.jpg 1920w, https:\/\/villarrealcf.es\/\/wp-content\/uploads\/2022\/08\/1d003c753372835b890e1b6caebd2c43.jpg 1920w, https:\/\/villarrealcf.es\/wp-content\/uploads\/2022\/08\/1d003c753372835b890e1b6caebd2c43-32x18.jpg 32w, https:\/\/villarrealcf.es\/wp-content\/uploads\/2022\/08\/1d003c753372835b890e1b6caebd2c43-150x84.jpg 150w, https:\/\/villarrealcf.es\/\/wp-content\/uploads\/2022\/08\/1d003c753372835b890e1b6caebd2c43.jpg 1920w","sizes":"auto, (max-width: 819px) 100vw, 819px"},{"type":"paragraph","text":"El migcampista equatori\u00e0 arriba lliure al Mini Submar\u00ed despr\u00e9s del seu pas per Independiente del Valle"},{"type":"paragraph","text":"Liberman Bryan Torres Nazareno (16\/05\/2002), m\u00e9s conegut com Liberman Torres, \u00e9s el nou refor\u00e7 del Villarreal B. El jove migcampista equatori\u00e0, que arriba com a agent lliure, procedeix de l\u2019Indepeniente del Valle."},{"type":"paragraph","text":"L\u2019espigolat migcampista, que mesura 1,86m d\u2019altura i ja ha debutat en la Liga Pro de l\u2019Equador amb el primer equip, arriba a Miralcamp per a sumar joventut i poder f\u00edsic en els duels en la medul\u00b7lar grogueta. Torres, a m\u00e9s de com a migcampista defensiu, \u00e9s un polivalent futbolista que tamb\u00e9 pot actuar com a central."},{"type":"paragraph","text":"De fet, en Independiente solia actuar com a \u00fanic home en la l\u00ednia entre els centrals i els migcampistes ofensius. Als seus 20 anys, \u00e9s una promesa del futbol sud-americ\u00e0 que arriba a Europa per a continuar mostrant tot el seu talent."}]}},"sections":[{"id":"section-1","title":"","text":"El migcampista equatori\u00e0 arriba lliure al Mini Submar\u00ed despr\u00e9s del seu pas per Independiente del Valle Liberman Bryan Torres Nazareno (16\/05\/2002), m\u00e9s conegut com Liberman Torres, \u00e9s el nou refor\u00e7 del Villarreal B. El jove migcampista equatori\u00e0, que arriba com a agent lliure, procedeix de l\u2019Indepeniente del Valle. L\u2019espigolat migcampista, que mesura 1,86m d\u2019altura i ja ha debutat en la Liga Pro de l\u2019Equador amb el primer equip, arriba a Miralcamp per a sumar joventut i poder f\u00edsic en els duels en la medul\u00b7lar grogueta. Torres, a m\u00e9s de com a migcampista defensiu, \u00e9s un polivalent futbolista que tamb\u00e9 pot actuar com a central. De fet, en Independiente solia actuar com a \u00fanic home en la l\u00ednia entre els centrals i els migcampistes ofensius. Als seus 20 anys, \u00e9s una promesa del futbol sud-americ\u00e0 que arriba a Europa per a continuar mostrant tot el seu talent.","url":"","background_image":"","images":[{"type":"image","url":"https:\/\/villarrealcf.es\/\/wp-content\/uploads\/2022\/08\/1d003c753372835b890e1b6caebd2c43.jpg","alt":"||||","width":819,"height":460,"srcset":"https:\/\/villarrealcf.es\/wp-content\/uploads\/2022\/08\/1d003c753372835b890e1b6caebd2c43.jpg 819w, https:\/\/villarrealcf.es\/\/wp-content\/uploads\/2022\/08\/1d003c753372835b890e1b6caebd2c43.jpg 1920w, https:\/\/villarrealcf.es\/\/wp-content\/uploads\/2022\/08\/1d003c753372835b890e1b6caebd2c43.jpg 1920w, https:\/\/villarrealcf.es\/\/wp-content\/uploads\/2022\/08\/1d003c753372835b890e1b6caebd2c43.jpg 1920w, https:\/\/villarrealcf.es\/wp-content\/uploads\/2022\/08\/1d003c753372835b890e1b6caebd2c43-32x18.jpg 32w, https:\/\/villarrealcf.es\/wp-content\/uploads\/2022\/08\/1d003c753372835b890e1b6caebd2c43-150x84.jpg 150w, https:\/\/villarrealcf.es\/\/wp-content\/uploads\/2022\/08\/1d003c753372835b890e1b6caebd2c43.jpg 1920w","sizes":"auto, (max-width: 819px) 100vw, 819px"}],"videos":[],"links":[]},{"id":"shortcode-caption-69ef6e27ed9b4","type":"shortcode","shortcode":"caption","attributes":{"id":"attachment_187011","align":"alignnone","width":""},"title":"Caption","rendered":"","data":[],"text":"","url":"","background_image":"","images":[],"videos":[],"links":[],"blocks":[]}]},"excerpt":{"rendered":"El migcampista equatori\u00e0 arriba lliure al Mini Submar\u00ed despr\u00e9s del seu pas per Independiente del Valle","protected":false},"author":1,"featured_media":187011,"comment_status":"","ping_status":"","sticky":false,"template":"","format":"standard","meta":{"_acf_changed":false,"footnotes":""},"categories":[4858],"tags":[10325,9542,13241,13320,9831,10634,9203],"acf":null,"lang":"val","translations":{"val":224560},"essential_grid":{"has_grid":false},"formatted_date":"August 26, 2022","modified_date":"August 26, 2022","permalink":"https:\/\/villarrealcf.es\/val\/liberman-torres-nou-reforc-del-filial\/","reading_time":1,"featured_media_data":{"id":187011,"title":"||||","caption":"||||","alt_text":"","description":"","mime_type":"image\/jpeg","source_url":"https:\/\/villarrealcf.es\/wp-content\/uploads\/2022\/08\/1d003c753372835b890e1b6caebd2c43.jpg","sizes":{"thumbnail":{"url":"https:\/\/villarrealcf.es\/wp-content\/uploads\/2022\/08\/1d003c753372835b890e1b6caebd2c43-150x150.jpg","width":150,"height":150},"medium":{"url":"https:\/\/villarrealcf.es\/wp-content\/uploads\/2022\/08\/1d003c753372835b890e1b6caebd2c43-300x168.jpg","width":300,"height":168},"medium_large":{"url":"https:\/\/villarrealcf.es\/wp-content\/uploads\/2022\/08\/1d003c753372835b890e1b6caebd2c43-768x431.jpg","width":768,"height":431},"large":{"url":"https:\/\/villarrealcf.es\/wp-content\/uploads\/2022\/08\/1d003c753372835b890e1b6caebd2c43.jpg","width":788,"height":443},"1536x1536":{"url":"https:\/\/villarrealcf.es\/wp-content\/uploads\/2022\/08\/1d003c753372835b890e1b6caebd2c43.jpg","width":819,"height":460},"2048x2048":{"url":"https:\/\/villarrealcf.es\/wp-content\/uploads\/2022\/08\/1d003c753372835b890e1b6caebd2c43.jpg","width":819,"height":460},"tp-image-grid":{"url":"https:\/\/villarrealcf.es\/wp-content\/uploads\/2022\/08\/1d003c753372835b890e1b6caebd2c43-700x460.jpg","width":700,"height":460},"size-bunyad-medium":{"url":"https:\/\/villarrealcf.es\/wp-content\/uploads\/2022\/08\/1d003c753372835b890e1b6caebd2c43.jpg","width":819,"height":460},"sportspress-crop-medium":{"url":"https:\/\/villarrealcf.es\/wp-content\/uploads\/2022\/08\/1d003c753372835b890e1b6caebd2c43-300x300.jpg","width":300,"height":300},"sportspress-fit-medium":{"url":"https:\/\/villarrealcf.es\/wp-content\/uploads\/2022\/08\/1d003c753372835b890e1b6caebd2c43-300x168.jpg","width":300,"height":168},"sportspress-fit-icon":{"url":"https:\/\/villarrealcf.es\/wp-content\/uploads\/2022\/08\/1d003c753372835b890e1b6caebd2c43-128x72.jpg","width":128,"height":72},"sportspress-fit-mini":{"url":"https:\/\/villarrealcf.es\/wp-content\/uploads\/2022\/08\/1d003c753372835b890e1b6caebd2c43-32x18.jpg","width":32,"height":18},"bunyad-small":{"url":"https:\/\/villarrealcf.es\/wp-content\/uploads\/2022\/08\/1d003c753372835b890e1b6caebd2c43-150x84.jpg","width":150,"height":84},"bunyad-medium":{"url":"https:\/\/villarrealcf.es\/wp-content\/uploads\/2022\/08\/1d003c753372835b890e1b6caebd2c43-450x253.jpg","width":450,"height":253},"bunyad-full":{"url":"https:\/\/villarrealcf.es\/wp-content\/uploads\/2022\/08\/1d003c753372835b890e1b6caebd2c43.jpg","width":819,"height":460},"bunyad-viewport":{"url":"https:\/\/villarrealcf.es\/wp-content\/uploads\/2022\/08\/1d003c753372835b890e1b6caebd2c43.jpg","width":819,"height":460},"bunyad-768":{"url":"https:\/\/villarrealcf.es\/wp-content\/uploads\/2022\/08\/1d003c753372835b890e1b6caebd2c43-768x431.jpg","width":768,"height":431},"full":{"url":"https:\/\/villarrealcf.es\/wp-content\/uploads\/2022\/08\/1d003c753372835b890e1b6caebd2c43.jpg","width":819,"height":460}}},"author_data":{"id":"1","name":"root_envidea","first_name":"Villarreal CF","last_name":"","description":"","avatar_url":"https:\/\/secure.gravatar.com\/avatar\/48f95f42a3ccc324f3a3458e4b9e6fb070b083e99d388e170c1afb061fa99b63?s=96&d=mm&r=g","acf":null},"taxonomies_data":{"category":[{"id":4858,"name":"Futbol Base","slug":"futbol-base-val","acf":null}],"post_tag":[{"id":10325,"name":"Cantera Grogueta","slug":"cantera-grogueta-val","acf":null},{"id":9542,"name":"Fichajes","slug":"fichajes-val","acf":null},{"id":13241,"name":"LaLiga Smartbank","slug":"laliga-smartbank-val","acf":null},{"id":13320,"name":"Liberman Torres","slug":"liberman-torres-val","acf":null},{"id":9831,"name":"Segunda Divisi\u00f3n","slug":"segunda-division-val","acf":null},{"id":10634,"name":"Villarreal B","slug":"villarreal-b-val","acf":null},{"id":9203,"name":"Villarreal CF","slug":"villarreal-cf-val","acf":null}],"translation_priority":[{"id":733,"name":"Optional","slug":"optional","acf":null}]},"seo_full":{"native":{"title":"Liberman Torres, nou refor\u00e7 del filial - Web Oficial del Villarreal CF","description":"[caption id=\"attachment_187011\" align=\"alignnone\" width=\"\"]||||[\/caption]El migcampista equatori\u00e0 arriba lliure al Mini Submar\u00ed despr\u00e9s del seu pas per Independiente del Valle Liberman&hellip;","canonical":"https:\/\/villarrealcf.es\/val\/liberman-torres-nou-reforc-del-filial\/"}},"_links":{"self":[{"href":"https:\/\/villarrealcf.es\/val\/wp-json\/wp\/v2\/posts\/224560","targetHints":{"allow":["GET"]}}],"collection":[{"href":"https:\/\/villarrealcf.es\/val\/wp-json\/wp\/v2\/posts"}],"about":[{"href":"https:\/\/villarrealcf.es\/val\/wp-json\/wp\/v2\/types\/post"}],"author":[{"embeddable":true,"href":"https:\/\/villarrealcf.es\/val\/wp-json\/wp\/v2\/users\/1"}],"replies":[{"embeddable":true,"href":"https:\/\/villarrealcf.es\/val\/wp-json\/wp\/v2\/comments?post=224560"}],"version-history":[{"count":0,"href":"https:\/\/villarrealcf.es\/val\/wp-json\/wp\/v2\/posts\/224560\/revisions"}],"wp:featuredmedia":[{"embeddable":true,"href":"https:\/\/villarrealcf.es\/val\/wp-json\/wp\/v2\/media\/187011"}],"wp:attachment":[{"href":"https:\/\/villarrealcf.es\/val\/wp-json\/wp\/v2\/media?parent=224560"}],"wp:term":[{"taxonomy":"category","embeddable":true,"href":"https:\/\/villarrealcf.es\/val\/wp-json\/wp\/v2\/categories?post=224560"},{"taxonomy":"post_tag","embeddable":true,"href":"https:\/\/villarrealcf.es\/val\/wp-json\/wp\/v2\/tags?post=224560"}],"curies":[{"name":"wp","href":"https:\/\/api.w.org\/{rel}","templated":true}]}}