{"id":224493,"date":"2022-07-31T21:28:43","date_gmt":"2022-07-31T19:28:43","guid":{"rendered":"https:\/\/villarrealcf.es\/\/la-segona-fase-de-la-campanya-d-abonaments-comenca-aquest-dilluns\/"},"modified":"2022-07-31T21:28:43","modified_gmt":"2022-07-31T19:28:43","slug":"la-segona-fase-de-la-campanya-d-abonaments-comenca-aquest-dilluns","status":"publish","type":"post","link":"https:\/\/villarrealcf.es\/val\/la-segona-fase-de-la-campanya-d-abonaments-comenca-aquest-dilluns\/","title":{"rendered":"La segona fase de la campanya d&#8217;abonaments comen\u00e7a aquest dilluns"},"content":{"protected":false,"blocks":[{"type":"image","url":"https:\/\/villarrealcf.es\/\/wp-content\/uploads\/2022\/07\/1c475272e388b7f5a2be5e27615f72e5.jpg","alt":"||||||","width":1653,"height":930,"srcset":"https:\/\/villarrealcf.es\/wp-content\/uploads\/2022\/07\/1c475272e388b7f5a2be5e27615f72e5.jpg 1653w, https:\/\/villarrealcf.es\/\/wp-content\/uploads\/2022\/07\/1c475272e388b7f5a2be5e27615f72e5.jpg 1920w, https:\/\/villarrealcf.es\/wp-content\/uploads\/2022\/07\/1c475272e388b7f5a2be5e27615f72e5-1024x576.jpg 1024w, https:\/\/villarrealcf.es\/\/wp-content\/uploads\/2022\/07\/1c475272e388b7f5a2be5e27615f72e5.jpg 1920w, https:\/\/villarrealcf.es\/wp-content\/uploads\/2022\/07\/1c475272e388b7f5a2be5e27615f72e5-1536x864.jpg 1536w, https:\/\/villarrealcf.es\/\/wp-content\/uploads\/2022\/07\/1c475272e388b7f5a2be5e27615f72e5.jpg 1920w, https:\/\/villarrealcf.es\/wp-content\/uploads\/2022\/07\/1c475272e388b7f5a2be5e27615f72e5-32x18.jpg 32w, https:\/\/villarrealcf.es\/wp-content\/uploads\/2022\/07\/1c475272e388b7f5a2be5e27615f72e5-150x84.jpg 150w, https:\/\/villarrealcf.es\/\/wp-content\/uploads\/2022\/07\/1c475272e388b7f5a2be5e27615f72e5.jpg 1920w, https:\/\/villarrealcf.es\/wp-content\/uploads\/2022\/07\/1c475272e388b7f5a2be5e27615f72e5-1200x675.jpg 1200w","sizes":"auto, (max-width: 1653px) 100vw, 1653px"},{"type":"paragraph","text":"Els abonats afectats per la reorganitzaci\u00f3 dels seients en Tribuna Preferent podran triar la seua nova ubicaci\u00f3"},{"type":"paragraph","text":"La segona fase de la campanya d\u2019abonaments 22-23 del Villarreal CF comen\u00e7a aquest dilluns 1 d\u2019agost. Aquesta nova fase, el termini de la qual es remet \u00fanicament als dies 1 i 2 d\u2019agost, est\u00e0 dirigida EXCLUSIVAMENT als ABONATS AFECTATS per la reorganitzaci\u00f3 de butaques en la nova Tribuna Preferent. Aix\u00ed doncs, els adobaments situats en aquesta zona del camp podran triar el seu nou seient en aquest termini de dos dies."},{"type":"paragraph","text":"L\u2019afici\u00f3 ha superat les expectatives despr\u00e9s de finalitzar la primera fase de la campanya d\u2019abonaments de cara a aquesta temporada tan especial en la qual celebrarem el centenari del nostre club i inaugurarem un Estadi de la Cer\u00e0mica renovat, a m\u00e9s de continuar gaudint del bon futbol en LaLiga, la Copa del Rey i la UEFA Conference League."},{"type":"paragraph","text":"A m\u00e9s de les tres competicions anteriors, cal recordar que amb l\u2019abonament els aficionats del Villarreal CF podran gaudir al seu torn dels partits del Villarreal B en LaLiga SmartBank i dels xocs del Villarreal Femen\u00ed en la Primera Iberdrola, sent l\u2019\u00fanic equip a Espanya amb els seus tres equips en les m\u00e0ximes categories possibles."},{"type":"paragraph","text":"Els abonats grocs poden reubicar la seua butaca de manera f\u00edsica en el Gran Casino de Vila-real i les Oficines del TAU Castell\u00f3 a Castell\u00f3 de la Plana."},{"type":"paragraph","text":"Finalment, la tercera fase donar\u00e0 principi dimecres que ve 3 d\u2019agost, quan el club obrir\u00e0 el termini per a les NOVES ALTES i es continuar\u00e0 amb les renovacions i canvis de localitat. Aix\u00ed mateix, cal destacar que en la present temporada no hi haur\u00e0 una nova campanya d\u2019abonaments per a la segona volta, sin\u00f3 que es mantindran els preus actuals per a les noves altes."},{"type":"paragraph","text":"Uneix-te a \u2018El fil groguet\u2019! Pots consultar m\u00e9s informaci\u00f3 sobre la campanya d\u2019abonaments punxant ac\u00ed."}],"structured":{"summary":{"text":"Els abonats afectats per la reorganitzaci\u00f3 dels seients en Tribuna Preferent podran triar la seua nova ubicaci\u00f3 La segona fase de la campanya d\u2019abonaments 22-23 del Villarreal CF comen\u00e7a aquest dilluns 1 d\u2019agost. Aquesta nova fase, el termini de la qual es remet \u00fanicament als dies 1 i 2 d\u2019agost, est\u00e0 dirigida EXCLUSIVAMENT als ABONATS AFECTATS per la reorganitzaci\u00f3 de butaques en la nova Tribuna Preferent. Aix\u00ed doncs, els adobaments situats en aquesta zona del camp podran triar el seu nou seient en aquest termini de dos dies. L\u2019afici\u00f3 ha superat les expectatives despr\u00e9s de finalitzar la primera fase de la campanya d\u2019abonaments de cara a aquesta temporada tan especial en la qual celebrarem el centenari del nostre club i inaugurarem un Estadi de la Cer\u00e0mica renovat, a m\u00e9s de continuar gaudint del bon futbol en LaLiga, la Copa del Rey i la UEFA Conference League. A m\u00e9s de les tres competicions anteriors, cal recordar que amb l\u2019abonament els aficionats del Villarreal CF podran gaudir al seu torn dels partits del Villarreal B en LaLiga SmartBank i dels xocs del Villarreal Femen\u00ed en la Primera Iberdrola, sent l\u2019\u00fanic equip a Espanya amb els seus tres equips en les m\u00e0ximes categories possibles. Els abonats grocs poden reubicar la seua butaca de manera f\u00edsica en el Gran Casino de Vila-real i les Oficines del TAU Castell\u00f3 a Castell\u00f3 de la Plana. Finalment, la tercera fase donar\u00e0 principi dimecres que ve 3 d\u2019agost, quan el club obrir\u00e0 el termini per a les NOVES ALTES i es continuar\u00e0 amb les renovacions i canvis de localitat. Aix\u00ed mateix, cal destacar que en la present temporada no hi haur\u00e0 una nova campanya d\u2019abonaments per a la segona volta, sin\u00f3 que es mantindran els preus actuals per a les noves altes. Uneix-te a \u2018El fil groguet\u2019! Pots consultar m\u00e9s informaci\u00f3 sobre la campanya d\u2019abonaments punxant ac\u00ed.","headings":[],"buttons":[],"images":[{"type":"image","url":"https:\/\/villarrealcf.es\/\/wp-content\/uploads\/2022\/07\/1c475272e388b7f5a2be5e27615f72e5.jpg","alt":"||||||","width":1653,"height":930,"srcset":"https:\/\/villarrealcf.es\/wp-content\/uploads\/2022\/07\/1c475272e388b7f5a2be5e27615f72e5.jpg 1653w, https:\/\/villarrealcf.es\/\/wp-content\/uploads\/2022\/07\/1c475272e388b7f5a2be5e27615f72e5.jpg 1920w, https:\/\/villarrealcf.es\/wp-content\/uploads\/2022\/07\/1c475272e388b7f5a2be5e27615f72e5-1024x576.jpg 1024w, https:\/\/villarrealcf.es\/\/wp-content\/uploads\/2022\/07\/1c475272e388b7f5a2be5e27615f72e5.jpg 1920w, https:\/\/villarrealcf.es\/wp-content\/uploads\/2022\/07\/1c475272e388b7f5a2be5e27615f72e5-1536x864.jpg 1536w, https:\/\/villarrealcf.es\/\/wp-content\/uploads\/2022\/07\/1c475272e388b7f5a2be5e27615f72e5.jpg 1920w, https:\/\/villarrealcf.es\/wp-content\/uploads\/2022\/07\/1c475272e388b7f5a2be5e27615f72e5-32x18.jpg 32w, https:\/\/villarrealcf.es\/wp-content\/uploads\/2022\/07\/1c475272e388b7f5a2be5e27615f72e5-150x84.jpg 150w, https:\/\/villarrealcf.es\/\/wp-content\/uploads\/2022\/07\/1c475272e388b7f5a2be5e27615f72e5.jpg 1920w, https:\/\/villarrealcf.es\/wp-content\/uploads\/2022\/07\/1c475272e388b7f5a2be5e27615f72e5-1200x675.jpg 1200w","sizes":"auto, (max-width: 1653px) 100vw, 1653px"}],"counts":{"blocks":8,"headings":0,"texts":7,"buttons":0,"images":1}},"sections":[{"id":"section-1","title":"","text":"Els abonats afectats per la reorganitzaci\u00f3 dels seients en Tribuna Preferent podran triar la seua nova ubicaci\u00f3 La segona fase de la campanya d\u2019abonaments 22-23 del Villarreal CF comen\u00e7a aquest dilluns 1 d\u2019agost. Aquesta nova fase, el termini de la qual es remet \u00fanicament als dies 1 i 2 d\u2019agost, est\u00e0 dirigida EXCLUSIVAMENT als ABONATS AFECTATS per la reorganitzaci\u00f3 de butaques en la nova Tribuna Preferent. Aix\u00ed doncs, els adobaments situats en aquesta zona del camp podran triar el seu nou seient en aquest termini de dos dies. L\u2019afici\u00f3 ha superat les expectatives despr\u00e9s de finalitzar la primera fase de la campanya d\u2019abonaments de cara a aquesta temporada tan especial en la qual celebrarem el centenari del nostre club i inaugurarem un Estadi de la Cer\u00e0mica renovat, a m\u00e9s de continuar gaudint del bon futbol en LaLiga, la Copa del Rey i la UEFA Conference League. A m\u00e9s de les tres competicions anteriors, cal recordar que amb l\u2019abonament els aficionats del Villarreal CF podran gaudir al seu torn dels partits del Villarreal B en LaLiga SmartBank i dels xocs del Villarreal Femen\u00ed en la Primera Iberdrola, sent l\u2019\u00fanic equip a Espanya amb els seus tres equips en les m\u00e0ximes categories possibles. Els abonats grocs poden reubicar la seua butaca de manera f\u00edsica en el Gran Casino de Vila-real i les Oficines del TAU Castell\u00f3 a Castell\u00f3 de la Plana. Finalment, la tercera fase donar\u00e0 principi dimecres que ve 3 d\u2019agost, quan el club obrir\u00e0 el termini per a les NOVES ALTES i es continuar\u00e0 amb les renovacions i canvis de localitat. Aix\u00ed mateix, cal destacar que en la present temporada no hi haur\u00e0 una nova campanya d\u2019abonaments per a la segona volta, sin\u00f3 que es mantindran els preus actuals per a les noves altes. Uneix-te a \u2018El fil groguet\u2019! Pots consultar m\u00e9s informaci\u00f3 sobre la campanya d\u2019abonaments punxant ac\u00ed.","headings":[],"texts":[{"type":"paragraph","text":"Els abonats afectats per la reorganitzaci\u00f3 dels seients en Tribuna Preferent podran triar la seua nova ubicaci\u00f3"},{"type":"paragraph","text":"La segona fase de la campanya d\u2019abonaments 22-23 del Villarreal CF comen\u00e7a aquest dilluns 1 d\u2019agost. Aquesta nova fase, el termini de la qual es remet \u00fanicament als dies 1 i 2 d\u2019agost, est\u00e0 dirigida EXCLUSIVAMENT als ABONATS AFECTATS per la reorganitzaci\u00f3 de butaques en la nova Tribuna Preferent. Aix\u00ed doncs, els adobaments situats en aquesta zona del camp podran triar el seu nou seient en aquest termini de dos dies."},{"type":"paragraph","text":"L\u2019afici\u00f3 ha superat les expectatives despr\u00e9s de finalitzar la primera fase de la campanya d\u2019abonaments de cara a aquesta temporada tan especial en la qual celebrarem el centenari del nostre club i inaugurarem un Estadi de la Cer\u00e0mica renovat, a m\u00e9s de continuar gaudint del bon futbol en LaLiga, la Copa del Rey i la UEFA Conference League."},{"type":"paragraph","text":"A m\u00e9s de les tres competicions anteriors, cal recordar que amb l\u2019abonament els aficionats del Villarreal CF podran gaudir al seu torn dels partits del Villarreal B en LaLiga SmartBank i dels xocs del Villarreal Femen\u00ed en la Primera Iberdrola, sent l\u2019\u00fanic equip a Espanya amb els seus tres equips en les m\u00e0ximes categories possibles."},{"type":"paragraph","text":"Els abonats grocs poden reubicar la seua butaca de manera f\u00edsica en el Gran Casino de Vila-real i les Oficines del TAU Castell\u00f3 a Castell\u00f3 de la Plana."},{"type":"paragraph","text":"Finalment, la tercera fase donar\u00e0 principi dimecres que ve 3 d\u2019agost, quan el club obrir\u00e0 el termini per a les NOVES ALTES i es continuar\u00e0 amb les renovacions i canvis de localitat. Aix\u00ed mateix, cal destacar que en la present temporada no hi haur\u00e0 una nova campanya d\u2019abonaments per a la segona volta, sin\u00f3 que es mantindran els preus actuals per a les noves altes."},{"type":"paragraph","text":"Uneix-te a \u2018El fil groguet\u2019! Pots consultar m\u00e9s informaci\u00f3 sobre la campanya d\u2019abonaments punxant ac\u00ed."}],"buttons":[],"images":[{"type":"image","url":"https:\/\/villarrealcf.es\/\/wp-content\/uploads\/2022\/07\/1c475272e388b7f5a2be5e27615f72e5.jpg","alt":"||||||","width":1653,"height":930,"srcset":"https:\/\/villarrealcf.es\/wp-content\/uploads\/2022\/07\/1c475272e388b7f5a2be5e27615f72e5.jpg 1653w, https:\/\/villarrealcf.es\/\/wp-content\/uploads\/2022\/07\/1c475272e388b7f5a2be5e27615f72e5.jpg 1920w, https:\/\/villarrealcf.es\/wp-content\/uploads\/2022\/07\/1c475272e388b7f5a2be5e27615f72e5-1024x576.jpg 1024w, https:\/\/villarrealcf.es\/\/wp-content\/uploads\/2022\/07\/1c475272e388b7f5a2be5e27615f72e5.jpg 1920w, https:\/\/villarrealcf.es\/wp-content\/uploads\/2022\/07\/1c475272e388b7f5a2be5e27615f72e5-1536x864.jpg 1536w, https:\/\/villarrealcf.es\/\/wp-content\/uploads\/2022\/07\/1c475272e388b7f5a2be5e27615f72e5.jpg 1920w, https:\/\/villarrealcf.es\/wp-content\/uploads\/2022\/07\/1c475272e388b7f5a2be5e27615f72e5-32x18.jpg 32w, https:\/\/villarrealcf.es\/wp-content\/uploads\/2022\/07\/1c475272e388b7f5a2be5e27615f72e5-150x84.jpg 150w, https:\/\/villarrealcf.es\/\/wp-content\/uploads\/2022\/07\/1c475272e388b7f5a2be5e27615f72e5.jpg 1920w, https:\/\/villarrealcf.es\/wp-content\/uploads\/2022\/07\/1c475272e388b7f5a2be5e27615f72e5-1200x675.jpg 1200w","sizes":"auto, (max-width: 1653px) 100vw, 1653px"}],"widgets":[],"blocks":[{"type":"image","url":"https:\/\/villarrealcf.es\/\/wp-content\/uploads\/2022\/07\/1c475272e388b7f5a2be5e27615f72e5.jpg","alt":"||||||","width":1653,"height":930,"srcset":"https:\/\/villarrealcf.es\/wp-content\/uploads\/2022\/07\/1c475272e388b7f5a2be5e27615f72e5.jpg 1653w, https:\/\/villarrealcf.es\/\/wp-content\/uploads\/2022\/07\/1c475272e388b7f5a2be5e27615f72e5.jpg 1920w, https:\/\/villarrealcf.es\/wp-content\/uploads\/2022\/07\/1c475272e388b7f5a2be5e27615f72e5-1024x576.jpg 1024w, https:\/\/villarrealcf.es\/\/wp-content\/uploads\/2022\/07\/1c475272e388b7f5a2be5e27615f72e5.jpg 1920w, https:\/\/villarrealcf.es\/wp-content\/uploads\/2022\/07\/1c475272e388b7f5a2be5e27615f72e5-1536x864.jpg 1536w, https:\/\/villarrealcf.es\/\/wp-content\/uploads\/2022\/07\/1c475272e388b7f5a2be5e27615f72e5.jpg 1920w, https:\/\/villarrealcf.es\/wp-content\/uploads\/2022\/07\/1c475272e388b7f5a2be5e27615f72e5-32x18.jpg 32w, https:\/\/villarrealcf.es\/wp-content\/uploads\/2022\/07\/1c475272e388b7f5a2be5e27615f72e5-150x84.jpg 150w, https:\/\/villarrealcf.es\/\/wp-content\/uploads\/2022\/07\/1c475272e388b7f5a2be5e27615f72e5.jpg 1920w, https:\/\/villarrealcf.es\/wp-content\/uploads\/2022\/07\/1c475272e388b7f5a2be5e27615f72e5-1200x675.jpg 1200w","sizes":"auto, (max-width: 1653px) 100vw, 1653px"},{"type":"paragraph","text":"Els abonats afectats per la reorganitzaci\u00f3 dels seients en Tribuna Preferent podran triar la seua nova ubicaci\u00f3"},{"type":"paragraph","text":"La segona fase de la campanya d\u2019abonaments 22-23 del Villarreal CF comen\u00e7a aquest dilluns 1 d\u2019agost. Aquesta nova fase, el termini de la qual es remet \u00fanicament als dies 1 i 2 d\u2019agost, est\u00e0 dirigida EXCLUSIVAMENT als ABONATS AFECTATS per la reorganitzaci\u00f3 de butaques en la nova Tribuna Preferent. Aix\u00ed doncs, els adobaments situats en aquesta zona del camp podran triar el seu nou seient en aquest termini de dos dies."},{"type":"paragraph","text":"L\u2019afici\u00f3 ha superat les expectatives despr\u00e9s de finalitzar la primera fase de la campanya d\u2019abonaments de cara a aquesta temporada tan especial en la qual celebrarem el centenari del nostre club i inaugurarem un Estadi de la Cer\u00e0mica renovat, a m\u00e9s de continuar gaudint del bon futbol en LaLiga, la Copa del Rey i la UEFA Conference League."},{"type":"paragraph","text":"A m\u00e9s de les tres competicions anteriors, cal recordar que amb l\u2019abonament els aficionats del Villarreal CF podran gaudir al seu torn dels partits del Villarreal B en LaLiga SmartBank i dels xocs del Villarreal Femen\u00ed en la Primera Iberdrola, sent l\u2019\u00fanic equip a Espanya amb els seus tres equips en les m\u00e0ximes categories possibles."},{"type":"paragraph","text":"Els abonats grocs poden reubicar la seua butaca de manera f\u00edsica en el Gran Casino de Vila-real i les Oficines del TAU Castell\u00f3 a Castell\u00f3 de la Plana."},{"type":"paragraph","text":"Finalment, la tercera fase donar\u00e0 principi dimecres que ve 3 d\u2019agost, quan el club obrir\u00e0 el termini per a les NOVES ALTES i es continuar\u00e0 amb les renovacions i canvis de localitat. Aix\u00ed mateix, cal destacar que en la present temporada no hi haur\u00e0 una nova campanya d\u2019abonaments per a la segona volta, sin\u00f3 que es mantindran els preus actuals per a les noves altes."},{"type":"paragraph","text":"Uneix-te a \u2018El fil groguet\u2019! Pots consultar m\u00e9s informaci\u00f3 sobre la campanya d\u2019abonaments punxant ac\u00ed."}]}],"hero":{"id":"section-1","title":"","text":"Els abonats afectats per la reorganitzaci\u00f3 dels seients en Tribuna Preferent podran triar la seua nova ubicaci\u00f3 La segona fase de la campanya d\u2019abonaments 22-23 del Villarreal CF comen\u00e7a aquest dilluns 1 d\u2019agost. Aquesta nova fase, el termini de la qual es remet \u00fanicament als dies 1 i 2 d\u2019agost, est\u00e0 dirigida EXCLUSIVAMENT als ABONATS AFECTATS per la reorganitzaci\u00f3 de butaques en la nova Tribuna Preferent. Aix\u00ed doncs, els adobaments situats en aquesta zona del camp podran triar el seu nou seient en aquest termini de dos dies. L\u2019afici\u00f3 ha superat les expectatives despr\u00e9s de finalitzar la primera fase de la campanya d\u2019abonaments de cara a aquesta temporada tan especial en la qual celebrarem el centenari del nostre club i inaugurarem un Estadi de la Cer\u00e0mica renovat, a m\u00e9s de continuar gaudint del bon futbol en LaLiga, la Copa del Rey i la UEFA Conference League. A m\u00e9s de les tres competicions anteriors, cal recordar que amb l\u2019abonament els aficionats del Villarreal CF podran gaudir al seu torn dels partits del Villarreal B en LaLiga SmartBank i dels xocs del Villarreal Femen\u00ed en la Primera Iberdrola, sent l\u2019\u00fanic equip a Espanya amb els seus tres equips en les m\u00e0ximes categories possibles. Els abonats grocs poden reubicar la seua butaca de manera f\u00edsica en el Gran Casino de Vila-real i les Oficines del TAU Castell\u00f3 a Castell\u00f3 de la Plana. Finalment, la tercera fase donar\u00e0 principi dimecres que ve 3 d\u2019agost, quan el club obrir\u00e0 el termini per a les NOVES ALTES i es continuar\u00e0 amb les renovacions i canvis de localitat. Aix\u00ed mateix, cal destacar que en la present temporada no hi haur\u00e0 una nova campanya d\u2019abonaments per a la segona volta, sin\u00f3 que es mantindran els preus actuals per a les noves altes. Uneix-te a \u2018El fil groguet\u2019! Pots consultar m\u00e9s informaci\u00f3 sobre la campanya d\u2019abonaments punxant ac\u00ed.","headings":[],"texts":[{"type":"paragraph","text":"Els abonats afectats per la reorganitzaci\u00f3 dels seients en Tribuna Preferent podran triar la seua nova ubicaci\u00f3"},{"type":"paragraph","text":"La segona fase de la campanya d\u2019abonaments 22-23 del Villarreal CF comen\u00e7a aquest dilluns 1 d\u2019agost. Aquesta nova fase, el termini de la qual es remet \u00fanicament als dies 1 i 2 d\u2019agost, est\u00e0 dirigida EXCLUSIVAMENT als ABONATS AFECTATS per la reorganitzaci\u00f3 de butaques en la nova Tribuna Preferent. Aix\u00ed doncs, els adobaments situats en aquesta zona del camp podran triar el seu nou seient en aquest termini de dos dies."},{"type":"paragraph","text":"L\u2019afici\u00f3 ha superat les expectatives despr\u00e9s de finalitzar la primera fase de la campanya d\u2019abonaments de cara a aquesta temporada tan especial en la qual celebrarem el centenari del nostre club i inaugurarem un Estadi de la Cer\u00e0mica renovat, a m\u00e9s de continuar gaudint del bon futbol en LaLiga, la Copa del Rey i la UEFA Conference League."},{"type":"paragraph","text":"A m\u00e9s de les tres competicions anteriors, cal recordar que amb l\u2019abonament els aficionats del Villarreal CF podran gaudir al seu torn dels partits del Villarreal B en LaLiga SmartBank i dels xocs del Villarreal Femen\u00ed en la Primera Iberdrola, sent l\u2019\u00fanic equip a Espanya amb els seus tres equips en les m\u00e0ximes categories possibles."},{"type":"paragraph","text":"Els abonats grocs poden reubicar la seua butaca de manera f\u00edsica en el Gran Casino de Vila-real i les Oficines del TAU Castell\u00f3 a Castell\u00f3 de la Plana."},{"type":"paragraph","text":"Finalment, la tercera fase donar\u00e0 principi dimecres que ve 3 d\u2019agost, quan el club obrir\u00e0 el termini per a les NOVES ALTES i es continuar\u00e0 amb les renovacions i canvis de localitat. Aix\u00ed mateix, cal destacar que en la present temporada no hi haur\u00e0 una nova campanya d\u2019abonaments per a la segona volta, sin\u00f3 que es mantindran els preus actuals per a les noves altes."},{"type":"paragraph","text":"Uneix-te a \u2018El fil groguet\u2019! Pots consultar m\u00e9s informaci\u00f3 sobre la campanya d\u2019abonaments punxant ac\u00ed."}],"buttons":[],"images":[{"type":"image","url":"https:\/\/villarrealcf.es\/\/wp-content\/uploads\/2022\/07\/1c475272e388b7f5a2be5e27615f72e5.jpg","alt":"||||||","width":1653,"height":930,"srcset":"https:\/\/villarrealcf.es\/wp-content\/uploads\/2022\/07\/1c475272e388b7f5a2be5e27615f72e5.jpg 1653w, https:\/\/villarrealcf.es\/\/wp-content\/uploads\/2022\/07\/1c475272e388b7f5a2be5e27615f72e5.jpg 1920w, https:\/\/villarrealcf.es\/wp-content\/uploads\/2022\/07\/1c475272e388b7f5a2be5e27615f72e5-1024x576.jpg 1024w, https:\/\/villarrealcf.es\/\/wp-content\/uploads\/2022\/07\/1c475272e388b7f5a2be5e27615f72e5.jpg 1920w, https:\/\/villarrealcf.es\/wp-content\/uploads\/2022\/07\/1c475272e388b7f5a2be5e27615f72e5-1536x864.jpg 1536w, https:\/\/villarrealcf.es\/\/wp-content\/uploads\/2022\/07\/1c475272e388b7f5a2be5e27615f72e5.jpg 1920w, https:\/\/villarrealcf.es\/wp-content\/uploads\/2022\/07\/1c475272e388b7f5a2be5e27615f72e5-32x18.jpg 32w, https:\/\/villarrealcf.es\/wp-content\/uploads\/2022\/07\/1c475272e388b7f5a2be5e27615f72e5-150x84.jpg 150w, https:\/\/villarrealcf.es\/\/wp-content\/uploads\/2022\/07\/1c475272e388b7f5a2be5e27615f72e5.jpg 1920w, https:\/\/villarrealcf.es\/wp-content\/uploads\/2022\/07\/1c475272e388b7f5a2be5e27615f72e5-1200x675.jpg 1200w","sizes":"auto, (max-width: 1653px) 100vw, 1653px"}],"widgets":[],"blocks":[{"type":"image","url":"https:\/\/villarrealcf.es\/\/wp-content\/uploads\/2022\/07\/1c475272e388b7f5a2be5e27615f72e5.jpg","alt":"||||||","width":1653,"height":930,"srcset":"https:\/\/villarrealcf.es\/wp-content\/uploads\/2022\/07\/1c475272e388b7f5a2be5e27615f72e5.jpg 1653w, https:\/\/villarrealcf.es\/\/wp-content\/uploads\/2022\/07\/1c475272e388b7f5a2be5e27615f72e5.jpg 1920w, https:\/\/villarrealcf.es\/wp-content\/uploads\/2022\/07\/1c475272e388b7f5a2be5e27615f72e5-1024x576.jpg 1024w, https:\/\/villarrealcf.es\/\/wp-content\/uploads\/2022\/07\/1c475272e388b7f5a2be5e27615f72e5.jpg 1920w, https:\/\/villarrealcf.es\/wp-content\/uploads\/2022\/07\/1c475272e388b7f5a2be5e27615f72e5-1536x864.jpg 1536w, https:\/\/villarrealcf.es\/\/wp-content\/uploads\/2022\/07\/1c475272e388b7f5a2be5e27615f72e5.jpg 1920w, https:\/\/villarrealcf.es\/wp-content\/uploads\/2022\/07\/1c475272e388b7f5a2be5e27615f72e5-32x18.jpg 32w, https:\/\/villarrealcf.es\/wp-content\/uploads\/2022\/07\/1c475272e388b7f5a2be5e27615f72e5-150x84.jpg 150w, https:\/\/villarrealcf.es\/\/wp-content\/uploads\/2022\/07\/1c475272e388b7f5a2be5e27615f72e5.jpg 1920w, https:\/\/villarrealcf.es\/wp-content\/uploads\/2022\/07\/1c475272e388b7f5a2be5e27615f72e5-1200x675.jpg 1200w","sizes":"auto, (max-width: 1653px) 100vw, 1653px"},{"type":"paragraph","text":"Els abonats afectats per la reorganitzaci\u00f3 dels seients en Tribuna Preferent podran triar la seua nova ubicaci\u00f3"},{"type":"paragraph","text":"La segona fase de la campanya d\u2019abonaments 22-23 del Villarreal CF comen\u00e7a aquest dilluns 1 d\u2019agost. Aquesta nova fase, el termini de la qual es remet \u00fanicament als dies 1 i 2 d\u2019agost, est\u00e0 dirigida EXCLUSIVAMENT als ABONATS AFECTATS per la reorganitzaci\u00f3 de butaques en la nova Tribuna Preferent. Aix\u00ed doncs, els adobaments situats en aquesta zona del camp podran triar el seu nou seient en aquest termini de dos dies."},{"type":"paragraph","text":"L\u2019afici\u00f3 ha superat les expectatives despr\u00e9s de finalitzar la primera fase de la campanya d\u2019abonaments de cara a aquesta temporada tan especial en la qual celebrarem el centenari del nostre club i inaugurarem un Estadi de la Cer\u00e0mica renovat, a m\u00e9s de continuar gaudint del bon futbol en LaLiga, la Copa del Rey i la UEFA Conference League."},{"type":"paragraph","text":"A m\u00e9s de les tres competicions anteriors, cal recordar que amb l\u2019abonament els aficionats del Villarreal CF podran gaudir al seu torn dels partits del Villarreal B en LaLiga SmartBank i dels xocs del Villarreal Femen\u00ed en la Primera Iberdrola, sent l\u2019\u00fanic equip a Espanya amb els seus tres equips en les m\u00e0ximes categories possibles."},{"type":"paragraph","text":"Els abonats grocs poden reubicar la seua butaca de manera f\u00edsica en el Gran Casino de Vila-real i les Oficines del TAU Castell\u00f3 a Castell\u00f3 de la Plana."},{"type":"paragraph","text":"Finalment, la tercera fase donar\u00e0 principi dimecres que ve 3 d\u2019agost, quan el club obrir\u00e0 el termini per a les NOVES ALTES i es continuar\u00e0 amb les renovacions i canvis de localitat. Aix\u00ed mateix, cal destacar que en la present temporada no hi haur\u00e0 una nova campanya d\u2019abonaments per a la segona volta, sin\u00f3 que es mantindran els preus actuals per a les noves altes."},{"type":"paragraph","text":"Uneix-te a \u2018El fil groguet\u2019! Pots consultar m\u00e9s informaci\u00f3 sobre la campanya d\u2019abonaments punxant ac\u00ed."}]}},"sections":[{"id":"section-1","title":"","text":"Els abonats afectats per la reorganitzaci\u00f3 dels seients en Tribuna Preferent podran triar la seua nova ubicaci\u00f3 La segona fase de la campanya d\u2019abonaments 22-23 del Villarreal CF comen\u00e7a aquest dilluns 1 d\u2019agost. Aquesta nova fase, el termini de la qual es remet \u00fanicament als dies 1 i 2 d\u2019agost, est\u00e0 dirigida EXCLUSIVAMENT als ABONATS AFECTATS per la reorganitzaci\u00f3 de butaques en la nova Tribuna Preferent. Aix\u00ed doncs, els adobaments situats en aquesta zona del camp podran triar el seu nou seient en aquest termini de dos dies. L\u2019afici\u00f3 ha superat les expectatives despr\u00e9s de finalitzar la primera fase de la campanya d\u2019abonaments de cara a aquesta temporada tan especial en la qual celebrarem el centenari del nostre club i inaugurarem un Estadi de la Cer\u00e0mica renovat, a m\u00e9s de continuar gaudint del bon futbol en LaLiga, la Copa del Rey i la UEFA Conference League. A m\u00e9s de les tres competicions anteriors, cal recordar que amb l\u2019abonament els aficionats del Villarreal CF podran gaudir al seu torn dels partits del Villarreal B en LaLiga SmartBank i dels xocs del Villarreal Femen\u00ed en la Primera Iberdrola, sent l\u2019\u00fanic equip a Espanya amb els seus tres equips en les m\u00e0ximes categories possibles. Els abonats grocs poden reubicar la seua butaca de manera f\u00edsica en el Gran Casino de Vila-real i les Oficines del TAU Castell\u00f3 a Castell\u00f3 de la Plana. Finalment, la tercera fase donar\u00e0 principi dimecres que ve 3 d\u2019agost, quan el club obrir\u00e0 el termini per a les NOVES ALTES i es continuar\u00e0 amb les renovacions i canvis de localitat. Aix\u00ed mateix, cal destacar que en la present temporada no hi haur\u00e0 una nova campanya d\u2019abonaments per a la segona volta, sin\u00f3 que es mantindran els preus actuals per a les noves altes. Uneix-te a \u2018El fil groguet\u2019! Pots consultar m\u00e9s informaci\u00f3 sobre la campanya d\u2019abonaments punxant ac\u00ed.","url":"","background_image":"","images":[{"type":"image","url":"https:\/\/villarrealcf.es\/\/wp-content\/uploads\/2022\/07\/1c475272e388b7f5a2be5e27615f72e5.jpg","alt":"||||||","width":1653,"height":930,"srcset":"https:\/\/villarrealcf.es\/wp-content\/uploads\/2022\/07\/1c475272e388b7f5a2be5e27615f72e5.jpg 1653w, https:\/\/villarrealcf.es\/\/wp-content\/uploads\/2022\/07\/1c475272e388b7f5a2be5e27615f72e5.jpg 1920w, https:\/\/villarrealcf.es\/wp-content\/uploads\/2022\/07\/1c475272e388b7f5a2be5e27615f72e5-1024x576.jpg 1024w, https:\/\/villarrealcf.es\/\/wp-content\/uploads\/2022\/07\/1c475272e388b7f5a2be5e27615f72e5.jpg 1920w, https:\/\/villarrealcf.es\/wp-content\/uploads\/2022\/07\/1c475272e388b7f5a2be5e27615f72e5-1536x864.jpg 1536w, https:\/\/villarrealcf.es\/\/wp-content\/uploads\/2022\/07\/1c475272e388b7f5a2be5e27615f72e5.jpg 1920w, https:\/\/villarrealcf.es\/wp-content\/uploads\/2022\/07\/1c475272e388b7f5a2be5e27615f72e5-32x18.jpg 32w, https:\/\/villarrealcf.es\/wp-content\/uploads\/2022\/07\/1c475272e388b7f5a2be5e27615f72e5-150x84.jpg 150w, https:\/\/villarrealcf.es\/\/wp-content\/uploads\/2022\/07\/1c475272e388b7f5a2be5e27615f72e5.jpg 1920w, https:\/\/villarrealcf.es\/wp-content\/uploads\/2022\/07\/1c475272e388b7f5a2be5e27615f72e5-1200x675.jpg 1200w","sizes":"auto, (max-width: 1653px) 100vw, 1653px"}],"videos":[],"links":[]},{"id":"shortcode-caption-69f0744ba5094","type":"shortcode","shortcode":"caption","attributes":{"id":"attachment_186742","align":"alignnone","width":""},"title":"Caption","rendered":"","data":[],"text":"","url":"","background_image":"","images":[],"videos":[],"links":[],"blocks":[]}]},"excerpt":{"rendered":"Els abonats afectats per la reorganitzaci\u00f3 dels seients en Tribuna Preferent podran triar la seua nova ubicaci\u00f3","protected":false},"author":1,"featured_media":186742,"comment_status":"","ping_status":"","sticky":false,"template":"","format":"standard","meta":{"_acf_changed":false,"footnotes":""},"categories":[4854],"tags":[12554,12556,10017,11429,9270,9627,9203],"acf":null,"lang":"val","translations":{"val":224493},"essential_grid":{"has_grid":false},"formatted_date":"July 31, 2022","modified_date":"July 31, 2022","permalink":"https:\/\/villarrealcf.es\/val\/la-segona-fase-de-la-campanya-d-abonaments-comenca-aquest-dilluns\/","reading_time":2,"featured_media_data":{"id":186742,"title":"||||||","caption":"||||||","alt_text":"","description":"","mime_type":"image\/jpeg","source_url":"https:\/\/villarrealcf.es\/wp-content\/uploads\/2022\/07\/1c475272e388b7f5a2be5e27615f72e5.jpg","sizes":{"thumbnail":{"url":"https:\/\/villarrealcf.es\/wp-content\/uploads\/2022\/07\/1c475272e388b7f5a2be5e27615f72e5-150x150.jpg","width":150,"height":150},"medium":{"url":"https:\/\/villarrealcf.es\/wp-content\/uploads\/2022\/07\/1c475272e388b7f5a2be5e27615f72e5-300x169.jpg","width":300,"height":169},"medium_large":{"url":"https:\/\/villarrealcf.es\/wp-content\/uploads\/2022\/07\/1c475272e388b7f5a2be5e27615f72e5-768x432.jpg","width":768,"height":432},"large":{"url":"https:\/\/villarrealcf.es\/wp-content\/uploads\/2022\/07\/1c475272e388b7f5a2be5e27615f72e5-1024x576.jpg","width":788,"height":443},"1536x1536":{"url":"https:\/\/villarrealcf.es\/wp-content\/uploads\/2022\/07\/1c475272e388b7f5a2be5e27615f72e5-1536x864.jpg","width":1536,"height":864},"2048x2048":{"url":"https:\/\/villarrealcf.es\/wp-content\/uploads\/2022\/07\/1c475272e388b7f5a2be5e27615f72e5.jpg","width":1653,"height":930},"tp-image-grid":{"url":"https:\/\/villarrealcf.es\/wp-content\/uploads\/2022\/07\/1c475272e388b7f5a2be5e27615f72e5-700x700.jpg","width":700,"height":700},"size-bunyad-medium":{"url":"https:\/\/villarrealcf.es\/wp-content\/uploads\/2022\/07\/1c475272e388b7f5a2be5e27615f72e5.jpg","width":1653,"height":930},"sportspress-crop-medium":{"url":"https:\/\/villarrealcf.es\/wp-content\/uploads\/2022\/07\/1c475272e388b7f5a2be5e27615f72e5-300x300.jpg","width":300,"height":300},"sportspress-fit-medium":{"url":"https:\/\/villarrealcf.es\/wp-content\/uploads\/2022\/07\/1c475272e388b7f5a2be5e27615f72e5-300x169.jpg","width":300,"height":169},"sportspress-fit-icon":{"url":"https:\/\/villarrealcf.es\/wp-content\/uploads\/2022\/07\/1c475272e388b7f5a2be5e27615f72e5-128x72.jpg","width":128,"height":72},"sportspress-fit-mini":{"url":"https:\/\/villarrealcf.es\/wp-content\/uploads\/2022\/07\/1c475272e388b7f5a2be5e27615f72e5-32x18.jpg","width":32,"height":18},"bunyad-small":{"url":"https:\/\/villarrealcf.es\/wp-content\/uploads\/2022\/07\/1c475272e388b7f5a2be5e27615f72e5-150x84.jpg","width":150,"height":84},"bunyad-medium":{"url":"https:\/\/villarrealcf.es\/wp-content\/uploads\/2022\/07\/1c475272e388b7f5a2be5e27615f72e5-450x253.jpg","width":450,"height":253},"bunyad-full":{"url":"https:\/\/villarrealcf.es\/wp-content\/uploads\/2022\/07\/1c475272e388b7f5a2be5e27615f72e5-1200x675.jpg","width":1200,"height":675},"bunyad-viewport":{"url":"https:\/\/villarrealcf.es\/wp-content\/uploads\/2022\/07\/1c475272e388b7f5a2be5e27615f72e5.jpg","width":1653,"height":930},"bunyad-768":{"url":"https:\/\/villarrealcf.es\/wp-content\/uploads\/2022\/07\/1c475272e388b7f5a2be5e27615f72e5-768x432.jpg","width":768,"height":432},"full":{"url":"https:\/\/villarrealcf.es\/wp-content\/uploads\/2022\/07\/1c475272e388b7f5a2be5e27615f72e5.jpg","width":1653,"height":930}}},"author_data":{"id":"1","name":"root_envidea","first_name":"Villarreal CF","last_name":"","description":"","avatar_url":"https:\/\/secure.gravatar.com\/avatar\/48f95f42a3ccc324f3a3458e4b9e6fb070b083e99d388e170c1afb061fa99b63?s=96&d=mm&r=g","acf":null},"taxonomies_data":{"category":[{"id":4854,"name":"Noticies Generals","slug":"noticies-generals","acf":null}],"post_tag":[{"id":12554,"name":"#Football","slug":"football-val","acf":null},{"id":12556,"name":"#Soccer","slug":"soccer-val","acf":null},{"id":10017,"name":"Campa\u00f1a de Abonos","slug":"campana-de-abonos-val","acf":null},{"id":11429,"name":"Estadio de la Cer\u00e1mica","slug":"estadio-de-la-ceramica-val","acf":null},{"id":9270,"name":"Futbol","slug":"futbol-val","acf":null},{"id":9627,"name":"Submarino Amarillo","slug":"submarino-amarillo-val","acf":null},{"id":9203,"name":"Villarreal CF","slug":"villarreal-cf-val","acf":null}],"translation_priority":[{"id":735,"name":"Optional","slug":"optional-val","acf":null}]},"seo_full":{"native":{"title":"La segona fase de la campanya d&#8217;abonaments comen\u00e7a aquest dilluns - Web Oficial del Villarreal CF","description":"[caption id=\"attachment_186742\" align=\"alignnone\" width=\"\"]||||||[\/caption]Els abonats afectats per la reorganitzaci\u00f3 dels seients en Tribuna Preferent podran triar la seua nova ubicaci\u00f3&hellip;","canonical":"https:\/\/villarrealcf.es\/val\/la-segona-fase-de-la-campanya-d-abonaments-comenca-aquest-dilluns\/"}},"_links":{"self":[{"href":"https:\/\/villarrealcf.es\/val\/wp-json\/wp\/v2\/posts\/224493","targetHints":{"allow":["GET"]}}],"collection":[{"href":"https:\/\/villarrealcf.es\/val\/wp-json\/wp\/v2\/posts"}],"about":[{"href":"https:\/\/villarrealcf.es\/val\/wp-json\/wp\/v2\/types\/post"}],"author":[{"embeddable":true,"href":"https:\/\/villarrealcf.es\/val\/wp-json\/wp\/v2\/users\/1"}],"replies":[{"embeddable":true,"href":"https:\/\/villarrealcf.es\/val\/wp-json\/wp\/v2\/comments?post=224493"}],"version-history":[{"count":0,"href":"https:\/\/villarrealcf.es\/val\/wp-json\/wp\/v2\/posts\/224493\/revisions"}],"wp:featuredmedia":[{"embeddable":true,"href":"https:\/\/villarrealcf.es\/val\/wp-json\/wp\/v2\/media\/186742"}],"wp:attachment":[{"href":"https:\/\/villarrealcf.es\/val\/wp-json\/wp\/v2\/media?parent=224493"}],"wp:term":[{"taxonomy":"category","embeddable":true,"href":"https:\/\/villarrealcf.es\/val\/wp-json\/wp\/v2\/categories?post=224493"},{"taxonomy":"post_tag","embeddable":true,"href":"https:\/\/villarrealcf.es\/val\/wp-json\/wp\/v2\/tags?post=224493"}],"curies":[{"name":"wp","href":"https:\/\/api.w.org\/{rel}","templated":true}]}}